{"id":11926,"date":"2018-12-17T14:38:56","date_gmt":"2018-12-17T13:38:56","guid":{"rendered":"https:\/\/marekkuchcinski.pl\/?p=11926"},"modified":"2018-12-17T16:28:33","modified_gmt":"2018-12-17T15:28:33","slug":"ostatnie-pozegnanie-posel-jolanty-szczypinskiej","status":"publish","type":"post","link":"https:\/\/marekkuchcinski.pl\/hu\/wydarzenia\/ostatnie-pozegnanie-posel-jolanty-szczypinskiej\/","title":{"rendered":"Utols\u00f3 b\u00facs\u00fa Jolanta Szczypi\u00f1sk\u00e1t\u00f3l"},"content":{"rendered":"<p><strong>Az eln\u00f6k, a szejm marsallja, a szen\u00e1tus marsallja, a minisztereln\u00f6k, parlamenti k\u00e9pvisel\u0151k \u00e9s miniszterek k\u00eds\u00e9rt\u00e9k utols\u00f3 \u00fatj\u00e1ra Jolanta Szczypi\u00f1sk\u00e1t, a lengyel parlament k\u00e9pvisel\u0151j\u00e9t. A temet\u00e9si \u00fcnneps\u00e9gek a s\u0142upszki Szent M\u00e1ria-templomban tartott szentmis\u00e9vel kezd\u0151dtek, amelyen Andrzej Duda \u00e9s Jaros\u0142aw Kaczy\u0144ski eln\u00f6k b\u00facs\u00fat vett koll\u00e9g\u00e1j\u00e1t\u00f3l \u00e9s bar\u00e1tj\u00e1t\u00f3l.<\/strong><\/p>\n<p><em>- Kedves Jola (...) Szczypi\u0144ska asszony, egyszer\u0171en csak Jola volt. \u00c1pol\u00f3n\u0151 volt, akinek az volt a hivat\u00e1sa, hogy m\u00e1sokon teljesen seg\u00edtsen. A felebar\u00e1tj\u00e1t \u00e9s Istent szolg\u00e1lta, Lengyelorsz\u00e1g, \u00edgy volt \u0151 mindv\u00e9gig. Soha nem f\u00e9lt, sem a Szolidarit\u00e1sban, sem a betegs\u00e9ggel szemben. K\u00f6sz\u00f6n\u00f6m Jol\u00e1nak a gy\u00f6ny\u00f6r\u0171 \u00e9let\u00e9t \u00e9s azt, amit Lengyelorsz\u00e1g\u00e9rt tett.\u00a0<\/em>Andrzej Duda eln\u00f6k kijelentette.<\/p>\n<p><em>- Nagy szomor\u00fas\u00e1ggal b\u00facs\u00fazom Jolanta Szczypi\u0144sk\u00e1t\u00f3l, a Parlament r\u00e9gi tagj\u00e1t\u00f3l \u00e9s a Jog \u00e9s Igazs\u00e1goss\u00e1g (PiS) klub aleln\u00f6k\u00e9t\u0151l. Sokunknak, k\u00f6zt\u00fck nekem is, bar\u00e1tunk volt Jola. Nem hagyta, hogy az \u00e9let\u00e9t a sz\u00e1rmaz\u00e1si helye \u00e9s a t\u00e1rsadalmi st\u00e1tusza hat\u00e1rozza meg. \u00dagy d\u00f6nt\u00f6tt, hogy az igazs\u00e1g\u00e9rt \u00e9s a j\u00f3s\u00e1g\u00e9rt harcol. Hogy Lengyelorsz\u00e1g szabad legyen. Jola kiv\u00e9teles ember volt, aki a kedvess\u00e9g\u00e9vel sok mindenre volt k\u00e9pes.  Amikor s\u00falyos beteg volt, vonattal utazott, \u00e9jszaka \u00e1tsz\u00e1llva, hogy megl\u00e1togassa haldokl\u00f3 bar\u00e1tj\u00e1t, aki arra k\u00e9rte, hogy m\u00e9g egyszer utolj\u00e1ra tal\u00e1lkozzon vele. Ilyen volt Jola is... Amikor nem volt mib\u0151l meg\u00e9lnie, gomb\u00e1t szedett, hogy t\u00fal\u00e9ljen. Vid\u00e1m, mosolyg\u00f3s ember volt, aki k\u00e9sz volt seg\u00edteni m\u00e1soknak, egy\u00fctt j\u00e1tszani, \u00f6r\u00fclni m\u00e1sokkal. \u00c9lete utols\u00f3 heteiben, utols\u00f3 besz\u00e9lget\u00e9s\u00e9ben is besz\u00e9lt t\u00e1rsadalmi k\u00e9rd\u00e9sekr\u0151l, a p\u00e1rtr\u00f3l.<\/em>\u00a0- mondta Jaros\u0142aw Kaczy\u0144ski, a Jog \u00e9s Igazs\u00e1goss\u00e1g p\u00e1rt eln\u00f6ke.<\/p>\n<p>Andrzej Duda k\u00f6zt\u00e1rsas\u00e1gi eln\u00f6k posztumusz a Polonia Restituta Rend parancsnoki keresztj\u00e9vel t\u00fcntette ki Jolanta Szczypi\u00f1sk\u00e1t a k\u00f6z\u00e9letben \u00e9s az \u00e1llami tev\u00e9kenys\u00e9gben el\u00e9rt kiemelked\u0151 eredm\u00e9nyei\u00e9rt, valamint a lengyelorsz\u00e1gi demokratikus v\u00e1ltoz\u00e1sokhoz val\u00f3 hozz\u00e1j\u00e1rul\u00e1s\u00e1\u00e9rt.<\/p>\n<p>Jolanta Szczypi\u00f1ska a Szejm tagja volt a negyedik, \u00f6t\u00f6dik, hatodik, hetedik \u00e9s nyolcadik parlamenti ciklusban, a Jog \u00e9s Igazs\u00e1goss\u00e1g PC aleln\u00f6ke. 2018. december 8-\u00e1n hunyt el. 61 \u00e9ves volt. A szlupszki v\u00e1rosi temet\u0151ben l\u00e9v\u0151 csal\u00e1di s\u00edrba temett\u00e9k.<\/p>\n<p><em>Fot\u00f3: \u0141ukasz B\u0142asikiewicz\/ Sejm<\/em><br \/>\n<strong><a href=\"https:\/\/marekkuchcinski.pl\/wp-content\/uploads\/2018\/12\/LB1_5731_1-1.jpg\"><img fetchpriority=\"high\" decoding=\"async\" class=\"alignnone size-full wp-image-11934\" src=\"https:\/\/marekkuchcinski.pl\/wp-content\/uploads\/2018\/12\/LB1_5731_1-1.jpg\" alt=\"LB1_5731_1 (1)\" width=\"1188\" height=\"784\" srcset=\"https:\/\/marekkuchcinski.pl\/wp-content\/uploads\/2018\/12\/LB1_5731_1-1.jpg 1188w, https:\/\/marekkuchcinski.pl\/wp-content\/uploads\/2018\/12\/LB1_5731_1-1-300x198.jpg 300w, https:\/\/marekkuchcinski.pl\/wp-content\/uploads\/2018\/12\/LB1_5731_1-1-768x507.jpg 768w, https:\/\/marekkuchcinski.pl\/wp-content\/uploads\/2018\/12\/LB1_5731_1-1-1024x676.jpg 1024w\" sizes=\"(max-width: 1188px) 100vw, 1188px\" \/><\/a><a href=\"https:\/\/marekkuchcinski.pl\/wp-content\/uploads\/2018\/12\/LB1_5711.jpg\"><img decoding=\"async\" class=\"alignnone size-full wp-image-11935\" src=\"https:\/\/marekkuchcinski.pl\/wp-content\/uploads\/2018\/12\/LB1_5711.jpg\" alt=\"LB1_5711\" width=\"1620\" height=\"1080\" srcset=\"https:\/\/marekkuchcinski.pl\/wp-content\/uploads\/2018\/12\/LB1_5711.jpg 1620w, https:\/\/marekkuchcinski.pl\/wp-content\/uploads\/2018\/12\/LB1_5711-300x200.jpg 300w, https:\/\/marekkuchcinski.pl\/wp-content\/uploads\/2018\/12\/LB1_5711-768x512.jpg 768w, https:\/\/marekkuchcinski.pl\/wp-content\/uploads\/2018\/12\/LB1_5711-1024x683.jpg 1024w\" sizes=\"(max-width: 1620px) 100vw, 1620px\" \/><\/a> <\/strong><strong><a href=\"https:\/\/marekkuchcinski.pl\/wp-content\/uploads\/2018\/12\/LB1_5723.jpg\"><img decoding=\"async\" class=\"alignnone size-full wp-image-11960\" src=\"https:\/\/marekkuchcinski.pl\/wp-content\/uploads\/2018\/12\/LB1_5723.jpg\" alt=\"LB1_5723\" width=\"1620\" height=\"1080\" srcset=\"https:\/\/marekkuchcinski.pl\/wp-content\/uploads\/2018\/12\/LB1_5723.jpg 1620w, https:\/\/marekkuchcinski.pl\/wp-content\/uploads\/2018\/12\/LB1_5723-300x200.jpg 300w, https:\/\/marekkuchcinski.pl\/wp-content\/uploads\/2018\/12\/LB1_5723-768x512.jpg 768w, https:\/\/marekkuchcinski.pl\/wp-content\/uploads\/2018\/12\/LB1_5723-1024x683.jpg 1024w\" sizes=\"(max-width: 1620px) 100vw, 1620px\" \/><\/a><a href=\"https:\/\/marekkuchcinski.pl\/wp-content\/uploads\/2018\/12\/LB1_5894.jpg\"><img loading=\"lazy\" decoding=\"async\" class=\"alignnone size-full wp-image-11954\" src=\"https:\/\/marekkuchcinski.pl\/wp-content\/uploads\/2018\/12\/LB1_5894.jpg\" alt=\"LB1_5894\" width=\"1620\" height=\"1080\" srcset=\"https:\/\/marekkuchcinski.pl\/wp-content\/uploads\/2018\/12\/LB1_5894.jpg 1620w, https:\/\/marekkuchcinski.pl\/wp-content\/uploads\/2018\/12\/LB1_5894-300x200.jpg 300w, https:\/\/marekkuchcinski.pl\/wp-content\/uploads\/2018\/12\/LB1_5894-768x512.jpg 768w, https:\/\/marekkuchcinski.pl\/wp-content\/uploads\/2018\/12\/LB1_5894-1024x683.jpg 1024w\" sizes=\"(max-width: 1620px) 100vw, 1620px\" \/><\/a> <\/strong> <a href=\"https:\/\/marekkuchcinski.pl\/wp-content\/uploads\/2018\/12\/LB1_5991.jpg\"><img loading=\"lazy\" decoding=\"async\" class=\"alignnone size-full wp-image-11961\" src=\"https:\/\/marekkuchcinski.pl\/wp-content\/uploads\/2018\/12\/LB1_5991.jpg\" alt=\"LB1_5991\" width=\"1620\" height=\"1080\" srcset=\"https:\/\/marekkuchcinski.pl\/wp-content\/uploads\/2018\/12\/LB1_5991.jpg 1620w, https:\/\/marekkuchcinski.pl\/wp-content\/uploads\/2018\/12\/LB1_5991-300x200.jpg 300w, https:\/\/marekkuchcinski.pl\/wp-content\/uploads\/2018\/12\/LB1_5991-768x512.jpg 768w, https:\/\/marekkuchcinski.pl\/wp-content\/uploads\/2018\/12\/LB1_5991-1024x683.jpg 1024w\" sizes=\"(max-width: 1620px) 100vw, 1620px\" \/><\/a><\/p>","protected":false},"excerpt":{"rendered":"<p>Prezydent, marsza\u0142ek Sejmu, marsza\u0142ek Senatu, premier, parlamentarzy\u015bci i ministrowie towarzyszyli w ostatniej drodze pos\u0142ance\u00a0na Sejm RP Jolancie\u00a0Szczypi\u0144skiej. Uroczysto\u015bci pogrzebowe rozpocz\u0119\u0142a\u00a0msza \u015bwi\u0119ta\u00a0w ko\u015bciele Mariackim w S\u0142upsku, w czasie kt\u00f3rej kole\u017cank\u0119 z pracy i przyjaci\u00f3\u0142k\u0119 \u017cegnali m.in. prezydent Andrzej Duda i prezes Jaros\u0142aw Kaczy\u0144ski. &#8211; Droga Jolu (&#8230;) Pani pose\u0142 Szczypi\u0144ska, by\u0142a po prostu Jol\u0105. By\u0142a piel\u0119gniark\u0105 [&hellip;]<\/p>","protected":false},"author":6,"featured_media":11934,"comment_status":"open","ping_status":"open","sticky":false,"template":"","format":"standard","meta":{"ngg_post_thumbnail":0,"footnotes":""},"categories":[82,3],"tags":[],"class_list":["post-11926","post","type-post","status-publish","format-standard","has-post-thumbnail","hentry","category-prawo-i-sprawiedliwosc","category-wydarzenia"],"yoast_head":"<!-- This site is optimized with the Yoast SEO plugin v24.7 - https:\/\/yoast.com\/wordpress\/plugins\/seo\/ -->\n<title>Ostatnie po\u017cegnanie pose\u0142 Jolanty Szczypi\u0144skiej &#8211; Marek Kuchci\u0144ski<\/title>\n<meta name=\"robots\" content=\"index, follow, max-snippet:-1, max-image-preview:large, max-video-preview:-1\" \/>\n<link rel=\"canonical\" href=\"https:\/\/marekkuchcinski.pl\/hu\/wydarzenia\/ostatnie-pozegnanie-posel-jolanty-szczypinskiej\/\" \/>\n<meta property=\"og:locale\" content=\"hu_HU\" \/>\n<meta property=\"og:type\" content=\"article\" \/>\n<meta property=\"og:title\" content=\"Ostatnie po\u017cegnanie pose\u0142 Jolanty Szczypi\u0144skiej &#8211; Marek Kuchci\u0144ski\" \/>\n<meta property=\"og:description\" content=\"Prezydent, marsza\u0142ek Sejmu, marsza\u0142ek Senatu, premier, parlamentarzy\u015bci i ministrowie towarzyszyli w ostatniej drodze pos\u0142ance\u00a0na Sejm RP Jolancie\u00a0Szczypi\u0144skiej. Uroczysto\u015bci pogrzebowe rozpocz\u0119\u0142a\u00a0msza \u015bwi\u0119ta\u00a0w ko\u015bciele Mariackim w S\u0142upsku, w czasie kt\u00f3rej kole\u017cank\u0119 z pracy i przyjaci\u00f3\u0142k\u0119 \u017cegnali m.in. prezydent Andrzej Duda i prezes Jaros\u0142aw Kaczy\u0144ski. &#8211; Droga Jolu (&#8230;) Pani pose\u0142 Szczypi\u0144ska, by\u0142a po prostu Jol\u0105. By\u0142a piel\u0119gniark\u0105 [&hellip;]\" \/>\n<meta property=\"og:url\" content=\"https:\/\/marekkuchcinski.pl\/hu\/wydarzenia\/ostatnie-pozegnanie-posel-jolanty-szczypinskiej\/\" \/>\n<meta property=\"og:site_name\" content=\"Marek Kuchci\u0144ski\" \/>\n<meta property=\"article:published_time\" content=\"2018-12-17T13:38:56+00:00\" \/>\n<meta property=\"article:modified_time\" content=\"2018-12-17T15:28:33+00:00\" \/>\n<meta property=\"og:image\" content=\"https:\/\/marekkuchcinski.pl\/wp-content\/uploads\/2018\/12\/LB1_5731_1-1.jpg\" \/>\n\t<meta property=\"og:image:width\" content=\"1188\" \/>\n\t<meta property=\"og:image:height\" content=\"784\" \/>\n\t<meta property=\"og:image:type\" content=\"image\/jpeg\" \/>\n<meta name=\"author\" content=\"admin\" \/>\n<meta name=\"twitter:card\" content=\"summary_large_image\" \/>\n<meta name=\"twitter:label1\" content=\"Szerz\u0151:\" \/>\n\t<meta name=\"twitter:data1\" content=\"admin\" \/>\n\t<meta name=\"twitter:label2\" content=\"Becs\u00fclt olvas\u00e1si id\u0151\" \/>\n\t<meta name=\"twitter:data2\" content=\"2 perc\" \/>\n<script type=\"application\/ld+json\" class=\"yoast-schema-graph\">{\"@context\":\"https:\/\/schema.org\",\"@graph\":[{\"@type\":\"Article\",\"@id\":\"https:\/\/marekkuchcinski.pl\/en\/wydarzenia\/ostatnie-pozegnanie-posel-jolanty-szczypinskiej\/#article\",\"isPartOf\":{\"@id\":\"https:\/\/marekkuchcinski.pl\/en\/wydarzenia\/ostatnie-pozegnanie-posel-jolanty-szczypinskiej\/\"},\"author\":{\"name\":\"admin\",\"@id\":\"https:\/\/marekkuchcinski.pl\/#\/schema\/person\/6f62700996b4d950b6ea2d1183b6c6be\"},\"headline\":\"Ostatnie po\u017cegnanie pose\u0142 Jolanty Szczypi\u0144skiej\",\"datePublished\":\"2018-12-17T13:38:56+00:00\",\"dateModified\":\"2018-12-17T15:28:33+00:00\",\"mainEntityOfPage\":{\"@id\":\"https:\/\/marekkuchcinski.pl\/en\/wydarzenia\/ostatnie-pozegnanie-posel-jolanty-szczypinskiej\/\"},\"wordCount\":408,\"commentCount\":0,\"publisher\":{\"@id\":\"https:\/\/marekkuchcinski.pl\/#organization\"},\"image\":{\"@id\":\"https:\/\/marekkuchcinski.pl\/en\/wydarzenia\/ostatnie-pozegnanie-posel-jolanty-szczypinskiej\/#primaryimage\"},\"thumbnailUrl\":\"https:\/\/marekkuchcinski.pl\/wp-content\/uploads\/2018\/12\/LB1_5731_1-1.jpg\",\"articleSection\":[\"Prawo i Sprawiedliwo\u015b\u0107\",\"Wydarzenia\"],\"inLanguage\":\"hu\",\"potentialAction\":[{\"@type\":\"CommentAction\",\"name\":\"Comment\",\"target\":[\"https:\/\/marekkuchcinski.pl\/en\/wydarzenia\/ostatnie-pozegnanie-posel-jolanty-szczypinskiej\/#respond\"]}]},{\"@type\":\"WebPage\",\"@id\":\"https:\/\/marekkuchcinski.pl\/en\/wydarzenia\/ostatnie-pozegnanie-posel-jolanty-szczypinskiej\/\",\"url\":\"https:\/\/marekkuchcinski.pl\/en\/wydarzenia\/ostatnie-pozegnanie-posel-jolanty-szczypinskiej\/\",\"name\":\"Ostatnie po\u017cegnanie pose\u0142 Jolanty Szczypi\u0144skiej &#8211; Marek Kuchci\u0144ski\",\"isPartOf\":{\"@id\":\"https:\/\/marekkuchcinski.pl\/#website\"},\"primaryImageOfPage\":{\"@id\":\"https:\/\/marekkuchcinski.pl\/en\/wydarzenia\/ostatnie-pozegnanie-posel-jolanty-szczypinskiej\/#primaryimage\"},\"image\":{\"@id\":\"https:\/\/marekkuchcinski.pl\/en\/wydarzenia\/ostatnie-pozegnanie-posel-jolanty-szczypinskiej\/#primaryimage\"},\"thumbnailUrl\":\"https:\/\/marekkuchcinski.pl\/wp-content\/uploads\/2018\/12\/LB1_5731_1-1.jpg\",\"datePublished\":\"2018-12-17T13:38:56+00:00\",\"dateModified\":\"2018-12-17T15:28:33+00:00\",\"breadcrumb\":{\"@id\":\"https:\/\/marekkuchcinski.pl\/en\/wydarzenia\/ostatnie-pozegnanie-posel-jolanty-szczypinskiej\/#breadcrumb\"},\"inLanguage\":\"hu\",\"potentialAction\":[{\"@type\":\"ReadAction\",\"target\":[\"https:\/\/marekkuchcinski.pl\/en\/wydarzenia\/ostatnie-pozegnanie-posel-jolanty-szczypinskiej\/\"]}]},{\"@type\":\"ImageObject\",\"inLanguage\":\"hu\",\"@id\":\"https:\/\/marekkuchcinski.pl\/en\/wydarzenia\/ostatnie-pozegnanie-posel-jolanty-szczypinskiej\/#primaryimage\",\"url\":\"https:\/\/marekkuchcinski.pl\/wp-content\/uploads\/2018\/12\/LB1_5731_1-1.jpg\",\"contentUrl\":\"https:\/\/marekkuchcinski.pl\/wp-content\/uploads\/2018\/12\/LB1_5731_1-1.jpg\",\"width\":1188,\"height\":784},{\"@type\":\"BreadcrumbList\",\"@id\":\"https:\/\/marekkuchcinski.pl\/en\/wydarzenia\/ostatnie-pozegnanie-posel-jolanty-szczypinskiej\/#breadcrumb\",\"itemListElement\":[{\"@type\":\"ListItem\",\"position\":1,\"name\":\"Strona g\u0142\u00f3wna\",\"item\":\"https:\/\/marekkuchcinski.pl\/\"},{\"@type\":\"ListItem\",\"position\":2,\"name\":\"Ostatnie po\u017cegnanie pose\u0142 Jolanty Szczypi\u0144skiej\"}]},{\"@type\":\"WebSite\",\"@id\":\"https:\/\/marekkuchcinski.pl\/#website\",\"url\":\"https:\/\/marekkuchcinski.pl\/\",\"name\":\"Marek Kuchci\u0144ski\",\"description\":\"Pose\u0142 na sejm RP &ndash; okr\u0119g nr 22\",\"publisher\":{\"@id\":\"https:\/\/marekkuchcinski.pl\/#organization\"},\"potentialAction\":[{\"@type\":\"SearchAction\",\"target\":{\"@type\":\"EntryPoint\",\"urlTemplate\":\"https:\/\/marekkuchcinski.pl\/?s={search_term_string}\"},\"query-input\":{\"@type\":\"PropertyValueSpecification\",\"valueRequired\":true,\"valueName\":\"search_term_string\"}}],\"inLanguage\":\"hu\"},{\"@type\":\"Organization\",\"@id\":\"https:\/\/marekkuchcinski.pl\/#organization\",\"name\":\"Marek Kuchci\u0144ski\",\"url\":\"https:\/\/marekkuchcinski.pl\/\",\"logo\":{\"@type\":\"ImageObject\",\"inLanguage\":\"hu\",\"@id\":\"https:\/\/marekkuchcinski.pl\/#\/schema\/logo\/image\/\",\"url\":\"https:\/\/marekkuchcinski.pl\/wp-content\/uploads\/2022\/09\/Marek.jpg\",\"contentUrl\":\"https:\/\/marekkuchcinski.pl\/wp-content\/uploads\/2022\/09\/Marek.jpg\",\"width\":1600,\"height\":971,\"caption\":\"Marek Kuchci\u0144ski\"},\"image\":{\"@id\":\"https:\/\/marekkuchcinski.pl\/#\/schema\/logo\/image\/\"}},{\"@type\":\"Person\",\"@id\":\"https:\/\/marekkuchcinski.pl\/#\/schema\/person\/6f62700996b4d950b6ea2d1183b6c6be\",\"name\":\"admin\",\"image\":{\"@type\":\"ImageObject\",\"inLanguage\":\"hu\",\"@id\":\"https:\/\/marekkuchcinski.pl\/#\/schema\/person\/image\/\",\"url\":\"https:\/\/secure.gravatar.com\/avatar\/4bab693b9d55c3d6b52c0296a8765085?s=96&d=mm&r=g\",\"contentUrl\":\"https:\/\/secure.gravatar.com\/avatar\/4bab693b9d55c3d6b52c0296a8765085?s=96&d=mm&r=g\",\"caption\":\"admin\"},\"url\":\"https:\/\/marekkuchcinski.pl\/hu\/author\/marta-olejnik\/\"}]}<\/script>\n<!-- \/ Yoast SEO plugin. -->","yoast_head_json":{"title":"Ostatnie po\u017cegnanie pose\u0142 Jolanty Szczypi\u0144skiej &#8211; Marek Kuchci\u0144ski","robots":{"index":"index","follow":"follow","max-snippet":"max-snippet:-1","max-image-preview":"max-image-preview:large","max-video-preview":"max-video-preview:-1"},"canonical":"https:\/\/marekkuchcinski.pl\/hu\/wydarzenia\/ostatnie-pozegnanie-posel-jolanty-szczypinskiej\/","og_locale":"hu_HU","og_type":"article","og_title":"Ostatnie po\u017cegnanie pose\u0142 Jolanty Szczypi\u0144skiej &#8211; Marek Kuchci\u0144ski","og_description":"Prezydent, marsza\u0142ek Sejmu, marsza\u0142ek Senatu, premier, parlamentarzy\u015bci i ministrowie towarzyszyli w ostatniej drodze pos\u0142ance\u00a0na Sejm RP Jolancie\u00a0Szczypi\u0144skiej. Uroczysto\u015bci pogrzebowe rozpocz\u0119\u0142a\u00a0msza \u015bwi\u0119ta\u00a0w ko\u015bciele Mariackim w S\u0142upsku, w czasie kt\u00f3rej kole\u017cank\u0119 z pracy i przyjaci\u00f3\u0142k\u0119 \u017cegnali m.in. prezydent Andrzej Duda i prezes Jaros\u0142aw Kaczy\u0144ski. &#8211; Droga Jolu (&#8230;) Pani pose\u0142 Szczypi\u0144ska, by\u0142a po prostu Jol\u0105. By\u0142a piel\u0119gniark\u0105 [&hellip;]","og_url":"https:\/\/marekkuchcinski.pl\/hu\/wydarzenia\/ostatnie-pozegnanie-posel-jolanty-szczypinskiej\/","og_site_name":"Marek Kuchci\u0144ski","article_published_time":"2018-12-17T13:38:56+00:00","article_modified_time":"2018-12-17T15:28:33+00:00","og_image":[{"width":1188,"height":784,"url":"https:\/\/marekkuchcinski.pl\/wp-content\/uploads\/2018\/12\/LB1_5731_1-1.jpg","type":"image\/jpeg"}],"author":"admin","twitter_card":"summary_large_image","twitter_misc":{"Szerz\u0151:":"admin","Becs\u00fclt olvas\u00e1si id\u0151":"2 perc"},"schema":{"@context":"https:\/\/schema.org","@graph":[{"@type":"Article","@id":"https:\/\/marekkuchcinski.pl\/en\/wydarzenia\/ostatnie-pozegnanie-posel-jolanty-szczypinskiej\/#article","isPartOf":{"@id":"https:\/\/marekkuchcinski.pl\/en\/wydarzenia\/ostatnie-pozegnanie-posel-jolanty-szczypinskiej\/"},"author":{"name":"admin","@id":"https:\/\/marekkuchcinski.pl\/#\/schema\/person\/6f62700996b4d950b6ea2d1183b6c6be"},"headline":"Ostatnie po\u017cegnanie pose\u0142 Jolanty Szczypi\u0144skiej","datePublished":"2018-12-17T13:38:56+00:00","dateModified":"2018-12-17T15:28:33+00:00","mainEntityOfPage":{"@id":"https:\/\/marekkuchcinski.pl\/en\/wydarzenia\/ostatnie-pozegnanie-posel-jolanty-szczypinskiej\/"},"wordCount":408,"commentCount":0,"publisher":{"@id":"https:\/\/marekkuchcinski.pl\/#organization"},"image":{"@id":"https:\/\/marekkuchcinski.pl\/en\/wydarzenia\/ostatnie-pozegnanie-posel-jolanty-szczypinskiej\/#primaryimage"},"thumbnailUrl":"https:\/\/marekkuchcinski.pl\/wp-content\/uploads\/2018\/12\/LB1_5731_1-1.jpg","articleSection":["Prawo i Sprawiedliwo\u015b\u0107","Wydarzenia"],"inLanguage":"hu","potentialAction":[{"@type":"CommentAction","name":"Comment","target":["https:\/\/marekkuchcinski.pl\/en\/wydarzenia\/ostatnie-pozegnanie-posel-jolanty-szczypinskiej\/#respond"]}]},{"@type":"WebPage","@id":"https:\/\/marekkuchcinski.pl\/en\/wydarzenia\/ostatnie-pozegnanie-posel-jolanty-szczypinskiej\/","url":"https:\/\/marekkuchcinski.pl\/en\/wydarzenia\/ostatnie-pozegnanie-posel-jolanty-szczypinskiej\/","name":"Ostatnie po\u017cegnanie pose\u0142 Jolanty Szczypi\u0144skiej &#8211; Marek Kuchci\u0144ski","isPartOf":{"@id":"https:\/\/marekkuchcinski.pl\/#website"},"primaryImageOfPage":{"@id":"https:\/\/marekkuchcinski.pl\/en\/wydarzenia\/ostatnie-pozegnanie-posel-jolanty-szczypinskiej\/#primaryimage"},"image":{"@id":"https:\/\/marekkuchcinski.pl\/en\/wydarzenia\/ostatnie-pozegnanie-posel-jolanty-szczypinskiej\/#primaryimage"},"thumbnailUrl":"https:\/\/marekkuchcinski.pl\/wp-content\/uploads\/2018\/12\/LB1_5731_1-1.jpg","datePublished":"2018-12-17T13:38:56+00:00","dateModified":"2018-12-17T15:28:33+00:00","breadcrumb":{"@id":"https:\/\/marekkuchcinski.pl\/en\/wydarzenia\/ostatnie-pozegnanie-posel-jolanty-szczypinskiej\/#breadcrumb"},"inLanguage":"hu","potentialAction":[{"@type":"ReadAction","target":["https:\/\/marekkuchcinski.pl\/en\/wydarzenia\/ostatnie-pozegnanie-posel-jolanty-szczypinskiej\/"]}]},{"@type":"ImageObject","inLanguage":"hu","@id":"https:\/\/marekkuchcinski.pl\/en\/wydarzenia\/ostatnie-pozegnanie-posel-jolanty-szczypinskiej\/#primaryimage","url":"https:\/\/marekkuchcinski.pl\/wp-content\/uploads\/2018\/12\/LB1_5731_1-1.jpg","contentUrl":"https:\/\/marekkuchcinski.pl\/wp-content\/uploads\/2018\/12\/LB1_5731_1-1.jpg","width":1188,"height":784},{"@type":"BreadcrumbList","@id":"https:\/\/marekkuchcinski.pl\/en\/wydarzenia\/ostatnie-pozegnanie-posel-jolanty-szczypinskiej\/#breadcrumb","itemListElement":[{"@type":"ListItem","position":1,"name":"Strona g\u0142\u00f3wna","item":"https:\/\/marekkuchcinski.pl\/"},{"@type":"ListItem","position":2,"name":"Ostatnie po\u017cegnanie pose\u0142 Jolanty Szczypi\u0144skiej"}]},{"@type":"WebSite","@id":"https:\/\/marekkuchcinski.pl\/#website","url":"https:\/\/marekkuchcinski.pl\/","name":"Marek Kuchci\u0144ski","description":"Pose\u0142 na sejm RP &ndash; okr\u0119g nr 22","publisher":{"@id":"https:\/\/marekkuchcinski.pl\/#organization"},"potentialAction":[{"@type":"SearchAction","target":{"@type":"EntryPoint","urlTemplate":"https:\/\/marekkuchcinski.pl\/?s={search_term_string}"},"query-input":{"@type":"PropertyValueSpecification","valueRequired":true,"valueName":"search_term_string"}}],"inLanguage":"hu"},{"@type":"Organization","@id":"https:\/\/marekkuchcinski.pl\/#organization","name":"Marek Kuchci\u0144ski","url":"https:\/\/marekkuchcinski.pl\/","logo":{"@type":"ImageObject","inLanguage":"hu","@id":"https:\/\/marekkuchcinski.pl\/#\/schema\/logo\/image\/","url":"https:\/\/marekkuchcinski.pl\/wp-content\/uploads\/2022\/09\/Marek.jpg","contentUrl":"https:\/\/marekkuchcinski.pl\/wp-content\/uploads\/2022\/09\/Marek.jpg","width":1600,"height":971,"caption":"Marek Kuchci\u0144ski"},"image":{"@id":"https:\/\/marekkuchcinski.pl\/#\/schema\/logo\/image\/"}},{"@type":"Person","@id":"https:\/\/marekkuchcinski.pl\/#\/schema\/person\/6f62700996b4d950b6ea2d1183b6c6be","name":"admin","image":{"@type":"ImageObject","inLanguage":"hu","@id":"https:\/\/marekkuchcinski.pl\/#\/schema\/person\/image\/","url":"https:\/\/secure.gravatar.com\/avatar\/4bab693b9d55c3d6b52c0296a8765085?s=96&d=mm&r=g","contentUrl":"https:\/\/secure.gravatar.com\/avatar\/4bab693b9d55c3d6b52c0296a8765085?s=96&d=mm&r=g","caption":"admin"},"url":"https:\/\/marekkuchcinski.pl\/hu\/author\/marta-olejnik\/"}]}},"_links":{"self":[{"href":"https:\/\/marekkuchcinski.pl\/hu\/wp-json\/wp\/v2\/posts\/11926","targetHints":{"allow":["GET"]}}],"collection":[{"href":"https:\/\/marekkuchcinski.pl\/hu\/wp-json\/wp\/v2\/posts"}],"about":[{"href":"https:\/\/marekkuchcinski.pl\/hu\/wp-json\/wp\/v2\/types\/post"}],"author":[{"embeddable":true,"href":"https:\/\/marekkuchcinski.pl\/hu\/wp-json\/wp\/v2\/users\/6"}],"replies":[{"embeddable":true,"href":"https:\/\/marekkuchcinski.pl\/hu\/wp-json\/wp\/v2\/comments?post=11926"}],"version-history":[{"count":17,"href":"https:\/\/marekkuchcinski.pl\/hu\/wp-json\/wp\/v2\/posts\/11926\/revisions"}],"predecessor-version":[{"id":11965,"href":"https:\/\/marekkuchcinski.pl\/hu\/wp-json\/wp\/v2\/posts\/11926\/revisions\/11965"}],"wp:featuredmedia":[{"embeddable":true,"href":"https:\/\/marekkuchcinski.pl\/hu\/wp-json\/wp\/v2\/media\/11934"}],"wp:attachment":[{"href":"https:\/\/marekkuchcinski.pl\/hu\/wp-json\/wp\/v2\/media?parent=11926"}],"wp:term":[{"taxonomy":"category","embeddable":true,"href":"https:\/\/marekkuchcinski.pl\/hu\/wp-json\/wp\/v2\/categories?post=11926"},{"taxonomy":"post_tag","embeddable":true,"href":"https:\/\/marekkuchcinski.pl\/hu\/wp-json\/wp\/v2\/tags?post=11926"}],"curies":[{"name":"wp","href":"https:\/\/api.w.org\/{rel}","templated":true}]}}