{"id":11908,"date":"2018-12-17T10:10:42","date_gmt":"2018-12-17T09:10:42","guid":{"rendered":"https:\/\/marekkuchcinski.pl\/?p=11908"},"modified":"2018-12-17T19:15:49","modified_gmt":"2018-12-17T18:15:49","slug":"11908","status":"publish","type":"post","link":"https:\/\/marekkuchcinski.pl\/hu\/wydarzenia\/11908\/","title":{"rendered":"Kuchci\u0144ski '70 december\u00e9r\u0151l: Azokban a v\u00e9res napokban sz\u00fcletett meg a saj\u00e1t er\u0151nkbe \u00e9s a k\u00f6z\u00f6s lehet\u0151s\u00e9gekbe vetett hit. Volt egy szikra rem\u00e9ny is, hogy a kommunizmust le lehet gy\u0151zni."},"content":{"rendered":"<p dir=\"ltr\">1970. december 17-\u00e9n a hadsereg \u00e9s a rend\u0151rs\u00e9g t\u00fczet nyitott a gdyniai haj\u00f3gy\u00e1rba munk\u00e1ba indul\u00f3 munk\u00e1sokra.<\/p>\n<p dir=\"ltr\">Az utcai \u00f6sszecsap\u00e1sokban mintegy 5000 ember vett r\u00e9szt, t\u00f6bb sz\u00e1zan megs\u00e9r\u00fcltek \u00e9s 18-an meghaltak. Az esem\u00e9nyek szimb\u00f3luma a 18 \u00e9ves Zbyszek Godlewski, akit Gdyni\u00e1ban egy vas\u00fati viadukton l\u0151ttek agyon. A fi\u00fa holttest\u00e9t egy ajt\u00f3ra fektett\u00e9k, \u00e9s a v\u00e1ros utc\u00e1in kereszt\u00fcl a p\u00e1rth\u00e1zhoz vonultak vele, v\u00e9res feh\u00e9r-piros z\u00e1szl\u00f3t v\u00edve maga el\u0151tt.<\/p>\n<p dir=\"ltr\">A fekete cs\u00fct\u00f6rt\u00f6k a kor\u00e1bbi, december 14-i gdanski sztr\u00e1jkok ut\u00f3hat\u00e1sa volt, amelyeket az \u00e9lelmiszer\u00e1r-emel\u00e9sekr\u0151l sz\u00f3l\u00f3 h\u00edrek v\u00e1ltottak ki. K\u00e9t nappal k\u00e9s\u0151bb a hadsereg bevonult a H\u00e1romsz\u00e9kre, \u00e9s tankok \u00e9s p\u00e1nc\u00e9lozott szem\u00e9lysz\u00e1ll\u00edt\u00f3 j\u00e1rm\u0171vek jelentek meg az utc\u00e1kon. A Partium pacifik\u00e1l\u00e1s\u00e1ra ir\u00e1nyul\u00f3 akci\u00f3t vezetve a PZPR K\u00f6zponti Bizotts\u00e1ga Politikai Irod\u00e1j\u00e1nak tagja, Zenon Kliszko a gdanski haj\u00f3gy\u00e1rban kijelentette az igazgat\u00f3nak \u00e9s a p\u00e1rttagoknak: \"Ellenforradalommal \u00e1llunk szemben, \u00e9s nem sz\u00e1m\u00edt, hogy 200 vagy t\u00f6bb haj\u00f3gy\u00e1ri munk\u00e1s fog meghalni. A haj\u00f3gy\u00e1rat lebontjuk, \u00e9s a r\u00e9gi romjain \u00fajat \u00e9p\u00edt\u00fcnk\".<\/p>\n<p>A Szejm eln\u00f6ke, Marek Kuchci\u0144ski eml\u00e9keztetett arra, hogy <em>Az esem\u00e9nyek oka az igazs\u00e1gtalans\u00e1g \u00e9rz\u00e9se \u00e9s a kommunista diktat\u00far\u00e1val szembeni r\u00e9g\u00f3ta tart\u00f3 ellen\u00e1ll\u00e1s volt.<\/em><\/p>\n<p><em>A hatalmon l\u00e9v\u0151k a kommunistaellenes \u00e9rzelmek er\u0151s\u00f6d\u00e9s\u00e9t\u0151l tartva nem engedt\u00e9k, hogy a nagy felkel\u00e9s eml\u00e9k\u00e9t \u00e1polj\u00e1k. Ism\u00e9t l\u00e1bbal tiport\u00e1k a szabads\u00e1got \u00e9s az emberi m\u00e9lt\u00f3s\u00e1got.<\/em><\/p>\n<p dir=\"ltr\"><em>Azonban azokban a v\u00e9res napokban megsz\u00fcletett a hit a saj\u00e1t er\u0151nkbe \u00e9s k\u00f6z\u00f6s k\u00e9pess\u00e9geinkbe. A rem\u00e9ny szikr\u00e1ja is megvolt, hogy a kommunizmust le lehet gy\u0151zni. Az 1970. decemberi hagyom\u00e1ny identit\u00e1sunk fontos elem\u00e9v\u00e9 v\u00e1lt. A tengerparti esem\u00e9nyek n\u00e9lk\u00fcl ma nem lenne szabad \u00e9s f\u00fcggetlen Lengyelorsz\u00e1g.<\/em><\/p>\n<p dir=\"ltr\"><strong><span style=\"color: #000000;\"><a style=\"color: #000000;\" href=\"https:\/\/marekkuchcinski.pl\/wp-content\/uploads\/2018\/12\/Grudzien\u0301-70.pdf\">LIST<\/a><\/span><\/strong><\/p>\n<p dir=\"ltr\">Zbyszek Godlewski a \"Janek Wisniewski ballad\u00e1ja\" h\u0151se.<\/p>\n<p dir=\"ltr\" style=\"text-align: center;\">Grab\u00f3wkai fi\u00fak, Chylonia-i fi\u00fak<\/p>\n<p dir=\"ltr\" style=\"text-align: center;\">Ma a mil\u00edcia fegyvereket haszn\u00e1lt,<\/p>\n<p dir=\"ltr\" style=\"text-align: center;\">B\u00e1tran \u00e1lltunk, pontosan dobtunk.<\/p>\n<p dir=\"ltr\" style=\"text-align: center;\">Janek Wisniewski elesett.<\/p>\n<p dir=\"ltr\" style=\"text-align: center;\">Ne s\u00edrjatok any\u00e1k, ez nem a semmi\u00e9rt van.<\/p>\n<p dir=\"ltr\" style=\"text-align: center;\">A haj\u00f3gy\u00e1r f\u00f6l\u00f6tt egy fekete \u00edjjal ell\u00e1tott lobog\u00f3.<\/p>\n<p dir=\"ltr\" style=\"text-align: center;\">Keny\u00e9r\u00e9rt \u00e9s szabads\u00e1g\u00e9rt, \u00e9s egy \u00faj Lengyelorsz\u00e1g\u00e9rt<\/p>\n<p dir=\"ltr\" style=\"text-align: center;\">Janek Wisniewski elesett.<\/p>\n<p dir=\"ltr\"><a href=\"https:\/\/marekkuchcinski.pl\/wp-content\/uploads\/2018\/12\/ZG-70.jpg\"><img fetchpriority=\"high\" decoding=\"async\" class=\"alignnone size-full wp-image-11913\" src=\"https:\/\/marekkuchcinski.pl\/wp-content\/uploads\/2018\/12\/ZG-70.jpg\" alt=\"ZG 70\" width=\"578\" height=\"302\" srcset=\"https:\/\/marekkuchcinski.pl\/wp-content\/uploads\/2018\/12\/ZG-70.jpg 578w, https:\/\/marekkuchcinski.pl\/wp-content\/uploads\/2018\/12\/ZG-70-300x157.jpg 300w\" sizes=\"(max-width: 578px) 100vw, 578px\" \/><\/a><\/p>\n<p dir=\"ltr\">","protected":false},"excerpt":{"rendered":"<p>17 grudnia 1970 roku wojsko i milicja otworzy\u0142y ogie\u0144 do robotnik\u00f3w id\u0105cych do pracy do gdy\u0144skiej stoczni. W starciach ulicznych wzi\u0119\u0142o udzia\u0142 oko\u0142o 5 tysi\u0119cy os\u00f3b, by\u0142y setki rannych, zgin\u0119\u0142o 18. Symbolem tamtych wydarze\u0144 jest 18-letni Zbyszek Godlewski, kt\u00f3ry\u00a0zosta\u0142 zastrzelony na wiadukcie kolejowym w Gdyni. Cia\u0142o\u00a0ch\u0142opca u\u0142o\u017cono na drzwiach i maszerowano z nim ulicami miasta [&hellip;]<\/p>","protected":false},"author":6,"featured_media":11913,"comment_status":"open","ping_status":"open","sticky":false,"template":"","format":"standard","meta":{"ngg_post_thumbnail":0,"footnotes":""},"categories":[104,77,3],"tags":[],"class_list":["post-11908","post","type-post","status-publish","format-standard","has-post-thumbnail","hentry","category-lms","category-wazne-daty","category-wydarzenia"],"yoast_head":"<!-- This site is optimized with the Yoast SEO plugin v24.7 - https:\/\/yoast.com\/wordpress\/plugins\/seo\/ -->\n<title>Kuchci\u0144ski o grudniu &#039;70: W czasie tamtych krwawych dni zrodzi\u0142a si\u0119 wiara we w\u0142asne si\u0142y i wsp\u00f3lne mo\u017cliwo\u015bci. Pojawi\u0142a si\u0119 r\u00f3wnie\u017c iskra nadziei, \u017ce komunizm mo\u017cna pokona\u0107 &#8211; Marek Kuchci\u0144ski<\/title>\n<meta name=\"robots\" content=\"index, follow, max-snippet:-1, max-image-preview:large, max-video-preview:-1\" \/>\n<link rel=\"canonical\" href=\"https:\/\/marekkuchcinski.pl\/hu\/wydarzenia\/11908\/\" \/>\n<meta property=\"og:locale\" content=\"hu_HU\" \/>\n<meta property=\"og:type\" content=\"article\" \/>\n<meta property=\"og:title\" content=\"Kuchci\u0144ski o grudniu &#039;70: W czasie tamtych krwawych dni zrodzi\u0142a si\u0119 wiara we w\u0142asne si\u0142y i wsp\u00f3lne mo\u017cliwo\u015bci. Pojawi\u0142a si\u0119 r\u00f3wnie\u017c iskra nadziei, \u017ce komunizm mo\u017cna pokona\u0107 &#8211; Marek Kuchci\u0144ski\" \/>\n<meta property=\"og:description\" content=\"17 grudnia 1970 roku wojsko i milicja otworzy\u0142y ogie\u0144 do robotnik\u00f3w id\u0105cych do pracy do gdy\u0144skiej stoczni. W starciach ulicznych wzi\u0119\u0142o udzia\u0142 oko\u0142o 5 tysi\u0119cy os\u00f3b, by\u0142y setki rannych, zgin\u0119\u0142o 18. Symbolem tamtych wydarze\u0144 jest 18-letni Zbyszek Godlewski, kt\u00f3ry\u00a0zosta\u0142 zastrzelony na wiadukcie kolejowym w Gdyni. Cia\u0142o\u00a0ch\u0142opca u\u0142o\u017cono na drzwiach i maszerowano z nim ulicami miasta [&hellip;]\" \/>\n<meta property=\"og:url\" content=\"https:\/\/marekkuchcinski.pl\/hu\/wydarzenia\/11908\/\" \/>\n<meta property=\"og:site_name\" content=\"Marek Kuchci\u0144ski\" \/>\n<meta property=\"article:published_time\" content=\"2018-12-17T09:10:42+00:00\" \/>\n<meta property=\"article:modified_time\" content=\"2018-12-17T18:15:49+00:00\" \/>\n<meta property=\"og:image\" content=\"https:\/\/marekkuchcinski.pl\/wp-content\/uploads\/2018\/12\/ZG-70.jpg\" \/>\n\t<meta property=\"og:image:width\" content=\"578\" \/>\n\t<meta property=\"og:image:height\" content=\"302\" \/>\n\t<meta property=\"og:image:type\" content=\"image\/jpeg\" \/>\n<meta name=\"author\" content=\"admin\" \/>\n<meta name=\"twitter:card\" content=\"summary_large_image\" \/>\n<meta name=\"twitter:label1\" content=\"Szerz\u0151:\" \/>\n\t<meta name=\"twitter:data1\" content=\"admin\" \/>\n\t<meta name=\"twitter:label2\" content=\"Becs\u00fclt olvas\u00e1si id\u0151\" \/>\n\t<meta name=\"twitter:data2\" content=\"2 perc\" \/>\n<script type=\"application\/ld+json\" class=\"yoast-schema-graph\">{\"@context\":\"https:\/\/schema.org\",\"@graph\":[{\"@type\":\"Article\",\"@id\":\"https:\/\/marekkuchcinski.pl\/en\/wydarzenia\/11908\/#article\",\"isPartOf\":{\"@id\":\"https:\/\/marekkuchcinski.pl\/en\/wydarzenia\/11908\/\"},\"author\":{\"name\":\"admin\",\"@id\":\"https:\/\/marekkuchcinski.pl\/#\/schema\/person\/6f62700996b4d950b6ea2d1183b6c6be\"},\"headline\":\"Kuchci\u0144ski o grudniu &#8217;70: W czasie tamtych krwawych dni zrodzi\u0142a si\u0119 wiara we w\u0142asne si\u0142y i wsp\u00f3lne mo\u017cliwo\u015bci. Pojawi\u0142a si\u0119 r\u00f3wnie\u017c iskra nadziei, \u017ce komunizm mo\u017cna pokona\u0107\",\"datePublished\":\"2018-12-17T09:10:42+00:00\",\"dateModified\":\"2018-12-17T18:15:49+00:00\",\"mainEntityOfPage\":{\"@id\":\"https:\/\/marekkuchcinski.pl\/en\/wydarzenia\/11908\/\"},\"wordCount\":388,\"commentCount\":0,\"publisher\":{\"@id\":\"https:\/\/marekkuchcinski.pl\/#organization\"},\"image\":{\"@id\":\"https:\/\/marekkuchcinski.pl\/en\/wydarzenia\/11908\/#primaryimage\"},\"thumbnailUrl\":\"https:\/\/marekkuchcinski.pl\/wp-content\/uploads\/2018\/12\/ZG-70.jpg\",\"articleSection\":[\"Listy Marsza\u0142ka Sejmu\",\"Wa\u017cne daty\",\"Wydarzenia\"],\"inLanguage\":\"hu\",\"potentialAction\":[{\"@type\":\"CommentAction\",\"name\":\"Comment\",\"target\":[\"https:\/\/marekkuchcinski.pl\/en\/wydarzenia\/11908\/#respond\"]}]},{\"@type\":\"WebPage\",\"@id\":\"https:\/\/marekkuchcinski.pl\/en\/wydarzenia\/11908\/\",\"url\":\"https:\/\/marekkuchcinski.pl\/en\/wydarzenia\/11908\/\",\"name\":\"Kuchci\u0144ski o grudniu '70: W czasie tamtych krwawych dni zrodzi\u0142a si\u0119 wiara we w\u0142asne si\u0142y i wsp\u00f3lne mo\u017cliwo\u015bci. Pojawi\u0142a si\u0119 r\u00f3wnie\u017c iskra nadziei, \u017ce komunizm mo\u017cna pokona\u0107 &#8211; Marek Kuchci\u0144ski\",\"isPartOf\":{\"@id\":\"https:\/\/marekkuchcinski.pl\/#website\"},\"primaryImageOfPage\":{\"@id\":\"https:\/\/marekkuchcinski.pl\/en\/wydarzenia\/11908\/#primaryimage\"},\"image\":{\"@id\":\"https:\/\/marekkuchcinski.pl\/en\/wydarzenia\/11908\/#primaryimage\"},\"thumbnailUrl\":\"https:\/\/marekkuchcinski.pl\/wp-content\/uploads\/2018\/12\/ZG-70.jpg\",\"datePublished\":\"2018-12-17T09:10:42+00:00\",\"dateModified\":\"2018-12-17T18:15:49+00:00\",\"breadcrumb\":{\"@id\":\"https:\/\/marekkuchcinski.pl\/en\/wydarzenia\/11908\/#breadcrumb\"},\"inLanguage\":\"hu\",\"potentialAction\":[{\"@type\":\"ReadAction\",\"target\":[\"https:\/\/marekkuchcinski.pl\/en\/wydarzenia\/11908\/\"]}]},{\"@type\":\"ImageObject\",\"inLanguage\":\"hu\",\"@id\":\"https:\/\/marekkuchcinski.pl\/en\/wydarzenia\/11908\/#primaryimage\",\"url\":\"https:\/\/marekkuchcinski.pl\/wp-content\/uploads\/2018\/12\/ZG-70.jpg\",\"contentUrl\":\"https:\/\/marekkuchcinski.pl\/wp-content\/uploads\/2018\/12\/ZG-70.jpg\",\"width\":578,\"height\":302},{\"@type\":\"BreadcrumbList\",\"@id\":\"https:\/\/marekkuchcinski.pl\/en\/wydarzenia\/11908\/#breadcrumb\",\"itemListElement\":[{\"@type\":\"ListItem\",\"position\":1,\"name\":\"Strona g\u0142\u00f3wna\",\"item\":\"https:\/\/marekkuchcinski.pl\/\"},{\"@type\":\"ListItem\",\"position\":2,\"name\":\"Kuchci\u0144ski o grudniu &#8217;70: W czasie tamtych krwawych dni zrodzi\u0142a si\u0119 wiara we w\u0142asne si\u0142y i wsp\u00f3lne mo\u017cliwo\u015bci. Pojawi\u0142a si\u0119 r\u00f3wnie\u017c iskra nadziei, \u017ce komunizm mo\u017cna pokona\u0107\"}]},{\"@type\":\"WebSite\",\"@id\":\"https:\/\/marekkuchcinski.pl\/#website\",\"url\":\"https:\/\/marekkuchcinski.pl\/\",\"name\":\"Marek Kuchci\u0144ski\",\"description\":\"Pose\u0142 na sejm RP &ndash; okr\u0119g nr 22\",\"publisher\":{\"@id\":\"https:\/\/marekkuchcinski.pl\/#organization\"},\"potentialAction\":[{\"@type\":\"SearchAction\",\"target\":{\"@type\":\"EntryPoint\",\"urlTemplate\":\"https:\/\/marekkuchcinski.pl\/?s={search_term_string}\"},\"query-input\":{\"@type\":\"PropertyValueSpecification\",\"valueRequired\":true,\"valueName\":\"search_term_string\"}}],\"inLanguage\":\"hu\"},{\"@type\":\"Organization\",\"@id\":\"https:\/\/marekkuchcinski.pl\/#organization\",\"name\":\"Marek Kuchci\u0144ski\",\"url\":\"https:\/\/marekkuchcinski.pl\/\",\"logo\":{\"@type\":\"ImageObject\",\"inLanguage\":\"hu\",\"@id\":\"https:\/\/marekkuchcinski.pl\/#\/schema\/logo\/image\/\",\"url\":\"https:\/\/marekkuchcinski.pl\/wp-content\/uploads\/2022\/09\/Marek.jpg\",\"contentUrl\":\"https:\/\/marekkuchcinski.pl\/wp-content\/uploads\/2022\/09\/Marek.jpg\",\"width\":1600,\"height\":971,\"caption\":\"Marek Kuchci\u0144ski\"},\"image\":{\"@id\":\"https:\/\/marekkuchcinski.pl\/#\/schema\/logo\/image\/\"}},{\"@type\":\"Person\",\"@id\":\"https:\/\/marekkuchcinski.pl\/#\/schema\/person\/6f62700996b4d950b6ea2d1183b6c6be\",\"name\":\"admin\",\"image\":{\"@type\":\"ImageObject\",\"inLanguage\":\"hu\",\"@id\":\"https:\/\/marekkuchcinski.pl\/#\/schema\/person\/image\/\",\"url\":\"https:\/\/secure.gravatar.com\/avatar\/4bab693b9d55c3d6b52c0296a8765085?s=96&d=mm&r=g\",\"contentUrl\":\"https:\/\/secure.gravatar.com\/avatar\/4bab693b9d55c3d6b52c0296a8765085?s=96&d=mm&r=g\",\"caption\":\"admin\"},\"url\":\"https:\/\/marekkuchcinski.pl\/hu\/author\/marta-olejnik\/\"}]}<\/script>\n<!-- \/ Yoast SEO plugin. -->","yoast_head_json":{"title":"Kuchci\u0144ski o grudniu '70: W czasie tamtych krwawych dni zrodzi\u0142a si\u0119 wiara we w\u0142asne si\u0142y i wsp\u00f3lne mo\u017cliwo\u015bci. Pojawi\u0142a si\u0119 r\u00f3wnie\u017c iskra nadziei, \u017ce komunizm mo\u017cna pokona\u0107 &#8211; Marek Kuchci\u0144ski","robots":{"index":"index","follow":"follow","max-snippet":"max-snippet:-1","max-image-preview":"max-image-preview:large","max-video-preview":"max-video-preview:-1"},"canonical":"https:\/\/marekkuchcinski.pl\/hu\/wydarzenia\/11908\/","og_locale":"hu_HU","og_type":"article","og_title":"Kuchci\u0144ski o grudniu '70: W czasie tamtych krwawych dni zrodzi\u0142a si\u0119 wiara we w\u0142asne si\u0142y i wsp\u00f3lne mo\u017cliwo\u015bci. Pojawi\u0142a si\u0119 r\u00f3wnie\u017c iskra nadziei, \u017ce komunizm mo\u017cna pokona\u0107 &#8211; Marek Kuchci\u0144ski","og_description":"17 grudnia 1970 roku wojsko i milicja otworzy\u0142y ogie\u0144 do robotnik\u00f3w id\u0105cych do pracy do gdy\u0144skiej stoczni. W starciach ulicznych wzi\u0119\u0142o udzia\u0142 oko\u0142o 5 tysi\u0119cy os\u00f3b, by\u0142y setki rannych, zgin\u0119\u0142o 18. Symbolem tamtych wydarze\u0144 jest 18-letni Zbyszek Godlewski, kt\u00f3ry\u00a0zosta\u0142 zastrzelony na wiadukcie kolejowym w Gdyni. Cia\u0142o\u00a0ch\u0142opca u\u0142o\u017cono na drzwiach i maszerowano z nim ulicami miasta [&hellip;]","og_url":"https:\/\/marekkuchcinski.pl\/hu\/wydarzenia\/11908\/","og_site_name":"Marek Kuchci\u0144ski","article_published_time":"2018-12-17T09:10:42+00:00","article_modified_time":"2018-12-17T18:15:49+00:00","og_image":[{"width":578,"height":302,"url":"https:\/\/marekkuchcinski.pl\/wp-content\/uploads\/2018\/12\/ZG-70.jpg","type":"image\/jpeg"}],"author":"admin","twitter_card":"summary_large_image","twitter_misc":{"Szerz\u0151:":"admin","Becs\u00fclt olvas\u00e1si id\u0151":"2 perc"},"schema":{"@context":"https:\/\/schema.org","@graph":[{"@type":"Article","@id":"https:\/\/marekkuchcinski.pl\/en\/wydarzenia\/11908\/#article","isPartOf":{"@id":"https:\/\/marekkuchcinski.pl\/en\/wydarzenia\/11908\/"},"author":{"name":"admin","@id":"https:\/\/marekkuchcinski.pl\/#\/schema\/person\/6f62700996b4d950b6ea2d1183b6c6be"},"headline":"Kuchci\u0144ski o grudniu &#8217;70: W czasie tamtych krwawych dni zrodzi\u0142a si\u0119 wiara we w\u0142asne si\u0142y i wsp\u00f3lne mo\u017cliwo\u015bci. Pojawi\u0142a si\u0119 r\u00f3wnie\u017c iskra nadziei, \u017ce komunizm mo\u017cna pokona\u0107","datePublished":"2018-12-17T09:10:42+00:00","dateModified":"2018-12-17T18:15:49+00:00","mainEntityOfPage":{"@id":"https:\/\/marekkuchcinski.pl\/en\/wydarzenia\/11908\/"},"wordCount":388,"commentCount":0,"publisher":{"@id":"https:\/\/marekkuchcinski.pl\/#organization"},"image":{"@id":"https:\/\/marekkuchcinski.pl\/en\/wydarzenia\/11908\/#primaryimage"},"thumbnailUrl":"https:\/\/marekkuchcinski.pl\/wp-content\/uploads\/2018\/12\/ZG-70.jpg","articleSection":["Listy Marsza\u0142ka Sejmu","Wa\u017cne daty","Wydarzenia"],"inLanguage":"hu","potentialAction":[{"@type":"CommentAction","name":"Comment","target":["https:\/\/marekkuchcinski.pl\/en\/wydarzenia\/11908\/#respond"]}]},{"@type":"WebPage","@id":"https:\/\/marekkuchcinski.pl\/en\/wydarzenia\/11908\/","url":"https:\/\/marekkuchcinski.pl\/en\/wydarzenia\/11908\/","name":"Kuchci\u0144ski o grudniu '70: W czasie tamtych krwawych dni zrodzi\u0142a si\u0119 wiara we w\u0142asne si\u0142y i wsp\u00f3lne mo\u017cliwo\u015bci. Pojawi\u0142a si\u0119 r\u00f3wnie\u017c iskra nadziei, \u017ce komunizm mo\u017cna pokona\u0107 &#8211; Marek Kuchci\u0144ski","isPartOf":{"@id":"https:\/\/marekkuchcinski.pl\/#website"},"primaryImageOfPage":{"@id":"https:\/\/marekkuchcinski.pl\/en\/wydarzenia\/11908\/#primaryimage"},"image":{"@id":"https:\/\/marekkuchcinski.pl\/en\/wydarzenia\/11908\/#primaryimage"},"thumbnailUrl":"https:\/\/marekkuchcinski.pl\/wp-content\/uploads\/2018\/12\/ZG-70.jpg","datePublished":"2018-12-17T09:10:42+00:00","dateModified":"2018-12-17T18:15:49+00:00","breadcrumb":{"@id":"https:\/\/marekkuchcinski.pl\/en\/wydarzenia\/11908\/#breadcrumb"},"inLanguage":"hu","potentialAction":[{"@type":"ReadAction","target":["https:\/\/marekkuchcinski.pl\/en\/wydarzenia\/11908\/"]}]},{"@type":"ImageObject","inLanguage":"hu","@id":"https:\/\/marekkuchcinski.pl\/en\/wydarzenia\/11908\/#primaryimage","url":"https:\/\/marekkuchcinski.pl\/wp-content\/uploads\/2018\/12\/ZG-70.jpg","contentUrl":"https:\/\/marekkuchcinski.pl\/wp-content\/uploads\/2018\/12\/ZG-70.jpg","width":578,"height":302},{"@type":"BreadcrumbList","@id":"https:\/\/marekkuchcinski.pl\/en\/wydarzenia\/11908\/#breadcrumb","itemListElement":[{"@type":"ListItem","position":1,"name":"Strona g\u0142\u00f3wna","item":"https:\/\/marekkuchcinski.pl\/"},{"@type":"ListItem","position":2,"name":"Kuchci\u0144ski o grudniu &#8217;70: W czasie tamtych krwawych dni zrodzi\u0142a si\u0119 wiara we w\u0142asne si\u0142y i wsp\u00f3lne mo\u017cliwo\u015bci. Pojawi\u0142a si\u0119 r\u00f3wnie\u017c iskra nadziei, \u017ce komunizm mo\u017cna pokona\u0107"}]},{"@type":"WebSite","@id":"https:\/\/marekkuchcinski.pl\/#website","url":"https:\/\/marekkuchcinski.pl\/","name":"Marek Kuchci\u0144ski","description":"Pose\u0142 na sejm RP &ndash; okr\u0119g nr 22","publisher":{"@id":"https:\/\/marekkuchcinski.pl\/#organization"},"potentialAction":[{"@type":"SearchAction","target":{"@type":"EntryPoint","urlTemplate":"https:\/\/marekkuchcinski.pl\/?s={search_term_string}"},"query-input":{"@type":"PropertyValueSpecification","valueRequired":true,"valueName":"search_term_string"}}],"inLanguage":"hu"},{"@type":"Organization","@id":"https:\/\/marekkuchcinski.pl\/#organization","name":"Marek Kuchci\u0144ski","url":"https:\/\/marekkuchcinski.pl\/","logo":{"@type":"ImageObject","inLanguage":"hu","@id":"https:\/\/marekkuchcinski.pl\/#\/schema\/logo\/image\/","url":"https:\/\/marekkuchcinski.pl\/wp-content\/uploads\/2022\/09\/Marek.jpg","contentUrl":"https:\/\/marekkuchcinski.pl\/wp-content\/uploads\/2022\/09\/Marek.jpg","width":1600,"height":971,"caption":"Marek Kuchci\u0144ski"},"image":{"@id":"https:\/\/marekkuchcinski.pl\/#\/schema\/logo\/image\/"}},{"@type":"Person","@id":"https:\/\/marekkuchcinski.pl\/#\/schema\/person\/6f62700996b4d950b6ea2d1183b6c6be","name":"admin","image":{"@type":"ImageObject","inLanguage":"hu","@id":"https:\/\/marekkuchcinski.pl\/#\/schema\/person\/image\/","url":"https:\/\/secure.gravatar.com\/avatar\/4bab693b9d55c3d6b52c0296a8765085?s=96&d=mm&r=g","contentUrl":"https:\/\/secure.gravatar.com\/avatar\/4bab693b9d55c3d6b52c0296a8765085?s=96&d=mm&r=g","caption":"admin"},"url":"https:\/\/marekkuchcinski.pl\/hu\/author\/marta-olejnik\/"}]}},"_links":{"self":[{"href":"https:\/\/marekkuchcinski.pl\/hu\/wp-json\/wp\/v2\/posts\/11908","targetHints":{"allow":["GET"]}}],"collection":[{"href":"https:\/\/marekkuchcinski.pl\/hu\/wp-json\/wp\/v2\/posts"}],"about":[{"href":"https:\/\/marekkuchcinski.pl\/hu\/wp-json\/wp\/v2\/types\/post"}],"author":[{"embeddable":true,"href":"https:\/\/marekkuchcinski.pl\/hu\/wp-json\/wp\/v2\/users\/6"}],"replies":[{"embeddable":true,"href":"https:\/\/marekkuchcinski.pl\/hu\/wp-json\/wp\/v2\/comments?post=11908"}],"version-history":[{"count":25,"href":"https:\/\/marekkuchcinski.pl\/hu\/wp-json\/wp\/v2\/posts\/11908\/revisions"}],"predecessor-version":[{"id":11972,"href":"https:\/\/marekkuchcinski.pl\/hu\/wp-json\/wp\/v2\/posts\/11908\/revisions\/11972"}],"wp:featuredmedia":[{"embeddable":true,"href":"https:\/\/marekkuchcinski.pl\/hu\/wp-json\/wp\/v2\/media\/11913"}],"wp:attachment":[{"href":"https:\/\/marekkuchcinski.pl\/hu\/wp-json\/wp\/v2\/media?parent=11908"}],"wp:term":[{"taxonomy":"category","embeddable":true,"href":"https:\/\/marekkuchcinski.pl\/hu\/wp-json\/wp\/v2\/categories?post=11908"},{"taxonomy":"post_tag","embeddable":true,"href":"https:\/\/marekkuchcinski.pl\/hu\/wp-json\/wp\/v2\/tags?post=11908"}],"curies":[{"name":"wp","href":"https:\/\/api.w.org\/{rel}","templated":true}]}}