{"id":11897,"date":"2018-12-16T10:16:52","date_gmt":"2018-12-16T09:16:52","guid":{"rendered":"https:\/\/marekkuchcinski.pl\/?p=11897"},"modified":"2018-12-16T11:00:15","modified_gmt":"2018-12-16T10:00:15","slug":"konwencja-prawa-sprawiedliwosci-wiarygodnosc-uczciwosc-sprawiedliwosc-nowoczesnosc","status":"publish","type":"post","link":"https:\/\/marekkuchcinski.pl\/hu\/wydarzenia\/konwencja-prawa-sprawiedliwosci-wiarygodnosc-uczciwosc-sprawiedliwosc-nowoczesnosc\/","title":{"rendered":"Jog \u00e9s Igazs\u00e1goss\u00e1g Konvenci\u00f3: Hiteless\u00e9g, becs\u00fcletess\u00e9g, igazs\u00e1goss\u00e1g, modernit\u00e1s"},"content":{"rendered":"<p>- A Jog \u00e9s Igazs\u00e1goss\u00e1g p\u00e1rt bebizony\u00edtotta, hogy k\u00e9pes becs\u00fcletesen korm\u00e1nyozni, hogy hiteles tud lenni, \u00e9s hogy meg tudja tenni azt, amire meghirdett\u00e9k\" - mondta Jaros\u0142aw Kaczy\u0144ski, a Jog \u00e9s Igazs\u00e1goss\u00e1g p\u00e1rt eln\u00f6ke a Jog \u00e9s Igazs\u00e1goss\u00e1g p\u00e1rt december 15-i kongresszus\u00e1n.<\/p>\n<p>Hozz\u00e1tette, hogy a tal\u00e1lkoz\u00f3 c\u00e9lja az volt, hogy elgondolkodjanak azon a kiindul\u00f3ponton, ahonnan a Jog \u00e9s Igazs\u00e1goss\u00e1g hamarosan megkezdi az eur\u00f3pai \u00e9s parlamenti v\u00e1laszt\u00e1sok fel\u00e9 vezet\u0151 utols\u00f3 szakaszt.<\/p>\n<p>- Arr\u00f3l van sz\u00f3, hogy megmutatja az ir\u00e1nyokat, amelyeket k\u00f6vetn\u00fcnk kell. P\u00e1rtunknak a v\u00e9gs\u0151kig a lengyelek \u00e1lmainak p\u00e1rtj\u00e1v\u00e1 kell v\u00e1lnia\" - mondta az eln\u00f6k.<\/p>\n<p>Mateusz Morawiecki minisztereln\u00f6k megjegyezte, hogy Lengyelorsz\u00e1g ma Eur\u00f3pa dobog\u00f3 sz\u00edve.<\/p>\n<p>- Ma Eur\u00f3p\u00e1t inspir\u00e1ljuk. Sikereink ma Eur\u00f3p\u00e1t inspir\u00e1lj\u00e1k! A lengyeleknek minden tekintetben eur\u00f3painak kell \u00e9rezni\u00fck magukat. Erre t\u00f6reksz\u00fcnk! Ez az igazi eur\u00f3paiz\u00e1l\u00f3d\u00e1s, nem a szok\u00e1sokkal val\u00f3 k\u00eds\u00e9rletez\u00e9s, hanem a gazdagabb Nyugat \u00e9letsz\u00ednvonal\u00e1hoz val\u00f3 felz\u00e1rk\u00f3z\u00e1s. Ez lehets\u00e9ges, \u00e9s egy\u00fctt el fogjuk \u00e9rni. Mi vagyunk az egyetlenek, akik ezt garant\u00e1lni tudj\u00e1k\" - mondta.<\/p>\n<p>Eml\u00e9keztetett arra, hogy a jog \u00e9s az igazs\u00e1gszolg\u00e1ltat\u00e1s h\u00e1rom alappill\u00e9ren nyugszik.<\/p>\n<p>- A legfontosabb dolog a hiteless\u00e9g. Megvan, \u00e9s ezt sz\u00e1mos cselekedet\u00fcnk is meger\u0151s\u00edti. \u00c1prilisi javaslatainkat vagy v\u00e9grehajtj\u00e1k, vagy folyamatban van. Ha \u00edg\u00e9retet tesz\u00fcnk, megtartjuk a szavunkat. Ellenfeleink megszegett \u00edg\u00e9retei minden\u00fctt l\u00e1that\u00f3k. Magasabb fizet\u00e9sekre \u00e9s Lengyelorsz\u00e1g moderniz\u00e1l\u00e1s\u00e1ra t\u00f6reksz\u00fcnk - jelentette be.<\/p>\n<p>Beata Szyd\u0142o minisztereln\u00f6k-helyettes r\u00e1mutatott, hogy Lengyelorsz\u00e1g Eur\u00f3p\u00e1ban volt, van \u00e9s lesz.<\/p>\n<p>- Ezen senki \u00e9s semmi sem fog v\u00e1ltoztatni. M\u00e9g azok a politikusok is, akik hazudnak a Polexitr\u0151l. H\u00edvjunk meg minden lengyelt \u00e9s eur\u00f3pait egy asztalhoz, ahol a j\u00f6v\u0151r\u0151l besz\u00e9l\u00fcnk, mert ez a k\u00f6z\u00f6s munk\u00e1nk\" - mondta.<\/p>\n<p>Micha\u0142 Dworczyk, a Minisztereln\u00f6ki Kancell\u00e1ria (KPRM) vezet\u0151je bejelentette, hogy a PiS c\u00e9lja a lengyelek \u00e9letsz\u00ednvonal\u00e1nak eur\u00f3pai szintre emel\u00e9se, \u00e9s tov\u00e1bbi programokat k\u00f6zvetlen\u00fcl az \u00faj\u00e9v ut\u00e1n mutatnak be.<\/p>\n<p><em>fot. pis.org.pl<\/em><a href=\"https:\/\/marekkuchcinski.pl\/wp-content\/uploads\/2018\/12\/PiS-konwencja-15-grudnia.jpg\"><img fetchpriority=\"high\" decoding=\"async\" class=\"alignnone size-full wp-image-11898\" src=\"https:\/\/marekkuchcinski.pl\/wp-content\/uploads\/2018\/12\/PiS-konwencja-15-grudnia.jpg\" alt=\"PiS konwencja 15 grudnia\" width=\"1000\" height=\"667\" srcset=\"https:\/\/marekkuchcinski.pl\/wp-content\/uploads\/2018\/12\/PiS-konwencja-15-grudnia.jpg 1000w, https:\/\/marekkuchcinski.pl\/wp-content\/uploads\/2018\/12\/PiS-konwencja-15-grudnia-300x200.jpg 300w, https:\/\/marekkuchcinski.pl\/wp-content\/uploads\/2018\/12\/PiS-konwencja-15-grudnia-768x512.jpg 768w\" sizes=\"(max-width: 1000px) 100vw, 1000px\" \/><\/a><\/p>","protected":false},"excerpt":{"rendered":"<p>&#8211; Prawo i Sprawiedliwo\u015b\u0107 udowodni\u0142o, \u017ce potrafi rz\u0105dzi\u0107 uczciwie, potrafi by\u0107 wiarygodne i robi\u0107 to, co zosta\u0142o zapowiedziane &#8211; powiedzia\u0142 Prezes PiS Jaros\u0142aw Kaczy\u0144ski podczas Konwencji Prawa i Sprawiedliwo\u015bci 15 grudnia. Doda\u0142, \u017ce celem spotkania jest zastanowienie si\u0119 nad punktem wyj\u015bcia, z kt\u00f3rego Prawo i Sprawiedliwo\u015b\u0107 rozpocznie niebawem ostatni etap do wybor\u00f3w europejskich i parlamentarnych. [&hellip;]<\/p>\n","protected":false},"author":6,"featured_media":11898,"comment_status":"open","ping_status":"open","sticky":false,"template":"","format":"standard","meta":{"ngg_post_thumbnail":0,"footnotes":""},"categories":[82,3],"tags":[],"class_list":["post-11897","post","type-post","status-publish","format-standard","has-post-thumbnail","hentry","category-prawo-i-sprawiedliwosc","category-wydarzenia"],"_links":{"self":[{"href":"https:\/\/marekkuchcinski.pl\/hu\/wp-json\/wp\/v2\/posts\/11897","targetHints":{"allow":["GET"]}}],"collection":[{"href":"https:\/\/marekkuchcinski.pl\/hu\/wp-json\/wp\/v2\/posts"}],"about":[{"href":"https:\/\/marekkuchcinski.pl\/hu\/wp-json\/wp\/v2\/types\/post"}],"author":[{"embeddable":true,"href":"https:\/\/marekkuchcinski.pl\/hu\/wp-json\/wp\/v2\/users\/6"}],"replies":[{"embeddable":true,"href":"https:\/\/marekkuchcinski.pl\/hu\/wp-json\/wp\/v2\/comments?post=11897"}],"version-history":[{"count":6,"href":"https:\/\/marekkuchcinski.pl\/hu\/wp-json\/wp\/v2\/posts\/11897\/revisions"}],"predecessor-version":[{"id":11907,"href":"https:\/\/marekkuchcinski.pl\/hu\/wp-json\/wp\/v2\/posts\/11897\/revisions\/11907"}],"wp:featuredmedia":[{"embeddable":true,"href":"https:\/\/marekkuchcinski.pl\/hu\/wp-json\/wp\/v2\/media\/11898"}],"wp:attachment":[{"href":"https:\/\/marekkuchcinski.pl\/hu\/wp-json\/wp\/v2\/media?parent=11897"}],"wp:term":[{"taxonomy":"category","embeddable":true,"href":"https:\/\/marekkuchcinski.pl\/hu\/wp-json\/wp\/v2\/categories?post=11897"},{"taxonomy":"post_tag","embeddable":true,"href":"https:\/\/marekkuchcinski.pl\/hu\/wp-json\/wp\/v2\/tags?post=11897"}],"curies":[{"name":"wp","href":"https:\/\/api.w.org\/{rel}","templated":true}]}}