{"id":11827,"date":"2018-12-13T15:34:13","date_gmt":"2018-12-13T14:34:13","guid":{"rendered":"https:\/\/marekkuchcinski.pl\/?p=11827"},"modified":"2018-12-13T17:53:22","modified_gmt":"2018-12-13T16:53:22","slug":"13-grudnia-1918-r-orleta-stoczyly-zwycieski-boj-o-przemysl","status":"publish","type":"post","link":"https:\/\/marekkuchcinski.pl\/hu\/wydarzenia\/13-grudnia-1918-r-orleta-stoczyly-zwycieski-boj-o-przemysl\/","title":{"rendered":"1918. december 13. A przemysli sasok megv\u00edvt\u00e1k a v\u00e9gs\u0151 csat\u00e1t"},"content":{"rendered":"<p>A Przemysl Sasok t\u00f6rt\u00e9nete rendk\u00edv\u00fcl dr\u00e1mai \u00e9s meghat\u00f3. 1918 \u0151sz\u00e9n t\u00f6bbek k\u00f6z\u00f6tt a di\u00e1kok is fegyvert ragadtak, sokszor \u00e9let\u00fck legmagasabb \u00e1r\u00e1t fizetve haz\u00e1juk szabads\u00e1g\u00e1\u00e9rt. A \"Przemy\u015bl, egy b\u00e1tor v\u00e1ros\" c\u00edm\u0171 k\u00f6nyv bevezet\u0151j\u00e9ben Marek Kuchci\u0144ski azt \u00edrja:<\/p>\n<p><em>1918-ban, amikor Lengyelorsz\u00e1g visszanyerte f\u00fcggetlens\u00e9g\u00e9t, Przemy\u015bl az els\u0151k k\u00f6z\u00f6tt harcolt. J\u00f3zef Pana\u015b tiszteletes felt\u00fczelte a harci szellemet. Ez\u00fattal az ukr\u00e1nok ellen. 1918. november elej\u00e9t\u0151l a przemy\u015bli lakosok a San foly\u00f3 feletti hidak\u00e9rt, ker\u00fcletek\u00e9rt harcoltak, \u00e9s ellent\u00e1mad\u00e1sokat ind\u00edtottak Zasanb\u00f3l a v\u00e1ros jobb partj\u00e1ra. November 11-\u00e9n Przemy\u015bl szabad volt! A lengyelek azonban tov\u00e1bb harcoltak Nizankowic\u00e9ben (december 10. \u00e9s 13.) \u00e9s m\u00e1s helys\u00e9gekben. A harcban minden gener\u00e1ci\u00f3 k\u00e9pvisel\u0151i r\u00e9szt vettek, k\u00f6zt\u00fck a sasok - a przemy\u015bli k\u00f6z\u00e9piskol\u00e1k di\u00e1kjai (az elesetteket a f\u0151temet\u0151ben l\u00e9v\u0151 nagy jelk\u00e9pes s\u00edrba temett\u00e9k). Ez azonban nem lett volna lehets\u00e9ges, ha a kialakul\u00f3 nemzeti \u00e9s nemzetek feletti k\u00f6z\u00f6ss\u00e9g \u00e9rt\u00e9kalapjai nem \u00e9p\u00fcltek volna ki a gener\u00e1ci\u00f3k sor\u00e1n. Przemy\u015bl ugyanis, mint a Lengyel K\u00f6zt\u00e1rsas\u00e1g sz\u00e1mos hasonl\u00f3 v\u00e1rosa, a k\u00fcl\u00f6nb\u00f6z\u0151 vall\u00e1s\u00fa \u00e9s nemzetis\u00e9g\u0171 lengyelek v\u00e1rosa volt, \u00e9s az eg\u00e9sz Przemy\u015bl ter\u00fclet\u00e9nek identit\u00e1s\u00e1t nemcsak lengyelek, hanem zsid\u00f3k, ruszinok, ukr\u00e1nok, magyarok, osztr\u00e1kok, csehek, n\u00e9metek \u00e9s \u00f6rm\u00e9nyek is megteremtett\u00e9k.\u00a0<\/em><\/p>\n<p><a href=\"https:\/\/marekkuchcinski.pl\/wp-content\/uploads\/2018\/12\/op.jpg\"><img fetchpriority=\"high\" decoding=\"async\" class=\"alignnone size-full wp-image-11828\" src=\"https:\/\/marekkuchcinski.pl\/wp-content\/uploads\/2018\/12\/op.jpg\" alt=\"op\" width=\"1024\" height=\"683\" srcset=\"https:\/\/marekkuchcinski.pl\/wp-content\/uploads\/2018\/12\/op.jpg 1024w, https:\/\/marekkuchcinski.pl\/wp-content\/uploads\/2018\/12\/op-300x200.jpg 300w, https:\/\/marekkuchcinski.pl\/wp-content\/uploads\/2018\/12\/op-768x512.jpg 768w\" sizes=\"(max-width: 1024px) 100vw, 1024px\" \/><\/a>Przemysl v\u00e9delmez\u0151inek s\u00edreml\u00e9ke Przemyslben<a href=\"https:\/\/marekkuchcinski.pl\/wp-content\/uploads\/2018\/12\/orl\u0119ta-przemyskie-pomnik.jpg\"><img decoding=\"async\" class=\"alignnone size-full wp-image-11833\" src=\"https:\/\/marekkuchcinski.pl\/wp-content\/uploads\/2018\/12\/orl\u0119ta-przemyskie-pomnik.jpg\" alt=\"orl\u0119ta-przemyskie-pomnik\" width=\"800\" height=\"1200\" srcset=\"https:\/\/marekkuchcinski.pl\/wp-content\/uploads\/2018\/12\/orl\u0119ta-przemyskie-pomnik.jpg 800w, https:\/\/marekkuchcinski.pl\/wp-content\/uploads\/2018\/12\/orl\u0119ta-przemyskie-pomnik-200x300.jpg 200w, https:\/\/marekkuchcinski.pl\/wp-content\/uploads\/2018\/12\/orl\u0119ta-przemyskie-pomnik-768x1152.jpg 768w, https:\/\/marekkuchcinski.pl\/wp-content\/uploads\/2018\/12\/orl\u0119ta-przemyskie-pomnik-683x1024.jpg 683w\" sizes=\"(max-width: 800px) 100vw, 800px\" \/><\/a><a href=\"https:\/\/marekkuchcinski.pl\/wp-content\/uploads\/2018\/12\/Projekt_Pomnika_-_Pracownia_Rzezbiarska_Pawla_Karczmarczyka.jpg\"><img decoding=\"async\" class=\"alignnone wp-image-11834\" src=\"https:\/\/marekkuchcinski.pl\/wp-content\/uploads\/2018\/12\/Projekt_Pomnika_-_Pracownia_Rzezbiarska_Pawla_Karczmarczyka.jpg\" alt=\"Projekt_Pomnika_-_Pracownia_Rzezbiarska_Pawla_Karczmarczyka\" width=\"796\" height=\"1218\" srcset=\"https:\/\/marekkuchcinski.pl\/wp-content\/uploads\/2018\/12\/Projekt_Pomnika_-_Pracownia_Rzezbiarska_Pawla_Karczmarczyka.jpg 727w, https:\/\/marekkuchcinski.pl\/wp-content\/uploads\/2018\/12\/Projekt_Pomnika_-_Pracownia_Rzezbiarska_Pawla_Karczmarczyka-196x300.jpg 196w, https:\/\/marekkuchcinski.pl\/wp-content\/uploads\/2018\/12\/Projekt_Pomnika_-_Pracownia_Rzezbiarska_Pawla_Karczmarczyka-669x1024.jpg 669w\" sizes=\"(max-width: 796px) 100vw, 796px\" \/><\/a>Az eml\u00e9km\u0171 terve 1037-b\u0151l (MNZP gy\u0171jtem\u00e9ny)<a href=\"https:\/\/marekkuchcinski.pl\/wp-content\/uploads\/2018\/12\/2_Obraz_0008-1.jpg\"><img loading=\"lazy\" decoding=\"async\" class=\"alignnone size-full wp-image-11839\" src=\"https:\/\/marekkuchcinski.pl\/wp-content\/uploads\/2018\/12\/2_Obraz_0008-1.jpg\" alt=\"_2_Obraz_0008\" width=\"1418\" height=\"1043\" srcset=\"https:\/\/marekkuchcinski.pl\/wp-content\/uploads\/2018\/12\/2_Obraz_0008-1.jpg 1418w, https:\/\/marekkuchcinski.pl\/wp-content\/uploads\/2018\/12\/2_Obraz_0008-1-300x221.jpg 300w, https:\/\/marekkuchcinski.pl\/wp-content\/uploads\/2018\/12\/2_Obraz_0008-1-768x565.jpg 768w, https:\/\/marekkuchcinski.pl\/wp-content\/uploads\/2018\/12\/2_Obraz_0008-1-1024x753.jpg 1024w\" sizes=\"(max-width: 1418px) 100vw, 1418px\" \/><\/a> <a href=\"https:\/\/marekkuchcinski.pl\/wp-content\/uploads\/2018\/12\/3_Obraz_0001-2.jpg\"><img loading=\"lazy\" decoding=\"async\" class=\"alignnone size-full wp-image-11840\" src=\"https:\/\/marekkuchcinski.pl\/wp-content\/uploads\/2018\/12\/3_Obraz_0001-2.jpg\" alt=\"_3_Obraz_0001\" width=\"1418\" height=\"1971\" srcset=\"https:\/\/marekkuchcinski.pl\/wp-content\/uploads\/2018\/12\/3_Obraz_0001-2.jpg 1418w, https:\/\/marekkuchcinski.pl\/wp-content\/uploads\/2018\/12\/3_Obraz_0001-2-216x300.jpg 216w, https:\/\/marekkuchcinski.pl\/wp-content\/uploads\/2018\/12\/3_Obraz_0001-2-768x1068.jpg 768w, https:\/\/marekkuchcinski.pl\/wp-content\/uploads\/2018\/12\/3_Obraz_0001-2-737x1024.jpg 737w\" sizes=\"(max-width: 1418px) 100vw, 1418px\" \/><\/a> <a href=\"https:\/\/marekkuchcinski.pl\/wp-content\/uploads\/2018\/12\/5_Obraz_0006-1.jpg\"><img loading=\"lazy\" decoding=\"async\" class=\"alignnone size-full wp-image-11841\" src=\"https:\/\/marekkuchcinski.pl\/wp-content\/uploads\/2018\/12\/5_Obraz_0006-1.jpg\" alt=\"_5_Obraz_0006\" width=\"4058\" height=\"6238\" srcset=\"https:\/\/marekkuchcinski.pl\/wp-content\/uploads\/2018\/12\/5_Obraz_0006-1.jpg 1332w, https:\/\/marekkuchcinski.pl\/wp-content\/uploads\/2018\/12\/5_Obraz_0006-1-195x300.jpg 195w, https:\/\/marekkuchcinski.pl\/wp-content\/uploads\/2018\/12\/5_Obraz_0006-1-768x1181.jpg 768w, https:\/\/marekkuchcinski.pl\/wp-content\/uploads\/2018\/12\/5_Obraz_0006-1-666x1024.jpg 666w\" sizes=\"(max-width: 4058px) 100vw, 4058px\" \/><\/a> <a href=\"https:\/\/marekkuchcinski.pl\/wp-content\/uploads\/2018\/12\/6_Obraz_0001-1.jpg\"><img loading=\"lazy\" decoding=\"async\" class=\"alignnone size-full wp-image-11842\" src=\"https:\/\/marekkuchcinski.pl\/wp-content\/uploads\/2018\/12\/6_Obraz_0001-1.jpg\" alt=\"_6_Obraz_0001\" width=\"1418\" height=\"890\" srcset=\"https:\/\/marekkuchcinski.pl\/wp-content\/uploads\/2018\/12\/6_Obraz_0001-1.jpg 1418w, https:\/\/marekkuchcinski.pl\/wp-content\/uploads\/2018\/12\/6_Obraz_0001-1-300x188.jpg 300w, https:\/\/marekkuchcinski.pl\/wp-content\/uploads\/2018\/12\/6_Obraz_0001-1-768x482.jpg 768w, https:\/\/marekkuchcinski.pl\/wp-content\/uploads\/2018\/12\/6_Obraz_0001-1-1024x643.jpg 1024w\" sizes=\"(max-width: 1418px) 100vw, 1418px\" \/><\/a><em>A przemysli v\u00e9d\u0151kr\u0151l k\u00e9sz\u00fclt k\u00e9pek a przemysli Nemzeti M\u00fazeum gy\u0171jtem\u00e9ny\u00e9b\u0151l sz\u00e1rmaznak.<\/em><\/p>\n<p>&nbsp;<\/p>","protected":false},"excerpt":{"rendered":"<p>Historia Orl\u0105t Przemyskich jest\u00a0niezwykle dramatyczna i wzruszaj\u0105ca. Jesieni\u0105 1918 roku za bro\u0144 chwycili mi\u0119dzy innymi uczniowie oraz studenci, p\u0142ac\u0105c cz\u0119sto najwy\u017csz\u0105 cen\u0119 \u017cycia za wolno\u015b\u0107 ojczyzny. We wst\u0119pie do ksi\u0105\u017cki &#8222;Przemy\u015bl, miasto waleczne&#8221; Marek Kuchci\u0144ski pisze: W 1918 r., gdy Polska odzyskiwa\u0142a niepodleg\u0142o\u015b\u0107, tak\u017ce Przemy\u015bl \u2013 i to jako jeden z pierwszych \u2013 stan\u0105\u0142 do [&hellip;]<\/p>\n","protected":false},"author":6,"featured_media":11842,"comment_status":"open","ping_status":"open","sticky":false,"template":"","format":"standard","meta":{"ngg_post_thumbnail":0,"footnotes":""},"categories":[104,49,77,3],"tags":[],"class_list":["post-11827","post","type-post","status-publish","format-standard","has-post-thumbnail","hentry","category-lms","category-podkarpacie","category-wazne-daty","category-wydarzenia"],"_links":{"self":[{"href":"https:\/\/marekkuchcinski.pl\/hu\/wp-json\/wp\/v2\/posts\/11827","targetHints":{"allow":["GET"]}}],"collection":[{"href":"https:\/\/marekkuchcinski.pl\/hu\/wp-json\/wp\/v2\/posts"}],"about":[{"href":"https:\/\/marekkuchcinski.pl\/hu\/wp-json\/wp\/v2\/types\/post"}],"author":[{"embeddable":true,"href":"https:\/\/marekkuchcinski.pl\/hu\/wp-json\/wp\/v2\/users\/6"}],"replies":[{"embeddable":true,"href":"https:\/\/marekkuchcinski.pl\/hu\/wp-json\/wp\/v2\/comments?post=11827"}],"version-history":[{"count":9,"href":"https:\/\/marekkuchcinski.pl\/hu\/wp-json\/wp\/v2\/posts\/11827\/revisions"}],"predecessor-version":[{"id":11850,"href":"https:\/\/marekkuchcinski.pl\/hu\/wp-json\/wp\/v2\/posts\/11827\/revisions\/11850"}],"wp:featuredmedia":[{"embeddable":true,"href":"https:\/\/marekkuchcinski.pl\/hu\/wp-json\/wp\/v2\/media\/11842"}],"wp:attachment":[{"href":"https:\/\/marekkuchcinski.pl\/hu\/wp-json\/wp\/v2\/media?parent=11827"}],"wp:term":[{"taxonomy":"category","embeddable":true,"href":"https:\/\/marekkuchcinski.pl\/hu\/wp-json\/wp\/v2\/categories?post=11827"},{"taxonomy":"post_tag","embeddable":true,"href":"https:\/\/marekkuchcinski.pl\/hu\/wp-json\/wp\/v2\/tags?post=11827"}],"curies":[{"name":"wp","href":"https:\/\/api.w.org\/{rel}","templated":true}]}}