{"id":11739,"date":"2018-12-12T17:29:44","date_gmt":"2018-12-12T16:29:44","guid":{"rendered":"https:\/\/marekkuchcinski.pl\/?p=11739"},"modified":"2018-12-12T17:42:15","modified_gmt":"2018-12-12T16:42:15","slug":"potega-przyrody-architektura-tradycja-kultura-religia-polska-wschodnia-kadrze-adama-bujaka","status":"publish","type":"post","link":"https:\/\/marekkuchcinski.pl\/hu\/wydarzenia\/potega-przyrody-architektura-tradycja-kultura-religia-polska-wschodnia-kadrze-adama-bujaka\/","title":{"rendered":"A term\u00e9szet, az \u00e9p\u00edt\u00e9szet, a hagyom\u00e1ny, a kult\u00fara, a vall\u00e1s ereje - Kelet-Lengyelorsz\u00e1g Adam Bujak k\u00e9p\u00e9ben"},"content":{"rendered":"<p><strong>Az album 440 oldal\u00e1n Adam Bujak fotogr\u00e1fus k\u00f6zelebb visz minket Kelet-Lengyelorsz\u00e1ghoz. 177 hat\u00e1r menti telep\u00fcl\u00e9s egyed\u00fcl\u00e1ll\u00f3, gy\u00e1rakt\u00f3l \u00e9s kipufog\u00f3g\u00e1zt\u00f3l mentes helyk\u00e9nt jelenik meg, ahov\u00e1 a vil\u00e1g minden sark\u00e1b\u00f3l \u00e9rkeznek emberek. Csod\u00e1latos m\u0171eml\u00e9kek, hegyek fest\u0151i vil\u00e1g\u00e1t l\u00e1tjuk, egy szabads\u00e1ggal, hazafias hagyom\u00e1nyokkal \u00e9s soksz\u00edn\u0171 kult\u00far\u00e1val \u00e1titatott vil\u00e1got.<\/strong><\/p>\n<p>A k\u00f6nyv prom\u00f3ci\u00f3ja sor\u00e1n Marek Kuchci\u0144ski, a Szejm marsallja gratul\u00e1lt Adam Bujaknak, ami\u00e9rt meg\u00f6r\u00f6k\u00edtette Lengyelorsz\u00e1g e r\u00e9sz\u00e9nek k\u00fcl\u00f6nleges jelleg\u00e9t. A marsall r\u00e1mutatott, hogy az er\u0151 \u00e9s a hatalom a sz\u00e9p \u00e9p\u00edt\u00e9szetb\u0151l, a t\u00e1jb\u00f3l \u00e9s a term\u00e9szetb\u0151l fakad. Kiemelte Kelet-Lengyelorsz\u00e1g t\u00f6rt\u00e9nelmi, term\u00e9szeti \u00e9s kultur\u00e1lis \u00e9rt\u00e9keit, valamint az emberi \u00e9let k\u00fcl\u00f6nb\u00f6z\u0151 pillanatainak kiv\u00e1l\u00f3 fot\u00f3it.<\/p>\n<p>Az album 600 f\u00e9nyk\u00e9pet tartalmaz. A k\u00f6nyv a szerz\u0151 tisztelg\u00e9se Lengyelorsz\u00e1g f\u00fcggetlens\u00e9g\u00e9nek visszanyer\u00e9se 100. \u00e9vfordul\u00f3ja el\u0151tt. A sz\u00f6vegeket Antoni Pacyfik Dydycz p\u00fcsp\u00f6k, Drohiczyn hossz\u00fa \u00e9vekig hivatalban l\u00e9v\u0151 ordin\u00e1riusa \u00edrta. A kiad\u00f3 a Bia\u0142y Kruk. A Szejm eln\u00f6k\u00e9nek v\u00e9dn\u00f6ks\u00e9ge alatt.<\/p>\n<p><em>Fot\u00f3: Marta Marchlewska<\/em><\/p>\n<p><a href=\"https:\/\/marekkuchcinski.pl\/wp-content\/uploads\/2018\/12\/PW-.jpg\"><img fetchpriority=\"high\" decoding=\"async\" class=\"alignnone size-full wp-image-11787\" src=\"https:\/\/marekkuchcinski.pl\/wp-content\/uploads\/2018\/12\/PW-.jpg\" alt=\"PW\" width=\"7360\" height=\"4912\" srcset=\"https:\/\/marekkuchcinski.pl\/wp-content\/uploads\/2018\/12\/PW-.jpg 2048w, https:\/\/marekkuchcinski.pl\/wp-content\/uploads\/2018\/12\/PW--300x200.jpg 300w, https:\/\/marekkuchcinski.pl\/wp-content\/uploads\/2018\/12\/PW--768x513.jpg 768w, https:\/\/marekkuchcinski.pl\/wp-content\/uploads\/2018\/12\/PW--1024x683.jpg 1024w\" sizes=\"(max-width: 7360px) 100vw, 7360px\" \/><\/a><em><a href=\"https:\/\/marekkuchcinski.pl\/wp-content\/uploads\/2018\/12\/MMA_8494.jpg\"><img decoding=\"async\" class=\"alignnone size-full wp-image-11791\" src=\"https:\/\/marekkuchcinski.pl\/wp-content\/uploads\/2018\/12\/MMA_8494.jpg\" alt=\"MMA_8494\" width=\"7360\" height=\"4912\" srcset=\"https:\/\/marekkuchcinski.pl\/wp-content\/uploads\/2018\/12\/MMA_8494.jpg 2048w, https:\/\/marekkuchcinski.pl\/wp-content\/uploads\/2018\/12\/MMA_8494-300x200.jpg 300w, https:\/\/marekkuchcinski.pl\/wp-content\/uploads\/2018\/12\/MMA_8494-768x513.jpg 768w, https:\/\/marekkuchcinski.pl\/wp-content\/uploads\/2018\/12\/MMA_8494-1024x683.jpg 1024w\" sizes=\"(max-width: 7360px) 100vw, 7360px\" \/><\/a>fot\u00f3 a \"Kelet-Lengyelorsz\u00e1g\" albumban), Adam Bujak<\/em><a href=\"https:\/\/marekkuchcinski.pl\/wp-content\/uploads\/2018\/12\/DSC_0437.jpg\"><img decoding=\"async\" class=\"alignnone size-full wp-image-11765\" src=\"https:\/\/marekkuchcinski.pl\/wp-content\/uploads\/2018\/12\/DSC_0437.jpg\" alt=\"DSC_0437\" width=\"3368\" height=\"2371\" srcset=\"https:\/\/marekkuchcinski.pl\/wp-content\/uploads\/2018\/12\/DSC_0437.jpg 2048w, https:\/\/marekkuchcinski.pl\/wp-content\/uploads\/2018\/12\/DSC_0437-300x211.jpg 300w, https:\/\/marekkuchcinski.pl\/wp-content\/uploads\/2018\/12\/DSC_0437-768x541.jpg 768w, https:\/\/marekkuchcinski.pl\/wp-content\/uploads\/2018\/12\/DSC_0437-1024x721.jpg 1024w\" sizes=\"(max-width: 3368px) 100vw, 3368px\" \/><\/a> <a href=\"https:\/\/marekkuchcinski.pl\/wp-content\/uploads\/2018\/12\/DSC_0435.jpg\"><img loading=\"lazy\" decoding=\"async\" class=\"alignnone size-full wp-image-11767\" src=\"https:\/\/marekkuchcinski.pl\/wp-content\/uploads\/2018\/12\/DSC_0435.jpg\" alt=\"DSC_0435\" width=\"2657\" height=\"3491\" srcset=\"https:\/\/marekkuchcinski.pl\/wp-content\/uploads\/2018\/12\/DSC_0435.jpg 1559w, https:\/\/marekkuchcinski.pl\/wp-content\/uploads\/2018\/12\/DSC_0435-228x300.jpg 228w, https:\/\/marekkuchcinski.pl\/wp-content\/uploads\/2018\/12\/DSC_0435-768x1009.jpg 768w, https:\/\/marekkuchcinski.pl\/wp-content\/uploads\/2018\/12\/DSC_0435-779x1024.jpg 779w\" sizes=\"(max-width: 2657px) 100vw, 2657px\" \/><\/a><\/p>\n<p><a href=\"https:\/\/marekkuchcinski.pl\/wp-content\/uploads\/2018\/12\/ab.jpg\"><img loading=\"lazy\" decoding=\"async\" class=\"alignnone wp-image-11740\" src=\"https:\/\/marekkuchcinski.pl\/wp-content\/uploads\/2018\/12\/ab.jpg\" alt=\"ab\" width=\"1216\" height=\"812\" srcset=\"https:\/\/marekkuchcinski.pl\/wp-content\/uploads\/2018\/12\/ab.jpg 800w, https:\/\/marekkuchcinski.pl\/wp-content\/uploads\/2018\/12\/ab-300x200.jpg 300w, https:\/\/marekkuchcinski.pl\/wp-content\/uploads\/2018\/12\/ab-768x513.jpg 768w\" sizes=\"(max-width: 1216px) 100vw, 1216px\" \/><\/a><\/p>\n<p>2017 november\u00e9ben, a 17. Orsz\u00e1gos Lengyel Hazafias Dal, Dal \u00e9s K\u00f6lt\u00e9szet Fesztiv\u00e1lon Lubacz\u00f3wban a Szejm eln\u00f6ke Adam Bujaknak az \"Isten \u00e9s a haza\" szobrot adta \u00e1t. A kit\u00fcntet\u00e9st a fesztiv\u00e1l szervez\u0151i a lengyel kult\u00fara n\u00e9pszer\u0171s\u00edt\u00e9s\u00e9ben el\u00e9rt kiemelked\u0151 eredm\u00e9nyek\u00e9rt \u00edt\u00e9lik oda. A fot\u00f3s \u00e9vekig dokument\u00e1lta II. J\u00e1nos P\u00e1l \u00e9let\u00e9t \u00e9s p\u00e1pas\u00e1g\u00e1t. Adam Bujak sz\u00e1mos - lengyel \u00e9s k\u00fclf\u00f6ldi - d\u00edj nyertese, t\u00f6bb sz\u00e1z album, k\u00f6nyv \u00e9s poszter szerz\u0151je. Id\u00e9n a Lengyel K\u00f6zt\u00e1rsas\u00e1g eln\u00f6k\u00e9t\u0151l megkapta a Feh\u00e9r Sas \u00e9rdemrendet.<\/p>","protected":false},"excerpt":{"rendered":"<p>Na 440 kartach albumu fotograf Adam Bujak\u00a0przybli\u017ca\u00a0nam\u00a0Polsk\u0119 Wschodni\u0105. 177 miejscowo\u015bci pogranicza jawi si\u0119\u00a0 jako\u00a0wyj\u0105tkowe miejsca, nieska\u017cone fabrykami, spalinami, do kt\u00f3rych lgn\u0105 ludzie z r\u00f3\u017cnych zak\u0105tk\u00f3w globu. Widzimy malowniczy \u015bwiat wspania\u0142ych zabytk\u00f3w, g\u00f3r, \u015bwiat przesi\u0105kni\u0119ty wolno\u015bci\u0105, patriotyczn\u0105 tradycj\u0105 i r\u00f3\u017cnorodn\u0105 kultur\u0105. Podczas\u00a0promocji ksi\u0105\u017cki marsza\u0142ek Sejmu Marek Kuchci\u0144ski pogratulowa\u0142 Adamowi Bujakowi uchwycenia niezwyk\u0142ego\u00a0charakteru tej cz\u0119\u015bci Polski.\u00a0Marsza\u0142ek zaznaczy\u0142, [&hellip;]<\/p>\n","protected":false},"author":6,"featured_media":11767,"comment_status":"open","ping_status":"open","sticky":false,"template":"","format":"standard","meta":{"ngg_post_thumbnail":0,"footnotes":""},"categories":[49,3],"tags":[],"class_list":["post-11739","post","type-post","status-publish","format-standard","has-post-thumbnail","hentry","category-podkarpacie","category-wydarzenia"],"_links":{"self":[{"href":"https:\/\/marekkuchcinski.pl\/hu\/wp-json\/wp\/v2\/posts\/11739","targetHints":{"allow":["GET"]}}],"collection":[{"href":"https:\/\/marekkuchcinski.pl\/hu\/wp-json\/wp\/v2\/posts"}],"about":[{"href":"https:\/\/marekkuchcinski.pl\/hu\/wp-json\/wp\/v2\/types\/post"}],"author":[{"embeddable":true,"href":"https:\/\/marekkuchcinski.pl\/hu\/wp-json\/wp\/v2\/users\/6"}],"replies":[{"embeddable":true,"href":"https:\/\/marekkuchcinski.pl\/hu\/wp-json\/wp\/v2\/comments?post=11739"}],"version-history":[{"count":27,"href":"https:\/\/marekkuchcinski.pl\/hu\/wp-json\/wp\/v2\/posts\/11739\/revisions"}],"predecessor-version":[{"id":11792,"href":"https:\/\/marekkuchcinski.pl\/hu\/wp-json\/wp\/v2\/posts\/11739\/revisions\/11792"}],"wp:featuredmedia":[{"embeddable":true,"href":"https:\/\/marekkuchcinski.pl\/hu\/wp-json\/wp\/v2\/media\/11767"}],"wp:attachment":[{"href":"https:\/\/marekkuchcinski.pl\/hu\/wp-json\/wp\/v2\/media?parent=11739"}],"wp:term":[{"taxonomy":"category","embeddable":true,"href":"https:\/\/marekkuchcinski.pl\/hu\/wp-json\/wp\/v2\/categories?post=11739"},{"taxonomy":"post_tag","embeddable":true,"href":"https:\/\/marekkuchcinski.pl\/hu\/wp-json\/wp\/v2\/tags?post=11739"}],"curies":[{"name":"wp","href":"https:\/\/api.w.org\/{rel}","templated":true}]}}