{"id":11602,"date":"2018-12-09T12:53:59","date_gmt":"2018-12-09T11:53:59","guid":{"rendered":"https:\/\/marekkuchcinski.pl\/?p=11602"},"modified":"2018-12-09T17:18:55","modified_gmt":"2018-12-09T16:18:55","slug":"marek-kuchcinski-naszej-podkarpackiej-ziemi-konca-60-opozycyjne-dzialania-mialy-rownie-silny-wymiar-czasach-zolnierzy-wykletych","status":"publish","type":"post","link":"https:\/\/marekkuchcinski.pl\/hu\/wydarzenia\/marek-kuchcinski-naszej-podkarpackiej-ziemi-konca-60-opozycyjne-dzialania-mialy-rownie-silny-wymiar-czasach-zolnierzy-wykletych\/","title":{"rendered":"Marek Kuchci\u0144ski: A mi Podkarpacie r\u00e9gi\u00f3nkban a hatvanas \u00e9vek v\u00e9ge \u00f3ta az ellenz\u00e9ki tev\u00e9kenys\u00e9g olyan er\u0151s dimenzi\u00f3val b\u00edr, mint az istenk\u00e1roml\u00e1s katon\u00e1inak idej\u00e9n."},"content":{"rendered":"<p><strong>A rzesz\u00f3wi Podkarpacie Filharm\u00f3nia adott otthont az elnyomottak, szolidarit\u00e1si aktivist\u00e1k \u00e9s veter\u00e1nok kongresszus\u00e1nak. Az esem\u00e9nyt a Szejm eln\u00f6k\u00e9nek tiszteletbeli v\u00e9dn\u00f6ks\u00e9ge alatt tartott\u00e1k.<\/strong><\/p>\n<p>Marek Kuchci\u0144ski hangs\u00falyozta, hogy Lengyelorsz\u00e1g f\u00fcggetlens\u00e9g\u00e9nek visszanyer\u00e9se sz\u00e1zadik \u00e9vfordul\u00f3j\u00e1nak \u00fcnneps\u00e9gei az eg\u00e9sz orsz\u00e1gban alkalmat adnak arra, hogy felid\u00e9zz\u00fck a szabads\u00e1ghoz vezet\u0151 hossz\u00fa utat, valamint azt a h\u00fasz \u00e9vet, amikor az eg\u00e9sz t\u00e1rsadalom rendk\u00edv\u00fcli m\u00f3don r\u00e9szt vett a m\u00e1sodik k\u00f6zt\u00e1rsas\u00e1g \u00fajj\u00e1\u00e9p\u00edt\u00e9s\u00e9ben.<\/p>\n<p>A marsall felid\u00e9zte azokat a szem\u00e9lyis\u00e9geket, akiket \"az emberi gondolkod\u00e1s, er\u0151 \u00e9s energia diadal\u00e1nak ideje\" inspir\u00e1lt olyan dolgok l\u00e9trehoz\u00e1s\u00e1ra, amelyeket gyakran ma is haszn\u00e1lnak. K\u00f6zt\u00fck voltak: Stefan Banach, a modern algebra egyik megalap\u00edt\u00f3ja; Karol Szymanowski, a nagyszer\u0171 zeneszerz\u0151; J\u00f3zef Hoffman, kiv\u00e1l\u00f3 zongoram\u0171v\u00e9sz \u00e9s sz\u00e1mos tal\u00e1lm\u00e1ny szerz\u0151je, mint p\u00e9ld\u00e1ul a ma is haszn\u00e1latos, a heged\u0171kulcs mint\u00e1j\u00e1ra k\u00e9sz\u00fclt irodai gemkapocs; a moh\u00e1csi Jan Szczepanik, a sz\u00ednes telev\u00edzi\u00f3 megalkot\u00f3ja, vagy Henryk Magnuski, akinek walkie talkie-ja \u00e9vtizedekig a modern mobiltelefonok szolg\u00e1lat\u00e1ban \u00e1llt.<\/p>\n<p>Marek Kuchci\u0144ski hangs\u00falyozta, hogy a 20 \u00e9vig tart\u00f3 m\u00e1sodik lengyel k\u00f6zt\u00e1rsas\u00e1g alatt megdupl\u00e1z\u00f3dott a lengyel \u00e9rtelmis\u00e9g sz\u00e1ma, \u00e9s ezzel egyidej\u0171leg fel\u00e9re cs\u00f6kkent az \u00edr\u00e1studatlanok sz\u00e1ma. Ez volt az az id\u0151, amikor magasan k\u00e9pzett szakemberek sz\u00e1zezreit \u00e9s tudatos hazafiak milli\u00f3it nevelt\u00e9k ki, akik k\u00e9szek voltak \u00e1ldozatot hozni a haz\u00e1\u00e9rt. V\u00e9g\u00fcl, ez az id\u0151szak a nemzeti k\u00f6z\u00f6ss\u00e9g fontoss\u00e1g\u00e1nak \u00e9s a lengyel \u00e1llam l\u00e9tjogosults\u00e1g\u00e1val val\u00f3 azonosul\u00e1s sz\u00fcks\u00e9gess\u00e9g\u00e9nek fokozott \u00e9rz\u00e9kel\u00e9s\u00e9nek id\u0151szaka. A t\u00e1rsadalmi \u00e9letben az olyan kulcsfontoss\u00e1g\u00fa egy\u00e9ni \u00e9s kollekt\u00edv \u00e9rt\u00e9kek meger\u0151s\u00edt\u00e9s\u00e9nek id\u0151szaka, mint a m\u00e1sok ir\u00e1nti \u00f6nfel\u00e1ldoz\u00f3 szolg\u00e1lat, a szorgalom \u00e9s az \u00e1llhatatoss\u00e1g, ugyanakkor a nagy befektet\u00e9sek id\u0151szaka is: COP, olyan v\u00e1rosokkal, mint Stalowa Wola, Rzesz\u00f3w, Mielec, Nowa D\u0119ba, Gdynia \u00e9s Truskawiec, ahol 20 \u00e9v alatt t\u00f6bb mint 300 f\u00fcrd\u0151h\u00e1z \u00e9p\u00fclt.<\/p>\n<p>A Szejm eln\u00f6ke r\u00e1mutatott, hogy a sikeres fejl\u0151d\u00e9s idej\u00e9t megszak\u00edtotta a Lengyelorsz\u00e1g elleni \u00e9vtizedes n\u00e9met \u00e9s szovjet agresszi\u00f3. - De felvett\u00fck a harcot a f\u00fcggetlens\u00e9g megv\u00e9d\u00e9s\u00e9\u00e9rt, mind fegyveres eszk\u00f6z\u00f6kkel, mind ellenz\u00e9ki munk\u00e1val. Azokat, akik fegyverrel a kez\u00fckben harcoltak, a nemzet \u00e1rul\u00f3inak b\u00e9lyegezt\u00e9k. B\u00f6rt\u00f6nb\u00fcntet\u00e9s \u00e9s gyakran hal\u00e1lb\u00fcntet\u00e9s fenyegette \u0151ket. M\u00e1sokat, akik ellen\u00e1lltak, a t\u00e1rsadalom perem\u00e9re szor\u00edtottak. Csak a 21. sz\u00e1zadban siker\u00fclt teljesen rehabilit\u00e1lni az el\u00e1tkozott katon\u00e1kat, \u00e9s csak ma, a lengyel \u00e1llamnak k\u00f6sz\u00f6nhet\u0151en, temethetj\u00fck el \u0151ket m\u00e9lt\u00f3s\u00e1ggal\" - mondta Marek Kuchci\u0144ski.<\/p>\n<p>- A mi f\u00f6ld\u00fcnk\u00f6n, a Podkarpacie r\u00e9gi\u00f3ban az 1960-as \u00e9vek v\u00e9g\u00e9t\u0151l az ellenz\u00e9ki tev\u00e9kenys\u00e9g olyan er\u0151s volt, mint az 1940-es \u00e9vekben \u00e9s az 1950-es \u00e9vek elej\u00e9n az Istenk\u00e1roml\u00f3 Katon\u00e1k tagjainak tev\u00e9kenys\u00e9ge. A przemy\u015bli metropolita \u00e9rsek, Ignacy Tokarczuk pap vezet\u00e9s\u00e9vel az emberi m\u00e9lt\u00f3s\u00e1g tiszteletben tart\u00e1s\u00e1\u00e9rt, a lelkiismereti \u00e9s gondolatszabads\u00e1g jog\u00e1\u00e9rt k\u00fczd\u00f6tt\u00fcnk. Az \u00e9rsek a tilt\u00e1sok ellen\u00e9re hatalmas templom\u00e9p\u00edt\u00e9si munk\u00e1ba kezdett, ami fel\u00e9bresztette benn\u00fcnk a v\u00e1gyat, hogy a tilt\u00e1sokt\u00f3l \u00e9s a kommunista direkt\u00edv\u00e1kt\u00f3l mentesen \u00e9lj\u00fcnk - eml\u00e9kezett vissza a marsall. Kiemelte azt is, hogy az egyh\u00e1zak v\u00e9delm\u00e9ben alakult helyi k\u00f6z\u00f6ss\u00e9gek milyen hat\u00e1ssal voltak az els\u0151 \u00f6n\u00e1ll\u00f3 szervezeti form\u00e1k l\u00e9trej\u00f6tt\u00e9re az 1970-es \u00e9vek v\u00e9g\u00e9n, mint p\u00e9ld\u00e1ul a Przemy\u015bl Kmiecie-i H\u00edvek V\u00e9delm\u00e9nek Bizotts\u00e1ga, amelynek tagja volt Fr. Michalski, Wit Siwiec, Stanis\u0142aw Sudo\u0142 \u00e9s Staszek Kusi\u0144ski, a Stalowa Wola-i bizotts\u00e1g Jan Koz\u0142owskival, a Rzesz\u00f3wi Parasztok \u00d6nv\u00e9delmi Bizotts\u00e1ga Janusz Szkutnikkal, a Bieszczady-hegyi ny\u00edlt akci\u00f3k a f\u00f6ld v\u00e9delm\u00e9ben Wie\u015bek Nowackival, az Ustrzyki Rzesz\u00f3w-i foglalkoz\u00e1si sztr\u00e1jkok, az Ustrzyce-Rzeszowskie meg\u00e1llapod\u00e1sok \u00e9s a Szolidarit\u00e1s \u00e9s a Solidarno\u015b\u0107 RI nagy gy\u0151zelme.<\/p>\n<p>- Egys\u00e9gesek voltunk. Ez az egys\u00e9g lett a legnagyobb fegyver a Lengyelorsz\u00e1gra k\u00e9nyszer\u00edtett kommunista rendszer elleni k\u00fczdelemben. Ma, visszatekintve, b\u00e1tran mondhatjuk, hogy az \u00d6n\u00f6k b\u00e1tors\u00e1g\u00e1nak, harci szellem\u00e9nek \u00e9s elsz\u00e1nts\u00e1g\u00e1nak k\u00f6sz\u00f6nhet\u0151 a kommunizmus buk\u00e1sa. \u00d6n\u00f6k p\u00e9ld\u00e1t mutattak m\u00e1s nemzeteknek, hogy a szabads\u00e1got \u00e9s a f\u00fcggetlens\u00e9get k\u00f6vetelni kell, \u00e9s minden er\u0151nkkel harcolni kell \u00e9rte. Nagy menetel\u00e9st kezdt\u00fcnk a f\u00fcggetlens\u00e9g fel\u00e9, \u00e9s nagy gy\u0151zelemmel fejezt\u00fck be\" - \u00e9rvelt Marek Kuchci\u0144ski.<\/p>\n<p>A marsall a legnagyobb tisztelettel ad\u00f3zott a h\u00e1bor\u00fas veter\u00e1noknak, az antikommunista f\u00f6ldalatti mozgalom aktivist\u00e1inak, valamint a h\u00e1bor\u00fa ut\u00e1ni \u00e9vek \u00e9s a Szolidarit\u00e1s korszak\u00e1nak ellenz\u00e9k\u00e9nek.<\/p>\n<p>- Az \u00f6n\u00f6k \u00e1ldozata \u00e9s a harc helyess\u00e9g\u00e9r\u0151l val\u00f3 meggy\u0151z\u0151d\u00e9s\u00fck n\u00e9lk\u00fcl nem lenne szabad \u00e9s szuver\u00e9n Lengyelorsz\u00e1g. Er\u0151s saj\u00e1t \u00e1llam n\u00e9lk\u00fcl m\u00e1sokat szolg\u00e1ln\u00e1nk\" - mondta.<\/p>\n<p>A tal\u00e1lkoz\u00f3 szervez\u0151je, amely a \"Nemzed\u00e9kek f\u00fcggetlen eml\u00e9kezete \u00e9s b\u00fcszkes\u00e9ge\" projekt r\u00e9sze, Ewa Leniart podkarpatszka vajda volt.<\/p>\n<p><a href=\"https:\/\/marekkuchcinski.pl\/wp-content\/uploads\/2018\/12\/DSCF2115-1.jpg\"><img fetchpriority=\"high\" decoding=\"async\" class=\"alignnone size-full wp-image-11610\" src=\"https:\/\/marekkuchcinski.pl\/wp-content\/uploads\/2018\/12\/DSCF2115-1.jpg\" alt=\"DSCF2115 (1)\" width=\"3710\" height=\"2353\" srcset=\"https:\/\/marekkuchcinski.pl\/wp-content\/uploads\/2018\/12\/DSCF2115-1.jpg 2048w, https:\/\/marekkuchcinski.pl\/wp-content\/uploads\/2018\/12\/DSCF2115-1-300x190.jpg 300w, https:\/\/marekkuchcinski.pl\/wp-content\/uploads\/2018\/12\/DSCF2115-1-768x487.jpg 768w, https:\/\/marekkuchcinski.pl\/wp-content\/uploads\/2018\/12\/DSCF2115-1-1024x649.jpg 1024w\" sizes=\"(max-width: 3710px) 100vw, 3710px\" \/><\/a><a href=\"https:\/\/marekkuchcinski.pl\/wp-content\/uploads\/2018\/12\/DSCF2146-1.jpg\"><img decoding=\"async\" class=\"alignnone size-full wp-image-11604\" src=\"https:\/\/marekkuchcinski.pl\/wp-content\/uploads\/2018\/12\/DSCF2146-1.jpg\" alt=\"DSCF2146 (1)\" width=\"2636\" height=\"1661\" srcset=\"https:\/\/marekkuchcinski.pl\/wp-content\/uploads\/2018\/12\/DSCF2146-1.jpg 2048w, https:\/\/marekkuchcinski.pl\/wp-content\/uploads\/2018\/12\/DSCF2146-1-300x189.jpg 300w, https:\/\/marekkuchcinski.pl\/wp-content\/uploads\/2018\/12\/DSCF2146-1-768x484.jpg 768w, https:\/\/marekkuchcinski.pl\/wp-content\/uploads\/2018\/12\/DSCF2146-1-1024x645.jpg 1024w\" sizes=\"(max-width: 2636px) 100vw, 2636px\" \/><\/a>\u00a0Ewa Leniart<a href=\"https:\/\/marekkuchcinski.pl\/wp-content\/uploads\/2018\/12\/DSCF2155-1.jpg\"><img decoding=\"async\" class=\"alignnone size-full wp-image-11605\" src=\"https:\/\/marekkuchcinski.pl\/wp-content\/uploads\/2018\/12\/DSCF2155-1.jpg\" alt=\"DSCF2155 (1)\" width=\"4072\" height=\"2752\" srcset=\"https:\/\/marekkuchcinski.pl\/wp-content\/uploads\/2018\/12\/DSCF2155-1.jpg 2048w, https:\/\/marekkuchcinski.pl\/wp-content\/uploads\/2018\/12\/DSCF2155-1-300x203.jpg 300w, https:\/\/marekkuchcinski.pl\/wp-content\/uploads\/2018\/12\/DSCF2155-1-768x519.jpg 768w, https:\/\/marekkuchcinski.pl\/wp-content\/uploads\/2018\/12\/DSCF2155-1-1024x692.jpg 1024w\" sizes=\"(max-width: 4072px) 100vw, 4072px\" \/><\/a>Az \u00fcnneps\u00e9g Pawe\u0142 Steczkowski zenekar\u00e1nak \"Intern\u00e1ci\u00f3s dalok\" c\u00edm\u0171 koncertj\u00e9vel z\u00e1rult. \"Intern\u00e1ci\u00f3s dalok\".\u00a0<a href=\"https:\/\/marekkuchcinski.pl\/wp-content\/uploads\/2018\/12\/DSCF2157-1.jpg\"><img loading=\"lazy\" decoding=\"async\" class=\"alignnone size-full wp-image-11606\" src=\"https:\/\/marekkuchcinski.pl\/wp-content\/uploads\/2018\/12\/DSCF2157-1.jpg\" alt=\"DSCF2157 (1)\" width=\"4338\" height=\"2806\" srcset=\"https:\/\/marekkuchcinski.pl\/wp-content\/uploads\/2018\/12\/DSCF2157-1.jpg 2048w, https:\/\/marekkuchcinski.pl\/wp-content\/uploads\/2018\/12\/DSCF2157-1-300x194.jpg 300w, https:\/\/marekkuchcinski.pl\/wp-content\/uploads\/2018\/12\/DSCF2157-1-768x497.jpg 768w, https:\/\/marekkuchcinski.pl\/wp-content\/uploads\/2018\/12\/DSCF2157-1-1024x662.jpg 1024w\" sizes=\"(max-width: 4338px) 100vw, 4338px\" \/><\/a> <a href=\"https:\/\/marekkuchcinski.pl\/wp-content\/uploads\/2018\/12\/DSCF2174-1.jpg\"><img loading=\"lazy\" decoding=\"async\" class=\"alignnone size-full wp-image-11607\" src=\"https:\/\/marekkuchcinski.pl\/wp-content\/uploads\/2018\/12\/DSCF2174-1.jpg\" alt=\"DSCF2174 (1)\" width=\"3710\" height=\"2422\" srcset=\"https:\/\/marekkuchcinski.pl\/wp-content\/uploads\/2018\/12\/DSCF2174-1.jpg 2048w, https:\/\/marekkuchcinski.pl\/wp-content\/uploads\/2018\/12\/DSCF2174-1-300x196.jpg 300w, https:\/\/marekkuchcinski.pl\/wp-content\/uploads\/2018\/12\/DSCF2174-1-768x501.jpg 768w, https:\/\/marekkuchcinski.pl\/wp-content\/uploads\/2018\/12\/DSCF2174-1-1024x668.jpg 1024w\" sizes=\"(max-width: 3710px) 100vw, 3710px\" \/><\/a> <a href=\"https:\/\/marekkuchcinski.pl\/wp-content\/uploads\/2018\/12\/DSCF2246-1.jpg\"><img loading=\"lazy\" decoding=\"async\" class=\"alignnone size-full wp-image-11609\" src=\"https:\/\/marekkuchcinski.pl\/wp-content\/uploads\/2018\/12\/DSCF2246-1.jpg\" alt=\"DSCF2246 (1)\" width=\"4372\" height=\"3096\" srcset=\"https:\/\/marekkuchcinski.pl\/wp-content\/uploads\/2018\/12\/DSCF2246-1.jpg 2048w, https:\/\/marekkuchcinski.pl\/wp-content\/uploads\/2018\/12\/DSCF2246-1-300x212.jpg 300w, https:\/\/marekkuchcinski.pl\/wp-content\/uploads\/2018\/12\/DSCF2246-1-768x544.jpg 768w, https:\/\/marekkuchcinski.pl\/wp-content\/uploads\/2018\/12\/DSCF2246-1-1024x725.jpg 1024w\" sizes=\"(max-width: 4372px) 100vw, 4372px\" \/><\/a><\/p>\n<p>&nbsp;<\/p>","protected":false},"excerpt":{"rendered":"<p>W\u00a0Filharmonii Podkarpackiej w Rzeszowie odby\u0142 si\u0119 Kongres Os\u00f3b Represjonowanych, Dzia\u0142aczy Solidarno\u015bci i Kombatant\u00f3w. Patronat honorowy nad wydarzeniem obj\u0105\u0142 marsza\u0142ek Sejmu. Marek Kuchci\u0144ski podkre\u015bli\u0142, \u017ce w ca\u0142ym kraju obchody stulecia odzyskania przez Polsk\u0119 Niepodleg\u0142o\u015bci sta\u0142y si\u0119 sposobno\u015bci\u0105 do przypomnienia naszej d\u0142ugiej drogi wolno\u015bci oraz dwudziestu lat niezwyk\u0142ego zaanga\u017cowania ca\u0142ego spo\u0142ecze\u0144stwa w odbudow\u0119 II RP. Marsza\u0142ek przypomnia\u0142 [&hellip;]<\/p>","protected":false},"author":6,"featured_media":11612,"comment_status":"open","ping_status":"open","sticky":false,"template":"","format":"standard","meta":{"ngg_post_thumbnail":0,"footnotes":""},"categories":[49,82,3],"tags":[],"class_list":["post-11602","post","type-post","status-publish","format-standard","has-post-thumbnail","hentry","category-podkarpacie","category-prawo-i-sprawiedliwosc","category-wydarzenia"],"yoast_head":"<!-- This site is optimized with the Yoast SEO plugin v24.7 - https:\/\/yoast.com\/wordpress\/plugins\/seo\/ -->\n<title>Marek Kuchci\u0144ski: Na naszej podkarpackiej ziemi od ko\u0144ca lat 60. opozycyjne dzia\u0142ania mia\u0142y r\u00f3wnie silny wymiar jak w czasach \u017co\u0142nierzy wykl\u0119tych &#8211; Marek Kuchci\u0144ski<\/title>\n<meta name=\"robots\" content=\"index, follow, max-snippet:-1, max-image-preview:large, max-video-preview:-1\" \/>\n<link rel=\"canonical\" href=\"https:\/\/marekkuchcinski.pl\/hu\/wydarzenia\/marek-kuchcinski-naszej-podkarpackiej-ziemi-konca-60-opozycyjne-dzialania-mialy-rownie-silny-wymiar-czasach-zolnierzy-wykletych\/\" \/>\n<meta property=\"og:locale\" content=\"hu_HU\" \/>\n<meta property=\"og:type\" content=\"article\" \/>\n<meta property=\"og:title\" content=\"Marek Kuchci\u0144ski: Na naszej podkarpackiej ziemi od ko\u0144ca lat 60. opozycyjne dzia\u0142ania mia\u0142y r\u00f3wnie silny wymiar jak w czasach \u017co\u0142nierzy wykl\u0119tych &#8211; Marek Kuchci\u0144ski\" \/>\n<meta property=\"og:description\" content=\"W\u00a0Filharmonii Podkarpackiej w Rzeszowie odby\u0142 si\u0119 Kongres Os\u00f3b Represjonowanych, Dzia\u0142aczy Solidarno\u015bci i Kombatant\u00f3w. Patronat honorowy nad wydarzeniem obj\u0105\u0142 marsza\u0142ek Sejmu. Marek Kuchci\u0144ski podkre\u015bli\u0142, \u017ce w ca\u0142ym kraju obchody stulecia odzyskania przez Polsk\u0119 Niepodleg\u0142o\u015bci sta\u0142y si\u0119 sposobno\u015bci\u0105 do przypomnienia naszej d\u0142ugiej drogi wolno\u015bci oraz dwudziestu lat niezwyk\u0142ego zaanga\u017cowania ca\u0142ego spo\u0142ecze\u0144stwa w odbudow\u0119 II RP. Marsza\u0142ek przypomnia\u0142 [&hellip;]\" \/>\n<meta property=\"og:url\" content=\"https:\/\/marekkuchcinski.pl\/hu\/wydarzenia\/marek-kuchcinski-naszej-podkarpackiej-ziemi-konca-60-opozycyjne-dzialania-mialy-rownie-silny-wymiar-czasach-zolnierzy-wykletych\/\" \/>\n<meta property=\"og:site_name\" content=\"Marek Kuchci\u0144ski\" \/>\n<meta property=\"article:published_time\" content=\"2018-12-09T11:53:59+00:00\" \/>\n<meta property=\"article:modified_time\" content=\"2018-12-09T16:18:55+00:00\" \/>\n<meta property=\"og:image\" content=\"https:\/\/marekkuchcinski.pl\/wp-content\/uploads\/2018\/12\/PSX_20181209_103601.jpg\" \/>\n\t<meta property=\"og:image:width\" content=\"2048\" \/>\n\t<meta property=\"og:image:height\" content=\"1465\" \/>\n\t<meta property=\"og:image:type\" content=\"image\/jpeg\" \/>\n<meta name=\"author\" content=\"admin\" \/>\n<meta name=\"twitter:card\" content=\"summary_large_image\" \/>\n<meta name=\"twitter:label1\" content=\"Szerz\u0151:\" \/>\n\t<meta name=\"twitter:data1\" content=\"admin\" \/>\n\t<meta name=\"twitter:label2\" content=\"Becs\u00fclt olvas\u00e1si id\u0151\" \/>\n\t<meta name=\"twitter:data2\" content=\"4 perc\" \/>\n<script type=\"application\/ld+json\" class=\"yoast-schema-graph\">{\"@context\":\"https:\/\/schema.org\",\"@graph\":[{\"@type\":\"Article\",\"@id\":\"https:\/\/marekkuchcinski.pl\/en\/wydarzenia\/marek-kuchcinski-naszej-podkarpackiej-ziemi-konca-60-opozycyjne-dzialania-mialy-rownie-silny-wymiar-czasach-zolnierzy-wykletych\/#article\",\"isPartOf\":{\"@id\":\"https:\/\/marekkuchcinski.pl\/en\/wydarzenia\/marek-kuchcinski-naszej-podkarpackiej-ziemi-konca-60-opozycyjne-dzialania-mialy-rownie-silny-wymiar-czasach-zolnierzy-wykletych\/\"},\"author\":{\"name\":\"admin\",\"@id\":\"https:\/\/marekkuchcinski.pl\/#\/schema\/person\/6f62700996b4d950b6ea2d1183b6c6be\"},\"headline\":\"Marek Kuchci\u0144ski: Na naszej podkarpackiej ziemi od ko\u0144ca lat 60. opozycyjne dzia\u0142ania mia\u0142y r\u00f3wnie silny wymiar jak w czasach \u017co\u0142nierzy wykl\u0119tych\",\"datePublished\":\"2018-12-09T11:53:59+00:00\",\"dateModified\":\"2018-12-09T16:18:55+00:00\",\"mainEntityOfPage\":{\"@id\":\"https:\/\/marekkuchcinski.pl\/en\/wydarzenia\/marek-kuchcinski-naszej-podkarpackiej-ziemi-konca-60-opozycyjne-dzialania-mialy-rownie-silny-wymiar-czasach-zolnierzy-wykletych\/\"},\"wordCount\":811,\"commentCount\":0,\"publisher\":{\"@id\":\"https:\/\/marekkuchcinski.pl\/#organization\"},\"image\":{\"@id\":\"https:\/\/marekkuchcinski.pl\/en\/wydarzenia\/marek-kuchcinski-naszej-podkarpackiej-ziemi-konca-60-opozycyjne-dzialania-mialy-rownie-silny-wymiar-czasach-zolnierzy-wykletych\/#primaryimage\"},\"thumbnailUrl\":\"https:\/\/marekkuchcinski.pl\/wp-content\/uploads\/2018\/12\/PSX_20181209_103601.jpg\",\"articleSection\":[\"Podkarpacie\",\"Prawo i Sprawiedliwo\u015b\u0107\",\"Wydarzenia\"],\"inLanguage\":\"hu\",\"potentialAction\":[{\"@type\":\"CommentAction\",\"name\":\"Comment\",\"target\":[\"https:\/\/marekkuchcinski.pl\/en\/wydarzenia\/marek-kuchcinski-naszej-podkarpackiej-ziemi-konca-60-opozycyjne-dzialania-mialy-rownie-silny-wymiar-czasach-zolnierzy-wykletych\/#respond\"]}]},{\"@type\":\"WebPage\",\"@id\":\"https:\/\/marekkuchcinski.pl\/en\/wydarzenia\/marek-kuchcinski-naszej-podkarpackiej-ziemi-konca-60-opozycyjne-dzialania-mialy-rownie-silny-wymiar-czasach-zolnierzy-wykletych\/\",\"url\":\"https:\/\/marekkuchcinski.pl\/en\/wydarzenia\/marek-kuchcinski-naszej-podkarpackiej-ziemi-konca-60-opozycyjne-dzialania-mialy-rownie-silny-wymiar-czasach-zolnierzy-wykletych\/\",\"name\":\"Marek Kuchci\u0144ski: Na naszej podkarpackiej ziemi od ko\u0144ca lat 60. opozycyjne dzia\u0142ania mia\u0142y r\u00f3wnie silny wymiar jak w czasach \u017co\u0142nierzy wykl\u0119tych &#8211; Marek Kuchci\u0144ski\",\"isPartOf\":{\"@id\":\"https:\/\/marekkuchcinski.pl\/#website\"},\"primaryImageOfPage\":{\"@id\":\"https:\/\/marekkuchcinski.pl\/en\/wydarzenia\/marek-kuchcinski-naszej-podkarpackiej-ziemi-konca-60-opozycyjne-dzialania-mialy-rownie-silny-wymiar-czasach-zolnierzy-wykletych\/#primaryimage\"},\"image\":{\"@id\":\"https:\/\/marekkuchcinski.pl\/en\/wydarzenia\/marek-kuchcinski-naszej-podkarpackiej-ziemi-konca-60-opozycyjne-dzialania-mialy-rownie-silny-wymiar-czasach-zolnierzy-wykletych\/#primaryimage\"},\"thumbnailUrl\":\"https:\/\/marekkuchcinski.pl\/wp-content\/uploads\/2018\/12\/PSX_20181209_103601.jpg\",\"datePublished\":\"2018-12-09T11:53:59+00:00\",\"dateModified\":\"2018-12-09T16:18:55+00:00\",\"breadcrumb\":{\"@id\":\"https:\/\/marekkuchcinski.pl\/en\/wydarzenia\/marek-kuchcinski-naszej-podkarpackiej-ziemi-konca-60-opozycyjne-dzialania-mialy-rownie-silny-wymiar-czasach-zolnierzy-wykletych\/#breadcrumb\"},\"inLanguage\":\"hu\",\"potentialAction\":[{\"@type\":\"ReadAction\",\"target\":[\"https:\/\/marekkuchcinski.pl\/en\/wydarzenia\/marek-kuchcinski-naszej-podkarpackiej-ziemi-konca-60-opozycyjne-dzialania-mialy-rownie-silny-wymiar-czasach-zolnierzy-wykletych\/\"]}]},{\"@type\":\"ImageObject\",\"inLanguage\":\"hu\",\"@id\":\"https:\/\/marekkuchcinski.pl\/en\/wydarzenia\/marek-kuchcinski-naszej-podkarpackiej-ziemi-konca-60-opozycyjne-dzialania-mialy-rownie-silny-wymiar-czasach-zolnierzy-wykletych\/#primaryimage\",\"url\":\"https:\/\/marekkuchcinski.pl\/wp-content\/uploads\/2018\/12\/PSX_20181209_103601.jpg\",\"contentUrl\":\"https:\/\/marekkuchcinski.pl\/wp-content\/uploads\/2018\/12\/PSX_20181209_103601.jpg\",\"width\":2048,\"height\":1465},{\"@type\":\"BreadcrumbList\",\"@id\":\"https:\/\/marekkuchcinski.pl\/en\/wydarzenia\/marek-kuchcinski-naszej-podkarpackiej-ziemi-konca-60-opozycyjne-dzialania-mialy-rownie-silny-wymiar-czasach-zolnierzy-wykletych\/#breadcrumb\",\"itemListElement\":[{\"@type\":\"ListItem\",\"position\":1,\"name\":\"Strona g\u0142\u00f3wna\",\"item\":\"https:\/\/marekkuchcinski.pl\/\"},{\"@type\":\"ListItem\",\"position\":2,\"name\":\"Marek Kuchci\u0144ski: Na naszej podkarpackiej ziemi od ko\u0144ca lat 60. opozycyjne dzia\u0142ania mia\u0142y r\u00f3wnie silny wymiar jak w czasach \u017co\u0142nierzy wykl\u0119tych\"}]},{\"@type\":\"WebSite\",\"@id\":\"https:\/\/marekkuchcinski.pl\/#website\",\"url\":\"https:\/\/marekkuchcinski.pl\/\",\"name\":\"Marek Kuchci\u0144ski\",\"description\":\"Pose\u0142 na sejm RP &ndash; okr\u0119g nr 22\",\"publisher\":{\"@id\":\"https:\/\/marekkuchcinski.pl\/#organization\"},\"potentialAction\":[{\"@type\":\"SearchAction\",\"target\":{\"@type\":\"EntryPoint\",\"urlTemplate\":\"https:\/\/marekkuchcinski.pl\/?s={search_term_string}\"},\"query-input\":{\"@type\":\"PropertyValueSpecification\",\"valueRequired\":true,\"valueName\":\"search_term_string\"}}],\"inLanguage\":\"hu\"},{\"@type\":\"Organization\",\"@id\":\"https:\/\/marekkuchcinski.pl\/#organization\",\"name\":\"Marek Kuchci\u0144ski\",\"url\":\"https:\/\/marekkuchcinski.pl\/\",\"logo\":{\"@type\":\"ImageObject\",\"inLanguage\":\"hu\",\"@id\":\"https:\/\/marekkuchcinski.pl\/#\/schema\/logo\/image\/\",\"url\":\"https:\/\/marekkuchcinski.pl\/wp-content\/uploads\/2022\/09\/Marek.jpg\",\"contentUrl\":\"https:\/\/marekkuchcinski.pl\/wp-content\/uploads\/2022\/09\/Marek.jpg\",\"width\":1600,\"height\":971,\"caption\":\"Marek Kuchci\u0144ski\"},\"image\":{\"@id\":\"https:\/\/marekkuchcinski.pl\/#\/schema\/logo\/image\/\"}},{\"@type\":\"Person\",\"@id\":\"https:\/\/marekkuchcinski.pl\/#\/schema\/person\/6f62700996b4d950b6ea2d1183b6c6be\",\"name\":\"admin\",\"image\":{\"@type\":\"ImageObject\",\"inLanguage\":\"hu\",\"@id\":\"https:\/\/marekkuchcinski.pl\/#\/schema\/person\/image\/\",\"url\":\"https:\/\/secure.gravatar.com\/avatar\/4bab693b9d55c3d6b52c0296a8765085?s=96&d=mm&r=g\",\"contentUrl\":\"https:\/\/secure.gravatar.com\/avatar\/4bab693b9d55c3d6b52c0296a8765085?s=96&d=mm&r=g\",\"caption\":\"admin\"},\"url\":\"https:\/\/marekkuchcinski.pl\/hu\/author\/marta-olejnik\/\"}]}<\/script>\n<!-- \/ Yoast SEO plugin. -->","yoast_head_json":{"title":"Marek Kuchci\u0144ski: Na naszej podkarpackiej ziemi od ko\u0144ca lat 60. opozycyjne dzia\u0142ania mia\u0142y r\u00f3wnie silny wymiar jak w czasach \u017co\u0142nierzy wykl\u0119tych &#8211; Marek Kuchci\u0144ski","robots":{"index":"index","follow":"follow","max-snippet":"max-snippet:-1","max-image-preview":"max-image-preview:large","max-video-preview":"max-video-preview:-1"},"canonical":"https:\/\/marekkuchcinski.pl\/hu\/wydarzenia\/marek-kuchcinski-naszej-podkarpackiej-ziemi-konca-60-opozycyjne-dzialania-mialy-rownie-silny-wymiar-czasach-zolnierzy-wykletych\/","og_locale":"hu_HU","og_type":"article","og_title":"Marek Kuchci\u0144ski: Na naszej podkarpackiej ziemi od ko\u0144ca lat 60. opozycyjne dzia\u0142ania mia\u0142y r\u00f3wnie silny wymiar jak w czasach \u017co\u0142nierzy wykl\u0119tych &#8211; Marek Kuchci\u0144ski","og_description":"W\u00a0Filharmonii Podkarpackiej w Rzeszowie odby\u0142 si\u0119 Kongres Os\u00f3b Represjonowanych, Dzia\u0142aczy Solidarno\u015bci i Kombatant\u00f3w. Patronat honorowy nad wydarzeniem obj\u0105\u0142 marsza\u0142ek Sejmu. Marek Kuchci\u0144ski podkre\u015bli\u0142, \u017ce w ca\u0142ym kraju obchody stulecia odzyskania przez Polsk\u0119 Niepodleg\u0142o\u015bci sta\u0142y si\u0119 sposobno\u015bci\u0105 do przypomnienia naszej d\u0142ugiej drogi wolno\u015bci oraz dwudziestu lat niezwyk\u0142ego zaanga\u017cowania ca\u0142ego spo\u0142ecze\u0144stwa w odbudow\u0119 II RP. Marsza\u0142ek przypomnia\u0142 [&hellip;]","og_url":"https:\/\/marekkuchcinski.pl\/hu\/wydarzenia\/marek-kuchcinski-naszej-podkarpackiej-ziemi-konca-60-opozycyjne-dzialania-mialy-rownie-silny-wymiar-czasach-zolnierzy-wykletych\/","og_site_name":"Marek Kuchci\u0144ski","article_published_time":"2018-12-09T11:53:59+00:00","article_modified_time":"2018-12-09T16:18:55+00:00","og_image":[{"width":2048,"height":1465,"url":"https:\/\/marekkuchcinski.pl\/wp-content\/uploads\/2018\/12\/PSX_20181209_103601.jpg","type":"image\/jpeg"}],"author":"admin","twitter_card":"summary_large_image","twitter_misc":{"Szerz\u0151:":"admin","Becs\u00fclt olvas\u00e1si id\u0151":"4 perc"},"schema":{"@context":"https:\/\/schema.org","@graph":[{"@type":"Article","@id":"https:\/\/marekkuchcinski.pl\/en\/wydarzenia\/marek-kuchcinski-naszej-podkarpackiej-ziemi-konca-60-opozycyjne-dzialania-mialy-rownie-silny-wymiar-czasach-zolnierzy-wykletych\/#article","isPartOf":{"@id":"https:\/\/marekkuchcinski.pl\/en\/wydarzenia\/marek-kuchcinski-naszej-podkarpackiej-ziemi-konca-60-opozycyjne-dzialania-mialy-rownie-silny-wymiar-czasach-zolnierzy-wykletych\/"},"author":{"name":"admin","@id":"https:\/\/marekkuchcinski.pl\/#\/schema\/person\/6f62700996b4d950b6ea2d1183b6c6be"},"headline":"Marek Kuchci\u0144ski: Na naszej podkarpackiej ziemi od ko\u0144ca lat 60. opozycyjne dzia\u0142ania mia\u0142y r\u00f3wnie silny wymiar jak w czasach \u017co\u0142nierzy wykl\u0119tych","datePublished":"2018-12-09T11:53:59+00:00","dateModified":"2018-12-09T16:18:55+00:00","mainEntityOfPage":{"@id":"https:\/\/marekkuchcinski.pl\/en\/wydarzenia\/marek-kuchcinski-naszej-podkarpackiej-ziemi-konca-60-opozycyjne-dzialania-mialy-rownie-silny-wymiar-czasach-zolnierzy-wykletych\/"},"wordCount":811,"commentCount":0,"publisher":{"@id":"https:\/\/marekkuchcinski.pl\/#organization"},"image":{"@id":"https:\/\/marekkuchcinski.pl\/en\/wydarzenia\/marek-kuchcinski-naszej-podkarpackiej-ziemi-konca-60-opozycyjne-dzialania-mialy-rownie-silny-wymiar-czasach-zolnierzy-wykletych\/#primaryimage"},"thumbnailUrl":"https:\/\/marekkuchcinski.pl\/wp-content\/uploads\/2018\/12\/PSX_20181209_103601.jpg","articleSection":["Podkarpacie","Prawo i Sprawiedliwo\u015b\u0107","Wydarzenia"],"inLanguage":"hu","potentialAction":[{"@type":"CommentAction","name":"Comment","target":["https:\/\/marekkuchcinski.pl\/en\/wydarzenia\/marek-kuchcinski-naszej-podkarpackiej-ziemi-konca-60-opozycyjne-dzialania-mialy-rownie-silny-wymiar-czasach-zolnierzy-wykletych\/#respond"]}]},{"@type":"WebPage","@id":"https:\/\/marekkuchcinski.pl\/en\/wydarzenia\/marek-kuchcinski-naszej-podkarpackiej-ziemi-konca-60-opozycyjne-dzialania-mialy-rownie-silny-wymiar-czasach-zolnierzy-wykletych\/","url":"https:\/\/marekkuchcinski.pl\/en\/wydarzenia\/marek-kuchcinski-naszej-podkarpackiej-ziemi-konca-60-opozycyjne-dzialania-mialy-rownie-silny-wymiar-czasach-zolnierzy-wykletych\/","name":"Marek Kuchci\u0144ski: Na naszej podkarpackiej ziemi od ko\u0144ca lat 60. opozycyjne dzia\u0142ania mia\u0142y r\u00f3wnie silny wymiar jak w czasach \u017co\u0142nierzy wykl\u0119tych &#8211; Marek Kuchci\u0144ski","isPartOf":{"@id":"https:\/\/marekkuchcinski.pl\/#website"},"primaryImageOfPage":{"@id":"https:\/\/marekkuchcinski.pl\/en\/wydarzenia\/marek-kuchcinski-naszej-podkarpackiej-ziemi-konca-60-opozycyjne-dzialania-mialy-rownie-silny-wymiar-czasach-zolnierzy-wykletych\/#primaryimage"},"image":{"@id":"https:\/\/marekkuchcinski.pl\/en\/wydarzenia\/marek-kuchcinski-naszej-podkarpackiej-ziemi-konca-60-opozycyjne-dzialania-mialy-rownie-silny-wymiar-czasach-zolnierzy-wykletych\/#primaryimage"},"thumbnailUrl":"https:\/\/marekkuchcinski.pl\/wp-content\/uploads\/2018\/12\/PSX_20181209_103601.jpg","datePublished":"2018-12-09T11:53:59+00:00","dateModified":"2018-12-09T16:18:55+00:00","breadcrumb":{"@id":"https:\/\/marekkuchcinski.pl\/en\/wydarzenia\/marek-kuchcinski-naszej-podkarpackiej-ziemi-konca-60-opozycyjne-dzialania-mialy-rownie-silny-wymiar-czasach-zolnierzy-wykletych\/#breadcrumb"},"inLanguage":"hu","potentialAction":[{"@type":"ReadAction","target":["https:\/\/marekkuchcinski.pl\/en\/wydarzenia\/marek-kuchcinski-naszej-podkarpackiej-ziemi-konca-60-opozycyjne-dzialania-mialy-rownie-silny-wymiar-czasach-zolnierzy-wykletych\/"]}]},{"@type":"ImageObject","inLanguage":"hu","@id":"https:\/\/marekkuchcinski.pl\/en\/wydarzenia\/marek-kuchcinski-naszej-podkarpackiej-ziemi-konca-60-opozycyjne-dzialania-mialy-rownie-silny-wymiar-czasach-zolnierzy-wykletych\/#primaryimage","url":"https:\/\/marekkuchcinski.pl\/wp-content\/uploads\/2018\/12\/PSX_20181209_103601.jpg","contentUrl":"https:\/\/marekkuchcinski.pl\/wp-content\/uploads\/2018\/12\/PSX_20181209_103601.jpg","width":2048,"height":1465},{"@type":"BreadcrumbList","@id":"https:\/\/marekkuchcinski.pl\/en\/wydarzenia\/marek-kuchcinski-naszej-podkarpackiej-ziemi-konca-60-opozycyjne-dzialania-mialy-rownie-silny-wymiar-czasach-zolnierzy-wykletych\/#breadcrumb","itemListElement":[{"@type":"ListItem","position":1,"name":"Strona g\u0142\u00f3wna","item":"https:\/\/marekkuchcinski.pl\/"},{"@type":"ListItem","position":2,"name":"Marek Kuchci\u0144ski: Na naszej podkarpackiej ziemi od ko\u0144ca lat 60. opozycyjne dzia\u0142ania mia\u0142y r\u00f3wnie silny wymiar jak w czasach \u017co\u0142nierzy wykl\u0119tych"}]},{"@type":"WebSite","@id":"https:\/\/marekkuchcinski.pl\/#website","url":"https:\/\/marekkuchcinski.pl\/","name":"Marek Kuchci\u0144ski","description":"Pose\u0142 na sejm RP &ndash; okr\u0119g nr 22","publisher":{"@id":"https:\/\/marekkuchcinski.pl\/#organization"},"potentialAction":[{"@type":"SearchAction","target":{"@type":"EntryPoint","urlTemplate":"https:\/\/marekkuchcinski.pl\/?s={search_term_string}"},"query-input":{"@type":"PropertyValueSpecification","valueRequired":true,"valueName":"search_term_string"}}],"inLanguage":"hu"},{"@type":"Organization","@id":"https:\/\/marekkuchcinski.pl\/#organization","name":"Marek Kuchci\u0144ski","url":"https:\/\/marekkuchcinski.pl\/","logo":{"@type":"ImageObject","inLanguage":"hu","@id":"https:\/\/marekkuchcinski.pl\/#\/schema\/logo\/image\/","url":"https:\/\/marekkuchcinski.pl\/wp-content\/uploads\/2022\/09\/Marek.jpg","contentUrl":"https:\/\/marekkuchcinski.pl\/wp-content\/uploads\/2022\/09\/Marek.jpg","width":1600,"height":971,"caption":"Marek Kuchci\u0144ski"},"image":{"@id":"https:\/\/marekkuchcinski.pl\/#\/schema\/logo\/image\/"}},{"@type":"Person","@id":"https:\/\/marekkuchcinski.pl\/#\/schema\/person\/6f62700996b4d950b6ea2d1183b6c6be","name":"admin","image":{"@type":"ImageObject","inLanguage":"hu","@id":"https:\/\/marekkuchcinski.pl\/#\/schema\/person\/image\/","url":"https:\/\/secure.gravatar.com\/avatar\/4bab693b9d55c3d6b52c0296a8765085?s=96&d=mm&r=g","contentUrl":"https:\/\/secure.gravatar.com\/avatar\/4bab693b9d55c3d6b52c0296a8765085?s=96&d=mm&r=g","caption":"admin"},"url":"https:\/\/marekkuchcinski.pl\/hu\/author\/marta-olejnik\/"}]}},"_links":{"self":[{"href":"https:\/\/marekkuchcinski.pl\/hu\/wp-json\/wp\/v2\/posts\/11602","targetHints":{"allow":["GET"]}}],"collection":[{"href":"https:\/\/marekkuchcinski.pl\/hu\/wp-json\/wp\/v2\/posts"}],"about":[{"href":"https:\/\/marekkuchcinski.pl\/hu\/wp-json\/wp\/v2\/types\/post"}],"author":[{"embeddable":true,"href":"https:\/\/marekkuchcinski.pl\/hu\/wp-json\/wp\/v2\/users\/6"}],"replies":[{"embeddable":true,"href":"https:\/\/marekkuchcinski.pl\/hu\/wp-json\/wp\/v2\/comments?post=11602"}],"version-history":[{"count":39,"href":"https:\/\/marekkuchcinski.pl\/hu\/wp-json\/wp\/v2\/posts\/11602\/revisions"}],"predecessor-version":[{"id":11682,"href":"https:\/\/marekkuchcinski.pl\/hu\/wp-json\/wp\/v2\/posts\/11602\/revisions\/11682"}],"wp:featuredmedia":[{"embeddable":true,"href":"https:\/\/marekkuchcinski.pl\/hu\/wp-json\/wp\/v2\/media\/11612"}],"wp:attachment":[{"href":"https:\/\/marekkuchcinski.pl\/hu\/wp-json\/wp\/v2\/media?parent=11602"}],"wp:term":[{"taxonomy":"category","embeddable":true,"href":"https:\/\/marekkuchcinski.pl\/hu\/wp-json\/wp\/v2\/categories?post=11602"},{"taxonomy":"post_tag","embeddable":true,"href":"https:\/\/marekkuchcinski.pl\/hu\/wp-json\/wp\/v2\/tags?post=11602"}],"curies":[{"name":"wp","href":"https:\/\/api.w.org\/{rel}","templated":true}]}}