{"id":11589,"date":"2018-12-09T00:04:57","date_gmt":"2018-12-08T23:04:57","guid":{"rendered":"https:\/\/marekkuchcinski.pl\/?p=11589"},"modified":"2018-12-10T13:14:03","modified_gmt":"2018-12-10T12:14:03","slug":"budapeszt","status":"publish","type":"post","link":"https:\/\/marekkuchcinski.pl\/hu\/wydarzenia\/budapeszt\/","title":{"rendered":"Budapest. Lengyelorsz\u00e1g f\u00fcggetlens\u00e9g\u00e9nek 100. \u00e9vfordul\u00f3j\u00e1t \u00fcnnepelj\u00fck"},"content":{"rendered":"<p>&nbsp;<\/p>\n<p><iframe title=\"A szejm eln\u00f6k\u00e9nek besz\u00e9de Budapesten a f\u00fcggetlens\u00e9g 100 \u00e9ves \u00e9vfordul\u00f3ja alkalm\u00e1b\u00f3l\" width=\"800\" height=\"450\" src=\"https:\/\/www.youtube.com\/embed\/c9Z1T38D4FA?feature=oembed\" frameborder=\"0\" allow=\"accelerometer; autoplay; clipboard-write; encrypted-media; gyroscope; picture-in-picture\" allowfullscreen><\/iframe><\/p>\n<p dir=\"ltr\">A m\u00e1sodik k\u00f6zt\u00e1rsas\u00e1g, amelynek 100 \u00e9ves \u00e9vfordul\u00f3j\u00e1t most \u00fcnnepelj\u00fck, dr\u00e1mai \u00e9s neh\u00e9z pillanatokkal teli id\u0151szak volt, de az emberi gondolkod\u00e1s, er\u0151 \u00e9s energia diadal\u00e1nak ideje is. Jelent\u0151s\u00e9g\u00fck messze t\u00falmutat Lengyelorsz\u00e1g hat\u00e1rain\" - mondta a szejm eln\u00f6ke, megnyitva az Orsz\u00e1ggy\u0171l\u00e9s eln\u00f6ke, K\u00f6v\u00e9r L\u00e1szl\u00f3 kezdem\u00e9nyez\u00e9s\u00e9re el\u0151k\u00e9sz\u00edtett, Lengyelorsz\u00e1g f\u00fcggetlens\u00e9g\u00e9nek visszaszerz\u00e9s\u00e9nek 100. \u00e9vfordul\u00f3ja alkalm\u00e1b\u00f3l rendezett \u00fcnnepi konferenci\u00e1t a magyar parlamentben.<\/p>\n<p dir=\"ltr\">A szejm eln\u00f6ke besz\u00e9d\u00e9ben r\u00e1mutatott, hogy Magyarorsz\u00e1g jelent\u0151s szerepet j\u00e1tszott a m\u00e1sodik Lengyel K\u00f6zt\u00e1rsas\u00e1g megsz\u00fclet\u00e9s\u00e9ben, \u00e9s eml\u00e9keztetett arra, hogy Jozef Pilsudski l\u00e9gi\u00f3iban t\u00f6bb sz\u00e1z magyar szolg\u00e1lt, valamint arra, hogy a bolsevik Oroszorsz\u00e1g elleni 1920-as h\u00e1bor\u00faban a gy\u0151zelem nem lett volna lehets\u00e9ges a magyar l\u0151szer- \u00e9s hadianyag-ell\u00e1t\u00e1s n\u00e9lk\u00fcl.<\/p>\n<p dir=\"ltr\">A k\u00e9t vil\u00e1gh\u00e1bor\u00fa k\u00f6z\u00f6tti id\u0151szakot v\u00e9gigk\u00eds\u00e9r\u0151 lengyel-magyar bar\u00e1ts\u00e1gr\u00f3l sz\u00f3lva Kuchci\u0144ski marsall felid\u00e9zte Teleki P\u00e1l minisztereln\u00f6k 1939 j\u00falius\u00e1ban Adolf Hitler n\u00e9met kancell\u00e1rhoz int\u00e9zett \u00fczenet\u00e9t: \"Ink\u00e1bb felrobbantan\u00e1m a vas\u00fatvonalainkat, minthogy r\u00e9szt vegyek Lengyelorsz\u00e1g lerohan\u00e1s\u00e1ban. Magyarorsz\u00e1g r\u00e9sz\u00e9r\u0151l nemzeti becs\u00fclet k\u00e9rd\u00e9se, hogy nem vesz r\u00e9szt semmilyen Lengyelorsz\u00e1g elleni akci\u00f3ban\". - Ez a t\u00e1virat kiv\u00e9teles volt. Teleki minisztereln\u00f6k \u00farnak ezeket a szavait mind a mai napig h\u00e1l\u00e1san \u0151rizz\u00fck eml\u00e9kezet\u00fcnkben. \u00c9ppen \u00fagy, mint ahogy a m\u00e1sodik vil\u00e1gh\u00e1bor\u00fa alatt a magyar \u00e1llam, de a magyar \u00e1tlagpolg\u00e1rok is nagy seg\u00edts\u00e9get ny\u00fajtottak a Lengyelorsz\u00e1gb\u00f3l menek\u00fcl\u0151k t\u00edzezreinek, k\u00f6zt\u00fck sok zsid\u00f3 sz\u00e1rmaz\u00e1s\u00fa gyermeknek\" - mondta.<\/p>\n<p dir=\"ltr\">Marek Kuchci\u0144ski a k\u00f6z\u00f6s lengyel-magyar szabads\u00e1gt\u00f6rekv\u00e9sekre utalva felid\u00e9zte a k\u00f6zelm\u00falt t\u00f6rt\u00e9nelm\u00e9nek mindk\u00e9t nemzet sz\u00e1m\u00e1ra szimbolikus pillanatait, amelyek a vars\u00f3i felkel\u00e9s, a magyar felkel\u00e9s, a pr\u00e1gai tavasz esem\u00e9nyei, a \"Szolidarit\u00e1s\" id\u0151szaka \u00e9s a kommunizmus buk\u00e1s\u00e1nak kezdete sor\u00e1n t\u00f6rt\u00e9ntek. - Magyar testv\u00e9reink akkor vel\u00fcnk voltak a 21. sz\u00e1zad neh\u00e9z pillanataiban, mint p\u00e9ld\u00e1ul a szmolenszki katasztr\u00f3fa \u00e9s Lech Kaczy\u0144ski eln\u00f6k hal\u00e1la 2010 \u00e1prilis\u00e1ban, akinek eml\u00e9km\u0171v\u00e9t nemr\u00e9g avatt\u00e1k fel Budapesten. Ak\u00e1rcsak J\u00f3zef Pi\u0142sudski marsall mellszobra\" - jegyezte meg Kuchci\u0144ski marsall.<\/p>\n<p dir=\"ltr\">Besz\u00e9de v\u00e9g\u00e9n a szejm eln\u00f6ke utalt Wac\u0142aw Felczak szimbolikus alakj\u00e1ra, aki a II. vil\u00e1gh\u00e1bor\u00fa alatt a lengyel f\u00f6ldalatti \u00e1llam fut\u00e1ra volt, k\u00e9s\u0151bb pedig kiv\u00e1l\u00f3 t\u00f6rt\u00e9n\u00e9sz \u00e9s Magyarorsz\u00e1g nagy szak\u00e9rt\u0151je, akinek nev\u00e9t az id\u00e9n l\u00e9trehozott Lengyel-Magyar Egy\u00fcttm\u0171k\u00f6d\u00e9si Int\u00e9zet viseli: Lengyel-Magyar Egy\u00fcttm\u0171k\u00f6d\u00e9si Int\u00e9zet Lengyelorsz\u00e1gban, valamint annak magyarorsz\u00e1gi megfelel\u0151je, a Wac\u0142aw Felczak Alap\u00edtv\u00e1ny. Marek Kuchci\u0144ski felid\u00e9zte Felczak professzor szavait, amelyek szerinte jellemzik a f\u00fcggetlens\u00e9g visszanyer\u00e9se ut\u00e1ni lengyel \u00e9s magyar politik\u00e1t: \"Mindenekel\u0151tt rajtunk m\u00falik, hogy K\u00f6z\u00e9p-Eur\u00f3pa orsz\u00e1gai soha t\u00f6bb\u00e9 ne legyenek arra k\u00e1rhoztatva, hogy utasok legyenek egy olyan vonaton, amely nem az \u00e1ltalunk v\u00e1lasztott ir\u00e1nyba halad, \u00e9s nem \u00e1ll meg olyan meg\u00e1ll\u00f3helyeken, ahol mi akarjuk. \"<\/p>\n<p dir=\"ltr\">K\u00f6v\u00e9r L\u00e1szl\u00f3 k\u00f6zt\u00e1rsas\u00e1gi eln\u00f6k z\u00e1r\u00f3besz\u00e9d\u00e9ben \u00f6r\u00f6m\u00e9t fejezte ki, hogy ma a lengyel n\u00e9ppel egy\u00fctt \u00fcnnepelheti f\u00fcggetlens\u00e9g\u00fcnk 100. \u00e9vfordul\u00f3j\u00e1t. Eml\u00e9keztetett arra, hogy Lengyelorsz\u00e1gnak \u00e9s Magyarorsz\u00e1gnak neh\u00e9z t\u00f6rt\u00e9nelme van, amelyb\u0151l most le kell vonniuk a k\u00f6vetkeztet\u00e9seket, \u00e9s a j\u00f6v\u0151ben nem szabad engedni\u00fck, hogy idegen csapatok s\u00f6p\u00f6rjenek v\u00e9gig orsz\u00e1gukon. Hangs\u00falyozta, hogy most mindk\u00e9t orsz\u00e1gnak a visegr\u00e1di orsz\u00e1gokkal egy\u00fcttm\u0171k\u00f6dve kell gondoskodnia K\u00f6z\u00e9p-Eur\u00f3pa fejl\u0151d\u00e9s\u00e9r\u0151l, \u00e9rdekeinek \u00e9s kereszt\u00e9ny identit\u00e1s\u00e1nak v\u00e9delm\u00e9r\u0151l.<\/p>\n<p dir=\"ltr\">Az \u00fcnneps\u00e9gen lengyel \u00e9s magyar t\u00f6rt\u00e9n\u00e9szek is felsz\u00f3laltak. Lengyelorsz\u00e1got a Wac\u0142aw Felczak Lengyel-Magyar Egy\u00fcttm\u0171k\u00f6d\u00e9si Int\u00e9zet Tan\u00e1cs\u00e1nak k\u00e9pvisel\u0151i, Arkadiusz Adamczyk professzor \u00e9s Dr. Adam Szabelski k\u00e9pviselte. Az el\u0151ad\u00f3k a lengyel-magyar bar\u00e1ts\u00e1g alapjait \u00e9s elemeit mutatt\u00e1k be t\u00f6rt\u00e9nelm\u00fcnk k\u00fcl\u00f6nb\u00f6z\u0151 id\u0151szakaiban 1918-t\u00f3l napjainkig a sz\u00e1mos \u00f6sszegy\u0171lt vend\u00e9gnek.<\/p>\n<p dir=\"ltr\">A parlamenti \u00fcnneps\u00e9g ut\u00e1n a szejm eln\u00f6ke a budapesti lengyel nagyk\u00f6vets\u00e9gre ment, ahol tal\u00e1lkozott a magyarorsz\u00e1gi lengyel k\u00f6z\u00f6ss\u00e9ggel. A kar\u00e1csonyi j\u00f3k\u00edv\u00e1ns\u00e1gokat felaj\u00e1nlva eml\u00e9keztetett arra, hogy a 2018-as \u00e9v k\u00fcl\u00f6nleges Lengyelorsz\u00e1g sz\u00e1m\u00e1ra, mivel Lengyelorsz\u00e1g f\u00fcggetlens\u00e9g\u00e9nek visszanyer\u00e9s\u00e9nek 100. \u00e9vfordul\u00f3ja, valamint a Lengyel K\u00f6zt\u00e1rsas\u00e1g parlamentarizmus\u00e1nak - haz\u00e1nk leghosszabb ideje m\u0171k\u00f6d\u0151 \u00e1llami int\u00e9zm\u00e9ny\u00e9nek - 550. \u00e9vfordul\u00f3ja miatt. Marek Kuchci\u0144ski is elismer\u0151en nyilatkozott a lengyel-magyar kapcsolatokr\u00f3l. - N\u00e1lunk a szabad \u00e1llamok \u00e9s a szabad nemzetek is egy\u00fcttm\u0171k\u00f6dnek egym\u00e1ssal, \u00e9s ennek legjobb bizony\u00edt\u00e9ka \u00f6n\u00f6k, mint a magyarorsz\u00e1gi lengyel k\u00f6z\u00f6ss\u00e9g\" - mondta.<\/p>\n<p dir=\"ltr\"><span style=\"color: #000000;\">LINK:\u00a0<a style=\"color: #000000;\" href=\"https:\/\/marekkuchcinski.pl\/wp-content\/uploads\/2018\/12\/Ca\u0142e-wysta\u0328pienie-marsza\u0142ka-Sejmu-w-Budapeszczie.pdf\">A Szejm eln\u00f6k\u00e9nek teljes besz\u00e9de Budapesten<\/a><\/span><\/p>\n<p><a href=\"https:\/\/marekkuchcinski.pl\/wp-content\/uploads\/2018\/12\/RZ__0167.jpg\"><img fetchpriority=\"high\" decoding=\"async\" class=\"alignnone size-full wp-image-11596\" src=\"https:\/\/marekkuchcinski.pl\/wp-content\/uploads\/2018\/12\/RZ__0167.jpg\" alt=\"RZ__0167\" width=\"4464\" height=\"2976\" srcset=\"https:\/\/marekkuchcinski.pl\/wp-content\/uploads\/2018\/12\/RZ__0167.jpg 2048w, https:\/\/marekkuchcinski.pl\/wp-content\/uploads\/2018\/12\/RZ__0167-300x200.jpg 300w, https:\/\/marekkuchcinski.pl\/wp-content\/uploads\/2018\/12\/RZ__0167-768x512.jpg 768w, https:\/\/marekkuchcinski.pl\/wp-content\/uploads\/2018\/12\/RZ__0167-1024x683.jpg 1024w\" sizes=\"(max-width: 4464px) 100vw, 4464px\" \/><\/a><a href=\"https:\/\/marekkuchcinski.pl\/wp-content\/uploads\/2018\/12\/RZ__0077.view_.jpg\"><img decoding=\"async\" class=\"alignnone size-full wp-image-11590\" src=\"https:\/\/marekkuchcinski.pl\/wp-content\/uploads\/2018\/12\/RZ__0077.view_.jpg\" alt=\"RZ__0077.view\" width=\"800\" height=\"533\" srcset=\"https:\/\/marekkuchcinski.pl\/wp-content\/uploads\/2018\/12\/RZ__0077.view_.jpg 800w, https:\/\/marekkuchcinski.pl\/wp-content\/uploads\/2018\/12\/RZ__0077.view_-300x200.jpg 300w, https:\/\/marekkuchcinski.pl\/wp-content\/uploads\/2018\/12\/RZ__0077.view_-768x512.jpg 768w\" sizes=\"(max-width: 800px) 100vw, 800px\" \/><\/a> <a href=\"https:\/\/marekkuchcinski.pl\/wp-content\/uploads\/2018\/12\/RZ__0125.jpg\"><img decoding=\"async\" class=\"alignnone size-full wp-image-11592\" src=\"https:\/\/marekkuchcinski.pl\/wp-content\/uploads\/2018\/12\/RZ__0125.jpg\" alt=\"RZ__0125\" width=\"4464\" height=\"2976\" srcset=\"https:\/\/marekkuchcinski.pl\/wp-content\/uploads\/2018\/12\/RZ__0125.jpg 2048w, https:\/\/marekkuchcinski.pl\/wp-content\/uploads\/2018\/12\/RZ__0125-300x200.jpg 300w, https:\/\/marekkuchcinski.pl\/wp-content\/uploads\/2018\/12\/RZ__0125-768x512.jpg 768w, https:\/\/marekkuchcinski.pl\/wp-content\/uploads\/2018\/12\/RZ__0125-1024x683.jpg 1024w\" sizes=\"(max-width: 4464px) 100vw, 4464px\" \/><\/a> <a href=\"https:\/\/marekkuchcinski.pl\/wp-content\/uploads\/2018\/12\/RZ__0385.view_.jpg\"><img loading=\"lazy\" decoding=\"async\" class=\"alignnone size-full wp-image-11593\" src=\"https:\/\/marekkuchcinski.pl\/wp-content\/uploads\/2018\/12\/RZ__0385.view_.jpg\" alt=\"RZ__0385.view\" width=\"800\" height=\"533\" srcset=\"https:\/\/marekkuchcinski.pl\/wp-content\/uploads\/2018\/12\/RZ__0385.view_.jpg 800w, https:\/\/marekkuchcinski.pl\/wp-content\/uploads\/2018\/12\/RZ__0385.view_-300x200.jpg 300w, https:\/\/marekkuchcinski.pl\/wp-content\/uploads\/2018\/12\/RZ__0385.view_-768x512.jpg 768w\" sizes=\"(max-width: 800px) 100vw, 800px\" \/><\/a> <a href=\"https:\/\/marekkuchcinski.pl\/wp-content\/uploads\/2018\/12\/RZ__0598.view_.jpg\"><img loading=\"lazy\" decoding=\"async\" class=\"alignnone size-full wp-image-11594\" src=\"https:\/\/marekkuchcinski.pl\/wp-content\/uploads\/2018\/12\/RZ__0598.view_.jpg\" alt=\"RZ__0598.view\" width=\"800\" height=\"533\" srcset=\"https:\/\/marekkuchcinski.pl\/wp-content\/uploads\/2018\/12\/RZ__0598.view_.jpg 800w, https:\/\/marekkuchcinski.pl\/wp-content\/uploads\/2018\/12\/RZ__0598.view_-300x200.jpg 300w, https:\/\/marekkuchcinski.pl\/wp-content\/uploads\/2018\/12\/RZ__0598.view_-768x512.jpg 768w\" sizes=\"(max-width: 800px) 100vw, 800px\" \/><\/a><a href=\"https:\/\/marekkuchcinski.pl\/wp-content\/uploads\/2018\/12\/RZ__0897.jpg\"><img loading=\"lazy\" decoding=\"async\" class=\"alignnone size-full wp-image-11685\" src=\"https:\/\/marekkuchcinski.pl\/wp-content\/uploads\/2018\/12\/RZ__0897.jpg\" alt=\"RZ__0897\" width=\"2644\" height=\"1720\" srcset=\"https:\/\/marekkuchcinski.pl\/wp-content\/uploads\/2018\/12\/RZ__0897.jpg 2048w, https:\/\/marekkuchcinski.pl\/wp-content\/uploads\/2018\/12\/RZ__0897-300x195.jpg 300w, https:\/\/marekkuchcinski.pl\/wp-content\/uploads\/2018\/12\/RZ__0897-768x500.jpg 768w, https:\/\/marekkuchcinski.pl\/wp-content\/uploads\/2018\/12\/RZ__0897-1024x666.jpg 1024w\" sizes=\"(max-width: 2644px) 100vw, 2644px\" \/><\/a><\/p>\n<p><em>Fot\u00f3: Rafa\u0142 Zambrzycki\/ Sejm<\/em><\/p>","protected":false},"excerpt":{"rendered":"<p>&nbsp; II Rzeczpospolita, kt\u00f3rej 100-letni\u0105 rocznic\u0119 ustanowienia w\u0142a\u015bnie obchodzimy, to czas moment\u00f3w dramatycznych i trudnych,\u00a0 ale te\u017c czas triumfu ludzkiej my\u015bli, si\u0142y i energii. Daleko swoim znaczeniem przekraczaj\u0105cych granice Polski &#8211; powiedzia\u0142 marsza\u0142ek Sejmu, otwieraj\u0105c w w\u0119gierskim Parlamencie uroczyst\u0105 konferencj\u0119 przygotowan\u0105 z inicjatywy przewodnicz\u0105cego Zgromadzenia Narodowego L\u00e1szl\u00f3 K\u00f6v\u00e9ra, po\u015bwi\u0119con\u0105 100-leciu odzyskania przez Polsk\u0119 niepodleg\u0142o\u015bci. Marsza\u0142ek [&hellip;]<\/p>","protected":false},"author":6,"featured_media":11590,"comment_status":"open","ping_status":"open","sticky":false,"template":"","format":"standard","meta":{"ngg_post_thumbnail":0,"footnotes":""},"categories":[50,3],"tags":[],"class_list":["post-11589","post","type-post","status-publish","format-standard","has-post-thumbnail","hentry","category-wspolpraca-miedzynarodowa","category-wydarzenia"],"yoast_head":"<!-- This site is optimized with the Yoast SEO plugin v24.7 - https:\/\/yoast.com\/wordpress\/plugins\/seo\/ -->\n<title>Budapeszt. Obchody 100-lecia odzyskania niepodleg\u0142o\u015bci przez Polsk\u0119 &#8211; Marek Kuchci\u0144ski<\/title>\n<meta name=\"robots\" content=\"index, follow, max-snippet:-1, max-image-preview:large, max-video-preview:-1\" \/>\n<link rel=\"canonical\" href=\"https:\/\/marekkuchcinski.pl\/hu\/wydarzenia\/budapeszt\/\" \/>\n<meta property=\"og:locale\" content=\"hu_HU\" \/>\n<meta property=\"og:type\" content=\"article\" \/>\n<meta property=\"og:title\" content=\"Budapeszt. Obchody 100-lecia odzyskania niepodleg\u0142o\u015bci przez Polsk\u0119 &#8211; Marek Kuchci\u0144ski\" \/>\n<meta property=\"og:description\" content=\"&nbsp; II Rzeczpospolita, kt\u00f3rej 100-letni\u0105 rocznic\u0119 ustanowienia w\u0142a\u015bnie obchodzimy, to czas moment\u00f3w dramatycznych i trudnych,\u00a0 ale te\u017c czas triumfu ludzkiej my\u015bli, si\u0142y i energii. Daleko swoim znaczeniem przekraczaj\u0105cych granice Polski &#8211; powiedzia\u0142 marsza\u0142ek Sejmu, otwieraj\u0105c w w\u0119gierskim Parlamencie uroczyst\u0105 konferencj\u0119 przygotowan\u0105 z inicjatywy przewodnicz\u0105cego Zgromadzenia Narodowego L\u00e1szl\u00f3 K\u00f6v\u00e9ra, po\u015bwi\u0119con\u0105 100-leciu odzyskania przez Polsk\u0119 niepodleg\u0142o\u015bci. Marsza\u0142ek [&hellip;]\" \/>\n<meta property=\"og:url\" content=\"https:\/\/marekkuchcinski.pl\/hu\/wydarzenia\/budapeszt\/\" \/>\n<meta property=\"og:site_name\" content=\"Marek Kuchci\u0144ski\" \/>\n<meta property=\"article:published_time\" content=\"2018-12-08T23:04:57+00:00\" \/>\n<meta property=\"article:modified_time\" content=\"2018-12-10T12:14:03+00:00\" \/>\n<meta property=\"og:image\" content=\"https:\/\/marekkuchcinski.pl\/wp-content\/uploads\/2018\/12\/RZ__0077.view_.jpg\" \/>\n\t<meta property=\"og:image:width\" content=\"800\" \/>\n\t<meta property=\"og:image:height\" content=\"533\" \/>\n\t<meta property=\"og:image:type\" content=\"image\/jpeg\" \/>\n<meta name=\"author\" content=\"admin\" \/>\n<meta name=\"twitter:card\" content=\"summary_large_image\" \/>\n<meta name=\"twitter:label1\" content=\"Szerz\u0151:\" \/>\n\t<meta name=\"twitter:data1\" content=\"admin\" \/>\n\t<meta name=\"twitter:label2\" content=\"Becs\u00fclt olvas\u00e1si id\u0151\" \/>\n\t<meta name=\"twitter:data2\" content=\"4 perc\" \/>\n<script type=\"application\/ld+json\" class=\"yoast-schema-graph\">{\"@context\":\"https:\/\/schema.org\",\"@graph\":[{\"@type\":\"Article\",\"@id\":\"https:\/\/marekkuchcinski.pl\/en\/wydarzenia\/budapeszt\/#article\",\"isPartOf\":{\"@id\":\"https:\/\/marekkuchcinski.pl\/en\/wydarzenia\/budapeszt\/\"},\"author\":{\"name\":\"admin\",\"@id\":\"https:\/\/marekkuchcinski.pl\/#\/schema\/person\/6f62700996b4d950b6ea2d1183b6c6be\"},\"headline\":\"Budapeszt. Obchody 100-lecia odzyskania niepodleg\u0142o\u015bci przez Polsk\u0119\",\"datePublished\":\"2018-12-08T23:04:57+00:00\",\"dateModified\":\"2018-12-10T12:14:03+00:00\",\"mainEntityOfPage\":{\"@id\":\"https:\/\/marekkuchcinski.pl\/en\/wydarzenia\/budapeszt\/\"},\"wordCount\":803,\"commentCount\":0,\"publisher\":{\"@id\":\"https:\/\/marekkuchcinski.pl\/#organization\"},\"image\":{\"@id\":\"https:\/\/marekkuchcinski.pl\/en\/wydarzenia\/budapeszt\/#primaryimage\"},\"thumbnailUrl\":\"https:\/\/marekkuchcinski.pl\/wp-content\/uploads\/2018\/12\/RZ__0077.view_.jpg\",\"articleSection\":[\"Wsp\u00f3\u0142praca mi\u0119dzynarodowa\",\"Wydarzenia\"],\"inLanguage\":\"hu\",\"potentialAction\":[{\"@type\":\"CommentAction\",\"name\":\"Comment\",\"target\":[\"https:\/\/marekkuchcinski.pl\/en\/wydarzenia\/budapeszt\/#respond\"]}]},{\"@type\":\"WebPage\",\"@id\":\"https:\/\/marekkuchcinski.pl\/en\/wydarzenia\/budapeszt\/\",\"url\":\"https:\/\/marekkuchcinski.pl\/en\/wydarzenia\/budapeszt\/\",\"name\":\"Budapeszt. Obchody 100-lecia odzyskania niepodleg\u0142o\u015bci przez Polsk\u0119 &#8211; Marek Kuchci\u0144ski\",\"isPartOf\":{\"@id\":\"https:\/\/marekkuchcinski.pl\/#website\"},\"primaryImageOfPage\":{\"@id\":\"https:\/\/marekkuchcinski.pl\/en\/wydarzenia\/budapeszt\/#primaryimage\"},\"image\":{\"@id\":\"https:\/\/marekkuchcinski.pl\/en\/wydarzenia\/budapeszt\/#primaryimage\"},\"thumbnailUrl\":\"https:\/\/marekkuchcinski.pl\/wp-content\/uploads\/2018\/12\/RZ__0077.view_.jpg\",\"datePublished\":\"2018-12-08T23:04:57+00:00\",\"dateModified\":\"2018-12-10T12:14:03+00:00\",\"breadcrumb\":{\"@id\":\"https:\/\/marekkuchcinski.pl\/en\/wydarzenia\/budapeszt\/#breadcrumb\"},\"inLanguage\":\"hu\",\"potentialAction\":[{\"@type\":\"ReadAction\",\"target\":[\"https:\/\/marekkuchcinski.pl\/en\/wydarzenia\/budapeszt\/\"]}]},{\"@type\":\"ImageObject\",\"inLanguage\":\"hu\",\"@id\":\"https:\/\/marekkuchcinski.pl\/en\/wydarzenia\/budapeszt\/#primaryimage\",\"url\":\"https:\/\/marekkuchcinski.pl\/wp-content\/uploads\/2018\/12\/RZ__0077.view_.jpg\",\"contentUrl\":\"https:\/\/marekkuchcinski.pl\/wp-content\/uploads\/2018\/12\/RZ__0077.view_.jpg\",\"width\":800,\"height\":533},{\"@type\":\"BreadcrumbList\",\"@id\":\"https:\/\/marekkuchcinski.pl\/en\/wydarzenia\/budapeszt\/#breadcrumb\",\"itemListElement\":[{\"@type\":\"ListItem\",\"position\":1,\"name\":\"Strona g\u0142\u00f3wna\",\"item\":\"https:\/\/marekkuchcinski.pl\/\"},{\"@type\":\"ListItem\",\"position\":2,\"name\":\"Budapeszt. Obchody 100-lecia odzyskania niepodleg\u0142o\u015bci przez Polsk\u0119\"}]},{\"@type\":\"WebSite\",\"@id\":\"https:\/\/marekkuchcinski.pl\/#website\",\"url\":\"https:\/\/marekkuchcinski.pl\/\",\"name\":\"Marek Kuchci\u0144ski\",\"description\":\"Pose\u0142 na sejm RP &ndash; okr\u0119g nr 22\",\"publisher\":{\"@id\":\"https:\/\/marekkuchcinski.pl\/#organization\"},\"potentialAction\":[{\"@type\":\"SearchAction\",\"target\":{\"@type\":\"EntryPoint\",\"urlTemplate\":\"https:\/\/marekkuchcinski.pl\/?s={search_term_string}\"},\"query-input\":{\"@type\":\"PropertyValueSpecification\",\"valueRequired\":true,\"valueName\":\"search_term_string\"}}],\"inLanguage\":\"hu\"},{\"@type\":\"Organization\",\"@id\":\"https:\/\/marekkuchcinski.pl\/#organization\",\"name\":\"Marek Kuchci\u0144ski\",\"url\":\"https:\/\/marekkuchcinski.pl\/\",\"logo\":{\"@type\":\"ImageObject\",\"inLanguage\":\"hu\",\"@id\":\"https:\/\/marekkuchcinski.pl\/#\/schema\/logo\/image\/\",\"url\":\"https:\/\/marekkuchcinski.pl\/wp-content\/uploads\/2022\/09\/Marek.jpg\",\"contentUrl\":\"https:\/\/marekkuchcinski.pl\/wp-content\/uploads\/2022\/09\/Marek.jpg\",\"width\":1600,\"height\":971,\"caption\":\"Marek Kuchci\u0144ski\"},\"image\":{\"@id\":\"https:\/\/marekkuchcinski.pl\/#\/schema\/logo\/image\/\"}},{\"@type\":\"Person\",\"@id\":\"https:\/\/marekkuchcinski.pl\/#\/schema\/person\/6f62700996b4d950b6ea2d1183b6c6be\",\"name\":\"admin\",\"image\":{\"@type\":\"ImageObject\",\"inLanguage\":\"hu\",\"@id\":\"https:\/\/marekkuchcinski.pl\/#\/schema\/person\/image\/\",\"url\":\"https:\/\/secure.gravatar.com\/avatar\/4bab693b9d55c3d6b52c0296a8765085?s=96&d=mm&r=g\",\"contentUrl\":\"https:\/\/secure.gravatar.com\/avatar\/4bab693b9d55c3d6b52c0296a8765085?s=96&d=mm&r=g\",\"caption\":\"admin\"},\"url\":\"https:\/\/marekkuchcinski.pl\/hu\/author\/marta-olejnik\/\"}]}<\/script>\n<!-- \/ Yoast SEO plugin. -->","yoast_head_json":{"title":"Budapeszt. Obchody 100-lecia odzyskania niepodleg\u0142o\u015bci przez Polsk\u0119 &#8211; Marek Kuchci\u0144ski","robots":{"index":"index","follow":"follow","max-snippet":"max-snippet:-1","max-image-preview":"max-image-preview:large","max-video-preview":"max-video-preview:-1"},"canonical":"https:\/\/marekkuchcinski.pl\/hu\/wydarzenia\/budapeszt\/","og_locale":"hu_HU","og_type":"article","og_title":"Budapeszt. Obchody 100-lecia odzyskania niepodleg\u0142o\u015bci przez Polsk\u0119 &#8211; Marek Kuchci\u0144ski","og_description":"&nbsp; II Rzeczpospolita, kt\u00f3rej 100-letni\u0105 rocznic\u0119 ustanowienia w\u0142a\u015bnie obchodzimy, to czas moment\u00f3w dramatycznych i trudnych,\u00a0 ale te\u017c czas triumfu ludzkiej my\u015bli, si\u0142y i energii. Daleko swoim znaczeniem przekraczaj\u0105cych granice Polski &#8211; powiedzia\u0142 marsza\u0142ek Sejmu, otwieraj\u0105c w w\u0119gierskim Parlamencie uroczyst\u0105 konferencj\u0119 przygotowan\u0105 z inicjatywy przewodnicz\u0105cego Zgromadzenia Narodowego L\u00e1szl\u00f3 K\u00f6v\u00e9ra, po\u015bwi\u0119con\u0105 100-leciu odzyskania przez Polsk\u0119 niepodleg\u0142o\u015bci. Marsza\u0142ek [&hellip;]","og_url":"https:\/\/marekkuchcinski.pl\/hu\/wydarzenia\/budapeszt\/","og_site_name":"Marek Kuchci\u0144ski","article_published_time":"2018-12-08T23:04:57+00:00","article_modified_time":"2018-12-10T12:14:03+00:00","og_image":[{"width":800,"height":533,"url":"https:\/\/marekkuchcinski.pl\/wp-content\/uploads\/2018\/12\/RZ__0077.view_.jpg","type":"image\/jpeg"}],"author":"admin","twitter_card":"summary_large_image","twitter_misc":{"Szerz\u0151:":"admin","Becs\u00fclt olvas\u00e1si id\u0151":"4 perc"},"schema":{"@context":"https:\/\/schema.org","@graph":[{"@type":"Article","@id":"https:\/\/marekkuchcinski.pl\/en\/wydarzenia\/budapeszt\/#article","isPartOf":{"@id":"https:\/\/marekkuchcinski.pl\/en\/wydarzenia\/budapeszt\/"},"author":{"name":"admin","@id":"https:\/\/marekkuchcinski.pl\/#\/schema\/person\/6f62700996b4d950b6ea2d1183b6c6be"},"headline":"Budapeszt. Obchody 100-lecia odzyskania niepodleg\u0142o\u015bci przez Polsk\u0119","datePublished":"2018-12-08T23:04:57+00:00","dateModified":"2018-12-10T12:14:03+00:00","mainEntityOfPage":{"@id":"https:\/\/marekkuchcinski.pl\/en\/wydarzenia\/budapeszt\/"},"wordCount":803,"commentCount":0,"publisher":{"@id":"https:\/\/marekkuchcinski.pl\/#organization"},"image":{"@id":"https:\/\/marekkuchcinski.pl\/en\/wydarzenia\/budapeszt\/#primaryimage"},"thumbnailUrl":"https:\/\/marekkuchcinski.pl\/wp-content\/uploads\/2018\/12\/RZ__0077.view_.jpg","articleSection":["Wsp\u00f3\u0142praca mi\u0119dzynarodowa","Wydarzenia"],"inLanguage":"hu","potentialAction":[{"@type":"CommentAction","name":"Comment","target":["https:\/\/marekkuchcinski.pl\/en\/wydarzenia\/budapeszt\/#respond"]}]},{"@type":"WebPage","@id":"https:\/\/marekkuchcinski.pl\/en\/wydarzenia\/budapeszt\/","url":"https:\/\/marekkuchcinski.pl\/en\/wydarzenia\/budapeszt\/","name":"Budapeszt. Obchody 100-lecia odzyskania niepodleg\u0142o\u015bci przez Polsk\u0119 &#8211; Marek Kuchci\u0144ski","isPartOf":{"@id":"https:\/\/marekkuchcinski.pl\/#website"},"primaryImageOfPage":{"@id":"https:\/\/marekkuchcinski.pl\/en\/wydarzenia\/budapeszt\/#primaryimage"},"image":{"@id":"https:\/\/marekkuchcinski.pl\/en\/wydarzenia\/budapeszt\/#primaryimage"},"thumbnailUrl":"https:\/\/marekkuchcinski.pl\/wp-content\/uploads\/2018\/12\/RZ__0077.view_.jpg","datePublished":"2018-12-08T23:04:57+00:00","dateModified":"2018-12-10T12:14:03+00:00","breadcrumb":{"@id":"https:\/\/marekkuchcinski.pl\/en\/wydarzenia\/budapeszt\/#breadcrumb"},"inLanguage":"hu","potentialAction":[{"@type":"ReadAction","target":["https:\/\/marekkuchcinski.pl\/en\/wydarzenia\/budapeszt\/"]}]},{"@type":"ImageObject","inLanguage":"hu","@id":"https:\/\/marekkuchcinski.pl\/en\/wydarzenia\/budapeszt\/#primaryimage","url":"https:\/\/marekkuchcinski.pl\/wp-content\/uploads\/2018\/12\/RZ__0077.view_.jpg","contentUrl":"https:\/\/marekkuchcinski.pl\/wp-content\/uploads\/2018\/12\/RZ__0077.view_.jpg","width":800,"height":533},{"@type":"BreadcrumbList","@id":"https:\/\/marekkuchcinski.pl\/en\/wydarzenia\/budapeszt\/#breadcrumb","itemListElement":[{"@type":"ListItem","position":1,"name":"Strona g\u0142\u00f3wna","item":"https:\/\/marekkuchcinski.pl\/"},{"@type":"ListItem","position":2,"name":"Budapeszt. Obchody 100-lecia odzyskania niepodleg\u0142o\u015bci przez Polsk\u0119"}]},{"@type":"WebSite","@id":"https:\/\/marekkuchcinski.pl\/#website","url":"https:\/\/marekkuchcinski.pl\/","name":"Marek Kuchci\u0144ski","description":"Pose\u0142 na sejm RP &ndash; okr\u0119g nr 22","publisher":{"@id":"https:\/\/marekkuchcinski.pl\/#organization"},"potentialAction":[{"@type":"SearchAction","target":{"@type":"EntryPoint","urlTemplate":"https:\/\/marekkuchcinski.pl\/?s={search_term_string}"},"query-input":{"@type":"PropertyValueSpecification","valueRequired":true,"valueName":"search_term_string"}}],"inLanguage":"hu"},{"@type":"Organization","@id":"https:\/\/marekkuchcinski.pl\/#organization","name":"Marek Kuchci\u0144ski","url":"https:\/\/marekkuchcinski.pl\/","logo":{"@type":"ImageObject","inLanguage":"hu","@id":"https:\/\/marekkuchcinski.pl\/#\/schema\/logo\/image\/","url":"https:\/\/marekkuchcinski.pl\/wp-content\/uploads\/2022\/09\/Marek.jpg","contentUrl":"https:\/\/marekkuchcinski.pl\/wp-content\/uploads\/2022\/09\/Marek.jpg","width":1600,"height":971,"caption":"Marek Kuchci\u0144ski"},"image":{"@id":"https:\/\/marekkuchcinski.pl\/#\/schema\/logo\/image\/"}},{"@type":"Person","@id":"https:\/\/marekkuchcinski.pl\/#\/schema\/person\/6f62700996b4d950b6ea2d1183b6c6be","name":"admin","image":{"@type":"ImageObject","inLanguage":"hu","@id":"https:\/\/marekkuchcinski.pl\/#\/schema\/person\/image\/","url":"https:\/\/secure.gravatar.com\/avatar\/4bab693b9d55c3d6b52c0296a8765085?s=96&d=mm&r=g","contentUrl":"https:\/\/secure.gravatar.com\/avatar\/4bab693b9d55c3d6b52c0296a8765085?s=96&d=mm&r=g","caption":"admin"},"url":"https:\/\/marekkuchcinski.pl\/hu\/author\/marta-olejnik\/"}]}},"_links":{"self":[{"href":"https:\/\/marekkuchcinski.pl\/hu\/wp-json\/wp\/v2\/posts\/11589","targetHints":{"allow":["GET"]}}],"collection":[{"href":"https:\/\/marekkuchcinski.pl\/hu\/wp-json\/wp\/v2\/posts"}],"about":[{"href":"https:\/\/marekkuchcinski.pl\/hu\/wp-json\/wp\/v2\/types\/post"}],"author":[{"embeddable":true,"href":"https:\/\/marekkuchcinski.pl\/hu\/wp-json\/wp\/v2\/users\/6"}],"replies":[{"embeddable":true,"href":"https:\/\/marekkuchcinski.pl\/hu\/wp-json\/wp\/v2\/comments?post=11589"}],"version-history":[{"count":9,"href":"https:\/\/marekkuchcinski.pl\/hu\/wp-json\/wp\/v2\/posts\/11589\/revisions"}],"predecessor-version":[{"id":11686,"href":"https:\/\/marekkuchcinski.pl\/hu\/wp-json\/wp\/v2\/posts\/11589\/revisions\/11686"}],"wp:featuredmedia":[{"embeddable":true,"href":"https:\/\/marekkuchcinski.pl\/hu\/wp-json\/wp\/v2\/media\/11590"}],"wp:attachment":[{"href":"https:\/\/marekkuchcinski.pl\/hu\/wp-json\/wp\/v2\/media?parent=11589"}],"wp:term":[{"taxonomy":"category","embeddable":true,"href":"https:\/\/marekkuchcinski.pl\/hu\/wp-json\/wp\/v2\/categories?post=11589"},{"taxonomy":"post_tag","embeddable":true,"href":"https:\/\/marekkuchcinski.pl\/hu\/wp-json\/wp\/v2\/tags?post=11589"}],"curies":[{"name":"wp","href":"https:\/\/api.w.org\/{rel}","templated":true}]}}