{"id":11575,"date":"2018-12-07T15:22:27","date_gmt":"2018-12-07T14:22:27","guid":{"rendered":"https:\/\/marekkuchcinski.pl\/?p=11575"},"modified":"2018-12-07T15:24:47","modified_gmt":"2018-12-07T14:24:47","slug":"marek-kuchcinski-produkty-regionalne-zyskuja-znaczeniu-powinnismy-dolozyc-wszelkich-staran-aby-promowac-je-we-wlasnym-kraju-europie-swiecie","status":"publish","type":"post","link":"https:\/\/marekkuchcinski.pl\/hu\/wydarzenia\/marek-kuchcinski-produkty-regionalne-zyskuja-znaczeniu-powinnismy-dolozyc-wszelkich-staran-aby-promowac-je-we-wlasnym-kraju-europie-swiecie\/","title":{"rendered":"Marek Kuchci\u0144ski: A region\u00e1lis term\u00e9kek egyre fontosabbak. Mindent meg kell tenn\u00fcnk, hogy n\u00e9pszer\u0171s\u00edts\u00fck \u0151ket saj\u00e1t haz\u00e1nkban, Eur\u00f3p\u00e1ban \u00e9s a vil\u00e1gban."},"content":{"rendered":"<p><strong>A lengyel \u00e9lelmiszerek eg\u00e9szs\u00e9gesebbek \u00e9s \u00edzletesebbek, \u00e9s az \u00f6kol\u00f3giai tudatoss\u00e1g n\u00f6veked\u00e9s\u00e9vel egyre nagyobb \u00e9rt\u00e9ket k\u00e9pviselnek. Nem v\u00e9letlen, hogy a legt\u00f6bb bejegyzett hagyom\u00e1nyos term\u00e9k (t\u00f6bb mint 200) a gy\u00f6ny\u00f6r\u0171 \u00e9s z\u00f6ld Podkarpacie r\u00e9gi\u00f3ban tal\u00e1lhat\u00f3, \u00e9s az emberek itt \u00e9lnek a legtov\u00e1bb.\u00a0<\/strong><\/p>\n<p>- Az eg\u00e9szs\u00e9ges \u00e9s j\u00f3 min\u0151s\u00e9g\u0171 \u00e9lelmiszereket egyre ink\u00e1bb \u00e9rt\u00e9kelik a piacon. Bioterm\u00e9kek. Ennek k\u00f6sz\u00f6nhet\u0151en visszat\u00e9rnek a j\u00f3, hagyom\u00e1nyos \u00edzek, \u00e9s egyre nagyobb jelent\u0151s\u00e9get kapnak a nem hagyom\u00e1nyos, a kifinomult fogyaszt\u00f3i \u00edzl\u00e9snek megfelel\u0151 region\u00e1lis term\u00e9kek - \u00edrta Marek Kuchci\u0144ski a podkarpatszkaji Ekogala r\u00e9sztvev\u0151inek c\u00edmzett level\u00e9ben. A szejm eln\u00f6ke hangs\u00falyozta, hogy mindent meg kell tenn\u00fcnk a region\u00e1lis term\u00e9kek n\u00e9pszer\u0171s\u00edt\u00e9se \u00e9rdek\u00e9ben saj\u00e1t orsz\u00e1gunkban, Eur\u00f3p\u00e1ban \u00e9s a vil\u00e1gban.<\/p>\n<p>A region\u00e1lis \u00e9s hagyom\u00e1nyos term\u00e9kek v\u00e9delme \u00e9s n\u00e9pszer\u0171s\u00edt\u00e9se a vid\u00e9ki ter\u00fcletek fenntarthat\u00f3 fejl\u0151d\u00e9s\u00e9t befoly\u00e1sol\u00f3 egyik legfontosabb t\u00e9nyez\u0151. Ezenk\u00edv\u00fcl a vid\u00e9ki ter\u00fcletek kultur\u00e1lis \u00f6r\u00f6ks\u00e9g\u00e9t is v\u00e9dik, ami nagym\u00e9rt\u00e9kben hozz\u00e1j\u00e1rul a vid\u00e9ki ter\u00fcletek vonzerej\u00e9nek n\u00f6vel\u00e9s\u00e9hez, valamint az agroturizmus \u00e9s a falusi turizmus fejleszt\u00e9s\u00e9hez. (Mez\u0151gazdas\u00e1gi \u00e9s Vid\u00e9kfejleszt\u00e9si Miniszt\u00e9rium)<\/p>\n<p><strong><span style=\"color: #339966;\"><a style=\"color: #339966;\" href=\"https:\/\/marekkuchcinski.pl\/wp-content\/uploads\/2018\/12\/Ekologia-7-grudnia.pdf\">LIST<\/a><\/span><\/strong><\/p>\n<p><a href=\"https:\/\/marekkuchcinski.pl\/wp-content\/uploads\/2018\/12\/Prod-reg.jpg\"><img fetchpriority=\"high\" decoding=\"async\" class=\"alignnone size-full wp-image-11579\" src=\"https:\/\/marekkuchcinski.pl\/wp-content\/uploads\/2018\/12\/Prod-reg.jpg\" alt=\"Prod reg\" width=\"869\" height=\"523\" srcset=\"https:\/\/marekkuchcinski.pl\/wp-content\/uploads\/2018\/12\/Prod-reg.jpg 869w, https:\/\/marekkuchcinski.pl\/wp-content\/uploads\/2018\/12\/Prod-reg-300x181.jpg 300w, https:\/\/marekkuchcinski.pl\/wp-content\/uploads\/2018\/12\/Prod-reg-768x462.jpg 768w\" sizes=\"(max-width: 869px) 100vw, 869px\" \/><\/a><\/p>\n<p><em>Podkarpackie \u00edzek - Krynica-Zdr\u00f3j gazdas\u00e1gi f\u00f3rum, fot\u00f3 M. Olejnik<\/em><\/p>\n<p>&nbsp;<\/p>","protected":false},"excerpt":{"rendered":"<p>Polska \u017cywno\u015b\u0107 jest zdrowsza i smaczniejsza, a wraz ze wzrostem \u015bwiadomo\u015bci ekologicznej zyskuje na warto\u015bci. Nie bez przyczyny najwi\u0119cej zarejestrowanych produkt\u00f3w\u00a0tradycyjnych (ponad 200)\u00a0 jest na pi\u0119knym i zielonym Podkarpaciu, a ludzie \u017cyj\u0105 tam najd\u0142u\u017cej.\u00a0 &#8211; Zdrowa i wysokiej jako\u015bci \u017cywno\u015b\u0107 jest coraz bardziej doceniana na rynku. Produkty ekologiczne. dzi\u0119ki kt\u00f3rym powracaj\u0105 dobre, tradycyjne smaki oraz [&hellip;]<\/p>","protected":false},"author":6,"featured_media":11579,"comment_status":"open","ping_status":"open","sticky":false,"template":"","format":"standard","meta":{"ngg_post_thumbnail":0,"footnotes":""},"categories":[49,3],"tags":[],"class_list":["post-11575","post","type-post","status-publish","format-standard","has-post-thumbnail","hentry","category-podkarpacie","category-wydarzenia"],"yoast_head":"<!-- This site is optimized with the Yoast SEO plugin v24.7 - https:\/\/yoast.com\/wordpress\/plugins\/seo\/ -->\n<title>Marek Kuchci\u0144ski: Produkty regionalne zyskuj\u0105 na znaczeniu. Powinni\u015bmy do\u0142o\u017cy\u0107 wszelkich stara\u0144, aby promowa\u0107 je we w\u0142asnym kraju, Europie i \u015bwiecie &#8211; Marek Kuchci\u0144ski<\/title>\n<meta name=\"robots\" content=\"index, follow, max-snippet:-1, max-image-preview:large, max-video-preview:-1\" \/>\n<link rel=\"canonical\" href=\"https:\/\/marekkuchcinski.pl\/hu\/wydarzenia\/marek-kuchcinski-produkty-regionalne-zyskuja-znaczeniu-powinnismy-dolozyc-wszelkich-staran-aby-promowac-je-we-wlasnym-kraju-europie-swiecie\/\" \/>\n<meta property=\"og:locale\" content=\"hu_HU\" \/>\n<meta property=\"og:type\" content=\"article\" \/>\n<meta property=\"og:title\" content=\"Marek Kuchci\u0144ski: Produkty regionalne zyskuj\u0105 na znaczeniu. Powinni\u015bmy do\u0142o\u017cy\u0107 wszelkich stara\u0144, aby promowa\u0107 je we w\u0142asnym kraju, Europie i \u015bwiecie &#8211; Marek Kuchci\u0144ski\" \/>\n<meta property=\"og:description\" content=\"Polska \u017cywno\u015b\u0107 jest zdrowsza i smaczniejsza, a wraz ze wzrostem \u015bwiadomo\u015bci ekologicznej zyskuje na warto\u015bci. Nie bez przyczyny najwi\u0119cej zarejestrowanych produkt\u00f3w\u00a0tradycyjnych (ponad 200)\u00a0 jest na pi\u0119knym i zielonym Podkarpaciu, a ludzie \u017cyj\u0105 tam najd\u0142u\u017cej.\u00a0 &#8211; Zdrowa i wysokiej jako\u015bci \u017cywno\u015b\u0107 jest coraz bardziej doceniana na rynku. Produkty ekologiczne. dzi\u0119ki kt\u00f3rym powracaj\u0105 dobre, tradycyjne smaki oraz [&hellip;]\" \/>\n<meta property=\"og:url\" content=\"https:\/\/marekkuchcinski.pl\/hu\/wydarzenia\/marek-kuchcinski-produkty-regionalne-zyskuja-znaczeniu-powinnismy-dolozyc-wszelkich-staran-aby-promowac-je-we-wlasnym-kraju-europie-swiecie\/\" \/>\n<meta property=\"og:site_name\" content=\"Marek Kuchci\u0144ski\" \/>\n<meta property=\"article:published_time\" content=\"2018-12-07T14:22:27+00:00\" \/>\n<meta property=\"article:modified_time\" content=\"2018-12-07T14:24:47+00:00\" \/>\n<meta property=\"og:image\" content=\"https:\/\/marekkuchcinski.pl\/wp-content\/uploads\/2018\/12\/Prod-reg.jpg\" \/>\n\t<meta property=\"og:image:width\" content=\"869\" \/>\n\t<meta property=\"og:image:height\" content=\"523\" \/>\n\t<meta property=\"og:image:type\" content=\"image\/jpeg\" \/>\n<meta name=\"author\" content=\"admin\" \/>\n<meta name=\"twitter:card\" content=\"summary_large_image\" \/>\n<meta name=\"twitter:label1\" content=\"Szerz\u0151:\" \/>\n\t<meta name=\"twitter:data1\" content=\"admin\" \/>\n\t<meta name=\"twitter:label2\" content=\"Becs\u00fclt olvas\u00e1si id\u0151\" \/>\n\t<meta name=\"twitter:data2\" content=\"1 perc\" \/>\n<script type=\"application\/ld+json\" class=\"yoast-schema-graph\">{\"@context\":\"https:\/\/schema.org\",\"@graph\":[{\"@type\":\"Article\",\"@id\":\"https:\/\/marekkuchcinski.pl\/wydarzenia\/marek-kuchcinski-produkty-regionalne-zyskuja-znaczeniu-powinnismy-dolozyc-wszelkich-staran-aby-promowac-je-we-wlasnym-kraju-europie-swiecie\/#article\",\"isPartOf\":{\"@id\":\"https:\/\/marekkuchcinski.pl\/wydarzenia\/marek-kuchcinski-produkty-regionalne-zyskuja-znaczeniu-powinnismy-dolozyc-wszelkich-staran-aby-promowac-je-we-wlasnym-kraju-europie-swiecie\/\"},\"author\":{\"name\":\"admin\",\"@id\":\"https:\/\/marekkuchcinski.pl\/#\/schema\/person\/6f62700996b4d950b6ea2d1183b6c6be\"},\"headline\":\"Marek Kuchci\u0144ski: Produkty regionalne zyskuj\u0105 na znaczeniu. Powinni\u015bmy do\u0142o\u017cy\u0107 wszelkich stara\u0144, aby promowa\u0107 je we w\u0142asnym kraju, Europie i \u015bwiecie\",\"datePublished\":\"2018-12-07T14:22:27+00:00\",\"dateModified\":\"2018-12-07T14:24:47+00:00\",\"mainEntityOfPage\":{\"@id\":\"https:\/\/marekkuchcinski.pl\/wydarzenia\/marek-kuchcinski-produkty-regionalne-zyskuja-znaczeniu-powinnismy-dolozyc-wszelkich-staran-aby-promowac-je-we-wlasnym-kraju-europie-swiecie\/\"},\"wordCount\":211,\"commentCount\":0,\"publisher\":{\"@id\":\"https:\/\/marekkuchcinski.pl\/#organization\"},\"image\":{\"@id\":\"https:\/\/marekkuchcinski.pl\/wydarzenia\/marek-kuchcinski-produkty-regionalne-zyskuja-znaczeniu-powinnismy-dolozyc-wszelkich-staran-aby-promowac-je-we-wlasnym-kraju-europie-swiecie\/#primaryimage\"},\"thumbnailUrl\":\"https:\/\/marekkuchcinski.pl\/wp-content\/uploads\/2018\/12\/Prod-reg.jpg\",\"articleSection\":[\"Podkarpacie\",\"Wydarzenia\"],\"inLanguage\":\"hu\",\"potentialAction\":[{\"@type\":\"CommentAction\",\"name\":\"Comment\",\"target\":[\"https:\/\/marekkuchcinski.pl\/wydarzenia\/marek-kuchcinski-produkty-regionalne-zyskuja-znaczeniu-powinnismy-dolozyc-wszelkich-staran-aby-promowac-je-we-wlasnym-kraju-europie-swiecie\/#respond\"]}]},{\"@type\":\"WebPage\",\"@id\":\"https:\/\/marekkuchcinski.pl\/wydarzenia\/marek-kuchcinski-produkty-regionalne-zyskuja-znaczeniu-powinnismy-dolozyc-wszelkich-staran-aby-promowac-je-we-wlasnym-kraju-europie-swiecie\/\",\"url\":\"https:\/\/marekkuchcinski.pl\/wydarzenia\/marek-kuchcinski-produkty-regionalne-zyskuja-znaczeniu-powinnismy-dolozyc-wszelkich-staran-aby-promowac-je-we-wlasnym-kraju-europie-swiecie\/\",\"name\":\"Marek Kuchci\u0144ski: Produkty regionalne zyskuj\u0105 na znaczeniu. Powinni\u015bmy do\u0142o\u017cy\u0107 wszelkich stara\u0144, aby promowa\u0107 je we w\u0142asnym kraju, Europie i \u015bwiecie &#8211; Marek Kuchci\u0144ski\",\"isPartOf\":{\"@id\":\"https:\/\/marekkuchcinski.pl\/#website\"},\"primaryImageOfPage\":{\"@id\":\"https:\/\/marekkuchcinski.pl\/wydarzenia\/marek-kuchcinski-produkty-regionalne-zyskuja-znaczeniu-powinnismy-dolozyc-wszelkich-staran-aby-promowac-je-we-wlasnym-kraju-europie-swiecie\/#primaryimage\"},\"image\":{\"@id\":\"https:\/\/marekkuchcinski.pl\/wydarzenia\/marek-kuchcinski-produkty-regionalne-zyskuja-znaczeniu-powinnismy-dolozyc-wszelkich-staran-aby-promowac-je-we-wlasnym-kraju-europie-swiecie\/#primaryimage\"},\"thumbnailUrl\":\"https:\/\/marekkuchcinski.pl\/wp-content\/uploads\/2018\/12\/Prod-reg.jpg\",\"datePublished\":\"2018-12-07T14:22:27+00:00\",\"dateModified\":\"2018-12-07T14:24:47+00:00\",\"breadcrumb\":{\"@id\":\"https:\/\/marekkuchcinski.pl\/wydarzenia\/marek-kuchcinski-produkty-regionalne-zyskuja-znaczeniu-powinnismy-dolozyc-wszelkich-staran-aby-promowac-je-we-wlasnym-kraju-europie-swiecie\/#breadcrumb\"},\"inLanguage\":\"hu\",\"potentialAction\":[{\"@type\":\"ReadAction\",\"target\":[\"https:\/\/marekkuchcinski.pl\/wydarzenia\/marek-kuchcinski-produkty-regionalne-zyskuja-znaczeniu-powinnismy-dolozyc-wszelkich-staran-aby-promowac-je-we-wlasnym-kraju-europie-swiecie\/\"]}]},{\"@type\":\"ImageObject\",\"inLanguage\":\"hu\",\"@id\":\"https:\/\/marekkuchcinski.pl\/wydarzenia\/marek-kuchcinski-produkty-regionalne-zyskuja-znaczeniu-powinnismy-dolozyc-wszelkich-staran-aby-promowac-je-we-wlasnym-kraju-europie-swiecie\/#primaryimage\",\"url\":\"https:\/\/marekkuchcinski.pl\/wp-content\/uploads\/2018\/12\/Prod-reg.jpg\",\"contentUrl\":\"https:\/\/marekkuchcinski.pl\/wp-content\/uploads\/2018\/12\/Prod-reg.jpg\",\"width\":869,\"height\":523},{\"@type\":\"BreadcrumbList\",\"@id\":\"https:\/\/marekkuchcinski.pl\/wydarzenia\/marek-kuchcinski-produkty-regionalne-zyskuja-znaczeniu-powinnismy-dolozyc-wszelkich-staran-aby-promowac-je-we-wlasnym-kraju-europie-swiecie\/#breadcrumb\",\"itemListElement\":[{\"@type\":\"ListItem\",\"position\":1,\"name\":\"Strona g\u0142\u00f3wna\",\"item\":\"https:\/\/marekkuchcinski.pl\/\"},{\"@type\":\"ListItem\",\"position\":2,\"name\":\"Marek Kuchci\u0144ski: Produkty regionalne zyskuj\u0105 na znaczeniu. Powinni\u015bmy do\u0142o\u017cy\u0107 wszelkich stara\u0144, aby promowa\u0107 je we w\u0142asnym kraju, Europie i \u015bwiecie\"}]},{\"@type\":\"WebSite\",\"@id\":\"https:\/\/marekkuchcinski.pl\/#website\",\"url\":\"https:\/\/marekkuchcinski.pl\/\",\"name\":\"Marek Kuchci\u0144ski\",\"description\":\"Pose\u0142 na sejm RP &ndash; okr\u0119g nr 22\",\"publisher\":{\"@id\":\"https:\/\/marekkuchcinski.pl\/#organization\"},\"potentialAction\":[{\"@type\":\"SearchAction\",\"target\":{\"@type\":\"EntryPoint\",\"urlTemplate\":\"https:\/\/marekkuchcinski.pl\/?s={search_term_string}\"},\"query-input\":{\"@type\":\"PropertyValueSpecification\",\"valueRequired\":true,\"valueName\":\"search_term_string\"}}],\"inLanguage\":\"hu\"},{\"@type\":\"Organization\",\"@id\":\"https:\/\/marekkuchcinski.pl\/#organization\",\"name\":\"Marek Kuchci\u0144ski\",\"url\":\"https:\/\/marekkuchcinski.pl\/\",\"logo\":{\"@type\":\"ImageObject\",\"inLanguage\":\"hu\",\"@id\":\"https:\/\/marekkuchcinski.pl\/#\/schema\/logo\/image\/\",\"url\":\"https:\/\/marekkuchcinski.pl\/wp-content\/uploads\/2022\/09\/Marek.jpg\",\"contentUrl\":\"https:\/\/marekkuchcinski.pl\/wp-content\/uploads\/2022\/09\/Marek.jpg\",\"width\":1600,\"height\":971,\"caption\":\"Marek Kuchci\u0144ski\"},\"image\":{\"@id\":\"https:\/\/marekkuchcinski.pl\/#\/schema\/logo\/image\/\"}},{\"@type\":\"Person\",\"@id\":\"https:\/\/marekkuchcinski.pl\/#\/schema\/person\/6f62700996b4d950b6ea2d1183b6c6be\",\"name\":\"admin\",\"image\":{\"@type\":\"ImageObject\",\"inLanguage\":\"hu\",\"@id\":\"https:\/\/marekkuchcinski.pl\/#\/schema\/person\/image\/\",\"url\":\"https:\/\/secure.gravatar.com\/avatar\/4bab693b9d55c3d6b52c0296a8765085?s=96&d=mm&r=g\",\"contentUrl\":\"https:\/\/secure.gravatar.com\/avatar\/4bab693b9d55c3d6b52c0296a8765085?s=96&d=mm&r=g\",\"caption\":\"admin\"},\"url\":\"https:\/\/marekkuchcinski.pl\/hu\/author\/marta-olejnik\/\"}]}<\/script>\n<!-- \/ Yoast SEO plugin. -->","yoast_head_json":{"title":"Marek Kuchci\u0144ski: Produkty regionalne zyskuj\u0105 na znaczeniu. Powinni\u015bmy do\u0142o\u017cy\u0107 wszelkich stara\u0144, aby promowa\u0107 je we w\u0142asnym kraju, Europie i \u015bwiecie &#8211; Marek Kuchci\u0144ski","robots":{"index":"index","follow":"follow","max-snippet":"max-snippet:-1","max-image-preview":"max-image-preview:large","max-video-preview":"max-video-preview:-1"},"canonical":"https:\/\/marekkuchcinski.pl\/hu\/wydarzenia\/marek-kuchcinski-produkty-regionalne-zyskuja-znaczeniu-powinnismy-dolozyc-wszelkich-staran-aby-promowac-je-we-wlasnym-kraju-europie-swiecie\/","og_locale":"hu_HU","og_type":"article","og_title":"Marek Kuchci\u0144ski: Produkty regionalne zyskuj\u0105 na znaczeniu. Powinni\u015bmy do\u0142o\u017cy\u0107 wszelkich stara\u0144, aby promowa\u0107 je we w\u0142asnym kraju, Europie i \u015bwiecie &#8211; Marek Kuchci\u0144ski","og_description":"Polska \u017cywno\u015b\u0107 jest zdrowsza i smaczniejsza, a wraz ze wzrostem \u015bwiadomo\u015bci ekologicznej zyskuje na warto\u015bci. Nie bez przyczyny najwi\u0119cej zarejestrowanych produkt\u00f3w\u00a0tradycyjnych (ponad 200)\u00a0 jest na pi\u0119knym i zielonym Podkarpaciu, a ludzie \u017cyj\u0105 tam najd\u0142u\u017cej.\u00a0 &#8211; Zdrowa i wysokiej jako\u015bci \u017cywno\u015b\u0107 jest coraz bardziej doceniana na rynku. Produkty ekologiczne. dzi\u0119ki kt\u00f3rym powracaj\u0105 dobre, tradycyjne smaki oraz [&hellip;]","og_url":"https:\/\/marekkuchcinski.pl\/hu\/wydarzenia\/marek-kuchcinski-produkty-regionalne-zyskuja-znaczeniu-powinnismy-dolozyc-wszelkich-staran-aby-promowac-je-we-wlasnym-kraju-europie-swiecie\/","og_site_name":"Marek Kuchci\u0144ski","article_published_time":"2018-12-07T14:22:27+00:00","article_modified_time":"2018-12-07T14:24:47+00:00","og_image":[{"width":869,"height":523,"url":"https:\/\/marekkuchcinski.pl\/wp-content\/uploads\/2018\/12\/Prod-reg.jpg","type":"image\/jpeg"}],"author":"admin","twitter_card":"summary_large_image","twitter_misc":{"Szerz\u0151:":"admin","Becs\u00fclt olvas\u00e1si id\u0151":"1 perc"},"schema":{"@context":"https:\/\/schema.org","@graph":[{"@type":"Article","@id":"https:\/\/marekkuchcinski.pl\/wydarzenia\/marek-kuchcinski-produkty-regionalne-zyskuja-znaczeniu-powinnismy-dolozyc-wszelkich-staran-aby-promowac-je-we-wlasnym-kraju-europie-swiecie\/#article","isPartOf":{"@id":"https:\/\/marekkuchcinski.pl\/wydarzenia\/marek-kuchcinski-produkty-regionalne-zyskuja-znaczeniu-powinnismy-dolozyc-wszelkich-staran-aby-promowac-je-we-wlasnym-kraju-europie-swiecie\/"},"author":{"name":"admin","@id":"https:\/\/marekkuchcinski.pl\/#\/schema\/person\/6f62700996b4d950b6ea2d1183b6c6be"},"headline":"Marek Kuchci\u0144ski: Produkty regionalne zyskuj\u0105 na znaczeniu. Powinni\u015bmy do\u0142o\u017cy\u0107 wszelkich stara\u0144, aby promowa\u0107 je we w\u0142asnym kraju, Europie i \u015bwiecie","datePublished":"2018-12-07T14:22:27+00:00","dateModified":"2018-12-07T14:24:47+00:00","mainEntityOfPage":{"@id":"https:\/\/marekkuchcinski.pl\/wydarzenia\/marek-kuchcinski-produkty-regionalne-zyskuja-znaczeniu-powinnismy-dolozyc-wszelkich-staran-aby-promowac-je-we-wlasnym-kraju-europie-swiecie\/"},"wordCount":211,"commentCount":0,"publisher":{"@id":"https:\/\/marekkuchcinski.pl\/#organization"},"image":{"@id":"https:\/\/marekkuchcinski.pl\/wydarzenia\/marek-kuchcinski-produkty-regionalne-zyskuja-znaczeniu-powinnismy-dolozyc-wszelkich-staran-aby-promowac-je-we-wlasnym-kraju-europie-swiecie\/#primaryimage"},"thumbnailUrl":"https:\/\/marekkuchcinski.pl\/wp-content\/uploads\/2018\/12\/Prod-reg.jpg","articleSection":["Podkarpacie","Wydarzenia"],"inLanguage":"hu","potentialAction":[{"@type":"CommentAction","name":"Comment","target":["https:\/\/marekkuchcinski.pl\/wydarzenia\/marek-kuchcinski-produkty-regionalne-zyskuja-znaczeniu-powinnismy-dolozyc-wszelkich-staran-aby-promowac-je-we-wlasnym-kraju-europie-swiecie\/#respond"]}]},{"@type":"WebPage","@id":"https:\/\/marekkuchcinski.pl\/wydarzenia\/marek-kuchcinski-produkty-regionalne-zyskuja-znaczeniu-powinnismy-dolozyc-wszelkich-staran-aby-promowac-je-we-wlasnym-kraju-europie-swiecie\/","url":"https:\/\/marekkuchcinski.pl\/wydarzenia\/marek-kuchcinski-produkty-regionalne-zyskuja-znaczeniu-powinnismy-dolozyc-wszelkich-staran-aby-promowac-je-we-wlasnym-kraju-europie-swiecie\/","name":"Marek Kuchci\u0144ski: Produkty regionalne zyskuj\u0105 na znaczeniu. Powinni\u015bmy do\u0142o\u017cy\u0107 wszelkich stara\u0144, aby promowa\u0107 je we w\u0142asnym kraju, Europie i \u015bwiecie &#8211; Marek Kuchci\u0144ski","isPartOf":{"@id":"https:\/\/marekkuchcinski.pl\/#website"},"primaryImageOfPage":{"@id":"https:\/\/marekkuchcinski.pl\/wydarzenia\/marek-kuchcinski-produkty-regionalne-zyskuja-znaczeniu-powinnismy-dolozyc-wszelkich-staran-aby-promowac-je-we-wlasnym-kraju-europie-swiecie\/#primaryimage"},"image":{"@id":"https:\/\/marekkuchcinski.pl\/wydarzenia\/marek-kuchcinski-produkty-regionalne-zyskuja-znaczeniu-powinnismy-dolozyc-wszelkich-staran-aby-promowac-je-we-wlasnym-kraju-europie-swiecie\/#primaryimage"},"thumbnailUrl":"https:\/\/marekkuchcinski.pl\/wp-content\/uploads\/2018\/12\/Prod-reg.jpg","datePublished":"2018-12-07T14:22:27+00:00","dateModified":"2018-12-07T14:24:47+00:00","breadcrumb":{"@id":"https:\/\/marekkuchcinski.pl\/wydarzenia\/marek-kuchcinski-produkty-regionalne-zyskuja-znaczeniu-powinnismy-dolozyc-wszelkich-staran-aby-promowac-je-we-wlasnym-kraju-europie-swiecie\/#breadcrumb"},"inLanguage":"hu","potentialAction":[{"@type":"ReadAction","target":["https:\/\/marekkuchcinski.pl\/wydarzenia\/marek-kuchcinski-produkty-regionalne-zyskuja-znaczeniu-powinnismy-dolozyc-wszelkich-staran-aby-promowac-je-we-wlasnym-kraju-europie-swiecie\/"]}]},{"@type":"ImageObject","inLanguage":"hu","@id":"https:\/\/marekkuchcinski.pl\/wydarzenia\/marek-kuchcinski-produkty-regionalne-zyskuja-znaczeniu-powinnismy-dolozyc-wszelkich-staran-aby-promowac-je-we-wlasnym-kraju-europie-swiecie\/#primaryimage","url":"https:\/\/marekkuchcinski.pl\/wp-content\/uploads\/2018\/12\/Prod-reg.jpg","contentUrl":"https:\/\/marekkuchcinski.pl\/wp-content\/uploads\/2018\/12\/Prod-reg.jpg","width":869,"height":523},{"@type":"BreadcrumbList","@id":"https:\/\/marekkuchcinski.pl\/wydarzenia\/marek-kuchcinski-produkty-regionalne-zyskuja-znaczeniu-powinnismy-dolozyc-wszelkich-staran-aby-promowac-je-we-wlasnym-kraju-europie-swiecie\/#breadcrumb","itemListElement":[{"@type":"ListItem","position":1,"name":"Strona g\u0142\u00f3wna","item":"https:\/\/marekkuchcinski.pl\/"},{"@type":"ListItem","position":2,"name":"Marek Kuchci\u0144ski: Produkty regionalne zyskuj\u0105 na znaczeniu. Powinni\u015bmy do\u0142o\u017cy\u0107 wszelkich stara\u0144, aby promowa\u0107 je we w\u0142asnym kraju, Europie i \u015bwiecie"}]},{"@type":"WebSite","@id":"https:\/\/marekkuchcinski.pl\/#website","url":"https:\/\/marekkuchcinski.pl\/","name":"Marek Kuchci\u0144ski","description":"Pose\u0142 na sejm RP &ndash; okr\u0119g nr 22","publisher":{"@id":"https:\/\/marekkuchcinski.pl\/#organization"},"potentialAction":[{"@type":"SearchAction","target":{"@type":"EntryPoint","urlTemplate":"https:\/\/marekkuchcinski.pl\/?s={search_term_string}"},"query-input":{"@type":"PropertyValueSpecification","valueRequired":true,"valueName":"search_term_string"}}],"inLanguage":"hu"},{"@type":"Organization","@id":"https:\/\/marekkuchcinski.pl\/#organization","name":"Marek Kuchci\u0144ski","url":"https:\/\/marekkuchcinski.pl\/","logo":{"@type":"ImageObject","inLanguage":"hu","@id":"https:\/\/marekkuchcinski.pl\/#\/schema\/logo\/image\/","url":"https:\/\/marekkuchcinski.pl\/wp-content\/uploads\/2022\/09\/Marek.jpg","contentUrl":"https:\/\/marekkuchcinski.pl\/wp-content\/uploads\/2022\/09\/Marek.jpg","width":1600,"height":971,"caption":"Marek Kuchci\u0144ski"},"image":{"@id":"https:\/\/marekkuchcinski.pl\/#\/schema\/logo\/image\/"}},{"@type":"Person","@id":"https:\/\/marekkuchcinski.pl\/#\/schema\/person\/6f62700996b4d950b6ea2d1183b6c6be","name":"admin","image":{"@type":"ImageObject","inLanguage":"hu","@id":"https:\/\/marekkuchcinski.pl\/#\/schema\/person\/image\/","url":"https:\/\/secure.gravatar.com\/avatar\/4bab693b9d55c3d6b52c0296a8765085?s=96&d=mm&r=g","contentUrl":"https:\/\/secure.gravatar.com\/avatar\/4bab693b9d55c3d6b52c0296a8765085?s=96&d=mm&r=g","caption":"admin"},"url":"https:\/\/marekkuchcinski.pl\/hu\/author\/marta-olejnik\/"}]}},"_links":{"self":[{"href":"https:\/\/marekkuchcinski.pl\/hu\/wp-json\/wp\/v2\/posts\/11575","targetHints":{"allow":["GET"]}}],"collection":[{"href":"https:\/\/marekkuchcinski.pl\/hu\/wp-json\/wp\/v2\/posts"}],"about":[{"href":"https:\/\/marekkuchcinski.pl\/hu\/wp-json\/wp\/v2\/types\/post"}],"author":[{"embeddable":true,"href":"https:\/\/marekkuchcinski.pl\/hu\/wp-json\/wp\/v2\/users\/6"}],"replies":[{"embeddable":true,"href":"https:\/\/marekkuchcinski.pl\/hu\/wp-json\/wp\/v2\/comments?post=11575"}],"version-history":[{"count":5,"href":"https:\/\/marekkuchcinski.pl\/hu\/wp-json\/wp\/v2\/posts\/11575\/revisions"}],"predecessor-version":[{"id":11583,"href":"https:\/\/marekkuchcinski.pl\/hu\/wp-json\/wp\/v2\/posts\/11575\/revisions\/11583"}],"wp:featuredmedia":[{"embeddable":true,"href":"https:\/\/marekkuchcinski.pl\/hu\/wp-json\/wp\/v2\/media\/11579"}],"wp:attachment":[{"href":"https:\/\/marekkuchcinski.pl\/hu\/wp-json\/wp\/v2\/media?parent=11575"}],"wp:term":[{"taxonomy":"category","embeddable":true,"href":"https:\/\/marekkuchcinski.pl\/hu\/wp-json\/wp\/v2\/categories?post=11575"},{"taxonomy":"post_tag","embeddable":true,"href":"https:\/\/marekkuchcinski.pl\/hu\/wp-json\/wp\/v2\/tags?post=11575"}],"curies":[{"name":"wp","href":"https:\/\/api.w.org\/{rel}","templated":true}]}}