{"id":11543,"date":"2018-12-07T13:25:36","date_gmt":"2018-12-07T12:25:36","guid":{"rendered":"https:\/\/marekkuchcinski.pl\/?p=11543"},"modified":"2018-12-07T15:49:36","modified_gmt":"2018-12-07T14:49:36","slug":"podsumowanie-73-posiedzenie-sejmu-rp","status":"publish","type":"post","link":"https:\/\/marekkuchcinski.pl\/hu\/wydarzenia\/podsumowanie-73-posiedzenie-sejmu-rp\/","title":{"rendered":"A lengyel Szejm 73. \u00fcl\u00e9s\u00e9nek \u00f6sszefoglal\u00f3ja"},"content":{"rendered":"<p dir=\"ltr\"><strong>Ad\u00f3mentes nyugd\u00edj<\/strong>,<strong>\u00a0az eg\u00e9szs\u00e9g\u00fcgyi szolg\u00e1ltat\u00e1sokhoz val\u00f3 hozz\u00e1f\u00e9r\u00e9s jav\u00edt\u00e1sa,<\/strong>\u00a0<strong>a csal\u00e1dt\u00e1mogat\u00e1si \u00e9s a nevel\u0151sz\u00fcl\u0151i rendszerr\u0151l sz\u00f3l\u00f3 t\u00f6rv\u00e9ny m\u00f3dos\u00edt\u00e1sa, a tart\u00e1sd\u00edjak jobb behajt\u00e1sa, a leveg\u0151min\u0151s\u00e9g jav\u00edt\u00e1sa, valamint a h\u0151- \u00e9s energiaell\u00e1t\u00e1s biztons\u00e1g\u00e1nak biztos\u00edt\u00e1sa - t\u00f6bbek k\u00f6z\u00f6tt ezekkel a t\u00e9m\u00e1kkal foglalkoztak a k\u00e9pvisel\u0151k a Szejm 73. \u00fcl\u00e9s\u00e9n.<\/strong><\/p>\n<p dir=\"ltr\">A v\u00e9grehajt\u00e1si jelent\u00e9st cs\u00fct\u00f6rt\u00f6k\u00f6n fogadt\u00e1k el <strong>az 500 plusz program<\/strong> 2016-2017 Stanis\u0142aw Szwed, a Csal\u00e1d\u00fcgyi, Munka\u00fcgyi \u00e9s Szoci\u00e1lpolitikai Miniszt\u00e9rium \u00e1llamtitk\u00e1ra, aki felh\u00edvta a figyelmet a term\u00e9kenys\u00e9gi r\u00e1ta egy\u00e9rtelm\u0171 n\u00f6veked\u00e9s\u00e9re. A miniszt\u00e9rium adatai szerint 2017-ben el\u0151sz\u00f6r siker\u00fclt t\u00fall\u00e9pni a 400 000 sz\u00fclet\u00e9s feletti hat\u00e1rt, ami demogr\u00e1fiai szempontb\u00f3l j\u00f3 el\u0151rejelz\u00e9snek sz\u00e1m\u00edt.<\/p>\n<p dir=\"ltr\"><span style=\"color: #800000;\"><strong>A Szejm \u00e1ltal elfogadott hat\u00e1rozatok<\/strong><\/span><\/p>\n<p dir=\"ltr\"><a href=\"https:\/\/marekkuchcinski.pl\/wp-content\/uploads\/2018\/12\/kul_pol.jpg\"><img decoding=\"async\" class=\"wp-image-11585 size-thumbnail alignleft\" src=\"https:\/\/marekkuchcinski.pl\/wp-content\/uploads\/2018\/12\/kul_pol-150x150.jpg\" alt=\"kul_pol\" width=\"150\" height=\"150\" srcset=\"https:\/\/marekkuchcinski.pl\/wp-content\/uploads\/2018\/12\/kul_pol-150x150.jpg 150w, https:\/\/marekkuchcinski.pl\/wp-content\/uploads\/2018\/12\/kul_pol-300x300.jpg 300w, https:\/\/marekkuchcinski.pl\/wp-content\/uploads\/2018\/12\/kul_pol-768x768.jpg 768w, https:\/\/marekkuchcinski.pl\/wp-content\/uploads\/2018\/12\/kul_pol-1024x1024.jpg 1024w, https:\/\/marekkuchcinski.pl\/wp-content\/uploads\/2018\/12\/kul_pol.jpg 1650w\" sizes=\"(max-width: 150px) 100vw, 150px\" \/><\/a>A k\u00e9pvisel\u0151k k\u00f6zfelki\u00e1lt\u00e1ssal elfogadt\u00e1k a Szejm Eln\u00f6ks\u00e9g\u00e9nek al\u00e1bbi javaslat\u00e1t\u00a0<strong>hat\u00e1rozat a lublini II. J\u00e1nos P\u00e1l Katolikus Egyetem alap\u00edt\u00e1s\u00e1nak sz\u00e1zadik \u00e9vfordul\u00f3j\u00e1r\u00f3l val\u00f3 megeml\u00e9kez\u00e9sr\u0151l, <\/strong>Az els\u0151 f\u00e9l\u00e9vben az egyetem volt az egyetlen katolikus mag\u00e1negyetem az Elb\u00e1t\u00f3l Vlagyivosztokig.<\/p>\n<h5 dir=\"ltr\"><strong>link:<\/strong><span style=\"color: #800000;\"><strong>\u00a0<a style=\"color: #800000;\" href=\"https:\/\/marekkuchcinski.pl\/wp-content\/uploads\/2018\/12\/KUL-uchwa\u0142a.pdf\">KUL \u00e1ll\u00e1sfoglal\u00e1s<\/a>\u00a0<\/strong><\/span><\/h5>\n<p dir=\"ltr\">A k\u00e9pvisel\u0151k elfogadt\u00e1k a\u00a0<strong>hat\u00e1rozat a volt Kongresszusi Kir\u00e1lys\u00e1gban a k\u00f6zs\u00e9gi tan\u00e1csok fel\u00e1ll\u00edt\u00e1s\u00e1r\u00f3l sz\u00f3l\u00f3 \u00e1llamf\u0151i rendelet 100. \u00e9vfordul\u00f3j\u00e1ra val\u00f3 megeml\u00e9kez\u00e9sr\u0151l<\/strong>A jelent\u00e9s az \u00fajj\u00e1sz\u00fcletett \u00e1llam fel\u00e9p\u00edt\u00e9s\u00e9nek egyik fontos elem\u00e9re \u00f6sszpontos\u00edt, amely a k\u00f6zigazgat\u00e1s, ezen bel\u00fcl a helyi \u00f6nkorm\u00e1nyzat int\u00e9zm\u00e9ny\u00e9nek l\u00e9trehoz\u00e1sa volt. Ezt a folyamatot J\u00f3zef Pi\u0142sudski \u00e1llamf\u0151 1918. november 27-i rendelete ind\u00edtotta el a Kommun\u00e1lis Tan\u00e1csok l\u00e9trehoz\u00e1s\u00e1r\u00f3l az egykori Kongresszusi Kir\u00e1lys\u00e1g ter\u00fclet\u00e9n. Ez a t\u00f6rv\u00e9ny ideiglenes jelleg\u0171 volt, \u00e9s addig maradt \u00e9rv\u00e9nyben, am\u00edg a szejm el nem fogadta a k\u00f6z\u00f6ss\u00e9gi \u00f6nkorm\u00e1nyzatr\u00f3l sz\u00f3l\u00f3 t\u00f6rv\u00e9nyt, de lehet\u0151v\u00e9 tette a szervv\u00e1laszt\u00e1st t\u00f6bb sz\u00e1z k\u00f6zs\u00e9gben, \u00e9s ezzel er\u0151s alapot biztos\u00edtott a kialakul\u00f3 \u00e1llam sz\u00e1m\u00e1ra.<\/p>\n<p dir=\"ltr\"><span style=\"color: #800000;\"><strong>A Szejm 10 t\u00f6rv\u00e9nyt fogadott el<\/strong><\/span><\/p>\n<p dir=\"ltr\">A Szejm \u00fagy d\u00f6nt\u00f6tt, hogy m\u00f3dos\u00edtja a Polg\u00e1ri T\u00f6rv\u00e9nyk\u00f6nyvet -\u00a0<strong>a hitelint\u00e9zetek nem r\u00e9szes\u00fclnek indokolatlan el\u0151nyben a k\u00e9sedelmi kamatok kisz\u00e1m\u00edt\u00e1sa sor\u00e1n<\/strong>. A k\u00e9pvisel\u0151k megszavazt\u00e1k a nemzetk\u00f6zi meg\u00e1llapod\u00e1sokr\u00f3l sz\u00f3l\u00f3 t\u00f6rv\u00e9ny m\u00f3dos\u00edt\u00e1s\u00e1t is, amely bevezeti a t\u00f6rv\u00e9nybe a \"nemzetk\u00f6zi meg\u00e1llapod\u00e1s el\u00e9v\u00fcl\u00e9s\u00e9nek\" fogalm\u00e1t. Ez lehet\u0151v\u00e9 teszi a nemzetk\u00f6zi meg\u00e1llapod\u00e1sok lej\u00e1rt\u00e1r\u00f3l sz\u00f3l\u00f3 megfelel\u0151 jelent\u00e9st\u00e9telt, ha annak oka nem a Lengyel K\u00f6zt\u00e1rsas\u00e1g \u00e1ltali felmond\u00e1s.<\/p>\n<p dir=\"ltr\">A szen\u00e1tus egy olyan m\u00f3dos\u00edt\u00f3 ind\u00edtv\u00e1nyt is kap, amely olyan rendelkez\u00e9sek bevezet\u00e9s\u00e9re ir\u00e1nyul, amelyek lehet\u0151v\u00e9 teszik a rend\u0151rs\u00e9g sz\u00e1m\u00e1ra, hogy a m\u00e1shov\u00e1 \u00e1thelyezett rend\u0151r\u00f6k ideiglenes sz\u00e1ll\u00e1sk\u00f6lts\u00e9geit a szolg\u00e1lat teljes id\u0151tartam\u00e1ra fedezze. Az eur\u00f3pai parlamenti k\u00e9pvisel\u0151k olyan m\u00f3dos\u00edt\u00e1sokat is j\u00f3v\u00e1hagytak, amelyek \u00e9rtelm\u00e9ben<span style=\"text-decoration: underline;\">\u00a0<\/span><strong>a f\u0151v\u00e1rosi egyes\u00fclet eln\u00f6ks\u00e9g\u00e9nek tagjai, valamint a p\u00e9nzt\u00e1ros \u00e9s a titk\u00e1r ugyanolyan alapon tesznek ellen\u0151rz\u0151 nyilatkozatokat, mint t\u00f6bbek k\u00f6z\u00f6tt a vajdas\u00e1gi eln\u00f6ks\u00e9g tagjai.<\/strong>.<\/p>\n<p dir=\"ltr\">A szejm m\u00f3dos\u00edtotta a lak\u00e1sc\u00e9l\u00fa f\u00f6ldter\u00fcletek \u00f6r\u00f6k\u00f6s haszon\u00e9lvezeti jog\u00e1nak f\u00f6ldtulajdonjogg\u00e1 t\u00f6rt\u00e9n\u0151 \u00e1talak\u00edt\u00e1s\u00e1r\u00f3l sz\u00f3l\u00f3 t\u00f6rv\u00e9nyt.<u><strong>\u00a0<\/strong><\/u><strong>A m\u00f3dos\u00edt\u00e1s t\u00e1mogatja a polg\u00e1rokat abban, hogy a lak\u00e1sig\u00e9ny kiel\u00e9g\u00edt\u00e9s\u00e9re haszn\u00e1lt f\u00f6ldter\u00fcletek tulajdonjog\u00e1t megszerezz\u00e9k.<\/strong>\u00a0(egylak\u00e1sos csal\u00e1di h\u00e1zak, t\u00f6bblak\u00e1sos \u00e9p\u00fcletekben l\u00e9v\u0151 lak\u00e1sok, amelyekben az egys\u00e9gek legal\u00e1bb fele lak\u00e1s).<\/p>\n<p dir=\"ltr\">A H\u00e1z m\u00f3dos\u00edtotta a kultur\u00e1lis tev\u00e9kenys\u00e9g szervez\u00e9s\u00e9r\u0151l \u00e9s folytat\u00e1s\u00e1r\u00f3l sz\u00f3l\u00f3 t\u00f6rv\u00e9nyt, amely t\u00f6bbek k\u00f6z\u00f6tt szab\u00e1lyozza az \u00f6nkorm\u00e1nyzati kultur\u00e1lis int\u00e9zm\u00e9nyek igazgat\u00f3i \u00e1ll\u00e1shelyeinek bet\u00f6lt\u00e9s\u00e9re ki\u00edrt p\u00e1ly\u00e1zatok rendj\u00e9t. Az orvosi \u00e9s fogorvosi hivat\u00e1sr\u00f3l, valamint a betegjogokr\u00f3l \u00e9s a betegjogi ombudsmanr\u00f3l sz\u00f3l\u00f3 t\u00f6rv\u00e9ny \u00faj rendelkez\u00e9sei a beteg sz\u00e1m\u00e1ra a k\u00f6vetkez\u0151kkel szolg\u00e1lnak\u00a0<strong>joguk van arra, hogy m\u00e9g \u00e9let\u00fckben tiltakozzanak az eg\u00e9szs\u00e9g\u00fcgyi dokument\u00e1ci\u00f3 kiad\u00e1sa ellen. A betegek elektronikus beutal\u00f3kat is kapnak<\/strong>.<\/p>\n<p dir=\"ltr\"><strong>A Szejm v\u00e1ltoztat\u00e1sokat fogadott el a tart\u00e1sd\u00edj beszed\u00e9s\u00e9nek jav\u00edt\u00e1sa \u00e9rdek\u00e9ben. Olyan megold\u00e1sokat tartalmaznak, amelyek lehet\u0151v\u00e9 teszik a tart\u00e1sd\u00edjfizet\u00e9sre k\u00f6telezettek hat\u00e9konyabb szakmai aktiviz\u00e1l\u00e1s\u00e1t.<\/strong>.<\/p>\n<p dir=\"ltr\">A 2018. \u00e9vi k\u00f6lts\u00e9gvet\u00e9si t\u00f6rv\u00e9ny v\u00e9grehajt\u00e1s\u00e1ra vonatkoz\u00f3 k\u00fcl\u00f6nleges megold\u00e1sokr\u00f3l sz\u00f3l\u00f3 t\u00f6rv\u00e9ny elfogadott m\u00f3dos\u00edt\u00e1sa a Nemzeti Eg\u00e9szs\u00e9g\u00fcgyi Alap, a Reprivatiz\u00e1ci\u00f3s Alap, az \u00d6nkorm\u00e1nyzati \u00datalap, a Mez\u0151gazdas\u00e1gi Szerkezet\u00e1talak\u00edt\u00e1si \u00e9s Moderniz\u00e1ci\u00f3s \u00dcgyn\u00f6ks\u00e9g \u00e9s a PKP PLK forr\u00e1sainak n\u00f6vel\u00e9s\u00e9t foglalja mag\u00e1ban.<\/p>\n<p dir=\"ltr\"><span style=\"color: #800000;\"><strong>Az eln\u00f6k \u00e1ltal al\u00e1\u00edrand\u00f3 t\u00f6rv\u00e9nyek<\/strong><\/span><\/p>\n<p dir=\"ltr\">A termomoderniz\u00e1ci\u00f3 \u00e9s a fel\u00faj\u00edt\u00e1s t\u00e1mogat\u00e1s\u00e1r\u00f3l sz\u00f3l\u00f3 t\u00f6rv\u00e9ny \u00e9s n\u00e9h\u00e1ny m\u00e1s t\u00f6rv\u00e9ny m\u00f3dos\u00edt\u00e1sa\u00a0<strong>lehet\u0151v\u00e9 teszi az energiaszeg\u00e9nys\u00e9gben \u00e9l\u0151 egycsal\u00e1dosok \u00e1ltal lakott lak\u00e1sok h\u0151technikai korszer\u0171s\u00edt\u00e9s\u00e9t, valamint a kibocs\u00e1t\u00e1si el\u0151\u00edr\u00e1soknak nem megfelel\u0151 szil\u00e1rd t\u00fczel\u00e9s\u0171 kaz\u00e1nok f\u0171t\u0151berendez\u00e9seinek cser\u00e9j\u00e9t vagy felsz\u00e1mol\u00e1s\u00e1t.<\/strong>.<\/p>\n<p dir=\"ltr\">T\u00f6rv\u00e9ny a nemzeti ad\u00f3snyilv\u00e1ntart\u00e1sr\u00f3l\u00a0<strong>k\u00f6nny\u00edt\u00e9sekr\u0151l rendelkezik a szerkezet\u00e1talak\u00edt\u00e1si elj\u00e1r\u00e1sokban \u00e9s a v\u00e1llalkoz\u00f3k cs\u0151delj\u00e1r\u00e1sa sor\u00e1n<\/strong>. Ez a v\u00e1lasz a szerkezet\u00e1talak\u00edt\u00e1si \u00e9s cs\u0151db\u00edr\u00f3s\u00e1gok sz\u00e1m\u00e1ra az \u00fcgyek, k\u00fcl\u00f6n\u00f6sen a fogyaszt\u00f3i cs\u0151d\u00f6k sz\u00e1m\u00e1nak jelent\u0151s n\u00f6veked\u00e9s\u00e9b\u0151l ered\u0151 jelent\u0151s probl\u00e9m\u00e1kra. L\u00e9trej\u00f6n a Nemzeti Ad\u00f3snyilv\u00e1ntart\u00e1s, amely nyilv\u00e1nos lesz, ami azt jelenti, hogy b\u00e1rki sz\u00e1m\u00e1ra lehet\u0151v\u00e9 v\u00e1lik t\u00f6bbek k\u00f6z\u00f6tt az abban szerepl\u0151 adatok online megtekint\u00e9se.<\/p>\n<p dir=\"ltr\">A szem\u00e9lyazonos\u00edt\u00f3 igazolv\u00e1nyokr\u00f3l sz\u00f3l\u00f3 t\u00f6rv\u00e9ny m\u00f3dos\u00edt\u00e1sai a k\u00f6vetkez\u0151kb\u0151l \u00e1llnak\u00a0<strong>a bizony\u00edt\u00e9kok felszerel\u00e9se elektronikus azonos\u00edt\u00e1si eszk\u00f6zzel (szem\u00e9lyes profil), amely magas szint\u0171 bizalmat biztos\u00edt, \u00e9s lehet\u0151v\u00e9 teszi a szem\u00e9lyazonoss\u00e1g igazol\u00e1s\u00e1t az online szolg\u00e1ltat\u00e1sokban \u00e9s az elektronikus dokumentumok al\u00e1\u00edr\u00e1s\u00e1t.<\/strong>.<\/p>\n<p dir=\"ltr\">A k\u00e9pvisel\u0151k elfogadt\u00e1k a POLADA l\u00e9trehoz\u00e1s\u00e1ra vonatkoz\u00f3 szen\u00e1tusi m\u00f3dos\u00edt\u00e1sokat, azaz a Doppingellenes Kutat\u00f3int\u00e9zet lev\u00e1laszt\u00e1s\u00e1t a Sportint\u00e9zetr\u0151l - Nemzeti Kutat\u00f3int\u00e9zetr\u0151l \u00e9s a jogi szem\u00e9lyis\u00e9ggel felszerelt Lengyel Doppingellenes Laborat\u00f3rium l\u00e9trehoz\u00e1s\u00e1t. A t\u00f6rv\u00e9ny az eln\u00f6k asztal\u00e1ra ker\u00fcl.<\/p>\n<p dir=\"ltr\">A szejm 73. \u00fcl\u00e9s\u00e9nek szerdai els\u0151 munkanapj\u00e1n a k\u00f6vetkez\u0151kre ker\u00fclt sor\u00a0<strong>az eg\u00e9szs\u00e9g\u00fcgyi szolg\u00e1ltat\u00e1sok el\u00e9rhet\u0151s\u00e9g\u00e9nek jav\u00edt\u00e1s\u00e1val kapcsolatos k\u00e9rd\u00e9sek<\/strong>\u00a0\u00e9s\u00a0<strong>A csal\u00e1d- \u00e9s nevel\u0151sz\u00fcl\u0151i rendszer t\u00e1mogat\u00e1s\u00e1r\u00f3l sz\u00f3l\u00f3 t\u00f6rv\u00e9ny m\u00f3dos\u00edt\u00e1sa<\/strong>.<\/p>\n<p dir=\"ltr\">Az \u00fcl\u00e9s az \u00faj k\u00e9pvisel\u0151k esk\u00fct\u00e9tel\u00e9vel kezd\u0151dik, akik az \u00f6nkorm\u00e1nyzati test\u00fcletekben hivatalba l\u00e9pett k\u00e9pvisel\u0151k ut\u00e1n foglalj\u00e1k el helyeiket.<u>\u00a0<\/u><strong>A k\u00f6vetkez\u0151 k\u00e9pvisel\u0151k letett\u00e9k hivatali esk\u00fcj\u00fcket az \u00fcl\u00e9sterem el\u0151tt: Iwona Krawczyk, Grzegorz Lipiec, Danuta Nowicka, Pawe\u0142 Rychlik \u00e9s S\u0142awomir Skwarek.<\/strong>.<\/p>\n<p dir=\"ltr\">Ezt k\u00f6vet\u0151en a k\u00e9pvisel\u0151k m\u00e1sodik olvasatban szavaztak a Polg\u00e1ri T\u00f6rv\u00e9nyk\u00f6nyv eln\u00f6ki m\u00f3dos\u00edt\u00e1si tervezet\u00e9r\u0151l, amelynek c\u00e9lja a k\u00e9sedelmi kamatok felsz\u00e1m\u00edt\u00e1s\u00e1nak elt\u00f6rl\u00e9se. A m\u00f3dos\u00edt\u00e1s hat\u00e1sa a k\u00f6vetkez\u0151\u00a0<strong>az \u00fcgyfelek elad\u00f3sod\u00e1s\u00e1nak n\u00f6veked\u00e9se \u00e9s az \u00fagynevezett ad\u00f3ss\u00e1ghurokba ker\u00fcl\u00e9s ellens\u00falyoz\u00e1sa<\/strong>. A tervezetet a kodifik\u00e1ci\u00f3k m\u00f3dos\u00edt\u00e1s\u00e1val foglalkoz\u00f3 rendk\u00edv\u00fcli bizotts\u00e1g el\u00e9 utalt\u00e1k.<\/p>\n<p dir=\"ltr\">Els\u0151 olvasatban t\u00e1rgyalt\u00e1k a korm\u00e1nynak a 2018. \u00e9vi k\u00f6lts\u00e9gvet\u00e9si t\u00f6rv\u00e9ny v\u00e9grehajt\u00e1s\u00e1ra vonatkoz\u00f3 k\u00fcl\u00f6nleges megold\u00e1sokr\u00f3l sz\u00f3l\u00f3 t\u00f6rv\u00e9ny m\u00f3dos\u00edt\u00e1s\u00e1nak tervezet\u00e9t is, miut\u00e1n a tervezet teljes elutas\u00edt\u00e1s\u00e1ra ir\u00e1nyul\u00f3 ind\u00edtv\u00e1nyt elutas\u00edtott\u00e1k, az ind\u00edtv\u00e1nyt az \u00c1llamh\u00e1ztart\u00e1si Bizotts\u00e1g el\u00e9 utalt\u00e1k.<\/p>\n<p dir=\"ltr\">A k\u00e9pvisel\u0151k megtartott\u00e1k a nagy hat\u00e9konys\u00e1g\u00fa kapcsolt energiatermel\u00e9sb\u0151l sz\u00e1rmaz\u00f3 villamos energia t\u00e1mogat\u00e1s\u00e1r\u00f3l sz\u00f3l\u00f3 t\u00f6rv\u00e9nytervezet els\u0151 olvasat\u00e1t.\u00a0<strong>E megold\u00e1sok alkalmaz\u00e1sa v\u00e1rhat\u00f3an jav\u00edtja a leveg\u0151min\u0151s\u00e9get, valamint a h\u0151- \u00e9s energiaell\u00e1t\u00e1s biztons\u00e1g\u00e1t a villamos energia \u00e9s a hasznos h\u0151 egyidej\u0171 el\u0151\u00e1ll\u00edt\u00e1sa r\u00e9v\u00e9n a kapcsolt h\u0151- \u00e9s villamosenergia-termel\u0151 \u00fczemekben.<\/strong>. A szavaz\u00e1st k\u00f6vet\u0151en a Szejm a tervezetet az Energia\u00fcgyi \u00e9s P\u00e9nz\u00fcgyi Bizotts\u00e1ghoz utalta.<\/p>\n<p dir=\"ltr\">A k\u00e9pvisel\u0151k befejezt\u00e9k a lengyel rend\u0151rs\u00e9gr\u0151l sz\u00f3l\u00f3 t\u00f6rv\u00e9ny bizotts\u00e1gi m\u00f3dos\u00edt\u00f3 javaslat\u00e1nak m\u00e1sodik olvasat\u00e1t. A tervezet a k\u00f6vetkez\u0151kre vonatkozik\u00a0<strong>a m\u00e1s telep\u00fcl\u00e9sre \u00e1thelyezett rend\u0151r ideiglenes elhelyez\u00e9s\u00e9nek k\u00f6lts\u00e9geinek a rend\u0151rs\u00e9g \u00e1ltal t\u00f6rt\u00e9n\u0151 fedez\u00e9se a szolg\u00e1lat teljes id\u0151tartam\u00e1ra<\/strong>. A szejm a tervezet harmadik olvasat\u00e1t egy szavaz\u00e1si blokkban folytatja le.<\/p>\n<p dir=\"ltr\">A Szejm v\u00e9grehajtotta\u00a0<strong>A f\u0151v\u00e1rosi egyes\u00fclet vezet\u0151s\u00e9gi tagjait, valamint p\u00e9nzt\u00e1ros\u00e1t \u00e9s titk\u00e1r\u00e1t lustr\u00e1ci\u00f3s nyilatkozatt\u00e9telre k\u00f6telez\u0151 rendelkez\u00e9seket bevezet\u0151 tervezet 2. olvasata.<\/strong>. A Bizotts\u00e1g tervezete az \u00e1llambiztons\u00e1gi szervek 1944-1990 k\u00f6z\u00f6tti irataira vonatkoz\u00f3 inform\u00e1ci\u00f3k nyilv\u00e1noss\u00e1gra hozatal\u00e1r\u00f3l sz\u00f3l\u00f3 t\u00f6rv\u00e9ny m\u00f3dos\u00edt\u00e1s\u00e1ra \u00e9s az iratok tartalm\u00e1ra vonatkozik. A szejm a tervezet harmadik olvasat\u00e1t egy szavaz\u00e1si blokkban folytatja.<\/p>\n<p dir=\"ltr\">A H\u00e1z m\u00e1sodik olvasatban t\u00e1rgyalta a kultur\u00e1lis tev\u00e9kenys\u00e9gek szervez\u00e9s\u00e9r\u0151l \u00e9s folytat\u00e1s\u00e1r\u00f3l sz\u00f3l\u00f3 t\u00f6rv\u00e9ny m\u00f3dos\u00edt\u00e1s\u00e1nak tervezet\u00e9t. A tervezet t\u00f6bbek k\u00f6z\u00f6tt szab\u00e1lyozza az \u00f6nkorm\u00e1nyzati kultur\u00e1lis int\u00e9zm\u00e9nyek igazgat\u00f3i tiszts\u00e9geinek bet\u00f6lt\u00e9s\u00e9re ki\u00edrt versenyvizsg\u00e1k rendj\u00e9t. A szejm a tervezet harmadik olvasat\u00e1t egy szavaz\u00e1si blokkban folytatja.<\/p>\n<p dir=\"ltr\">A Szejm meghallgatta az Eg\u00e9szs\u00e9g\u00fcgyi Bizotts\u00e1g jelent\u00e9s\u00e9t az orvosi \u00e9s fogorvosi szakm\u00e1kr\u00f3l, valamint a betegjogokr\u00f3l \u00e9s a betegjogi ombudsmanr\u00f3l sz\u00f3l\u00f3 t\u00f6rv\u00e9ny m\u00f3dos\u00edt\u00e1s\u00e1r\u00f3l. Az \u00faj rendeletek \u00e9rtelm\u00e9ben a betegnek joga lesz arra, hogy m\u00e9g \u00e9let\u00e9ben nyilatkozzon arr\u00f3l, hogy tiltakozik-e az eg\u00e9szs\u00e9g\u00fcgyi dokument\u00e1ci\u00f3 kiad\u00e1sa ellen. A t\u00f6rv\u00e9nyjavaslat harmadik olvasat\u00e1t a Szejm a szavaz\u00e1si blokk sor\u00e1n hajtja v\u00e9gre.<\/p>\n<p dir=\"ltr\">A k\u00e9pvisel\u0151k a \"Felel\u0151ss\u00e9gteljes fejl\u0151d\u00e9s strat\u00e9gi\u00e1ja 2020-ig\" c\u00edm\u0171 dokumentumban szerepl\u0151 \"Lengyel Ipari Platform 4.0\" projekt megval\u00f3s\u00edt\u00e1s\u00e1nak k\u00f6vetkezm\u00e9nyek\u00e9nt a J\u00f6v\u0151 Ipari Platform Alap\u00edtv\u00e1nyt l\u00e9trehoz\u00f3 korm\u00e1nyzati projekt m\u00e1sodik olvasat\u00e1ban hallgatt\u00e1k meg a Gazdas\u00e1gi \u00e9s Fejleszt\u00e9si Bizotts\u00e1g jelent\u00e9s\u00e9t. A m\u00f3dos\u00edt\u00e1sok eredm\u00e9nyek\u00e9nt a tervezetet visszautalt\u00e1k a bizotts\u00e1ghoz, hogy k\u00e9sz\u00edtsen kieg\u00e9sz\u00edt\u0151 jelent\u00e9st.<\/p>\n<p dir=\"ltr\">Egy m\u00e1sik tervezet, amelyet a Szejm els\u0151 olvasatban t\u00e1rgyalt, a korm\u00e1nynak az al\u00e1bbiakra vonatkoz\u00f3 m\u00f3dos\u00edt\u00e1si javaslata volt\u00a0<strong>a csal\u00e1d \u00e9s a nevel\u0151sz\u00fcl\u0151i rendszer t\u00e1mogat\u00e1s\u00e1r\u00f3l sz\u00f3l\u00f3 t\u00f6rv\u00e9ny, amelynek c\u00e9lja, hogy befoly\u00e1solja a nevel\u0151sz\u00fcl\u0151i csal\u00e1dform\u00e1k dinamikus fejl\u0151d\u00e9s\u00e9t \u00e9s biztos\u00edtsa a sz\u00fcl\u0151i gondoskod\u00e1s\u00e1t\u00f3l megfosztott gyermekek sz\u00e1m\u00e1ra a stabil csal\u00e1di nevel\u00e9si k\u00f6rnyezetet.<\/strong>. A tervezetet a Szoci\u00e1lpolitikai \u00e9s Csal\u00e1d\u00fcgyi Bizotts\u00e1g el\u00e9 utalt\u00e1k.<\/p>\n<p dir=\"ltr\">A szejm a Szoci\u00e1lpolitikai \u00e9s Csal\u00e1d\u00fcgyi Bizotts\u00e1g jelent\u00e9s\u00e9t meghallgatva folytatta a tart\u00e1sd\u00edjak behajt\u00e1s\u00e1nak jav\u00edt\u00e1s\u00e1t c\u00e9lz\u00f3 \u00faj szab\u00e1lyoz\u00e1sokkal kapcsolatos munk\u00e1j\u00e1t. Ezek k\u00f6z\u00e9 tartoznak az olyan megold\u00e1sok, amelyek<span style=\"text-decoration: underline;\">\u00a0<\/span><strong>a tart\u00e1sra k\u00f6telezettek hat\u00e9konyabb szakmai aktiv\u00e1l\u00e1s\u00e1nak lehet\u0151v\u00e9 t\u00e9tele<\/strong>. A tervezetet visszautalt\u00e1k a Szoci\u00e1lpolitikai \u00e9s Csal\u00e1d\u00fcgyi Bizotts\u00e1ghoz.<\/p>\n<p dir=\"ltr\">A Szejm megtartotta a korm\u00e1nynak az Eur\u00f3pai Parlament \u00e9s a Tan\u00e1cs (EU) 2016\/679 rendelete alkalmaz\u00e1s\u00e1nak biztos\u00edt\u00e1s\u00e1val \u00f6sszef\u00fcgg\u0151 egyes t\u00f6rv\u00e9nyek m\u00f3dos\u00edt\u00e1s\u00e1r\u00f3l sz\u00f3l\u00f3 t\u00f6rv\u00e9nyjavaslat\u00e1nak els\u0151 olvasat\u00e1t. A tervezet a lengyel jogrendnek a RODO-hoz val\u00f3 hozz\u00e1igaz\u00edt\u00e1s\u00e1ra vonatkozik. Javaslatot tesznek a tervezet els\u0151 olvasatban t\u00f6rt\u00e9n\u0151 elutas\u00edt\u00e1s\u00e1ra, a szejm a szavaz\u00e1si blokkban t\u00e1rgyalja az ind\u00edtv\u00e1nyt.<\/p>\n<p dir=\"ltr\">Els\u0151 olvasatban ker\u00fclt sor az \u00e1llami vagyonnal val\u00f3 gazd\u00e1lkod\u00e1s alapelveir\u0151l sz\u00f3l\u00f3 t\u00f6rv\u00e9ny \u00e9s n\u00e9h\u00e1ny m\u00e1s t\u00f6rv\u00e9ny m\u00f3dos\u00edt\u00e1s\u00e1ra ir\u00e1nyul\u00f3 korm\u00e1nyzati tervezet els\u0151 olvasat\u00e1ra is. A tervezet t\u00f6bbek k\u00f6z\u00f6tt rendelkezik a T\u0151kebefektet\u00e9si Alap l\u00e9trehoz\u00e1s\u00e1r\u00f3l. A tervezet els\u0151 olvasatban t\u00f6rt\u00e9n\u0151 elutas\u00edt\u00e1s\u00e1ra ir\u00e1nyul\u00f3 ind\u00edtv\u00e1nyt beny\u00fajtott\u00e1k, a Szejm a szavaz\u00e1si blokkban fogja t\u00e1rgyalni az ind\u00edtv\u00e1nyt.<\/p>\n<p dir=\"ltr\">Az utols\u00f3 ma t\u00e1rgyalt t\u00f6rv\u00e9nyjavaslat az egyes t\u00f6rv\u00e9nyeknek az al\u00e1bbiakkal kapcsolatos m\u00f3dos\u00edt\u00e1s\u00e1r\u00f3l sz\u00f3l\u00f3 t\u00f6rv\u00e9nyjavaslat m\u00e1sodik olvasata\u00a0<strong>elektronikus \u00e1tir\u00e1ny\u00edt\u00e1s \u00e9s v\u00e1r\u00f3list\u00e1k az eg\u00e9szs\u00e9g\u00fcgyi szolg\u00e1ltat\u00e1sokra. A m\u00f3dos\u00edt\u00e1sok c\u00e9lja els\u0151sorban az elektronikus form\u00e1ban kezelt dokumentumok k\u00f6r\u00e9nek tiszt\u00e1z\u00e1sa.<\/strong>. Mivel a tervezethez m\u00f3dos\u00edt\u00e1sokat ny\u00fajtottak be, azt visszautalt\u00e1k az Eg\u00e9szs\u00e9g\u00fcgyi Bizotts\u00e1ghoz.<\/p>\n<p dir=\"ltr\"><em>tov\u00e1bb: sejm.gov.pl<\/em><\/p>\n<p dir=\"ltr\"><em>F\u00e9nyk\u00e9p: R. Zambrzycki, \u0141. B\u0142asikiewicz<\/em><\/p>","protected":false},"excerpt":{"rendered":"<p>Emerytura bez podatku,\u00a0poprawa dost\u0119pno\u015bci \u015bwiadcze\u0144 opieki zdrowotnej,\u00a0zmiana ustawy o wspieraniu rodziny i systemie pieczy zast\u0119pczej,\u00a0lepsza\u00a0\u015bci\u0105galno\u015b\u0107 aliment\u00f3w oraz\u00a0poprawa jako\u015bci powietrza i zapewnienie bezpiecze\u0144stwa dostaw ciep\u0142a i energii to\u00a0niekt\u00f3re\u00a0z problem\u00f3w, jakimi zaj\u0119li si\u0119 pos\u0142owie\u00a0podczas 73. posiedzenia Sejmu. W czwartek przyj\u0119to\u00a0sprawozdanie z realizacji programu 500 plus w latach 2016-2017.\u00a0Sekretarz Stanu w Ministerstwie Rodziny Pracy i Polityki Spo\u0142ecznej Stanis\u0142aw [&hellip;]<\/p>","protected":false},"author":6,"featured_media":11549,"comment_status":"open","ping_status":"open","sticky":false,"template":"","format":"standard","meta":{"ngg_post_thumbnail":0,"footnotes":""},"categories":[81,3],"tags":[],"class_list":["post-11543","post","type-post","status-publish","format-standard","has-post-thumbnail","hentry","category-wiesci-z-sejmu","category-wydarzenia"],"yoast_head":"<!-- This site is optimized with the Yoast SEO plugin v24.7 - https:\/\/yoast.com\/wordpress\/plugins\/seo\/ -->\n<title>Podsumowanie 73. posiedzenie Sejmu RP &#8211; Marek Kuchci\u0144ski<\/title>\n<meta name=\"robots\" content=\"index, follow, max-snippet:-1, max-image-preview:large, max-video-preview:-1\" \/>\n<link rel=\"canonical\" href=\"https:\/\/marekkuchcinski.pl\/hu\/wydarzenia\/podsumowanie-73-posiedzenie-sejmu-rp\/\" \/>\n<meta property=\"og:locale\" content=\"hu_HU\" \/>\n<meta property=\"og:type\" content=\"article\" \/>\n<meta property=\"og:title\" content=\"Podsumowanie 73. posiedzenie Sejmu RP &#8211; Marek Kuchci\u0144ski\" \/>\n<meta property=\"og:description\" content=\"Emerytura bez podatku,\u00a0poprawa dost\u0119pno\u015bci \u015bwiadcze\u0144 opieki zdrowotnej,\u00a0zmiana ustawy o wspieraniu rodziny i systemie pieczy zast\u0119pczej,\u00a0lepsza\u00a0\u015bci\u0105galno\u015b\u0107 aliment\u00f3w oraz\u00a0poprawa jako\u015bci powietrza i zapewnienie bezpiecze\u0144stwa dostaw ciep\u0142a i energii to\u00a0niekt\u00f3re\u00a0z problem\u00f3w, jakimi zaj\u0119li si\u0119 pos\u0142owie\u00a0podczas 73. posiedzenia Sejmu. W czwartek przyj\u0119to\u00a0sprawozdanie z realizacji programu 500 plus w latach 2016-2017.\u00a0Sekretarz Stanu w Ministerstwie Rodziny Pracy i Polityki Spo\u0142ecznej Stanis\u0142aw [&hellip;]\" \/>\n<meta property=\"og:url\" content=\"https:\/\/marekkuchcinski.pl\/hu\/wydarzenia\/podsumowanie-73-posiedzenie-sejmu-rp\/\" \/>\n<meta property=\"og:site_name\" content=\"Marek Kuchci\u0144ski\" \/>\n<meta property=\"article:published_time\" content=\"2018-12-07T12:25:36+00:00\" \/>\n<meta property=\"article:modified_time\" content=\"2018-12-07T14:49:36+00:00\" \/>\n<meta property=\"og:image\" content=\"https:\/\/marekkuchcinski.pl\/wp-content\/uploads\/2018\/12\/73-PS.jpg\" \/>\n\t<meta property=\"og:image:width\" content=\"1620\" \/>\n\t<meta property=\"og:image:height\" content=\"1080\" \/>\n\t<meta property=\"og:image:type\" content=\"image\/jpeg\" \/>\n<meta name=\"author\" content=\"admin\" \/>\n<meta name=\"twitter:card\" content=\"summary_large_image\" \/>\n<meta name=\"twitter:label1\" content=\"Szerz\u0151:\" \/>\n\t<meta name=\"twitter:data1\" content=\"admin\" \/>\n\t<meta name=\"twitter:label2\" content=\"Becs\u00fclt olvas\u00e1si id\u0151\" \/>\n\t<meta name=\"twitter:data2\" content=\"8 perc\" \/>\n<script type=\"application\/ld+json\" class=\"yoast-schema-graph\">{\"@context\":\"https:\/\/schema.org\",\"@graph\":[{\"@type\":\"Article\",\"@id\":\"https:\/\/marekkuchcinski.pl\/wydarzenia\/podsumowanie-73-posiedzenie-sejmu-rp\/#article\",\"isPartOf\":{\"@id\":\"https:\/\/marekkuchcinski.pl\/wydarzenia\/podsumowanie-73-posiedzenie-sejmu-rp\/\"},\"author\":{\"name\":\"admin\",\"@id\":\"https:\/\/marekkuchcinski.pl\/#\/schema\/person\/6f62700996b4d950b6ea2d1183b6c6be\"},\"headline\":\"Podsumowanie 73. posiedzenie Sejmu RP\",\"datePublished\":\"2018-12-07T12:25:36+00:00\",\"dateModified\":\"2018-12-07T14:49:36+00:00\",\"mainEntityOfPage\":{\"@id\":\"https:\/\/marekkuchcinski.pl\/wydarzenia\/podsumowanie-73-posiedzenie-sejmu-rp\/\"},\"wordCount\":1683,\"commentCount\":0,\"publisher\":{\"@id\":\"https:\/\/marekkuchcinski.pl\/#organization\"},\"image\":{\"@id\":\"https:\/\/marekkuchcinski.pl\/wydarzenia\/podsumowanie-73-posiedzenie-sejmu-rp\/#primaryimage\"},\"thumbnailUrl\":\"https:\/\/marekkuchcinski.pl\/wp-content\/uploads\/2018\/12\/73-PS.jpg\",\"articleSection\":[\"Wie\u015bci z Sejmu\",\"Wydarzenia\"],\"inLanguage\":\"hu\",\"potentialAction\":[{\"@type\":\"CommentAction\",\"name\":\"Comment\",\"target\":[\"https:\/\/marekkuchcinski.pl\/wydarzenia\/podsumowanie-73-posiedzenie-sejmu-rp\/#respond\"]}]},{\"@type\":\"WebPage\",\"@id\":\"https:\/\/marekkuchcinski.pl\/wydarzenia\/podsumowanie-73-posiedzenie-sejmu-rp\/\",\"url\":\"https:\/\/marekkuchcinski.pl\/wydarzenia\/podsumowanie-73-posiedzenie-sejmu-rp\/\",\"name\":\"Podsumowanie 73. posiedzenie Sejmu RP &#8211; Marek Kuchci\u0144ski\",\"isPartOf\":{\"@id\":\"https:\/\/marekkuchcinski.pl\/#website\"},\"primaryImageOfPage\":{\"@id\":\"https:\/\/marekkuchcinski.pl\/wydarzenia\/podsumowanie-73-posiedzenie-sejmu-rp\/#primaryimage\"},\"image\":{\"@id\":\"https:\/\/marekkuchcinski.pl\/wydarzenia\/podsumowanie-73-posiedzenie-sejmu-rp\/#primaryimage\"},\"thumbnailUrl\":\"https:\/\/marekkuchcinski.pl\/wp-content\/uploads\/2018\/12\/73-PS.jpg\",\"datePublished\":\"2018-12-07T12:25:36+00:00\",\"dateModified\":\"2018-12-07T14:49:36+00:00\",\"breadcrumb\":{\"@id\":\"https:\/\/marekkuchcinski.pl\/wydarzenia\/podsumowanie-73-posiedzenie-sejmu-rp\/#breadcrumb\"},\"inLanguage\":\"hu\",\"potentialAction\":[{\"@type\":\"ReadAction\",\"target\":[\"https:\/\/marekkuchcinski.pl\/wydarzenia\/podsumowanie-73-posiedzenie-sejmu-rp\/\"]}]},{\"@type\":\"ImageObject\",\"inLanguage\":\"hu\",\"@id\":\"https:\/\/marekkuchcinski.pl\/wydarzenia\/podsumowanie-73-posiedzenie-sejmu-rp\/#primaryimage\",\"url\":\"https:\/\/marekkuchcinski.pl\/wp-content\/uploads\/2018\/12\/73-PS.jpg\",\"contentUrl\":\"https:\/\/marekkuchcinski.pl\/wp-content\/uploads\/2018\/12\/73-PS.jpg\",\"width\":1620,\"height\":1080},{\"@type\":\"BreadcrumbList\",\"@id\":\"https:\/\/marekkuchcinski.pl\/wydarzenia\/podsumowanie-73-posiedzenie-sejmu-rp\/#breadcrumb\",\"itemListElement\":[{\"@type\":\"ListItem\",\"position\":1,\"name\":\"Strona g\u0142\u00f3wna\",\"item\":\"https:\/\/marekkuchcinski.pl\/\"},{\"@type\":\"ListItem\",\"position\":2,\"name\":\"Podsumowanie 73. posiedzenie Sejmu RP\"}]},{\"@type\":\"WebSite\",\"@id\":\"https:\/\/marekkuchcinski.pl\/#website\",\"url\":\"https:\/\/marekkuchcinski.pl\/\",\"name\":\"Marek Kuchci\u0144ski\",\"description\":\"Pose\u0142 na sejm RP &ndash; okr\u0119g nr 22\",\"publisher\":{\"@id\":\"https:\/\/marekkuchcinski.pl\/#organization\"},\"potentialAction\":[{\"@type\":\"SearchAction\",\"target\":{\"@type\":\"EntryPoint\",\"urlTemplate\":\"https:\/\/marekkuchcinski.pl\/?s={search_term_string}\"},\"query-input\":{\"@type\":\"PropertyValueSpecification\",\"valueRequired\":true,\"valueName\":\"search_term_string\"}}],\"inLanguage\":\"hu\"},{\"@type\":\"Organization\",\"@id\":\"https:\/\/marekkuchcinski.pl\/#organization\",\"name\":\"Marek Kuchci\u0144ski\",\"url\":\"https:\/\/marekkuchcinski.pl\/\",\"logo\":{\"@type\":\"ImageObject\",\"inLanguage\":\"hu\",\"@id\":\"https:\/\/marekkuchcinski.pl\/#\/schema\/logo\/image\/\",\"url\":\"https:\/\/marekkuchcinski.pl\/wp-content\/uploads\/2022\/09\/Marek.jpg\",\"contentUrl\":\"https:\/\/marekkuchcinski.pl\/wp-content\/uploads\/2022\/09\/Marek.jpg\",\"width\":1600,\"height\":971,\"caption\":\"Marek Kuchci\u0144ski\"},\"image\":{\"@id\":\"https:\/\/marekkuchcinski.pl\/#\/schema\/logo\/image\/\"}},{\"@type\":\"Person\",\"@id\":\"https:\/\/marekkuchcinski.pl\/#\/schema\/person\/6f62700996b4d950b6ea2d1183b6c6be\",\"name\":\"admin\",\"image\":{\"@type\":\"ImageObject\",\"inLanguage\":\"hu\",\"@id\":\"https:\/\/marekkuchcinski.pl\/#\/schema\/person\/image\/\",\"url\":\"https:\/\/secure.gravatar.com\/avatar\/4bab693b9d55c3d6b52c0296a8765085?s=96&d=mm&r=g\",\"contentUrl\":\"https:\/\/secure.gravatar.com\/avatar\/4bab693b9d55c3d6b52c0296a8765085?s=96&d=mm&r=g\",\"caption\":\"admin\"},\"url\":\"https:\/\/marekkuchcinski.pl\/hu\/author\/marta-olejnik\/\"}]}<\/script>\n<!-- \/ Yoast SEO plugin. -->","yoast_head_json":{"title":"Podsumowanie 73. posiedzenie Sejmu RP &#8211; Marek Kuchci\u0144ski","robots":{"index":"index","follow":"follow","max-snippet":"max-snippet:-1","max-image-preview":"max-image-preview:large","max-video-preview":"max-video-preview:-1"},"canonical":"https:\/\/marekkuchcinski.pl\/hu\/wydarzenia\/podsumowanie-73-posiedzenie-sejmu-rp\/","og_locale":"hu_HU","og_type":"article","og_title":"Podsumowanie 73. posiedzenie Sejmu RP &#8211; Marek Kuchci\u0144ski","og_description":"Emerytura bez podatku,\u00a0poprawa dost\u0119pno\u015bci \u015bwiadcze\u0144 opieki zdrowotnej,\u00a0zmiana ustawy o wspieraniu rodziny i systemie pieczy zast\u0119pczej,\u00a0lepsza\u00a0\u015bci\u0105galno\u015b\u0107 aliment\u00f3w oraz\u00a0poprawa jako\u015bci powietrza i zapewnienie bezpiecze\u0144stwa dostaw ciep\u0142a i energii to\u00a0niekt\u00f3re\u00a0z problem\u00f3w, jakimi zaj\u0119li si\u0119 pos\u0142owie\u00a0podczas 73. posiedzenia Sejmu. W czwartek przyj\u0119to\u00a0sprawozdanie z realizacji programu 500 plus w latach 2016-2017.\u00a0Sekretarz Stanu w Ministerstwie Rodziny Pracy i Polityki Spo\u0142ecznej Stanis\u0142aw [&hellip;]","og_url":"https:\/\/marekkuchcinski.pl\/hu\/wydarzenia\/podsumowanie-73-posiedzenie-sejmu-rp\/","og_site_name":"Marek Kuchci\u0144ski","article_published_time":"2018-12-07T12:25:36+00:00","article_modified_time":"2018-12-07T14:49:36+00:00","og_image":[{"width":1620,"height":1080,"url":"https:\/\/marekkuchcinski.pl\/wp-content\/uploads\/2018\/12\/73-PS.jpg","type":"image\/jpeg"}],"author":"admin","twitter_card":"summary_large_image","twitter_misc":{"Szerz\u0151:":"admin","Becs\u00fclt olvas\u00e1si id\u0151":"8 perc"},"schema":{"@context":"https:\/\/schema.org","@graph":[{"@type":"Article","@id":"https:\/\/marekkuchcinski.pl\/wydarzenia\/podsumowanie-73-posiedzenie-sejmu-rp\/#article","isPartOf":{"@id":"https:\/\/marekkuchcinski.pl\/wydarzenia\/podsumowanie-73-posiedzenie-sejmu-rp\/"},"author":{"name":"admin","@id":"https:\/\/marekkuchcinski.pl\/#\/schema\/person\/6f62700996b4d950b6ea2d1183b6c6be"},"headline":"Podsumowanie 73. posiedzenie Sejmu RP","datePublished":"2018-12-07T12:25:36+00:00","dateModified":"2018-12-07T14:49:36+00:00","mainEntityOfPage":{"@id":"https:\/\/marekkuchcinski.pl\/wydarzenia\/podsumowanie-73-posiedzenie-sejmu-rp\/"},"wordCount":1683,"commentCount":0,"publisher":{"@id":"https:\/\/marekkuchcinski.pl\/#organization"},"image":{"@id":"https:\/\/marekkuchcinski.pl\/wydarzenia\/podsumowanie-73-posiedzenie-sejmu-rp\/#primaryimage"},"thumbnailUrl":"https:\/\/marekkuchcinski.pl\/wp-content\/uploads\/2018\/12\/73-PS.jpg","articleSection":["Wie\u015bci z Sejmu","Wydarzenia"],"inLanguage":"hu","potentialAction":[{"@type":"CommentAction","name":"Comment","target":["https:\/\/marekkuchcinski.pl\/wydarzenia\/podsumowanie-73-posiedzenie-sejmu-rp\/#respond"]}]},{"@type":"WebPage","@id":"https:\/\/marekkuchcinski.pl\/wydarzenia\/podsumowanie-73-posiedzenie-sejmu-rp\/","url":"https:\/\/marekkuchcinski.pl\/wydarzenia\/podsumowanie-73-posiedzenie-sejmu-rp\/","name":"Podsumowanie 73. posiedzenie Sejmu RP &#8211; Marek Kuchci\u0144ski","isPartOf":{"@id":"https:\/\/marekkuchcinski.pl\/#website"},"primaryImageOfPage":{"@id":"https:\/\/marekkuchcinski.pl\/wydarzenia\/podsumowanie-73-posiedzenie-sejmu-rp\/#primaryimage"},"image":{"@id":"https:\/\/marekkuchcinski.pl\/wydarzenia\/podsumowanie-73-posiedzenie-sejmu-rp\/#primaryimage"},"thumbnailUrl":"https:\/\/marekkuchcinski.pl\/wp-content\/uploads\/2018\/12\/73-PS.jpg","datePublished":"2018-12-07T12:25:36+00:00","dateModified":"2018-12-07T14:49:36+00:00","breadcrumb":{"@id":"https:\/\/marekkuchcinski.pl\/wydarzenia\/podsumowanie-73-posiedzenie-sejmu-rp\/#breadcrumb"},"inLanguage":"hu","potentialAction":[{"@type":"ReadAction","target":["https:\/\/marekkuchcinski.pl\/wydarzenia\/podsumowanie-73-posiedzenie-sejmu-rp\/"]}]},{"@type":"ImageObject","inLanguage":"hu","@id":"https:\/\/marekkuchcinski.pl\/wydarzenia\/podsumowanie-73-posiedzenie-sejmu-rp\/#primaryimage","url":"https:\/\/marekkuchcinski.pl\/wp-content\/uploads\/2018\/12\/73-PS.jpg","contentUrl":"https:\/\/marekkuchcinski.pl\/wp-content\/uploads\/2018\/12\/73-PS.jpg","width":1620,"height":1080},{"@type":"BreadcrumbList","@id":"https:\/\/marekkuchcinski.pl\/wydarzenia\/podsumowanie-73-posiedzenie-sejmu-rp\/#breadcrumb","itemListElement":[{"@type":"ListItem","position":1,"name":"Strona g\u0142\u00f3wna","item":"https:\/\/marekkuchcinski.pl\/"},{"@type":"ListItem","position":2,"name":"Podsumowanie 73. posiedzenie Sejmu RP"}]},{"@type":"WebSite","@id":"https:\/\/marekkuchcinski.pl\/#website","url":"https:\/\/marekkuchcinski.pl\/","name":"Marek Kuchci\u0144ski","description":"Pose\u0142 na sejm RP &ndash; okr\u0119g nr 22","publisher":{"@id":"https:\/\/marekkuchcinski.pl\/#organization"},"potentialAction":[{"@type":"SearchAction","target":{"@type":"EntryPoint","urlTemplate":"https:\/\/marekkuchcinski.pl\/?s={search_term_string}"},"query-input":{"@type":"PropertyValueSpecification","valueRequired":true,"valueName":"search_term_string"}}],"inLanguage":"hu"},{"@type":"Organization","@id":"https:\/\/marekkuchcinski.pl\/#organization","name":"Marek Kuchci\u0144ski","url":"https:\/\/marekkuchcinski.pl\/","logo":{"@type":"ImageObject","inLanguage":"hu","@id":"https:\/\/marekkuchcinski.pl\/#\/schema\/logo\/image\/","url":"https:\/\/marekkuchcinski.pl\/wp-content\/uploads\/2022\/09\/Marek.jpg","contentUrl":"https:\/\/marekkuchcinski.pl\/wp-content\/uploads\/2022\/09\/Marek.jpg","width":1600,"height":971,"caption":"Marek Kuchci\u0144ski"},"image":{"@id":"https:\/\/marekkuchcinski.pl\/#\/schema\/logo\/image\/"}},{"@type":"Person","@id":"https:\/\/marekkuchcinski.pl\/#\/schema\/person\/6f62700996b4d950b6ea2d1183b6c6be","name":"admin","image":{"@type":"ImageObject","inLanguage":"hu","@id":"https:\/\/marekkuchcinski.pl\/#\/schema\/person\/image\/","url":"https:\/\/secure.gravatar.com\/avatar\/4bab693b9d55c3d6b52c0296a8765085?s=96&d=mm&r=g","contentUrl":"https:\/\/secure.gravatar.com\/avatar\/4bab693b9d55c3d6b52c0296a8765085?s=96&d=mm&r=g","caption":"admin"},"url":"https:\/\/marekkuchcinski.pl\/hu\/author\/marta-olejnik\/"}]}},"_links":{"self":[{"href":"https:\/\/marekkuchcinski.pl\/hu\/wp-json\/wp\/v2\/posts\/11543","targetHints":{"allow":["GET"]}}],"collection":[{"href":"https:\/\/marekkuchcinski.pl\/hu\/wp-json\/wp\/v2\/posts"}],"about":[{"href":"https:\/\/marekkuchcinski.pl\/hu\/wp-json\/wp\/v2\/types\/post"}],"author":[{"embeddable":true,"href":"https:\/\/marekkuchcinski.pl\/hu\/wp-json\/wp\/v2\/users\/6"}],"replies":[{"embeddable":true,"href":"https:\/\/marekkuchcinski.pl\/hu\/wp-json\/wp\/v2\/comments?post=11543"}],"version-history":[{"count":22,"href":"https:\/\/marekkuchcinski.pl\/hu\/wp-json\/wp\/v2\/posts\/11543\/revisions"}],"predecessor-version":[{"id":11588,"href":"https:\/\/marekkuchcinski.pl\/hu\/wp-json\/wp\/v2\/posts\/11543\/revisions\/11588"}],"wp:featuredmedia":[{"embeddable":true,"href":"https:\/\/marekkuchcinski.pl\/hu\/wp-json\/wp\/v2\/media\/11549"}],"wp:attachment":[{"href":"https:\/\/marekkuchcinski.pl\/hu\/wp-json\/wp\/v2\/media?parent=11543"}],"wp:term":[{"taxonomy":"category","embeddable":true,"href":"https:\/\/marekkuchcinski.pl\/hu\/wp-json\/wp\/v2\/categories?post=11543"},{"taxonomy":"post_tag","embeddable":true,"href":"https:\/\/marekkuchcinski.pl\/hu\/wp-json\/wp\/v2\/tags?post=11543"}],"curies":[{"name":"wp","href":"https:\/\/api.w.org\/{rel}","templated":true}]}}