{"id":11522,"date":"2018-12-06T11:42:29","date_gmt":"2018-12-06T10:42:29","guid":{"rendered":"https:\/\/marekkuchcinski.pl\/?p=11522"},"modified":"2018-12-06T13:45:02","modified_gmt":"2018-12-06T12:45:02","slug":"40-mln-zl-edukacje-aktywnosc-poprawe-zycia-seniorow","status":"publish","type":"post","link":"https:\/\/marekkuchcinski.pl\/hu\/wydarzenia\/40-mln-zl-edukacje-aktywnosc-poprawe-zycia-seniorow\/","title":{"rendered":"Seniors plus \u00e9s Care 75 plus: oktat\u00e1s, akt\u00edv r\u00e9szv\u00e9tel, jobb \u00e9letmin\u0151s\u00e9g, valamint az ell\u00e1t\u00e1shoz \u00e9s a szakszolg\u00e1latokhoz val\u00f3 jobb hozz\u00e1f\u00e9r\u00e9s."},"content":{"rendered":"<div id=\"column-2\" class=\"portlet-column portlet-column-first\">\n<div id=\"layout-column_column-2\" class=\"portlet-dropzone portlet-column-content portlet-column-content-first\">\n<div id=\"p_p_id_com_liferay_journal_content_web_portlet_JournalContentPortlet_INSTANCE_8GyoioMoRNQT_\" class=\"portlet-boundary portlet-boundary_com_liferay_journal_content_web_portlet_JournalContentPortlet_ portlet-static portlet-static-end portlet-decorate portlet-journal-content\">\n<section id=\"portlet_com_liferay_journal_content_web_portlet_JournalContentPortlet_INSTANCE_8GyoioMoRNQT\" class=\"portlet\">\n<div class=\"portlet-content\">\n<div class=\"portlet-content-container\">\n<div class=\"portlet-body\">\n<div class=\"journal-content-article\">\n<div class=\"article\">\n<p class=\"lead\"><span style=\"color: #ff6600;\"><strong>SENIOR PLUS<\/strong><\/span><\/p>\n<p class=\"lead\"><strong>December 21-ig lehet p\u00e1ly\u00e1zni az Id\u0151sek szoci\u00e1lis tev\u00e9kenys\u00e9g\u00e9t c\u00e9lz\u00f3 korm\u00e1nyzati program 2014-2020 k\u00f6z\u00f6tti id\u0151szakra sz\u00f3l\u00f3 t\u00e1rsfinansz\u00edroz\u00e1s\u00fa legjobb projektekre. 40 milli\u00f3 zloty \u00e1ll rendelkez\u00e9sre a program \u00faj kiad\u00e1s\u00e1ban.<\/strong><\/p>\n<div class=\"paragraph article_section_content\">\n<p><span style=\"color: #ff6600;\"><strong>T\u00e1mogat\u00e1sok<\/strong><\/span><\/p>\n<p>T\u00f6bbek k\u00f6z\u00f6tt civil szervezetek, szoci\u00e1lis sz\u00f6vetkezetek \u00e9s \u00f6nkorm\u00e1nyzati t\u00e1rsul\u00e1sok p\u00e1ly\u00e1zhatnak t\u00e1mogat\u00e1sra.<\/p>\n<p>- A t\u00e1mogat\u00e1s \u00f6sszege legfeljebb 200 ezer PLN.<\/p>\n<p>- A finansz\u00edroz\u00e1st ig\u00e9nyl\u0151 szervezeteknek legal\u00e1bb 10 sz\u00e1zal\u00e9kos \u00f6nr\u00e9sszel kell rendelkezni\u00fck.<\/p>\n<p>A 2019. \u00e9vi k\u00f6lts\u00e9gvet\u00e9si tervezet \u00f6sszesen 40 milli\u00f3 PLN-t k\u00fcl\u00f6n\u00edt el a programra.<\/p>\n<p>Ezeket az alapokat olyan projektek finansz\u00edroz\u00e1s\u00e1ra fogj\u00e1k felhaszn\u00e1lni, amelyek jav\u00edtj\u00e1k az id\u0151sek \u00e9letmin\u0151s\u00e9g\u00e9t \u00e9s \u00e9letsz\u00ednvonal\u00e1t. A programot a munk\u00e1val t\u00f6lt\u00f6tt \u00e9let\u00fck v\u00e9g\u00e9hez k\u00f6zeled\u0151 emberek sz\u00e1m\u00e1ra hozt\u00e1k l\u00e9tre.<\/p>\n<p><span style=\"color: #ff6600;\"><strong>T\u00e1rsadalmi tev\u00e9kenys\u00e9gek k\u00edn\u00e1lata<\/strong><\/span><\/p>\n<p>Korm\u00e1nyzati t\u00e1rsfinansz\u00edroz\u00e1st biztos\u00edtanak egy olyan t\u00e1rsadalmi tev\u00e9kenys\u00e9gk\u00edn\u00e1lat l\u00e9trehoz\u00e1s\u00e1hoz, amely lehet\u0151v\u00e9 teszi a 60 \u00e9v felettiek potenci\u00e1lj\u00e1nak kibontakoztat\u00e1s\u00e1t. Priorit\u00e1s az id\u0151sek oktat\u00e1sa, a gener\u00e1ci\u00f3n bel\u00fcli \u00e9s gener\u00e1ci\u00f3k k\u00f6z\u00f6tti integr\u00e1ci\u00f3t el\u0151seg\u00edt\u0151 t\u00e1rsadalmi tev\u00e9kenys\u00e9g, valamint az id\u0151sek t\u00e1rsadalmi r\u00e9szv\u00e9tele \u00e9s az id\u0151sek sz\u00e1m\u00e1ra ny\u00fajtott szoci\u00e1lis szolg\u00e1ltat\u00e1sok.<\/p>\n<p>- A program kedvezm\u00e9nyezettjei nemcsak az id\u0151sek, akik \u00e9let\u00fck \u0151sz\u00e9n \u00e9lvezhetik az ig\u00e9nyeikre vagy eg\u00e9szs\u00e9gi \u00e1llapotukra szabott aj\u00e1nlatot, hanem a fiatalabb gener\u00e1ci\u00f3k is, akik az id\u0151sebb lengyelek \u00e9lettapasztalat\u00e1b\u00f3l mer\u00edthetnek\" - mondta El\u017cbieta Rafalska csal\u00e1d-, munka- \u00e9s szoci\u00e1lpolitikai miniszter.<\/p>\n<p>2016 \u00e9s 2018 k\u00f6z\u00f6tt k\u00f6zel 114 milli\u00f3 PLN-t k\u00fcl\u00f6n\u00edtettek el a program v\u00e9grehajt\u00e1s\u00e1ra. Ezekb\u0151l az alapokb\u00f3l t\u00f6bb mint 1,1 ezer projektet t\u00e1rsfinansz\u00edrozott, amelyekb\u0151l k\u00f6zel 450 ezer ember r\u00e9szes\u00fclt.<\/p>\n<p>Az aj\u00e1nlatokat kiz\u00e1r\u00f3lag elektronikus form\u00e1ban kell beny\u00fajtani, a k\u00f6vetkez\u0151 c\u00edmen el\u00e9rhet\u0151 p\u00e1ly\u00e1zati gener\u00e1tor seg\u00edts\u00e9g\u00e9vel\u00a0<strong><span style=\"color: #000000;\"><a style=\"color: #000000;\" href=\"https:\/\/asos2019.mpips.gov.pl\/\">https:\/\/asos2019.mpips.gov.pl<\/a>.<\/span><\/strong><\/p>\n<p><strong><span style=\"color: #ff6600;\">75 PLUS CARE<\/span><\/strong><\/p>\n<\/div>\n<div class=\"article_section_link\"><strong>December 10. \u00e9s janu\u00e1r 11. k\u00f6z\u00f6tt az \u00f6nkorm\u00e1nyzatok a \"Care 75+\" program \u00faj kiad\u00e1s\u00e1nak keret\u00e9ben p\u00e1ly\u00e1zhatnak a gondoz\u00e1si szolg\u00e1ltat\u00e1sok ny\u00fajt\u00e1s\u00e1ra, bele\u00e9rtve a 75 \u00e9v feletti szem\u00e9lyek sz\u00e1m\u00e1ra ny\u00fajtott speci\u00e1lis gondoz\u00e1si szolg\u00e1ltat\u00e1sokat is.<\/strong><\/div>\n<div class=\"article_section_link\"><\/div>\n<div class=\"article_section_link\">A \"Care 75+\" 2018 janu\u00e1rja \u00f3ta m\u0171k\u00f6dik. A programot 75 \u00e9v felettiek sz\u00e1m\u00e1ra ind\u00edtott\u00e1k el. C\u00e9lja, hogy n\u00f6velje az \u00e1pol\u00e1si szolg\u00e1ltat\u00e1sok, k\u00f6zt\u00fck a speci\u00e1lis szolg\u00e1ltat\u00e1sok el\u00e9rhet\u0151s\u00e9g\u00e9t. A program keret\u00e9ben a legfeljebb 60 000 lakos\u00fa \u00f6nkorm\u00e1nyzatok - amelyek saj\u00e1t maguk ny\u00fajtanak \u00e1pol\u00e1si szolg\u00e1ltat\u00e1sokat - r\u00e9szes\u00fclhetnek az ilyen szolg\u00e1ltat\u00e1sok ny\u00fajt\u00e1s\u00e1hoz sz\u00fcks\u00e9ges finansz\u00edroz\u00e1sban. Szeptember v\u00e9g\u00e9ig 384 telep\u00fcl\u00e9s csatlakozott a programhoz, amelynek keret\u00e9ben t\u00f6bb mint 2,2 ezer m\u00e9lt\u00f3s\u00e1gteljes kor\u00fa id\u0151s ember r\u00e9szes\u00fclt szolg\u00e1ltat\u00e1sban.<\/div>\n<\/div>\n<\/div>\n<\/div>\n<\/div>\n<\/div>\n<div class=\"article_section_link\"><\/div>\n<div class=\"portlet-content\">\n<div class=\"portlet-content-container\">\n<div class=\"portlet-body\">\n<div class=\"journal-content-article\">\n<div class=\"article\">\n<div class=\"article_section_link\" style=\"padding-left: 30px;\"><\/div>\n<div class=\"article_section_link\">\n<div class=\"gmail-paragraph gmail-article_section_content\" style=\"margin: 0px; padding-top: 0px; padding-right: 0px; padding-bottom: 0px;\">\n<p style=\"margin: 0px 0cm 1px; padding-top: 0px; padding-right: 0px; padding-bottom: 0px; text-align: left;\">\n<p style=\"margin: 0px 0cm 1px; padding-top: 0px; padding-right: 0px; padding-bottom: 0px; text-align: left;\"><span style=\"color: #ff6600;\"><strong><span style=\"font-size: 11pt;\">V\u00e1ltoz\u00e1sok\u00a0\u00a0<\/span><\/strong><\/span><\/p>\n<p><strong><span style=\"font-size: 11pt;\">A program lend\u00fclet\u00e9nek n\u00f6vel\u00e9se \u00e9rdek\u00e9ben a Csal\u00e1d\u00fcgyi Miniszt\u00e9rium \u00fagy d\u00f6nt\u00f6tt, hogy a \"Care 75+\" j\u00f6v\u0151re kib\u0151v\u00edtett form\u00e1ban ker\u00fcl v\u00e9grehajt\u00e1sra.<\/span><\/strong><\/p>\n<p style=\"margin: 0px 0cm 1px; padding-top: 0px; padding-right: 0px; padding-bottom: 0px; text-align: left;\"><span style=\"font-size: 11pt;\">- El\u017cbieta Rafalska csal\u00e1d-, munka- \u00e9s szoci\u00e1lpolitikai miniszter szerint 2019-t\u0151l a program nem csak a 75 \u00e9ves \u00e9s id\u0151sebb egyed\u00fcl\u00e1ll\u00f3knak sz\u00f3l majd (mint eddig), hanem a csal\u00e1dos id\u0151seknek is, akiknek csal\u00e1djuk van.<\/span><\/p>\n<p style=\"margin: 0px 0cm 1px; padding-top: 0px; padding-right: 0px; padding-bottom: 0px; text-align: left;\"><span style=\"font-size: 11pt;\">J\u00f6v\u0151re a program azon \u00f6nkorm\u00e1nyzatok sz\u00e1m\u00e1ra is el\u00e9rhet\u0151v\u00e9 v\u00e1lik, amelyek az \u00f6nkorm\u00e1nyzati egys\u00e9gek \u00e1ltal l\u00e9trehozott szoci\u00e1lis sz\u00f6vetkezeteken kereszt\u00fcl ny\u00fajtanak gondoz\u00e1si szolg\u00e1ltat\u00e1sokat. Ez lehet\u0151v\u00e9 teszi, hogy a program nagyobb sz\u00e1m\u00fa telep\u00fcl\u00e9sre terjedjen ki.<\/span><\/p>\n<p style=\"margin: 0px 0cm 1px; padding-top: 0px; padding-right: 0px; padding-bottom: 0px; text-align: left;\"><span style=\"font-size: 11pt;\">A Csal\u00e1d\u00fcgyi Miniszt\u00e9rium 2018 m\u00e1jus\u00e1ban tanulm\u00e1nyt k\u00e9sz\u00edtett, amelyb\u0151l kider\u00fcl, hogy 376 \u00f6nkorm\u00e1nyzat nem teljes\u00edti a szoci\u00e1lis seg\u00e9lyr\u0151l sz\u00f3l\u00f3 t\u00f6rv\u00e9ny szerinti saj\u00e1t feladat\u00e1t, \u00e9s nem szervezi (vagy nem biztos\u00edtja) a gondoz\u00e1si szolg\u00e1ltat\u00e1sokat, bele\u00e9rtve a lak\u00f3helyen ny\u00fajtott szakos\u00edtott szolg\u00e1ltat\u00e1sokat is. Az ilyen szolg\u00e1ltat\u00e1sok kedvezm\u00e9nyezettjeinek fontos csoportj\u00e1t az id\u0151sek alkotj\u00e1k, akik m\u00e1r 75 \u00e9vesek.<\/span><\/p>\n<p style=\"margin: 0px 0cm 1px; padding-top: 0px; padding-right: 0px; padding-bottom: 0px; text-align: left;\"><span style=\"font-size: 11pt;\">A \"Care 75+\" program v\u00e1lasz az ilyen szolg\u00e1ltat\u00e1sok el\u00e9rhet\u0151s\u00e9g\u00e9nek n\u00f6vel\u00e9s\u00e9re. A programhoz csatlakoz\u00f3 telep\u00fcl\u00e9sek p\u00e9nz\u00fcgyi t\u00e1mogat\u00e1sra sz\u00e1m\u00edthatnak - a feladat megval\u00f3s\u00edt\u00e1s\u00e1nak v\u00e1rhat\u00f3 k\u00f6lts\u00e9geinek legfeljebb 50 sz\u00e1zal\u00e9k\u00e1ra.<\/span><\/p>\n<\/div>\n<\/div>\n<\/div>\n<\/div>\n<\/div>\n<div class=\"portlet-body\"><\/div>\n<\/div>\n<\/div>\n<\/section>\n<\/div>\n<\/div>\n<\/div>","protected":false},"excerpt":{"rendered":"<p>SENIOR PLUS Do 21 grudnia\u00a0mo\u017cna sk\u0142ada\u0107 oferty w konkursie na najlepsze projekty dofinansowane ze \u015brodk\u00f3w Rz\u0105dowego Programu na rzecz Aktywno\u015bci Spo\u0142ecznej Os\u00f3b Starszych na lata 2014-2020. W nowej edycji programu do wzi\u0119cia jest 40 mln z\u0142otych. Dotacje O dofinansowanie stara\u0107 mog\u0105 si\u0119 m.in. organizacje pozarz\u0105dowe, sp\u00f3\u0142dzielnie socjalne i stowarzyszenia jednostek samorz\u0105du terytorialnego. \u2022\u00a0 \u00a0Wysoko\u015b\u0107 dotacji [&hellip;]<\/p>\n","protected":false},"author":6,"featured_media":11527,"comment_status":"open","ping_status":"open","sticky":false,"template":"","format":"standard","meta":{"ngg_post_thumbnail":0,"footnotes":""},"categories":[49,82,3],"tags":[],"class_list":["post-11522","post","type-post","status-publish","format-standard","has-post-thumbnail","hentry","category-podkarpacie","category-prawo-i-sprawiedliwosc","category-wydarzenia"],"_links":{"self":[{"href":"https:\/\/marekkuchcinski.pl\/hu\/wp-json\/wp\/v2\/posts\/11522","targetHints":{"allow":["GET"]}}],"collection":[{"href":"https:\/\/marekkuchcinski.pl\/hu\/wp-json\/wp\/v2\/posts"}],"about":[{"href":"https:\/\/marekkuchcinski.pl\/hu\/wp-json\/wp\/v2\/types\/post"}],"author":[{"embeddable":true,"href":"https:\/\/marekkuchcinski.pl\/hu\/wp-json\/wp\/v2\/users\/6"}],"replies":[{"embeddable":true,"href":"https:\/\/marekkuchcinski.pl\/hu\/wp-json\/wp\/v2\/comments?post=11522"}],"version-history":[{"count":16,"href":"https:\/\/marekkuchcinski.pl\/hu\/wp-json\/wp\/v2\/posts\/11522\/revisions"}],"predecessor-version":[{"id":11541,"href":"https:\/\/marekkuchcinski.pl\/hu\/wp-json\/wp\/v2\/posts\/11522\/revisions\/11541"}],"wp:featuredmedia":[{"embeddable":true,"href":"https:\/\/marekkuchcinski.pl\/hu\/wp-json\/wp\/v2\/media\/11527"}],"wp:attachment":[{"href":"https:\/\/marekkuchcinski.pl\/hu\/wp-json\/wp\/v2\/media?parent=11522"}],"wp:term":[{"taxonomy":"category","embeddable":true,"href":"https:\/\/marekkuchcinski.pl\/hu\/wp-json\/wp\/v2\/categories?post=11522"},{"taxonomy":"post_tag","embeddable":true,"href":"https:\/\/marekkuchcinski.pl\/hu\/wp-json\/wp\/v2\/tags?post=11522"}],"curies":[{"name":"wp","href":"https:\/\/api.w.org\/{rel}","templated":true}]}}