{"id":11516,"date":"2018-12-06T10:51:58","date_gmt":"2018-12-06T09:51:58","guid":{"rendered":"https:\/\/marekkuchcinski.pl\/?p=11516"},"modified":"2018-12-06T10:51:58","modified_gmt":"2018-12-06T09:51:58","slug":"bedzie-wiecej-zlobkow-klubow-dla-malych-dzieci-ruszyl-program-maluch-plus-2019","status":"publish","type":"post","link":"https:\/\/marekkuchcinski.pl\/hu\/wydarzenia\/bedzie-wiecej-zlobkow-klubow-dla-malych-dzieci-ruszyl-program-maluch-plus-2019\/","title":{"rendered":"T\u00f6bb b\u00f6lcs\u0151de \u00e9s klub lesz a kisgyermekek sz\u00e1m\u00e1ra - elindult a \"Toddler Plus\" 2019-es program."},"content":{"rendered":"<p><strong>A \"Maluch Plus\" program mintegy 12 000 \u00faj b\u00f6lcs\u0151de \u00e9s klub l\u00e9trehoz\u00e1s\u00e1t ir\u00e1nyozza el\u0151 Lengyelorsz\u00e1g-szerte h\u00e1rom\u00e9ves korig, \u00e9s t\u00f6bb mint 40 000 m\u00e1r m\u0171k\u00f6d\u0151 b\u00f6lcs\u0151de \u00e9s klub t\u00e1mogat\u00e1s\u00e1t. A korm\u00e1ny 2017-ben f\u00e9lmilli\u00e1rd zlotyt k\u00fcl\u00f6n\u00edt el erre a c\u00e9lra.\u00a0<\/strong><\/p>\n<section class=\"row title_row\">\n<div class=\"main-column\">\n<div class=\"large-7 medium-12 small-12\">\n<h1 class=\"page_title\">MALUCH+ 2019<\/h1>\n<\/div>\n<\/div>\n<\/section>\n<section id=\"content\">\n<div id=\"main-content\" class=\"columns-1-2-1\">\n<div class=\"portlet-layout row\">\u00a0NY\u00cdLT P\u00c1LY\u00c1ZATI FELH\u00cdV\u00c1S A LEGFELJEBB 3 \u00c9VES KOR\u00da GYERMEKEKET ELL\u00c1T\u00d3 INT\u00c9ZM\u00c9NYEK FEJLESZT\u00c9S\u00c9VEL KAPCSOLATOS FELADATOK P\u00c9NZ\u00dcGYI T\u00c1MOGAT\u00c1S\u00c1RA \"MALUCH+\" 2019<\/div>\n<div class=\"portlet-layout row\">\n<div class=\"main-column\">\n<div id=\"column-2\" class=\"portlet-column portlet-column-first\">\n<div id=\"layout-column_column-2\" class=\"portlet-dropzone portlet-column-content portlet-column-content-first\">\n<div id=\"p_p_id_com_liferay_journal_content_web_portlet_JournalContentPortlet_INSTANCE_ISjUFbjhUn99_\" class=\"portlet-boundary portlet-boundary_com_liferay_journal_content_web_portlet_JournalContentPortlet_ portlet-static portlet-static-end portlet-decorate portlet-journal-content\">\n<section id=\"portlet_com_liferay_journal_content_web_portlet_JournalContentPortlet_INSTANCE_ISjUFbjhUn99\" class=\"portlet\">\n<div class=\"portlet-content\">\n<div class=\"portlet-content-container\">\n<div class=\"portlet-body\">\n<div class=\"journal-content-article\">\n<div class=\"article\">\n<div class=\"paragraph article_section_content\">\n<p>A csal\u00e1d-, munka- \u00e9s szoci\u00e1lpolitikai miniszter felk\u00e9ri a 3 \u00e9v alatti gyermekeket gondoz\u00f3 int\u00e9zm\u00e9nyeket m\u0171k\u00f6dtet\u0151ket \u00e9s az ilyen int\u00e9zm\u00e9nyek m\u0171k\u00f6dtet\u00e9s\u00e9t tervez\u0151ket, hogy vegyenek r\u00e9szt a \"MALUCH+\" program k\u00f6vetkez\u0151 kiad\u00e1s\u00e1ban. A 2019-es kiad\u00e1sra 450 milli\u00f3 PLN-t k\u00fcl\u00f6n\u00edtettek el.<\/p>\n<p>A csal\u00e1d-, munka- \u00e9s szoci\u00e1lpolitik\u00e1\u00e9rt felel\u0151s miniszter a h\u00e1rom \u00e9ven aluli gyermekek ell\u00e1t\u00e1s\u00e1r\u00f3l sz\u00f3l\u00f3 2011. febru\u00e1r 4-i t\u00f6rv\u00e9ny (2018. \u00e9vi CXC. t\u00f6rv\u00e9nycikk 603. sz\u00e1m, m\u00f3dos\u00edtott sz\u00f6veg) 62. \u00a7-a alapj\u00e1n a \"MALUCH+\" 2019 p\u00e1ly\u00e1zatot hirdet meg a \"MALUCH+\" \u00dcd\u00fcl\u0151program keret\u00e9ben a h\u00e1rom \u00e9ven aluli gyermekek ell\u00e1t\u00e1s\u00e1t biztos\u00edt\u00f3 int\u00e9zm\u00e9nyek fejleszt\u00e9s\u00e9re (a tov\u00e1bbiakban: Program). A t\u00e1mogat\u00e1s b\u00f6lcs\u0151dei, gyermekklubi \u00e9s b\u00f6lcs\u0151dei f\u00e9r\u0151helyek l\u00e9trehoz\u00e1s\u00e1ra \u00e9s fenntart\u00e1s\u00e1ra ir\u00e1nyul.<\/p>\n<ol>\n<li>A programra 2019-ben 450 milli\u00f3 PLN-t k\u00fcl\u00f6n\u00edtettek el.<\/li>\n<li>A h\u00e1rom\u00e9vesn\u00e9l fiatalabb gyermekek ell\u00e1t\u00e1s\u00e1r\u00f3l sz\u00f3l\u00f3, 2011. febru\u00e1r 4-i t\u00f6rv\u00e9ny (2018. \u00e9vi CXC. t\u00f6rv\u00e9nycikk, 603. pont, m\u00f3dos\u00edtott v\u00e1ltozat) 8. cikk\u00e9nek (1) bekezd\u00e9s\u00e9ben eml\u00edtett helyi \u00f6nkorm\u00e1nyzati egys\u00e9gek, term\u00e9szetes szem\u00e9lyek, jogi szem\u00e9lyek \u00e9s jogi szem\u00e9lyis\u00e9ggel nem rendelkez\u0151 szervezeti egys\u00e9gek (bele\u00e9rtve az egyetemeket \u00e9s a vel\u00fck egy\u00fcttm\u0171k\u00f6d\u0151 szervezeteket) t\u00e1rsfinansz\u00edroz\u00e1sra p\u00e1ly\u00e1zhatnak az \u00e1llami k\u00f6lts\u00e9gvet\u00e9sb\u0151l c\u00e9lzott t\u00e1mogat\u00e1s form\u00e1j\u00e1ban, valamint a Munka\u00fcgyi Alapb\u00f3l sz\u00e1rmaz\u00f3 forr\u00e1sokra.<\/li>\n<li>A \"MALUCH+\" 2019 program 4 modulb\u00f3l \u00e1ll, amelynek keret\u00e9ben a 3 \u00e9v alatti gyermekeket gondoz\u00f3 int\u00e9zm\u00e9nyekben, azaz b\u00f6lcs\u0151d\u00e9kben, gyermekklubokban \u00e9s napk\u00f6zikbeni ell\u00e1t\u00e1st ny\u00fajt\u00f3 int\u00e9zm\u00e9nyekben a f\u00e9r\u0151helyek l\u00e9trehoz\u00e1s\u00e1t \u00e9s fenntart\u00e1s\u00e1t c\u00e9lz\u00f3 int\u00e9zked\u00e9sek ker\u00fclnek t\u00e1mogat\u00e1sra.<\/li>\n<\/ol>\n<p>-\u00a0<strong>1a. modul (\u00f6nkorm\u00e1nyzatok sz\u00e1m\u00e1ra)<\/strong>\u00a0- a t\u00e1rsfinansz\u00edroz\u00e1s a gondoz\u00e1si helyek l\u00e9trehoz\u00e1s\u00e1ra \u00e9s m\u0171k\u00f6dtet\u00e9s\u00e9re, valamint a helyek l\u00e9trehoz\u00e1s\u00e1ra azokban a telep\u00fcl\u00e9sekben ny\u00fajthat\u00f3, ahol a p\u00e1ly\u00e1zati aj\u00e1nlat beny\u00fajt\u00e1s\u00e1nak napj\u00e1n nem m\u0171k\u00f6dik b\u00f6lcs\u0151de vagy az \u00f6nkorm\u00e1nyzati egys\u00e9gek \u00e1ltal l\u00e9trehozott gyermekklub, \u00e9s a feladat legfeljebb 20% 1.-2. \u00e9let\u00e9v\u00e9t bet\u00f6lt\u0151 gyermek sz\u00e1m\u00e1ra sz\u00fcks\u00e9ges hely l\u00e9trehoz\u00e1s\u00e1ra vonatkozik a telep\u00fcl\u00e9sen, \u00e9s a t\u00e1rsfinansz\u00edroz\u00e1s \u00f6sszege a telep\u00fcl\u00e9sen \u00faj gondoz\u00e1si helyek l\u00e9trehoz\u00e1s\u00e1b\u00f3l \u00e1ll\u00f3 feladatra nem haladja meg a 3 milli\u00f3 PLN-t (a fenti felt\u00e9teleknek egy\u00fcttesen kell teljes\u00fclni\u00fck);<\/p>\n<p>-\u00a0<strong>1b. modul (a tag\u00e1llamok sz\u00e1m\u00e1ra)<\/strong>\u00a0- A helyek kialak\u00edt\u00e1sa \u00e9s m\u0171k\u00f6dtet\u00e9se, valamint maguknak a helyeknek a kialak\u00edt\u00e1sa azokban az \u00f6nkorm\u00e1nyzatokban r\u00e9szes\u00fcl t\u00e1rsfinansz\u00edroz\u00e1sban, ahol a p\u00e1ly\u00e1zati felh\u00edv\u00e1s beny\u00fajt\u00e1s\u00e1nak id\u0151pontj\u00e1ban:<\/p>\n<p>1) b\u00f6lcs\u0151d\u00e9k vagy gyermekklubok m\u0171k\u00f6dnek, \u00e9s a telep\u00fcl\u00e9sen \u00faj gondoz\u00e1si helyek l\u00e9trehoz\u00e1s\u00e1val j\u00e1r\u00f3 feladatra ig\u00e9nyelt t\u00e1rsfinansz\u00edroz\u00e1s \u00f6sszege nem haladja meg az 5 milli\u00f3 PLN-t, vagy,<\/p>\n<p>2) nem m\u0171k\u00f6dtek b\u00f6lcs\u0151d\u00e9k vagy gyermekklubok, de a feladat t\u00f6bb mint 20% 1-2. \u00e9vfolyamos gyermek sz\u00e1m\u00e1ra sz\u00fcks\u00e9ges f\u00e9r\u0151helyek l\u00e9trehoz\u00e1s\u00e1ra vonatkozik a telep\u00fcl\u00e9sen, vagy a telep\u00fcl\u00e9sen \u00faj gondoz\u00e1si helyek l\u00e9trehoz\u00e1s\u00e1val j\u00e1r\u00f3 feladatra ig\u00e9nyelt t\u00e1rsfinansz\u00edroz\u00e1s \u00f6sszege meghaladja a 3 milli\u00f3 PLN-t;<\/p>\n<p>A \"Mieszkanie+\" program keret\u00e9ben lak\u00e1sberuh\u00e1z\u00e1sokat v\u00e9grehajt\u00f3 \u00f6nkorm\u00e1nyzat az 1a \u00e9s 1b modulban l\u00e9v\u0151 gondoz\u00e1si helyek l\u00e9trehoz\u00e1s\u00e1hoz is ig\u00e9nyelhet t\u00e1mogat\u00e1st. A \"MALUCH+\" program forr\u00e1saib\u00f3l t\u00e1mogathat\u00f3 a 3 \u00e9v alatti gyermekek sz\u00e1m\u00e1ra gondoz\u00f3int\u00e9zm\u00e9nyek l\u00e9trehoz\u00e1sa a \"Mieszkanie+\" program keret\u00e9ben l\u00e9trehozott beruh\u00e1z\u00e1sok ter\u00fclet\u00e9n.<\/p>\n<p>-\u00a0<strong>2. modul (a tag\u00e1llamok sz\u00e1m\u00e1ra)<\/strong>\u00a0- a finansz\u00edroz\u00e1s a program r\u00e9szv\u00e9tel\u00e9vel (azaz a kor\u00e1bbi kiad\u00e1sokban) a jst-k \u00e1ltal l\u00e9trehozott gondoz\u00e1si helyek m\u0171k\u00f6d\u00e9s\u00e9nek biztos\u00edt\u00e1s\u00e1t szolg\u00e1lja,<\/p>\n<p><strong>- modul (az \u00f6nkorm\u00e1nyzatokt\u00f3l elt\u00e9r\u0151 szervezetek sz\u00e1m\u00e1ra)<\/strong>\u00a0- Az \u00faj gondoz\u00e1si helyek l\u00e9trehoz\u00e1s\u00e1t \u00e9s m\u0171k\u00f6dtet\u00e9s\u00e9t, valamint maguknak a helyeknek a l\u00e9trehoz\u00e1s\u00e1t is t\u00e1mogatj\u00e1k.<\/p>\n<p>-\u00a0<strong>4. modul (az \u00f6nkorm\u00e1nyzatokt\u00f3l elt\u00e9r\u0151 szervezetek sz\u00e1m\u00e1ra)<\/strong>\u00a0- Az \u00e1pol\u00e1si int\u00e9zm\u00e9nyekben az \u00e1pol\u00e1si helyek biztos\u00edt\u00e1sa t\u00e1mogatott lesz.<\/p>\n<p>Els\u0151bbs\u00e9get \u00e9lveznek a helyi \u00f6nkorm\u00e1nyzatok (1a, 1b \u00e9s 2 modul). A fennmarad\u00f3 \u00f6sszegeket a helyi \u00f6nkorm\u00e1nyzatokon k\u00edv\u00fcli szervezetek kapj\u00e1k.<\/p>\n<ol start=\"4\">\n<li>A finansz\u00edroz\u00e1s a 2019-ben elv\u00e9gzett feladatokra vonatkozik.<\/li>\n<li>Az aj\u00e1nlatok beny\u00fajt\u00e1s\u00e1nak hat\u00e1rideje:<\/li>\n<\/ol>\n<p>- Az 1a \u00e9s 1b modul eset\u00e9ben - 2018. december 28.<\/p>\n<p>- a 2. modul eset\u00e9ben - 2018. december 28.<\/p>\n<p>- a 3. modul eset\u00e9ben - 2018. december 28.<\/p>\n<p>- a 4. modul eset\u00e9ben - 2018. december 28.<\/p>\n<ol start=\"6\">\n<li>A p\u00e1ly\u00e1zatokat \u00edr\u00e1sban lehet beny\u00fajtani az ell\u00e1t\u00f3 int\u00e9zm\u00e9ny m\u0171k\u00f6dtet\u00e9se vagy tervezett l\u00e9trehoz\u00e1sa szerinti telep\u00fcl\u00e9s szerint illet\u00e9kes tartom\u00e1nyi hivatalhoz, vagy elektronikusan az ePUAP platformon kereszt\u00fcl az illet\u00e9kes tartom\u00e1nyi hivatal sz\u00e1ml\u00e1j\u00e1ra.<\/li>\n<li>Miut\u00e1n a miniszter \u00f6sszegy\u0171jt\u00f6tte a vajdas\u00e1gokt\u00f3l a programra alkalmas aj\u00e1nlatokr\u00f3l sz\u00f3l\u00f3 inform\u00e1ci\u00f3kat, d\u00f6nt\u00e9st hoz a programra sz\u00e1nt forr\u00e1sok eloszt\u00e1s\u00e1nak terjedelm\u00e9r\u0151l (a modul vagy modulok kiv\u00e1laszt\u00e1sa), m\u00f3dj\u00e1r\u00f3l (a krit\u00e9riumok \u00e9s a krit\u00e9riumok s\u00falyoz\u00e1sa) \u00e9s a kedvezm\u00e9nyezettek t\u00e1rsfinansz\u00edroz\u00e1s\u00e1nak \u00f6sszeg\u00e9r\u0151l.<\/li>\n<li>A verseny eredm\u00e9nyeit a honlapon teszik k\u00f6zz\u00e9.\u00a0<u>www.gov.pl\/rodzina<\/u>2019. febru\u00e1r 28-ig.<\/li>\n<li>Azok a szervezetek, amelyek a 2019. \u00e9vi kiad\u00e1sb\u00f3l (1. \u00e9s 3. modul) 3 \u00e9v alatti gyermekek sz\u00e1m\u00e1ra gyermekgondoz\u00e1si helyek l\u00e9trehoz\u00e1s\u00e1ra kapnak t\u00e1mogat\u00e1st, k\u00f6telesek a helyeket 5 \u00e9vig, azaz 2024. december 31-ig fenntartani.<\/li>\n<li>A p\u00e1ly\u00e1zat r\u00e9szletes szab\u00e1lyait a miniszt\u00e9rium \"MALUCH+\" 2019 programja tartalmazza, amely a 3 \u00e9vesn\u00e9l fiatalabb gyermekeket ell\u00e1t\u00f3 int\u00e9zm\u00e9nyek fejleszt\u00e9s\u00e9re ir\u00e1nyul.<\/li>\n<\/ol>\n<p><strong>MEGJEGYZ\u00c9S: Az 1a. \u00e9s 1b. modul (1. t\u00e1bl\u00e1zat) versenyp\u00e1ly\u00e1zati aj\u00e1nlata eset\u00e9ben a telep\u00fcl\u00e9sen \u00e9l\u0151 1-2. \u00e9vfolyamos gyermekek sz\u00e1m\u00e1nak KSH szerinti adatait (2018.06.30-i \u00e1llapot) a KSH \"N\u00e9pess\u00e9g. \u00c1llapot \u00e9s szerkezet \u00e9s term\u00e9szetes mozg\u00e1s a ter\u00fcleti szelv\u00e9nyben 2018-ban. (j\u00fanius 30-\u00e1n)\"<\/strong><\/p>\n<p><span style=\"color: #808080;\"><strong>t\u00f6bb: https:\/\/www.gov.pl\/web\/rodzina\/maluch-2019<\/strong><\/span><\/p>\n<\/div>\n<\/div>\n<\/div>\n<\/div>\n<\/div>\n<\/div>\n<\/section>\n<\/div>\n<\/div>\n<\/div>\n<\/div>\n<\/div>\n<\/div>\n<\/section>\n<p><a href=\"https:\/\/marekkuchcinski.pl\/wp-content\/uploads\/2018\/12\/47380405_2213570868859130_7806777658108280832_n.png\"><img fetchpriority=\"high\" decoding=\"async\" class=\"alignnone size-full wp-image-11518\" src=\"https:\/\/marekkuchcinski.pl\/wp-content\/uploads\/2018\/12\/47380405_2213570868859130_7806777658108280832_n.png\" alt=\"47380405_2213570868859130_7806777658108280832_n\" width=\"802\" height=\"451\" srcset=\"https:\/\/marekkuchcinski.pl\/wp-content\/uploads\/2018\/12\/47380405_2213570868859130_7806777658108280832_n.png 802w, https:\/\/marekkuchcinski.pl\/wp-content\/uploads\/2018\/12\/47380405_2213570868859130_7806777658108280832_n-300x169.png 300w, https:\/\/marekkuchcinski.pl\/wp-content\/uploads\/2018\/12\/47380405_2213570868859130_7806777658108280832_n-768x432.png 768w\" sizes=\"(max-width: 802px) 100vw, 802px\" \/><\/a><\/p>","protected":false},"excerpt":{"rendered":"<p>Program \u201eMaluch Plus\u201d zak\u0142ada utworzenie oko\u0142o 12 tysi\u0119cy nowych \u017c\u0142obk\u00f3w i klub\u00f3w dla dzieci do trzeciego roku \u017cycia w ca\u0142ej Polsce i dofinansowanie ponad 40 tysi\u0119cy tych, kt\u00f3re ju\u017c dzia\u0142aj\u0105. W 2017 roku rz\u0105d\u00a0przeznaczy na ten cel p\u00f3\u0142 miliarda z\u0142otych.\u00a0 MALUCH+ 2019 \u00a0OTWARTY KONKURS OFERT NA FINANSOWE WSPIERANIE ZADA\u0143 Z ZAKRESU ROZWOJU INSTYTUCJI OPIEKI NAD [&hellip;]<\/p>","protected":false},"author":6,"featured_media":11518,"comment_status":"open","ping_status":"open","sticky":false,"template":"","format":"standard","meta":{"ngg_post_thumbnail":0,"footnotes":""},"categories":[49,82,3],"tags":[],"class_list":["post-11516","post","type-post","status-publish","format-standard","has-post-thumbnail","hentry","category-podkarpacie","category-prawo-i-sprawiedliwosc","category-wydarzenia"],"yoast_head":"<!-- This site is optimized with the Yoast SEO plugin v24.7 - https:\/\/yoast.com\/wordpress\/plugins\/seo\/ -->\n<title>B\u0119dzie wi\u0119cej \u017c\u0142obk\u00f3w i klub\u00f3w dla ma\u0142ych dzieci - ruszy\u0142 program \u201eMaluch plus&quot; 2019 &#8211; Marek Kuchci\u0144ski<\/title>\n<meta name=\"robots\" content=\"index, follow, max-snippet:-1, max-image-preview:large, max-video-preview:-1\" \/>\n<link rel=\"canonical\" href=\"https:\/\/marekkuchcinski.pl\/hu\/wydarzenia\/bedzie-wiecej-zlobkow-klubow-dla-malych-dzieci-ruszyl-program-maluch-plus-2019\/\" \/>\n<meta property=\"og:locale\" content=\"hu_HU\" \/>\n<meta property=\"og:type\" content=\"article\" \/>\n<meta property=\"og:title\" content=\"B\u0119dzie wi\u0119cej \u017c\u0142obk\u00f3w i klub\u00f3w dla ma\u0142ych dzieci - ruszy\u0142 program \u201eMaluch plus&quot; 2019 &#8211; Marek Kuchci\u0144ski\" \/>\n<meta property=\"og:description\" content=\"Program \u201eMaluch Plus\u201d zak\u0142ada utworzenie oko\u0142o 12 tysi\u0119cy nowych \u017c\u0142obk\u00f3w i klub\u00f3w dla dzieci do trzeciego roku \u017cycia w ca\u0142ej Polsce i dofinansowanie ponad 40 tysi\u0119cy tych, kt\u00f3re ju\u017c dzia\u0142aj\u0105. W 2017 roku rz\u0105d\u00a0przeznaczy na ten cel p\u00f3\u0142 miliarda z\u0142otych.\u00a0 MALUCH+ 2019 \u00a0OTWARTY KONKURS OFERT NA FINANSOWE WSPIERANIE ZADA\u0143 Z ZAKRESU ROZWOJU INSTYTUCJI OPIEKI NAD [&hellip;]\" \/>\n<meta property=\"og:url\" content=\"https:\/\/marekkuchcinski.pl\/hu\/wydarzenia\/bedzie-wiecej-zlobkow-klubow-dla-malych-dzieci-ruszyl-program-maluch-plus-2019\/\" \/>\n<meta property=\"og:site_name\" content=\"Marek Kuchci\u0144ski\" \/>\n<meta property=\"article:published_time\" content=\"2018-12-06T09:51:58+00:00\" \/>\n<meta property=\"og:image\" content=\"https:\/\/marekkuchcinski.pl\/wp-content\/uploads\/2018\/12\/47380405_2213570868859130_7806777658108280832_n.png\" \/>\n\t<meta property=\"og:image:width\" content=\"802\" \/>\n\t<meta property=\"og:image:height\" content=\"451\" \/>\n\t<meta property=\"og:image:type\" content=\"image\/png\" \/>\n<meta name=\"author\" content=\"admin\" \/>\n<meta name=\"twitter:card\" content=\"summary_large_image\" \/>\n<meta name=\"twitter:label1\" content=\"Szerz\u0151:\" \/>\n\t<meta name=\"twitter:data1\" content=\"admin\" \/>\n\t<meta name=\"twitter:label2\" content=\"Becs\u00fclt olvas\u00e1si id\u0151\" \/>\n\t<meta name=\"twitter:data2\" content=\"4 perc\" \/>\n<script type=\"application\/ld+json\" class=\"yoast-schema-graph\">{\"@context\":\"https:\/\/schema.org\",\"@graph\":[{\"@type\":\"Article\",\"@id\":\"https:\/\/marekkuchcinski.pl\/ro\/wydarzenia\/bedzie-wiecej-zlobkow-klubow-dla-malych-dzieci-ruszyl-program-maluch-plus-2019\/#article\",\"isPartOf\":{\"@id\":\"https:\/\/marekkuchcinski.pl\/ro\/wydarzenia\/bedzie-wiecej-zlobkow-klubow-dla-malych-dzieci-ruszyl-program-maluch-plus-2019\/\"},\"author\":{\"name\":\"admin\",\"@id\":\"https:\/\/marekkuchcinski.pl\/#\/schema\/person\/6f62700996b4d950b6ea2d1183b6c6be\"},\"headline\":\"B\u0119dzie wi\u0119cej \u017c\u0142obk\u00f3w i klub\u00f3w dla ma\u0142ych dzieci &#8211; ruszy\u0142 program \u201eMaluch plus&#8221; 2019\",\"datePublished\":\"2018-12-06T09:51:58+00:00\",\"mainEntityOfPage\":{\"@id\":\"https:\/\/marekkuchcinski.pl\/ro\/wydarzenia\/bedzie-wiecej-zlobkow-klubow-dla-malych-dzieci-ruszyl-program-maluch-plus-2019\/\"},\"wordCount\":893,\"commentCount\":0,\"publisher\":{\"@id\":\"https:\/\/marekkuchcinski.pl\/#organization\"},\"image\":{\"@id\":\"https:\/\/marekkuchcinski.pl\/ro\/wydarzenia\/bedzie-wiecej-zlobkow-klubow-dla-malych-dzieci-ruszyl-program-maluch-plus-2019\/#primaryimage\"},\"thumbnailUrl\":\"https:\/\/marekkuchcinski.pl\/wp-content\/uploads\/2018\/12\/47380405_2213570868859130_7806777658108280832_n.png\",\"articleSection\":[\"Podkarpacie\",\"Prawo i Sprawiedliwo\u015b\u0107\",\"Wydarzenia\"],\"inLanguage\":\"hu\",\"potentialAction\":[{\"@type\":\"CommentAction\",\"name\":\"Comment\",\"target\":[\"https:\/\/marekkuchcinski.pl\/ro\/wydarzenia\/bedzie-wiecej-zlobkow-klubow-dla-malych-dzieci-ruszyl-program-maluch-plus-2019\/#respond\"]}]},{\"@type\":\"WebPage\",\"@id\":\"https:\/\/marekkuchcinski.pl\/ro\/wydarzenia\/bedzie-wiecej-zlobkow-klubow-dla-malych-dzieci-ruszyl-program-maluch-plus-2019\/\",\"url\":\"https:\/\/marekkuchcinski.pl\/ro\/wydarzenia\/bedzie-wiecej-zlobkow-klubow-dla-malych-dzieci-ruszyl-program-maluch-plus-2019\/\",\"name\":\"B\u0119dzie wi\u0119cej \u017c\u0142obk\u00f3w i klub\u00f3w dla ma\u0142ych dzieci - ruszy\u0142 program \u201eMaluch plus\\\" 2019 &#8211; Marek Kuchci\u0144ski\",\"isPartOf\":{\"@id\":\"https:\/\/marekkuchcinski.pl\/#website\"},\"primaryImageOfPage\":{\"@id\":\"https:\/\/marekkuchcinski.pl\/ro\/wydarzenia\/bedzie-wiecej-zlobkow-klubow-dla-malych-dzieci-ruszyl-program-maluch-plus-2019\/#primaryimage\"},\"image\":{\"@id\":\"https:\/\/marekkuchcinski.pl\/ro\/wydarzenia\/bedzie-wiecej-zlobkow-klubow-dla-malych-dzieci-ruszyl-program-maluch-plus-2019\/#primaryimage\"},\"thumbnailUrl\":\"https:\/\/marekkuchcinski.pl\/wp-content\/uploads\/2018\/12\/47380405_2213570868859130_7806777658108280832_n.png\",\"datePublished\":\"2018-12-06T09:51:58+00:00\",\"breadcrumb\":{\"@id\":\"https:\/\/marekkuchcinski.pl\/ro\/wydarzenia\/bedzie-wiecej-zlobkow-klubow-dla-malych-dzieci-ruszyl-program-maluch-plus-2019\/#breadcrumb\"},\"inLanguage\":\"hu\",\"potentialAction\":[{\"@type\":\"ReadAction\",\"target\":[\"https:\/\/marekkuchcinski.pl\/ro\/wydarzenia\/bedzie-wiecej-zlobkow-klubow-dla-malych-dzieci-ruszyl-program-maluch-plus-2019\/\"]}]},{\"@type\":\"ImageObject\",\"inLanguage\":\"hu\",\"@id\":\"https:\/\/marekkuchcinski.pl\/ro\/wydarzenia\/bedzie-wiecej-zlobkow-klubow-dla-malych-dzieci-ruszyl-program-maluch-plus-2019\/#primaryimage\",\"url\":\"https:\/\/marekkuchcinski.pl\/wp-content\/uploads\/2018\/12\/47380405_2213570868859130_7806777658108280832_n.png\",\"contentUrl\":\"https:\/\/marekkuchcinski.pl\/wp-content\/uploads\/2018\/12\/47380405_2213570868859130_7806777658108280832_n.png\",\"width\":802,\"height\":451},{\"@type\":\"BreadcrumbList\",\"@id\":\"https:\/\/marekkuchcinski.pl\/ro\/wydarzenia\/bedzie-wiecej-zlobkow-klubow-dla-malych-dzieci-ruszyl-program-maluch-plus-2019\/#breadcrumb\",\"itemListElement\":[{\"@type\":\"ListItem\",\"position\":1,\"name\":\"Strona g\u0142\u00f3wna\",\"item\":\"https:\/\/marekkuchcinski.pl\/\"},{\"@type\":\"ListItem\",\"position\":2,\"name\":\"B\u0119dzie wi\u0119cej \u017c\u0142obk\u00f3w i klub\u00f3w dla ma\u0142ych dzieci &#8211; ruszy\u0142 program \u201eMaluch plus&#8221; 2019\"}]},{\"@type\":\"WebSite\",\"@id\":\"https:\/\/marekkuchcinski.pl\/#website\",\"url\":\"https:\/\/marekkuchcinski.pl\/\",\"name\":\"Marek Kuchci\u0144ski\",\"description\":\"Pose\u0142 na sejm RP &ndash; okr\u0119g nr 22\",\"publisher\":{\"@id\":\"https:\/\/marekkuchcinski.pl\/#organization\"},\"potentialAction\":[{\"@type\":\"SearchAction\",\"target\":{\"@type\":\"EntryPoint\",\"urlTemplate\":\"https:\/\/marekkuchcinski.pl\/?s={search_term_string}\"},\"query-input\":{\"@type\":\"PropertyValueSpecification\",\"valueRequired\":true,\"valueName\":\"search_term_string\"}}],\"inLanguage\":\"hu\"},{\"@type\":\"Organization\",\"@id\":\"https:\/\/marekkuchcinski.pl\/#organization\",\"name\":\"Marek Kuchci\u0144ski\",\"url\":\"https:\/\/marekkuchcinski.pl\/\",\"logo\":{\"@type\":\"ImageObject\",\"inLanguage\":\"hu\",\"@id\":\"https:\/\/marekkuchcinski.pl\/#\/schema\/logo\/image\/\",\"url\":\"https:\/\/marekkuchcinski.pl\/wp-content\/uploads\/2022\/09\/Marek.jpg\",\"contentUrl\":\"https:\/\/marekkuchcinski.pl\/wp-content\/uploads\/2022\/09\/Marek.jpg\",\"width\":1600,\"height\":971,\"caption\":\"Marek Kuchci\u0144ski\"},\"image\":{\"@id\":\"https:\/\/marekkuchcinski.pl\/#\/schema\/logo\/image\/\"}},{\"@type\":\"Person\",\"@id\":\"https:\/\/marekkuchcinski.pl\/#\/schema\/person\/6f62700996b4d950b6ea2d1183b6c6be\",\"name\":\"admin\",\"image\":{\"@type\":\"ImageObject\",\"inLanguage\":\"hu\",\"@id\":\"https:\/\/marekkuchcinski.pl\/#\/schema\/person\/image\/\",\"url\":\"https:\/\/secure.gravatar.com\/avatar\/4bab693b9d55c3d6b52c0296a8765085?s=96&d=mm&r=g\",\"contentUrl\":\"https:\/\/secure.gravatar.com\/avatar\/4bab693b9d55c3d6b52c0296a8765085?s=96&d=mm&r=g\",\"caption\":\"admin\"},\"url\":\"https:\/\/marekkuchcinski.pl\/hu\/author\/marta-olejnik\/\"}]}<\/script>\n<!-- \/ Yoast SEO plugin. -->","yoast_head_json":{"title":"B\u0119dzie wi\u0119cej \u017c\u0142obk\u00f3w i klub\u00f3w dla ma\u0142ych dzieci - ruszy\u0142 program \u201eMaluch plus\" 2019 &#8211; Marek Kuchci\u0144ski","robots":{"index":"index","follow":"follow","max-snippet":"max-snippet:-1","max-image-preview":"max-image-preview:large","max-video-preview":"max-video-preview:-1"},"canonical":"https:\/\/marekkuchcinski.pl\/hu\/wydarzenia\/bedzie-wiecej-zlobkow-klubow-dla-malych-dzieci-ruszyl-program-maluch-plus-2019\/","og_locale":"hu_HU","og_type":"article","og_title":"B\u0119dzie wi\u0119cej \u017c\u0142obk\u00f3w i klub\u00f3w dla ma\u0142ych dzieci - ruszy\u0142 program \u201eMaluch plus\" 2019 &#8211; Marek Kuchci\u0144ski","og_description":"Program \u201eMaluch Plus\u201d zak\u0142ada utworzenie oko\u0142o 12 tysi\u0119cy nowych \u017c\u0142obk\u00f3w i klub\u00f3w dla dzieci do trzeciego roku \u017cycia w ca\u0142ej Polsce i dofinansowanie ponad 40 tysi\u0119cy tych, kt\u00f3re ju\u017c dzia\u0142aj\u0105. W 2017 roku rz\u0105d\u00a0przeznaczy na ten cel p\u00f3\u0142 miliarda z\u0142otych.\u00a0 MALUCH+ 2019 \u00a0OTWARTY KONKURS OFERT NA FINANSOWE WSPIERANIE ZADA\u0143 Z ZAKRESU ROZWOJU INSTYTUCJI OPIEKI NAD [&hellip;]","og_url":"https:\/\/marekkuchcinski.pl\/hu\/wydarzenia\/bedzie-wiecej-zlobkow-klubow-dla-malych-dzieci-ruszyl-program-maluch-plus-2019\/","og_site_name":"Marek Kuchci\u0144ski","article_published_time":"2018-12-06T09:51:58+00:00","og_image":[{"width":802,"height":451,"url":"https:\/\/marekkuchcinski.pl\/wp-content\/uploads\/2018\/12\/47380405_2213570868859130_7806777658108280832_n.png","type":"image\/png"}],"author":"admin","twitter_card":"summary_large_image","twitter_misc":{"Szerz\u0151:":"admin","Becs\u00fclt olvas\u00e1si id\u0151":"4 perc"},"schema":{"@context":"https:\/\/schema.org","@graph":[{"@type":"Article","@id":"https:\/\/marekkuchcinski.pl\/ro\/wydarzenia\/bedzie-wiecej-zlobkow-klubow-dla-malych-dzieci-ruszyl-program-maluch-plus-2019\/#article","isPartOf":{"@id":"https:\/\/marekkuchcinski.pl\/ro\/wydarzenia\/bedzie-wiecej-zlobkow-klubow-dla-malych-dzieci-ruszyl-program-maluch-plus-2019\/"},"author":{"name":"admin","@id":"https:\/\/marekkuchcinski.pl\/#\/schema\/person\/6f62700996b4d950b6ea2d1183b6c6be"},"headline":"B\u0119dzie wi\u0119cej \u017c\u0142obk\u00f3w i klub\u00f3w dla ma\u0142ych dzieci &#8211; ruszy\u0142 program \u201eMaluch plus&#8221; 2019","datePublished":"2018-12-06T09:51:58+00:00","mainEntityOfPage":{"@id":"https:\/\/marekkuchcinski.pl\/ro\/wydarzenia\/bedzie-wiecej-zlobkow-klubow-dla-malych-dzieci-ruszyl-program-maluch-plus-2019\/"},"wordCount":893,"commentCount":0,"publisher":{"@id":"https:\/\/marekkuchcinski.pl\/#organization"},"image":{"@id":"https:\/\/marekkuchcinski.pl\/ro\/wydarzenia\/bedzie-wiecej-zlobkow-klubow-dla-malych-dzieci-ruszyl-program-maluch-plus-2019\/#primaryimage"},"thumbnailUrl":"https:\/\/marekkuchcinski.pl\/wp-content\/uploads\/2018\/12\/47380405_2213570868859130_7806777658108280832_n.png","articleSection":["Podkarpacie","Prawo i Sprawiedliwo\u015b\u0107","Wydarzenia"],"inLanguage":"hu","potentialAction":[{"@type":"CommentAction","name":"Comment","target":["https:\/\/marekkuchcinski.pl\/ro\/wydarzenia\/bedzie-wiecej-zlobkow-klubow-dla-malych-dzieci-ruszyl-program-maluch-plus-2019\/#respond"]}]},{"@type":"WebPage","@id":"https:\/\/marekkuchcinski.pl\/ro\/wydarzenia\/bedzie-wiecej-zlobkow-klubow-dla-malych-dzieci-ruszyl-program-maluch-plus-2019\/","url":"https:\/\/marekkuchcinski.pl\/ro\/wydarzenia\/bedzie-wiecej-zlobkow-klubow-dla-malych-dzieci-ruszyl-program-maluch-plus-2019\/","name":"B\u0119dzie wi\u0119cej \u017c\u0142obk\u00f3w i klub\u00f3w dla ma\u0142ych dzieci - ruszy\u0142 program \u201eMaluch plus\" 2019 &#8211; Marek Kuchci\u0144ski","isPartOf":{"@id":"https:\/\/marekkuchcinski.pl\/#website"},"primaryImageOfPage":{"@id":"https:\/\/marekkuchcinski.pl\/ro\/wydarzenia\/bedzie-wiecej-zlobkow-klubow-dla-malych-dzieci-ruszyl-program-maluch-plus-2019\/#primaryimage"},"image":{"@id":"https:\/\/marekkuchcinski.pl\/ro\/wydarzenia\/bedzie-wiecej-zlobkow-klubow-dla-malych-dzieci-ruszyl-program-maluch-plus-2019\/#primaryimage"},"thumbnailUrl":"https:\/\/marekkuchcinski.pl\/wp-content\/uploads\/2018\/12\/47380405_2213570868859130_7806777658108280832_n.png","datePublished":"2018-12-06T09:51:58+00:00","breadcrumb":{"@id":"https:\/\/marekkuchcinski.pl\/ro\/wydarzenia\/bedzie-wiecej-zlobkow-klubow-dla-malych-dzieci-ruszyl-program-maluch-plus-2019\/#breadcrumb"},"inLanguage":"hu","potentialAction":[{"@type":"ReadAction","target":["https:\/\/marekkuchcinski.pl\/ro\/wydarzenia\/bedzie-wiecej-zlobkow-klubow-dla-malych-dzieci-ruszyl-program-maluch-plus-2019\/"]}]},{"@type":"ImageObject","inLanguage":"hu","@id":"https:\/\/marekkuchcinski.pl\/ro\/wydarzenia\/bedzie-wiecej-zlobkow-klubow-dla-malych-dzieci-ruszyl-program-maluch-plus-2019\/#primaryimage","url":"https:\/\/marekkuchcinski.pl\/wp-content\/uploads\/2018\/12\/47380405_2213570868859130_7806777658108280832_n.png","contentUrl":"https:\/\/marekkuchcinski.pl\/wp-content\/uploads\/2018\/12\/47380405_2213570868859130_7806777658108280832_n.png","width":802,"height":451},{"@type":"BreadcrumbList","@id":"https:\/\/marekkuchcinski.pl\/ro\/wydarzenia\/bedzie-wiecej-zlobkow-klubow-dla-malych-dzieci-ruszyl-program-maluch-plus-2019\/#breadcrumb","itemListElement":[{"@type":"ListItem","position":1,"name":"Strona g\u0142\u00f3wna","item":"https:\/\/marekkuchcinski.pl\/"},{"@type":"ListItem","position":2,"name":"B\u0119dzie wi\u0119cej \u017c\u0142obk\u00f3w i klub\u00f3w dla ma\u0142ych dzieci &#8211; ruszy\u0142 program \u201eMaluch plus&#8221; 2019"}]},{"@type":"WebSite","@id":"https:\/\/marekkuchcinski.pl\/#website","url":"https:\/\/marekkuchcinski.pl\/","name":"Marek Kuchci\u0144ski","description":"Pose\u0142 na sejm RP &ndash; okr\u0119g nr 22","publisher":{"@id":"https:\/\/marekkuchcinski.pl\/#organization"},"potentialAction":[{"@type":"SearchAction","target":{"@type":"EntryPoint","urlTemplate":"https:\/\/marekkuchcinski.pl\/?s={search_term_string}"},"query-input":{"@type":"PropertyValueSpecification","valueRequired":true,"valueName":"search_term_string"}}],"inLanguage":"hu"},{"@type":"Organization","@id":"https:\/\/marekkuchcinski.pl\/#organization","name":"Marek Kuchci\u0144ski","url":"https:\/\/marekkuchcinski.pl\/","logo":{"@type":"ImageObject","inLanguage":"hu","@id":"https:\/\/marekkuchcinski.pl\/#\/schema\/logo\/image\/","url":"https:\/\/marekkuchcinski.pl\/wp-content\/uploads\/2022\/09\/Marek.jpg","contentUrl":"https:\/\/marekkuchcinski.pl\/wp-content\/uploads\/2022\/09\/Marek.jpg","width":1600,"height":971,"caption":"Marek Kuchci\u0144ski"},"image":{"@id":"https:\/\/marekkuchcinski.pl\/#\/schema\/logo\/image\/"}},{"@type":"Person","@id":"https:\/\/marekkuchcinski.pl\/#\/schema\/person\/6f62700996b4d950b6ea2d1183b6c6be","name":"admin","image":{"@type":"ImageObject","inLanguage":"hu","@id":"https:\/\/marekkuchcinski.pl\/#\/schema\/person\/image\/","url":"https:\/\/secure.gravatar.com\/avatar\/4bab693b9d55c3d6b52c0296a8765085?s=96&d=mm&r=g","contentUrl":"https:\/\/secure.gravatar.com\/avatar\/4bab693b9d55c3d6b52c0296a8765085?s=96&d=mm&r=g","caption":"admin"},"url":"https:\/\/marekkuchcinski.pl\/hu\/author\/marta-olejnik\/"}]}},"_links":{"self":[{"href":"https:\/\/marekkuchcinski.pl\/hu\/wp-json\/wp\/v2\/posts\/11516","targetHints":{"allow":["GET"]}}],"collection":[{"href":"https:\/\/marekkuchcinski.pl\/hu\/wp-json\/wp\/v2\/posts"}],"about":[{"href":"https:\/\/marekkuchcinski.pl\/hu\/wp-json\/wp\/v2\/types\/post"}],"author":[{"embeddable":true,"href":"https:\/\/marekkuchcinski.pl\/hu\/wp-json\/wp\/v2\/users\/6"}],"replies":[{"embeddable":true,"href":"https:\/\/marekkuchcinski.pl\/hu\/wp-json\/wp\/v2\/comments?post=11516"}],"version-history":[{"count":3,"href":"https:\/\/marekkuchcinski.pl\/hu\/wp-json\/wp\/v2\/posts\/11516\/revisions"}],"predecessor-version":[{"id":11521,"href":"https:\/\/marekkuchcinski.pl\/hu\/wp-json\/wp\/v2\/posts\/11516\/revisions\/11521"}],"wp:featuredmedia":[{"embeddable":true,"href":"https:\/\/marekkuchcinski.pl\/hu\/wp-json\/wp\/v2\/media\/11518"}],"wp:attachment":[{"href":"https:\/\/marekkuchcinski.pl\/hu\/wp-json\/wp\/v2\/media?parent=11516"}],"wp:term":[{"taxonomy":"category","embeddable":true,"href":"https:\/\/marekkuchcinski.pl\/hu\/wp-json\/wp\/v2\/categories?post=11516"},{"taxonomy":"post_tag","embeddable":true,"href":"https:\/\/marekkuchcinski.pl\/hu\/wp-json\/wp\/v2\/tags?post=11516"}],"curies":[{"name":"wp","href":"https:\/\/api.w.org\/{rel}","templated":true}]}}