{"id":11496,"date":"2018-12-05T11:29:11","date_gmt":"2018-12-05T10:29:11","guid":{"rendered":"https:\/\/marekkuchcinski.pl\/?p=11496"},"modified":"2018-12-05T11:31:21","modified_gmt":"2018-12-05T10:31:21","slug":"program-profilaktyczny-mswia-chronic-dzieci-mlodziez-patologiami-podniesc-bezpieczenstwo-miejscach-publicznych-oraz-przejsciach-dla-pieszych","status":"publish","type":"post","link":"https:\/\/marekkuchcinski.pl\/hu\/wydarzenia\/program-profilaktyczny-mswia-chronic-dzieci-mlodziez-patologiami-podniesc-bezpieczenstwo-miejscach-publicznych-oraz-przejsciach-dla-pieszych\/","title":{"rendered":"A Bel\u00fcgyminiszt\u00e9rium prevenci\u00f3s programj\u00e1nak c\u00e9lja a gyermekek \u00e9s fiatalok v\u00e9delme a patol\u00f3gi\u00e1kt\u00f3l, a k\u00f6ztereken \u00e9s a gyalogos-\u00e1tkel\u0151helyeken a biztons\u00e1g n\u00f6vel\u00e9se."},"content":{"rendered":"<p>A K\u00f6zigazgat\u00e1si \u00e9s Bel\u00fcgyminiszt\u00e9rium (MIAA) p\u00e1ly\u00e1zatot hirdet a 2019. \u00e9vi \"W\u0142adys\u0142aw Stasiak biztons\u00e1gosabb egy\u00fctt\" programra.<br \/>\nEz a legnagyobb megel\u0151z\u0151 jelleg\u0171 v\u00e1llalkoz\u00e1s Lengyelorsz\u00e1gban. 2019-ben a Bel\u00fcgyminiszt\u00e9rium \u00e9s a K\u00f6zigazgat\u00e1si Miniszt\u00e9rium \u00f6sszesen 6 milli\u00f3 PLN-t k\u00fcl\u00f6n\u00edt el erre a c\u00e9lra. A programnak n\u00e9gy f\u0151 konkr\u00e9t c\u00e9lkit\u0171z\u00e9se van: a k\u00f6zter\u00fcletek biztons\u00e1ga, biztons\u00e1gos gyalogos-\u00e1tkel\u0151helyek, a patol\u00f3gi\u00e1s jelens\u00e9gek ellens\u00falyoz\u00e1sa, valamint a gyermekek \u00e9s fiatalok v\u00e9delme, a biztons\u00e1gra nevel\u00e9s.<br \/>\nA 2019. \u00e9vi \u00e1llami k\u00f6lts\u00e9gvet\u00e9sben 6 000 000 PLN \u00f6sszeg\u0171 k\u00fcl\u00f6n tartal\u00e9kot biztos\u00edtottak a \"W\u0142adys\u0142aw Stasiak Program a b\u0171n\u00f6z\u00e9s \u00e9s az antiszoci\u00e1lis magatart\u00e1s cs\u00f6kkent\u00e9s\u00e9re Biztons\u00e1gosabb egy\u00fctt 2018-2020\" v\u00e9grehajt\u00e1s\u00e1ra.<br \/>\nAz \u00e1llami k\u00f6lts\u00e9gvet\u00e9sb\u0151l a program v\u00e9grehajt\u00e1s\u00e1ra biztos\u00edtott tartal\u00e9kot a program felt\u00e9telez\u00e9seinek megfelel\u0151en osztj\u00e1k sz\u00e9t a helyi \u00f6nkorm\u00e1nyzatok \u00e1ltal megval\u00f3s\u00edtand\u00f3 konkr\u00e9t projektek v\u00e9grehajt\u00e1s\u00e1ra.<br \/>\n\u00e9s civil szervezetek az egyes vajdas\u00e1gokban (megel\u0151z\u00e9sorient\u00e1lt feladatok helyi projektek keret\u00e9ben, amelyeket \u00e1ltal\u00e1ban a program n\u00e9gy konkr\u00e9t c\u00e9lkit\u0171z\u00e9s\u00e9ben hajtanak v\u00e9gre, azaz a k\u00f6zter\u00fcletek biztons\u00e1ga, k\u00fcl\u00f6n\u00f6s tekintettel a helyi biztons\u00e1gi rendszerek l\u00e9trehoz\u00e1s\u00e1ra, a patol\u00f3gi\u00e1s jelens\u00e9gek ellen hat\u00f3 biztons\u00e1gos gyalog\u00e1tkel\u0151helyek, a gyermekek \u00e9s fiatalok v\u00e9delme, a biztons\u00e1gra nevel\u00e9s). 2018. november 26-\u00e1n Jaros\u0142aw Zieli\u0144ski miniszter a programmal foglalkoz\u00f3 t\u00e1rcak\u00f6zi csoport aj\u00e1nl\u00e1s\u00e1t k\u00f6vet\u0151en elfogadta a \"Biztons\u00e1gosabb egy\u00fctt\" program v\u00e9grehajt\u00e1s\u00e1ra biztos\u00edtott k\u00fcl\u00f6n tartal\u00e9k feloszt\u00e1s\u00e1ra vonatkoz\u00f3 al\u00e1bbi megold\u00e1st:<br \/>\n<strong>1. konkr\u00e9t c\u00e9lkit\u0171z\u00e9s.<\/strong> Biztons\u00e1g a nyilv\u00e1nos helyeken, k\u00fcl\u00f6n\u00f6s tekintettel a helyi biztons\u00e1gi rendszerek l\u00e9trehoz\u00e1s\u00e1ra - teljes finansz\u00edroz\u00e1s - 1 000 000 PLN<br \/>\nTartom\u00e1nyonk\u00e9nt legfeljebb 4 projekt, k\u00f6zt\u00fck:<br \/>\n2 projekt az 1. sz\u00e1m\u00fa f\u0151 c\u00e9lkit\u0171z\u00e9shez - a t\u00e1rsfinansz\u00edroz\u00e1s teljes \u00f6sszege - 600 000 PLN\/ 1 projekt maxim\u00e1lis \u00f6sszege - 100 000 PLN,<br \/>\n1 projekt az 1a. priorit\u00e1si c\u00e9lkit\u0171z\u00e9shez - k\u00f6zleked\u00e9si telep\u00fcl\u00e9sek \u00e9p\u00edt\u00e9se - a t\u00e1rsfinansz\u00edroz\u00e1s teljes \u00f6sszege 300 000 PLN \/ max. \u00f6sszeg 1 projektenk\u00e9nt 100 000 PLN,<br \/>\n1 mikroprojekt - teljes t\u00e1rsfinansz\u00edroz\u00e1s 100 000 PLN \/ max. \u00f6sszeg 1 projektre 25 000 PLN<br \/>\n<strong>2. konkr\u00e9t c\u00e9lkit\u0171z\u00e9s<\/strong>. Biztons\u00e1gos \u00e1tj\u00e1r\u00f3k a gyalogosok sz\u00e1m\u00e1ra - a finansz\u00edroz\u00e1s teljes \u00f6sszege - 3 000 000 PLN<br \/>\nTartom\u00e1nyonk\u00e9nt legfeljebb 12 projekt, k\u00f6zt\u00fck:<br \/>\n4 projekt a 2. sz\u00e1m\u00fa f\u0151 c\u00e9lkit\u0171z\u00e9shez - a t\u00e1rsfinansz\u00edroz\u00e1s teljes \u00f6sszege - 2 200 000 PLN \/ 1 projektre legfeljebb 100 000 PLN,<br \/>\n3 projekt a 2. a. sz\u00e1m\u00fa kiemelt c\u00e9lkit\u0171z\u00e9shez - Gyalogosbiztons\u00e1g a k\u00f6z\u00fati k\u00f6zleked\u00e9sben - a t\u00e1rsfinansz\u00edroz\u00e1s teljes \u00f6sszege - 300 000 PLN\/ 1 projektre jut\u00f3 maxim\u00e1lis \u00f6sszeg - 50 000 PLN,<br \/>\n3 projekt a 2b. sz\u00e1m\u00fa kiemelt c\u00e9l - Ker\u00e9kp\u00e1rosok biztons\u00e1ga a k\u00f6z\u00fati k\u00f6zleked\u00e9sben - a t\u00e1rsfinansz\u00edroz\u00e1s teljes \u00f6sszege - 300 000 PLN\/ 1 projektre jut\u00f3 maxim\u00e1lis \u00f6sszeg - 50 000 PLN,<br \/>\n2 mikroprojekt - 200 000 PLN\/ 1 projektre legfeljebb 25 000 PLN.<br \/>\n<strong>3. konkr\u00e9t c\u00e9lkit\u0171z\u00e9s.<\/strong> A k\u00f3ros jelens\u00e9gek elleni k\u00fczdelem, valamint a gyermekek \u00e9s fiatalok v\u00e9delme - a t\u00e1rsfinansz\u00edroz\u00e1s teljes \u00f6sszege - 1 000 000 PLN<br \/>\nTartom\u00e1nyonk\u00e9nt legfeljebb 5 projekt, k\u00f6zt\u00fck:<br \/>\n2 projekt a 3. sz\u00e1m\u00fa f\u0151 c\u00e9lkit\u0171z\u00e9shez - a t\u00e1rsfinansz\u00edroz\u00e1s teljes \u00f6sszege - 500 000 PLN\/ 1 projekt maxim\u00e1lis \u00f6sszege - 100 000 PLN,<br \/>\n1 projekt a 3a. priorit\u00e1si c\u00e9lkit\u0171z\u00e9shez - A hegem\u00f3nia \u00e9s a gy\u0171l\u00f6letbesz\u00e9d elleni fell\u00e9p\u00e9s a fiatalok k\u00f6r\u00e9ben - 200 000 PLN \/ max. \u00f6sszeg 1 projektre 50 000 PLN,<br \/>\n1 projekt a 3b. priorit\u00e1si c\u00e9lkit\u0171z\u00e9shez - A k\u00e1b\u00edt\u00f3szer- \u00e9s t\u0171zf\u00fcgg\u0151s\u00e9g megel\u0151z\u00e9se \u00e9s lek\u00fczd\u00e9se - 200 000 PLN \/ max. \u00f6sszeg 1 projektre 50 000 PLN,<br \/>\n1 mikroprojekt - 100.000 PLN \/ 1 projektre maximum 25.000 PLN.<br \/>\n<strong>4. konkr\u00e9t c\u00e9lkit\u0171z\u00e9s<\/strong>. Oktat\u00e1s a biztons\u00e1g\u00e9rt - 1 000 000 PLN<br \/>\nTartom\u00e1nyonk\u00e9nt legfeljebb 5 projekt, k\u00f6zt\u00fck:<br \/>\n2 projekt a 4. sz\u00e1m\u00fa f\u0151 c\u00e9lkit\u0171z\u00e9shez - a t\u00e1rsfinansz\u00edroz\u00e1s teljes \u00f6sszege - 500 000 PLN \/ 1 projekt maxim\u00e1lis \u00f6sszege - 100 000 PLN,<br \/>\n1 projekt a 4a. kiemelt c\u00e9lkit\u0171z\u00e9shez - Mobiltelefon-haszn\u00e1lat - lehet\u0151s\u00e9gek<br \/>\n\u00e9s biztons\u00e1gi fenyeget\u00e9sek - 200 000 PLN\/ projektenk\u00e9nt legfeljebb 50 000 PLN,<br \/>\n1 projekt a 4b. priorit\u00e1si c\u00e9lkit\u0171z\u00e9shez - Biztons\u00e1g a v\u00edzen \u00e9s a hegyekben - 200 000 PLN\/ max. 50 000 PLN 1 projektre,<br \/>\n1 mikroprojekt - 100 000 PLN \/ 1 projektre maximum 25 000 PLN.<br \/>\n100,000 PLN - a f\u0151 projektek \u00e9s az 1a. priorit\u00e1si c\u00e9lkit\u0171z\u00e9s al\u00e1 tartoz\u00f3 projektek maxim\u00e1lis t\u00e1rsfinansz\u00edroz\u00e1sa - k\u00f6zleked\u00e9si telep\u00fcl\u00e9sek \u00e9p\u00edt\u00e9se<br \/>\n50 000 PLN - a kiemelt projektek maxim\u00e1lis t\u00e1rsfinansz\u00edroz\u00e1sa<br \/>\n25 000 PLN - legfeljebb 1 mikroprojekt t\u00e1rsfinansz\u00edroz\u00e1sa (mikroprojekt helyi \"mikro\" projekt, azaz legfeljebb 10 000 kedvezm\u00e9nyezettb\u0151l \u00e1ll\u00f3 k\u00f6z\u00f6ss\u00e9gek sz\u00e1m\u00e1ra).<br \/>\nA projektek toborz\u00e1sa (k\u00f6zponti szakasz) 2019. janu\u00e1r 25-ig tart (a tartom\u00e1nyi hivatalok 2019. janu\u00e1r 25-ig legfeljebb 26 projektet ny\u00fajtanak be a Bel\u00fcgyminiszt\u00e9riumhoz a tartom\u00e1nyi ter\u00fclet\u00fckr\u0151l).<br \/>\nAz al\u00e1bbiakban az idei projektfelh\u00edv\u00e1shoz haszn\u00e1lhat\u00f3 \u00e1ttekint\u0151 anyagokat tal\u00e1lja.<br \/>\nA \"Biztons\u00e1gosabban egy\u00fctt\" program honlapj\u00e1n az \"Elj\u00e1r\u00e1s\" f\u00fcl alatt egy dokumentumcsomagot tesznek k\u00f6zz\u00e9 (a megel\u0151z\u00e9si projektek \u00e9rt\u00e9kel\u00e9s\u00e9hez k\u00f6telez\u0151en haszn\u00e1land\u00f3 dokument\u00e1ci\u00f3mint\u00e1k, amelyeket a P\u00e1ly\u00e1zati \u0171rlappal egy\u00fctt kell haszn\u00e1lni a projektek \u00e9rt\u00e9kel\u00e9s\u00e9hez, \u00e9s amelyeket az \u00f6nkorm\u00e1nyzati egys\u00e9geknek \u00e9s a civil szervezeteknek az illet\u00e9kes vajdas\u00e1gi hivatalokhoz (vajdas\u00e1gi szakasz) kell elk\u00fcldeni\u00fck az illet\u00e9kes vajdas\u00e1gok \u00e1ltal meghat\u00e1rozott id\u0151pontokban).<\/p>\n<h2><span style=\"color: #33cccc;\"><strong><a style=\"color: #33cccc;\" href=\"https:\/\/marekkuchcinski.pl\/wp-content\/uploads\/2018\/12\/graficzny_schemat_-_mechanizm_dofinansowania_Rb_2019-1.pdf\">Ellen\u0151rizze a finansz\u00edroz\u00e1si mechanizmust<\/a><\/strong><\/span><\/h2>","protected":false},"excerpt":{"rendered":"<p>MSWiA og\u0142asza nab\u00f3r wniosk\u00f3w do programu \u201eRazem bezpieczniej im. W\u0142adys\u0142awa Stasiaka\u201d na rok 2019. Jest to\u00a0najwi\u0119ksze przedsi\u0119wzi\u0119cie o charakterze profilaktycznym w Polsce. W 2019 roku MSWiA przeznaczy na ten cel \u0142\u0105cznie 6 milion\u00f3w z\u0142otych. Program ma cztery g\u0142\u00f3wne cele szczeg\u00f3\u0142owe: bezpiecze\u0144stwo w miejscach publicznych, bezpieczne przej\u015bcia dla pieszych, przeciwdzia\u0142anie zjawiskom patologii, a tak\u017ce ochrona dzieci [&hellip;]<\/p>","protected":false},"author":6,"featured_media":11500,"comment_status":"open","ping_status":"open","sticky":false,"template":"","format":"standard","meta":{"ngg_post_thumbnail":0,"footnotes":""},"categories":[82,3],"tags":[],"class_list":["post-11496","post","type-post","status-publish","format-standard","has-post-thumbnail","hentry","category-prawo-i-sprawiedliwosc","category-wydarzenia"],"yoast_head":"<!-- This site is optimized with the Yoast SEO plugin v24.7 - https:\/\/yoast.com\/wordpress\/plugins\/seo\/ -->\n<title>Program profilaktyczny MSWiA ma chroni\u0107 dzieci i m\u0142odzie\u017c przed patologiami, podnie\u015b\u0107 bezpiecze\u0144stwo w miejscach publicznych czy na przej\u015bciach dla pieszych &#8211; Marek Kuchci\u0144ski<\/title>\n<meta name=\"robots\" content=\"index, follow, max-snippet:-1, max-image-preview:large, max-video-preview:-1\" \/>\n<link rel=\"canonical\" href=\"https:\/\/marekkuchcinski.pl\/hu\/wydarzenia\/program-profilaktyczny-mswia-chronic-dzieci-mlodziez-patologiami-podniesc-bezpieczenstwo-miejscach-publicznych-oraz-przejsciach-dla-pieszych\/\" \/>\n<meta property=\"og:locale\" content=\"hu_HU\" \/>\n<meta property=\"og:type\" content=\"article\" \/>\n<meta property=\"og:title\" content=\"Program profilaktyczny MSWiA ma chroni\u0107 dzieci i m\u0142odzie\u017c przed patologiami, podnie\u015b\u0107 bezpiecze\u0144stwo w miejscach publicznych czy na przej\u015bciach dla pieszych &#8211; Marek Kuchci\u0144ski\" \/>\n<meta property=\"og:description\" content=\"MSWiA og\u0142asza nab\u00f3r wniosk\u00f3w do programu \u201eRazem bezpieczniej im. W\u0142adys\u0142awa Stasiaka\u201d na rok 2019. Jest to\u00a0najwi\u0119ksze przedsi\u0119wzi\u0119cie o charakterze profilaktycznym w Polsce. W 2019 roku MSWiA przeznaczy na ten cel \u0142\u0105cznie 6 milion\u00f3w z\u0142otych. Program ma cztery g\u0142\u00f3wne cele szczeg\u00f3\u0142owe: bezpiecze\u0144stwo w miejscach publicznych, bezpieczne przej\u015bcia dla pieszych, przeciwdzia\u0142anie zjawiskom patologii, a tak\u017ce ochrona dzieci [&hellip;]\" \/>\n<meta property=\"og:url\" content=\"https:\/\/marekkuchcinski.pl\/hu\/wydarzenia\/program-profilaktyczny-mswia-chronic-dzieci-mlodziez-patologiami-podniesc-bezpieczenstwo-miejscach-publicznych-oraz-przejsciach-dla-pieszych\/\" \/>\n<meta property=\"og:site_name\" content=\"Marek Kuchci\u0144ski\" \/>\n<meta property=\"article:published_time\" content=\"2018-12-05T10:29:11+00:00\" \/>\n<meta property=\"article:modified_time\" content=\"2018-12-05T10:31:21+00:00\" \/>\n<meta property=\"og:image\" content=\"https:\/\/marekkuchcinski.pl\/wp-content\/uploads\/2018\/12\/PSX_20181205_110814_2-1.jpg\" \/>\n\t<meta property=\"og:image:width\" content=\"2048\" \/>\n\t<meta property=\"og:image:height\" content=\"1536\" \/>\n\t<meta property=\"og:image:type\" content=\"image\/jpeg\" \/>\n<meta name=\"author\" content=\"admin\" \/>\n<meta name=\"twitter:card\" content=\"summary_large_image\" \/>\n<meta name=\"twitter:label1\" content=\"Szerz\u0151:\" \/>\n\t<meta name=\"twitter:data1\" content=\"admin\" \/>\n\t<meta name=\"twitter:label2\" content=\"Becs\u00fclt olvas\u00e1si id\u0151\" \/>\n\t<meta name=\"twitter:data2\" content=\"4 perc\" \/>\n<script type=\"application\/ld+json\" class=\"yoast-schema-graph\">{\"@context\":\"https:\/\/schema.org\",\"@graph\":[{\"@type\":\"Article\",\"@id\":\"https:\/\/marekkuchcinski.pl\/wydarzenia\/program-profilaktyczny-mswia-chronic-dzieci-mlodziez-patologiami-podniesc-bezpieczenstwo-miejscach-publicznych-oraz-przejsciach-dla-pieszych\/#article\",\"isPartOf\":{\"@id\":\"https:\/\/marekkuchcinski.pl\/wydarzenia\/program-profilaktyczny-mswia-chronic-dzieci-mlodziez-patologiami-podniesc-bezpieczenstwo-miejscach-publicznych-oraz-przejsciach-dla-pieszych\/\"},\"author\":{\"name\":\"admin\",\"@id\":\"https:\/\/marekkuchcinski.pl\/#\/schema\/person\/6f62700996b4d950b6ea2d1183b6c6be\"},\"headline\":\"Program profilaktyczny MSWiA ma chroni\u0107 dzieci i m\u0142odzie\u017c przed patologiami, podnie\u015b\u0107 bezpiecze\u0144stwo w miejscach publicznych czy na przej\u015bciach dla pieszych\",\"datePublished\":\"2018-12-05T10:29:11+00:00\",\"dateModified\":\"2018-12-05T10:31:21+00:00\",\"mainEntityOfPage\":{\"@id\":\"https:\/\/marekkuchcinski.pl\/wydarzenia\/program-profilaktyczny-mswia-chronic-dzieci-mlodziez-patologiami-podniesc-bezpieczenstwo-miejscach-publicznych-oraz-przejsciach-dla-pieszych\/\"},\"wordCount\":800,\"commentCount\":0,\"publisher\":{\"@id\":\"https:\/\/marekkuchcinski.pl\/#organization\"},\"image\":{\"@id\":\"https:\/\/marekkuchcinski.pl\/wydarzenia\/program-profilaktyczny-mswia-chronic-dzieci-mlodziez-patologiami-podniesc-bezpieczenstwo-miejscach-publicznych-oraz-przejsciach-dla-pieszych\/#primaryimage\"},\"thumbnailUrl\":\"https:\/\/marekkuchcinski.pl\/wp-content\/uploads\/2018\/12\/PSX_20181205_110814_2-1.jpg\",\"articleSection\":[\"Prawo i Sprawiedliwo\u015b\u0107\",\"Wydarzenia\"],\"inLanguage\":\"hu\",\"potentialAction\":[{\"@type\":\"CommentAction\",\"name\":\"Comment\",\"target\":[\"https:\/\/marekkuchcinski.pl\/wydarzenia\/program-profilaktyczny-mswia-chronic-dzieci-mlodziez-patologiami-podniesc-bezpieczenstwo-miejscach-publicznych-oraz-przejsciach-dla-pieszych\/#respond\"]}]},{\"@type\":\"WebPage\",\"@id\":\"https:\/\/marekkuchcinski.pl\/wydarzenia\/program-profilaktyczny-mswia-chronic-dzieci-mlodziez-patologiami-podniesc-bezpieczenstwo-miejscach-publicznych-oraz-przejsciach-dla-pieszych\/\",\"url\":\"https:\/\/marekkuchcinski.pl\/wydarzenia\/program-profilaktyczny-mswia-chronic-dzieci-mlodziez-patologiami-podniesc-bezpieczenstwo-miejscach-publicznych-oraz-przejsciach-dla-pieszych\/\",\"name\":\"Program profilaktyczny MSWiA ma chroni\u0107 dzieci i m\u0142odzie\u017c przed patologiami, podnie\u015b\u0107 bezpiecze\u0144stwo w miejscach publicznych czy na przej\u015bciach dla pieszych &#8211; Marek Kuchci\u0144ski\",\"isPartOf\":{\"@id\":\"https:\/\/marekkuchcinski.pl\/#website\"},\"primaryImageOfPage\":{\"@id\":\"https:\/\/marekkuchcinski.pl\/wydarzenia\/program-profilaktyczny-mswia-chronic-dzieci-mlodziez-patologiami-podniesc-bezpieczenstwo-miejscach-publicznych-oraz-przejsciach-dla-pieszych\/#primaryimage\"},\"image\":{\"@id\":\"https:\/\/marekkuchcinski.pl\/wydarzenia\/program-profilaktyczny-mswia-chronic-dzieci-mlodziez-patologiami-podniesc-bezpieczenstwo-miejscach-publicznych-oraz-przejsciach-dla-pieszych\/#primaryimage\"},\"thumbnailUrl\":\"https:\/\/marekkuchcinski.pl\/wp-content\/uploads\/2018\/12\/PSX_20181205_110814_2-1.jpg\",\"datePublished\":\"2018-12-05T10:29:11+00:00\",\"dateModified\":\"2018-12-05T10:31:21+00:00\",\"breadcrumb\":{\"@id\":\"https:\/\/marekkuchcinski.pl\/wydarzenia\/program-profilaktyczny-mswia-chronic-dzieci-mlodziez-patologiami-podniesc-bezpieczenstwo-miejscach-publicznych-oraz-przejsciach-dla-pieszych\/#breadcrumb\"},\"inLanguage\":\"hu\",\"potentialAction\":[{\"@type\":\"ReadAction\",\"target\":[\"https:\/\/marekkuchcinski.pl\/wydarzenia\/program-profilaktyczny-mswia-chronic-dzieci-mlodziez-patologiami-podniesc-bezpieczenstwo-miejscach-publicznych-oraz-przejsciach-dla-pieszych\/\"]}]},{\"@type\":\"ImageObject\",\"inLanguage\":\"hu\",\"@id\":\"https:\/\/marekkuchcinski.pl\/wydarzenia\/program-profilaktyczny-mswia-chronic-dzieci-mlodziez-patologiami-podniesc-bezpieczenstwo-miejscach-publicznych-oraz-przejsciach-dla-pieszych\/#primaryimage\",\"url\":\"https:\/\/marekkuchcinski.pl\/wp-content\/uploads\/2018\/12\/PSX_20181205_110814_2-1.jpg\",\"contentUrl\":\"https:\/\/marekkuchcinski.pl\/wp-content\/uploads\/2018\/12\/PSX_20181205_110814_2-1.jpg\",\"width\":2048,\"height\":1536},{\"@type\":\"BreadcrumbList\",\"@id\":\"https:\/\/marekkuchcinski.pl\/wydarzenia\/program-profilaktyczny-mswia-chronic-dzieci-mlodziez-patologiami-podniesc-bezpieczenstwo-miejscach-publicznych-oraz-przejsciach-dla-pieszych\/#breadcrumb\",\"itemListElement\":[{\"@type\":\"ListItem\",\"position\":1,\"name\":\"Strona g\u0142\u00f3wna\",\"item\":\"https:\/\/marekkuchcinski.pl\/\"},{\"@type\":\"ListItem\",\"position\":2,\"name\":\"Program profilaktyczny MSWiA ma chroni\u0107 dzieci i m\u0142odzie\u017c przed patologiami, podnie\u015b\u0107 bezpiecze\u0144stwo w miejscach publicznych czy na przej\u015bciach dla pieszych\"}]},{\"@type\":\"WebSite\",\"@id\":\"https:\/\/marekkuchcinski.pl\/#website\",\"url\":\"https:\/\/marekkuchcinski.pl\/\",\"name\":\"Marek Kuchci\u0144ski\",\"description\":\"Pose\u0142 na sejm RP &ndash; okr\u0119g nr 22\",\"publisher\":{\"@id\":\"https:\/\/marekkuchcinski.pl\/#organization\"},\"potentialAction\":[{\"@type\":\"SearchAction\",\"target\":{\"@type\":\"EntryPoint\",\"urlTemplate\":\"https:\/\/marekkuchcinski.pl\/?s={search_term_string}\"},\"query-input\":{\"@type\":\"PropertyValueSpecification\",\"valueRequired\":true,\"valueName\":\"search_term_string\"}}],\"inLanguage\":\"hu\"},{\"@type\":\"Organization\",\"@id\":\"https:\/\/marekkuchcinski.pl\/#organization\",\"name\":\"Marek Kuchci\u0144ski\",\"url\":\"https:\/\/marekkuchcinski.pl\/\",\"logo\":{\"@type\":\"ImageObject\",\"inLanguage\":\"hu\",\"@id\":\"https:\/\/marekkuchcinski.pl\/#\/schema\/logo\/image\/\",\"url\":\"https:\/\/marekkuchcinski.pl\/wp-content\/uploads\/2022\/09\/Marek.jpg\",\"contentUrl\":\"https:\/\/marekkuchcinski.pl\/wp-content\/uploads\/2022\/09\/Marek.jpg\",\"width\":1600,\"height\":971,\"caption\":\"Marek Kuchci\u0144ski\"},\"image\":{\"@id\":\"https:\/\/marekkuchcinski.pl\/#\/schema\/logo\/image\/\"}},{\"@type\":\"Person\",\"@id\":\"https:\/\/marekkuchcinski.pl\/#\/schema\/person\/6f62700996b4d950b6ea2d1183b6c6be\",\"name\":\"admin\",\"image\":{\"@type\":\"ImageObject\",\"inLanguage\":\"hu\",\"@id\":\"https:\/\/marekkuchcinski.pl\/#\/schema\/person\/image\/\",\"url\":\"https:\/\/secure.gravatar.com\/avatar\/4bab693b9d55c3d6b52c0296a8765085?s=96&d=mm&r=g\",\"contentUrl\":\"https:\/\/secure.gravatar.com\/avatar\/4bab693b9d55c3d6b52c0296a8765085?s=96&d=mm&r=g\",\"caption\":\"admin\"},\"url\":\"https:\/\/marekkuchcinski.pl\/hu\/author\/marta-olejnik\/\"}]}<\/script>\n<!-- \/ Yoast SEO plugin. -->","yoast_head_json":{"title":"Program profilaktyczny MSWiA ma chroni\u0107 dzieci i m\u0142odzie\u017c przed patologiami, podnie\u015b\u0107 bezpiecze\u0144stwo w miejscach publicznych czy na przej\u015bciach dla pieszych &#8211; Marek Kuchci\u0144ski","robots":{"index":"index","follow":"follow","max-snippet":"max-snippet:-1","max-image-preview":"max-image-preview:large","max-video-preview":"max-video-preview:-1"},"canonical":"https:\/\/marekkuchcinski.pl\/hu\/wydarzenia\/program-profilaktyczny-mswia-chronic-dzieci-mlodziez-patologiami-podniesc-bezpieczenstwo-miejscach-publicznych-oraz-przejsciach-dla-pieszych\/","og_locale":"hu_HU","og_type":"article","og_title":"Program profilaktyczny MSWiA ma chroni\u0107 dzieci i m\u0142odzie\u017c przed patologiami, podnie\u015b\u0107 bezpiecze\u0144stwo w miejscach publicznych czy na przej\u015bciach dla pieszych &#8211; Marek Kuchci\u0144ski","og_description":"MSWiA og\u0142asza nab\u00f3r wniosk\u00f3w do programu \u201eRazem bezpieczniej im. W\u0142adys\u0142awa Stasiaka\u201d na rok 2019. Jest to\u00a0najwi\u0119ksze przedsi\u0119wzi\u0119cie o charakterze profilaktycznym w Polsce. W 2019 roku MSWiA przeznaczy na ten cel \u0142\u0105cznie 6 milion\u00f3w z\u0142otych. Program ma cztery g\u0142\u00f3wne cele szczeg\u00f3\u0142owe: bezpiecze\u0144stwo w miejscach publicznych, bezpieczne przej\u015bcia dla pieszych, przeciwdzia\u0142anie zjawiskom patologii, a tak\u017ce ochrona dzieci [&hellip;]","og_url":"https:\/\/marekkuchcinski.pl\/hu\/wydarzenia\/program-profilaktyczny-mswia-chronic-dzieci-mlodziez-patologiami-podniesc-bezpieczenstwo-miejscach-publicznych-oraz-przejsciach-dla-pieszych\/","og_site_name":"Marek Kuchci\u0144ski","article_published_time":"2018-12-05T10:29:11+00:00","article_modified_time":"2018-12-05T10:31:21+00:00","og_image":[{"width":2048,"height":1536,"url":"https:\/\/marekkuchcinski.pl\/wp-content\/uploads\/2018\/12\/PSX_20181205_110814_2-1.jpg","type":"image\/jpeg"}],"author":"admin","twitter_card":"summary_large_image","twitter_misc":{"Szerz\u0151:":"admin","Becs\u00fclt olvas\u00e1si id\u0151":"4 perc"},"schema":{"@context":"https:\/\/schema.org","@graph":[{"@type":"Article","@id":"https:\/\/marekkuchcinski.pl\/wydarzenia\/program-profilaktyczny-mswia-chronic-dzieci-mlodziez-patologiami-podniesc-bezpieczenstwo-miejscach-publicznych-oraz-przejsciach-dla-pieszych\/#article","isPartOf":{"@id":"https:\/\/marekkuchcinski.pl\/wydarzenia\/program-profilaktyczny-mswia-chronic-dzieci-mlodziez-patologiami-podniesc-bezpieczenstwo-miejscach-publicznych-oraz-przejsciach-dla-pieszych\/"},"author":{"name":"admin","@id":"https:\/\/marekkuchcinski.pl\/#\/schema\/person\/6f62700996b4d950b6ea2d1183b6c6be"},"headline":"Program profilaktyczny MSWiA ma chroni\u0107 dzieci i m\u0142odzie\u017c przed patologiami, podnie\u015b\u0107 bezpiecze\u0144stwo w miejscach publicznych czy na przej\u015bciach dla pieszych","datePublished":"2018-12-05T10:29:11+00:00","dateModified":"2018-12-05T10:31:21+00:00","mainEntityOfPage":{"@id":"https:\/\/marekkuchcinski.pl\/wydarzenia\/program-profilaktyczny-mswia-chronic-dzieci-mlodziez-patologiami-podniesc-bezpieczenstwo-miejscach-publicznych-oraz-przejsciach-dla-pieszych\/"},"wordCount":800,"commentCount":0,"publisher":{"@id":"https:\/\/marekkuchcinski.pl\/#organization"},"image":{"@id":"https:\/\/marekkuchcinski.pl\/wydarzenia\/program-profilaktyczny-mswia-chronic-dzieci-mlodziez-patologiami-podniesc-bezpieczenstwo-miejscach-publicznych-oraz-przejsciach-dla-pieszych\/#primaryimage"},"thumbnailUrl":"https:\/\/marekkuchcinski.pl\/wp-content\/uploads\/2018\/12\/PSX_20181205_110814_2-1.jpg","articleSection":["Prawo i Sprawiedliwo\u015b\u0107","Wydarzenia"],"inLanguage":"hu","potentialAction":[{"@type":"CommentAction","name":"Comment","target":["https:\/\/marekkuchcinski.pl\/wydarzenia\/program-profilaktyczny-mswia-chronic-dzieci-mlodziez-patologiami-podniesc-bezpieczenstwo-miejscach-publicznych-oraz-przejsciach-dla-pieszych\/#respond"]}]},{"@type":"WebPage","@id":"https:\/\/marekkuchcinski.pl\/wydarzenia\/program-profilaktyczny-mswia-chronic-dzieci-mlodziez-patologiami-podniesc-bezpieczenstwo-miejscach-publicznych-oraz-przejsciach-dla-pieszych\/","url":"https:\/\/marekkuchcinski.pl\/wydarzenia\/program-profilaktyczny-mswia-chronic-dzieci-mlodziez-patologiami-podniesc-bezpieczenstwo-miejscach-publicznych-oraz-przejsciach-dla-pieszych\/","name":"Program profilaktyczny MSWiA ma chroni\u0107 dzieci i m\u0142odzie\u017c przed patologiami, podnie\u015b\u0107 bezpiecze\u0144stwo w miejscach publicznych czy na przej\u015bciach dla pieszych &#8211; Marek Kuchci\u0144ski","isPartOf":{"@id":"https:\/\/marekkuchcinski.pl\/#website"},"primaryImageOfPage":{"@id":"https:\/\/marekkuchcinski.pl\/wydarzenia\/program-profilaktyczny-mswia-chronic-dzieci-mlodziez-patologiami-podniesc-bezpieczenstwo-miejscach-publicznych-oraz-przejsciach-dla-pieszych\/#primaryimage"},"image":{"@id":"https:\/\/marekkuchcinski.pl\/wydarzenia\/program-profilaktyczny-mswia-chronic-dzieci-mlodziez-patologiami-podniesc-bezpieczenstwo-miejscach-publicznych-oraz-przejsciach-dla-pieszych\/#primaryimage"},"thumbnailUrl":"https:\/\/marekkuchcinski.pl\/wp-content\/uploads\/2018\/12\/PSX_20181205_110814_2-1.jpg","datePublished":"2018-12-05T10:29:11+00:00","dateModified":"2018-12-05T10:31:21+00:00","breadcrumb":{"@id":"https:\/\/marekkuchcinski.pl\/wydarzenia\/program-profilaktyczny-mswia-chronic-dzieci-mlodziez-patologiami-podniesc-bezpieczenstwo-miejscach-publicznych-oraz-przejsciach-dla-pieszych\/#breadcrumb"},"inLanguage":"hu","potentialAction":[{"@type":"ReadAction","target":["https:\/\/marekkuchcinski.pl\/wydarzenia\/program-profilaktyczny-mswia-chronic-dzieci-mlodziez-patologiami-podniesc-bezpieczenstwo-miejscach-publicznych-oraz-przejsciach-dla-pieszych\/"]}]},{"@type":"ImageObject","inLanguage":"hu","@id":"https:\/\/marekkuchcinski.pl\/wydarzenia\/program-profilaktyczny-mswia-chronic-dzieci-mlodziez-patologiami-podniesc-bezpieczenstwo-miejscach-publicznych-oraz-przejsciach-dla-pieszych\/#primaryimage","url":"https:\/\/marekkuchcinski.pl\/wp-content\/uploads\/2018\/12\/PSX_20181205_110814_2-1.jpg","contentUrl":"https:\/\/marekkuchcinski.pl\/wp-content\/uploads\/2018\/12\/PSX_20181205_110814_2-1.jpg","width":2048,"height":1536},{"@type":"BreadcrumbList","@id":"https:\/\/marekkuchcinski.pl\/wydarzenia\/program-profilaktyczny-mswia-chronic-dzieci-mlodziez-patologiami-podniesc-bezpieczenstwo-miejscach-publicznych-oraz-przejsciach-dla-pieszych\/#breadcrumb","itemListElement":[{"@type":"ListItem","position":1,"name":"Strona g\u0142\u00f3wna","item":"https:\/\/marekkuchcinski.pl\/"},{"@type":"ListItem","position":2,"name":"Program profilaktyczny MSWiA ma chroni\u0107 dzieci i m\u0142odzie\u017c przed patologiami, podnie\u015b\u0107 bezpiecze\u0144stwo w miejscach publicznych czy na przej\u015bciach dla pieszych"}]},{"@type":"WebSite","@id":"https:\/\/marekkuchcinski.pl\/#website","url":"https:\/\/marekkuchcinski.pl\/","name":"Marek Kuchci\u0144ski","description":"Pose\u0142 na sejm RP &ndash; okr\u0119g nr 22","publisher":{"@id":"https:\/\/marekkuchcinski.pl\/#organization"},"potentialAction":[{"@type":"SearchAction","target":{"@type":"EntryPoint","urlTemplate":"https:\/\/marekkuchcinski.pl\/?s={search_term_string}"},"query-input":{"@type":"PropertyValueSpecification","valueRequired":true,"valueName":"search_term_string"}}],"inLanguage":"hu"},{"@type":"Organization","@id":"https:\/\/marekkuchcinski.pl\/#organization","name":"Marek Kuchci\u0144ski","url":"https:\/\/marekkuchcinski.pl\/","logo":{"@type":"ImageObject","inLanguage":"hu","@id":"https:\/\/marekkuchcinski.pl\/#\/schema\/logo\/image\/","url":"https:\/\/marekkuchcinski.pl\/wp-content\/uploads\/2022\/09\/Marek.jpg","contentUrl":"https:\/\/marekkuchcinski.pl\/wp-content\/uploads\/2022\/09\/Marek.jpg","width":1600,"height":971,"caption":"Marek Kuchci\u0144ski"},"image":{"@id":"https:\/\/marekkuchcinski.pl\/#\/schema\/logo\/image\/"}},{"@type":"Person","@id":"https:\/\/marekkuchcinski.pl\/#\/schema\/person\/6f62700996b4d950b6ea2d1183b6c6be","name":"admin","image":{"@type":"ImageObject","inLanguage":"hu","@id":"https:\/\/marekkuchcinski.pl\/#\/schema\/person\/image\/","url":"https:\/\/secure.gravatar.com\/avatar\/4bab693b9d55c3d6b52c0296a8765085?s=96&d=mm&r=g","contentUrl":"https:\/\/secure.gravatar.com\/avatar\/4bab693b9d55c3d6b52c0296a8765085?s=96&d=mm&r=g","caption":"admin"},"url":"https:\/\/marekkuchcinski.pl\/hu\/author\/marta-olejnik\/"}]}},"_links":{"self":[{"href":"https:\/\/marekkuchcinski.pl\/hu\/wp-json\/wp\/v2\/posts\/11496","targetHints":{"allow":["GET"]}}],"collection":[{"href":"https:\/\/marekkuchcinski.pl\/hu\/wp-json\/wp\/v2\/posts"}],"about":[{"href":"https:\/\/marekkuchcinski.pl\/hu\/wp-json\/wp\/v2\/types\/post"}],"author":[{"embeddable":true,"href":"https:\/\/marekkuchcinski.pl\/hu\/wp-json\/wp\/v2\/users\/6"}],"replies":[{"embeddable":true,"href":"https:\/\/marekkuchcinski.pl\/hu\/wp-json\/wp\/v2\/comments?post=11496"}],"version-history":[{"count":4,"href":"https:\/\/marekkuchcinski.pl\/hu\/wp-json\/wp\/v2\/posts\/11496\/revisions"}],"predecessor-version":[{"id":11502,"href":"https:\/\/marekkuchcinski.pl\/hu\/wp-json\/wp\/v2\/posts\/11496\/revisions\/11502"}],"wp:featuredmedia":[{"embeddable":true,"href":"https:\/\/marekkuchcinski.pl\/hu\/wp-json\/wp\/v2\/media\/11500"}],"wp:attachment":[{"href":"https:\/\/marekkuchcinski.pl\/hu\/wp-json\/wp\/v2\/media?parent=11496"}],"wp:term":[{"taxonomy":"category","embeddable":true,"href":"https:\/\/marekkuchcinski.pl\/hu\/wp-json\/wp\/v2\/categories?post=11496"},{"taxonomy":"post_tag","embeddable":true,"href":"https:\/\/marekkuchcinski.pl\/hu\/wp-json\/wp\/v2\/tags?post=11496"}],"curies":[{"name":"wp","href":"https:\/\/api.w.org\/{rel}","templated":true}]}}