{"id":11486,"date":"2018-12-04T19:53:16","date_gmt":"2018-12-04T18:53:16","guid":{"rendered":"https:\/\/marekkuchcinski.pl\/?p=11486"},"modified":"2018-12-04T20:07:04","modified_gmt":"2018-12-04T19:07:04","slug":"swieta-barbara-cala-gornicza-brac-otacza-opieka-zapewniajac-poczucie-bezpieczenstwa-oraz-pewnosc-jutrzejszego-szczescie-kolejne-lata-2","status":"publish","type":"post","link":"https:\/\/marekkuchcinski.pl\/hu\/wydarzenia\/swieta-barbara-cala-gornicza-brac-otacza-opieka-zapewniajac-poczucie-bezpieczenstwa-oraz-pewnosc-jutrzejszego-szczescie-kolejne-lata-2\/","title":{"rendered":"Szent Barbara oltalmazzon minden b\u00e1ny\u00e1szt, adjon nekik biztons\u00e1g\u00e9rzetet, a holnap \u00e9s a boldogs\u00e1g bizonyoss\u00e1g\u00e1t az elk\u00f6vetkez\u0151 \u00e9vekre."},"content":{"rendered":"<p><strong>A b\u00e1tors\u00e1g, az elk\u00f6telezetts\u00e9g, a fels\u0151bb hatalom el\u0151tti al\u00e1zat \u00e9s a munka ir\u00e1nti nagyfok\u00fa tisztelet azok a tulajdons\u00e1gok, amelyek a b\u00e1ny\u00e1szokr\u00f3l esz\u00fcnkbe jutnak. A mai nap azoknak az embereknek az \u00fcnnepe, akik nap mint nap szemben\u00e9znek a vesz\u00e9lyekkel, hogy melegebbek, f\u00e9nyesebbek \u00e9s biztons\u00e1gosabbak legy\u00fcnk.<\/strong><\/p>\n<p>Szent Barbara napja alkalm\u00e1b\u00f3l Marek Kuchci\u0144ski, a lengyel parlament eln\u00f6ke levelet int\u00e9zett a b\u00e1ny\u00e1szokhoz, amelyben t\u00f6bbek k\u00f6z\u00f6tt sok sikert k\u00edv\u00e1nt nekik a szem\u00e9lyes \u00e9let\u00fckh\u00f6z \u00e9s a szakmai munk\u00e1jukhoz.<\/p>\n<p>- Szent Barbara oltalmazzon minden b\u00e1ny\u00e1szt, \u00e9s biztos\u00edtsa sz\u00e1mukra a biztons\u00e1g\u00e9rzetet, a holnap biztons\u00e1g\u00e1t \u00e9s a boldogs\u00e1got az elk\u00f6vetkez\u0151 \u00e9vekre\" - \u00edrta a h\u00e1zeln\u00f6k.<\/p>\n<h4><span style=\"color: #000000;\"><a style=\"color: #000000;\" href=\"https:\/\/marekkuchcinski.pl\/wp-content\/uploads\/2018\/12\/Barbo\u0301rka.pdf\">LIST 1<\/a><\/span><\/h4>\n<h4><span style=\"color: #000000;\"><a style=\"color: #000000;\" href=\"https:\/\/marekkuchcinski.pl\/wp-content\/uploads\/2018\/12\/Barbo\u0301rka-Krosno-1.pdf\">2. LEV\u00c9L<\/a><\/span><\/h4>\n<p><a href=\"https:\/\/marekkuchcinski.pl\/wp-content\/uploads\/2018\/12\/bar.jpg\"><img fetchpriority=\"high\" decoding=\"async\" class=\"alignnone size-full wp-image-11487\" src=\"https:\/\/marekkuchcinski.pl\/wp-content\/uploads\/2018\/12\/bar.jpg\" alt=\"bar\" width=\"3864\" height=\"2358\" srcset=\"https:\/\/marekkuchcinski.pl\/wp-content\/uploads\/2018\/12\/bar.jpg 2048w, https:\/\/marekkuchcinski.pl\/wp-content\/uploads\/2018\/12\/bar-300x183.jpg 300w, https:\/\/marekkuchcinski.pl\/wp-content\/uploads\/2018\/12\/bar-768x469.jpg 768w, https:\/\/marekkuchcinski.pl\/wp-content\/uploads\/2018\/12\/bar-1024x625.jpg 1024w\" sizes=\"(max-width: 3864px) 100vw, 3864px\" \/><\/a><\/p>","protected":false},"excerpt":{"rendered":"<p>Odwaga, po\u015bwi\u0119cenie, pokora przed si\u0142\u0105 wy\u017csz\u0105 i wielki szacunek do pracy to cechy, jakie podsuwa nam pami\u0119\u0107, kiedy my\u015blimy o g\u00f3rnikach. Dzi\u015b \u015bwi\u0119to ludzi, kt\u00f3rzy codziennie stawiaj\u0105 czo\u0142a niebezpiecze\u0144stwu, \u017ceby nam by\u0142o cieplej, ja\u015bniej, bezpieczniej. Z okazji Barb\u00f3rki listy do G\u00f3rnik\u00f3w skierowa\u0142 marsza\u0142ek Sejmu Marek Kuchci\u0144ski, \u017cycz\u0105c m.in.\u00a0wszelkiej pomy\u015blno\u015bci w \u017cyciu osobistym i w pracy [&hellip;]<\/p>\n","protected":false},"author":6,"featured_media":11487,"comment_status":"open","ping_status":"open","sticky":false,"template":"","format":"standard","meta":{"ngg_post_thumbnail":0,"footnotes":""},"categories":[104,49,77,3],"tags":[],"class_list":["post-11486","post","type-post","status-publish","format-standard","has-post-thumbnail","hentry","category-lms","category-podkarpacie","category-wazne-daty","category-wydarzenia"],"_links":{"self":[{"href":"https:\/\/marekkuchcinski.pl\/hu\/wp-json\/wp\/v2\/posts\/11486","targetHints":{"allow":["GET"]}}],"collection":[{"href":"https:\/\/marekkuchcinski.pl\/hu\/wp-json\/wp\/v2\/posts"}],"about":[{"href":"https:\/\/marekkuchcinski.pl\/hu\/wp-json\/wp\/v2\/types\/post"}],"author":[{"embeddable":true,"href":"https:\/\/marekkuchcinski.pl\/hu\/wp-json\/wp\/v2\/users\/6"}],"replies":[{"embeddable":true,"href":"https:\/\/marekkuchcinski.pl\/hu\/wp-json\/wp\/v2\/comments?post=11486"}],"version-history":[{"count":5,"href":"https:\/\/marekkuchcinski.pl\/hu\/wp-json\/wp\/v2\/posts\/11486\/revisions"}],"predecessor-version":[{"id":11495,"href":"https:\/\/marekkuchcinski.pl\/hu\/wp-json\/wp\/v2\/posts\/11486\/revisions\/11495"}],"wp:featuredmedia":[{"embeddable":true,"href":"https:\/\/marekkuchcinski.pl\/hu\/wp-json\/wp\/v2\/media\/11487"}],"wp:attachment":[{"href":"https:\/\/marekkuchcinski.pl\/hu\/wp-json\/wp\/v2\/media?parent=11486"}],"wp:term":[{"taxonomy":"category","embeddable":true,"href":"https:\/\/marekkuchcinski.pl\/hu\/wp-json\/wp\/v2\/categories?post=11486"},{"taxonomy":"post_tag","embeddable":true,"href":"https:\/\/marekkuchcinski.pl\/hu\/wp-json\/wp\/v2\/tags?post=11486"}],"curies":[{"name":"wp","href":"https:\/\/api.w.org\/{rel}","templated":true}]}}