{"id":11457,"date":"2018-12-04T11:39:42","date_gmt":"2018-12-04T10:39:42","guid":{"rendered":"https:\/\/marekkuchcinski.pl\/?p=11457"},"modified":"2018-12-04T11:58:53","modified_gmt":"2018-12-04T10:58:53","slug":"ruszyl-program-priorytetowy-czyste-powietrze-dzieki-dotacjom-mozna-bedzie-ocieplic-dom-wymienic-piec-okna","status":"publish","type":"post","link":"https:\/\/marekkuchcinski.pl\/hu\/wydarzenia\/ruszyl-program-priorytetowy-czyste-powietrze-dzieki-dotacjom-mozna-bedzie-ocieplic-dom-wymienic-piec-okna\/","title":{"rendered":"Elindult a Tiszta leveg\u0151 priorit\u00e1si program. A t\u00e1mogat\u00e1soknak k\u00f6sz\u00f6nhet\u0151en lehet\u0151s\u00e9g lesz a h\u00e1z szigetel\u00e9s\u00e9re, a kemence, az ablakok vagy az ajt\u00f3k cser\u00e9j\u00e9re."},"content":{"rendered":"<p>A korm\u00e1ny Tiszta leveg\u0151 programj\u00e1nak r\u00e9szek\u00e9nt elk\u00e9sz\u00fclt a Tiszta leveg\u0151 elnevez\u00e9s\u0171 kiemelt program, amelynek k\u00f6sz\u00f6nhet\u0151en az egylak\u00e1sos csal\u00e1di h\u00e1zak tulajdonosai t\u00e1mogat\u00e1st ig\u00e9nyelhetnek \u00e9p\u00fcleteik h\u0151technikai korszer\u0171s\u00edt\u00e9s\u00e9hez.<br \/>\nA kiemelt program a h\u00e1ztart\u00e1sok h\u0151moderniz\u00e1ci\u00f3j\u00e1ra \u00e9s hat\u00e9kony energiagazd\u00e1lkod\u00e1s\u00e1ra \u00f6sszpontos\u00edt, ami cs\u00f6kkenti a felhaszn\u00e1lt h\u0151energia mennyis\u00e9g\u00e9t \u00e9s val\u00f3di p\u00e9nz\u00fcgyi megtakar\u00edt\u00e1sokat eredm\u00e9nyez. A por, az \u00fcvegh\u00e1zhat\u00e1s\u00fa g\u00e1zok \u00e9s m\u00e1s anyagok kibocs\u00e1t\u00e1s\u00e1nak cs\u00f6kkent\u00e9se r\u00e9v\u00e9n a k\u00f6rnyezet sz\u00e1m\u00e1ra is el\u0151ny\u00f6s lesz.<br \/>\nA Tiszta leveg\u0151t priorit\u00e1s program term\u00e9szetes szem\u00e9lyek, csal\u00e1di h\u00e1zak tulajdonosai sz\u00e1m\u00e1ra ny\u00fajt lehet\u0151s\u00e9get arra, hogy p\u00e9nz\u00fcgyi t\u00e1mogat\u00e1st kapjanak h\u00e1zuk szigetel\u00e9s\u00e9re, ny\u00edl\u00e1sz\u00e1r\u00f3cser\u00e9re vagy a r\u00e9gi, nagy k\u00e1rosanyag-kibocs\u00e1t\u00e1s\u00fa f\u0171t\u0151kaz\u00e1nok cser\u00e9j\u00e9re.<\/p>\n<p><span style=\"color: #ff6600;\"><strong><em>forr\u00e1s: K\u00f6rnyezetv\u00e9delmi Miniszt\u00e9rium<\/em><\/strong><\/span><a href=\"https:\/\/marekkuchcinski.pl\/wp-content\/uploads\/2018\/12\/20181204_111820.jpg\"><img fetchpriority=\"high\" decoding=\"async\" class=\"alignnone size-full wp-image-11465\" src=\"https:\/\/marekkuchcinski.pl\/wp-content\/uploads\/2018\/12\/20181204_111820.jpg\" alt=\"_20181204_111820\" width=\"1994\" height=\"2869\" srcset=\"https:\/\/marekkuchcinski.pl\/wp-content\/uploads\/2018\/12\/20181204_111820.jpg 1423w, https:\/\/marekkuchcinski.pl\/wp-content\/uploads\/2018\/12\/20181204_111820-209x300.jpg 209w, https:\/\/marekkuchcinski.pl\/wp-content\/uploads\/2018\/12\/20181204_111820-768x1105.jpg 768w, https:\/\/marekkuchcinski.pl\/wp-content\/uploads\/2018\/12\/20181204_111820-712x1024.jpg 712w\" sizes=\"(max-width: 1994px) 100vw, 1994px\" \/><\/a> <a href=\"https:\/\/marekkuchcinski.pl\/wp-content\/uploads\/2018\/12\/20181204_111847.jpg\"><img decoding=\"async\" class=\"alignnone size-full wp-image-11466\" src=\"https:\/\/marekkuchcinski.pl\/wp-content\/uploads\/2018\/12\/20181204_111847.jpg\" alt=\"_20181204_111847\" width=\"2006\" height=\"2700\" srcset=\"https:\/\/marekkuchcinski.pl\/wp-content\/uploads\/2018\/12\/20181204_111847.jpg 1522w, https:\/\/marekkuchcinski.pl\/wp-content\/uploads\/2018\/12\/20181204_111847-223x300.jpg 223w, https:\/\/marekkuchcinski.pl\/wp-content\/uploads\/2018\/12\/20181204_111847-768x1034.jpg 768w, https:\/\/marekkuchcinski.pl\/wp-content\/uploads\/2018\/12\/20181204_111847-761x1024.jpg 761w\" sizes=\"(max-width: 2006px) 100vw, 2006px\" \/><\/a> <a href=\"https:\/\/marekkuchcinski.pl\/wp-content\/uploads\/2018\/12\/20181204_111905.jpg\"><img decoding=\"async\" class=\"alignnone size-full wp-image-11467\" src=\"https:\/\/marekkuchcinski.pl\/wp-content\/uploads\/2018\/12\/20181204_111905.jpg\" alt=\"_20181204_111905\" width=\"2030\" height=\"2875\" srcset=\"https:\/\/marekkuchcinski.pl\/wp-content\/uploads\/2018\/12\/20181204_111905.jpg 1446w, https:\/\/marekkuchcinski.pl\/wp-content\/uploads\/2018\/12\/20181204_111905-212x300.jpg 212w, https:\/\/marekkuchcinski.pl\/wp-content\/uploads\/2018\/12\/20181204_111905-768x1088.jpg 768w, https:\/\/marekkuchcinski.pl\/wp-content\/uploads\/2018\/12\/20181204_111905-723x1024.jpg 723w\" sizes=\"(max-width: 2030px) 100vw, 2030px\" \/><\/a> <a href=\"https:\/\/marekkuchcinski.pl\/wp-content\/uploads\/2018\/12\/20181204_111926.jpg\"><img loading=\"lazy\" decoding=\"async\" class=\"alignnone size-full wp-image-11468\" src=\"https:\/\/marekkuchcinski.pl\/wp-content\/uploads\/2018\/12\/20181204_111926.jpg\" alt=\"_20181204_111926\" width=\"1988\" height=\"2812\" srcset=\"https:\/\/marekkuchcinski.pl\/wp-content\/uploads\/2018\/12\/20181204_111926.jpg 1448w, https:\/\/marekkuchcinski.pl\/wp-content\/uploads\/2018\/12\/20181204_111926-212x300.jpg 212w, https:\/\/marekkuchcinski.pl\/wp-content\/uploads\/2018\/12\/20181204_111926-768x1086.jpg 768w, https:\/\/marekkuchcinski.pl\/wp-content\/uploads\/2018\/12\/20181204_111926-724x1024.jpg 724w\" sizes=\"(max-width: 1988px) 100vw, 1988px\" \/><\/a> <a href=\"https:\/\/marekkuchcinski.pl\/wp-content\/uploads\/2018\/12\/20181204_111947.jpg\"><img loading=\"lazy\" decoding=\"async\" class=\"alignnone size-full wp-image-11469\" src=\"https:\/\/marekkuchcinski.pl\/wp-content\/uploads\/2018\/12\/20181204_111947.jpg\" alt=\"_20181204_111947\" width=\"1966\" height=\"2825\" srcset=\"https:\/\/marekkuchcinski.pl\/wp-content\/uploads\/2018\/12\/20181204_111947.jpg 1425w, https:\/\/marekkuchcinski.pl\/wp-content\/uploads\/2018\/12\/20181204_111947-209x300.jpg 209w, https:\/\/marekkuchcinski.pl\/wp-content\/uploads\/2018\/12\/20181204_111947-768x1104.jpg 768w, https:\/\/marekkuchcinski.pl\/wp-content\/uploads\/2018\/12\/20181204_111947-713x1024.jpg 713w\" sizes=\"(max-width: 1966px) 100vw, 1966px\" \/><\/a> <a href=\"https:\/\/marekkuchcinski.pl\/wp-content\/uploads\/2018\/12\/Screenshot_20181204-1116112.png\"><img loading=\"lazy\" decoding=\"async\" class=\"alignnone size-full wp-image-11470\" src=\"https:\/\/marekkuchcinski.pl\/wp-content\/uploads\/2018\/12\/Screenshot_20181204-1116112.png\" alt=\"Screenshot_20181204-111611~2\" width=\"2019\" height=\"2788\" srcset=\"https:\/\/marekkuchcinski.pl\/wp-content\/uploads\/2018\/12\/Screenshot_20181204-1116112.png 2019w, https:\/\/marekkuchcinski.pl\/wp-content\/uploads\/2018\/12\/Screenshot_20181204-1116112-217x300.png 217w, https:\/\/marekkuchcinski.pl\/wp-content\/uploads\/2018\/12\/Screenshot_20181204-1116112-768x1061.png 768w, https:\/\/marekkuchcinski.pl\/wp-content\/uploads\/2018\/12\/Screenshot_20181204-1116112-742x1024.png 742w\" sizes=\"(max-width: 2019px) 100vw, 2019px\" \/><\/a> <a href=\"https:\/\/marekkuchcinski.pl\/wp-content\/uploads\/2018\/12\/Screenshot_20181204-1116242.png\"><img loading=\"lazy\" decoding=\"async\" class=\"alignnone size-full wp-image-11471\" src=\"https:\/\/marekkuchcinski.pl\/wp-content\/uploads\/2018\/12\/Screenshot_20181204-1116242.png\" alt=\"Screenshot_20181204-111624~2\" width=\"2027\" height=\"2823\" srcset=\"https:\/\/marekkuchcinski.pl\/wp-content\/uploads\/2018\/12\/Screenshot_20181204-1116242.png 2027w, https:\/\/marekkuchcinski.pl\/wp-content\/uploads\/2018\/12\/Screenshot_20181204-1116242-215x300.png 215w, https:\/\/marekkuchcinski.pl\/wp-content\/uploads\/2018\/12\/Screenshot_20181204-1116242-768x1070.png 768w, https:\/\/marekkuchcinski.pl\/wp-content\/uploads\/2018\/12\/Screenshot_20181204-1116242-735x1024.png 735w\" sizes=\"(max-width: 2027px) 100vw, 2027px\" \/><\/a><\/p>\n<p>&nbsp;<\/p>\n<p>&nbsp;<\/p>\n<p>&nbsp;<\/p>","protected":false},"excerpt":{"rendered":"<p>W ramach rz\u0105dowego programu Czyste Powietrze zosta\u0142 przygotowany program priorytetowy Czyste Powietrze, dzi\u0119ki kt\u00f3remu w\u0142a\u015bciciele dom\u00f3w jednorodzinnych mog\u0105 ubiega\u0107 si\u0119 o dofinansowanie na termomodernizacj\u0119 budynk\u00f3w. Program priorytetowy koncentruje si\u0119 na termomodernizacji oraz efektywnym zarz\u0105dzaniu energi\u0105 w gospodarstwach domowych, co pozwoli zmniejszy\u0107 ilo\u015b\u0107 zu\u017cywanej energii cieplnej i rzeczywiste oszcz\u0119dno\u015bci finansowe. Zyska na tym r\u00f3wnie\u017c stan \u015brodowiska [&hellip;]<\/p>\n","protected":false},"author":6,"featured_media":11474,"comment_status":"open","ping_status":"open","sticky":false,"template":"","format":"standard","meta":{"ngg_post_thumbnail":0,"footnotes":""},"categories":[49,82,3],"tags":[],"class_list":["post-11457","post","type-post","status-publish","format-standard","has-post-thumbnail","hentry","category-podkarpacie","category-prawo-i-sprawiedliwosc","category-wydarzenia"],"_links":{"self":[{"href":"https:\/\/marekkuchcinski.pl\/hu\/wp-json\/wp\/v2\/posts\/11457","targetHints":{"allow":["GET"]}}],"collection":[{"href":"https:\/\/marekkuchcinski.pl\/hu\/wp-json\/wp\/v2\/posts"}],"about":[{"href":"https:\/\/marekkuchcinski.pl\/hu\/wp-json\/wp\/v2\/types\/post"}],"author":[{"embeddable":true,"href":"https:\/\/marekkuchcinski.pl\/hu\/wp-json\/wp\/v2\/users\/6"}],"replies":[{"embeddable":true,"href":"https:\/\/marekkuchcinski.pl\/hu\/wp-json\/wp\/v2\/comments?post=11457"}],"version-history":[{"count":11,"href":"https:\/\/marekkuchcinski.pl\/hu\/wp-json\/wp\/v2\/posts\/11457\/revisions"}],"predecessor-version":[{"id":11479,"href":"https:\/\/marekkuchcinski.pl\/hu\/wp-json\/wp\/v2\/posts\/11457\/revisions\/11479"}],"wp:featuredmedia":[{"embeddable":true,"href":"https:\/\/marekkuchcinski.pl\/hu\/wp-json\/wp\/v2\/media\/11474"}],"wp:attachment":[{"href":"https:\/\/marekkuchcinski.pl\/hu\/wp-json\/wp\/v2\/media?parent=11457"}],"wp:term":[{"taxonomy":"category","embeddable":true,"href":"https:\/\/marekkuchcinski.pl\/hu\/wp-json\/wp\/v2\/categories?post=11457"},{"taxonomy":"post_tag","embeddable":true,"href":"https:\/\/marekkuchcinski.pl\/hu\/wp-json\/wp\/v2\/tags?post=11457"}],"curies":[{"name":"wp","href":"https:\/\/api.w.org\/{rel}","templated":true}]}}