{"id":11443,"date":"2018-12-04T10:06:33","date_gmt":"2018-12-04T09:06:33","guid":{"rendered":"https:\/\/marekkuchcinski.pl\/?p=11443"},"modified":"2019-04-19T12:58:53","modified_gmt":"2019-04-19T10:58:53","slug":"wielkie-wsparcie-dla-polski-wschodniej-rozwoj-firm-start-upow","status":"publish","type":"post","link":"https:\/\/marekkuchcinski.pl\/hu\/wydarzenia\/wielkie-wsparcie-dla-polski-wschodniej-rozwoj-firm-start-upow\/","title":{"rendered":"Nagyszer\u0171 t\u00e1mogat\u00e1s Kelet-Lengyelorsz\u00e1gnak a v\u00e1llalkoz\u00e1sok \u00e9s indul\u00f3 v\u00e1llalkoz\u00e1sok fejleszt\u00e9s\u00e9hez"},"content":{"rendered":"<p>2019-ben t\u00f6bb mint 800 milli\u00f3 zloty v\u00e1r a Kelet-Lengyelorsz\u00e1gban befektetni k\u00edv\u00e1n\u00f3 mikro-, kis- \u00e9s k\u00f6z\u00e9pv\u00e1llalkoz\u00f3kra. Ezeket az alapokat mind a tev\u00e9kenys\u00e9g\u00fcket fejleszteni k\u00edv\u00e1n\u00f3 v\u00e1llalatok, mind az indul\u00f3 v\u00e1llalkoz\u00e1sok sz\u00e1m\u00e1ra elk\u00fcl\u00f6n\u00edtett\u00e9k. A kelet-lengyelorsz\u00e1gi program j\u00f6v\u0151 \u00e9vi versenynapt\u00e1r\u00e1t m\u00e1r ismerj\u00fck.<br>\"Mindenekel\u0151tt az innov\u00e1ci\u00f3k l\u00e9trehoz\u00e1s\u00e1t szeretn\u00e9nk t\u00e1mogatni - ezek n\u00f6velik a v\u00e1llalkoz\u00e1sok versenyk\u00e9pess\u00e9g\u00e9t, \u00faj munkahelyeket biztos\u00edtanak a szakemberek sz\u00e1m\u00e1ra, \u00e9s ennek k\u00f6vetkezt\u00e9ben a makror\u00e9gi\u00f3 gazdas\u00e1g\u00e1nak tov\u00e1bbi fenntarthat\u00f3 fejl\u0151d\u00e9s\u00e9t. Az eddigi tapasztalataink azt mutatj\u00e1k, hogy a kelet-lengyelorsz\u00e1gi v\u00e1llalatok nem f\u00e9lnek az \u00faj\u00edt\u00e1sokt\u00f3l. 2019-ben m\u00e9g ink\u00e1bb erre fogjuk \u00f6szt\u00f6n\u00f6zni \u0151ket\". - mondta Adam Hamryszczak, a Beruh\u00e1z\u00e1si \u00e9s Fejleszt\u00e9si Miniszt\u00e9rium \u00e1llamtitk\u00e1ra.<\/p>\n<p><strong>Mi \u00fajs\u00e1g?<\/strong><\/p>\n<p>2019-ben a v\u00e1llalkoz\u00f3k a programban r\u00e9szt vev\u0151 v\u00e1llalkoz\u00e1soknak sz\u00f3l\u00f3 valamennyi tev\u00e9kenys\u00e9g keret\u00e9ben p\u00e1ly\u00e1zhatnak majd t\u00e1mogat\u00e1sra. A t\u00e1mogat\u00e1sok oda\u00edt\u00e9l\u00e9s\u00e9nek \u00faj \u00e9s kedvez\u0151bb krit\u00e9riumai \u00e9s felt\u00e9telei azonban v\u00e1rnak r\u00e1juk. T\u00f6bbek k\u00f6z\u00f6tt b\u0151v\u00fcl a k\u00fclf\u00f6ldi piacokon tev\u00e9kenys\u00e9g\u00fcket fejleszteni k\u00edv\u00e1n\u00f3 v\u00e1llalatok t\u00e1mogat\u00e1s\u00e1nak k\u00f6re (1.2. int\u00e9zked\u00e9s: A kkv-k nemzetk\u00f6ziv\u00e9 v\u00e1l\u00e1sa). A megszerzett p\u00e9nzeszk\u00f6z\u00f6kkel a v\u00e1llalatok mostant\u00f3l kisebb t\u00e1rgyi eszk\u00f6z\u00f6ket, p\u00e9ld\u00e1ul sz\u00e1m\u00edt\u00f3g\u00e9peket \u00e9s immateri\u00e1lis javakat is v\u00e1s\u00e1rolhatnak, amelyek sz\u00fcks\u00e9gesek ahhoz, hogy a v\u00e1llalat felk\u00e9sz\u00fclj\u00f6n az \u00faj nemzetk\u00f6zi piacokra val\u00f3 bel\u00e9p\u00e9sre. Ez eddig nem volt lehets\u00e9ges. A p\u00e1ly\u00e1zati felh\u00edv\u00e1s febru\u00e1rban indul. \u00d6sszesen 50 milli\u00f3 zloty v\u00e1r a v\u00e1llalatokra.<br>V\u00e1ltoz\u00e1sok v\u00e1rnak a kkv-k konzorciumaira is, amelyek innovat\u00edv h\u00e1l\u00f3zati term\u00e9k l\u00e9trehoz\u00e1s\u00e1ba k\u00edv\u00e1nnak befektetni, azaz t\u00f6bb v\u00e1llalat egy m\u00e1rkan\u00e9v alatt egyes\u00edtett aj\u00e1nlat\u00e1t (1.3.2. alint\u00e9zked\u00e9s: h\u00e1l\u00f3zati term\u00e9kek l\u00e9trehoz\u00e1sa kkv-k \u00e1ltal). A sport- \u00e9s rekre\u00e1ci\u00f3s infrastrukt\u00far\u00e1ba befektetni k\u00edv\u00e1n\u00f3 v\u00e1llalkoz\u00f3k nyerhetnek. Az ilyen t\u00edpus\u00fa beruh\u00e1z\u00e1sokhoz a kor\u00e1bbin\u00e1l nagyobb ar\u00e1ny\u00fa finansz\u00edroz\u00e1st lehet majd szerezni. \u00d6sszesen 150 milli\u00f3 zloty \u00e1ll rendelkez\u00e9sre a versenyben.<br>\"\u00dagy gondoljuk, hogy ez tov\u00e1bbi \u00f6szt\u00f6nz\u00e9st jelent majd a v\u00e1llalkoz\u00f3k sz\u00e1m\u00e1ra, hogy ezen a ter\u00fcleten is beruh\u00e1zzanak. A makror\u00e9gi\u00f3 sz\u00e1m\u00e1ra ez egy\u00fattal lehet\u0151s\u00e9get jelent \u00faj turisztikai befektet\u00e9sekre is.\" - teszi hozz\u00e1 a miniszterhelyettes.<\/p>\n<p><strong>Ideje a tervez\u00e9snek \u00e9s a term\u00e9kinnov\u00e1ci\u00f3nak<\/strong><\/p>\n<p>2019-ben \u00fajabb p\u00e1ly\u00e1zati felh\u00edv\u00e1s a formatervez\u00e9ssel innov\u00e1lni k\u00edv\u00e1n\u00f3 v\u00e1llalkoz\u00e1sok sz\u00e1m\u00e1ra. Mind azok sz\u00e1m\u00e1ra, akik el\u0151sz\u00f6r r\u00e9szes\u00fclnek a tervez\u00e9si innov\u00e1ci\u00f3k t\u00e1mogat\u00e1s\u00e1ban, mind pedig azok sz\u00e1m\u00e1ra, akik az int\u00e9zked\u00e9s els\u0151 szakasz\u00e1nak sikeres lez\u00e1r\u00e1sa ut\u00e1n folytatj\u00e1k a t\u00e1mogat\u00e1st. A versenypiaci tervez\u00e9s (1.4. int\u00e9zked\u00e9s) az egyik legn\u00e9pszer\u0171bb int\u00e9zked\u00e9s, amelyet a programban a v\u00e1llalatoknak c\u00edmeznek. Id\u00e9n a v\u00e1llalkoz\u00e1sok \u00f6sszesen 205 milli\u00f3 PLN \u00f6sszeg\u0171 t\u00e1mogat\u00e1sra p\u00e1ly\u00e1zhatnak. Az els\u0151 szakaszban elnyert t\u00e1mogat\u00e1st (legfeljebb 100 ezer zloty) a tervez\u00e9si audit elv\u00e9gz\u00e9s\u00e9re ford\u00edtj\u00e1k, amely egy tervez\u00e9si strat\u00e9gia kidolgoz\u00e1s\u00e1val z\u00e1rul. A II. szakaszban kapott p\u00e9nzeszk\u00f6z\u00f6ket (legfeljebb 3 milli\u00f3 PLN) a v\u00e1llalat az aj\u00e1nl\u00e1sok v\u00e9grehajt\u00e1s\u00e1ra ford\u00edthatja. A p\u00e1ly\u00e1zatok felv\u00e9tele a II. szakasz eset\u00e9ben m\u00e1jusban, az I. szakasz eset\u00e9ben pedig j\u00faniusban kezd\u0151dik.<br>M\u00e1sr\u00e9szt \u00e1prilisban indul a term\u00e9kinnov\u00e1ci\u00f3k bevezet\u00e9s\u00e9vel kapcsolatos beruh\u00e1z\u00e1sokra vonatkoz\u00f3 p\u00e1ly\u00e1zati felh\u00edv\u00e1s (1.3.1. int\u00e9zked\u00e9s: Innov\u00e1ci\u00f3k bevezet\u00e9se a kkv-k \u00e1ltal). Ez az az int\u00e9zked\u00e9s, amelynek keret\u00e9ben a v\u00e1llalkoz\u00f3k eddig a legnagyobb \u00f6ssz\u00e9rt\u00e9k\u0171 - 400 milli\u00f3 PLN - t\u00e1rsfinansz\u00edroz\u00e1si meg\u00e1llapod\u00e1st \u00edrt\u00e1k al\u00e1. Ez\u00e9rt az int\u00e9zked\u00e9s keret\u00f6sszeg\u00e9t megn\u00f6velt\u00e9k, \u00e9s a 2019-es p\u00e1ly\u00e1zatban tov\u00e1bbi 120 milli\u00f3 zloty v\u00e1r r\u00e1juk.<\/p>\n<p><strong>T\u00f6bb lehet\u0151s\u00e9g az indul\u00f3 v\u00e1llalkoz\u00e1sok sz\u00e1m\u00e1ra<\/strong><\/p>\n<p>2019 \u00faj lehet\u0151s\u00e9geket k\u00edn\u00e1l majd az indul\u00f3 v\u00e1llalkoz\u00e1sok sz\u00e1m\u00e1ra is. Az 1.1.1. int\u00e9zked\u00e9s keret\u00e9ben az \u00faj \u00f6tletek sz\u00e1m\u00e1ra l\u00e9trehozott indul\u00f3 platformok, az innovat\u00edv \u00f6tletekre vonatkoz\u00f3 felh\u00edv\u00e1s janu\u00e1r elej\u00e9n indul. A p\u00e1ly\u00e1zatokat a www.PlatformyStartowe.gov.pl c\u00edmen kereszt\u00fcl kell beny\u00fajtani. A honlapon a m\u0171k\u00f6d\u00e9si szab\u00e1lyzat \u00e9s a h\u00edrek le\u00edr\u00e1sa mellett m\u00e1r el\u00e9rhet\u0151 6 platform n\u00e9vjegyk\u00e1rty\u00e1ja \u00e9s ipar\u00e1gi specializ\u00e1ci\u00f3ja. Ez seg\u00edt abban, hogy a legmegfelel\u0151bbhez ny\u00fajtsa be a p\u00e1ly\u00e1zatot. A leg\u00e9rdekesebb \u00e9s leg\u00edg\u00e9retesebb \u00f6tletek szerz\u0151i indul\u00f3 v\u00e1llalkoz\u00e1st alap\u00edtanak, \u00e9s \"inkub\u00e1ci\u00f3n\" esnek \u00e1t. Az inkub\u00e1ci\u00f3 c\u00e9lja az \u00f6tlet kidolgoz\u00e1sa \u00e9s az \u00fczleti modell kidolgoz\u00e1sa, tapasztalt inkub\u00e1ci\u00f3s menedzser t\u00e1mogat\u00e1s\u00e1val \u00e9s egy sz\u00e9les k\u00f6r\u0171, szigor\u00faan az adott v\u00e1llalkoz\u00f3 ig\u00e9nyeihez igaz\u00edtott szolg\u00e1ltat\u00e1scsomaggal. A legjobb indul\u00f3 v\u00e1llalkoz\u00e1sok m\u00e1r j\u00faliust\u00f3l t\u00e1mogat\u00e1st ig\u00e9nyelhetnek tev\u00e9kenys\u00e9g\u00fck tov\u00e1bbi fejleszt\u00e9s\u00e9hez - indul\u00f3 v\u00e1llalkoz\u00e1sonk\u00e9nt ak\u00e1r 800 ezer zlotyig (1.1.2. int\u00e9zked\u00e9s: Indul\u00f3 v\u00e1llalkoz\u00e1sok fejleszt\u00e9se Kelet-Lengyelorsz\u00e1gban).<br>Eddig 694 v\u00e1llalat r\u00e9szes\u00fclt a program keret\u00e9ben ny\u00fajtott t\u00e1mogat\u00e1sban. A kelet-lengyelorsz\u00e1gi v\u00e1llalkoz\u00e1sfejleszt\u00e9s tekintet\u00e9ben eddig 1 milli\u00e1rd PLN \u00f6sszeg\u0171 finansz\u00edroz\u00e1si meg\u00e1llapod\u00e1st \u00edrtak al\u00e1 az Eur\u00f3pai Region\u00e1lis Fejleszt\u00e9si Alapb\u00f3l.<br>A Kelet-Lengyelorsz\u00e1g program keret\u00e9ben t\u00f6rt\u00e9n\u0151 finansz\u00edroz\u00e1sra ir\u00e1nyul\u00f3 p\u00e1ly\u00e1zatokat a Lengyel V\u00e1llalkoz\u00e1sfejleszt\u00e9si \u00dcgyn\u00f6ks\u00e9g fogja lebonyol\u00edtani.<\/p>\n<p>&nbsp;<\/p>\n<p>Az al\u00e1bbiakban a versenyek menetrendje olvashat\u00f3:<\/p>\n<p><a href=\"https:\/\/marekkuchcinski.pl\/wp-content\/uploads\/2018\/12\/HARMONOGRAM_POPW_NA_2019_8112018.pdf\">2019<\/a><\/p>\n<p><em>Forr\u00e1s: Mez\u0151gazdas\u00e1gi \u00e9s Vid\u00e9kfejleszt\u00e9si Miniszt\u00e9rium<\/em><\/p>\n\n\n<figure class=\"wp-block-image\"><img fetchpriority=\"high\" decoding=\"async\" width=\"1024\" height=\"768\" src=\"https:\/\/marekkuchcinski.pl\/wp-content\/uploads\/2019\/04\/800-mln-z\u0142-3-1024x768.jpg\" alt=\"\" class=\"wp-image-14971\" srcset=\"https:\/\/marekkuchcinski.pl\/wp-content\/uploads\/2019\/04\/800-mln-z\u0142-3.jpg 1024w, https:\/\/marekkuchcinski.pl\/wp-content\/uploads\/2019\/04\/800-mln-z\u0142-3-300x225.jpg 300w, https:\/\/marekkuchcinski.pl\/wp-content\/uploads\/2019\/04\/800-mln-z\u0142-3-768x576.jpg 768w\" sizes=\"(max-width: 1024px) 100vw, 1024px\" \/><\/figure>","protected":false},"excerpt":{"rendered":"<p>Ponad 800 mln z\u0142otych czeka w 2019 roku na mikro-, ma\u0142ych i \u015brednich przedsi\u0119biorc\u00f3w, kt\u00f3rzy chc\u0105 zainwestowa\u0107 w Polsce Wschodniej. To \u015brodki przeznaczone zar\u00f3wno dla firm, kt\u00f3re chcia\u0142yby rozwin\u0105\u0107 swoj\u0105 dzia\u0142alno\u015b\u0107, jak i dla pocz\u0105tkuj\u0105cych &#8211; start-up\u00f3w. Znamy ju\u017c przysz\u0142oroczny harmonogram konkurs\u00f3w w Programie Polska Wschodnia.&#8222;Chcemy przede wszystkim wspiera\u0107 powstawanie innowacji \u2013 to one powoduj\u0105 [&hellip;]<\/p>","protected":false},"author":6,"featured_media":11456,"comment_status":"open","ping_status":"open","sticky":false,"template":"","format":"standard","meta":{"ngg_post_thumbnail":0,"footnotes":""},"categories":[49,82,3],"tags":[],"class_list":["post-11443","post","type-post","status-publish","format-standard","has-post-thumbnail","hentry","category-podkarpacie","category-prawo-i-sprawiedliwosc","category-wydarzenia"],"yoast_head":"<!-- This site is optimized with the Yoast SEO plugin v24.7 - https:\/\/yoast.com\/wordpress\/plugins\/seo\/ -->\n<title>Wielkie wsparcie dla Polski Wschodniej na rozw\u00f3j firm i start-up\u00f3w &#8211; Marek Kuchci\u0144ski<\/title>\n<meta name=\"robots\" content=\"index, follow, max-snippet:-1, max-image-preview:large, max-video-preview:-1\" \/>\n<link rel=\"canonical\" href=\"https:\/\/marekkuchcinski.pl\/hu\/wydarzenia\/wielkie-wsparcie-dla-polski-wschodniej-rozwoj-firm-start-upow\/\" \/>\n<meta property=\"og:locale\" content=\"hu_HU\" \/>\n<meta property=\"og:type\" content=\"article\" \/>\n<meta property=\"og:title\" content=\"Wielkie wsparcie dla Polski Wschodniej na rozw\u00f3j firm i start-up\u00f3w &#8211; Marek Kuchci\u0144ski\" \/>\n<meta property=\"og:description\" content=\"Ponad 800 mln z\u0142otych czeka w 2019 roku na mikro-, ma\u0142ych i \u015brednich przedsi\u0119biorc\u00f3w, kt\u00f3rzy chc\u0105 zainwestowa\u0107 w Polsce Wschodniej. To \u015brodki przeznaczone zar\u00f3wno dla firm, kt\u00f3re chcia\u0142yby rozwin\u0105\u0107 swoj\u0105 dzia\u0142alno\u015b\u0107, jak i dla pocz\u0105tkuj\u0105cych &#8211; start-up\u00f3w. Znamy ju\u017c przysz\u0142oroczny harmonogram konkurs\u00f3w w Programie Polska Wschodnia.&#8222;Chcemy przede wszystkim wspiera\u0107 powstawanie innowacji \u2013 to one powoduj\u0105 [&hellip;]\" \/>\n<meta property=\"og:url\" content=\"https:\/\/marekkuchcinski.pl\/hu\/wydarzenia\/wielkie-wsparcie-dla-polski-wschodniej-rozwoj-firm-start-upow\/\" \/>\n<meta property=\"og:site_name\" content=\"Marek Kuchci\u0144ski\" \/>\n<meta property=\"article:published_time\" content=\"2018-12-04T09:06:33+00:00\" \/>\n<meta property=\"article:modified_time\" content=\"2019-04-19T10:58:53+00:00\" \/>\n<meta property=\"og:image\" content=\"https:\/\/marekkuchcinski.pl\/wp-content\/uploads\/2018\/12\/800-mln-z\u0142-3.jpg\" \/>\n\t<meta property=\"og:image:width\" content=\"1024\" \/>\n\t<meta property=\"og:image:height\" content=\"768\" \/>\n\t<meta property=\"og:image:type\" content=\"image\/jpeg\" \/>\n<meta name=\"author\" content=\"admin\" \/>\n<meta name=\"twitter:card\" content=\"summary_large_image\" \/>\n<meta name=\"twitter:label1\" content=\"Szerz\u0151:\" \/>\n\t<meta name=\"twitter:data1\" content=\"admin\" \/>\n\t<meta name=\"twitter:label2\" content=\"Becs\u00fclt olvas\u00e1si id\u0151\" \/>\n\t<meta name=\"twitter:data2\" content=\"4 perc\" \/>\n<script type=\"application\/ld+json\" class=\"yoast-schema-graph\">{\"@context\":\"https:\/\/schema.org\",\"@graph\":[{\"@type\":\"Article\",\"@id\":\"https:\/\/marekkuchcinski.pl\/hu\/wydarzenia\/wielkie-wsparcie-dla-polski-wschodniej-rozwoj-firm-start-upow\/#article\",\"isPartOf\":{\"@id\":\"https:\/\/marekkuchcinski.pl\/hu\/wydarzenia\/wielkie-wsparcie-dla-polski-wschodniej-rozwoj-firm-start-upow\/\"},\"author\":{\"name\":\"admin\",\"@id\":\"https:\/\/marekkuchcinski.pl\/#\/schema\/person\/6f62700996b4d950b6ea2d1183b6c6be\"},\"headline\":\"Wielkie wsparcie dla Polski Wschodniej na rozw\u00f3j firm i start-up\u00f3w\",\"datePublished\":\"2018-12-04T09:06:33+00:00\",\"dateModified\":\"2019-04-19T10:58:53+00:00\",\"mainEntityOfPage\":{\"@id\":\"https:\/\/marekkuchcinski.pl\/hu\/wydarzenia\/wielkie-wsparcie-dla-polski-wschodniej-rozwoj-firm-start-upow\/\"},\"wordCount\":803,\"commentCount\":0,\"publisher\":{\"@id\":\"https:\/\/marekkuchcinski.pl\/#organization\"},\"image\":{\"@id\":\"https:\/\/marekkuchcinski.pl\/hu\/wydarzenia\/wielkie-wsparcie-dla-polski-wschodniej-rozwoj-firm-start-upow\/#primaryimage\"},\"thumbnailUrl\":\"https:\/\/marekkuchcinski.pl\/wp-content\/uploads\/2018\/12\/800-mln-z\u0142-3.jpg\",\"articleSection\":[\"Podkarpacie\",\"Prawo i Sprawiedliwo\u015b\u0107\",\"Wydarzenia\"],\"inLanguage\":\"hu\",\"potentialAction\":[{\"@type\":\"CommentAction\",\"name\":\"Comment\",\"target\":[\"https:\/\/marekkuchcinski.pl\/hu\/wydarzenia\/wielkie-wsparcie-dla-polski-wschodniej-rozwoj-firm-start-upow\/#respond\"]}]},{\"@type\":\"WebPage\",\"@id\":\"https:\/\/marekkuchcinski.pl\/hu\/wydarzenia\/wielkie-wsparcie-dla-polski-wschodniej-rozwoj-firm-start-upow\/\",\"url\":\"https:\/\/marekkuchcinski.pl\/hu\/wydarzenia\/wielkie-wsparcie-dla-polski-wschodniej-rozwoj-firm-start-upow\/\",\"name\":\"Wielkie wsparcie dla Polski Wschodniej na rozw\u00f3j firm i start-up\u00f3w &#8211; Marek Kuchci\u0144ski\",\"isPartOf\":{\"@id\":\"https:\/\/marekkuchcinski.pl\/#website\"},\"primaryImageOfPage\":{\"@id\":\"https:\/\/marekkuchcinski.pl\/hu\/wydarzenia\/wielkie-wsparcie-dla-polski-wschodniej-rozwoj-firm-start-upow\/#primaryimage\"},\"image\":{\"@id\":\"https:\/\/marekkuchcinski.pl\/hu\/wydarzenia\/wielkie-wsparcie-dla-polski-wschodniej-rozwoj-firm-start-upow\/#primaryimage\"},\"thumbnailUrl\":\"https:\/\/marekkuchcinski.pl\/wp-content\/uploads\/2018\/12\/800-mln-z\u0142-3.jpg\",\"datePublished\":\"2018-12-04T09:06:33+00:00\",\"dateModified\":\"2019-04-19T10:58:53+00:00\",\"breadcrumb\":{\"@id\":\"https:\/\/marekkuchcinski.pl\/hu\/wydarzenia\/wielkie-wsparcie-dla-polski-wschodniej-rozwoj-firm-start-upow\/#breadcrumb\"},\"inLanguage\":\"hu\",\"potentialAction\":[{\"@type\":\"ReadAction\",\"target\":[\"https:\/\/marekkuchcinski.pl\/hu\/wydarzenia\/wielkie-wsparcie-dla-polski-wschodniej-rozwoj-firm-start-upow\/\"]}]},{\"@type\":\"ImageObject\",\"inLanguage\":\"hu\",\"@id\":\"https:\/\/marekkuchcinski.pl\/hu\/wydarzenia\/wielkie-wsparcie-dla-polski-wschodniej-rozwoj-firm-start-upow\/#primaryimage\",\"url\":\"https:\/\/marekkuchcinski.pl\/wp-content\/uploads\/2018\/12\/800-mln-z\u0142-3.jpg\",\"contentUrl\":\"https:\/\/marekkuchcinski.pl\/wp-content\/uploads\/2018\/12\/800-mln-z\u0142-3.jpg\",\"width\":1024,\"height\":768},{\"@type\":\"BreadcrumbList\",\"@id\":\"https:\/\/marekkuchcinski.pl\/hu\/wydarzenia\/wielkie-wsparcie-dla-polski-wschodniej-rozwoj-firm-start-upow\/#breadcrumb\",\"itemListElement\":[{\"@type\":\"ListItem\",\"position\":1,\"name\":\"Strona g\u0142\u00f3wna\",\"item\":\"https:\/\/marekkuchcinski.pl\/\"},{\"@type\":\"ListItem\",\"position\":2,\"name\":\"Wielkie wsparcie dla Polski Wschodniej na rozw\u00f3j firm i start-up\u00f3w\"}]},{\"@type\":\"WebSite\",\"@id\":\"https:\/\/marekkuchcinski.pl\/#website\",\"url\":\"https:\/\/marekkuchcinski.pl\/\",\"name\":\"Marek Kuchci\u0144ski\",\"description\":\"Pose\u0142 na sejm RP &ndash; okr\u0119g nr 22\",\"publisher\":{\"@id\":\"https:\/\/marekkuchcinski.pl\/#organization\"},\"potentialAction\":[{\"@type\":\"SearchAction\",\"target\":{\"@type\":\"EntryPoint\",\"urlTemplate\":\"https:\/\/marekkuchcinski.pl\/?s={search_term_string}\"},\"query-input\":{\"@type\":\"PropertyValueSpecification\",\"valueRequired\":true,\"valueName\":\"search_term_string\"}}],\"inLanguage\":\"hu\"},{\"@type\":\"Organization\",\"@id\":\"https:\/\/marekkuchcinski.pl\/#organization\",\"name\":\"Marek Kuchci\u0144ski\",\"url\":\"https:\/\/marekkuchcinski.pl\/\",\"logo\":{\"@type\":\"ImageObject\",\"inLanguage\":\"hu\",\"@id\":\"https:\/\/marekkuchcinski.pl\/#\/schema\/logo\/image\/\",\"url\":\"https:\/\/marekkuchcinski.pl\/wp-content\/uploads\/2022\/09\/Marek.jpg\",\"contentUrl\":\"https:\/\/marekkuchcinski.pl\/wp-content\/uploads\/2022\/09\/Marek.jpg\",\"width\":1600,\"height\":971,\"caption\":\"Marek Kuchci\u0144ski\"},\"image\":{\"@id\":\"https:\/\/marekkuchcinski.pl\/#\/schema\/logo\/image\/\"}},{\"@type\":\"Person\",\"@id\":\"https:\/\/marekkuchcinski.pl\/#\/schema\/person\/6f62700996b4d950b6ea2d1183b6c6be\",\"name\":\"admin\",\"image\":{\"@type\":\"ImageObject\",\"inLanguage\":\"hu\",\"@id\":\"https:\/\/marekkuchcinski.pl\/#\/schema\/person\/image\/\",\"url\":\"https:\/\/secure.gravatar.com\/avatar\/4bab693b9d55c3d6b52c0296a8765085?s=96&d=mm&r=g\",\"contentUrl\":\"https:\/\/secure.gravatar.com\/avatar\/4bab693b9d55c3d6b52c0296a8765085?s=96&d=mm&r=g\",\"caption\":\"admin\"},\"url\":\"https:\/\/marekkuchcinski.pl\/hu\/author\/marta-olejnik\/\"}]}<\/script>\n<!-- \/ Yoast SEO plugin. -->","yoast_head_json":{"title":"Wielkie wsparcie dla Polski Wschodniej na rozw\u00f3j firm i start-up\u00f3w &#8211; Marek Kuchci\u0144ski","robots":{"index":"index","follow":"follow","max-snippet":"max-snippet:-1","max-image-preview":"max-image-preview:large","max-video-preview":"max-video-preview:-1"},"canonical":"https:\/\/marekkuchcinski.pl\/hu\/wydarzenia\/wielkie-wsparcie-dla-polski-wschodniej-rozwoj-firm-start-upow\/","og_locale":"hu_HU","og_type":"article","og_title":"Wielkie wsparcie dla Polski Wschodniej na rozw\u00f3j firm i start-up\u00f3w &#8211; Marek Kuchci\u0144ski","og_description":"Ponad 800 mln z\u0142otych czeka w 2019 roku na mikro-, ma\u0142ych i \u015brednich przedsi\u0119biorc\u00f3w, kt\u00f3rzy chc\u0105 zainwestowa\u0107 w Polsce Wschodniej. To \u015brodki przeznaczone zar\u00f3wno dla firm, kt\u00f3re chcia\u0142yby rozwin\u0105\u0107 swoj\u0105 dzia\u0142alno\u015b\u0107, jak i dla pocz\u0105tkuj\u0105cych &#8211; start-up\u00f3w. Znamy ju\u017c przysz\u0142oroczny harmonogram konkurs\u00f3w w Programie Polska Wschodnia.&#8222;Chcemy przede wszystkim wspiera\u0107 powstawanie innowacji \u2013 to one powoduj\u0105 [&hellip;]","og_url":"https:\/\/marekkuchcinski.pl\/hu\/wydarzenia\/wielkie-wsparcie-dla-polski-wschodniej-rozwoj-firm-start-upow\/","og_site_name":"Marek Kuchci\u0144ski","article_published_time":"2018-12-04T09:06:33+00:00","article_modified_time":"2019-04-19T10:58:53+00:00","og_image":[{"width":1024,"height":768,"url":"https:\/\/marekkuchcinski.pl\/wp-content\/uploads\/2018\/12\/800-mln-z\u0142-3.jpg","type":"image\/jpeg"}],"author":"admin","twitter_card":"summary_large_image","twitter_misc":{"Szerz\u0151:":"admin","Becs\u00fclt olvas\u00e1si id\u0151":"4 perc"},"schema":{"@context":"https:\/\/schema.org","@graph":[{"@type":"Article","@id":"https:\/\/marekkuchcinski.pl\/hu\/wydarzenia\/wielkie-wsparcie-dla-polski-wschodniej-rozwoj-firm-start-upow\/#article","isPartOf":{"@id":"https:\/\/marekkuchcinski.pl\/hu\/wydarzenia\/wielkie-wsparcie-dla-polski-wschodniej-rozwoj-firm-start-upow\/"},"author":{"name":"admin","@id":"https:\/\/marekkuchcinski.pl\/#\/schema\/person\/6f62700996b4d950b6ea2d1183b6c6be"},"headline":"Wielkie wsparcie dla Polski Wschodniej na rozw\u00f3j firm i start-up\u00f3w","datePublished":"2018-12-04T09:06:33+00:00","dateModified":"2019-04-19T10:58:53+00:00","mainEntityOfPage":{"@id":"https:\/\/marekkuchcinski.pl\/hu\/wydarzenia\/wielkie-wsparcie-dla-polski-wschodniej-rozwoj-firm-start-upow\/"},"wordCount":803,"commentCount":0,"publisher":{"@id":"https:\/\/marekkuchcinski.pl\/#organization"},"image":{"@id":"https:\/\/marekkuchcinski.pl\/hu\/wydarzenia\/wielkie-wsparcie-dla-polski-wschodniej-rozwoj-firm-start-upow\/#primaryimage"},"thumbnailUrl":"https:\/\/marekkuchcinski.pl\/wp-content\/uploads\/2018\/12\/800-mln-z\u0142-3.jpg","articleSection":["Podkarpacie","Prawo i Sprawiedliwo\u015b\u0107","Wydarzenia"],"inLanguage":"hu","potentialAction":[{"@type":"CommentAction","name":"Comment","target":["https:\/\/marekkuchcinski.pl\/hu\/wydarzenia\/wielkie-wsparcie-dla-polski-wschodniej-rozwoj-firm-start-upow\/#respond"]}]},{"@type":"WebPage","@id":"https:\/\/marekkuchcinski.pl\/hu\/wydarzenia\/wielkie-wsparcie-dla-polski-wschodniej-rozwoj-firm-start-upow\/","url":"https:\/\/marekkuchcinski.pl\/hu\/wydarzenia\/wielkie-wsparcie-dla-polski-wschodniej-rozwoj-firm-start-upow\/","name":"Wielkie wsparcie dla Polski Wschodniej na rozw\u00f3j firm i start-up\u00f3w &#8211; Marek Kuchci\u0144ski","isPartOf":{"@id":"https:\/\/marekkuchcinski.pl\/#website"},"primaryImageOfPage":{"@id":"https:\/\/marekkuchcinski.pl\/hu\/wydarzenia\/wielkie-wsparcie-dla-polski-wschodniej-rozwoj-firm-start-upow\/#primaryimage"},"image":{"@id":"https:\/\/marekkuchcinski.pl\/hu\/wydarzenia\/wielkie-wsparcie-dla-polski-wschodniej-rozwoj-firm-start-upow\/#primaryimage"},"thumbnailUrl":"https:\/\/marekkuchcinski.pl\/wp-content\/uploads\/2018\/12\/800-mln-z\u0142-3.jpg","datePublished":"2018-12-04T09:06:33+00:00","dateModified":"2019-04-19T10:58:53+00:00","breadcrumb":{"@id":"https:\/\/marekkuchcinski.pl\/hu\/wydarzenia\/wielkie-wsparcie-dla-polski-wschodniej-rozwoj-firm-start-upow\/#breadcrumb"},"inLanguage":"hu","potentialAction":[{"@type":"ReadAction","target":["https:\/\/marekkuchcinski.pl\/hu\/wydarzenia\/wielkie-wsparcie-dla-polski-wschodniej-rozwoj-firm-start-upow\/"]}]},{"@type":"ImageObject","inLanguage":"hu","@id":"https:\/\/marekkuchcinski.pl\/hu\/wydarzenia\/wielkie-wsparcie-dla-polski-wschodniej-rozwoj-firm-start-upow\/#primaryimage","url":"https:\/\/marekkuchcinski.pl\/wp-content\/uploads\/2018\/12\/800-mln-z\u0142-3.jpg","contentUrl":"https:\/\/marekkuchcinski.pl\/wp-content\/uploads\/2018\/12\/800-mln-z\u0142-3.jpg","width":1024,"height":768},{"@type":"BreadcrumbList","@id":"https:\/\/marekkuchcinski.pl\/hu\/wydarzenia\/wielkie-wsparcie-dla-polski-wschodniej-rozwoj-firm-start-upow\/#breadcrumb","itemListElement":[{"@type":"ListItem","position":1,"name":"Strona g\u0142\u00f3wna","item":"https:\/\/marekkuchcinski.pl\/"},{"@type":"ListItem","position":2,"name":"Wielkie wsparcie dla Polski Wschodniej na rozw\u00f3j firm i start-up\u00f3w"}]},{"@type":"WebSite","@id":"https:\/\/marekkuchcinski.pl\/#website","url":"https:\/\/marekkuchcinski.pl\/","name":"Marek Kuchci\u0144ski","description":"Pose\u0142 na sejm RP &ndash; okr\u0119g nr 22","publisher":{"@id":"https:\/\/marekkuchcinski.pl\/#organization"},"potentialAction":[{"@type":"SearchAction","target":{"@type":"EntryPoint","urlTemplate":"https:\/\/marekkuchcinski.pl\/?s={search_term_string}"},"query-input":{"@type":"PropertyValueSpecification","valueRequired":true,"valueName":"search_term_string"}}],"inLanguage":"hu"},{"@type":"Organization","@id":"https:\/\/marekkuchcinski.pl\/#organization","name":"Marek Kuchci\u0144ski","url":"https:\/\/marekkuchcinski.pl\/","logo":{"@type":"ImageObject","inLanguage":"hu","@id":"https:\/\/marekkuchcinski.pl\/#\/schema\/logo\/image\/","url":"https:\/\/marekkuchcinski.pl\/wp-content\/uploads\/2022\/09\/Marek.jpg","contentUrl":"https:\/\/marekkuchcinski.pl\/wp-content\/uploads\/2022\/09\/Marek.jpg","width":1600,"height":971,"caption":"Marek Kuchci\u0144ski"},"image":{"@id":"https:\/\/marekkuchcinski.pl\/#\/schema\/logo\/image\/"}},{"@type":"Person","@id":"https:\/\/marekkuchcinski.pl\/#\/schema\/person\/6f62700996b4d950b6ea2d1183b6c6be","name":"admin","image":{"@type":"ImageObject","inLanguage":"hu","@id":"https:\/\/marekkuchcinski.pl\/#\/schema\/person\/image\/","url":"https:\/\/secure.gravatar.com\/avatar\/4bab693b9d55c3d6b52c0296a8765085?s=96&d=mm&r=g","contentUrl":"https:\/\/secure.gravatar.com\/avatar\/4bab693b9d55c3d6b52c0296a8765085?s=96&d=mm&r=g","caption":"admin"},"url":"https:\/\/marekkuchcinski.pl\/hu\/author\/marta-olejnik\/"}]}},"_links":{"self":[{"href":"https:\/\/marekkuchcinski.pl\/hu\/wp-json\/wp\/v2\/posts\/11443","targetHints":{"allow":["GET"]}}],"collection":[{"href":"https:\/\/marekkuchcinski.pl\/hu\/wp-json\/wp\/v2\/posts"}],"about":[{"href":"https:\/\/marekkuchcinski.pl\/hu\/wp-json\/wp\/v2\/types\/post"}],"author":[{"embeddable":true,"href":"https:\/\/marekkuchcinski.pl\/hu\/wp-json\/wp\/v2\/users\/6"}],"replies":[{"embeddable":true,"href":"https:\/\/marekkuchcinski.pl\/hu\/wp-json\/wp\/v2\/comments?post=11443"}],"version-history":[{"count":8,"href":"https:\/\/marekkuchcinski.pl\/hu\/wp-json\/wp\/v2\/posts\/11443\/revisions"}],"predecessor-version":[{"id":14972,"href":"https:\/\/marekkuchcinski.pl\/hu\/wp-json\/wp\/v2\/posts\/11443\/revisions\/14972"}],"wp:featuredmedia":[{"embeddable":true,"href":"https:\/\/marekkuchcinski.pl\/hu\/wp-json\/wp\/v2\/media\/11456"}],"wp:attachment":[{"href":"https:\/\/marekkuchcinski.pl\/hu\/wp-json\/wp\/v2\/media?parent=11443"}],"wp:term":[{"taxonomy":"category","embeddable":true,"href":"https:\/\/marekkuchcinski.pl\/hu\/wp-json\/wp\/v2\/categories?post=11443"},{"taxonomy":"post_tag","embeddable":true,"href":"https:\/\/marekkuchcinski.pl\/hu\/wp-json\/wp\/v2\/tags?post=11443"}],"curies":[{"name":"wp","href":"https:\/\/api.w.org\/{rel}","templated":true}]}}