{"id":11358,"date":"2018-12-03T09:55:39","date_gmt":"2018-12-03T08:55:39","guid":{"rendered":"https:\/\/marekkuchcinski.pl\/?p=11358"},"modified":"2018-12-03T10:45:25","modified_gmt":"2018-12-03T09:45:25","slug":"marek-kuchcinski-terytorialsow-stoja-wami-wazkie-trudne-zadania-wobec-wspolczesnosci-wolnosciowego-dziedzictwa","status":"publish","type":"post","link":"https:\/\/marekkuchcinski.pl\/hu\/wydarzenia\/marek-kuchcinski-terytorialsow-stoja-wami-wazkie-trudne-zadania-wobec-wspolczesnosci-wolnosciowego-dziedzictwa\/","title":{"rendered":"Marek Kuchci\u0144ski a \"Territorials\"-nak: A modernit\u00e1s, valamint a szabads\u00e1g \u00f6r\u00f6ks\u00e9g\u00e9vel szemben fontos \u00e9s neh\u00e9z feladatokkal kell szemben\u00e9znie."},"content":{"rendered":"<p>A \u0141ukasz Ciepli\u0144ski \u00e1l. P\u0142ug \u0141ukasz Ciepli\u0144ski ezredesr\u0151l elnevezett 3. Podkarpacie Ter\u00fcletv\u00e9delmi Dand\u00e1r 147 katon\u00e1ja Tarnobrzegben tette le a katonai esk\u00fct. Marek Kuchci\u0144ski levelet int\u00e9zett az \u00faj \"Terytorials\"-hoz.<\/p>\n<p><em>Meggy\u0151z\u0151d\u00e9sem, hogy mind a katon\u00e1k, mind szeretteik sz\u00e1m\u00e1ra az esk\u00fct\u00e9tel az \u00e9let egy olyan egyed\u00fcl\u00e1ll\u00f3 pillanata, amely \u00e9rzelmeket, \u00f6r\u00f6m\u00f6t \u00e9s b\u00fcszkes\u00e9get v\u00e1lt ki, \u00e9s amely mindig megmarad az eml\u00e9kezet\u00fckben. F\u00fcggetlen\u00fcl az id\u0151t\u0151l, a helyt\u0151l \u00e9s a k\u00f6r\u00fclm\u00e9nyekt\u0151l, az esk\u00fc szavai m\u00e9lyen a sz\u00edvbe v\u00e9s\u0151dnek. Ezek az \u00e9let v\u00e9g\u00e9ig tart\u00f3 nagy elk\u00f6telezetts\u00e9get jelentenek, a haza \u00e9s a nemzet ir\u00e1nti elk\u00f6telezetts\u00e9get. A 3. Podkarpacie Ter\u00fcletv\u00e9delmi Dand\u00e1r katon\u00e1i fontos \u00e9s neh\u00e9z feladatok el\u0151tt \u00e1llnak a jelen \u00e9s a szabads\u00e1g \u00f6r\u00f6ks\u00e9ge tekintet\u00e9ben. Nincs k\u00e9ts\u00e9gem afel\u0151l, hogy mindezeket p\u00e9ld\u00e1san fogja teljes\u00edteni. Ism\u00e9telten sz\u00edvb\u0151l gratul\u00e1lok az \u00fajonnan felesk\u00fcd\u00f6tt tiszts\u00e9gvisel\u0151knek - \u00edrta a Szejm eln\u00f6ke.<\/em><\/p>\n<p><a href=\"https:\/\/marekkuchcinski.pl\/wp-content\/uploads\/2018\/12\/Terytorialsi-1.pdf\">LIST<\/a><\/p>","protected":false},"excerpt":{"rendered":"<p>147 \u017co\u0142nierzy 3. Podkarpackiej Brygady Obrony Terytorialnej im. pu\u0142kownika \u0141ukasza Ciepli\u0144skiego ps. P\u0142ug,\u00a0z\u0142o\u017cy\u0142o w Tarnobrzegu przysi\u0119g\u0119 wojskow\u0105. List do nowych &#8222;Terytorials\u00f3w&#8221; skierowa\u0142 Marek Kuchci\u0144ski. Przekonany jestem, \u017ce zar\u00f3wno dla \u017co\u0142nierzy, jak i ich najbli\u017cszych przysi\u0119ga jest wyj\u0105tkowym momentem w \u017cyciu, chwil\u0105, kt\u00f3ra budzi wzruszenie, rado\u015b\u0107 i dum\u0119, jak r\u00f3wnie\u017c na zawsze pozostanie we wspomnieniach. Bez [&hellip;]<\/p>\n","protected":false},"author":6,"featured_media":11359,"comment_status":"open","ping_status":"open","sticky":false,"template":"","format":"standard","meta":{"ngg_post_thumbnail":0,"footnotes":""},"categories":[104,49,3],"tags":[],"class_list":["post-11358","post","type-post","status-publish","format-standard","has-post-thumbnail","hentry","category-lms","category-podkarpacie","category-wydarzenia"],"_links":{"self":[{"href":"https:\/\/marekkuchcinski.pl\/hu\/wp-json\/wp\/v2\/posts\/11358","targetHints":{"allow":["GET"]}}],"collection":[{"href":"https:\/\/marekkuchcinski.pl\/hu\/wp-json\/wp\/v2\/posts"}],"about":[{"href":"https:\/\/marekkuchcinski.pl\/hu\/wp-json\/wp\/v2\/types\/post"}],"author":[{"embeddable":true,"href":"https:\/\/marekkuchcinski.pl\/hu\/wp-json\/wp\/v2\/users\/6"}],"replies":[{"embeddable":true,"href":"https:\/\/marekkuchcinski.pl\/hu\/wp-json\/wp\/v2\/comments?post=11358"}],"version-history":[{"count":4,"href":"https:\/\/marekkuchcinski.pl\/hu\/wp-json\/wp\/v2\/posts\/11358\/revisions"}],"predecessor-version":[{"id":11373,"href":"https:\/\/marekkuchcinski.pl\/hu\/wp-json\/wp\/v2\/posts\/11358\/revisions\/11373"}],"wp:featuredmedia":[{"embeddable":true,"href":"https:\/\/marekkuchcinski.pl\/hu\/wp-json\/wp\/v2\/media\/11359"}],"wp:attachment":[{"href":"https:\/\/marekkuchcinski.pl\/hu\/wp-json\/wp\/v2\/media?parent=11358"}],"wp:term":[{"taxonomy":"category","embeddable":true,"href":"https:\/\/marekkuchcinski.pl\/hu\/wp-json\/wp\/v2\/categories?post=11358"},{"taxonomy":"post_tag","embeddable":true,"href":"https:\/\/marekkuchcinski.pl\/hu\/wp-json\/wp\/v2\/tags?post=11358"}],"curies":[{"name":"wp","href":"https:\/\/api.w.org\/{rel}","templated":true}]}}