{"id":11255,"date":"2018-11-26T09:33:00","date_gmt":"2018-11-26T08:33:00","guid":{"rendered":"https:\/\/marekkuchcinski.pl\/?p=11255"},"modified":"2018-11-26T09:33:00","modified_gmt":"2018-11-26T08:33:00","slug":"krasiczyn-spotkanie-marszalka-sejmu-przewodniczacym-zgromadzenia-narodowego-wegier","status":"publish","type":"post","link":"https:\/\/marekkuchcinski.pl\/hu\/wspolpraca-miedzynarodowa\/krasiczyn-spotkanie-marszalka-sejmu-przewodniczacym-zgromadzenia-narodowego-wegier\/","title":{"rendered":"Krasiczyn: A Szejm eln\u00f6ke \u00e9s a Magyar Orsz\u00e1ggy\u0171l\u00e9s eln\u00f6ke k\u00f6z\u00f6tti tal\u00e1lkoz\u00f3"},"content":{"rendered":"<p dir=\"ltr\">November 24-\u00e9n, szombaton Krasiczynban Marek Kuchci\u0144ski, a Szejm eln\u00f6ke tal\u00e1lkozott K\u00f6v\u00e9r L\u00e1szl\u00f3val, a Magyar Orsz\u00e1ggy\u0171l\u00e9s eln\u00f6k\u00e9vel. A megbesz\u00e9l\u00e9sek a k\u00e9t parlament egy\u00fcttm\u0171k\u00f6d\u00e9s\u00e9r\u0151l sz\u00f3ltak. A visegr\u00e1di csoport k\u00f6z\u00f6s tev\u00e9kenys\u00e9gei az Eur\u00f3pai Uni\u00f3n bel\u00fcl szint\u00e9n megvitat\u00e1sra ker\u00fcltek. - A lengyel-magyar egy\u00fcttm\u0171k\u00f6d\u00e9s hagyom\u00e1nya t\u00f6bb \u00e9vsz\u00e1zados m\u00faltra tekint vissza. Ma olyan kih\u00edv\u00e1sokkal kell szemben\u00e9zn\u00fcnk, amelyek tov\u00e1bbi \u00f6szt\u00f6nz\u00e9st adnak arra, hogy egyes\u00edts\u00fck er\u0151inket - mondta Marek Kuchci\u0144ski a tal\u00e1lkoz\u00f3t megnyitva.<\/p>\n<p dir=\"ltr\">A Szejm eln\u00f6ke hangs\u00falyozta tov\u00e1bb\u00e1, hogy az egy\u00fcttm\u0171k\u00f6d\u00e9s meger\u0151s\u00edt\u00e9s\u00e9nek \u00faj form\u00e1it kell keresni. K\u00f6v\u00e9r L\u00e1szl\u00f3 k\u00f6zt\u00e1rsas\u00e1gi eln\u00f6k egyet\u00e9rtett ezzel, kijelentve, hogy mind a parlamenti diplom\u00e1cia, mind a lengyel-magyar int\u00e9zm\u00e9nyek k\u00f6z\u00f6tti egy\u00fcttm\u0171k\u00f6d\u00e9s fontos kieg\u00e9sz\u00edt\u0151je a korm\u00e1nyzati tev\u00e9kenys\u00e9gnek a k\u00f6lcs\u00f6n\u00f6s kapcsolatok \u00e1pol\u00e1s\u00e1ban. - A lengyel-magyar kult\u00far\u00e1t n\u00e9pszer\u0171s\u00edt\u0151 parlamentek \u00e9s int\u00e9zm\u00e9nyek ebben a tekintetben b\u00e1zisk\u00e9nt szolg\u00e1lhatnak a korm\u00e1ny sz\u00e1m\u00e1ra, amely megmutatja, hogy milyen v\u00e1llal\u00e1sokat \u00e9rdemes tenni a lengyel-magyar bar\u00e1ts\u00e1g j\u00f6v\u0151j\u00e9nek \u00e9p\u00edt\u00e9se \u00e9s az eur\u00f3pai egy\u00fcttm\u0171k\u00f6d\u00e9s modelljek\u00e9nt val\u00f3 n\u00e9pszer\u0171s\u00edt\u00e9se \u00e9rdek\u00e9ben az uni\u00f3s f\u00f3rumon\" - \u00e9rt\u00e9kelte K\u00f6v\u00e9r L\u00e1szl\u00f3.<\/p>\n<p dir=\"ltr\">Prof. Maciej Szymanowski, a lengyel-magyar egy\u00fcttm\u0171k\u00f6d\u00e9s\u00e9rt felel\u0151s Wac\u0142aw Felczak Int\u00e9zet igazgat\u00f3ja \u00e9s a szejm eln\u00f6k\u00e9nek tan\u00e1csad\u00f3ja, valamint Karol Biernacki, a Magyarorsz\u00e1gon m\u0171k\u00f6d\u0151 Wac\u0142aw Felczak Alap\u00edtv\u00e1ny eln\u00f6ke bemutatta az oktat\u00e1si \u00e9s kultur\u00e1lis egy\u00fcttm\u0171k\u00f6d\u00e9s fejleszt\u00e9s\u00e9t el\u0151seg\u00edt\u0151 k\u00f6z\u00f6s kezdem\u00e9nyez\u00e9sek projektjeit. Mint Szymanowski professzor r\u00e1mutatott, a kezdem\u00e9nyez\u00e9sek c\u00e9lja, hogy megmutass\u00e1k, hogy k\u00f6z\u00f6s t\u00f6rt\u00e9nelm\u00fcnkben sz\u00e1mos olyan pillanat van, amely a k\u00e9t orsz\u00e1g k\u00f6z\u00f6tti szoros kapcsolatokat mutatja.<\/p>\n<p dir=\"ltr\">Az int\u00e9zetek tervezik, hogy a lengyel \u00e9s magyar m\u00e9di\u00e1t is bevonj\u00e1k a lengyel-magyar bar\u00e1ts\u00e1g napj\u00e1nak n\u00e9pszer\u0171s\u00edt\u00e9s\u00e9be. Megvitatt\u00e1k azt az elk\u00e9pzel\u00e9st is, hogy k\u00f6z\u00f6s tananyagot dolgozzanak ki a lengyel \u00e9s a magyar iskolai t\u00f6rt\u00e9nelemtan\u00edt\u00e1shoz, amely hangs\u00falyozn\u00e1 az orsz\u00e1gok k\u00f6z\u00f6tti ezer\u00e9ves bar\u00e1ts\u00e1g jelent\u0151s\u00e9g\u00e9t. Kijelentett\u00e9k tov\u00e1bb\u00e1, hogy t\u00e1mogatj\u00e1k a lengyel nyelv magyarorsz\u00e1gi \u00e9s a magyar nyelv lengyelorsz\u00e1gi oktat\u00e1s\u00e1t a k\u00f6z\u00e9p- \u00e9s fels\u0151oktat\u00e1sban, valamint ford\u00edt\u00e1si programokat ind\u00edtanak, amelyek lehet\u0151v\u00e9 teszik a Lengyelorsz\u00e1gr\u00f3l \u00e9s Magyarorsz\u00e1gr\u00f3l sz\u00f3l\u00f3 k\u00f6nyvek \u00e9s monogr\u00e1fiai tanulm\u00e1nyok ford\u00edt\u00e1sainak megdupl\u00e1z\u00e1s\u00e1t.<\/p>\n<p dir=\"ltr\">Egy m\u00e1sik fontos kezdem\u00e9nyez\u00e9s a lengyel \u00e9s magyar parlamentarizmus korai fejl\u0151d\u00e9s\u00e9t bemutat\u00f3 k\u00f6z\u00f6s ki\u00e1ll\u00edt\u00e1s koncepci\u00f3j\u00e1nak kidolgoz\u00e1sa lesz, amelyet az eur\u00f3pai f\u00f3rumon \u00e1ll\u00edtan\u00e1nak ki. Mint \u0150ze S\u00e1ndor, a Budapesti Katolikus Egyetem T\u00f6rt\u00e9nelemtudom\u00e1nyi Kar\u00e1nak d\u00e9k\u00e1nja r\u00e1mutatott, a lengyel \u00e9s a magyar parlamentarizmus t\u00f6rt\u00e9net\u00e9ben sok a hasonl\u00f3s\u00e1g. - II. Andr\u00e1s 1222-ben kiadott Aranybull\u00e1ja a magyarorsz\u00e1gi parlamentarizmus kialakul\u00e1s\u00e1nak kezdetek\u00e9nt \u00e9rtelmezhet\u0151. A Lengyelorsz\u00e1gban kiadott kiv\u00e1lts\u00e1gokhoz hasonl\u00f3, a kir\u00e1lyi hatalmat korl\u00e1toz\u00f3 rendelkez\u00e9seket tartalmaz, amelyek a nemesi parlamentarizmus kialakul\u00e1s\u00e1nak alapj\u00e1ul szolg\u00e1ltak\" - magyar\u00e1zta a magyar t\u00f6rt\u00e9n\u00e9sz. Mint hozz\u00e1tette, a lengyeleket \u00e9s a magyarokat mindig is \u00f6sszek\u00f6t\u00f6tte a szabads\u00e1g\u00e9rt \u00e9s a f\u00fcggetlens\u00e9g\u00e9rt val\u00f3 k\u00fczdelem gondolata, amit J\u00f3zef Bem t\u00e1bornok \u00e9s Tadeusz Ko\u015bciuszko t\u00e1bornok alakja p\u00e9ld\u00e1z, akik r\u00e9szt vettek az Egyes\u00fclt \u00c1llamok f\u00fcggetlens\u00e9g\u00e9t form\u00e1l\u00f3 harcokban. A magyarorsz\u00e1gi Wac\u0142aw Felczak Alap\u00edtv\u00e1ny eln\u00f6ke, Karol Biernacki bejelentette tov\u00e1bb\u00e1, hogy Budapesten ki\u00e1ll\u00edt\u00e1s ny\u00edlik az \"Enigma\" rejtjelez\u00e9s\u00e9t felt\u00f6r\u0151 lengyel matematikusoknak szentelt ki\u00e1ll\u00edt\u00e1sr\u00f3l. A ki\u00e1ll\u00edt\u00e1s tiszteletbeli v\u00e9dn\u00f6ks\u00e9g\u00e9t Jerzy Snopek, Lengyelorsz\u00e1g magyarorsz\u00e1gi nagyk\u00f6vete l\u00e1tja el.<\/p>\n<p dir=\"ltr\">A lengyel-magyar deleg\u00e1ci\u00f3 megbesz\u00e9l\u00e9seit Marek Kuchci\u0144ski \u00e9s K\u00f6v\u00e9r L\u00e1szl\u00f3 tal\u00e1lkoz\u00f3ja k\u00f6vette az I. Lengyel-Magyar Vezet\u0151i Iskola r\u00e9sztvev\u0151ivel. Az esem\u00e9nyt a Wac\u0142aw Felczak Int\u00e9zet szervezte, \u00e9s k\u00f6zel 200 fiatal, f\u0151k\u00e9nt di\u00e1kok vettek r\u00e9szt rajta mindk\u00e9t orsz\u00e1gb\u00f3l. Kuchci\u0144ski marsall hangs\u00falyozta, hogy a Vezet\u0151k Iskol\u00e1ja nagyszer\u0171 lehet\u0151s\u00e9g arra, hogy a fiatalokkal a k\u00f6z\u00f6s \u00e9rt\u00e9kekr\u0151l \u00e9s a nemzeteinket \u00e9vsz\u00e1zadok \u00f3ta \u00f6sszek\u00f6t\u0151 bar\u00e1ts\u00e1gr\u00f3l besz\u00e9lgess\u00fcnk. - Ha k\u00f6z\u00f6s t\u00f6rt\u00e9nelm\u00fcnket n\u00e9zz\u00fck, nincs olyan nemzed\u00e9k, amelyben ne jelentek volna meg a f\u00fcggetlens\u00e9gi harcokhoz kapcsol\u00f3d\u00f3 fontos esem\u00e9nyek, amelyekben kiemelked\u0151 magyarok \u00e9s lengyelek k\u00f6z\u00f6sen vettek r\u00e9szt. Ez er\u0151s\u00edti benn\u00fcnk a k\u00f6z\u00f6s t\u00f6rt\u00e9nelem \u00e9rz\u00e9s\u00e9t, \u00e9s rem\u00e9nyt ad az egy\u00fcttm\u0171k\u00f6d\u00e9s pozit\u00edv fejl\u0151d\u00e9s\u00e9re a j\u00f6v\u0151ben\" - volt meggy\u0151z\u0151dve.<\/p>\n<p dir=\"ltr\">K\u00f6v\u00e9r L\u00e1szl\u00f3 viszont azt mondta, hogy a lengyel-magyar k\u00e9toldal\u00fa egy\u00fcttm\u0171k\u00f6d\u00e9s \u00e9s a visegr\u00e1di csoporton bel\u00fcli egy\u00fcttm\u0171k\u00f6d\u00e9s az elk\u00f6vetkez\u0151 id\u0151szakban jelent\u0151s, az Eur\u00f3pai Uni\u00f3 reformfolyamat\u00e1t meghat\u00e1roz\u00f3 elem lesz, k\u00fcl\u00f6n\u00f6s tekintettel a V4-orsz\u00e1gok \u00e1ltal az elm\u00falt id\u0151szakban el\u00e9rt gazdas\u00e1gi eredm\u00e9nyekre. - Egyenrang\u00fak\u00e9nt kell kezeln\u00fcnk egym\u00e1st, \u00e9s a szabadokkal egy\u00fctt szabadnak kell lenn\u00fcnk. Ez a hozz\u00e1\u00e1ll\u00e1s n\u00e9ha nagy kih\u00edv\u00e1st jelent, tekintettel a t\u00f6rt\u00e9nelem bonyolults\u00e1g\u00e1ra, de ez a legracion\u00e1lisabb \u00fat, mert a k\u00f6lcs\u00f6n\u00f6s egy\u00fcttm\u0171k\u00f6d\u00e9sen kereszt\u00fcl vezet, amely es\u00e9lyt ad arra, hogy megv\u00e9dj\u00fck magunkat a keletr\u0151l \u00e9s nyugatr\u00f3l \u00e9rkez\u0151 negat\u00edv tendenci\u00e1kkal szemben, \u00e9s ugyanakkor inspir\u00e1ci\u00f3 lehet egy er\u0151sebb \u00e9s jobb Eur\u00f3pa \u00e9p\u00edt\u00e9s\u00e9hez\" - z\u00e1rta besz\u00e9d\u00e9t Marek Kuchci\u0144ski.<\/p>\n<p dir=\"ltr\">A tal\u00e1lkoz\u00f3 cs\u00facspontja a lengyel \u00e9s a magyar parlament eln\u00f6k\u00e9nek k\u00f6z\u00f6s interj\u00faja volt a H\u00edrad\u00f3 vend\u00e9ge c\u00edm\u0171 m\u0171sor sz\u00e1m\u00e1ra.<\/p>\n<p dir=\"ltr\">A k\u00e9toldal\u00fa megbesz\u00e9l\u00e9seken a lengyel felet Beata Mazurek, a szejm aleln\u00f6ke \u00e9s Kornel Morawiecki, a parlamenti k\u00e9pvisel\u0151 \u00e9s Piotr Naimski, a minisztereln\u00f6k kancell\u00e1ri\u00e1j\u00e1nak \u00e1llamtitk\u00e1ra, valamint Pawe\u0142 Szrot, a minisztereln\u00f6k kancell\u00e1ri\u00e1j\u00e1nak helyettes vezet\u0151je k\u00e9pviselte. A magyar deleg\u00e1ci\u00f3 tagjai voltak Latorcai J\u00e1nos \u00e9s Lezs\u00e1k S\u00e1ndor, az Orsz\u00e1ggy\u0171l\u00e9s aleln\u00f6kei, H\u00f6rscik Rich\u00e1rd orsz\u00e1ggy\u0171l\u00e9si k\u00e9pvisel\u0151, Kov\u00e1cs Orsolya Zsuzsanna, Magyarorsz\u00e1g lengyelorsz\u00e1gi nagyk\u00f6vete, Halina Cs\u00facs lengyel nemzeti sz\u00f3viv\u0151 \u00e9s K\u00f6rmendy Adrienne, Magyarorsz\u00e1g lengyel f\u0151konzulja.<\/p>\n<p dir=\"ltr\"><a href=\"https:\/\/marekkuchcinski.pl\/wp-content\/uploads\/2018\/11\/Dsx_LZsXcAEzZT6.jpg\"><img fetchpriority=\"high\" decoding=\"async\" class=\"alignnone size-full wp-image-11256\" src=\"https:\/\/marekkuchcinski.pl\/wp-content\/uploads\/2018\/11\/Dsx_LZsXcAEzZT6.jpg\" alt=\"Dsx_LZsXcAEzZT6\" width=\"1200\" height=\"800\" srcset=\"https:\/\/marekkuchcinski.pl\/wp-content\/uploads\/2018\/11\/Dsx_LZsXcAEzZT6.jpg 1200w, https:\/\/marekkuchcinski.pl\/wp-content\/uploads\/2018\/11\/Dsx_LZsXcAEzZT6-300x200.jpg 300w, https:\/\/marekkuchcinski.pl\/wp-content\/uploads\/2018\/11\/Dsx_LZsXcAEzZT6-768x512.jpg 768w, https:\/\/marekkuchcinski.pl\/wp-content\/uploads\/2018\/11\/Dsx_LZsXcAEzZT6-1024x683.jpg 1024w\" sizes=\"(max-width: 1200px) 100vw, 1200px\" \/><\/a> <a href=\"https:\/\/marekkuchcinski.pl\/wp-content\/uploads\/2018\/11\/DsxewlwWwAELmge.jpg\"><img decoding=\"async\" class=\"alignnone size-full wp-image-11257\" src=\"https:\/\/marekkuchcinski.pl\/wp-content\/uploads\/2018\/11\/DsxewlwWwAELmge.jpg\" alt=\"DsxewlwWwAELmge\" width=\"1200\" height=\"800\" srcset=\"https:\/\/marekkuchcinski.pl\/wp-content\/uploads\/2018\/11\/DsxewlwWwAELmge.jpg 1200w, https:\/\/marekkuchcinski.pl\/wp-content\/uploads\/2018\/11\/DsxewlwWwAELmge-300x200.jpg 300w, https:\/\/marekkuchcinski.pl\/wp-content\/uploads\/2018\/11\/DsxewlwWwAELmge-768x512.jpg 768w, https:\/\/marekkuchcinski.pl\/wp-content\/uploads\/2018\/11\/DsxewlwWwAELmge-1024x683.jpg 1024w\" sizes=\"(max-width: 1200px) 100vw, 1200px\" \/><\/a> <a href=\"https:\/\/marekkuchcinski.pl\/wp-content\/uploads\/2018\/11\/LB1_0179.jpg\"><img decoding=\"async\" class=\"alignnone size-full wp-image-11258\" src=\"https:\/\/marekkuchcinski.pl\/wp-content\/uploads\/2018\/11\/LB1_0179.jpg\" alt=\"LB1_0179\" width=\"1620\" height=\"1080\" srcset=\"https:\/\/marekkuchcinski.pl\/wp-content\/uploads\/2018\/11\/LB1_0179.jpg 1620w, https:\/\/marekkuchcinski.pl\/wp-content\/uploads\/2018\/11\/LB1_0179-300x200.jpg 300w, https:\/\/marekkuchcinski.pl\/wp-content\/uploads\/2018\/11\/LB1_0179-768x512.jpg 768w, https:\/\/marekkuchcinski.pl\/wp-content\/uploads\/2018\/11\/LB1_0179-1024x683.jpg 1024w\" sizes=\"(max-width: 1620px) 100vw, 1620px\" \/><\/a> <a href=\"https:\/\/marekkuchcinski.pl\/wp-content\/uploads\/2018\/11\/LB1_0180.jpg\"><img loading=\"lazy\" decoding=\"async\" class=\"alignnone size-full wp-image-11259\" src=\"https:\/\/marekkuchcinski.pl\/wp-content\/uploads\/2018\/11\/LB1_0180.jpg\" alt=\"LB1_0180\" width=\"1620\" height=\"1080\" srcset=\"https:\/\/marekkuchcinski.pl\/wp-content\/uploads\/2018\/11\/LB1_0180.jpg 1620w, https:\/\/marekkuchcinski.pl\/wp-content\/uploads\/2018\/11\/LB1_0180-300x200.jpg 300w, https:\/\/marekkuchcinski.pl\/wp-content\/uploads\/2018\/11\/LB1_0180-768x512.jpg 768w, https:\/\/marekkuchcinski.pl\/wp-content\/uploads\/2018\/11\/LB1_0180-1024x683.jpg 1024w\" sizes=\"(max-width: 1620px) 100vw, 1620px\" \/><\/a> <a href=\"https:\/\/marekkuchcinski.pl\/wp-content\/uploads\/2018\/11\/LB1_0445.jpg\"><img loading=\"lazy\" decoding=\"async\" class=\"alignnone size-full wp-image-11260\" src=\"https:\/\/marekkuchcinski.pl\/wp-content\/uploads\/2018\/11\/LB1_0445.jpg\" alt=\"LB1_0445\" width=\"1620\" height=\"1080\" srcset=\"https:\/\/marekkuchcinski.pl\/wp-content\/uploads\/2018\/11\/LB1_0445.jpg 1620w, https:\/\/marekkuchcinski.pl\/wp-content\/uploads\/2018\/11\/LB1_0445-300x200.jpg 300w, https:\/\/marekkuchcinski.pl\/wp-content\/uploads\/2018\/11\/LB1_0445-768x512.jpg 768w, https:\/\/marekkuchcinski.pl\/wp-content\/uploads\/2018\/11\/LB1_0445-1024x683.jpg 1024w\" sizes=\"(max-width: 1620px) 100vw, 1620px\" \/><\/a> <a href=\"https:\/\/marekkuchcinski.pl\/wp-content\/uploads\/2018\/11\/LB1_0520.jpg\"><img loading=\"lazy\" decoding=\"async\" class=\"alignnone size-full wp-image-11261\" src=\"https:\/\/marekkuchcinski.pl\/wp-content\/uploads\/2018\/11\/LB1_0520.jpg\" alt=\"LB1_0520\" width=\"1620\" height=\"1080\" srcset=\"https:\/\/marekkuchcinski.pl\/wp-content\/uploads\/2018\/11\/LB1_0520.jpg 1620w, https:\/\/marekkuchcinski.pl\/wp-content\/uploads\/2018\/11\/LB1_0520-300x200.jpg 300w, https:\/\/marekkuchcinski.pl\/wp-content\/uploads\/2018\/11\/LB1_0520-768x512.jpg 768w, https:\/\/marekkuchcinski.pl\/wp-content\/uploads\/2018\/11\/LB1_0520-1024x683.jpg 1024w\" sizes=\"(max-width: 1620px) 100vw, 1620px\" \/><\/a> <a href=\"https:\/\/marekkuchcinski.pl\/wp-content\/uploads\/2018\/11\/LB1_0622_1.jpg\"><img loading=\"lazy\" decoding=\"async\" class=\"alignnone size-full wp-image-11262\" src=\"https:\/\/marekkuchcinski.pl\/wp-content\/uploads\/2018\/11\/LB1_0622_1.jpg\" alt=\"LB1_0622_1\" width=\"1620\" height=\"1080\" srcset=\"https:\/\/marekkuchcinski.pl\/wp-content\/uploads\/2018\/11\/LB1_0622_1.jpg 1620w, https:\/\/marekkuchcinski.pl\/wp-content\/uploads\/2018\/11\/LB1_0622_1-300x200.jpg 300w, https:\/\/marekkuchcinski.pl\/wp-content\/uploads\/2018\/11\/LB1_0622_1-768x512.jpg 768w, https:\/\/marekkuchcinski.pl\/wp-content\/uploads\/2018\/11\/LB1_0622_1-1024x683.jpg 1024w\" sizes=\"(max-width: 1620px) 100vw, 1620px\" \/><\/a><\/p>\n<p dir=\"ltr\"><em>Fot\u00f3 KS\/ \u0141ukasz B\u0142asikiewicz<\/em><\/p>","protected":false},"excerpt":{"rendered":"<p>W sobot\u0119 24 listopada w Krasiczynie marsza\u0142ek Sejmu Marek Kuchci\u0144ski spotka\u0142 si\u0119 z przewodnicz\u0105cym Zgromadzenia Narodowego W\u0119gier L\u00e1szl\u00f3 K\u00f6v\u00e9rem. Rozmowy dotyczy\u0142y\u00a0 wsp\u00f3\u0142pracy obu parlament\u00f3w. Dyskutowano tak\u017ce nad wsp\u00f3lnymi dzia\u0142aniami Grupy Wyszehradzkiej w ramach Unii Europejskiej. &#8211; Tradycja wsp\u00f3\u0142pracy polsko-w\u0119gierskiej si\u0119ga wielu wiek\u00f3w. Dzisiaj stoj\u0105 przed nami wyzwania, kt\u00f3re dodatkowo zach\u0119caj\u0105 nas do \u0142\u0105czenia si\u0142 &#8211; [&hellip;]<\/p>","protected":false},"author":6,"featured_media":11260,"comment_status":"open","ping_status":"open","sticky":false,"template":"","format":"standard","meta":{"ngg_post_thumbnail":0,"footnotes":""},"categories":[50],"tags":[],"class_list":["post-11255","post","type-post","status-publish","format-standard","has-post-thumbnail","hentry","category-wspolpraca-miedzynarodowa"],"yoast_head":"<!-- This site is optimized with the Yoast SEO plugin v24.7 - https:\/\/yoast.com\/wordpress\/plugins\/seo\/ -->\n<title>Krasiczyn: Spotkanie Marsza\u0142ka Sejmu z Przewodnicz\u0105cym Zgromadzenia Narodowego W\u0119gier &#8211; Marek Kuchci\u0144ski<\/title>\n<meta name=\"robots\" content=\"index, follow, max-snippet:-1, max-image-preview:large, max-video-preview:-1\" \/>\n<link rel=\"canonical\" href=\"https:\/\/marekkuchcinski.pl\/hu\/wspolpraca-miedzynarodowa\/krasiczyn-spotkanie-marszalka-sejmu-przewodniczacym-zgromadzenia-narodowego-wegier\/\" \/>\n<meta property=\"og:locale\" content=\"hu_HU\" \/>\n<meta property=\"og:type\" content=\"article\" \/>\n<meta property=\"og:title\" content=\"Krasiczyn: Spotkanie Marsza\u0142ka Sejmu z Przewodnicz\u0105cym Zgromadzenia Narodowego W\u0119gier &#8211; Marek Kuchci\u0144ski\" \/>\n<meta property=\"og:description\" content=\"W sobot\u0119 24 listopada w Krasiczynie marsza\u0142ek Sejmu Marek Kuchci\u0144ski spotka\u0142 si\u0119 z przewodnicz\u0105cym Zgromadzenia Narodowego W\u0119gier L\u00e1szl\u00f3 K\u00f6v\u00e9rem. Rozmowy dotyczy\u0142y\u00a0 wsp\u00f3\u0142pracy obu parlament\u00f3w. Dyskutowano tak\u017ce nad wsp\u00f3lnymi dzia\u0142aniami Grupy Wyszehradzkiej w ramach Unii Europejskiej. &#8211; Tradycja wsp\u00f3\u0142pracy polsko-w\u0119gierskiej si\u0119ga wielu wiek\u00f3w. Dzisiaj stoj\u0105 przed nami wyzwania, kt\u00f3re dodatkowo zach\u0119caj\u0105 nas do \u0142\u0105czenia si\u0142 &#8211; [&hellip;]\" \/>\n<meta property=\"og:url\" content=\"https:\/\/marekkuchcinski.pl\/hu\/wspolpraca-miedzynarodowa\/krasiczyn-spotkanie-marszalka-sejmu-przewodniczacym-zgromadzenia-narodowego-wegier\/\" \/>\n<meta property=\"og:site_name\" content=\"Marek Kuchci\u0144ski\" \/>\n<meta property=\"article:published_time\" content=\"2018-11-26T08:33:00+00:00\" \/>\n<meta property=\"og:image\" content=\"https:\/\/marekkuchcinski.pl\/wp-content\/uploads\/2018\/11\/LB1_0445.jpg\" \/>\n\t<meta property=\"og:image:width\" content=\"1620\" \/>\n\t<meta property=\"og:image:height\" content=\"1080\" \/>\n\t<meta property=\"og:image:type\" content=\"image\/jpeg\" \/>\n<meta name=\"author\" content=\"admin\" \/>\n<meta name=\"twitter:card\" content=\"summary_large_image\" \/>\n<meta name=\"twitter:label1\" content=\"Szerz\u0151:\" \/>\n\t<meta name=\"twitter:data1\" content=\"admin\" \/>\n\t<meta name=\"twitter:label2\" content=\"Becs\u00fclt olvas\u00e1si id\u0151\" \/>\n\t<meta name=\"twitter:data2\" content=\"5 perc\" \/>\n<script type=\"application\/ld+json\" class=\"yoast-schema-graph\">{\"@context\":\"https:\/\/schema.org\",\"@graph\":[{\"@type\":\"Article\",\"@id\":\"https:\/\/marekkuchcinski.pl\/en\/wspolpraca-miedzynarodowa\/krasiczyn-spotkanie-marszalka-sejmu-przewodniczacym-zgromadzenia-narodowego-wegier\/#article\",\"isPartOf\":{\"@id\":\"https:\/\/marekkuchcinski.pl\/en\/wspolpraca-miedzynarodowa\/krasiczyn-spotkanie-marszalka-sejmu-przewodniczacym-zgromadzenia-narodowego-wegier\/\"},\"author\":{\"name\":\"admin\",\"@id\":\"https:\/\/marekkuchcinski.pl\/#\/schema\/person\/6f62700996b4d950b6ea2d1183b6c6be\"},\"headline\":\"Krasiczyn: Spotkanie Marsza\u0142ka Sejmu z Przewodnicz\u0105cym Zgromadzenia Narodowego W\u0119gier\",\"datePublished\":\"2018-11-26T08:33:00+00:00\",\"mainEntityOfPage\":{\"@id\":\"https:\/\/marekkuchcinski.pl\/en\/wspolpraca-miedzynarodowa\/krasiczyn-spotkanie-marszalka-sejmu-przewodniczacym-zgromadzenia-narodowego-wegier\/\"},\"wordCount\":984,\"commentCount\":0,\"publisher\":{\"@id\":\"https:\/\/marekkuchcinski.pl\/#organization\"},\"image\":{\"@id\":\"https:\/\/marekkuchcinski.pl\/en\/wspolpraca-miedzynarodowa\/krasiczyn-spotkanie-marszalka-sejmu-przewodniczacym-zgromadzenia-narodowego-wegier\/#primaryimage\"},\"thumbnailUrl\":\"https:\/\/marekkuchcinski.pl\/wp-content\/uploads\/2018\/11\/LB1_0445.jpg\",\"articleSection\":[\"Wsp\u00f3\u0142praca mi\u0119dzynarodowa\"],\"inLanguage\":\"hu\",\"potentialAction\":[{\"@type\":\"CommentAction\",\"name\":\"Comment\",\"target\":[\"https:\/\/marekkuchcinski.pl\/en\/wspolpraca-miedzynarodowa\/krasiczyn-spotkanie-marszalka-sejmu-przewodniczacym-zgromadzenia-narodowego-wegier\/#respond\"]}]},{\"@type\":\"WebPage\",\"@id\":\"https:\/\/marekkuchcinski.pl\/en\/wspolpraca-miedzynarodowa\/krasiczyn-spotkanie-marszalka-sejmu-przewodniczacym-zgromadzenia-narodowego-wegier\/\",\"url\":\"https:\/\/marekkuchcinski.pl\/en\/wspolpraca-miedzynarodowa\/krasiczyn-spotkanie-marszalka-sejmu-przewodniczacym-zgromadzenia-narodowego-wegier\/\",\"name\":\"Krasiczyn: Spotkanie Marsza\u0142ka Sejmu z Przewodnicz\u0105cym Zgromadzenia Narodowego W\u0119gier &#8211; Marek Kuchci\u0144ski\",\"isPartOf\":{\"@id\":\"https:\/\/marekkuchcinski.pl\/#website\"},\"primaryImageOfPage\":{\"@id\":\"https:\/\/marekkuchcinski.pl\/en\/wspolpraca-miedzynarodowa\/krasiczyn-spotkanie-marszalka-sejmu-przewodniczacym-zgromadzenia-narodowego-wegier\/#primaryimage\"},\"image\":{\"@id\":\"https:\/\/marekkuchcinski.pl\/en\/wspolpraca-miedzynarodowa\/krasiczyn-spotkanie-marszalka-sejmu-przewodniczacym-zgromadzenia-narodowego-wegier\/#primaryimage\"},\"thumbnailUrl\":\"https:\/\/marekkuchcinski.pl\/wp-content\/uploads\/2018\/11\/LB1_0445.jpg\",\"datePublished\":\"2018-11-26T08:33:00+00:00\",\"breadcrumb\":{\"@id\":\"https:\/\/marekkuchcinski.pl\/en\/wspolpraca-miedzynarodowa\/krasiczyn-spotkanie-marszalka-sejmu-przewodniczacym-zgromadzenia-narodowego-wegier\/#breadcrumb\"},\"inLanguage\":\"hu\",\"potentialAction\":[{\"@type\":\"ReadAction\",\"target\":[\"https:\/\/marekkuchcinski.pl\/en\/wspolpraca-miedzynarodowa\/krasiczyn-spotkanie-marszalka-sejmu-przewodniczacym-zgromadzenia-narodowego-wegier\/\"]}]},{\"@type\":\"ImageObject\",\"inLanguage\":\"hu\",\"@id\":\"https:\/\/marekkuchcinski.pl\/en\/wspolpraca-miedzynarodowa\/krasiczyn-spotkanie-marszalka-sejmu-przewodniczacym-zgromadzenia-narodowego-wegier\/#primaryimage\",\"url\":\"https:\/\/marekkuchcinski.pl\/wp-content\/uploads\/2018\/11\/LB1_0445.jpg\",\"contentUrl\":\"https:\/\/marekkuchcinski.pl\/wp-content\/uploads\/2018\/11\/LB1_0445.jpg\",\"width\":1620,\"height\":1080},{\"@type\":\"BreadcrumbList\",\"@id\":\"https:\/\/marekkuchcinski.pl\/en\/wspolpraca-miedzynarodowa\/krasiczyn-spotkanie-marszalka-sejmu-przewodniczacym-zgromadzenia-narodowego-wegier\/#breadcrumb\",\"itemListElement\":[{\"@type\":\"ListItem\",\"position\":1,\"name\":\"Strona g\u0142\u00f3wna\",\"item\":\"https:\/\/marekkuchcinski.pl\/\"},{\"@type\":\"ListItem\",\"position\":2,\"name\":\"Krasiczyn: Spotkanie Marsza\u0142ka Sejmu z Przewodnicz\u0105cym Zgromadzenia Narodowego W\u0119gier\"}]},{\"@type\":\"WebSite\",\"@id\":\"https:\/\/marekkuchcinski.pl\/#website\",\"url\":\"https:\/\/marekkuchcinski.pl\/\",\"name\":\"Marek Kuchci\u0144ski\",\"description\":\"Pose\u0142 na sejm RP &ndash; okr\u0119g nr 22\",\"publisher\":{\"@id\":\"https:\/\/marekkuchcinski.pl\/#organization\"},\"potentialAction\":[{\"@type\":\"SearchAction\",\"target\":{\"@type\":\"EntryPoint\",\"urlTemplate\":\"https:\/\/marekkuchcinski.pl\/?s={search_term_string}\"},\"query-input\":{\"@type\":\"PropertyValueSpecification\",\"valueRequired\":true,\"valueName\":\"search_term_string\"}}],\"inLanguage\":\"hu\"},{\"@type\":\"Organization\",\"@id\":\"https:\/\/marekkuchcinski.pl\/#organization\",\"name\":\"Marek Kuchci\u0144ski\",\"url\":\"https:\/\/marekkuchcinski.pl\/\",\"logo\":{\"@type\":\"ImageObject\",\"inLanguage\":\"hu\",\"@id\":\"https:\/\/marekkuchcinski.pl\/#\/schema\/logo\/image\/\",\"url\":\"https:\/\/marekkuchcinski.pl\/wp-content\/uploads\/2022\/09\/Marek.jpg\",\"contentUrl\":\"https:\/\/marekkuchcinski.pl\/wp-content\/uploads\/2022\/09\/Marek.jpg\",\"width\":1600,\"height\":971,\"caption\":\"Marek Kuchci\u0144ski\"},\"image\":{\"@id\":\"https:\/\/marekkuchcinski.pl\/#\/schema\/logo\/image\/\"}},{\"@type\":\"Person\",\"@id\":\"https:\/\/marekkuchcinski.pl\/#\/schema\/person\/6f62700996b4d950b6ea2d1183b6c6be\",\"name\":\"admin\",\"image\":{\"@type\":\"ImageObject\",\"inLanguage\":\"hu\",\"@id\":\"https:\/\/marekkuchcinski.pl\/#\/schema\/person\/image\/\",\"url\":\"https:\/\/secure.gravatar.com\/avatar\/4bab693b9d55c3d6b52c0296a8765085?s=96&d=mm&r=g\",\"contentUrl\":\"https:\/\/secure.gravatar.com\/avatar\/4bab693b9d55c3d6b52c0296a8765085?s=96&d=mm&r=g\",\"caption\":\"admin\"},\"url\":\"https:\/\/marekkuchcinski.pl\/hu\/author\/marta-olejnik\/\"}]}<\/script>\n<!-- \/ Yoast SEO plugin. -->","yoast_head_json":{"title":"Krasiczyn: Spotkanie Marsza\u0142ka Sejmu z Przewodnicz\u0105cym Zgromadzenia Narodowego W\u0119gier &#8211; Marek Kuchci\u0144ski","robots":{"index":"index","follow":"follow","max-snippet":"max-snippet:-1","max-image-preview":"max-image-preview:large","max-video-preview":"max-video-preview:-1"},"canonical":"https:\/\/marekkuchcinski.pl\/hu\/wspolpraca-miedzynarodowa\/krasiczyn-spotkanie-marszalka-sejmu-przewodniczacym-zgromadzenia-narodowego-wegier\/","og_locale":"hu_HU","og_type":"article","og_title":"Krasiczyn: Spotkanie Marsza\u0142ka Sejmu z Przewodnicz\u0105cym Zgromadzenia Narodowego W\u0119gier &#8211; Marek Kuchci\u0144ski","og_description":"W sobot\u0119 24 listopada w Krasiczynie marsza\u0142ek Sejmu Marek Kuchci\u0144ski spotka\u0142 si\u0119 z przewodnicz\u0105cym Zgromadzenia Narodowego W\u0119gier L\u00e1szl\u00f3 K\u00f6v\u00e9rem. Rozmowy dotyczy\u0142y\u00a0 wsp\u00f3\u0142pracy obu parlament\u00f3w. Dyskutowano tak\u017ce nad wsp\u00f3lnymi dzia\u0142aniami Grupy Wyszehradzkiej w ramach Unii Europejskiej. &#8211; Tradycja wsp\u00f3\u0142pracy polsko-w\u0119gierskiej si\u0119ga wielu wiek\u00f3w. Dzisiaj stoj\u0105 przed nami wyzwania, kt\u00f3re dodatkowo zach\u0119caj\u0105 nas do \u0142\u0105czenia si\u0142 &#8211; [&hellip;]","og_url":"https:\/\/marekkuchcinski.pl\/hu\/wspolpraca-miedzynarodowa\/krasiczyn-spotkanie-marszalka-sejmu-przewodniczacym-zgromadzenia-narodowego-wegier\/","og_site_name":"Marek Kuchci\u0144ski","article_published_time":"2018-11-26T08:33:00+00:00","og_image":[{"width":1620,"height":1080,"url":"https:\/\/marekkuchcinski.pl\/wp-content\/uploads\/2018\/11\/LB1_0445.jpg","type":"image\/jpeg"}],"author":"admin","twitter_card":"summary_large_image","twitter_misc":{"Szerz\u0151:":"admin","Becs\u00fclt olvas\u00e1si id\u0151":"5 perc"},"schema":{"@context":"https:\/\/schema.org","@graph":[{"@type":"Article","@id":"https:\/\/marekkuchcinski.pl\/en\/wspolpraca-miedzynarodowa\/krasiczyn-spotkanie-marszalka-sejmu-przewodniczacym-zgromadzenia-narodowego-wegier\/#article","isPartOf":{"@id":"https:\/\/marekkuchcinski.pl\/en\/wspolpraca-miedzynarodowa\/krasiczyn-spotkanie-marszalka-sejmu-przewodniczacym-zgromadzenia-narodowego-wegier\/"},"author":{"name":"admin","@id":"https:\/\/marekkuchcinski.pl\/#\/schema\/person\/6f62700996b4d950b6ea2d1183b6c6be"},"headline":"Krasiczyn: Spotkanie Marsza\u0142ka Sejmu z Przewodnicz\u0105cym Zgromadzenia Narodowego W\u0119gier","datePublished":"2018-11-26T08:33:00+00:00","mainEntityOfPage":{"@id":"https:\/\/marekkuchcinski.pl\/en\/wspolpraca-miedzynarodowa\/krasiczyn-spotkanie-marszalka-sejmu-przewodniczacym-zgromadzenia-narodowego-wegier\/"},"wordCount":984,"commentCount":0,"publisher":{"@id":"https:\/\/marekkuchcinski.pl\/#organization"},"image":{"@id":"https:\/\/marekkuchcinski.pl\/en\/wspolpraca-miedzynarodowa\/krasiczyn-spotkanie-marszalka-sejmu-przewodniczacym-zgromadzenia-narodowego-wegier\/#primaryimage"},"thumbnailUrl":"https:\/\/marekkuchcinski.pl\/wp-content\/uploads\/2018\/11\/LB1_0445.jpg","articleSection":["Wsp\u00f3\u0142praca mi\u0119dzynarodowa"],"inLanguage":"hu","potentialAction":[{"@type":"CommentAction","name":"Comment","target":["https:\/\/marekkuchcinski.pl\/en\/wspolpraca-miedzynarodowa\/krasiczyn-spotkanie-marszalka-sejmu-przewodniczacym-zgromadzenia-narodowego-wegier\/#respond"]}]},{"@type":"WebPage","@id":"https:\/\/marekkuchcinski.pl\/en\/wspolpraca-miedzynarodowa\/krasiczyn-spotkanie-marszalka-sejmu-przewodniczacym-zgromadzenia-narodowego-wegier\/","url":"https:\/\/marekkuchcinski.pl\/en\/wspolpraca-miedzynarodowa\/krasiczyn-spotkanie-marszalka-sejmu-przewodniczacym-zgromadzenia-narodowego-wegier\/","name":"Krasiczyn: Spotkanie Marsza\u0142ka Sejmu z Przewodnicz\u0105cym Zgromadzenia Narodowego W\u0119gier &#8211; Marek Kuchci\u0144ski","isPartOf":{"@id":"https:\/\/marekkuchcinski.pl\/#website"},"primaryImageOfPage":{"@id":"https:\/\/marekkuchcinski.pl\/en\/wspolpraca-miedzynarodowa\/krasiczyn-spotkanie-marszalka-sejmu-przewodniczacym-zgromadzenia-narodowego-wegier\/#primaryimage"},"image":{"@id":"https:\/\/marekkuchcinski.pl\/en\/wspolpraca-miedzynarodowa\/krasiczyn-spotkanie-marszalka-sejmu-przewodniczacym-zgromadzenia-narodowego-wegier\/#primaryimage"},"thumbnailUrl":"https:\/\/marekkuchcinski.pl\/wp-content\/uploads\/2018\/11\/LB1_0445.jpg","datePublished":"2018-11-26T08:33:00+00:00","breadcrumb":{"@id":"https:\/\/marekkuchcinski.pl\/en\/wspolpraca-miedzynarodowa\/krasiczyn-spotkanie-marszalka-sejmu-przewodniczacym-zgromadzenia-narodowego-wegier\/#breadcrumb"},"inLanguage":"hu","potentialAction":[{"@type":"ReadAction","target":["https:\/\/marekkuchcinski.pl\/en\/wspolpraca-miedzynarodowa\/krasiczyn-spotkanie-marszalka-sejmu-przewodniczacym-zgromadzenia-narodowego-wegier\/"]}]},{"@type":"ImageObject","inLanguage":"hu","@id":"https:\/\/marekkuchcinski.pl\/en\/wspolpraca-miedzynarodowa\/krasiczyn-spotkanie-marszalka-sejmu-przewodniczacym-zgromadzenia-narodowego-wegier\/#primaryimage","url":"https:\/\/marekkuchcinski.pl\/wp-content\/uploads\/2018\/11\/LB1_0445.jpg","contentUrl":"https:\/\/marekkuchcinski.pl\/wp-content\/uploads\/2018\/11\/LB1_0445.jpg","width":1620,"height":1080},{"@type":"BreadcrumbList","@id":"https:\/\/marekkuchcinski.pl\/en\/wspolpraca-miedzynarodowa\/krasiczyn-spotkanie-marszalka-sejmu-przewodniczacym-zgromadzenia-narodowego-wegier\/#breadcrumb","itemListElement":[{"@type":"ListItem","position":1,"name":"Strona g\u0142\u00f3wna","item":"https:\/\/marekkuchcinski.pl\/"},{"@type":"ListItem","position":2,"name":"Krasiczyn: Spotkanie Marsza\u0142ka Sejmu z Przewodnicz\u0105cym Zgromadzenia Narodowego W\u0119gier"}]},{"@type":"WebSite","@id":"https:\/\/marekkuchcinski.pl\/#website","url":"https:\/\/marekkuchcinski.pl\/","name":"Marek Kuchci\u0144ski","description":"Pose\u0142 na sejm RP &ndash; okr\u0119g nr 22","publisher":{"@id":"https:\/\/marekkuchcinski.pl\/#organization"},"potentialAction":[{"@type":"SearchAction","target":{"@type":"EntryPoint","urlTemplate":"https:\/\/marekkuchcinski.pl\/?s={search_term_string}"},"query-input":{"@type":"PropertyValueSpecification","valueRequired":true,"valueName":"search_term_string"}}],"inLanguage":"hu"},{"@type":"Organization","@id":"https:\/\/marekkuchcinski.pl\/#organization","name":"Marek Kuchci\u0144ski","url":"https:\/\/marekkuchcinski.pl\/","logo":{"@type":"ImageObject","inLanguage":"hu","@id":"https:\/\/marekkuchcinski.pl\/#\/schema\/logo\/image\/","url":"https:\/\/marekkuchcinski.pl\/wp-content\/uploads\/2022\/09\/Marek.jpg","contentUrl":"https:\/\/marekkuchcinski.pl\/wp-content\/uploads\/2022\/09\/Marek.jpg","width":1600,"height":971,"caption":"Marek Kuchci\u0144ski"},"image":{"@id":"https:\/\/marekkuchcinski.pl\/#\/schema\/logo\/image\/"}},{"@type":"Person","@id":"https:\/\/marekkuchcinski.pl\/#\/schema\/person\/6f62700996b4d950b6ea2d1183b6c6be","name":"admin","image":{"@type":"ImageObject","inLanguage":"hu","@id":"https:\/\/marekkuchcinski.pl\/#\/schema\/person\/image\/","url":"https:\/\/secure.gravatar.com\/avatar\/4bab693b9d55c3d6b52c0296a8765085?s=96&d=mm&r=g","contentUrl":"https:\/\/secure.gravatar.com\/avatar\/4bab693b9d55c3d6b52c0296a8765085?s=96&d=mm&r=g","caption":"admin"},"url":"https:\/\/marekkuchcinski.pl\/hu\/author\/marta-olejnik\/"}]}},"_links":{"self":[{"href":"https:\/\/marekkuchcinski.pl\/hu\/wp-json\/wp\/v2\/posts\/11255","targetHints":{"allow":["GET"]}}],"collection":[{"href":"https:\/\/marekkuchcinski.pl\/hu\/wp-json\/wp\/v2\/posts"}],"about":[{"href":"https:\/\/marekkuchcinski.pl\/hu\/wp-json\/wp\/v2\/types\/post"}],"author":[{"embeddable":true,"href":"https:\/\/marekkuchcinski.pl\/hu\/wp-json\/wp\/v2\/users\/6"}],"replies":[{"embeddable":true,"href":"https:\/\/marekkuchcinski.pl\/hu\/wp-json\/wp\/v2\/comments?post=11255"}],"version-history":[{"count":1,"href":"https:\/\/marekkuchcinski.pl\/hu\/wp-json\/wp\/v2\/posts\/11255\/revisions"}],"predecessor-version":[{"id":11263,"href":"https:\/\/marekkuchcinski.pl\/hu\/wp-json\/wp\/v2\/posts\/11255\/revisions\/11263"}],"wp:featuredmedia":[{"embeddable":true,"href":"https:\/\/marekkuchcinski.pl\/hu\/wp-json\/wp\/v2\/media\/11260"}],"wp:attachment":[{"href":"https:\/\/marekkuchcinski.pl\/hu\/wp-json\/wp\/v2\/media?parent=11255"}],"wp:term":[{"taxonomy":"category","embeddable":true,"href":"https:\/\/marekkuchcinski.pl\/hu\/wp-json\/wp\/v2\/categories?post=11255"},{"taxonomy":"post_tag","embeddable":true,"href":"https:\/\/marekkuchcinski.pl\/hu\/wp-json\/wp\/v2\/tags?post=11255"}],"curies":[{"name":"wp","href":"https:\/\/api.w.org\/{rel}","templated":true}]}}