{"id":11237,"date":"2018-11-26T15:38:16","date_gmt":"2018-11-26T14:38:16","guid":{"rendered":"https:\/\/marekkuchcinski.pl\/?p=11237"},"modified":"2018-11-26T16:04:56","modified_gmt":"2018-11-26T15:04:56","slug":"przemysl-o-polskiej-tradycji-parlamentarnej-550-rocznice-powstania-polskiego-parlamentaryzmu","status":"publish","type":"post","link":"https:\/\/marekkuchcinski.pl\/hu\/wydarzenia\/przemysl-o-polskiej-tradycji-parlamentarnej-550-rocznice-powstania-polskiego-parlamentaryzmu\/","title":{"rendered":"Przemy\u015bl: A lengyel parlamenti hagyom\u00e1nyokr\u00f3l a lengyel parlamentarizmus 550. \u00e9vfordul\u00f3j\u00e1n"},"content":{"rendered":"<p>Id\u00e9n \u00fcnnepelj\u00fck a Lengyel K\u00f6zt\u00e1rsas\u00e1g parlamenti rendszer\u00e9nek 550 \u00e9ves fenn\u00e1ll\u00e1s\u00e1t. 1468-ban a Lengyel Kir\u00e1lys\u00e1g szejmje k\u00e9tkamar\u00e1s form\u00e1ban j\u00f6tt l\u00e9tre: a szen\u00e1tus \u00e9s a k\u00e9pvisel\u0151h\u00e1z. Jagiellon K\u00e1zm\u00e9r kir\u00e1ly, a Jagell\u00f3k - egy nagy k\u00f6z\u00e9p-eur\u00f3pai dinasztia - jeles k\u00e9pvisel\u0151je megh\u00edvta a region\u00e1lis gy\u0171l\u00e9seken megv\u00e1lasztott k\u00e9pvisel\u0151ket, hogy megvitass\u00e1k az akkori \u00e1llam - a mi k\u00f6zt\u00e1rsas\u00e1gunk - \u00fcgyeit\" - id\u00e9zte fel Marek Kuchci\u0144ski, a Szejm eln\u00f6ke a lengyel parlamentarizmus 550. \u00e9vfordul\u00f3ja alkalm\u00e1b\u00f3l rendezett \u00fcnneps\u00e9geken.<\/p>\n<p>A marsall hangs\u00falyozta, hogy \u00edgy alakult ki a lengyel parlamentarizmus, amely a kir\u00e1lyb\u00f3l, a szen\u00e1tusb\u00f3l \u00e9s a k\u00e9pvisel\u0151h\u00e1zb\u00f3l \u00e1ll. \u00c9s ez \u00e9vsz\u00e1zadokon \u00e1t tartott, a szejm fejezte ki az \u00e1llam \u00e9rdekeit \u00e9s gyakorolta szuverenit\u00e1s\u00e1t, azaz t\u00f6rv\u00e9nyeket hozott, meghozta a legfontosabb d\u00f6nt\u00e9seket, bele\u00e9rtve a h\u00e1bor\u00faval \u00e9s az ad\u00f3kkal kapcsolatosakat is. A kir\u00e1ly \u00e9s a politikai n\u00e9p k\u00f6z\u00f6tti kompromisszum helye lett, amely a n\u00e9pakaratot, azaz minden orsz\u00e1g lak\u00f3it k\u00e9pviselte.<\/p>\n<p>A lengyel parlamenti hagyom\u00e1ny olyan ter\u00fcleten alakult ki, ahol sz\u00e1mos etnikai csoport \u00e9s kult\u00fara, vall\u00e1s \u00e9s hit, szok\u00e1s \u00e9s hagyom\u00e1ny keveredett egym\u00e1ssal. Sz\u00e1mos orsz\u00e1g lak\u00f3i sz\u00e1m\u00e1ra v\u00e1lt inspir\u00e1ci\u00f3v\u00e1: lengyel, ruszin - feh\u00e9r, fekete \u00e9s v\u00f6r\u00f6s rusz, litv\u00e1n, kurlandi, liv\u00f3niai, mold\u00e1v \u00e9s porosz.<\/p>\n<p>A Przemy\u015blt\u0151l keletre fekv\u0151 S\u0105dowa Wisznia v\u00e1ros\u00e1ban \u00fcl\u00e9sezett a Lvovi, Przemysli \u00e9s Sanoki k\u00f6rzetek szejmikje.<\/p>\n<p>A nemzeti t\u00f6rt\u00e9nelm\u00fcnk szempontj\u00e1b\u00f3l fontos politikusok Przemy\u015bl k\u00f6rny\u00e9k\u00e9r\u0151l sz\u00e1rmaznak. T\u00f6bbek k\u00f6z\u00f6tt: Andrzej Maksymilian Fredro - a k\u00e9pvisel\u0151h\u00e1z marsallja, neves filoz\u00f3fus, a Kalwaria Pac\u0142awska-i kolostor \u00e9s templom alap\u00edt\u00f3ja; Stanis\u0142aw Jan Jab\u0142onowski - szen\u00e1tor, a korona nagyhetmanja \u00e9s ruszin vajda; Stanis\u0142aw Sarnowski - p\u00fcsp\u00f6k \u00e9s a korona nagyreferense. Przemy\u015blben kiemelked\u0151 humanist\u00e1k dolgoztak: Jan Herburt, aki sz\u00e1mos, Eur\u00f3p\u00e1ban klasszikusnak sz\u00e1m\u00edt\u00f3 diplom\u00e1ciai m\u0171 szerz\u0151je, \u00e9s Stanis\u0142aw Orzechowski, aki a lengyelekr\u0151l mint sasokr\u00f3l \u00edrt, akik sz\u00e1m\u00e1ra a szabads\u00e1g a lengyels\u00e9g szinonim\u00e1ja, a politikai rendszer alapja \u00e9s alapvet\u0151 \u00e9rt\u00e9k.<\/p>\n<p>A lengyel parlamentarizmus 550. \u00e9vfordul\u00f3ja alkalm\u00e1b\u00f3l rendezett konferenci\u00e1k megmutatj\u00e1k a szejm egyedis\u00e9g\u00e9t a kezdetekben, amely nemcsak a lengyelek, hanem Eur\u00f3pa m\u00e1s r\u00e9szeinek lak\u00f3i nemzeti identit\u00e1s\u00e1ra is maradand\u00f3 hat\u00e1st gyakorolt. Marek Kuchci\u0144ski hangs\u00falyozta, hogy a parlamentarizmus K\u00f6z\u00e9p-Eur\u00f3pa politikai kult\u00far\u00e1j\u00e1nak alapj\u00e1v\u00e1 v\u00e1lt, \u00e9s lehet\u0151v\u00e9 tette a politikai szubjektivit\u00e1s kialakul\u00e1s\u00e1t, amely a szabads\u00e1gon, azaz a politikai \u00e9letben val\u00f3 r\u00e9szv\u00e9telen alapul.<\/p>\n<p>A marsall eml\u00e9keztetett arra, hogy 1505-ben elfogadt\u00e1k a \"Semmit r\u00f3lunk n\u00e9lk\u00fcl\u00fcnk\" politikai elvet. A Lengyel-Litv\u00e1n Nemzetk\u00f6z\u00f6ss\u00e9g - Eur\u00f3p\u00e1ban egyed\u00fcl\u00e1ll\u00f3 civiliz\u00e1ci\u00f3s t\u00e9rs\u00e9g - sikerei bizony\u00edtj\u00e1k, hogy ez mennyire szil\u00e1rd alap volt. - Sors\u00e1nak alakul\u00e1sa meghat\u00e1rozta mind a 100 \u00e9vvel ezel\u0151tt \u00fajj\u00e1sz\u00fcletett modern lengyel \u00e1llamis\u00e1g, mind a mai Lengyelorsz\u00e1g identit\u00e1s\u00e1t - mondta Kuchci\u0144ski.<\/p>\n<p>A konferenci\u00e1t a t\u00f6rt\u00e9nelmi k\u00f6z\u00f6ss\u00e9g nev\u00e9ben Dariusz Kupisz professzor nyitotta meg a lublini Maria Curie-Sk\u0142odowska Egyetemr\u0151l. A t\u00f6rt\u00e9n\u00e9sz felh\u00edvta a figyelmet arra, hogy Wac\u0142aw Urszczuk professzor kutat\u00e1sai szerint az 1468-as \u00e9v a v\u00e1laszt\u00f3k nev\u00e9ben d\u00f6nt\u00e9si jogk\u00f6rrel rendelkez\u0151 parlamenti k\u00e9pviselet kialak\u00edt\u00e1s\u00e1nak hossz\u00fa folyamat\u00e1nak cs\u00facspontja. - A szejmeket m\u00e1r t\u00f6bb \u00e9vtizeddel 1468 el\u0151tt is \u00f6sszeh\u00edvt\u00e1k, de b\u00e1r a nemess\u00e9g nagy sz\u00e1mban vett r\u00e9szt rajtuk, nem a v\u00e1laszt\u00f3polg\u00e1rokat k\u00e9pviselt\u00e9k. A k\u00e9pvisel\u0151k v\u00e1laszt\u00e1s\u00e1nak mechanizmusa csak k\u00e9s\u0151bb alakult ki - magyar\u00e1zta Kupisz professzor.<\/p>\n<p dir=\"ltr\">Zbigniew Rau, a \u0141\u00f3d\u017ai Egyetem professzora a 17. sz\u00e1zadi politikai gondolkod\u00e1s jelent\u0151s\u00e9g\u00e9r\u0151l besz\u00e9lt a lengyelek nemzeti identit\u00e1sa szempontj\u00e1b\u00f3l. Szerinte a korszak politik\u00e1j\u00e1t a szubjektivit\u00e1s \u00e9s a szuverenit\u00e1s jellemezte. - Ezt a politik\u00e1t a Lengyel K\u00f6zt\u00e1rsas\u00e1g polg\u00e1rai, nem pedig k\u00fclf\u00f6ldi hatalmak folytatt\u00e1k, \u00e9s a Lengyel-Litv\u00e1n Nemzetk\u00f6z\u00f6ss\u00e9g l\u00e9tjogosults\u00e1g\u00e1t szolg\u00e1lta. A k\u00e9s\u0151bbi gener\u00e1ci\u00f3kban a lengyel politika vagy a f\u00fcggetlens\u00e9gre val\u00f3 t\u00f6rekv\u00e9sre, vagy a kiegyez\u00e9s politik\u00e1j\u00e1ra futott ki - mutatott r\u00e1 Rau professzor.<\/p>\n<p dir=\"ltr\">Dr. Marek Tracz-Tryniecki a \u0141\u00f3d\u017ai Egyetemr\u0151l Andrzej Maksymilian Fredro r\u00e9szv\u00e9tel\u00e9r\u0151l besz\u00e9lt az 1652-es els\u0151 szejmben, hangs\u00falyozva, hogy Fredro egyike volt azoknak, akik tiltakoztak az \u00fcl\u00e9sszak megszak\u00edt\u00e1sa ellen. - \u0150 volt a legnagyobb egy\u00e9nis\u00e9g \u00e9s a szejm legnagyobb eln\u00f6ke Jan Kazimierz uralkod\u00e1sa alatt. Fredro m\u00e1r az 1652-es sorsd\u00f6nt\u0151 szejm eln\u00f6kek\u00e9nt is kiv\u00e9teles kvalit\u00e1s\u00fa parlamenti k\u00e9pvisel\u0151k\u00e9nt v\u00e1lt ismertt\u00e9. K\u00e9pes volt \u00f6tv\u00f6zni a k\u00f6zt\u00e1rsas\u00e1gi eszm\u00e9ket egy bizonyos f\u00fcggetlens\u00e9ggel mind az udvarral, mind a radik\u00e1lis ellenz\u00e9kkel szemben, valamint a szejm politikai tekint\u00e9ly\u00e9nek magasabb szintre emel\u00e9s\u00e9re ir\u00e1nyul\u00f3 t\u00f6rekv\u00e9ssel.<\/p>\n<p dir=\"ltr\">Dr. Lucjan Fac, a Przemy\u015bli R\u00e9gi\u00f3 Nemzeti M\u00fazeum\u00e1nak k\u00e9pvisel\u0151je besz\u00e9d\u00e9ben utalt arra, hogy Kuchci\u0144ski marsall vir\u00e1got adott \u00e1t a przemy\u015bli P\u00e1duai Szent Antal-templomban l\u00e9v\u0151 Andrzej Maksymilian Fredro eml\u00e9kt\u00e1bl\u00e1n\u00e1l. - Andrzej Fredro s\u00edrj\u00e1n\u00e1l \u00e1llva t\u00f6rt\u00e9n\u00e9szk\u00e9nt nagyon kiteljesedettnek \u00e9reztem magam. A Lengyel K\u00f6zt\u00e1rsas\u00e1g Szejmj\u00e9nek marsallg\u00e1rd\u00e1ja, amely e s\u00edrfelirat mellett \u00e1ll, egy gy\u00f6ny\u00f6r\u0171 k\u00e9p, amely honfit\u00e1rsunknak k\u00f6sz\u00f6nhet\u0151\" - mondta.<\/p>\n<p dir=\"ltr\">A Herburt csal\u00e1d k\u00e9pvisel\u0151inek parlamenti tev\u00e9kenys\u00e9g\u00e9t Justyna Ga\u0142uszko a Jagell\u00f3 Egyetemr\u0151l mutatta be. -A Lengyel-Litv\u00e1n Nemzetk\u00f6z\u00f6ss\u00e9g politikai elveinek kialakul\u00e1sa a Herburt csal\u00e1db\u00f3l sz\u00e1rmaz\u00f3 Przemy\u015bl f\u00f6ld lak\u00f3inak akt\u00edv r\u00e9szv\u00e9tel\u00e9vel zajlott, \u00e9s e csal\u00e1d k\u00e9t \u00e9vsz\u00e1zados fenn\u00e1ll\u00e1sa sor\u00e1n h\u00edress\u00e9 v\u00e1ltak m\u0171velts\u00e9g\u00fckr\u0151l, lovagiass\u00e1gukr\u00f3l \u00e9s a katolikus hithez val\u00f3 ragaszkod\u00e1sukr\u00f3l\" - mutatott r\u00e1 Ga\u0142uszko.<\/p>\n<p dir=\"ltr\">Stanis\u0142aw Orzechowski politikai gondolkod\u00e1s\u00e1r\u00f3l Dr. Jan Musia\u0142, a przemy\u015bli Kelet-eur\u00f3pai \u00c1llami Iskola munkat\u00e1rsa tartott el\u0151ad\u00e1st. - \u0150 volt a nemesi szabads\u00e1g fogalm\u00e1nak \u00e9s a nemesi jogok v\u00e9delm\u00e9re ir\u00e1nyul\u00f3 mozgalom egyik f\u0151 megteremt\u0151je. A lengyelekr\u0151l mint sasokr\u00f3l \u00edrt, akik sz\u00e1m\u00e1ra a szabads\u00e1g a lengyels\u00e9g szinonim\u00e1ja, a rendszer alapja \u00e9s alapvet\u0151 \u00e9rt\u00e9k - mondta Dr. Musia\u0142.<\/p>\n<p dir=\"ltr\">A S\u0105dowa Wisznia-i pre-sejmik m\u0171k\u00f6d\u00e9s\u00e9nek mechanizmus\u00e1t a 17. sz\u00e1zadban Dr. Andrzej Kr\u00f3l, a przemy\u015bli Tudom\u00e1nybar\u00e1tok T\u00e1rsas\u00e1g\u00e1nak munkat\u00e1rsa mutatta be. - A wisz\u00f3wi szejmik, amely a lw\u00f3wi, przemy\u015bli \u00e9s sanoki szejmiket k\u00e9pviselte, elj\u00e1r\u00e1sa hasonl\u00f3 volt a t\u00f6bbi koron\u00e1s szejmik szab\u00e1lyaihoz. A m\u0171k\u00f6d\u00e9st szab\u00e1lyoz\u00f3 \u00edrott szab\u00e1lyok hi\u00e1nya a gyakorlat \u00e9s a szok\u00e1sok meghat\u00e1roz\u00f3 szerep\u00e9t jelzi - hangs\u00falyozta dr Kr\u00f3l.<\/p>\n<p dir=\"ltr\">Wies\u0142aw Bondyra, a Maria Curie-Sk\u0142odowska Egyetem (UMCS) professzora a Przemy\u015bl r\u00e9gi\u00f3 sz\u00e1sz kori parlamenti k\u00e9pviselet\u00e9r\u0151l sz\u00f3lva r\u00e1mutatott, hogy b\u00e1r a parlamenti \u00e9let jav\u00edt\u00e1s\u00e1nak modellje nem val\u00f3sult meg abban az id\u0151szakban, megjelentek az els\u0151 posztul\u00e1tumok a t\u00f6bbs\u00e9gi v\u00e1laszt\u00e1si rendszer bevezet\u00e9s\u00e9nek sz\u00fcks\u00e9gess\u00e9g\u00e9r\u0151l. - A szabads\u00e1g jelszavait nem hagyt\u00e1k el, de a lengyel \u00e1llam el\u0151rehalad\u00f3 \u00f6sszeoml\u00e1s\u00e1t l\u00e1tva a przemy\u015bli k\u00e9pvisel\u0151k is az \u00e1llamhatalom nagyobb m\u00e9rt\u00e9k\u0171 k\u00f6zpontos\u00edt\u00e1sa \u00e9s a vit\u00e1k reformja mellett foglaltak \u00e1ll\u00e1st - magyar\u00e1zta.<\/p>\n<p dir=\"ltr\">Az utols\u00f3 felsz\u00f3lal\u00f3 Adam Per\u0142akowski professzor volt a Jagell\u00f3 Egyetemr\u0151l, aki besz\u00e9d\u00e9ben arra a k\u00e9rd\u00e9sre kereste a v\u00e1laszt, hogy a Stanislaus korszak parlamentarizmusa \u00faj min\u0151s\u00e9g vagy kreat\u00edv folytat\u00e1s. Per\u0142akowski professzor r\u00e1mutatott, hogy Stanis\u0142aw\u00f3w kora a konf\u00f6der\u00e1ci\u00f3k ideje volt, \u00e9s amikor ilyen form\u00e1ban folytak a vit\u00e1k, akkor egyik szejm sem szakadt meg, \u00e9s nem v\u00e9gz\u0151d\u00f6tt t\u00f6rv\u00e9nyhoz\u00e1si sikerrel. - A stanis\u0142aw\u00f3wi id\u0151k t\u00f6k\u00e9letes p\u00e9ld\u00e1i az \u00faj \u00e1llampolg\u00e1rs\u00e1gtudat megsz\u00fclet\u00e9s\u00e9nek. A kutat\u00e1sok azt mutatj\u00e1k, hogy a n\u00e9gy\u00e9ves szejm \u00f3ta, amely sz\u00e1mos reformot vezetett be, Lengyelorsz\u00e1gban egyre ink\u00e1bb tudatosul, hogy a szejm r\u00e9szv\u00e9tele n\u00e9lk\u00fcl nem lehet kulcsfontoss\u00e1g\u00fa v\u00e1ltoz\u00e1sokat bevezetni az orsz\u00e1gban, mivel a nemzet ereje a b\u00f6lcs, felel\u0151s, a k\u00f6zj\u00f3t szem el\u0151tt tart\u00f3 k\u00e9pvisel\u0151kben rejlik\" - mondta Per\u0142akowski professzor.<\/p>\n<p dir=\"ltr\">A konferencia sor\u00e1n Jan Jarosz, a Przemysl-i F\u00f6ldm\u00fazeum igazgat\u00f3ja bemutatta a szerz\u0151knek a \"Vit\u00e9zs\u00e9g v\u00e1rosa. Przemy\u015bl a f\u00fcggetlens\u00e9g visszanyer\u00e9s\u00e9nek 100. \u00e9vfordul\u00f3j\u00e1n\" egy 1918-as \u00fajrateremtett k\u00e9p. A Przemysl Csillag\u00e1nak h\u00e1l\u00e1b\u00f3l a k\u00f6nyv l\u00e9trej\u00f6tt\u00e9hez val\u00f3 hozz\u00e1j\u00e1rul\u00e1suk\u00e9rt. A kiadv\u00e1nyt a Wydawnictwo Sejmowe adta ki, t\u00e1rsszerz\u0151i Marek Kuchci\u0144ski \u00e9s Ryszard Terlecki, a Szejm aleln\u00f6ke.<\/p>\n<p dir=\"ltr\">A konferenci\u00e1t szentmise el\u0151zte meg a Keresztel\u0151 Szent J\u00e1nos \u00e9s Nagyboldogasszony F\u0151sz\u00e9kesegyh\u00e1z bazilik\u00e1j\u00e1ban. A nap v\u00e9g\u00e9n pedig a Przemy\u015bli Kultur\u00e1lis K\u00f6zpontban a Szarmat\u00e1t\u00f3l a l\u00e9gi\u00f3ig c\u00edm\u0171 f\u00fcggetlen dalok koncertj\u00e9re ker\u00fclt sor.<\/p>\n<p dir=\"ltr\">Az esem\u00e9nyen parlamenti k\u00e9pvisel\u0151k, helyi \u00f6nkorm\u00e1nyzati tisztvisel\u0151k, t\u00f6rt\u00e9n\u00e9szek \u00e9s m\u00fazeumi szakemberek vettek r\u00e9szt. A vend\u00e9gek k\u00f6z\u00f6tt volt K\u00f6rmendy Adrienne, Magyarorsz\u00e1g ungv\u00e1ri f\u0151konzulja, Ewa Leniart, Podkarpatszkaja korm\u00e1nyz\u00f3ja \u00e9s Piotr Pilch, Podkarpatszkaja marsallhelyettese.<\/p>\n<p dir=\"ltr\"><a href=\"https:\/\/marekkuchcinski.pl\/wp-content\/uploads\/2018\/11\/DSCF1925-1.jpg\"><img fetchpriority=\"high\" decoding=\"async\" class=\"alignnone size-full wp-image-11278\" src=\"https:\/\/marekkuchcinski.pl\/wp-content\/uploads\/2018\/11\/DSCF1925-1.jpg\" alt=\"DSCF1925 (1)\" width=\"4146\" height=\"2782\" srcset=\"https:\/\/marekkuchcinski.pl\/wp-content\/uploads\/2018\/11\/DSCF1925-1.jpg 2048w, https:\/\/marekkuchcinski.pl\/wp-content\/uploads\/2018\/11\/DSCF1925-1-300x201.jpg 300w, https:\/\/marekkuchcinski.pl\/wp-content\/uploads\/2018\/11\/DSCF1925-1-768x515.jpg 768w, https:\/\/marekkuchcinski.pl\/wp-content\/uploads\/2018\/11\/DSCF1925-1-1024x687.jpg 1024w\" sizes=\"(max-width: 4146px) 100vw, 4146px\" \/><\/a> <a href=\"https:\/\/marekkuchcinski.pl\/wp-content\/uploads\/2018\/11\/DSCF1924.jpg\"><img decoding=\"async\" class=\"alignnone size-full wp-image-11295\" src=\"https:\/\/marekkuchcinski.pl\/wp-content\/uploads\/2018\/11\/DSCF1924.jpg\" alt=\"DSCF1924\" width=\"4470\" height=\"2904\" srcset=\"https:\/\/marekkuchcinski.pl\/wp-content\/uploads\/2018\/11\/DSCF1924.jpg 2048w, https:\/\/marekkuchcinski.pl\/wp-content\/uploads\/2018\/11\/DSCF1924-300x195.jpg 300w, https:\/\/marekkuchcinski.pl\/wp-content\/uploads\/2018\/11\/DSCF1924-768x499.jpg 768w, https:\/\/marekkuchcinski.pl\/wp-content\/uploads\/2018\/11\/DSCF1924-1024x665.jpg 1024w\" sizes=\"(max-width: 4470px) 100vw, 4470px\" \/><\/a><a href=\"https:\/\/marekkuchcinski.pl\/wp-content\/uploads\/2018\/11\/DSCF1962-1-23.jpg\"><img decoding=\"async\" class=\"alignnone size-full wp-image-11314\" src=\"https:\/\/marekkuchcinski.pl\/wp-content\/uploads\/2018\/11\/DSCF1962-1-23.jpg\" alt=\"DSCF1962 (1) 23\" width=\"3714\" height=\"2702\" srcset=\"https:\/\/marekkuchcinski.pl\/wp-content\/uploads\/2018\/11\/DSCF1962-1-23.jpg 2048w, https:\/\/marekkuchcinski.pl\/wp-content\/uploads\/2018\/11\/DSCF1962-1-23-300x218.jpg 300w, https:\/\/marekkuchcinski.pl\/wp-content\/uploads\/2018\/11\/DSCF1962-1-23-768x559.jpg 768w, https:\/\/marekkuchcinski.pl\/wp-content\/uploads\/2018\/11\/DSCF1962-1-23-1024x745.jpg 1024w\" sizes=\"(max-width: 3714px) 100vw, 3714px\" \/><\/a> <a href=\"https:\/\/marekkuchcinski.pl\/wp-content\/uploads\/2018\/11\/DSCF1965.jpg\"><img loading=\"lazy\" decoding=\"async\" class=\"alignnone size-full wp-image-11282\" src=\"https:\/\/marekkuchcinski.pl\/wp-content\/uploads\/2018\/11\/DSCF1965.jpg\" alt=\"DSCF1965\" width=\"4896\" height=\"3264\" srcset=\"https:\/\/marekkuchcinski.pl\/wp-content\/uploads\/2018\/11\/DSCF1965.jpg 2048w, https:\/\/marekkuchcinski.pl\/wp-content\/uploads\/2018\/11\/DSCF1965-300x200.jpg 300w, https:\/\/marekkuchcinski.pl\/wp-content\/uploads\/2018\/11\/DSCF1965-768x512.jpg 768w, https:\/\/marekkuchcinski.pl\/wp-content\/uploads\/2018\/11\/DSCF1965-1024x683.jpg 1024w\" sizes=\"(max-width: 4896px) 100vw, 4896px\" \/><\/a> <a href=\"https:\/\/marekkuchcinski.pl\/wp-content\/uploads\/2018\/11\/DSCF1973.jpg\"><img loading=\"lazy\" decoding=\"async\" class=\"alignnone size-full wp-image-11283\" src=\"https:\/\/marekkuchcinski.pl\/wp-content\/uploads\/2018\/11\/DSCF1973.jpg\" alt=\"DSCF1973\" width=\"4896\" height=\"3264\" srcset=\"https:\/\/marekkuchcinski.pl\/wp-content\/uploads\/2018\/11\/DSCF1973.jpg 2048w, https:\/\/marekkuchcinski.pl\/wp-content\/uploads\/2018\/11\/DSCF1973-300x200.jpg 300w, https:\/\/marekkuchcinski.pl\/wp-content\/uploads\/2018\/11\/DSCF1973-768x512.jpg 768w, https:\/\/marekkuchcinski.pl\/wp-content\/uploads\/2018\/11\/DSCF1973-1024x683.jpg 1024w\" sizes=\"(max-width: 4896px) 100vw, 4896px\" \/><\/a> <a href=\"https:\/\/marekkuchcinski.pl\/wp-content\/uploads\/2018\/11\/DSCF1996-1.jpg\"><img loading=\"lazy\" decoding=\"async\" class=\"alignnone size-full wp-image-11284\" src=\"https:\/\/marekkuchcinski.pl\/wp-content\/uploads\/2018\/11\/DSCF1996-1.jpg\" alt=\"DSCF1996 (1)\" width=\"4239\" height=\"2648\" srcset=\"https:\/\/marekkuchcinski.pl\/wp-content\/uploads\/2018\/11\/DSCF1996-1.jpg 2048w, https:\/\/marekkuchcinski.pl\/wp-content\/uploads\/2018\/11\/DSCF1996-1-300x187.jpg 300w, https:\/\/marekkuchcinski.pl\/wp-content\/uploads\/2018\/11\/DSCF1996-1-768x480.jpg 768w, https:\/\/marekkuchcinski.pl\/wp-content\/uploads\/2018\/11\/DSCF1996-1-1024x640.jpg 1024w\" sizes=\"(max-width: 4239px) 100vw, 4239px\" \/><\/a><a href=\"https:\/\/marekkuchcinski.pl\/wp-content\/uploads\/2018\/11\/PSX_20181126_154800.jpg\"><img loading=\"lazy\" decoding=\"async\" class=\"alignnone size-full wp-image-11305\" src=\"https:\/\/marekkuchcinski.pl\/wp-content\/uploads\/2018\/11\/PSX_20181126_154800.jpg\" alt=\"PSX_20181126_154800\" width=\"3092\" height=\"2637\" srcset=\"https:\/\/marekkuchcinski.pl\/wp-content\/uploads\/2018\/11\/PSX_20181126_154800.jpg 2048w, https:\/\/marekkuchcinski.pl\/wp-content\/uploads\/2018\/11\/PSX_20181126_154800-300x256.jpg 300w, https:\/\/marekkuchcinski.pl\/wp-content\/uploads\/2018\/11\/PSX_20181126_154800-768x655.jpg 768w, https:\/\/marekkuchcinski.pl\/wp-content\/uploads\/2018\/11\/PSX_20181126_154800-1024x873.jpg 1024w\" sizes=\"(max-width: 3092px) 100vw, 3092px\" \/><\/a><\/p>\n<p dir=\"ltr\"><em>Fot\u00f3: M. Olejnik<\/em><\/p>","protected":false},"excerpt":{"rendered":"<p>W tym roku obchodzimy 550-lecie Parlamentaryzmu Rzeczypospolitej. W 1468 roku powsta\u0142 Sejm Kr\u00f3lestwa Polskiego w postaci dwuizbowej: senat i izba poselska. Kr\u00f3l Kazimierz Jagiello\u0144czyk, wybitny przedstawiciel Jagiellon\u00f3w \u2013 wielkiej \u015brodkowoeuropejskiej dynastii, zaprosi\u0142 pos\u0142\u00f3w wybranych na sejmikach ziemskich, \u017ceby naradza\u0107 si\u0119 nad sprawami \u00f3wczesnego pa\u0144stwa \u2013 naszej Rzeczypospolitej &#8211; przypomnia\u0142 marsza\u0142ek Sejmu Marek Kuchci\u0144ski podczas obchod\u00f3w [&hellip;]<\/p>","protected":false},"author":6,"featured_media":11315,"comment_status":"open","ping_status":"open","sticky":false,"template":"","format":"standard","meta":{"ngg_post_thumbnail":0,"footnotes":""},"categories":[49,77,81,3],"tags":[],"class_list":["post-11237","post","type-post","status-publish","format-standard","has-post-thumbnail","hentry","category-podkarpacie","category-wazne-daty","category-wiesci-z-sejmu","category-wydarzenia"],"yoast_head":"<!-- This site is optimized with the Yoast SEO plugin v24.7 - https:\/\/yoast.com\/wordpress\/plugins\/seo\/ -->\n<title>Przemy\u015bl: O polskiej tradycji parlamentarnej w 550. rocznic\u0119 powstania polskiego parlamentaryzmu &#8211; Marek Kuchci\u0144ski<\/title>\n<meta name=\"robots\" content=\"index, follow, max-snippet:-1, max-image-preview:large, max-video-preview:-1\" \/>\n<link rel=\"canonical\" href=\"https:\/\/marekkuchcinski.pl\/hu\/wydarzenia\/przemysl-o-polskiej-tradycji-parlamentarnej-550-rocznice-powstania-polskiego-parlamentaryzmu\/\" \/>\n<meta property=\"og:locale\" content=\"hu_HU\" \/>\n<meta property=\"og:type\" content=\"article\" \/>\n<meta property=\"og:title\" content=\"Przemy\u015bl: O polskiej tradycji parlamentarnej w 550. rocznic\u0119 powstania polskiego parlamentaryzmu &#8211; Marek Kuchci\u0144ski\" \/>\n<meta property=\"og:description\" content=\"W tym roku obchodzimy 550-lecie Parlamentaryzmu Rzeczypospolitej. W 1468 roku powsta\u0142 Sejm Kr\u00f3lestwa Polskiego w postaci dwuizbowej: senat i izba poselska. Kr\u00f3l Kazimierz Jagiello\u0144czyk, wybitny przedstawiciel Jagiellon\u00f3w \u2013 wielkiej \u015brodkowoeuropejskiej dynastii, zaprosi\u0142 pos\u0142\u00f3w wybranych na sejmikach ziemskich, \u017ceby naradza\u0107 si\u0119 nad sprawami \u00f3wczesnego pa\u0144stwa \u2013 naszej Rzeczypospolitej &#8211; przypomnia\u0142 marsza\u0142ek Sejmu Marek Kuchci\u0144ski podczas obchod\u00f3w [&hellip;]\" \/>\n<meta property=\"og:url\" content=\"https:\/\/marekkuchcinski.pl\/hu\/wydarzenia\/przemysl-o-polskiej-tradycji-parlamentarnej-550-rocznice-powstania-polskiego-parlamentaryzmu\/\" \/>\n<meta property=\"og:site_name\" content=\"Marek Kuchci\u0144ski\" \/>\n<meta property=\"article:published_time\" content=\"2018-11-26T14:38:16+00:00\" \/>\n<meta property=\"article:modified_time\" content=\"2018-11-26T15:04:56+00:00\" \/>\n<meta property=\"og:image\" content=\"https:\/\/marekkuchcinski.pl\/wp-content\/uploads\/2018\/11\/DSCF1973-2.jpg\" \/>\n\t<meta property=\"og:image:width\" content=\"2048\" \/>\n\t<meta property=\"og:image:height\" content=\"1318\" \/>\n\t<meta property=\"og:image:type\" content=\"image\/jpeg\" \/>\n<meta name=\"author\" content=\"admin\" \/>\n<meta name=\"twitter:card\" content=\"summary_large_image\" \/>\n<meta name=\"twitter:label1\" content=\"Szerz\u0151:\" \/>\n\t<meta name=\"twitter:data1\" content=\"admin\" \/>\n\t<meta name=\"twitter:label2\" content=\"Becs\u00fclt olvas\u00e1si id\u0151\" \/>\n\t<meta name=\"twitter:data2\" content=\"7 perc\" \/>\n<script type=\"application\/ld+json\" class=\"yoast-schema-graph\">{\"@context\":\"https:\/\/schema.org\",\"@graph\":[{\"@type\":\"Article\",\"@id\":\"https:\/\/marekkuchcinski.pl\/uk\/wydarzenia\/przemysl-o-polskiej-tradycji-parlamentarnej-550-rocznice-powstania-polskiego-parlamentaryzmu\/#article\",\"isPartOf\":{\"@id\":\"https:\/\/marekkuchcinski.pl\/uk\/wydarzenia\/przemysl-o-polskiej-tradycji-parlamentarnej-550-rocznice-powstania-polskiego-parlamentaryzmu\/\"},\"author\":{\"name\":\"admin\",\"@id\":\"https:\/\/marekkuchcinski.pl\/#\/schema\/person\/6f62700996b4d950b6ea2d1183b6c6be\"},\"headline\":\"Przemy\u015bl: O polskiej tradycji parlamentarnej w 550. rocznic\u0119 powstania polskiego parlamentaryzmu\",\"datePublished\":\"2018-11-26T14:38:16+00:00\",\"dateModified\":\"2018-11-26T15:04:56+00:00\",\"mainEntityOfPage\":{\"@id\":\"https:\/\/marekkuchcinski.pl\/uk\/wydarzenia\/przemysl-o-polskiej-tradycji-parlamentarnej-550-rocznice-powstania-polskiego-parlamentaryzmu\/\"},\"wordCount\":1387,\"commentCount\":0,\"publisher\":{\"@id\":\"https:\/\/marekkuchcinski.pl\/#organization\"},\"image\":{\"@id\":\"https:\/\/marekkuchcinski.pl\/uk\/wydarzenia\/przemysl-o-polskiej-tradycji-parlamentarnej-550-rocznice-powstania-polskiego-parlamentaryzmu\/#primaryimage\"},\"thumbnailUrl\":\"https:\/\/marekkuchcinski.pl\/wp-content\/uploads\/2018\/11\/DSCF1973-2.jpg\",\"articleSection\":[\"Podkarpacie\",\"Wa\u017cne daty\",\"Wie\u015bci z Sejmu\",\"Wydarzenia\"],\"inLanguage\":\"hu\",\"potentialAction\":[{\"@type\":\"CommentAction\",\"name\":\"Comment\",\"target\":[\"https:\/\/marekkuchcinski.pl\/uk\/wydarzenia\/przemysl-o-polskiej-tradycji-parlamentarnej-550-rocznice-powstania-polskiego-parlamentaryzmu\/#respond\"]}]},{\"@type\":\"WebPage\",\"@id\":\"https:\/\/marekkuchcinski.pl\/uk\/wydarzenia\/przemysl-o-polskiej-tradycji-parlamentarnej-550-rocznice-powstania-polskiego-parlamentaryzmu\/\",\"url\":\"https:\/\/marekkuchcinski.pl\/uk\/wydarzenia\/przemysl-o-polskiej-tradycji-parlamentarnej-550-rocznice-powstania-polskiego-parlamentaryzmu\/\",\"name\":\"Przemy\u015bl: O polskiej tradycji parlamentarnej w 550. rocznic\u0119 powstania polskiego parlamentaryzmu &#8211; Marek Kuchci\u0144ski\",\"isPartOf\":{\"@id\":\"https:\/\/marekkuchcinski.pl\/#website\"},\"primaryImageOfPage\":{\"@id\":\"https:\/\/marekkuchcinski.pl\/uk\/wydarzenia\/przemysl-o-polskiej-tradycji-parlamentarnej-550-rocznice-powstania-polskiego-parlamentaryzmu\/#primaryimage\"},\"image\":{\"@id\":\"https:\/\/marekkuchcinski.pl\/uk\/wydarzenia\/przemysl-o-polskiej-tradycji-parlamentarnej-550-rocznice-powstania-polskiego-parlamentaryzmu\/#primaryimage\"},\"thumbnailUrl\":\"https:\/\/marekkuchcinski.pl\/wp-content\/uploads\/2018\/11\/DSCF1973-2.jpg\",\"datePublished\":\"2018-11-26T14:38:16+00:00\",\"dateModified\":\"2018-11-26T15:04:56+00:00\",\"breadcrumb\":{\"@id\":\"https:\/\/marekkuchcinski.pl\/uk\/wydarzenia\/przemysl-o-polskiej-tradycji-parlamentarnej-550-rocznice-powstania-polskiego-parlamentaryzmu\/#breadcrumb\"},\"inLanguage\":\"hu\",\"potentialAction\":[{\"@type\":\"ReadAction\",\"target\":[\"https:\/\/marekkuchcinski.pl\/uk\/wydarzenia\/przemysl-o-polskiej-tradycji-parlamentarnej-550-rocznice-powstania-polskiego-parlamentaryzmu\/\"]}]},{\"@type\":\"ImageObject\",\"inLanguage\":\"hu\",\"@id\":\"https:\/\/marekkuchcinski.pl\/uk\/wydarzenia\/przemysl-o-polskiej-tradycji-parlamentarnej-550-rocznice-powstania-polskiego-parlamentaryzmu\/#primaryimage\",\"url\":\"https:\/\/marekkuchcinski.pl\/wp-content\/uploads\/2018\/11\/DSCF1973-2.jpg\",\"contentUrl\":\"https:\/\/marekkuchcinski.pl\/wp-content\/uploads\/2018\/11\/DSCF1973-2.jpg\",\"width\":2048,\"height\":1318},{\"@type\":\"BreadcrumbList\",\"@id\":\"https:\/\/marekkuchcinski.pl\/uk\/wydarzenia\/przemysl-o-polskiej-tradycji-parlamentarnej-550-rocznice-powstania-polskiego-parlamentaryzmu\/#breadcrumb\",\"itemListElement\":[{\"@type\":\"ListItem\",\"position\":1,\"name\":\"Strona g\u0142\u00f3wna\",\"item\":\"https:\/\/marekkuchcinski.pl\/\"},{\"@type\":\"ListItem\",\"position\":2,\"name\":\"Przemy\u015bl: O polskiej tradycji parlamentarnej w 550. rocznic\u0119 powstania polskiego parlamentaryzmu\"}]},{\"@type\":\"WebSite\",\"@id\":\"https:\/\/marekkuchcinski.pl\/#website\",\"url\":\"https:\/\/marekkuchcinski.pl\/\",\"name\":\"Marek Kuchci\u0144ski\",\"description\":\"Pose\u0142 na sejm RP &ndash; okr\u0119g nr 22\",\"publisher\":{\"@id\":\"https:\/\/marekkuchcinski.pl\/#organization\"},\"potentialAction\":[{\"@type\":\"SearchAction\",\"target\":{\"@type\":\"EntryPoint\",\"urlTemplate\":\"https:\/\/marekkuchcinski.pl\/?s={search_term_string}\"},\"query-input\":{\"@type\":\"PropertyValueSpecification\",\"valueRequired\":true,\"valueName\":\"search_term_string\"}}],\"inLanguage\":\"hu\"},{\"@type\":\"Organization\",\"@id\":\"https:\/\/marekkuchcinski.pl\/#organization\",\"name\":\"Marek Kuchci\u0144ski\",\"url\":\"https:\/\/marekkuchcinski.pl\/\",\"logo\":{\"@type\":\"ImageObject\",\"inLanguage\":\"hu\",\"@id\":\"https:\/\/marekkuchcinski.pl\/#\/schema\/logo\/image\/\",\"url\":\"https:\/\/marekkuchcinski.pl\/wp-content\/uploads\/2022\/09\/Marek.jpg\",\"contentUrl\":\"https:\/\/marekkuchcinski.pl\/wp-content\/uploads\/2022\/09\/Marek.jpg\",\"width\":1600,\"height\":971,\"caption\":\"Marek Kuchci\u0144ski\"},\"image\":{\"@id\":\"https:\/\/marekkuchcinski.pl\/#\/schema\/logo\/image\/\"}},{\"@type\":\"Person\",\"@id\":\"https:\/\/marekkuchcinski.pl\/#\/schema\/person\/6f62700996b4d950b6ea2d1183b6c6be\",\"name\":\"admin\",\"image\":{\"@type\":\"ImageObject\",\"inLanguage\":\"hu\",\"@id\":\"https:\/\/marekkuchcinski.pl\/#\/schema\/person\/image\/\",\"url\":\"https:\/\/secure.gravatar.com\/avatar\/4bab693b9d55c3d6b52c0296a8765085?s=96&d=mm&r=g\",\"contentUrl\":\"https:\/\/secure.gravatar.com\/avatar\/4bab693b9d55c3d6b52c0296a8765085?s=96&d=mm&r=g\",\"caption\":\"admin\"},\"url\":\"https:\/\/marekkuchcinski.pl\/hu\/author\/marta-olejnik\/\"}]}<\/script>\n<!-- \/ Yoast SEO plugin. -->","yoast_head_json":{"title":"Przemy\u015bl: O polskiej tradycji parlamentarnej w 550. rocznic\u0119 powstania polskiego parlamentaryzmu &#8211; Marek Kuchci\u0144ski","robots":{"index":"index","follow":"follow","max-snippet":"max-snippet:-1","max-image-preview":"max-image-preview:large","max-video-preview":"max-video-preview:-1"},"canonical":"https:\/\/marekkuchcinski.pl\/hu\/wydarzenia\/przemysl-o-polskiej-tradycji-parlamentarnej-550-rocznice-powstania-polskiego-parlamentaryzmu\/","og_locale":"hu_HU","og_type":"article","og_title":"Przemy\u015bl: O polskiej tradycji parlamentarnej w 550. rocznic\u0119 powstania polskiego parlamentaryzmu &#8211; Marek Kuchci\u0144ski","og_description":"W tym roku obchodzimy 550-lecie Parlamentaryzmu Rzeczypospolitej. W 1468 roku powsta\u0142 Sejm Kr\u00f3lestwa Polskiego w postaci dwuizbowej: senat i izba poselska. Kr\u00f3l Kazimierz Jagiello\u0144czyk, wybitny przedstawiciel Jagiellon\u00f3w \u2013 wielkiej \u015brodkowoeuropejskiej dynastii, zaprosi\u0142 pos\u0142\u00f3w wybranych na sejmikach ziemskich, \u017ceby naradza\u0107 si\u0119 nad sprawami \u00f3wczesnego pa\u0144stwa \u2013 naszej Rzeczypospolitej &#8211; przypomnia\u0142 marsza\u0142ek Sejmu Marek Kuchci\u0144ski podczas obchod\u00f3w [&hellip;]","og_url":"https:\/\/marekkuchcinski.pl\/hu\/wydarzenia\/przemysl-o-polskiej-tradycji-parlamentarnej-550-rocznice-powstania-polskiego-parlamentaryzmu\/","og_site_name":"Marek Kuchci\u0144ski","article_published_time":"2018-11-26T14:38:16+00:00","article_modified_time":"2018-11-26T15:04:56+00:00","og_image":[{"width":2048,"height":1318,"url":"https:\/\/marekkuchcinski.pl\/wp-content\/uploads\/2018\/11\/DSCF1973-2.jpg","type":"image\/jpeg"}],"author":"admin","twitter_card":"summary_large_image","twitter_misc":{"Szerz\u0151:":"admin","Becs\u00fclt olvas\u00e1si id\u0151":"7 perc"},"schema":{"@context":"https:\/\/schema.org","@graph":[{"@type":"Article","@id":"https:\/\/marekkuchcinski.pl\/uk\/wydarzenia\/przemysl-o-polskiej-tradycji-parlamentarnej-550-rocznice-powstania-polskiego-parlamentaryzmu\/#article","isPartOf":{"@id":"https:\/\/marekkuchcinski.pl\/uk\/wydarzenia\/przemysl-o-polskiej-tradycji-parlamentarnej-550-rocznice-powstania-polskiego-parlamentaryzmu\/"},"author":{"name":"admin","@id":"https:\/\/marekkuchcinski.pl\/#\/schema\/person\/6f62700996b4d950b6ea2d1183b6c6be"},"headline":"Przemy\u015bl: O polskiej tradycji parlamentarnej w 550. rocznic\u0119 powstania polskiego parlamentaryzmu","datePublished":"2018-11-26T14:38:16+00:00","dateModified":"2018-11-26T15:04:56+00:00","mainEntityOfPage":{"@id":"https:\/\/marekkuchcinski.pl\/uk\/wydarzenia\/przemysl-o-polskiej-tradycji-parlamentarnej-550-rocznice-powstania-polskiego-parlamentaryzmu\/"},"wordCount":1387,"commentCount":0,"publisher":{"@id":"https:\/\/marekkuchcinski.pl\/#organization"},"image":{"@id":"https:\/\/marekkuchcinski.pl\/uk\/wydarzenia\/przemysl-o-polskiej-tradycji-parlamentarnej-550-rocznice-powstania-polskiego-parlamentaryzmu\/#primaryimage"},"thumbnailUrl":"https:\/\/marekkuchcinski.pl\/wp-content\/uploads\/2018\/11\/DSCF1973-2.jpg","articleSection":["Podkarpacie","Wa\u017cne daty","Wie\u015bci z Sejmu","Wydarzenia"],"inLanguage":"hu","potentialAction":[{"@type":"CommentAction","name":"Comment","target":["https:\/\/marekkuchcinski.pl\/uk\/wydarzenia\/przemysl-o-polskiej-tradycji-parlamentarnej-550-rocznice-powstania-polskiego-parlamentaryzmu\/#respond"]}]},{"@type":"WebPage","@id":"https:\/\/marekkuchcinski.pl\/uk\/wydarzenia\/przemysl-o-polskiej-tradycji-parlamentarnej-550-rocznice-powstania-polskiego-parlamentaryzmu\/","url":"https:\/\/marekkuchcinski.pl\/uk\/wydarzenia\/przemysl-o-polskiej-tradycji-parlamentarnej-550-rocznice-powstania-polskiego-parlamentaryzmu\/","name":"Przemy\u015bl: O polskiej tradycji parlamentarnej w 550. rocznic\u0119 powstania polskiego parlamentaryzmu &#8211; Marek Kuchci\u0144ski","isPartOf":{"@id":"https:\/\/marekkuchcinski.pl\/#website"},"primaryImageOfPage":{"@id":"https:\/\/marekkuchcinski.pl\/uk\/wydarzenia\/przemysl-o-polskiej-tradycji-parlamentarnej-550-rocznice-powstania-polskiego-parlamentaryzmu\/#primaryimage"},"image":{"@id":"https:\/\/marekkuchcinski.pl\/uk\/wydarzenia\/przemysl-o-polskiej-tradycji-parlamentarnej-550-rocznice-powstania-polskiego-parlamentaryzmu\/#primaryimage"},"thumbnailUrl":"https:\/\/marekkuchcinski.pl\/wp-content\/uploads\/2018\/11\/DSCF1973-2.jpg","datePublished":"2018-11-26T14:38:16+00:00","dateModified":"2018-11-26T15:04:56+00:00","breadcrumb":{"@id":"https:\/\/marekkuchcinski.pl\/uk\/wydarzenia\/przemysl-o-polskiej-tradycji-parlamentarnej-550-rocznice-powstania-polskiego-parlamentaryzmu\/#breadcrumb"},"inLanguage":"hu","potentialAction":[{"@type":"ReadAction","target":["https:\/\/marekkuchcinski.pl\/uk\/wydarzenia\/przemysl-o-polskiej-tradycji-parlamentarnej-550-rocznice-powstania-polskiego-parlamentaryzmu\/"]}]},{"@type":"ImageObject","inLanguage":"hu","@id":"https:\/\/marekkuchcinski.pl\/uk\/wydarzenia\/przemysl-o-polskiej-tradycji-parlamentarnej-550-rocznice-powstania-polskiego-parlamentaryzmu\/#primaryimage","url":"https:\/\/marekkuchcinski.pl\/wp-content\/uploads\/2018\/11\/DSCF1973-2.jpg","contentUrl":"https:\/\/marekkuchcinski.pl\/wp-content\/uploads\/2018\/11\/DSCF1973-2.jpg","width":2048,"height":1318},{"@type":"BreadcrumbList","@id":"https:\/\/marekkuchcinski.pl\/uk\/wydarzenia\/przemysl-o-polskiej-tradycji-parlamentarnej-550-rocznice-powstania-polskiego-parlamentaryzmu\/#breadcrumb","itemListElement":[{"@type":"ListItem","position":1,"name":"Strona g\u0142\u00f3wna","item":"https:\/\/marekkuchcinski.pl\/"},{"@type":"ListItem","position":2,"name":"Przemy\u015bl: O polskiej tradycji parlamentarnej w 550. rocznic\u0119 powstania polskiego parlamentaryzmu"}]},{"@type":"WebSite","@id":"https:\/\/marekkuchcinski.pl\/#website","url":"https:\/\/marekkuchcinski.pl\/","name":"Marek Kuchci\u0144ski","description":"Pose\u0142 na sejm RP &ndash; okr\u0119g nr 22","publisher":{"@id":"https:\/\/marekkuchcinski.pl\/#organization"},"potentialAction":[{"@type":"SearchAction","target":{"@type":"EntryPoint","urlTemplate":"https:\/\/marekkuchcinski.pl\/?s={search_term_string}"},"query-input":{"@type":"PropertyValueSpecification","valueRequired":true,"valueName":"search_term_string"}}],"inLanguage":"hu"},{"@type":"Organization","@id":"https:\/\/marekkuchcinski.pl\/#organization","name":"Marek Kuchci\u0144ski","url":"https:\/\/marekkuchcinski.pl\/","logo":{"@type":"ImageObject","inLanguage":"hu","@id":"https:\/\/marekkuchcinski.pl\/#\/schema\/logo\/image\/","url":"https:\/\/marekkuchcinski.pl\/wp-content\/uploads\/2022\/09\/Marek.jpg","contentUrl":"https:\/\/marekkuchcinski.pl\/wp-content\/uploads\/2022\/09\/Marek.jpg","width":1600,"height":971,"caption":"Marek Kuchci\u0144ski"},"image":{"@id":"https:\/\/marekkuchcinski.pl\/#\/schema\/logo\/image\/"}},{"@type":"Person","@id":"https:\/\/marekkuchcinski.pl\/#\/schema\/person\/6f62700996b4d950b6ea2d1183b6c6be","name":"admin","image":{"@type":"ImageObject","inLanguage":"hu","@id":"https:\/\/marekkuchcinski.pl\/#\/schema\/person\/image\/","url":"https:\/\/secure.gravatar.com\/avatar\/4bab693b9d55c3d6b52c0296a8765085?s=96&d=mm&r=g","contentUrl":"https:\/\/secure.gravatar.com\/avatar\/4bab693b9d55c3d6b52c0296a8765085?s=96&d=mm&r=g","caption":"admin"},"url":"https:\/\/marekkuchcinski.pl\/hu\/author\/marta-olejnik\/"}]}},"_links":{"self":[{"href":"https:\/\/marekkuchcinski.pl\/hu\/wp-json\/wp\/v2\/posts\/11237","targetHints":{"allow":["GET"]}}],"collection":[{"href":"https:\/\/marekkuchcinski.pl\/hu\/wp-json\/wp\/v2\/posts"}],"about":[{"href":"https:\/\/marekkuchcinski.pl\/hu\/wp-json\/wp\/v2\/types\/post"}],"author":[{"embeddable":true,"href":"https:\/\/marekkuchcinski.pl\/hu\/wp-json\/wp\/v2\/users\/6"}],"replies":[{"embeddable":true,"href":"https:\/\/marekkuchcinski.pl\/hu\/wp-json\/wp\/v2\/comments?post=11237"}],"version-history":[{"count":17,"href":"https:\/\/marekkuchcinski.pl\/hu\/wp-json\/wp\/v2\/posts\/11237\/revisions"}],"predecessor-version":[{"id":11316,"href":"https:\/\/marekkuchcinski.pl\/hu\/wp-json\/wp\/v2\/posts\/11237\/revisions\/11316"}],"wp:featuredmedia":[{"embeddable":true,"href":"https:\/\/marekkuchcinski.pl\/hu\/wp-json\/wp\/v2\/media\/11315"}],"wp:attachment":[{"href":"https:\/\/marekkuchcinski.pl\/hu\/wp-json\/wp\/v2\/media?parent=11237"}],"wp:term":[{"taxonomy":"category","embeddable":true,"href":"https:\/\/marekkuchcinski.pl\/hu\/wp-json\/wp\/v2\/categories?post=11237"},{"taxonomy":"post_tag","embeddable":true,"href":"https:\/\/marekkuchcinski.pl\/hu\/wp-json\/wp\/v2\/tags?post=11237"}],"curies":[{"name":"wp","href":"https:\/\/api.w.org\/{rel}","templated":true}]}}