{"id":11217,"date":"2018-11-25T11:22:52","date_gmt":"2018-11-25T10:22:52","guid":{"rendered":"https:\/\/marekkuchcinski.pl\/?p=11217"},"modified":"2018-11-26T11:33:47","modified_gmt":"2018-11-26T10:33:47","slug":"kolejarze-pelnili-swoja-sluzbe-najwyzszym-oddaniem-dajac-wielokrotne-dowody-patriotyzmu-profesjonalizmu-odpowiedzialnosci-list-marszalka-sejmu","status":"publish","type":"post","link":"https:\/\/marekkuchcinski.pl\/hu\/wydarzenia\/kolejarze-pelnili-swoja-sluzbe-najwyzszym-oddaniem-dajac-wielokrotne-dowody-patriotyzmu-profesjonalizmu-odpowiedzialnosci-list-marszalka-sejmu\/","title":{"rendered":"A vasutasok a legnagyobb odaad\u00e1ssal teljes\u00edtett\u00e9k szolg\u00e1latukat, ism\u00e9telten bizony\u00edtva hazaszeretet\u00fcket, szakmais\u00e1gukat \u00e9s felel\u0151ss\u00e9gtudatukat - A Szejm eln\u00f6k\u00e9nek levele"},"content":{"rendered":"<p class=\"p2\" style=\"text-align: left;\"><span class=\"s9\">Szakma co<\/span>lejarz k\u00f6r\u00fclv\u00e9ve <span class=\"s10\">van <\/span>a mi k<span class=\"s4\">paradicsom <\/span>nagy tisztelet. <span class=\"s2\">A  c\u00edmen. <\/span><span class=\"s9\">j\u00f3 <\/span><span class=\"s4\">n\u00e9v\u00a0<\/span><span class=\"s4\">az eg\u00e9sz vil\u00e1g<\/span><span class=\"s9\">k\u00f6r\u00f6k <\/span><span class=\"s2\">dolgozott <\/span><span class=\"s9\">gener\u00e1ci\u00f3k <\/span><span class=\"s11\">emberek <\/span>\u00e9rintett <span class=\"s1\">nem <\/span><span class=\"s11\">csak\u00a0<\/span><span class=\"s2\">w <\/span>a napi <span class=\"s9\">k\u00f6telezetts\u00e9gek, de <\/span><span class=\"s8\">is <\/span><span class=\"s11\">w <\/span><span class=\"s9\">tev\u00e9kenys\u00e9gek <\/span>f\u00fcggetlens\u00e9g. <span class=\"s2\">\u0150k voltak <\/span><span class=\"s9\">annak\u00a0<\/span>szolg\u00e1ltat\u00e1s\u00a0<span class=\"s7\">z <\/span><span class=\"s1\">legmagasabb <\/span>visszaadni, <span class=\"s3\">ad\u00e1s <\/span><span class=\"s1\">t\u00f6bbsz\u00f6r\u00f6s <\/span>a hazaszeretet bizony\u00edt\u00e9ka, <span class=\"s4\">szakmais\u00e1g\u00a0<\/span><span class=\"s1\">i <\/span>felel\u0151ss\u00e9g.<\/p>\n<p class=\"p2\">Vas\u00fat <span class=\"s9\">egys\u00e9ges <\/span><span class=\"s3\">a <\/span>teh\u00e1t <span class=\"s4\">szimb\u00f3lum <\/span><span class=\"s9\">gy\u00f6ny\u00f6r\u0171 <\/span>hagyom\u00e1nyok, sok <span class=\"s9\">eredm\u00e9nyek, <\/span><span class=\"s4\">amely\u00a0<\/span><span class=\"s9\">a\u00a0<\/span>fontos\u00a0<span class=\"s9\">k\u00e1rtya\u00a0<\/span><span class=\"s2\">w <\/span>a helyre\u00e1ll\u00edt\u00e1s t\u00f6rt\u00e9nete <span class=\"s1\">szabads\u00e1gok <\/span>a <span class=\"s6\">Haza. <\/span><span class=\"s1\">Ez a k\u00f6vetkez\u0151h\u00f6z tartozik <\/span>akt\u00edv r\u00e9szv\u00e9tel\u00fck <span class=\"s10\">w <\/span><span class=\"s9\">harcol <\/span>f\u00fcggetlens\u00e9g, <span class=\"s3\">mint a <\/span><span class=\"s9\">szint\u00e9n \u00e9rintett\u00a0<\/span><span class=\"s10\">w <\/span>f\u00fazi\u00f3 <span class=\"s6\">f\u00f6ldek\u00a0<\/span>v\u00e1laszfalak \u00e1ltal sz\u00e9tszak\u00edtva. <span class=\"s1\">Ethos <\/span>kiszolg\u00e1l\u00e1sa <span class=\"s1\">Haza <\/span>l\u00e1that\u00f3v\u00e1 tett\u00e9k\u00a0<span class=\"s10\">kap\u00a0<\/span><span class=\"s4\">is <\/span>via <span class=\"s1\">tev\u00e9kenys\u00e9g\u00a0<\/span><span class=\"s9\">\u00f6sszeesk\u00fcv\u00e9s, <\/span><span class=\"s11\">a <\/span>majd <span class=\"s11\">w <\/span>h\u00e1bor\u00fa ut\u00e1ni \u00e9vek. \u00d6r\u00f6k\u00f6s\u00f6kk\u00e9nt <span class=\"s1\">ezek <\/span><span class=\"s6\">dics\u00e9retes\u00a0<\/span><span class=\"s9\">hagyom\u00e1nyok, <\/span>folytat\u00e1s\u00a0<span class=\"s2\">\u0151ket <\/span><span class=\"s1\">ma\u00a0<\/span>\u00c1llam a szolg\u00e1ltat\u00e1son kereszt\u00fcl\u00a0<span class=\"s8\">t\u00e1rsadalom.\u00a0<\/span><span class=\"s3\">Z <\/span>svtysfakcjq <span class=\"s9\">elfogadott <\/span><span class=\"s1\">\u00edgy az \u00fczenet, <\/span>2e <span class=\"s1\">bekapcsolva <\/span><span class=\"s9\">sig <\/span>\u00c1llam a sz\u00e1zadik \u00e9vfordul\u00f3 jubileumi \u00fcnneps\u00e9g\u00e9n a <span class=\"s4\">helyre\u00e1ll\u00edt\u00e1s <\/span><span class=\"s1\">f\u00fcggetlens\u00e9g. <\/span><span class=\"s6\">Mindenkinek <\/span>Podkarpackie <span class=\"s4\">vasutasok\u00a0<\/span><span class=\"s2\">Szeretn\u00e9k k\u00edv\u00e1nni<\/span><span class=\"s1\">\u00a0<\/span><span class=\"s10\">sok <\/span><span class=\"s4\">siker <\/span><span class=\"s12\">w <\/span>tov\u00e1bbi <span class=\"s2\">munka. \u017b<\/span>K\u00edv\u00e1nom neked, <span class=\"s11\">a <\/span><span class=\"s4\">a mai <\/span>esem\u00e9nyek <span class=\"s4\">kor\u00e1bbi\u00a0<\/span><span class=\"s1\">a  oldalon. <\/span>Az \u00d6n lehet\u0151s\u00e9ge\u00a0<span class=\"s9\">gondolat\u00e9breszt\u0151 <\/span>a  oldalon kereszt\u00fcl <span class=\"s6\">\u00e9rt\u00e9kes <\/span>eredm\u00e9nyek \u00e9s <span class=\"s6\">\u00f6szt\u00f6nz\u0151\u00a0<\/span><span class=\"s9\">a  c\u00edmre. <\/span>l\u00e9trehoz\u00e1sa <span class=\"s8\">\u00faj,\u00a0<\/span>ambici\u00f3zus <span class=\"s4\">tervek.<\/span><\/p>\n<p class=\"p5\"><span class=\"s13\">M\u00e9g mindig <\/span><span class=\"s6\">egyszer <\/span>\u0151szint\u00e9n <span class=\"s4\">\u00dcdv\u00f6zlettel <\/span><span class=\"s9\">\u00e9s \u00f6sszekapcsolom<\/span>\u00a0<span class=\"s6\">kifejez\u00e9sek <\/span>tisztelet.<\/p>\n<p class=\"p5\"><em>Marek Kuchci\u0144ski<\/em><\/p>\n<p class=\"p5\" style=\"padding-left: 30px;\"><a href=\"https:\/\/marekkuchcinski.pl\/wp-content\/uploads\/2018\/11\/DSCF1814-1-1.jpg\"><img fetchpriority=\"high\" decoding=\"async\" class=\"alignnone size-full wp-image-11249\" src=\"https:\/\/marekkuchcinski.pl\/wp-content\/uploads\/2018\/11\/DSCF1814-1-1.jpg\" alt=\"DSCF1814-1\" width=\"3441\" height=\"1951\" srcset=\"https:\/\/marekkuchcinski.pl\/wp-content\/uploads\/2018\/11\/DSCF1814-1-1.jpg 2048w, https:\/\/marekkuchcinski.pl\/wp-content\/uploads\/2018\/11\/DSCF1814-1-1-300x170.jpg 300w, https:\/\/marekkuchcinski.pl\/wp-content\/uploads\/2018\/11\/DSCF1814-1-1-768x435.jpg 768w, https:\/\/marekkuchcinski.pl\/wp-content\/uploads\/2018\/11\/DSCF1814-1-1-1024x581.jpg 1024w\" sizes=\"(max-width: 3441px) 100vw, 3441px\" \/><\/a><!--more--><\/p>\n<p class=\"p5\">A p\u00e1rizsi torony tervez\u0151je, Gustave Eiffel \u00e1ltal tervezett h\u00edd Przemy\u015blben.<\/p>\n<p class=\"p5\"><em>Fot\u00f3: M. Olejnik<\/em><\/p>","protected":false},"excerpt":{"rendered":"<p>Zaw\u00f3d kolejarza otoczony jest w naszym kraju du\u017cym szacunkiem. Na dobre imi\u0119\u00a0ca\u0142ego \u015brodowiska pracowa\u0142y pokolenia ludzi zaanga\u017cowanych nie tylko\u00a0w wykonywanie codziennych obowi\u0105zk\u00f3w, lecz tak\u017ce w dzia\u0142ania niepodleglo\u015bciowe. Pe\u0142nili swoj\u0105\u00a0s\u0142u\u017cb\u0119\u00a0z najwy\u017cszym oddaniem, daj\u0105c wielokrotne dowody patriotyzmu, profesjonalizmu\u00a0i odpowiedzialno\u015bci. Kolejarski mundur jest wi\u0119c symbolem pi\u0119knych tradycji, wielu dokona\u0144, kt\u00f3re\u00a0stanowi\u0105\u00a0wa\u017cn\u0105\u00a0kart\u0119\u00a0w dziejach odzyskiwania wolno\u015bci naszej Ojczyzny. Nale\u017cy do nich [&hellip;]<\/p>\n","protected":false},"author":6,"featured_media":11252,"comment_status":"open","ping_status":"open","sticky":false,"template":"","format":"standard","meta":{"ngg_post_thumbnail":0,"footnotes":""},"categories":[104,49,77,3],"tags":[],"class_list":["post-11217","post","type-post","status-publish","format-standard","has-post-thumbnail","hentry","category-lms","category-podkarpacie","category-wazne-daty","category-wydarzenia"],"_links":{"self":[{"href":"https:\/\/marekkuchcinski.pl\/hu\/wp-json\/wp\/v2\/posts\/11217","targetHints":{"allow":["GET"]}}],"collection":[{"href":"https:\/\/marekkuchcinski.pl\/hu\/wp-json\/wp\/v2\/posts"}],"about":[{"href":"https:\/\/marekkuchcinski.pl\/hu\/wp-json\/wp\/v2\/types\/post"}],"author":[{"embeddable":true,"href":"https:\/\/marekkuchcinski.pl\/hu\/wp-json\/wp\/v2\/users\/6"}],"replies":[{"embeddable":true,"href":"https:\/\/marekkuchcinski.pl\/hu\/wp-json\/wp\/v2\/comments?post=11217"}],"version-history":[{"count":10,"href":"https:\/\/marekkuchcinski.pl\/hu\/wp-json\/wp\/v2\/posts\/11217\/revisions"}],"predecessor-version":[{"id":11275,"href":"https:\/\/marekkuchcinski.pl\/hu\/wp-json\/wp\/v2\/posts\/11217\/revisions\/11275"}],"wp:featuredmedia":[{"embeddable":true,"href":"https:\/\/marekkuchcinski.pl\/hu\/wp-json\/wp\/v2\/media\/11252"}],"wp:attachment":[{"href":"https:\/\/marekkuchcinski.pl\/hu\/wp-json\/wp\/v2\/media?parent=11217"}],"wp:term":[{"taxonomy":"category","embeddable":true,"href":"https:\/\/marekkuchcinski.pl\/hu\/wp-json\/wp\/v2\/categories?post=11217"},{"taxonomy":"post_tag","embeddable":true,"href":"https:\/\/marekkuchcinski.pl\/hu\/wp-json\/wp\/v2\/tags?post=11217"}],"curies":[{"name":"wp","href":"https:\/\/api.w.org\/{rel}","templated":true}]}}