{"id":11157,"date":"2018-11-23T16:18:34","date_gmt":"2018-11-23T15:18:34","guid":{"rendered":"https:\/\/marekkuchcinski.pl\/?p=11157"},"modified":"2018-11-23T16:18:10","modified_gmt":"2018-11-23T15:18:10","slug":"marek-kuchcinski-o-abp-tokarczuku-ziemia-podkarpacka-sprawa-metropolity-stala-sie-miejscem-niezaleznej-wolnosciowej-mysli-promieniujacej-cala-polske","status":"publish","type":"post","link":"https:\/\/marekkuchcinski.pl\/hu\/wydarzenia\/marek-kuchcinski-o-abp-tokarczuku-ziemia-podkarpacka-sprawa-metropolity-stala-sie-miejscem-niezaleznej-wolnosciowej-mysli-promieniujacej-cala-polske\/","title":{"rendered":"Marek Kuchci\u0144ski Tokarczuk \u00e9rsekr\u0151l: A metropolit\u00e1nak k\u00f6sz\u00f6nhet\u0151en a Podkarpacie r\u00e9gi\u00f3 a f\u00fcggetlen \u00e9s szabad gondolkod\u00e1s hely\u00e9v\u00e9 v\u00e1lt, amely eg\u00e9sz Lengyelorsz\u00e1gra kisug\u00e1rzott."},"content":{"rendered":"<p>Ignacy Tokarczuk \u00e9rsek sz\u00fclet\u00e9s\u00e9nek 100. \u00e9vfordul\u00f3j\u00e1n a lengyel parlament a przemy\u015bli metropolit\u00e1t 2018 egyik v\u00e9d\u0151szentj\u00e9v\u00e9 nyilv\u00e1n\u00edtotta.<\/p>\n<p>A \"Tokarczuk Ign\u00e1c \u00e9rsek - a t\u00f6rt\u00e9nelem tan\u00faja, a hit tan\u00faja\" c\u00edm\u0171 konferenci\u00e1n Kuchci\u0144ski marsall hangs\u00falyozta, hogy Tokarczuk \u00e9rsek azon h\u0151s\u00f6k egyike volt, aki tart\u00f3san be\u00edrta mag\u00e1t a lengyel f\u00fcggetlens\u00e9gi t\u00f6rekv\u00e9sek k\u00f6z\u00e9, \u0151 volt<strong>\u00a0<\/strong>Rendk\u00edv\u00fcli ember volt, a f\u00fcggetlen Lengyelorsz\u00e1g rend\u00edthetetlen sz\u00f3sz\u00f3l\u00f3ja. Ny\u00edltan leleplezte a k\u00e9pmutat\u00e1st \u00e9s az emberi jogok \u00e9s az egyh\u00e1z megs\u00e9rt\u00e9se ellen ir\u00e1nyul\u00f3 akci\u00f3kat. Pr\u00e9dik\u00e1ci\u00f3iban hangs\u00falyozta, hogy \"a lengyel nemzet abnorm\u00e1lis id\u0151ket \u00e9l, \u00e9s a kommunist\u00e1k \u00e1ltal bevezetett rendszer a t\u00f6rv\u00e9nytelens\u00e9g a t\u00f6rv\u00e9ny k\u00f6nt\u00f6s\u00e9be b\u00fajtatott t\u00f6rv\u00e9nytelens\u00e9g\".<\/p>\n<p>A marsall felid\u00e9zte, hogy a metropolita hangosan ki\u00e1llt a h\u00edvek m\u00e9lt\u00f3s\u00e1ga \u00e9s jogai mellett, a b\u00e1tors\u00e1g \u00e9s a megalkuv\u00e1s n\u00e9lk\u00fcli magatart\u00e1s p\u00e9ldak\u00e9pe volt, \u00e1tt\u00f6rte a kommunista biztons\u00e1gi appar\u00e1tust\u00f3l val\u00f3 f\u00e9lelem g\u00e1tj\u00e1t, \u00e9s neki k\u00f6sz\u00f6nhet\u0151en sok ellenz\u00e9ki aktivista nemcsak lelki \u00e9s anyagi seg\u00edts\u00e9get, hanem inspir\u00e1ci\u00f3t is tal\u00e1lt a tov\u00e1bbi cselekv\u00e9sre.<\/p>\n<p>Ott, Przemy\u015blben, az \u00e9rsekkel egy\u00fctt sz\u00fcletett meg a f\u00fcggetlen parasztmozgalom gondolata. \u00c9s nyugodtan mondhatjuk, hogy a metropolita r\u00e9v\u00e9n a Podkarpacie r\u00e9gi\u00f3 a f\u00fcggetlen \u00e9s szabad gondolkod\u00e1s hely\u00e9v\u00e9 v\u00e1lt, amely eg\u00e9sz Lengyelorsz\u00e1gra kisug\u00e1rzott.<\/p>\n<p>Marek Kuchci\u0144ski hangs\u00falyozta, hogy a p\u00fcsp\u00f6k atya m\u00e9lyen a sz\u00edvekbe \u00e9s az elm\u00e9kbe oltotta a f\u00fcggetlen \u00e9s demokratikus Sz\u00fcl\u0151f\u00f6ld ir\u00e1nti v\u00e1gyat. Ezeket a v\u00e1gyakat k\u00fcl\u00f6nleges m\u00f3don t\u00e1pl\u00e1lta a f\u00fcggetlen kult\u00fara \u00e9s a f\u00fcggetlen kiad\u00f3i tev\u00e9kenys\u00e9g t\u00e1mogat\u00e1s\u00e1val. Seg\u00edts\u00e9get ny\u00fajtott az elnyomottaknak \u00e9s csal\u00e1djaiknak. Nem t\u00e9vedett, amikor 1982-t\u0151l kezdve azt \u00e1ll\u00edtotta, hogy a stat\u00e1rium a totalit\u00e1rius rendszer \u00f6sszeoml\u00e1s\u00e1nak kezdete.<\/p>\n<p>- \u00dagy v\u00e9lem, hogy az egyik legfontosabb eredm\u00e9nye az akkori Przemy\u015bli egyh\u00e1zmegy\u00e9ben, amely a mai Podkarpatszkaja tartom\u00e1ny hat\u00e1rait keresztezi, t\u00f6bb mint 400 templom \u00e9p\u00edt\u00e9se volt. \u00cdgy P. Abp nemcsak megk\u00f6nny\u00edtette az emberek sz\u00e1m\u00e1ra a szentmis\u00e9ken val\u00f3 r\u00e9szv\u00e9telt \u00e9s az egyetemes egyh\u00e1z fejl\u0151d\u00e9s\u00e9t, hanem \u00f6r\u00f6kre meger\u0151s\u00edtette a r\u00f3mai katolikus r\u00edtust eg\u00e9sz Podkarpatszkaja ter\u00fclet\u00e9n\" - z\u00e1rta szavait a szejm eln\u00f6ke.<\/p>\n<p>A felsz\u00f3lal\u00f3k k\u00f6z\u00f6tt szerepeltek\u00a0<strong>\u00a0<\/strong>Rev. Franciszek Rz\u0105sa (\"Tokarczuk Ign\u00e1c \u00e9rsek - a przemy\u015bli egyh\u00e1zmegye papjainak lelki atyja szemsz\u00f6g\u00e9b\u0151l - visszaeml\u00e9kez\u00e9sek\"), Prof. J\u00f3zef Wo\u0142cza\u0144ski tiszteletes (\"Tokarczuk Ign\u00e1c \u00e9rsek lelkip\u00e1sztori \u00e9s szervezeti tev\u00e9kenys\u00e9ge a przemy\u015bli egyh\u00e1zban\") \u00e9s Dr. Mariusz Krzysztofi\u0144ski (\"Tokarczuk Ign\u00e1c \u00e9rsek - az igazs\u00e1g \u00e9s a h\u00edv\u0151k jogainak v\u00e9delmez\u0151je, a \"Szolidarit\u00e1s\" sz\u00f3sz\u00f3l\u00f3ja\"). Az eg\u00e9sz esem\u00e9nyt Tokarczuk Ign\u00e1c \u00e9rsek pr\u00e9dik\u00e1ci\u00f3inak \u00e9s napl\u00f3jegyzeteinek r\u00e9szletei sz\u00ednes\u00edtett\u00e9k dokumentumfilmes vet\u00edtett mont\u00e1zs form\u00e1j\u00e1ban, valamint Waldemar Czyszak - a rzesz\u00f3wi Wanda Siemaszkowa Sz\u00ednh\u00e1z sz\u00edn\u00e9sze - sz\u00edn\u00e9szi tolm\u00e1csol\u00e1s\u00e1ban. Az esem\u00e9nyt a Nemzeti Eml\u00e9kezet Int\u00e9zet\u00e9nek Rzesz\u00f3wi Fi\u00f3kja \u00e1ltal k\u00e9sz\u00edtett \"Ignacy Tokarczuk \u00e9rsek - Egyh\u00e1z, hatalom - t\u00e1rsadalmi ellen\u00e1ll\u00e1s\" c\u00edm\u0171 tematikus ki\u00e1ll\u00edt\u00e1s k\u00eds\u00e9rte.<\/p>\n<p>A konferenci\u00e1t Marek Kuchci\u0144ski szejm marsall, Stanis\u0142aw G\u0105decki \u00e9rsek, a Lengyel P\u00fcsp\u00f6ki Konferencia eln\u00f6ke \u00e9s Adam Szal przemysli \u00e9rsek tiszteletbeli v\u00e9dn\u00f6ks\u00e9ge alatt tartott\u00e1k. Ewa Leniart podkarpatszka vajda \u00e9s W\u0142adys\u0142aw Ortyl vajdas\u00e1gi marsall kezdem\u00e9nyez\u00e9s\u00e9re j\u00f6tt l\u00e9tre.<\/p>\n<p><strong>Tov\u00e1bbi anyagok Tokarczuk Ign\u00e1c \u00e9rsekr\u0151l:<\/strong><\/p>\n<p><a href=\"https:\/\/marekkuchcinski.pl\/hu\/wydarzenia\/marszalek-sejmu-ideologie-xx-xxi-wieku-wciaz-wzywaja-nas-dawania-swiadectwa-wiary-boga-szacunku-czlowieka-odwagi-wiernosci-dzielu-naszych-przodkow\/\">https:\/\/marekkuchcinski.pl\/wydarzenia\/marszalek-sejmu-ideologie-xx-xxi-wieku-wciaz-wzywaja-nas-dawania-swiadectwa-wiary-boga-szacunku-czlowieka-odwagi-wiernosci-dzielu-naszych-przodkow\/<\/a><\/p>\n<p><a href=\"https:\/\/marekkuchcinski.pl\/wp-content\/uploads\/2018\/11\/18920583_1921884804694406_2246382630926971964_n.jpg\"><img fetchpriority=\"high\" decoding=\"async\" class=\"alignnone size-full wp-image-11198\" src=\"https:\/\/marekkuchcinski.pl\/wp-content\/uploads\/2018\/11\/18920583_1921884804694406_2246382630926971964_n.jpg\" alt=\"18920583_1921884804694406_2246382630926971964_n\" width=\"329\" height=\"226\" srcset=\"https:\/\/marekkuchcinski.pl\/wp-content\/uploads\/2018\/11\/18920583_1921884804694406_2246382630926971964_n.jpg 329w, https:\/\/marekkuchcinski.pl\/wp-content\/uploads\/2018\/11\/18920583_1921884804694406_2246382630926971964_n-300x206.jpg 300w\" sizes=\"(max-width: 329px) 100vw, 329px\" \/><\/a><\/p>\n<blockquote class=\"wp-embedded-content\" data-secret=\"nOJkXXSFFC\"><p><a href=\"https:\/\/marekkuchcinski.pl\/hu\/wydarzenia\/odszedl-do-pana-niezlomny\/\">Elhunyt Ignacy Marcin Tokarczuk \u00e9rsek<\/a><\/p><\/blockquote>\n<p><iframe class=\"wp-embedded-content\" sandbox=\"allow-scripts\" security=\"restricted\" style=\"position: absolute; clip: rect(1px, 1px, 1px, 1px);\" title=\"&quot;Ignacy Marcin Tokarczuk \u00e9rsek az \u00darhoz t\u00e1vozott&quot; - Marek Kuchci\u0144ski\" src=\"https:\/\/marekkuchcinski.pl\/wydarzenia\/odszedl-do-pana-niezlomny\/embed\/#?secret=nOJkXXSFFC\" data-secret=\"nOJkXXSFFC\" width=\"600\" height=\"338\" frameborder=\"0\" marginwidth=\"0\" marginheight=\"0\" scrolling=\"no\"><\/iframe><\/p>\n<blockquote class=\"wp-embedded-content\" data-secret=\"SB7IlgsBtJ\"><p><a href=\"https:\/\/marekkuchcinski.pl\/hu\/wydarzenia\/sesja-naukowa-poswiecona-abp-ignacemu-tokarczukowi\/\">A Przemy\u015bl metropolita \u00e9rsek\u00e9nek, Ignacy Tokarczuk \u00e9rseknek szentelt tudom\u00e1nyos \u00fcl\u00e9sszak<\/a><\/p><\/blockquote>\n<p><iframe class=\"wp-embedded-content\" sandbox=\"allow-scripts\" security=\"restricted\" style=\"position: absolute; clip: rect(1px, 1px, 1px, 1px);\" title=\"&quot;A Przemy\u015bl metropolita \u00e9rsek\u00e9nek, Ignacy Tokarczuk \u00e9rseknek szentelt tudom\u00e1nyos \u00fcl\u00e9sszak&quot; - Marek Kuchci\u0144ski\" src=\"https:\/\/marekkuchcinski.pl\/wydarzenia\/sesja-naukowa-poswiecona-abp-ignacemu-tokarczukowi\/embed\/#?secret=SB7IlgsBtJ\" data-secret=\"SB7IlgsBtJ\" width=\"600\" height=\"338\" frameborder=\"0\" marginwidth=\"0\" marginheight=\"0\" scrolling=\"no\"><\/iframe><\/p>\n<p><em>Fot\u00f3: M. Olejnik<\/em><\/p>\n<p><a href=\"https:\/\/marekkuchcinski.pl\/wp-content\/uploads\/2018\/11\/tok6.jpg\"><img decoding=\"async\" class=\"alignnone size-full wp-image-11158\" src=\"https:\/\/marekkuchcinski.pl\/wp-content\/uploads\/2018\/11\/tok6.jpg\" alt=\"tok6\" width=\"3918\" height=\"2615\" srcset=\"https:\/\/marekkuchcinski.pl\/wp-content\/uploads\/2018\/11\/tok6.jpg 2048w, https:\/\/marekkuchcinski.pl\/wp-content\/uploads\/2018\/11\/tok6-300x200.jpg 300w, https:\/\/marekkuchcinski.pl\/wp-content\/uploads\/2018\/11\/tok6-768x513.jpg 768w, https:\/\/marekkuchcinski.pl\/wp-content\/uploads\/2018\/11\/tok6-1024x683.jpg 1024w\" sizes=\"(max-width: 3918px) 100vw, 3918px\" \/><\/a>\u00a0F\u00fcggetlens\u00e9gi harang - W\u0142adys\u0142aw Ortyl, a Podkarpatszkaja r\u00e9gi\u00f3 marsallj\u00e1nak aj\u00e1nd\u00e9ka.<a href=\"https:\/\/marekkuchcinski.pl\/wp-content\/uploads\/2018\/11\/tok.jpg\"><img decoding=\"async\" class=\"alignnone size-full wp-image-11162\" src=\"https:\/\/marekkuchcinski.pl\/wp-content\/uploads\/2018\/11\/tok.jpg\" alt=\"tok\" width=\"4436\" height=\"3121\" srcset=\"https:\/\/marekkuchcinski.pl\/wp-content\/uploads\/2018\/11\/tok.jpg 2048w, https:\/\/marekkuchcinski.pl\/wp-content\/uploads\/2018\/11\/tok-300x211.jpg 300w, https:\/\/marekkuchcinski.pl\/wp-content\/uploads\/2018\/11\/tok-768x540.jpg 768w, https:\/\/marekkuchcinski.pl\/wp-content\/uploads\/2018\/11\/tok-1024x720.jpg 1024w\" sizes=\"(max-width: 4436px) 100vw, 4436px\" \/><\/a><\/p>\n<p><em>Fot\u00f3: M. Marchlewska<\/em><\/p>\n<p><a href=\"https:\/\/marekkuchcinski.pl\/wp-content\/uploads\/2018\/11\/MMA_4703.jpg\"><img loading=\"lazy\" decoding=\"async\" class=\"alignnone size-full wp-image-11202\" src=\"https:\/\/marekkuchcinski.pl\/wp-content\/uploads\/2018\/11\/MMA_4703.jpg\" alt=\"MMA_4703\" width=\"6189\" height=\"4126\" srcset=\"https:\/\/marekkuchcinski.pl\/wp-content\/uploads\/2018\/11\/MMA_4703.jpg 2048w, https:\/\/marekkuchcinski.pl\/wp-content\/uploads\/2018\/11\/MMA_4703-300x200.jpg 300w, https:\/\/marekkuchcinski.pl\/wp-content\/uploads\/2018\/11\/MMA_4703-768x512.jpg 768w, https:\/\/marekkuchcinski.pl\/wp-content\/uploads\/2018\/11\/MMA_4703-1024x683.jpg 1024w\" sizes=\"(max-width: 6189px) 100vw, 6189px\" \/><\/a><\/p>\n<p>Szejm: Tokarczuk Ign\u00e1c \u00e9rsek tisztelet\u00e9re rendezett ki\u00e1ll\u00edt\u00e1s, IPN Rzesz\u00f3w<\/p>\n<p><a href=\"https:\/\/marekkuchcinski.pl\/wp-content\/uploads\/2018\/11\/000_tokarczuk-1.jpg\"><img loading=\"lazy\" decoding=\"async\" class=\"alignnone size-full wp-image-11194\" src=\"https:\/\/marekkuchcinski.pl\/wp-content\/uploads\/2018\/11\/000_tokarczuk-1.jpg\" alt=\"000_tokarczuk\" width=\"2549\" height=\"4725\" srcset=\"https:\/\/marekkuchcinski.pl\/wp-content\/uploads\/2018\/11\/000_tokarczuk-1.jpg 1105w, https:\/\/marekkuchcinski.pl\/wp-content\/uploads\/2018\/11\/000_tokarczuk-1-162x300.jpg 162w, https:\/\/marekkuchcinski.pl\/wp-content\/uploads\/2018\/11\/000_tokarczuk-1-768x1424.jpg 768w, https:\/\/marekkuchcinski.pl\/wp-content\/uploads\/2018\/11\/000_tokarczuk-1-552x1024.jpg 552w\" sizes=\"(max-width: 2549px) 100vw, 2549px\" \/><\/a> <a href=\"https:\/\/marekkuchcinski.pl\/wp-content\/uploads\/2018\/11\/001_tokarczuk.jpg\"><img loading=\"lazy\" decoding=\"async\" class=\"alignnone size-full wp-image-11172\" src=\"https:\/\/marekkuchcinski.pl\/wp-content\/uploads\/2018\/11\/001_tokarczuk.jpg\" alt=\"001_tokarczuk\" width=\"2549\" height=\"4725\" srcset=\"https:\/\/marekkuchcinski.pl\/wp-content\/uploads\/2018\/11\/001_tokarczuk.jpg 1105w, https:\/\/marekkuchcinski.pl\/wp-content\/uploads\/2018\/11\/001_tokarczuk-162x300.jpg 162w, https:\/\/marekkuchcinski.pl\/wp-content\/uploads\/2018\/11\/001_tokarczuk-768x1424.jpg 768w, https:\/\/marekkuchcinski.pl\/wp-content\/uploads\/2018\/11\/001_tokarczuk-552x1024.jpg 552w\" sizes=\"(max-width: 2549px) 100vw, 2549px\" \/><\/a> <a href=\"https:\/\/marekkuchcinski.pl\/wp-content\/uploads\/2018\/11\/002_tokarczuk.jpg\"><img loading=\"lazy\" decoding=\"async\" class=\"alignnone size-full wp-image-11173\" src=\"https:\/\/marekkuchcinski.pl\/wp-content\/uploads\/2018\/11\/002_tokarczuk.jpg\" alt=\"002_tokarczuk\" width=\"2549\" height=\"4725\" srcset=\"https:\/\/marekkuchcinski.pl\/wp-content\/uploads\/2018\/11\/002_tokarczuk.jpg 1105w, https:\/\/marekkuchcinski.pl\/wp-content\/uploads\/2018\/11\/002_tokarczuk-162x300.jpg 162w, https:\/\/marekkuchcinski.pl\/wp-content\/uploads\/2018\/11\/002_tokarczuk-768x1424.jpg 768w, https:\/\/marekkuchcinski.pl\/wp-content\/uploads\/2018\/11\/002_tokarczuk-552x1024.jpg 552w\" sizes=\"(max-width: 2549px) 100vw, 2549px\" \/><\/a> <a href=\"https:\/\/marekkuchcinski.pl\/wp-content\/uploads\/2018\/11\/003_tokarczuk.jpg\"><img loading=\"lazy\" decoding=\"async\" class=\"alignnone size-full wp-image-11174\" src=\"https:\/\/marekkuchcinski.pl\/wp-content\/uploads\/2018\/11\/003_tokarczuk.jpg\" alt=\"003_tokarczuk\" width=\"2549\" height=\"4725\" srcset=\"https:\/\/marekkuchcinski.pl\/wp-content\/uploads\/2018\/11\/003_tokarczuk.jpg 1105w, https:\/\/marekkuchcinski.pl\/wp-content\/uploads\/2018\/11\/003_tokarczuk-162x300.jpg 162w, https:\/\/marekkuchcinski.pl\/wp-content\/uploads\/2018\/11\/003_tokarczuk-768x1424.jpg 768w, https:\/\/marekkuchcinski.pl\/wp-content\/uploads\/2018\/11\/003_tokarczuk-552x1024.jpg 552w\" sizes=\"(max-width: 2549px) 100vw, 2549px\" \/><\/a> <a href=\"https:\/\/marekkuchcinski.pl\/wp-content\/uploads\/2018\/11\/004_tokarczuk.jpg\"><img loading=\"lazy\" decoding=\"async\" class=\"alignnone size-full wp-image-11175\" src=\"https:\/\/marekkuchcinski.pl\/wp-content\/uploads\/2018\/11\/004_tokarczuk.jpg\" alt=\"004_tokarczuk\" width=\"2549\" height=\"4725\" srcset=\"https:\/\/marekkuchcinski.pl\/wp-content\/uploads\/2018\/11\/004_tokarczuk.jpg 1105w, https:\/\/marekkuchcinski.pl\/wp-content\/uploads\/2018\/11\/004_tokarczuk-162x300.jpg 162w, https:\/\/marekkuchcinski.pl\/wp-content\/uploads\/2018\/11\/004_tokarczuk-768x1424.jpg 768w, https:\/\/marekkuchcinski.pl\/wp-content\/uploads\/2018\/11\/004_tokarczuk-552x1024.jpg 552w\" sizes=\"(max-width: 2549px) 100vw, 2549px\" \/><\/a> <a href=\"https:\/\/marekkuchcinski.pl\/wp-content\/uploads\/2018\/11\/005_tokarczuk.jpg\"><img loading=\"lazy\" decoding=\"async\" class=\"alignnone size-full wp-image-11176\" src=\"https:\/\/marekkuchcinski.pl\/wp-content\/uploads\/2018\/11\/005_tokarczuk.jpg\" alt=\"005_tokarczuk\" width=\"2549\" height=\"4725\" srcset=\"https:\/\/marekkuchcinski.pl\/wp-content\/uploads\/2018\/11\/005_tokarczuk.jpg 1105w, https:\/\/marekkuchcinski.pl\/wp-content\/uploads\/2018\/11\/005_tokarczuk-162x300.jpg 162w, https:\/\/marekkuchcinski.pl\/wp-content\/uploads\/2018\/11\/005_tokarczuk-768x1424.jpg 768w, https:\/\/marekkuchcinski.pl\/wp-content\/uploads\/2018\/11\/005_tokarczuk-552x1024.jpg 552w\" sizes=\"(max-width: 2549px) 100vw, 2549px\" \/><\/a> <a href=\"https:\/\/marekkuchcinski.pl\/wp-content\/uploads\/2018\/11\/006_tokarczuk.jpg\"><img loading=\"lazy\" decoding=\"async\" class=\"alignnone size-full wp-image-11177\" src=\"https:\/\/marekkuchcinski.pl\/wp-content\/uploads\/2018\/11\/006_tokarczuk.jpg\" alt=\"006_tokarczuk\" width=\"2549\" height=\"4725\" srcset=\"https:\/\/marekkuchcinski.pl\/wp-content\/uploads\/2018\/11\/006_tokarczuk.jpg 1105w, https:\/\/marekkuchcinski.pl\/wp-content\/uploads\/2018\/11\/006_tokarczuk-162x300.jpg 162w, https:\/\/marekkuchcinski.pl\/wp-content\/uploads\/2018\/11\/006_tokarczuk-768x1424.jpg 768w, https:\/\/marekkuchcinski.pl\/wp-content\/uploads\/2018\/11\/006_tokarczuk-552x1024.jpg 552w\" sizes=\"(max-width: 2549px) 100vw, 2549px\" \/><\/a> <a href=\"https:\/\/marekkuchcinski.pl\/wp-content\/uploads\/2018\/11\/007_tokarczuk.jpg\"><img loading=\"lazy\" decoding=\"async\" class=\"alignnone size-full wp-image-11178\" src=\"https:\/\/marekkuchcinski.pl\/wp-content\/uploads\/2018\/11\/007_tokarczuk.jpg\" alt=\"007_tokarczuk\" width=\"2549\" height=\"4725\" srcset=\"https:\/\/marekkuchcinski.pl\/wp-content\/uploads\/2018\/11\/007_tokarczuk.jpg 1105w, https:\/\/marekkuchcinski.pl\/wp-content\/uploads\/2018\/11\/007_tokarczuk-162x300.jpg 162w, https:\/\/marekkuchcinski.pl\/wp-content\/uploads\/2018\/11\/007_tokarczuk-768x1424.jpg 768w, https:\/\/marekkuchcinski.pl\/wp-content\/uploads\/2018\/11\/007_tokarczuk-552x1024.jpg 552w\" sizes=\"(max-width: 2549px) 100vw, 2549px\" \/><\/a> <a href=\"https:\/\/marekkuchcinski.pl\/wp-content\/uploads\/2018\/11\/008_tokarczuk.jpg\"><img loading=\"lazy\" decoding=\"async\" class=\"alignnone size-full wp-image-11179\" src=\"https:\/\/marekkuchcinski.pl\/wp-content\/uploads\/2018\/11\/008_tokarczuk.jpg\" alt=\"008_tokarczuk\" width=\"2549\" height=\"4725\" srcset=\"https:\/\/marekkuchcinski.pl\/wp-content\/uploads\/2018\/11\/008_tokarczuk.jpg 1105w, https:\/\/marekkuchcinski.pl\/wp-content\/uploads\/2018\/11\/008_tokarczuk-162x300.jpg 162w, https:\/\/marekkuchcinski.pl\/wp-content\/uploads\/2018\/11\/008_tokarczuk-768x1424.jpg 768w, https:\/\/marekkuchcinski.pl\/wp-content\/uploads\/2018\/11\/008_tokarczuk-552x1024.jpg 552w\" sizes=\"(max-width: 2549px) 100vw, 2549px\" \/><\/a> <a href=\"https:\/\/marekkuchcinski.pl\/wp-content\/uploads\/2018\/11\/009_tokarczuk.jpg\"><img loading=\"lazy\" decoding=\"async\" class=\"alignnone size-full wp-image-11180\" src=\"https:\/\/marekkuchcinski.pl\/wp-content\/uploads\/2018\/11\/009_tokarczuk.jpg\" alt=\"009_tokarczuk\" width=\"2549\" height=\"4725\" srcset=\"https:\/\/marekkuchcinski.pl\/wp-content\/uploads\/2018\/11\/009_tokarczuk.jpg 1105w, https:\/\/marekkuchcinski.pl\/wp-content\/uploads\/2018\/11\/009_tokarczuk-162x300.jpg 162w, https:\/\/marekkuchcinski.pl\/wp-content\/uploads\/2018\/11\/009_tokarczuk-768x1424.jpg 768w, https:\/\/marekkuchcinski.pl\/wp-content\/uploads\/2018\/11\/009_tokarczuk-552x1024.jpg 552w\" sizes=\"(max-width: 2549px) 100vw, 2549px\" \/><\/a> <a href=\"https:\/\/marekkuchcinski.pl\/wp-content\/uploads\/2018\/11\/010_tokarczuk.jpg\"><img loading=\"lazy\" decoding=\"async\" class=\"alignnone size-full wp-image-11181\" src=\"https:\/\/marekkuchcinski.pl\/wp-content\/uploads\/2018\/11\/010_tokarczuk.jpg\" alt=\"010_tokarczuk\" width=\"2549\" height=\"4725\" srcset=\"https:\/\/marekkuchcinski.pl\/wp-content\/uploads\/2018\/11\/010_tokarczuk.jpg 1105w, https:\/\/marekkuchcinski.pl\/wp-content\/uploads\/2018\/11\/010_tokarczuk-162x300.jpg 162w, https:\/\/marekkuchcinski.pl\/wp-content\/uploads\/2018\/11\/010_tokarczuk-768x1424.jpg 768w, https:\/\/marekkuchcinski.pl\/wp-content\/uploads\/2018\/11\/010_tokarczuk-552x1024.jpg 552w\" sizes=\"(max-width: 2549px) 100vw, 2549px\" \/><\/a> <a href=\"https:\/\/marekkuchcinski.pl\/wp-content\/uploads\/2018\/11\/011_tokarczuk.jpg\"><img loading=\"lazy\" decoding=\"async\" class=\"alignnone size-full wp-image-11182\" src=\"https:\/\/marekkuchcinski.pl\/wp-content\/uploads\/2018\/11\/011_tokarczuk.jpg\" alt=\"011_tokarczuk\" width=\"2549\" height=\"4725\" srcset=\"https:\/\/marekkuchcinski.pl\/wp-content\/uploads\/2018\/11\/011_tokarczuk.jpg 1105w, https:\/\/marekkuchcinski.pl\/wp-content\/uploads\/2018\/11\/011_tokarczuk-162x300.jpg 162w, https:\/\/marekkuchcinski.pl\/wp-content\/uploads\/2018\/11\/011_tokarczuk-768x1424.jpg 768w, https:\/\/marekkuchcinski.pl\/wp-content\/uploads\/2018\/11\/011_tokarczuk-552x1024.jpg 552w\" sizes=\"(max-width: 2549px) 100vw, 2549px\" \/><\/a> <a href=\"https:\/\/marekkuchcinski.pl\/wp-content\/uploads\/2018\/11\/012_tokarczuk.jpg\"><img loading=\"lazy\" decoding=\"async\" class=\"alignnone size-full wp-image-11183\" src=\"https:\/\/marekkuchcinski.pl\/wp-content\/uploads\/2018\/11\/012_tokarczuk.jpg\" alt=\"012_tokarczuk\" width=\"2549\" height=\"4725\" srcset=\"https:\/\/marekkuchcinski.pl\/wp-content\/uploads\/2018\/11\/012_tokarczuk.jpg 1105w, https:\/\/marekkuchcinski.pl\/wp-content\/uploads\/2018\/11\/012_tokarczuk-162x300.jpg 162w, https:\/\/marekkuchcinski.pl\/wp-content\/uploads\/2018\/11\/012_tokarczuk-768x1424.jpg 768w, https:\/\/marekkuchcinski.pl\/wp-content\/uploads\/2018\/11\/012_tokarczuk-552x1024.jpg 552w\" sizes=\"(max-width: 2549px) 100vw, 2549px\" \/><\/a> <a href=\"https:\/\/marekkuchcinski.pl\/wp-content\/uploads\/2018\/11\/013_tokarczuk.jpg\"><img loading=\"lazy\" decoding=\"async\" class=\"alignnone size-full wp-image-11184\" src=\"https:\/\/marekkuchcinski.pl\/wp-content\/uploads\/2018\/11\/013_tokarczuk.jpg\" alt=\"013_tokarczuk\" width=\"2549\" height=\"4725\" srcset=\"https:\/\/marekkuchcinski.pl\/wp-content\/uploads\/2018\/11\/013_tokarczuk.jpg 1105w, https:\/\/marekkuchcinski.pl\/wp-content\/uploads\/2018\/11\/013_tokarczuk-162x300.jpg 162w, https:\/\/marekkuchcinski.pl\/wp-content\/uploads\/2018\/11\/013_tokarczuk-768x1424.jpg 768w, https:\/\/marekkuchcinski.pl\/wp-content\/uploads\/2018\/11\/013_tokarczuk-552x1024.jpg 552w\" sizes=\"(max-width: 2549px) 100vw, 2549px\" \/><\/a><\/p>\n<p>&nbsp;<\/p>","protected":false},"excerpt":{"rendered":"<p>w 100. rocznic\u0119 urodzin ksi\u0119dza arcybiskupa Ignacego Tokarczuka Sejm RP ustanowi\u0142 Metropolit\u0119 Przemyskiego\u00a0jednym z patron\u00f3w 2018 roku. Podczas konferencji \u201eArcybiskup Ignacy Tokarczuk \u2013 \u015bwiadek historii, \u015bwiadek wiary\u201d marsza\u0142ek Kuchci\u0144ski podkre\u015bla\u0142, \u017ce abp. Tokarczuk by\u0142 jednym z bohater\u00f3w, kt\u00f3ry na trwa\u0142e zapisa\u0142 si\u0119 w polskich d\u0105\u017ceniach do niepodleg\u0142o\u015bci, by\u0142\u00a0cz\u0142owiekiem niezwyk\u0142ym, niez\u0142omnym or\u0119downikiem niezale\u017cnej Polski. Otwarcie obna\u017ca\u0142 [&hellip;]<\/p>\n","protected":false},"author":6,"featured_media":11164,"comment_status":"open","ping_status":"open","sticky":false,"template":"","format":"standard","meta":{"ngg_post_thumbnail":0,"footnotes":""},"categories":[49,81,3],"tags":[],"class_list":["post-11157","post","type-post","status-publish","format-standard","has-post-thumbnail","hentry","category-podkarpacie","category-wiesci-z-sejmu","category-wydarzenia"],"_links":{"self":[{"href":"https:\/\/marekkuchcinski.pl\/hu\/wp-json\/wp\/v2\/posts\/11157","targetHints":{"allow":["GET"]}}],"collection":[{"href":"https:\/\/marekkuchcinski.pl\/hu\/wp-json\/wp\/v2\/posts"}],"about":[{"href":"https:\/\/marekkuchcinski.pl\/hu\/wp-json\/wp\/v2\/types\/post"}],"author":[{"embeddable":true,"href":"https:\/\/marekkuchcinski.pl\/hu\/wp-json\/wp\/v2\/users\/6"}],"replies":[{"embeddable":true,"href":"https:\/\/marekkuchcinski.pl\/hu\/wp-json\/wp\/v2\/comments?post=11157"}],"version-history":[{"count":20,"href":"https:\/\/marekkuchcinski.pl\/hu\/wp-json\/wp\/v2\/posts\/11157\/revisions"}],"predecessor-version":[{"id":11204,"href":"https:\/\/marekkuchcinski.pl\/hu\/wp-json\/wp\/v2\/posts\/11157\/revisions\/11204"}],"wp:featuredmedia":[{"embeddable":true,"href":"https:\/\/marekkuchcinski.pl\/hu\/wp-json\/wp\/v2\/media\/11164"}],"wp:attachment":[{"href":"https:\/\/marekkuchcinski.pl\/hu\/wp-json\/wp\/v2\/media?parent=11157"}],"wp:term":[{"taxonomy":"category","embeddable":true,"href":"https:\/\/marekkuchcinski.pl\/hu\/wp-json\/wp\/v2\/categories?post=11157"},{"taxonomy":"post_tag","embeddable":true,"href":"https:\/\/marekkuchcinski.pl\/hu\/wp-json\/wp\/v2\/tags?post=11157"}],"curies":[{"name":"wp","href":"https:\/\/api.w.org\/{rel}","templated":true}]}}