{"id":11138,"date":"2018-11-21T14:47:01","date_gmt":"2018-11-21T13:47:01","guid":{"rendered":"https:\/\/marekkuchcinski.pl\/?p=11138"},"modified":"2018-11-23T15:06:07","modified_gmt":"2018-11-23T14:06:07","slug":"22-listopada-1918-r-orleta-wygraly-walke-o-lwow","status":"publish","type":"post","link":"https:\/\/marekkuchcinski.pl\/hu\/wydarzenia\/22-listopada-1918-r-orleta-wygraly-walke-o-lwow\/","title":{"rendered":"1918. november 22. Sasok nyert\u00e9k a Lviv\u00e9rt v\u00edvott csat\u00e1t"},"content":{"rendered":"<p>A fiatalok jelentik Lengyelorsz\u00e1g j\u00f6v\u0151j\u00e9t \u00e9s nagy rem\u00e9nys\u00e9g\u00e9t. A m\u00faltban a fiatal lengyelek sokszor bizony\u00edtott\u00e1k ezt tud\u00e1sukkal, szorgalmukkal, v\u00e1ltoztat\u00e1si hajland\u00f3s\u00e1gukkal, de \u00e1ldozatv\u00e1llal\u00e1sukkal \u00e9s az ellens\u00e9g elleni harcukkal is. Ez t\u00f6rt\u00e9nt 1918-ban Lw\u00f3wban is, amikor a v\u00e1rost a sasok felszabad\u00edtott\u00e1k. A lw\u00f3wi sasok a mai napig a haza ir\u00e1nti nagy szeretet \u00e9s a legnagyobb \u00e1ldozatra val\u00f3 k\u00e9szs\u00e9g szimb\u00f3lumai. Amikor 1918-ban Ukrajna azt tervezte, hogy a v\u00e1ros t\u00f6rt\u00e9nelmi lengyel jelleg\u00e9vel szembeszeg\u00fclve Lvovot a ter\u00fclet\u00e9hez csatolja, a di\u00e1kok fegyvert fogtak, \u00e9s k\u00e9s\u0151bb \"Lw\u00f3w sasai\"-nak nevezt\u00e9k \u0151ket. 1918. november 1-j\u00e9n felkel\u00e9s t\u00f6rt ki Aleksander Fredro, Jan D\u0142ugosz \u00e9s Tadeusz B\u00f3r-Komorowski sz\u00fcl\u0151v\u00e1ros\u00e1ban. Alig egy tucat nappal k\u00e9s\u0151bb lengyel csapatok \u00e9rkeztek a v\u00e1ros felment\u00e9s\u00e9re, amelyeket t\u00f6bbek k\u00f6z\u00f6tt a Przemysl Sasok is meger\u0151s\u00edtettek. A t\u00f6rt\u00e9n\u00e9szek \u00fagy v\u00e9lik, hogy november 22-ig tartott. A h\u00e1romhetes harcokban t\u00f6bb mint hatezer lengyel vett r\u00e9szt. Csaknem fele fiatal volt, \u00e9s a legfiatalabb r\u00e9sztvev\u0151 kilenc \u00e9ves volt. T\u00f6bb mint n\u00e9gysz\u00e1z ember halt meg, k\u00f6zt\u00fck k\u00f6zel k\u00e9tsz\u00e1z iskol\u00e1s \u00e9s di\u00e1k. A halottak holttest\u00e9t 1922-ben helyezt\u00e9k \u00f6r\u00f6k nyugalomra a lw\u00f3wi V\u00e9d\u0151k Temet\u0151j\u00e9ben. A lengyel fiatalok felkel\u00e9se nem volt elszigetelt. Kev\u00e9sb\u00e9 ismert, de rendk\u00edv\u00fcl dr\u00e1mai \u00e9s meghat\u00f3 a przemysli v\u00e9d\u0151k t\u00f6rt\u00e9nete. A Lw\u00f3w\u00e9rt folytatott harcokkal p\u00e1rhuzamosan fegyveres \u00f6sszecsap\u00e1sok zajlottak Przemy\u015bl\u00e9rt is, ahol t\u00f6bbek k\u00f6z\u00f6tt di\u00e1kok is fegyvert ragadtak, gyakran \u00e9let\u00fck legmagasabb \u00e1r\u00e1t fizetve haz\u00e1juk szabads\u00e1g\u00e1\u00e9rt.<\/p>\n<p dir=\"ltr\">\"Lengyelorsz\u00e1g f\u00fcggetlens\u00e9g\u00e9nek visszanyer\u00e9s\u00e9nek 100. \u00e9vfordul\u00f3j\u00e1n a Lengyel K\u00f6zt\u00e1rsas\u00e1g Szejmje tisztelettel ad\u00f3zik Lemberg rend\u00edthetetlen v\u00e9delmez\u0151inek, akik az \u00fajj\u00e1sz\u00fcletett haz\u00e1\u00e9rt harcoltak\" - olvashat\u00f3 a Lemberg v\u00e9delm\u00e9nek 100. \u00e9vfordul\u00f3j\u00e1ra eml\u00e9kez\u0151 hat\u00e1rozatban, amelyet a Szejm p\u00e9nteken k\u00f6zfelki\u00e1lt\u00e1ssal fogadott el. A dokumentum eml\u00e9keztet arra, hogy 100 \u00e9v telt el a lw\u00f3wi lengyel v\u00e9d\u0151k h\u0151sies, gy\u0151ztes harca \u00f3ta, akik azt akart\u00e1k, hogy a v\u00e1ros visszat\u00e9rjen az \u00fajj\u00e1sz\u00fclet\u0151 Lengyel K\u00f6zt\u00e1rsas\u00e1ghoz.<\/p>\n<p dir=\"ltr\">\"K\u00fcl\u00f6nleges m\u00f3don eml\u00e9kez\u00fcnk meg a kisebb v\u00e9d\u0151kr\u0151l, akiket hagyom\u00e1nyaink szerint Lw\u00f3w sasainak neveznek, \u00e9s akik a harcok els\u0151 id\u0151szak\u00e1ban jelent\u0151s m\u00e9rt\u00e9kben hozz\u00e1j\u00e1rultak ahhoz, hogy a v\u00e1ros az ellens\u00e9g els\u00f6pr\u0151 t\u00faler\u0151je ellen\u00e9re lengyel k\u00e9zben maradjon. Ezeknek az esem\u00e9nyeknek az eml\u00e9ke a lw\u00f3wi v\u00e9d\u0151k temet\u0151je, amely a mai napig a haza olt\u00e1r\u00e1n val\u00f3 \u00e1ldozatv\u00e1llal\u00e1s szimb\u00f3luma, \u00e9s fontos helyet foglal el a lengyel t\u00f6rt\u00e9nelmi hagyom\u00e1nyban.\" - hangs\u00falyozt\u00e1k. Az \u00e1ll\u00e1sfoglal\u00e1s hangs\u00falyozza a j\u00f3 lengyel-ukr\u00e1n kapcsolatok fontoss\u00e1g\u00e1t az eur\u00f3pai b\u00e9ke \u00e9s biztons\u00e1g szempontj\u00e1b\u00f3l.<\/p>\n<p><a href=\"https:\/\/marekkuchcinski.pl\/wp-content\/uploads\/2018\/11\/orl-lw.jpg\"><img fetchpriority=\"high\" decoding=\"async\" class=\"alignnone size-full wp-image-11139\" src=\"https:\/\/marekkuchcinski.pl\/wp-content\/uploads\/2018\/11\/orl-lw.jpg\" alt=\"orl lw\" width=\"482\" height=\"337\" srcset=\"https:\/\/marekkuchcinski.pl\/wp-content\/uploads\/2018\/11\/orl-lw.jpg 482w, https:\/\/marekkuchcinski.pl\/wp-content\/uploads\/2018\/11\/orl-lw-300x210.jpg 300w\" sizes=\"(max-width: 482px) 100vw, 482px\" \/><\/a><\/p>\n<p>Stanis\u0142aw Kaczor Batowski 1936-ban k\u00e9sz\u00fclt \"Lw\u00f3wi sasok\" c\u00edm\u0171 festm\u00e9ny\u00e9nek t\u00f6red\u00e9ke.<\/p>\n<p><a href=\"https:\/\/marekkuchcinski.pl\/wp-content\/uploads\/2018\/11\/orl\u0119ta-przemyskie-pomnik.jpg\"><img decoding=\"async\" class=\"alignnone size-full wp-image-11142\" src=\"https:\/\/marekkuchcinski.pl\/wp-content\/uploads\/2018\/11\/orl\u0119ta-przemyskie-pomnik.jpg\" alt=\"orl\u0119ta przemyskie pomnik\" width=\"800\" height=\"1200\" srcset=\"https:\/\/marekkuchcinski.pl\/wp-content\/uploads\/2018\/11\/orl\u0119ta-przemyskie-pomnik.jpg 800w, https:\/\/marekkuchcinski.pl\/wp-content\/uploads\/2018\/11\/orl\u0119ta-przemyskie-pomnik-200x300.jpg 200w, https:\/\/marekkuchcinski.pl\/wp-content\/uploads\/2018\/11\/orl\u0119ta-przemyskie-pomnik-768x1152.jpg 768w, https:\/\/marekkuchcinski.pl\/wp-content\/uploads\/2018\/11\/orl\u0119ta-przemyskie-pomnik-683x1024.jpg 683w\" sizes=\"(max-width: 800px) 100vw, 800px\" \/><\/a><\/p>\n<p>A przemy\u015bli sasok eml\u00e9km\u0171ve<\/p>","protected":false},"excerpt":{"rendered":"<p>M\u0142odzie\u017c jest przysz\u0142o\u015bci\u0105 i wielk\u0105 nadziej\u0105 Polski. W przesz\u0142o\u015bci m\u0142odzi Polacy udowadniali to wielokrotnie swoj\u0105 wiedz\u0105, pracowito\u015bci\u0105, ch\u0119ci\u0105 zmian, ale i po\u015bwi\u0119ceniem i walk\u0105 z wrogiem. Tak by\u0142o w 1918 roku we Lwowie, gdy miasto wyzwala\u0142y Orl\u0119ta. Orl\u0119ta Lwowskie do dzi\u015b s\u0105 symbolem wielkiej mi\u0142o\u015bci do ojczyzny i gotowo\u015bci do najwy\u017cszych po\u015bwi\u0119ce\u0144. Gdy w 1918 [&hellip;]<\/p>\n","protected":false},"author":6,"featured_media":11139,"comment_status":"open","ping_status":"open","sticky":false,"template":"","format":"standard","meta":{"ngg_post_thumbnail":0,"footnotes":""},"categories":[49,77,81,3],"tags":[],"class_list":["post-11138","post","type-post","status-publish","format-standard","has-post-thumbnail","hentry","category-podkarpacie","category-wazne-daty","category-wiesci-z-sejmu","category-wydarzenia"],"_links":{"self":[{"href":"https:\/\/marekkuchcinski.pl\/hu\/wp-json\/wp\/v2\/posts\/11138","targetHints":{"allow":["GET"]}}],"collection":[{"href":"https:\/\/marekkuchcinski.pl\/hu\/wp-json\/wp\/v2\/posts"}],"about":[{"href":"https:\/\/marekkuchcinski.pl\/hu\/wp-json\/wp\/v2\/types\/post"}],"author":[{"embeddable":true,"href":"https:\/\/marekkuchcinski.pl\/hu\/wp-json\/wp\/v2\/users\/6"}],"replies":[{"embeddable":true,"href":"https:\/\/marekkuchcinski.pl\/hu\/wp-json\/wp\/v2\/comments?post=11138"}],"version-history":[{"count":4,"href":"https:\/\/marekkuchcinski.pl\/hu\/wp-json\/wp\/v2\/posts\/11138\/revisions"}],"predecessor-version":[{"id":11191,"href":"https:\/\/marekkuchcinski.pl\/hu\/wp-json\/wp\/v2\/posts\/11138\/revisions\/11191"}],"wp:featuredmedia":[{"embeddable":true,"href":"https:\/\/marekkuchcinski.pl\/hu\/wp-json\/wp\/v2\/media\/11139"}],"wp:attachment":[{"href":"https:\/\/marekkuchcinski.pl\/hu\/wp-json\/wp\/v2\/media?parent=11138"}],"wp:term":[{"taxonomy":"category","embeddable":true,"href":"https:\/\/marekkuchcinski.pl\/hu\/wp-json\/wp\/v2\/categories?post=11138"},{"taxonomy":"post_tag","embeddable":true,"href":"https:\/\/marekkuchcinski.pl\/hu\/wp-json\/wp\/v2\/tags?post=11138"}],"curies":[{"name":"wp","href":"https:\/\/api.w.org\/{rel}","templated":true}]}}