{"id":10866,"date":"2018-11-19T19:49:59","date_gmt":"2018-11-19T18:49:59","guid":{"rendered":"https:\/\/marekkuchcinski.pl\/?p=10866"},"modified":"2018-11-19T20:01:21","modified_gmt":"2018-11-19T19:01:21","slug":"podkarpacie-nowym-zarzadem-sejmiku-wojewodztwa","status":"publish","type":"post","link":"https:\/\/marekkuchcinski.pl\/hu\/wydarzenia\/podkarpacie-nowym-zarzadem-sejmiku-wojewodztwa\/","title":{"rendered":"Podkarpacie \u00faj vezet\u00e9ssel a vajdas\u00e1gi k\u00f6zgy\u0171l\u00e9sben"},"content":{"rendered":"<p>W\u0142adys\u0142aw Ortylt (PiS), akinek jel\u00f6l\u00e9s\u00e9t 25 tan\u00e1csos t\u00e1mogatta, ism\u00e9t a K\u00e1rp\u00e1taljai Vajdas\u00e1g marsallj\u00e1v\u00e1 v\u00e1lasztott\u00e1k. Piotr Pilch \u00e9s Ewa Draus (Jog \u00e9s Igazs\u00e1goss\u00e1g p\u00e1rt) lett a helyettes marsall. Az igazgat\u00f3tan\u00e1cs tov\u00e1bbi tagjai Maria Kurowska (Solidarna Polska ) \u00e9s Stanis\u0142aw Kruczek (Porozumienie).<\/p>\n<p>A szejmik eln\u00f6k\u00e9v\u00e9 Jerzy Borczot (a Nemzeti Mez\u0151gazdas\u00e1gi T\u00e1mogat\u00f3 K\u00f6zpont rzesz\u00f3wi kirendelts\u00e9g\u00e9nek igazgat\u00f3j\u00e1t) v\u00e1lasztott\u00e1k. 24 tan\u00e1csos t\u00e1mogatta \u0151t. Jerzy Cypry\u015b (Jog \u00e9s Igazs\u00e1g\u00fcgy), aki kor\u00e1bban a Szejmik eln\u00f6ke volt, lett az aleln\u00f6k.<\/p>\n<p>A Podkarpatszka vajdas\u00e1g 33 f\u0151s k\u00f6zgy\u0171l\u00e9s\u00e9ben a PiS-nek 25, a Koalicja Obywatelsk\u00e1nak \u00f6t, a PSL-nek pedig h\u00e1rom mand\u00e1tuma van.<\/p>\n<p><a href=\"https:\/\/marekkuchcinski.pl\/wp-content\/uploads\/2018\/11\/DSCF8969-1.jpg\"><img fetchpriority=\"high\" decoding=\"async\" class=\"alignnone size-full wp-image-10870\" src=\"https:\/\/marekkuchcinski.pl\/wp-content\/uploads\/2018\/11\/DSCF8969-1.jpg\" alt=\"DSCF8969 (1)\" width=\"1937\" height=\"1497\" srcset=\"https:\/\/marekkuchcinski.pl\/wp-content\/uploads\/2018\/11\/DSCF8969-1.jpg 1937w, https:\/\/marekkuchcinski.pl\/wp-content\/uploads\/2018\/11\/DSCF8969-1-300x232.jpg 300w, https:\/\/marekkuchcinski.pl\/wp-content\/uploads\/2018\/11\/DSCF8969-1-768x594.jpg 768w, https:\/\/marekkuchcinski.pl\/wp-content\/uploads\/2018\/11\/DSCF8969-1-1024x791.jpg 1024w\" sizes=\"(max-width: 1937px) 100vw, 1937px\" \/><\/a><\/p>\n<p><em>Fot\u00f3: M. Olejnik<\/em><\/p>","protected":false},"excerpt":{"rendered":"<p>Marsza\u0142kiem wojew\u00f3dztwa podkarpackiego ponownie zosta\u0142 W\u0142adys\u0142aw Ortyl (PiS), kt\u00f3rego kandydatur\u0119 popar\u0142o 25 radnych. Wicemarsza\u0142kami zostali Piotr Pilch i Ewa Draus (PiS). Pozostali cz\u0142onkowie zarz\u0105du to Maria Kurowska (Solidarna Polska ) i Stanis\u0142aw Kruczek (Porozumienie). Na przewodnicz\u0105cego sejmiku\u00a0wybrano\u00a0Jerzego Borcza (dyrektora rzeszowskiego oddzia\u0142u Krajowego O\u015brodka Wsparcia Rolnictwa). Popar\u0142o go 24 radnych. Z kolei pe\u0142ni\u0105cy dot\u0105d funkcj\u0119 przewodnicz\u0105cego [&hellip;]<\/p>","protected":false},"author":6,"featured_media":10870,"comment_status":"open","ping_status":"open","sticky":false,"template":"","format":"standard","meta":{"ngg_post_thumbnail":0,"footnotes":""},"categories":[49,82,3],"tags":[],"class_list":["post-10866","post","type-post","status-publish","format-standard","has-post-thumbnail","hentry","category-podkarpacie","category-prawo-i-sprawiedliwosc","category-wydarzenia"],"yoast_head":"<!-- This site is optimized with the Yoast SEO plugin v24.7 - https:\/\/yoast.com\/wordpress\/plugins\/seo\/ -->\n<title>Podkarpacie z nowym zarz\u0105dem w sejmiku wojew\u00f3dztwa &#8211; Marek Kuchci\u0144ski<\/title>\n<meta name=\"robots\" content=\"index, follow, max-snippet:-1, max-image-preview:large, max-video-preview:-1\" \/>\n<link rel=\"canonical\" href=\"https:\/\/marekkuchcinski.pl\/hu\/wydarzenia\/podkarpacie-nowym-zarzadem-sejmiku-wojewodztwa\/\" \/>\n<meta property=\"og:locale\" content=\"hu_HU\" \/>\n<meta property=\"og:type\" content=\"article\" \/>\n<meta property=\"og:title\" content=\"Podkarpacie z nowym zarz\u0105dem w sejmiku wojew\u00f3dztwa &#8211; Marek Kuchci\u0144ski\" \/>\n<meta property=\"og:description\" content=\"Marsza\u0142kiem wojew\u00f3dztwa podkarpackiego ponownie zosta\u0142 W\u0142adys\u0142aw Ortyl (PiS), kt\u00f3rego kandydatur\u0119 popar\u0142o 25 radnych. Wicemarsza\u0142kami zostali Piotr Pilch i Ewa Draus (PiS). Pozostali cz\u0142onkowie zarz\u0105du to Maria Kurowska (Solidarna Polska ) i Stanis\u0142aw Kruczek (Porozumienie). Na przewodnicz\u0105cego sejmiku\u00a0wybrano\u00a0Jerzego Borcza (dyrektora rzeszowskiego oddzia\u0142u Krajowego O\u015brodka Wsparcia Rolnictwa). Popar\u0142o go 24 radnych. Z kolei pe\u0142ni\u0105cy dot\u0105d funkcj\u0119 przewodnicz\u0105cego [&hellip;]\" \/>\n<meta property=\"og:url\" content=\"https:\/\/marekkuchcinski.pl\/hu\/wydarzenia\/podkarpacie-nowym-zarzadem-sejmiku-wojewodztwa\/\" \/>\n<meta property=\"og:site_name\" content=\"Marek Kuchci\u0144ski\" \/>\n<meta property=\"article:published_time\" content=\"2018-11-19T18:49:59+00:00\" \/>\n<meta property=\"article:modified_time\" content=\"2018-11-19T19:01:21+00:00\" \/>\n<meta property=\"og:image\" content=\"https:\/\/marekkuchcinski.pl\/wp-content\/uploads\/2018\/11\/DSCF8969-1.jpg\" \/>\n\t<meta property=\"og:image:width\" content=\"1937\" \/>\n\t<meta property=\"og:image:height\" content=\"1497\" \/>\n\t<meta property=\"og:image:type\" content=\"image\/jpeg\" \/>\n<meta name=\"author\" content=\"admin\" \/>\n<meta name=\"twitter:card\" content=\"summary_large_image\" \/>\n<meta name=\"twitter:label1\" content=\"Szerz\u0151:\" \/>\n\t<meta name=\"twitter:data1\" content=\"admin\" \/>\n<script type=\"application\/ld+json\" class=\"yoast-schema-graph\">{\"@context\":\"https:\/\/schema.org\",\"@graph\":[{\"@type\":\"Article\",\"@id\":\"https:\/\/marekkuchcinski.pl\/en\/wydarzenia\/podkarpacie-nowym-zarzadem-sejmiku-wojewodztwa\/#article\",\"isPartOf\":{\"@id\":\"https:\/\/marekkuchcinski.pl\/en\/wydarzenia\/podkarpacie-nowym-zarzadem-sejmiku-wojewodztwa\/\"},\"author\":{\"name\":\"admin\",\"@id\":\"https:\/\/marekkuchcinski.pl\/#\/schema\/person\/6f62700996b4d950b6ea2d1183b6c6be\"},\"headline\":\"Podkarpacie z nowym zarz\u0105dem w sejmiku wojew\u00f3dztwa\",\"datePublished\":\"2018-11-19T18:49:59+00:00\",\"dateModified\":\"2018-11-19T19:01:21+00:00\",\"mainEntityOfPage\":{\"@id\":\"https:\/\/marekkuchcinski.pl\/en\/wydarzenia\/podkarpacie-nowym-zarzadem-sejmiku-wojewodztwa\/\"},\"wordCount\":104,\"commentCount\":0,\"publisher\":{\"@id\":\"https:\/\/marekkuchcinski.pl\/#organization\"},\"image\":{\"@id\":\"https:\/\/marekkuchcinski.pl\/en\/wydarzenia\/podkarpacie-nowym-zarzadem-sejmiku-wojewodztwa\/#primaryimage\"},\"thumbnailUrl\":\"https:\/\/marekkuchcinski.pl\/wp-content\/uploads\/2018\/11\/DSCF8969-1.jpg\",\"articleSection\":[\"Podkarpacie\",\"Prawo i Sprawiedliwo\u015b\u0107\",\"Wydarzenia\"],\"inLanguage\":\"hu\",\"potentialAction\":[{\"@type\":\"CommentAction\",\"name\":\"Comment\",\"target\":[\"https:\/\/marekkuchcinski.pl\/en\/wydarzenia\/podkarpacie-nowym-zarzadem-sejmiku-wojewodztwa\/#respond\"]}]},{\"@type\":\"WebPage\",\"@id\":\"https:\/\/marekkuchcinski.pl\/en\/wydarzenia\/podkarpacie-nowym-zarzadem-sejmiku-wojewodztwa\/\",\"url\":\"https:\/\/marekkuchcinski.pl\/en\/wydarzenia\/podkarpacie-nowym-zarzadem-sejmiku-wojewodztwa\/\",\"name\":\"Podkarpacie z nowym zarz\u0105dem w sejmiku wojew\u00f3dztwa &#8211; Marek Kuchci\u0144ski\",\"isPartOf\":{\"@id\":\"https:\/\/marekkuchcinski.pl\/#website\"},\"primaryImageOfPage\":{\"@id\":\"https:\/\/marekkuchcinski.pl\/en\/wydarzenia\/podkarpacie-nowym-zarzadem-sejmiku-wojewodztwa\/#primaryimage\"},\"image\":{\"@id\":\"https:\/\/marekkuchcinski.pl\/en\/wydarzenia\/podkarpacie-nowym-zarzadem-sejmiku-wojewodztwa\/#primaryimage\"},\"thumbnailUrl\":\"https:\/\/marekkuchcinski.pl\/wp-content\/uploads\/2018\/11\/DSCF8969-1.jpg\",\"datePublished\":\"2018-11-19T18:49:59+00:00\",\"dateModified\":\"2018-11-19T19:01:21+00:00\",\"breadcrumb\":{\"@id\":\"https:\/\/marekkuchcinski.pl\/en\/wydarzenia\/podkarpacie-nowym-zarzadem-sejmiku-wojewodztwa\/#breadcrumb\"},\"inLanguage\":\"hu\",\"potentialAction\":[{\"@type\":\"ReadAction\",\"target\":[\"https:\/\/marekkuchcinski.pl\/en\/wydarzenia\/podkarpacie-nowym-zarzadem-sejmiku-wojewodztwa\/\"]}]},{\"@type\":\"ImageObject\",\"inLanguage\":\"hu\",\"@id\":\"https:\/\/marekkuchcinski.pl\/en\/wydarzenia\/podkarpacie-nowym-zarzadem-sejmiku-wojewodztwa\/#primaryimage\",\"url\":\"https:\/\/marekkuchcinski.pl\/wp-content\/uploads\/2018\/11\/DSCF8969-1.jpg\",\"contentUrl\":\"https:\/\/marekkuchcinski.pl\/wp-content\/uploads\/2018\/11\/DSCF8969-1.jpg\",\"width\":1937,\"height\":1497},{\"@type\":\"BreadcrumbList\",\"@id\":\"https:\/\/marekkuchcinski.pl\/en\/wydarzenia\/podkarpacie-nowym-zarzadem-sejmiku-wojewodztwa\/#breadcrumb\",\"itemListElement\":[{\"@type\":\"ListItem\",\"position\":1,\"name\":\"Strona g\u0142\u00f3wna\",\"item\":\"https:\/\/marekkuchcinski.pl\/\"},{\"@type\":\"ListItem\",\"position\":2,\"name\":\"Podkarpacie z nowym zarz\u0105dem w sejmiku wojew\u00f3dztwa\"}]},{\"@type\":\"WebSite\",\"@id\":\"https:\/\/marekkuchcinski.pl\/#website\",\"url\":\"https:\/\/marekkuchcinski.pl\/\",\"name\":\"Marek Kuchci\u0144ski\",\"description\":\"Pose\u0142 na sejm RP &ndash; okr\u0119g nr 22\",\"publisher\":{\"@id\":\"https:\/\/marekkuchcinski.pl\/#organization\"},\"potentialAction\":[{\"@type\":\"SearchAction\",\"target\":{\"@type\":\"EntryPoint\",\"urlTemplate\":\"https:\/\/marekkuchcinski.pl\/?s={search_term_string}\"},\"query-input\":{\"@type\":\"PropertyValueSpecification\",\"valueRequired\":true,\"valueName\":\"search_term_string\"}}],\"inLanguage\":\"hu\"},{\"@type\":\"Organization\",\"@id\":\"https:\/\/marekkuchcinski.pl\/#organization\",\"name\":\"Marek Kuchci\u0144ski\",\"url\":\"https:\/\/marekkuchcinski.pl\/\",\"logo\":{\"@type\":\"ImageObject\",\"inLanguage\":\"hu\",\"@id\":\"https:\/\/marekkuchcinski.pl\/#\/schema\/logo\/image\/\",\"url\":\"https:\/\/marekkuchcinski.pl\/wp-content\/uploads\/2022\/09\/Marek.jpg\",\"contentUrl\":\"https:\/\/marekkuchcinski.pl\/wp-content\/uploads\/2022\/09\/Marek.jpg\",\"width\":1600,\"height\":971,\"caption\":\"Marek Kuchci\u0144ski\"},\"image\":{\"@id\":\"https:\/\/marekkuchcinski.pl\/#\/schema\/logo\/image\/\"}},{\"@type\":\"Person\",\"@id\":\"https:\/\/marekkuchcinski.pl\/#\/schema\/person\/6f62700996b4d950b6ea2d1183b6c6be\",\"name\":\"admin\",\"image\":{\"@type\":\"ImageObject\",\"inLanguage\":\"hu\",\"@id\":\"https:\/\/marekkuchcinski.pl\/#\/schema\/person\/image\/\",\"url\":\"https:\/\/secure.gravatar.com\/avatar\/4bab693b9d55c3d6b52c0296a8765085?s=96&d=mm&r=g\",\"contentUrl\":\"https:\/\/secure.gravatar.com\/avatar\/4bab693b9d55c3d6b52c0296a8765085?s=96&d=mm&r=g\",\"caption\":\"admin\"},\"url\":\"https:\/\/marekkuchcinski.pl\/hu\/author\/marta-olejnik\/\"}]}<\/script>\n<!-- \/ Yoast SEO plugin. -->","yoast_head_json":{"title":"Podkarpacie z nowym zarz\u0105dem w sejmiku wojew\u00f3dztwa &#8211; Marek Kuchci\u0144ski","robots":{"index":"index","follow":"follow","max-snippet":"max-snippet:-1","max-image-preview":"max-image-preview:large","max-video-preview":"max-video-preview:-1"},"canonical":"https:\/\/marekkuchcinski.pl\/hu\/wydarzenia\/podkarpacie-nowym-zarzadem-sejmiku-wojewodztwa\/","og_locale":"hu_HU","og_type":"article","og_title":"Podkarpacie z nowym zarz\u0105dem w sejmiku wojew\u00f3dztwa &#8211; Marek Kuchci\u0144ski","og_description":"Marsza\u0142kiem wojew\u00f3dztwa podkarpackiego ponownie zosta\u0142 W\u0142adys\u0142aw Ortyl (PiS), kt\u00f3rego kandydatur\u0119 popar\u0142o 25 radnych. Wicemarsza\u0142kami zostali Piotr Pilch i Ewa Draus (PiS). Pozostali cz\u0142onkowie zarz\u0105du to Maria Kurowska (Solidarna Polska ) i Stanis\u0142aw Kruczek (Porozumienie). Na przewodnicz\u0105cego sejmiku\u00a0wybrano\u00a0Jerzego Borcza (dyrektora rzeszowskiego oddzia\u0142u Krajowego O\u015brodka Wsparcia Rolnictwa). Popar\u0142o go 24 radnych. Z kolei pe\u0142ni\u0105cy dot\u0105d funkcj\u0119 przewodnicz\u0105cego [&hellip;]","og_url":"https:\/\/marekkuchcinski.pl\/hu\/wydarzenia\/podkarpacie-nowym-zarzadem-sejmiku-wojewodztwa\/","og_site_name":"Marek Kuchci\u0144ski","article_published_time":"2018-11-19T18:49:59+00:00","article_modified_time":"2018-11-19T19:01:21+00:00","og_image":[{"width":1937,"height":1497,"url":"https:\/\/marekkuchcinski.pl\/wp-content\/uploads\/2018\/11\/DSCF8969-1.jpg","type":"image\/jpeg"}],"author":"admin","twitter_card":"summary_large_image","twitter_misc":{"Szerz\u0151:":"admin"},"schema":{"@context":"https:\/\/schema.org","@graph":[{"@type":"Article","@id":"https:\/\/marekkuchcinski.pl\/en\/wydarzenia\/podkarpacie-nowym-zarzadem-sejmiku-wojewodztwa\/#article","isPartOf":{"@id":"https:\/\/marekkuchcinski.pl\/en\/wydarzenia\/podkarpacie-nowym-zarzadem-sejmiku-wojewodztwa\/"},"author":{"name":"admin","@id":"https:\/\/marekkuchcinski.pl\/#\/schema\/person\/6f62700996b4d950b6ea2d1183b6c6be"},"headline":"Podkarpacie z nowym zarz\u0105dem w sejmiku wojew\u00f3dztwa","datePublished":"2018-11-19T18:49:59+00:00","dateModified":"2018-11-19T19:01:21+00:00","mainEntityOfPage":{"@id":"https:\/\/marekkuchcinski.pl\/en\/wydarzenia\/podkarpacie-nowym-zarzadem-sejmiku-wojewodztwa\/"},"wordCount":104,"commentCount":0,"publisher":{"@id":"https:\/\/marekkuchcinski.pl\/#organization"},"image":{"@id":"https:\/\/marekkuchcinski.pl\/en\/wydarzenia\/podkarpacie-nowym-zarzadem-sejmiku-wojewodztwa\/#primaryimage"},"thumbnailUrl":"https:\/\/marekkuchcinski.pl\/wp-content\/uploads\/2018\/11\/DSCF8969-1.jpg","articleSection":["Podkarpacie","Prawo i Sprawiedliwo\u015b\u0107","Wydarzenia"],"inLanguage":"hu","potentialAction":[{"@type":"CommentAction","name":"Comment","target":["https:\/\/marekkuchcinski.pl\/en\/wydarzenia\/podkarpacie-nowym-zarzadem-sejmiku-wojewodztwa\/#respond"]}]},{"@type":"WebPage","@id":"https:\/\/marekkuchcinski.pl\/en\/wydarzenia\/podkarpacie-nowym-zarzadem-sejmiku-wojewodztwa\/","url":"https:\/\/marekkuchcinski.pl\/en\/wydarzenia\/podkarpacie-nowym-zarzadem-sejmiku-wojewodztwa\/","name":"Podkarpacie z nowym zarz\u0105dem w sejmiku wojew\u00f3dztwa &#8211; Marek Kuchci\u0144ski","isPartOf":{"@id":"https:\/\/marekkuchcinski.pl\/#website"},"primaryImageOfPage":{"@id":"https:\/\/marekkuchcinski.pl\/en\/wydarzenia\/podkarpacie-nowym-zarzadem-sejmiku-wojewodztwa\/#primaryimage"},"image":{"@id":"https:\/\/marekkuchcinski.pl\/en\/wydarzenia\/podkarpacie-nowym-zarzadem-sejmiku-wojewodztwa\/#primaryimage"},"thumbnailUrl":"https:\/\/marekkuchcinski.pl\/wp-content\/uploads\/2018\/11\/DSCF8969-1.jpg","datePublished":"2018-11-19T18:49:59+00:00","dateModified":"2018-11-19T19:01:21+00:00","breadcrumb":{"@id":"https:\/\/marekkuchcinski.pl\/en\/wydarzenia\/podkarpacie-nowym-zarzadem-sejmiku-wojewodztwa\/#breadcrumb"},"inLanguage":"hu","potentialAction":[{"@type":"ReadAction","target":["https:\/\/marekkuchcinski.pl\/en\/wydarzenia\/podkarpacie-nowym-zarzadem-sejmiku-wojewodztwa\/"]}]},{"@type":"ImageObject","inLanguage":"hu","@id":"https:\/\/marekkuchcinski.pl\/en\/wydarzenia\/podkarpacie-nowym-zarzadem-sejmiku-wojewodztwa\/#primaryimage","url":"https:\/\/marekkuchcinski.pl\/wp-content\/uploads\/2018\/11\/DSCF8969-1.jpg","contentUrl":"https:\/\/marekkuchcinski.pl\/wp-content\/uploads\/2018\/11\/DSCF8969-1.jpg","width":1937,"height":1497},{"@type":"BreadcrumbList","@id":"https:\/\/marekkuchcinski.pl\/en\/wydarzenia\/podkarpacie-nowym-zarzadem-sejmiku-wojewodztwa\/#breadcrumb","itemListElement":[{"@type":"ListItem","position":1,"name":"Strona g\u0142\u00f3wna","item":"https:\/\/marekkuchcinski.pl\/"},{"@type":"ListItem","position":2,"name":"Podkarpacie z nowym zarz\u0105dem w sejmiku wojew\u00f3dztwa"}]},{"@type":"WebSite","@id":"https:\/\/marekkuchcinski.pl\/#website","url":"https:\/\/marekkuchcinski.pl\/","name":"Marek Kuchci\u0144ski","description":"Pose\u0142 na sejm RP &ndash; okr\u0119g nr 22","publisher":{"@id":"https:\/\/marekkuchcinski.pl\/#organization"},"potentialAction":[{"@type":"SearchAction","target":{"@type":"EntryPoint","urlTemplate":"https:\/\/marekkuchcinski.pl\/?s={search_term_string}"},"query-input":{"@type":"PropertyValueSpecification","valueRequired":true,"valueName":"search_term_string"}}],"inLanguage":"hu"},{"@type":"Organization","@id":"https:\/\/marekkuchcinski.pl\/#organization","name":"Marek Kuchci\u0144ski","url":"https:\/\/marekkuchcinski.pl\/","logo":{"@type":"ImageObject","inLanguage":"hu","@id":"https:\/\/marekkuchcinski.pl\/#\/schema\/logo\/image\/","url":"https:\/\/marekkuchcinski.pl\/wp-content\/uploads\/2022\/09\/Marek.jpg","contentUrl":"https:\/\/marekkuchcinski.pl\/wp-content\/uploads\/2022\/09\/Marek.jpg","width":1600,"height":971,"caption":"Marek Kuchci\u0144ski"},"image":{"@id":"https:\/\/marekkuchcinski.pl\/#\/schema\/logo\/image\/"}},{"@type":"Person","@id":"https:\/\/marekkuchcinski.pl\/#\/schema\/person\/6f62700996b4d950b6ea2d1183b6c6be","name":"admin","image":{"@type":"ImageObject","inLanguage":"hu","@id":"https:\/\/marekkuchcinski.pl\/#\/schema\/person\/image\/","url":"https:\/\/secure.gravatar.com\/avatar\/4bab693b9d55c3d6b52c0296a8765085?s=96&d=mm&r=g","contentUrl":"https:\/\/secure.gravatar.com\/avatar\/4bab693b9d55c3d6b52c0296a8765085?s=96&d=mm&r=g","caption":"admin"},"url":"https:\/\/marekkuchcinski.pl\/hu\/author\/marta-olejnik\/"}]}},"_links":{"self":[{"href":"https:\/\/marekkuchcinski.pl\/hu\/wp-json\/wp\/v2\/posts\/10866","targetHints":{"allow":["GET"]}}],"collection":[{"href":"https:\/\/marekkuchcinski.pl\/hu\/wp-json\/wp\/v2\/posts"}],"about":[{"href":"https:\/\/marekkuchcinski.pl\/hu\/wp-json\/wp\/v2\/types\/post"}],"author":[{"embeddable":true,"href":"https:\/\/marekkuchcinski.pl\/hu\/wp-json\/wp\/v2\/users\/6"}],"replies":[{"embeddable":true,"href":"https:\/\/marekkuchcinski.pl\/hu\/wp-json\/wp\/v2\/comments?post=10866"}],"version-history":[{"count":8,"href":"https:\/\/marekkuchcinski.pl\/hu\/wp-json\/wp\/v2\/posts\/10866\/revisions"}],"predecessor-version":[{"id":10875,"href":"https:\/\/marekkuchcinski.pl\/hu\/wp-json\/wp\/v2\/posts\/10866\/revisions\/10875"}],"wp:featuredmedia":[{"embeddable":true,"href":"https:\/\/marekkuchcinski.pl\/hu\/wp-json\/wp\/v2\/media\/10870"}],"wp:attachment":[{"href":"https:\/\/marekkuchcinski.pl\/hu\/wp-json\/wp\/v2\/media?parent=10866"}],"wp:term":[{"taxonomy":"category","embeddable":true,"href":"https:\/\/marekkuchcinski.pl\/hu\/wp-json\/wp\/v2\/categories?post=10866"},{"taxonomy":"post_tag","embeddable":true,"href":"https:\/\/marekkuchcinski.pl\/hu\/wp-json\/wp\/v2\/tags?post=10866"}],"curies":[{"name":"wp","href":"https:\/\/api.w.org\/{rel}","templated":true}]}}