{"id":10859,"date":"2018-11-19T17:13:55","date_gmt":"2018-11-19T16:13:55","guid":{"rendered":"https:\/\/marekkuchcinski.pl\/?p=10859"},"modified":"2018-11-19T17:15:36","modified_gmt":"2018-11-19T16:15:36","slug":"30-lecie-zwiazku-polakow-ukrainie-marszalek-sejmu-przekor-przeciwnosciom-zachowuja-panstwo-polska-tozsamosc-wartosci","status":"publish","type":"post","link":"https:\/\/marekkuchcinski.pl\/hu\/wydarzenia\/30-lecie-zwiazku-polakow-ukrainie-marszalek-sejmu-przekor-przeciwnosciom-zachowuja-panstwo-polska-tozsamosc-wartosci\/","title":{"rendered":"Az Ukrajnai Lengyelek Sz\u00f6vets\u00e9g\u00e9nek 30. \u00e9vfordul\u00f3ja. A Szejm eln\u00f6ke: Minden neh\u00e9zs\u00e9g ellen\u00e9re meg\u0151rzi a lengyel identit\u00e1st \u00e9s \u00e9rt\u00e9keket."},"content":{"rendered":"<p>Az Ukrajnai Lengyelek Sz\u00f6vets\u00e9ge 30. \u00e9vfordul\u00f3ja kapcs\u00e1n Marek Kuchci\u0144ski, a szejm eln\u00f6ke megeml\u00e9kez\u0151 j\u00f3k\u00edv\u00e1ns\u00e1gokat k\u00fcld\u00f6tt az \u00e9vfordul\u00f3s kongresszus r\u00e9sztvev\u0151inek. Az \u00fcnneps\u00e9gre november 17-\u00e9n ker\u00fclt sor Kijevben, a lengyel f\u00fcggetlens\u00e9g 100. \u00e9vfordul\u00f3ja alkalm\u00e1b\u00f3l rendezett \u00fcnneps\u00e9gek r\u00e9szek\u00e9nt. \"Szeretn\u00e9m kifejezni elismer\u00e9semet a hat\u00f3s\u00e1goknak \u00e9s a szervezet tagjainak, valamint a lengyel k\u00f6z\u00f6ss\u00e9g ir\u00e1nti tiszteletemet. T\u00e1vol az anyaorsz\u00e1gt\u00f3l, minden neh\u00e9zs\u00e9g ellen\u00e9re meg\u0151rzitek nemzeti identit\u00e1sotokat, nyelveteket \u00e9s lengyel \u00e9rt\u00e9keiteket\" - \u00edrta level\u00e9ben a szejm eln\u00f6ke.<br \/>\nMarek Kuchci\u0144ski azt is hozz\u00e1tette, hogy a hagyom\u00e1nyok ir\u00e1nti elk\u00f6telezetts\u00e9g legjobb bizony\u00edt\u00e9ka a lengyel f\u00fcggetlens\u00e9g visszaszerz\u00e9s\u00e9nek 100. \u00e9vfordul\u00f3j\u00e1nak \u00fcnnepl\u00e9se, amely minden lengyel sz\u00e1m\u00e1ra \u00fcnnep, f\u00fcggetlen\u00fcl att\u00f3l, hogy hol \u00e9l. A szejm eln\u00f6ke rem\u00e9ny\u00e9t fejezte ki, hogy az Ukrajnai Lengyelek Sz\u00f6vets\u00e9g\u00e9nek jubileuma nemcsak a m\u00falt \u00f6sszegz\u00e9s\u00e9re \u00e9s a m\u00faltra val\u00f3 eml\u00e9keztet\u00e9sre, hanem a lengyel kult\u00fara mai eredm\u00e9nyeinek megismer\u00e9s\u00e9re is alkalmat ad.<br \/>\nAz Ukrajnai Lengyelek Uni\u00f3ja a legnagyobb lengyel szervezetek sz\u00f6vets\u00e9ge, amely els\u0151sorban az orsz\u00e1g k\u00f6z\u00e9ps\u0151 \u00e9s keleti r\u00e9sz\u00e9n m\u0171k\u00f6dik.<\/p>\n<p><a href=\"https:\/\/marekkuchcinski.pl\/wp-content\/uploads\/2018\/11\/46458073_2198137453808393_2578723292508585984_n.jpg\"><img fetchpriority=\"high\" decoding=\"async\" class=\"alignnone size-full wp-image-10861\" src=\"https:\/\/marekkuchcinski.pl\/wp-content\/uploads\/2018\/11\/46458073_2198137453808393_2578723292508585984_n.jpg\" alt=\"46458073_2198137453808393_2578723292508585984_n\" width=\"960\" height=\"453\" srcset=\"https:\/\/marekkuchcinski.pl\/wp-content\/uploads\/2018\/11\/46458073_2198137453808393_2578723292508585984_n.jpg 960w, https:\/\/marekkuchcinski.pl\/wp-content\/uploads\/2018\/11\/46458073_2198137453808393_2578723292508585984_n-300x142.jpg 300w, https:\/\/marekkuchcinski.pl\/wp-content\/uploads\/2018\/11\/46458073_2198137453808393_2578723292508585984_n-768x362.jpg 768w\" sizes=\"(max-width: 960px) 100vw, 960px\" \/><\/a><\/p>\n<p>fot\u00f3.<em>\u00a0\u0410\u043d\u0436\u0435\u043b\u0456\u043a\u0430 \u041f\u043b\u0430\u043a\u0441\u0456\u043d\u0430, FB: Ukrajnai Lengyelek Sz\u00f6vets\u00e9ge<\/em><\/p>","protected":false},"excerpt":{"rendered":"<p>W zwi\u0105zku z 30. rocznic\u0105 istnienia Zwi\u0105zku Polak\u00f3w na Ukrainie marsza\u0142ek Sejmu Marek Kuchci\u0144ski przes\u0142a\u0142 do uczestnik\u00f3w zjazdu rocznicowego \u017cyczenia okoliczno\u015bciowe. Uroczysto\u015b\u0107 odby\u0142a 17 listopada w Kijowie w ramach obchod\u00f3w 100-lecia Niepodleg\u0142o\u015bci Polski. &#8222;Pragn\u0119 przekaza\u0107 s\u0142owa uznania w\u0142adzom oraz cz\u0142onkom organizacji, a tak\u017ce wyrazy uszanowania Polonii. Z dala od Macierzy, na przek\u00f3r wszelkim przeciwno\u015bciom zachowujecie [&hellip;]<\/p>","protected":false},"author":6,"featured_media":10861,"comment_status":"open","ping_status":"open","sticky":false,"template":"","format":"standard","meta":{"ngg_post_thumbnail":0,"footnotes":""},"categories":[77,50,3],"tags":[],"class_list":["post-10859","post","type-post","status-publish","format-standard","has-post-thumbnail","hentry","category-wazne-daty","category-wspolpraca-miedzynarodowa","category-wydarzenia"],"yoast_head":"<!-- This site is optimized with the Yoast SEO plugin v24.7 - https:\/\/yoast.com\/wordpress\/plugins\/seo\/ -->\n<title>30-lecie Zwi\u0105zku Polak\u00f3w na Ukrainie. Marsza\u0142ek Sejmu: Na przek\u00f3r przeciwno\u015bciom zachowujecie Pa\u0144stwo polsk\u0105 to\u017csamo\u015b\u0107 i warto\u015bci &#8211; Marek Kuchci\u0144ski<\/title>\n<meta name=\"robots\" content=\"index, follow, max-snippet:-1, max-image-preview:large, max-video-preview:-1\" \/>\n<link rel=\"canonical\" href=\"https:\/\/marekkuchcinski.pl\/hu\/wydarzenia\/30-lecie-zwiazku-polakow-ukrainie-marszalek-sejmu-przekor-przeciwnosciom-zachowuja-panstwo-polska-tozsamosc-wartosci\/\" \/>\n<meta property=\"og:locale\" content=\"hu_HU\" \/>\n<meta property=\"og:type\" content=\"article\" \/>\n<meta property=\"og:title\" content=\"30-lecie Zwi\u0105zku Polak\u00f3w na Ukrainie. Marsza\u0142ek Sejmu: Na przek\u00f3r przeciwno\u015bciom zachowujecie Pa\u0144stwo polsk\u0105 to\u017csamo\u015b\u0107 i warto\u015bci &#8211; Marek Kuchci\u0144ski\" \/>\n<meta property=\"og:description\" content=\"W zwi\u0105zku z 30. rocznic\u0105 istnienia Zwi\u0105zku Polak\u00f3w na Ukrainie marsza\u0142ek Sejmu Marek Kuchci\u0144ski przes\u0142a\u0142 do uczestnik\u00f3w zjazdu rocznicowego \u017cyczenia okoliczno\u015bciowe. Uroczysto\u015b\u0107 odby\u0142a 17 listopada w Kijowie w ramach obchod\u00f3w 100-lecia Niepodleg\u0142o\u015bci Polski. &#8222;Pragn\u0119 przekaza\u0107 s\u0142owa uznania w\u0142adzom oraz cz\u0142onkom organizacji, a tak\u017ce wyrazy uszanowania Polonii. Z dala od Macierzy, na przek\u00f3r wszelkim przeciwno\u015bciom zachowujecie [&hellip;]\" \/>\n<meta property=\"og:url\" content=\"https:\/\/marekkuchcinski.pl\/hu\/wydarzenia\/30-lecie-zwiazku-polakow-ukrainie-marszalek-sejmu-przekor-przeciwnosciom-zachowuja-panstwo-polska-tozsamosc-wartosci\/\" \/>\n<meta property=\"og:site_name\" content=\"Marek Kuchci\u0144ski\" \/>\n<meta property=\"article:published_time\" content=\"2018-11-19T16:13:55+00:00\" \/>\n<meta property=\"article:modified_time\" content=\"2018-11-19T16:15:36+00:00\" \/>\n<meta property=\"og:image\" content=\"https:\/\/marekkuchcinski.pl\/wp-content\/uploads\/2018\/11\/46458073_2198137453808393_2578723292508585984_n.jpg\" \/>\n\t<meta property=\"og:image:width\" content=\"960\" \/>\n\t<meta property=\"og:image:height\" content=\"453\" \/>\n\t<meta property=\"og:image:type\" content=\"image\/jpeg\" \/>\n<meta name=\"author\" content=\"admin\" \/>\n<meta name=\"twitter:card\" content=\"summary_large_image\" \/>\n<meta name=\"twitter:label1\" content=\"Szerz\u0151:\" \/>\n\t<meta name=\"twitter:data1\" content=\"admin\" \/>\n\t<meta name=\"twitter:label2\" content=\"Becs\u00fclt olvas\u00e1si id\u0151\" \/>\n\t<meta name=\"twitter:data2\" content=\"1 perc\" \/>\n<script type=\"application\/ld+json\" class=\"yoast-schema-graph\">{\"@context\":\"https:\/\/schema.org\",\"@graph\":[{\"@type\":\"Article\",\"@id\":\"https:\/\/marekkuchcinski.pl\/ro\/wydarzenia\/30-lecie-zwiazku-polakow-ukrainie-marszalek-sejmu-przekor-przeciwnosciom-zachowuja-panstwo-polska-tozsamosc-wartosci\/#article\",\"isPartOf\":{\"@id\":\"https:\/\/marekkuchcinski.pl\/ro\/wydarzenia\/30-lecie-zwiazku-polakow-ukrainie-marszalek-sejmu-przekor-przeciwnosciom-zachowuja-panstwo-polska-tozsamosc-wartosci\/\"},\"author\":{\"name\":\"admin\",\"@id\":\"https:\/\/marekkuchcinski.pl\/#\/schema\/person\/6f62700996b4d950b6ea2d1183b6c6be\"},\"headline\":\"30-lecie Zwi\u0105zku Polak\u00f3w na Ukrainie. Marsza\u0142ek Sejmu: Na przek\u00f3r przeciwno\u015bciom zachowujecie Pa\u0144stwo polsk\u0105 to\u017csamo\u015b\u0107 i warto\u015bci\",\"datePublished\":\"2018-11-19T16:13:55+00:00\",\"dateModified\":\"2018-11-19T16:15:36+00:00\",\"mainEntityOfPage\":{\"@id\":\"https:\/\/marekkuchcinski.pl\/ro\/wydarzenia\/30-lecie-zwiazku-polakow-ukrainie-marszalek-sejmu-przekor-przeciwnosciom-zachowuja-panstwo-polska-tozsamosc-wartosci\/\"},\"wordCount\":241,\"commentCount\":0,\"publisher\":{\"@id\":\"https:\/\/marekkuchcinski.pl\/#organization\"},\"image\":{\"@id\":\"https:\/\/marekkuchcinski.pl\/ro\/wydarzenia\/30-lecie-zwiazku-polakow-ukrainie-marszalek-sejmu-przekor-przeciwnosciom-zachowuja-panstwo-polska-tozsamosc-wartosci\/#primaryimage\"},\"thumbnailUrl\":\"https:\/\/marekkuchcinski.pl\/wp-content\/uploads\/2018\/11\/46458073_2198137453808393_2578723292508585984_n.jpg\",\"articleSection\":[\"Wa\u017cne daty\",\"Wsp\u00f3\u0142praca mi\u0119dzynarodowa\",\"Wydarzenia\"],\"inLanguage\":\"hu\",\"potentialAction\":[{\"@type\":\"CommentAction\",\"name\":\"Comment\",\"target\":[\"https:\/\/marekkuchcinski.pl\/ro\/wydarzenia\/30-lecie-zwiazku-polakow-ukrainie-marszalek-sejmu-przekor-przeciwnosciom-zachowuja-panstwo-polska-tozsamosc-wartosci\/#respond\"]}]},{\"@type\":\"WebPage\",\"@id\":\"https:\/\/marekkuchcinski.pl\/ro\/wydarzenia\/30-lecie-zwiazku-polakow-ukrainie-marszalek-sejmu-przekor-przeciwnosciom-zachowuja-panstwo-polska-tozsamosc-wartosci\/\",\"url\":\"https:\/\/marekkuchcinski.pl\/ro\/wydarzenia\/30-lecie-zwiazku-polakow-ukrainie-marszalek-sejmu-przekor-przeciwnosciom-zachowuja-panstwo-polska-tozsamosc-wartosci\/\",\"name\":\"30-lecie Zwi\u0105zku Polak\u00f3w na Ukrainie. Marsza\u0142ek Sejmu: Na przek\u00f3r przeciwno\u015bciom zachowujecie Pa\u0144stwo polsk\u0105 to\u017csamo\u015b\u0107 i warto\u015bci &#8211; Marek Kuchci\u0144ski\",\"isPartOf\":{\"@id\":\"https:\/\/marekkuchcinski.pl\/#website\"},\"primaryImageOfPage\":{\"@id\":\"https:\/\/marekkuchcinski.pl\/ro\/wydarzenia\/30-lecie-zwiazku-polakow-ukrainie-marszalek-sejmu-przekor-przeciwnosciom-zachowuja-panstwo-polska-tozsamosc-wartosci\/#primaryimage\"},\"image\":{\"@id\":\"https:\/\/marekkuchcinski.pl\/ro\/wydarzenia\/30-lecie-zwiazku-polakow-ukrainie-marszalek-sejmu-przekor-przeciwnosciom-zachowuja-panstwo-polska-tozsamosc-wartosci\/#primaryimage\"},\"thumbnailUrl\":\"https:\/\/marekkuchcinski.pl\/wp-content\/uploads\/2018\/11\/46458073_2198137453808393_2578723292508585984_n.jpg\",\"datePublished\":\"2018-11-19T16:13:55+00:00\",\"dateModified\":\"2018-11-19T16:15:36+00:00\",\"breadcrumb\":{\"@id\":\"https:\/\/marekkuchcinski.pl\/ro\/wydarzenia\/30-lecie-zwiazku-polakow-ukrainie-marszalek-sejmu-przekor-przeciwnosciom-zachowuja-panstwo-polska-tozsamosc-wartosci\/#breadcrumb\"},\"inLanguage\":\"hu\",\"potentialAction\":[{\"@type\":\"ReadAction\",\"target\":[\"https:\/\/marekkuchcinski.pl\/ro\/wydarzenia\/30-lecie-zwiazku-polakow-ukrainie-marszalek-sejmu-przekor-przeciwnosciom-zachowuja-panstwo-polska-tozsamosc-wartosci\/\"]}]},{\"@type\":\"ImageObject\",\"inLanguage\":\"hu\",\"@id\":\"https:\/\/marekkuchcinski.pl\/ro\/wydarzenia\/30-lecie-zwiazku-polakow-ukrainie-marszalek-sejmu-przekor-przeciwnosciom-zachowuja-panstwo-polska-tozsamosc-wartosci\/#primaryimage\",\"url\":\"https:\/\/marekkuchcinski.pl\/wp-content\/uploads\/2018\/11\/46458073_2198137453808393_2578723292508585984_n.jpg\",\"contentUrl\":\"https:\/\/marekkuchcinski.pl\/wp-content\/uploads\/2018\/11\/46458073_2198137453808393_2578723292508585984_n.jpg\",\"width\":960,\"height\":453},{\"@type\":\"BreadcrumbList\",\"@id\":\"https:\/\/marekkuchcinski.pl\/ro\/wydarzenia\/30-lecie-zwiazku-polakow-ukrainie-marszalek-sejmu-przekor-przeciwnosciom-zachowuja-panstwo-polska-tozsamosc-wartosci\/#breadcrumb\",\"itemListElement\":[{\"@type\":\"ListItem\",\"position\":1,\"name\":\"Strona g\u0142\u00f3wna\",\"item\":\"https:\/\/marekkuchcinski.pl\/\"},{\"@type\":\"ListItem\",\"position\":2,\"name\":\"30-lecie Zwi\u0105zku Polak\u00f3w na Ukrainie. Marsza\u0142ek Sejmu: Na przek\u00f3r przeciwno\u015bciom zachowujecie Pa\u0144stwo polsk\u0105 to\u017csamo\u015b\u0107 i warto\u015bci\"}]},{\"@type\":\"WebSite\",\"@id\":\"https:\/\/marekkuchcinski.pl\/#website\",\"url\":\"https:\/\/marekkuchcinski.pl\/\",\"name\":\"Marek Kuchci\u0144ski\",\"description\":\"Pose\u0142 na sejm RP &ndash; okr\u0119g nr 22\",\"publisher\":{\"@id\":\"https:\/\/marekkuchcinski.pl\/#organization\"},\"potentialAction\":[{\"@type\":\"SearchAction\",\"target\":{\"@type\":\"EntryPoint\",\"urlTemplate\":\"https:\/\/marekkuchcinski.pl\/?s={search_term_string}\"},\"query-input\":{\"@type\":\"PropertyValueSpecification\",\"valueRequired\":true,\"valueName\":\"search_term_string\"}}],\"inLanguage\":\"hu\"},{\"@type\":\"Organization\",\"@id\":\"https:\/\/marekkuchcinski.pl\/#organization\",\"name\":\"Marek Kuchci\u0144ski\",\"url\":\"https:\/\/marekkuchcinski.pl\/\",\"logo\":{\"@type\":\"ImageObject\",\"inLanguage\":\"hu\",\"@id\":\"https:\/\/marekkuchcinski.pl\/#\/schema\/logo\/image\/\",\"url\":\"https:\/\/marekkuchcinski.pl\/wp-content\/uploads\/2022\/09\/Marek.jpg\",\"contentUrl\":\"https:\/\/marekkuchcinski.pl\/wp-content\/uploads\/2022\/09\/Marek.jpg\",\"width\":1600,\"height\":971,\"caption\":\"Marek Kuchci\u0144ski\"},\"image\":{\"@id\":\"https:\/\/marekkuchcinski.pl\/#\/schema\/logo\/image\/\"}},{\"@type\":\"Person\",\"@id\":\"https:\/\/marekkuchcinski.pl\/#\/schema\/person\/6f62700996b4d950b6ea2d1183b6c6be\",\"name\":\"admin\",\"image\":{\"@type\":\"ImageObject\",\"inLanguage\":\"hu\",\"@id\":\"https:\/\/marekkuchcinski.pl\/#\/schema\/person\/image\/\",\"url\":\"https:\/\/secure.gravatar.com\/avatar\/4bab693b9d55c3d6b52c0296a8765085?s=96&d=mm&r=g\",\"contentUrl\":\"https:\/\/secure.gravatar.com\/avatar\/4bab693b9d55c3d6b52c0296a8765085?s=96&d=mm&r=g\",\"caption\":\"admin\"},\"url\":\"https:\/\/marekkuchcinski.pl\/hu\/author\/marta-olejnik\/\"}]}<\/script>\n<!-- \/ Yoast SEO plugin. -->","yoast_head_json":{"title":"30-lecie Zwi\u0105zku Polak\u00f3w na Ukrainie. Marsza\u0142ek Sejmu: Na przek\u00f3r przeciwno\u015bciom zachowujecie Pa\u0144stwo polsk\u0105 to\u017csamo\u015b\u0107 i warto\u015bci &#8211; Marek Kuchci\u0144ski","robots":{"index":"index","follow":"follow","max-snippet":"max-snippet:-1","max-image-preview":"max-image-preview:large","max-video-preview":"max-video-preview:-1"},"canonical":"https:\/\/marekkuchcinski.pl\/hu\/wydarzenia\/30-lecie-zwiazku-polakow-ukrainie-marszalek-sejmu-przekor-przeciwnosciom-zachowuja-panstwo-polska-tozsamosc-wartosci\/","og_locale":"hu_HU","og_type":"article","og_title":"30-lecie Zwi\u0105zku Polak\u00f3w na Ukrainie. Marsza\u0142ek Sejmu: Na przek\u00f3r przeciwno\u015bciom zachowujecie Pa\u0144stwo polsk\u0105 to\u017csamo\u015b\u0107 i warto\u015bci &#8211; Marek Kuchci\u0144ski","og_description":"W zwi\u0105zku z 30. rocznic\u0105 istnienia Zwi\u0105zku Polak\u00f3w na Ukrainie marsza\u0142ek Sejmu Marek Kuchci\u0144ski przes\u0142a\u0142 do uczestnik\u00f3w zjazdu rocznicowego \u017cyczenia okoliczno\u015bciowe. Uroczysto\u015b\u0107 odby\u0142a 17 listopada w Kijowie w ramach obchod\u00f3w 100-lecia Niepodleg\u0142o\u015bci Polski. &#8222;Pragn\u0119 przekaza\u0107 s\u0142owa uznania w\u0142adzom oraz cz\u0142onkom organizacji, a tak\u017ce wyrazy uszanowania Polonii. Z dala od Macierzy, na przek\u00f3r wszelkim przeciwno\u015bciom zachowujecie [&hellip;]","og_url":"https:\/\/marekkuchcinski.pl\/hu\/wydarzenia\/30-lecie-zwiazku-polakow-ukrainie-marszalek-sejmu-przekor-przeciwnosciom-zachowuja-panstwo-polska-tozsamosc-wartosci\/","og_site_name":"Marek Kuchci\u0144ski","article_published_time":"2018-11-19T16:13:55+00:00","article_modified_time":"2018-11-19T16:15:36+00:00","og_image":[{"width":960,"height":453,"url":"https:\/\/marekkuchcinski.pl\/wp-content\/uploads\/2018\/11\/46458073_2198137453808393_2578723292508585984_n.jpg","type":"image\/jpeg"}],"author":"admin","twitter_card":"summary_large_image","twitter_misc":{"Szerz\u0151:":"admin","Becs\u00fclt olvas\u00e1si id\u0151":"1 perc"},"schema":{"@context":"https:\/\/schema.org","@graph":[{"@type":"Article","@id":"https:\/\/marekkuchcinski.pl\/ro\/wydarzenia\/30-lecie-zwiazku-polakow-ukrainie-marszalek-sejmu-przekor-przeciwnosciom-zachowuja-panstwo-polska-tozsamosc-wartosci\/#article","isPartOf":{"@id":"https:\/\/marekkuchcinski.pl\/ro\/wydarzenia\/30-lecie-zwiazku-polakow-ukrainie-marszalek-sejmu-przekor-przeciwnosciom-zachowuja-panstwo-polska-tozsamosc-wartosci\/"},"author":{"name":"admin","@id":"https:\/\/marekkuchcinski.pl\/#\/schema\/person\/6f62700996b4d950b6ea2d1183b6c6be"},"headline":"30-lecie Zwi\u0105zku Polak\u00f3w na Ukrainie. Marsza\u0142ek Sejmu: Na przek\u00f3r przeciwno\u015bciom zachowujecie Pa\u0144stwo polsk\u0105 to\u017csamo\u015b\u0107 i warto\u015bci","datePublished":"2018-11-19T16:13:55+00:00","dateModified":"2018-11-19T16:15:36+00:00","mainEntityOfPage":{"@id":"https:\/\/marekkuchcinski.pl\/ro\/wydarzenia\/30-lecie-zwiazku-polakow-ukrainie-marszalek-sejmu-przekor-przeciwnosciom-zachowuja-panstwo-polska-tozsamosc-wartosci\/"},"wordCount":241,"commentCount":0,"publisher":{"@id":"https:\/\/marekkuchcinski.pl\/#organization"},"image":{"@id":"https:\/\/marekkuchcinski.pl\/ro\/wydarzenia\/30-lecie-zwiazku-polakow-ukrainie-marszalek-sejmu-przekor-przeciwnosciom-zachowuja-panstwo-polska-tozsamosc-wartosci\/#primaryimage"},"thumbnailUrl":"https:\/\/marekkuchcinski.pl\/wp-content\/uploads\/2018\/11\/46458073_2198137453808393_2578723292508585984_n.jpg","articleSection":["Wa\u017cne daty","Wsp\u00f3\u0142praca mi\u0119dzynarodowa","Wydarzenia"],"inLanguage":"hu","potentialAction":[{"@type":"CommentAction","name":"Comment","target":["https:\/\/marekkuchcinski.pl\/ro\/wydarzenia\/30-lecie-zwiazku-polakow-ukrainie-marszalek-sejmu-przekor-przeciwnosciom-zachowuja-panstwo-polska-tozsamosc-wartosci\/#respond"]}]},{"@type":"WebPage","@id":"https:\/\/marekkuchcinski.pl\/ro\/wydarzenia\/30-lecie-zwiazku-polakow-ukrainie-marszalek-sejmu-przekor-przeciwnosciom-zachowuja-panstwo-polska-tozsamosc-wartosci\/","url":"https:\/\/marekkuchcinski.pl\/ro\/wydarzenia\/30-lecie-zwiazku-polakow-ukrainie-marszalek-sejmu-przekor-przeciwnosciom-zachowuja-panstwo-polska-tozsamosc-wartosci\/","name":"30-lecie Zwi\u0105zku Polak\u00f3w na Ukrainie. Marsza\u0142ek Sejmu: Na przek\u00f3r przeciwno\u015bciom zachowujecie Pa\u0144stwo polsk\u0105 to\u017csamo\u015b\u0107 i warto\u015bci &#8211; Marek Kuchci\u0144ski","isPartOf":{"@id":"https:\/\/marekkuchcinski.pl\/#website"},"primaryImageOfPage":{"@id":"https:\/\/marekkuchcinski.pl\/ro\/wydarzenia\/30-lecie-zwiazku-polakow-ukrainie-marszalek-sejmu-przekor-przeciwnosciom-zachowuja-panstwo-polska-tozsamosc-wartosci\/#primaryimage"},"image":{"@id":"https:\/\/marekkuchcinski.pl\/ro\/wydarzenia\/30-lecie-zwiazku-polakow-ukrainie-marszalek-sejmu-przekor-przeciwnosciom-zachowuja-panstwo-polska-tozsamosc-wartosci\/#primaryimage"},"thumbnailUrl":"https:\/\/marekkuchcinski.pl\/wp-content\/uploads\/2018\/11\/46458073_2198137453808393_2578723292508585984_n.jpg","datePublished":"2018-11-19T16:13:55+00:00","dateModified":"2018-11-19T16:15:36+00:00","breadcrumb":{"@id":"https:\/\/marekkuchcinski.pl\/ro\/wydarzenia\/30-lecie-zwiazku-polakow-ukrainie-marszalek-sejmu-przekor-przeciwnosciom-zachowuja-panstwo-polska-tozsamosc-wartosci\/#breadcrumb"},"inLanguage":"hu","potentialAction":[{"@type":"ReadAction","target":["https:\/\/marekkuchcinski.pl\/ro\/wydarzenia\/30-lecie-zwiazku-polakow-ukrainie-marszalek-sejmu-przekor-przeciwnosciom-zachowuja-panstwo-polska-tozsamosc-wartosci\/"]}]},{"@type":"ImageObject","inLanguage":"hu","@id":"https:\/\/marekkuchcinski.pl\/ro\/wydarzenia\/30-lecie-zwiazku-polakow-ukrainie-marszalek-sejmu-przekor-przeciwnosciom-zachowuja-panstwo-polska-tozsamosc-wartosci\/#primaryimage","url":"https:\/\/marekkuchcinski.pl\/wp-content\/uploads\/2018\/11\/46458073_2198137453808393_2578723292508585984_n.jpg","contentUrl":"https:\/\/marekkuchcinski.pl\/wp-content\/uploads\/2018\/11\/46458073_2198137453808393_2578723292508585984_n.jpg","width":960,"height":453},{"@type":"BreadcrumbList","@id":"https:\/\/marekkuchcinski.pl\/ro\/wydarzenia\/30-lecie-zwiazku-polakow-ukrainie-marszalek-sejmu-przekor-przeciwnosciom-zachowuja-panstwo-polska-tozsamosc-wartosci\/#breadcrumb","itemListElement":[{"@type":"ListItem","position":1,"name":"Strona g\u0142\u00f3wna","item":"https:\/\/marekkuchcinski.pl\/"},{"@type":"ListItem","position":2,"name":"30-lecie Zwi\u0105zku Polak\u00f3w na Ukrainie. Marsza\u0142ek Sejmu: Na przek\u00f3r przeciwno\u015bciom zachowujecie Pa\u0144stwo polsk\u0105 to\u017csamo\u015b\u0107 i warto\u015bci"}]},{"@type":"WebSite","@id":"https:\/\/marekkuchcinski.pl\/#website","url":"https:\/\/marekkuchcinski.pl\/","name":"Marek Kuchci\u0144ski","description":"Pose\u0142 na sejm RP &ndash; okr\u0119g nr 22","publisher":{"@id":"https:\/\/marekkuchcinski.pl\/#organization"},"potentialAction":[{"@type":"SearchAction","target":{"@type":"EntryPoint","urlTemplate":"https:\/\/marekkuchcinski.pl\/?s={search_term_string}"},"query-input":{"@type":"PropertyValueSpecification","valueRequired":true,"valueName":"search_term_string"}}],"inLanguage":"hu"},{"@type":"Organization","@id":"https:\/\/marekkuchcinski.pl\/#organization","name":"Marek Kuchci\u0144ski","url":"https:\/\/marekkuchcinski.pl\/","logo":{"@type":"ImageObject","inLanguage":"hu","@id":"https:\/\/marekkuchcinski.pl\/#\/schema\/logo\/image\/","url":"https:\/\/marekkuchcinski.pl\/wp-content\/uploads\/2022\/09\/Marek.jpg","contentUrl":"https:\/\/marekkuchcinski.pl\/wp-content\/uploads\/2022\/09\/Marek.jpg","width":1600,"height":971,"caption":"Marek Kuchci\u0144ski"},"image":{"@id":"https:\/\/marekkuchcinski.pl\/#\/schema\/logo\/image\/"}},{"@type":"Person","@id":"https:\/\/marekkuchcinski.pl\/#\/schema\/person\/6f62700996b4d950b6ea2d1183b6c6be","name":"admin","image":{"@type":"ImageObject","inLanguage":"hu","@id":"https:\/\/marekkuchcinski.pl\/#\/schema\/person\/image\/","url":"https:\/\/secure.gravatar.com\/avatar\/4bab693b9d55c3d6b52c0296a8765085?s=96&d=mm&r=g","contentUrl":"https:\/\/secure.gravatar.com\/avatar\/4bab693b9d55c3d6b52c0296a8765085?s=96&d=mm&r=g","caption":"admin"},"url":"https:\/\/marekkuchcinski.pl\/hu\/author\/marta-olejnik\/"}]}},"_links":{"self":[{"href":"https:\/\/marekkuchcinski.pl\/hu\/wp-json\/wp\/v2\/posts\/10859","targetHints":{"allow":["GET"]}}],"collection":[{"href":"https:\/\/marekkuchcinski.pl\/hu\/wp-json\/wp\/v2\/posts"}],"about":[{"href":"https:\/\/marekkuchcinski.pl\/hu\/wp-json\/wp\/v2\/types\/post"}],"author":[{"embeddable":true,"href":"https:\/\/marekkuchcinski.pl\/hu\/wp-json\/wp\/v2\/users\/6"}],"replies":[{"embeddable":true,"href":"https:\/\/marekkuchcinski.pl\/hu\/wp-json\/wp\/v2\/comments?post=10859"}],"version-history":[{"count":3,"href":"https:\/\/marekkuchcinski.pl\/hu\/wp-json\/wp\/v2\/posts\/10859\/revisions"}],"predecessor-version":[{"id":10865,"href":"https:\/\/marekkuchcinski.pl\/hu\/wp-json\/wp\/v2\/posts\/10859\/revisions\/10865"}],"wp:featuredmedia":[{"embeddable":true,"href":"https:\/\/marekkuchcinski.pl\/hu\/wp-json\/wp\/v2\/media\/10861"}],"wp:attachment":[{"href":"https:\/\/marekkuchcinski.pl\/hu\/wp-json\/wp\/v2\/media?parent=10859"}],"wp:term":[{"taxonomy":"category","embeddable":true,"href":"https:\/\/marekkuchcinski.pl\/hu\/wp-json\/wp\/v2\/categories?post=10859"},{"taxonomy":"post_tag","embeddable":true,"href":"https:\/\/marekkuchcinski.pl\/hu\/wp-json\/wp\/v2\/tags?post=10859"}],"curies":[{"name":"wp","href":"https:\/\/api.w.org\/{rel}","templated":true}]}}