{"id":10784,"date":"2018-11-21T13:00:43","date_gmt":"2018-11-21T12:00:43","guid":{"rendered":"https:\/\/marekkuchcinski.pl\/?p=10784"},"modified":"2018-11-27T10:48:46","modified_gmt":"2018-11-27T09:48:46","slug":"spotkania-mieszkancami-podkarpacia-wybory-samorzadowe-2018","status":"publish","type":"post","link":"https:\/\/marekkuchcinski.pl\/hu\/prawo-i-sprawiedliwosc\/spotkania-mieszkancami-podkarpacia-wybory-samorzadowe-2018\/","title":{"rendered":"Tal\u00e1lkoz\u00f3k Podkarpacie lakosaival: okt\u00f3ber 1-31."},"content":{"rendered":"<p><strong>okt\u00f3ber 1.<\/strong><\/p>\n<p>Pola\u0144czykban a Szejm eln\u00f6ke megnyitotta az Infrastruktur\u00e1lis \u00e9s Fejleszt\u00e9si Miniszt\u00e9rium \"Bieszczady programja\" c\u00edm\u0171 konferenci\u00e1j\u00e1t. Marek Kuchci\u0144ski elmondta, hogy a konferencia nagy rem\u00e9nyekkel indul, mert a \"Bieszczady-programnak\" k\u00f6sz\u00f6nhet\u0151en egy olyan m\u00e1rka \u00e9p\u00fcl, amely jellemzi K\u00e1rp\u00e1talja egy r\u00e9sz\u00e9t. A \"Bieszczady-program\" az eg\u00e9sz K\u00e1rp\u00e1talja fejleszt\u00e9si politik\u00e1j\u00e1nak k\u00f6vetkez\u0151 \u00e1llom\u00e1sa, \u00e9s ma Pola\u0144czykban megval\u00f3sulnak a kor\u00e1bbi miniszteri bejelent\u00e9sek.<\/p>\n<p>Jerzy Kwieci\u0144ski miniszter bemutatta a \"Bieszczady-hegys\u00e9g programj\u00e1nak\" felt\u00e9telez\u00e9seit, mint a korm\u00e1ny v\u00e1lasz\u00e1t a helyi probl\u00e9m\u00e1kra. Kwieci\u0144ski hangs\u00falyozta, hogy az \u00e1ltala vezetett miniszt\u00e9rium ily m\u00f3don tartja a szav\u00e1t, v\u00e9gleges\u00edtve azt, amit febru\u00e1rban a 20. K\u00e1rp\u00e1ti Eur\u00f3pa konferenci\u00e1n Przemy\u015blben meg\u00edg\u00e9rtek.<\/p>\n<p>A Felel\u0151s Fejl\u0151d\u00e9s Strat\u00e9gi\u00e1j\u00e1nak r\u00e9szek\u00e9nt folytatott konzult\u00e1ci\u00f3k eredm\u00e9nyek\u00e9nt \u00e9s Jaros\u0142aw Kaczy\u0144ski, a PiS eln\u00f6ke \u00e1ltal inspir\u00e1lva egy speci\u00e1lis \"Bieszczady-programot\" hoztak l\u00e9tre. A programnak 4 priorit\u00e1sa van:<\/p>\n<ol>\n<li>Bieszczady k\u00f6zel\u00e9ben (a r\u00e9gi\u00f3 megk\u00f6zel\u00edthet\u0151s\u00e9ge)<\/li>\n<li>Bieszczady a lakosok sz\u00e1m\u00e1ra (az \u00e9letmin\u0151s\u00e9g jav\u00edt\u00e1sa)<\/li>\n<li>Z\u00f6ld Bieszczady<\/li>\n<li>V\u00e1llalkoz\u00f3i Bieszczady.<\/li>\n<\/ol>\n<p>A program a helyi \u00f6nkorm\u00e1nyzat \u00e9s a korm\u00e1ny egy\u00fcttm\u0171k\u00f6d\u00e9s\u00e9n alapul. A miniszter azt is hangs\u00falyozta, hogy hasonl\u00f3 eredm\u00e9nyek csak akkor \u00e9rhet\u0151k el, ha az ilyen egy\u00fcttm\u0171k\u00f6d\u00e9s garant\u00e1lt.<br \/>\n\u00cdgy a \"Bieszczady-hegys\u00e9g\u00e9rt program\" keret\u00e9ben a Region\u00e1lis Fejleszt\u00e9si Miniszt\u00e9rium egy\u00fcttm\u0171k\u00f6dik a region\u00e1lis \u00f6nkorm\u00e1nyzattal, a helyi \u00f6nkorm\u00e1nyzatokkal, a civil szervezetekkel, int\u00e9zm\u00e9nyekkel \u00e9s v\u00e1llalkoz\u00f3kkal. A programnak k\u00f6sz\u00f6nhet\u0151en Bieszczady ter\u00fclet\u00e9t \u00e9s a Pola\u0144czykban meghirdetett program keret\u00e9ben v\u00e9gzett tev\u00e9kenys\u00e9geket priorit\u00e1sk\u00e9nt kezelik.<\/p>\n<p>Jerzy Kwieci\u0144ski miniszter \u00e9s Marek Kuchci\u0144ski marsall is szeretn\u00e9 kiterjeszteni a programmal kapcsolatos tev\u00e9kenys\u00e9geket a szlov\u00e1kiai \u00e9s ukrajnai hat\u00e1r menti ter\u00fcletekre. Nem akarjuk, hogy a Beszterceb\u00e1ny\u00e1t hat\u00e1rokkal ossz\u00e1k meg. A Bieszczady-hegys\u00e9g\u00e9rt programnak k\u00f6sz\u00f6nhet\u0151en ezt a ter\u00fcletet nemcsak gy\u00f6ny\u00f6r\u0171nek, hanem gy\u00f6ny\u00f6r\u0171en fejl\u0151d\u0151nek is lehet majd nevezni.<br \/>\n<a href=\"https:\/\/marekkuchcinski.pl\/wp-content\/uploads\/2018\/11\/42917032_2537896696490411_8333435502950612992_n.jpg\"><img fetchpriority=\"high\" decoding=\"async\" class=\"alignnone size-full wp-image-10969\" src=\"https:\/\/marekkuchcinski.pl\/wp-content\/uploads\/2018\/11\/42917032_2537896696490411_8333435502950612992_n.jpg\" alt=\"42917032_2537896696490411_8333435502950612992_n\" width=\"2048\" height=\"1536\" srcset=\"https:\/\/marekkuchcinski.pl\/wp-content\/uploads\/2018\/11\/42917032_2537896696490411_8333435502950612992_n.jpg 2048w, https:\/\/marekkuchcinski.pl\/wp-content\/uploads\/2018\/11\/42917032_2537896696490411_8333435502950612992_n-300x225.jpg 300w, https:\/\/marekkuchcinski.pl\/wp-content\/uploads\/2018\/11\/42917032_2537896696490411_8333435502950612992_n-768x576.jpg 768w, https:\/\/marekkuchcinski.pl\/wp-content\/uploads\/2018\/11\/42917032_2537896696490411_8333435502950612992_n-1024x768.jpg 1024w\" sizes=\"(max-width: 2048px) 100vw, 2048px\" \/><\/a> <a href=\"https:\/\/marekkuchcinski.pl\/wp-content\/uploads\/2018\/11\/42861047_586175085131161_7534889671172554752_n.jpg\"><img decoding=\"async\" class=\"alignnone size-full wp-image-10971\" src=\"https:\/\/marekkuchcinski.pl\/wp-content\/uploads\/2018\/11\/42861047_586175085131161_7534889671172554752_n.jpg\" alt=\"42861047_586175085131161_7534889671172554752_n\" width=\"2048\" height=\"1536\" srcset=\"https:\/\/marekkuchcinski.pl\/wp-content\/uploads\/2018\/11\/42861047_586175085131161_7534889671172554752_n.jpg 2048w, https:\/\/marekkuchcinski.pl\/wp-content\/uploads\/2018\/11\/42861047_586175085131161_7534889671172554752_n-300x225.jpg 300w, https:\/\/marekkuchcinski.pl\/wp-content\/uploads\/2018\/11\/42861047_586175085131161_7534889671172554752_n-768x576.jpg 768w, https:\/\/marekkuchcinski.pl\/wp-content\/uploads\/2018\/11\/42861047_586175085131161_7534889671172554752_n-1024x768.jpg 1024w\" sizes=\"(max-width: 2048px) 100vw, 2048px\" \/><\/a><\/p>\n<p><strong>okt\u00f3ber 6.<\/strong><\/p>\n<p><strong>Chlodice: tal\u00e1lkoz\u00f3 a lakosokkal<\/strong><br \/>\n<a href=\"https:\/\/marekkuchcinski.pl\/wp-content\/uploads\/2018\/11\/Ch\u0142opice-1-1.jpg\"><img decoding=\"async\" class=\"alignnone size-full wp-image-10785\" src=\"https:\/\/marekkuchcinski.pl\/wp-content\/uploads\/2018\/11\/Ch\u0142opice-1-1.jpg\" alt=\"Ch\u0142opice 1 (1)\" width=\"1728\" height=\"1296\" srcset=\"https:\/\/marekkuchcinski.pl\/wp-content\/uploads\/2018\/11\/Ch\u0142opice-1-1.jpg 1728w, https:\/\/marekkuchcinski.pl\/wp-content\/uploads\/2018\/11\/Ch\u0142opice-1-1-300x225.jpg 300w, https:\/\/marekkuchcinski.pl\/wp-content\/uploads\/2018\/11\/Ch\u0142opice-1-1-768x576.jpg 768w, https:\/\/marekkuchcinski.pl\/wp-content\/uploads\/2018\/11\/Ch\u0142opice-1-1-1024x768.jpg 1024w\" sizes=\"(max-width: 1728px) 100vw, 1728px\" \/><\/a> <a href=\"https:\/\/marekkuchcinski.pl\/wp-content\/uploads\/2018\/11\/Ch\u0142opice-1-2.jpg\"><img loading=\"lazy\" decoding=\"async\" class=\"alignnone size-full wp-image-10786\" src=\"https:\/\/marekkuchcinski.pl\/wp-content\/uploads\/2018\/11\/Ch\u0142opice-1-2.jpg\" alt=\"Ch\u0142opice 1 (2)\" width=\"1728\" height=\"1296\" srcset=\"https:\/\/marekkuchcinski.pl\/wp-content\/uploads\/2018\/11\/Ch\u0142opice-1-2.jpg 1728w, https:\/\/marekkuchcinski.pl\/wp-content\/uploads\/2018\/11\/Ch\u0142opice-1-2-300x225.jpg 300w, https:\/\/marekkuchcinski.pl\/wp-content\/uploads\/2018\/11\/Ch\u0142opice-1-2-768x576.jpg 768w, https:\/\/marekkuchcinski.pl\/wp-content\/uploads\/2018\/11\/Ch\u0142opice-1-2-1024x768.jpg 1024w\" sizes=\"(max-width: 1728px) 100vw, 1728px\" \/><\/a><br \/>\nMiel\u0151tt tal\u00e1lkozott volna a lakosokkal, a lengyel szejm eln\u00f6ke vir\u00e1got helyezett el Lech Kaczy\u0144ski n\u00e9hai eln\u00f6k mellszobr\u00e1n\u00e1l a ch\u0142opicei Lech Kaczy\u0144ski \u00c1ltal\u00e1nos Iskol\u00e1ban.<br \/>\nMarek Kuchci\u0144ski felid\u00e9zte Lech Kaczy\u0144ski szavait, miszerint egy \u00e1llam szolidarit\u00e1sa abban \u00e1ll, hogy k\u00e9pes megosztani erej\u00e9t azokkal, akiknek sz\u00fcks\u00e9g\u00fck van r\u00e1. Vajdas\u00e1gi szinten is eredm\u00e9nyeket \u00e9r\u00fcnk el, ha szolid\u00e1risan egy\u00fcttm\u0171k\u00f6d\u00fcnk a korm\u00e1nyzat minden szintj\u00e9n, amelyet ma itt k\u00e9pvisel\u00fcnk.<\/p>\n<p><strong>Jaros\u0142aw: PiS ker\u00fcleti kongresszus<\/strong><\/p>\n<p><a href=\"https:\/\/marekkuchcinski.pl\/wp-content\/uploads\/2018\/11\/Jaros\u0142aw-5.jpg\"><img loading=\"lazy\" decoding=\"async\" class=\"alignnone size-full wp-image-10788\" src=\"https:\/\/marekkuchcinski.pl\/wp-content\/uploads\/2018\/11\/Jaros\u0142aw-5.jpg\" alt=\"Jaros\u0142aw 5\" width=\"960\" height=\"720\" srcset=\"https:\/\/marekkuchcinski.pl\/wp-content\/uploads\/2018\/11\/Jaros\u0142aw-5.jpg 960w, https:\/\/marekkuchcinski.pl\/wp-content\/uploads\/2018\/11\/Jaros\u0142aw-5-300x225.jpg 300w, https:\/\/marekkuchcinski.pl\/wp-content\/uploads\/2018\/11\/Jaros\u0142aw-5-768x576.jpg 768w\" sizes=\"(max-width: 960px) 100vw, 960px\" \/><br \/>\n<\/a>A h\u00e1zeln\u00f6k hangs\u00falyozta, hogy az elm\u00falt h\u00e1rom \u00e9vben nagyon komoly v\u00e1ltoz\u00e1sok t\u00f6rt\u00e9ntek az \u00e1llam nemzetk\u00f6zi politik\u00e1j\u00e1ban annak \u00e9rdek\u00e9ben, hogy megv\u00e9dj\u00e9k a lengyel szuverenit\u00e1st az EU-val szemben. A belpolitika is nagyon hat\u00e9kony. - A Szejmben t\u00f6bb fontos projekten dolgozunk: Az \u00d6nkorm\u00e1nyzati \u00datalap, az Otthon melege h\u0151szigetel\u00e9si program, a megyei jog\u00fa v\u00e1rosok polg\u00e1ri k\u00f6lts\u00e9gvet\u00e9se, egy speci\u00e1lis szolidarit\u00e1si alap\" - mondta Kuchci\u0144ski.<\/p>\n<p><strong>Krosno: a PiS v\u00e1laszt\u00e1si gy\u0171l\u00e9se Jaros\u0142aw Kaczy\u0144ski r\u00e9szv\u00e9tel\u00e9vel\u00a0<\/strong><\/p>\n<p><a href=\"https:\/\/marekkuchcinski.pl\/wp-content\/uploads\/2018\/11\/Krosno-2.jpg\"><img loading=\"lazy\" decoding=\"async\" class=\"alignnone size-full wp-image-10790\" src=\"https:\/\/marekkuchcinski.pl\/wp-content\/uploads\/2018\/11\/Krosno-2.jpg\" alt=\"Krosno 2\" width=\"720\" height=\"960\" srcset=\"https:\/\/marekkuchcinski.pl\/wp-content\/uploads\/2018\/11\/Krosno-2.jpg 720w, https:\/\/marekkuchcinski.pl\/wp-content\/uploads\/2018\/11\/Krosno-2-225x300.jpg 225w\" sizes=\"(max-width: 720px) 100vw, 720px\" \/><\/a> <a href=\"https:\/\/marekkuchcinski.pl\/wp-content\/uploads\/2018\/11\/Krosno-3.jpg\"><img loading=\"lazy\" decoding=\"async\" class=\"alignnone size-full wp-image-10791\" src=\"https:\/\/marekkuchcinski.pl\/wp-content\/uploads\/2018\/11\/Krosno-3.jpg\" alt=\"Krosno 3\" width=\"640\" height=\"864\" srcset=\"https:\/\/marekkuchcinski.pl\/wp-content\/uploads\/2018\/11\/Krosno-3.jpg 640w, https:\/\/marekkuchcinski.pl\/wp-content\/uploads\/2018\/11\/Krosno-3-222x300.jpg 222w\" sizes=\"(max-width: 640px) 100vw, 640px\" \/><\/a><br \/>\nA Jog \u00e9s Igazs\u00e1goss\u00e1g p\u00e1rt eln\u00f6ke hangs\u00falyozta, hogy ahhoz, hogy valaki j\u00f3 politikus legyen, a hazaszeretetnek kell vez\u00e9relnie. A Podkarpacie r\u00e9gi\u00f3 t\u00f6k\u00e9letesen \u00e9rti ezeket a szavakat.<\/p>\n<p><strong>okt\u00f3ber 7.<\/strong><\/p>\n<p><strong>Jasionka Rzesz\u00f3w k\u00f6zel\u00e9ben: PiS region\u00e1lis kongresszus (Mateusz Morawiecki minisztereln\u00f6k \u00e9s Jaros\u0142aw Kaczy\u0144ski, a PiS eln\u00f6ke r\u00e9szv\u00e9tel\u00e9vel).<\/strong><\/p>\n<p><a href=\"https:\/\/marekkuchcinski.pl\/wp-content\/uploads\/2018\/11\/Jasionka-1.jpg\"><img loading=\"lazy\" decoding=\"async\" class=\"alignnone size-full wp-image-10798\" src=\"https:\/\/marekkuchcinski.pl\/wp-content\/uploads\/2018\/11\/Jasionka-1.jpg\" alt=\"Jasionka 1\" width=\"960\" height=\"720\" srcset=\"https:\/\/marekkuchcinski.pl\/wp-content\/uploads\/2018\/11\/Jasionka-1.jpg 960w, https:\/\/marekkuchcinski.pl\/wp-content\/uploads\/2018\/11\/Jasionka-1-300x225.jpg 300w, https:\/\/marekkuchcinski.pl\/wp-content\/uploads\/2018\/11\/Jasionka-1-768x576.jpg 768w\" sizes=\"(max-width: 960px) 100vw, 960px\" \/><\/a> <a href=\"https:\/\/marekkuchcinski.pl\/wp-content\/uploads\/2018\/11\/Jasionka-4.jpg\"><img loading=\"lazy\" decoding=\"async\" class=\"alignnone size-full wp-image-10801\" src=\"https:\/\/marekkuchcinski.pl\/wp-content\/uploads\/2018\/11\/Jasionka-4.jpg\" alt=\"Jasionka 4\" width=\"960\" height=\"720\" srcset=\"https:\/\/marekkuchcinski.pl\/wp-content\/uploads\/2018\/11\/Jasionka-4.jpg 960w, https:\/\/marekkuchcinski.pl\/wp-content\/uploads\/2018\/11\/Jasionka-4-300x225.jpg 300w, https:\/\/marekkuchcinski.pl\/wp-content\/uploads\/2018\/11\/Jasionka-4-768x576.jpg 768w\" sizes=\"(max-width: 960px) 100vw, 960px\" \/><\/a> <a href=\"https:\/\/marekkuchcinski.pl\/wp-content\/uploads\/2018\/11\/Jasionka-5.jpg\"><img loading=\"lazy\" decoding=\"async\" class=\"alignnone size-full wp-image-10802\" src=\"https:\/\/marekkuchcinski.pl\/wp-content\/uploads\/2018\/11\/Jasionka-5.jpg\" alt=\"Jasionka 5\" width=\"960\" height=\"720\" srcset=\"https:\/\/marekkuchcinski.pl\/wp-content\/uploads\/2018\/11\/Jasionka-5.jpg 960w, https:\/\/marekkuchcinski.pl\/wp-content\/uploads\/2018\/11\/Jasionka-5-300x225.jpg 300w, https:\/\/marekkuchcinski.pl\/wp-content\/uploads\/2018\/11\/Jasionka-5-768x576.jpg 768w\" sizes=\"(max-width: 960px) 100vw, 960px\" \/><\/a> <a href=\"https:\/\/marekkuchcinski.pl\/wp-content\/uploads\/2018\/11\/Jasionka-6.jpg\"><img loading=\"lazy\" decoding=\"async\" class=\"alignnone size-full wp-image-10803\" src=\"https:\/\/marekkuchcinski.pl\/wp-content\/uploads\/2018\/11\/Jasionka-6.jpg\" alt=\"Jasionka 6\" width=\"960\" height=\"720\" srcset=\"https:\/\/marekkuchcinski.pl\/wp-content\/uploads\/2018\/11\/Jasionka-6.jpg 960w, https:\/\/marekkuchcinski.pl\/wp-content\/uploads\/2018\/11\/Jasionka-6-300x225.jpg 300w, https:\/\/marekkuchcinski.pl\/wp-content\/uploads\/2018\/11\/Jasionka-6-768x576.jpg 768w\" sizes=\"(max-width: 960px) 100vw, 960px\" \/><\/a> <a href=\"https:\/\/marekkuchcinski.pl\/wp-content\/uploads\/2018\/11\/Jasionka-7.jpg\"><img loading=\"lazy\" decoding=\"async\" class=\"alignnone size-full wp-image-10804\" src=\"https:\/\/marekkuchcinski.pl\/wp-content\/uploads\/2018\/11\/Jasionka-7.jpg\" alt=\"Jasionka 7\" width=\"960\" height=\"720\" srcset=\"https:\/\/marekkuchcinski.pl\/wp-content\/uploads\/2018\/11\/Jasionka-7.jpg 960w, https:\/\/marekkuchcinski.pl\/wp-content\/uploads\/2018\/11\/Jasionka-7-300x225.jpg 300w, https:\/\/marekkuchcinski.pl\/wp-content\/uploads\/2018\/11\/Jasionka-7-768x576.jpg 768w\" sizes=\"(max-width: 960px) 100vw, 960px\" \/><\/a><\/p>\n<p>Jaros\u0142aw Kaczy\u0144ski: Azon a vid\u00e9ken vagyunk, ahol a PiS-nek a legnagyobb a t\u00e1mogatotts\u00e1ga. Itt nagy amb\u00edci\u00f3kra van sz\u00fcks\u00e9g. V\u00e9g\u00fcl is Podkarpacie-nak vannak ipari hagyom\u00e1nyai, amelyekre hivatkozni lehet. Vannak itt kultur\u00e1lis \u00e9s szellemi er\u0151forr\u00e1sok. Tiszteletben tartj\u00e1k a hagyom\u00e1nyos \u00e9rt\u00e9keket. Ki kell eg\u00e9sz\u00edten\u00fcnk ezt az infrastrukt\u00far\u00e1t \u00e9s az \u00f6tleteket, \u00e9s tov\u00e1bb kell l\u00e9pn\u00fcnk. Ez a f\u00f6ld az eg\u00e9sz orsz\u00e1g motorja lehet.<\/p>\n<p>Mateusz Morawiecki minisztereln\u00f6k: A hazaszeretetnek \u00e9s az \u00e1llamh\u00e1ztart\u00e1s \u00e9s az \u00e1llami int\u00e9zm\u00e9nyek helyre\u00e1ll\u00edt\u00e1s\u00e1ra ir\u00e1nyul\u00f3 akaratnak k\u00f6sz\u00f6nhet\u0151en olyan k\u00f6zpontok \u00e9p\u00fclnek, mint ez a ki\u00e1ll\u00edt\u00e1si k\u00f6zpont, ahol most vagyunk, olyan utak, mint a Via Carpatia, amelyet Lech Kaczy\u0144ski \u00fatnak kellene h\u00edvni.<br \/>\nA modern, innovat\u00edv ipar Podkarpacie-ban az elk\u00f6vetkez\u0151 \u00e9vekben a mi v\u00e9djegy\u00fcnk lesz. \u00d6t \u00e9ven bel\u00fcl Podkarpacie-ban a g\u00e1zkitermel\u00e9s 28 sz\u00e1zal\u00e9kkal, a kitermel\u00e9si forr\u00e1sok pedig 64 sz\u00e1zal\u00e9kkal fognak n\u00f6vekedni. 127 podkarpacie-i telep\u00fcl\u00e9sen fognak n\u00f6vekedni a g\u00e1zkitermel\u00e9sb\u0151l sz\u00e1rmaz\u00f3 bev\u00e9telek.<\/p>\n<p><strong>okt\u00f3ber 11. <\/strong><\/p>\n<p><strong>A szejm eln\u00f6ke r\u00e9szt vett a Rzesz\u00f3wban megrendezett Nemzetk\u00f6zi K\u00e1rp\u00e1ti Egy\u00fcttm\u0171k\u00f6d\u00e9si F\u00f3rumon, \u00e9s ell\u00e1togatott a Jaros\u0142awi ker\u00fcletbe (\u0141azy, Radymno, Sko\u0142osz\u00f3w) is.<\/strong><br \/>\nHangs\u00falyozta, hogy biztos abban, hogy a Jog \u00e9s Igazs\u00e1goss\u00e1g p\u00e1rt \u00e1ltal javasolt jel\u00f6ltek gondoskodni fognak a podkarpatszkaiai r\u00e9gi\u00f3r\u00f3l. Arra buzd\u00edtotta az embereket, hogy szavazzanak r\u00e1juk, \"hogy tov\u00e1bbra is egy\u00fctt v\u00e1ltoztathassuk meg az orsz\u00e1got\". - Szolg\u00e1lni akarjuk \u00d6n\u00f6ket, Lengyelorsz\u00e1got akarjuk szolg\u00e1lni a j\u00f6v\u0151 gener\u00e1ci\u00f3it szem el\u0151tt tartva. \u00cdg\u00e9reteinket teljes\u00edtett\u00fck. A v\u00e1laszt\u00e1si kamp\u00e1ny szlogenje jogos. Emelt f\u0151vel megy\u00fcnk a v\u00e1laszt\u00e1sokra\" - mondta a marsall.<\/p>\n<p><a href=\"https:\/\/marekkuchcinski.pl\/wp-content\/uploads\/2018\/11\/11.10-pow.-jaros\u0142awski-1.jpg\"><img loading=\"lazy\" decoding=\"async\" class=\"alignnone size-full wp-image-10810\" src=\"https:\/\/marekkuchcinski.pl\/wp-content\/uploads\/2018\/11\/11.10-pow.-jaros\u0142awski-1.jpg\" alt=\"11.10 pow. jaros\u0142awski 1\" width=\"3701\" height=\"2471\" srcset=\"https:\/\/marekkuchcinski.pl\/wp-content\/uploads\/2018\/11\/11.10-pow.-jaros\u0142awski-1.jpg 2048w, https:\/\/marekkuchcinski.pl\/wp-content\/uploads\/2018\/11\/11.10-pow.-jaros\u0142awski-1-300x200.jpg 300w, https:\/\/marekkuchcinski.pl\/wp-content\/uploads\/2018\/11\/11.10-pow.-jaros\u0142awski-1-768x513.jpg 768w, https:\/\/marekkuchcinski.pl\/wp-content\/uploads\/2018\/11\/11.10-pow.-jaros\u0142awski-1-1024x684.jpg 1024w\" sizes=\"(max-width: 3701px) 100vw, 3701px\" \/><\/a> <a href=\"https:\/\/marekkuchcinski.pl\/wp-content\/uploads\/2018\/11\/11.10-pow.-jaros\u0142awski-2.jpg\"><img loading=\"lazy\" decoding=\"async\" class=\"alignnone size-full wp-image-10811\" src=\"https:\/\/marekkuchcinski.pl\/wp-content\/uploads\/2018\/11\/11.10-pow.-jaros\u0142awski-2.jpg\" alt=\"11.10 pow. jaros\u0142awski 2\" width=\"2100\" height=\"1313\" srcset=\"https:\/\/marekkuchcinski.pl\/wp-content\/uploads\/2018\/11\/11.10-pow.-jaros\u0142awski-2.jpg 2100w, https:\/\/marekkuchcinski.pl\/wp-content\/uploads\/2018\/11\/11.10-pow.-jaros\u0142awski-2-300x188.jpg 300w, https:\/\/marekkuchcinski.pl\/wp-content\/uploads\/2018\/11\/11.10-pow.-jaros\u0142awski-2-768x480.jpg 768w, https:\/\/marekkuchcinski.pl\/wp-content\/uploads\/2018\/11\/11.10-pow.-jaros\u0142awski-2-1024x640.jpg 1024w\" sizes=\"(max-width: 2100px) 100vw, 2100px\" \/><\/a> <a href=\"https:\/\/marekkuchcinski.pl\/wp-content\/uploads\/2018\/11\/11.10-pow.-jaros\u0142awski-3.jpg\"><img loading=\"lazy\" decoding=\"async\" class=\"alignnone size-full wp-image-10812\" src=\"https:\/\/marekkuchcinski.pl\/wp-content\/uploads\/2018\/11\/11.10-pow.-jaros\u0142awski-3.jpg\" alt=\"11.10 pow. jaros\u0142awski 3\" width=\"4000\" height=\"3000\" srcset=\"https:\/\/marekkuchcinski.pl\/wp-content\/uploads\/2018\/11\/11.10-pow.-jaros\u0142awski-3.jpg 2048w, https:\/\/marekkuchcinski.pl\/wp-content\/uploads\/2018\/11\/11.10-pow.-jaros\u0142awski-3-300x225.jpg 300w, https:\/\/marekkuchcinski.pl\/wp-content\/uploads\/2018\/11\/11.10-pow.-jaros\u0142awski-3-768x576.jpg 768w, https:\/\/marekkuchcinski.pl\/wp-content\/uploads\/2018\/11\/11.10-pow.-jaros\u0142awski-3-1024x768.jpg 1024w\" sizes=\"(max-width: 4000px) 100vw, 4000px\" \/><\/a> <a href=\"https:\/\/marekkuchcinski.pl\/wp-content\/uploads\/2018\/11\/11.10-pow.-jaros\u0142awski-4.jpg\"><img loading=\"lazy\" decoding=\"async\" class=\"alignnone size-full wp-image-10813\" src=\"https:\/\/marekkuchcinski.pl\/wp-content\/uploads\/2018\/11\/11.10-pow.-jaros\u0142awski-4.jpg\" alt=\"11.10 pow. jaros\u0142awski 4\" width=\"4000\" height=\"3000\" srcset=\"https:\/\/marekkuchcinski.pl\/wp-content\/uploads\/2018\/11\/11.10-pow.-jaros\u0142awski-4.jpg 2048w, https:\/\/marekkuchcinski.pl\/wp-content\/uploads\/2018\/11\/11.10-pow.-jaros\u0142awski-4-300x225.jpg 300w, https:\/\/marekkuchcinski.pl\/wp-content\/uploads\/2018\/11\/11.10-pow.-jaros\u0142awski-4-768x576.jpg 768w, https:\/\/marekkuchcinski.pl\/wp-content\/uploads\/2018\/11\/11.10-pow.-jaros\u0142awski-4-1024x768.jpg 1024w\" sizes=\"(max-width: 4000px) 100vw, 4000px\" \/><\/a> <a href=\"https:\/\/marekkuchcinski.pl\/wp-content\/uploads\/2018\/11\/11.10-pow.-jaros\u0142awski-5.jpg\"><img loading=\"lazy\" decoding=\"async\" class=\"alignnone size-full wp-image-10814\" src=\"https:\/\/marekkuchcinski.pl\/wp-content\/uploads\/2018\/11\/11.10-pow.-jaros\u0142awski-5.jpg\" alt=\"11.10 pow. jaros\u0142awski 5\" width=\"1335\" height=\"803\" srcset=\"https:\/\/marekkuchcinski.pl\/wp-content\/uploads\/2018\/11\/11.10-pow.-jaros\u0142awski-5.jpg 1335w, https:\/\/marekkuchcinski.pl\/wp-content\/uploads\/2018\/11\/11.10-pow.-jaros\u0142awski-5-300x180.jpg 300w, https:\/\/marekkuchcinski.pl\/wp-content\/uploads\/2018\/11\/11.10-pow.-jaros\u0142awski-5-768x462.jpg 768w, https:\/\/marekkuchcinski.pl\/wp-content\/uploads\/2018\/11\/11.10-pow.-jaros\u0142awski-5-1024x616.jpg 1024w\" sizes=\"(max-width: 1335px) 100vw, 1335px\" \/><\/a> <a href=\"https:\/\/marekkuchcinski.pl\/wp-content\/uploads\/2018\/11\/11.10-pow.-jaros\u0142awski-6.jpg\"><img loading=\"lazy\" decoding=\"async\" class=\"alignnone size-full wp-image-10815\" src=\"https:\/\/marekkuchcinski.pl\/wp-content\/uploads\/2018\/11\/11.10-pow.-jaros\u0142awski-6.jpg\" alt=\"11.10 pow. jaros\u0142awski 6\" width=\"3724\" height=\"2307\" srcset=\"https:\/\/marekkuchcinski.pl\/wp-content\/uploads\/2018\/11\/11.10-pow.-jaros\u0142awski-6.jpg 2048w, https:\/\/marekkuchcinski.pl\/wp-content\/uploads\/2018\/11\/11.10-pow.-jaros\u0142awski-6-300x186.jpg 300w, https:\/\/marekkuchcinski.pl\/wp-content\/uploads\/2018\/11\/11.10-pow.-jaros\u0142awski-6-768x476.jpg 768w, https:\/\/marekkuchcinski.pl\/wp-content\/uploads\/2018\/11\/11.10-pow.-jaros\u0142awski-6-1024x634.jpg 1024w\" sizes=\"(max-width: 3724px) 100vw, 3724px\" \/><\/a> <a href=\"https:\/\/marekkuchcinski.pl\/wp-content\/uploads\/2018\/11\/11.10-pow.-jaros\u0142awski-7.jpg\"><img loading=\"lazy\" decoding=\"async\" class=\"alignnone size-full wp-image-10816\" src=\"https:\/\/marekkuchcinski.pl\/wp-content\/uploads\/2018\/11\/11.10-pow.-jaros\u0142awski-7.jpg\" alt=\"11.10 pow. jaros\u0142awski 7\" width=\"1876\" height=\"1466\" srcset=\"https:\/\/marekkuchcinski.pl\/wp-content\/uploads\/2018\/11\/11.10-pow.-jaros\u0142awski-7.jpg 1876w, https:\/\/marekkuchcinski.pl\/wp-content\/uploads\/2018\/11\/11.10-pow.-jaros\u0142awski-7-300x234.jpg 300w, https:\/\/marekkuchcinski.pl\/wp-content\/uploads\/2018\/11\/11.10-pow.-jaros\u0142awski-7-768x600.jpg 768w, https:\/\/marekkuchcinski.pl\/wp-content\/uploads\/2018\/11\/11.10-pow.-jaros\u0142awski-7-1024x800.jpg 1024w\" sizes=\"(max-width: 1876px) 100vw, 1876px\" \/><\/a><\/p>\n<p dir=\"ltr\"><strong>\u00a0okt\u00f3ber 11.<\/strong><\/p>\n<p dir=\"ltr\"><strong>Nemzetk\u00f6zi K\u00e1rp\u00e1t-medencei Egy\u00fcttm\u0171k\u00f6d\u00e9si F\u00f3rum<\/strong><\/p>\n<p dir=\"ltr\">Parlamenti szempontb\u00f3l, a K\u00e1rp\u00e1tok Euror\u00e9gi\u00f3ban r\u00e9szt vev\u0151 valamennyi \u00e1llam hat\u00f3s\u00e1gainak els\u0151dleges feladata a polg\u00e1rok biztons\u00e1g\u00e1nak garant\u00e1l\u00e1sa. A biztons\u00e1g fogalma a tev\u00e9kenys\u00e9g minden ter\u00fclet\u00e9re vonatkozhat: a kultur\u00e1lis, term\u00e9szet- \u00e9s k\u00f6rnyezetv\u00e9delemt\u0151l kezdve a kem\u00e9ny gazdas\u00e1gon \u00e9s politik\u00e1n \u00e1t a sz\u00f3 szerint \u00e9rtett biztons\u00e1gig - mondta Marek Kuchci\u0144ski, a Szejm eln\u00f6ke a Nemzetk\u00f6zi K\u00e1rp\u00e1ti Egy\u00fcttm\u0171k\u00f6d\u00e9si F\u00f3rum cs\u00fct\u00f6rt\u00f6ki megnyit\u00f3j\u00e1n. <strong>Rzesz\u00f3wban<\/strong>.<\/p>\n<p dir=\"ltr\">A K\u00e1rp\u00e1tok Euror\u00e9gi\u00f3 25. \u00e9vfordul\u00f3j\u00e1hoz kapcsol\u00f3d\u00f3 rendezv\u00e9nyt a \"K\u00e1rp\u00e1tok - k\u00f6z\u00f6s t\u00e1rsadalmi \u00e9s gazdas\u00e1gi t\u00e9r az \u00faj kih\u00edv\u00e1sok k\u00fcsz\u00f6b\u00e9n\" mott\u00f3val rendezt\u00e9k meg. - A K\u00e1rp\u00e1tok Euror\u00e9gi\u00f3 fenn\u00e1ll\u00e1s\u00e1nak elm\u00falt 25 \u00e9v\u00e9t tekintve l\u00e1thatjuk, hogy mennyire fontos az egy\u00fcttm\u0171k\u00f6d\u00e9s a k\u00f6rnyezet \u00e9s az egyes szegmensek - helyi, \u00f6nkorm\u00e1nyzati \u00e9s korm\u00e1nyzati - hat\u00f3s\u00e1gai k\u00f6z\u00f6tt Eur\u00f3pa egyes r\u00e9szein - mondta Marek Kuchci\u0144ski. - Ily m\u00f3don szeretn\u00e9nk levonni a helyes k\u00f6vetkeztet\u00e9seket a m\u00faltunkb\u00f3l, amely sokszor csod\u00e1latos, h\u0151sies, de dr\u00e1mai is volt sok \u0151s\u00fcnk sz\u00e1m\u00e1ra. A K\u00e1rp\u00e1tok Euror\u00e9gi\u00f3 tev\u00e9kenys\u00e9geib\u0151l ered\u0151 egy\u00fcttm\u0171k\u00f6d\u00e9sek \u00e9s javaslatok hossz\u00fa t\u00e1v\u00fa javaslatok, t\u00f6bbek k\u00f6z\u00f6tt az\u00e9rt is, mert k\u00fcl\u00f6nb\u00f6z\u0151 k\u00f6rnyezetek \u00e9s k\u00fcl\u00f6nb\u00f6z\u0151 hat\u00f3s\u00e1gok k\u00f6z\u00f6tti egy\u00fcttm\u0171k\u00f6d\u00e9sr\u0151l van sz\u00f3. Nem csup\u00e1n egy vajdas\u00e1g, egy vajda \u00e9s egy vajdas\u00e1g, vagy egy j\u00e1r\u00e1s \u00e9s egy ker\u00fclet helyi hat\u00f3s\u00e1gai k\u00f6z\u00f6tti egy\u00fcttm\u0171k\u00f6d\u00e9sr\u0151l van sz\u00f3. Ez a javaslatok sokas\u00e1g\u00e1t jelenti, amelyekben nem korm\u00e1nyzati szervezetek, int\u00e9zm\u00e9nyek, v\u00e1llalkoz\u00e1sok, valamint a korm\u00e1nyzati hat\u00f3s\u00e1gok egy\u00fcttm\u0171k\u00f6d\u00e9se is szerepet kap. Ez a tev\u00e9kenys\u00e9gi forma fontos a k\u00f6z\u00e9p-eur\u00f3pai orsz\u00e1gok k\u00f6z\u00f6tti egy\u00fcttm\u0171k\u00f6d\u00e9s er\u0151s\u00edt\u00e9se szempontj\u00e1b\u00f3l, b\u00e1r f\u00f6ldrajzilag csak egy r\u00e9gi\u00f3r\u00f3l, a K\u00e1rp\u00e1tokr\u00f3l besz\u00e9l\u00fcnk, de ugyanilyen \u00e9rtelemben eg\u00e9sz K\u00f6z\u00e9p-Eur\u00f3p\u00e1r\u00f3l kell besz\u00e9ln\u00fcnk. Ha a j\u00f6v\u0151r\u0151l \u00e9s az olyan kezdem\u00e9nyez\u00e9sek fejl\u0151d\u00e9s\u00e9r\u0151l besz\u00e9l\u00fcnk, mint az Inter-Morze vagy a Tri-Morze, egy\u00e9rtelm\u0171, hogy a K\u00e1rp\u00e1tok Euror\u00e9gi\u00f3 el\u0151k\u00e9sz\u00edtette a menetrendet az ilyen egy\u00fcttm\u0171k\u00f6d\u00e9sek fejleszt\u00e9s\u00e9hez ezen az eg\u00e9sz gener\u00e1ci\u00f3n kereszt\u00fcl - \u00e9rt\u00e9kelte a szejm eln\u00f6ke.<\/p>\n<p dir=\"ltr\">A f\u00f3rumon t\u00f6bb f\u0151 t\u00e9m\u00e1t is megvitattak, t\u00f6bbek k\u00f6z\u00f6tt a \"K\u00e1rp\u00e1tok - a h\u00e9tk\u00f6znapi \u00e9let \u00e9s a hatalom \u00e1lma k\u00f6z\u00f6tt... Megengedhet-e mag\u00e1nak Eur\u00f3pa perif\u00e9ri\u00e1ja egy civiliz\u00e1ci\u00f3s ugr\u00e1st?\", \"Ellen\u00e1ll az inspir\u00e1ci\u00f3nak? Seg\u00edthetnek-e az eur\u00f3pai tapasztalatok egy glob\u00e1lis jelent\u0151s\u00e9g\u0171 desztin\u00e1ci\u00f3 l\u00e9trehoz\u00e1s\u00e1ban a K\u00e1rp\u00e1tokban?\", \"Z\u00f6ld falak. Hogyan optimaliz\u00e1lhat\u00f3 a v\u00e9dett ter\u00fcletek \u00e9s a t\u00e1rsadalmi-gazdas\u00e1gi k\u00f6rnyezet k\u00f6z\u00f6tti egy\u00fcttm\u0171k\u00f6d\u00e9s a fejl\u0151d\u00e9s \u00e9rdek\u00e9ben?\", \"Hol a b\u00f6lcsess\u00e9g? Elvesztett\u00fck a tud\u00e1sban. Hol van a tud\u00e1s? Elvesztett\u00fck az inform\u00e1ci\u00f3ban... Hogyan haszn\u00e1ljuk az inform\u00e1ci\u00f3t a ter\u00fcletfejleszt\u00e9si folyamatok ir\u00e1ny\u00edt\u00e1s\u00e1ban?\".<\/p>\n<p dir=\"ltr\">Az \u00faj trendekr\u0151l \u00e9s fejleszt\u00e9sekr\u0151l, valamint a K\u00e1rp\u00e1talja m\u00e1rka\u00e9p\u00edt\u00e9s\u00e9r\u0151l \u00e9s internetes n\u00e9pszer\u0171s\u00edt\u00e9s\u00e9r\u0151l is sz\u00f3 esett a \"Hogyan lehet hat\u00e9konyan \u00e9s nyeres\u00e9gesen eladni egy hely m\u00e1rk\u00e1j\u00e1t?\" \u00e9s a \"K\u00f6z\u00f6ss\u00e9gi m\u00e9dia \u00e9s blogoszf\u00e9ra\" c\u00edm\u0171 panelek sor\u00e1n: \"A j\u00f3 kommunik\u00e1ci\u00f3 \u00fagy serkent, mint a feketek\u00e1v\u00e9. \u00c9s ugyanilyen neh\u00e9z elaludni ut\u00e1na. Hogyan lehet hat\u00e9konyan \u00e9rdekl\u0151d\u00e9st kelteni a blogoszf\u00e9r\u00e1ban? Lehets\u00e9ges-e tematikusan \u00e9s ter\u00fcletileg integr\u00e1lni a K\u00e1rp\u00e1tok k\u00f6r\u00fcl?<\/p>\n<p dir=\"ltr\"><strong>okt\u00f3ber 12.<\/strong><\/p>\n<p><strong>A Szejm eln\u00f6ke r\u00e9szt vett Alexandriai Szent Katalin szobr\u00e1nak \u00fcnnep\u00e9lyes leleplez\u00e9s\u00e9n \u00e9s felszentel\u00e9s\u00e9n Jaslo v\u00e1ros\u00e1ban.<\/strong><\/p>\n<p>- Szent Katalin a rendk\u00edv\u00fcli emberek v\u00e9d\u0151szentje. Leleplezz\u00fck a szobrot a helysz\u00ednen, amelyet 2015 elej\u00e9n kellett volna leszerelni. \u00d6r\u00fcl\u00f6k, hogy \u00d6n\u00f6knek k\u00f6sz\u00f6nhet\u0151en siker\u00fclt megmenteni \u00e9s \u00fajj\u00e1\u00e9p\u00edteni. A v\u00e9d\u0151n\u0151 vigy\u00e1zzon minden alkalmazottra - mondta Marek Kuchci\u0144ski.<\/p>\n<p><strong>A h\u00e1zeln\u00f6k r\u00e9szt vett a Teodor Marchlewski professzor iskolakomplexum\u00e1ban tal\u00e1lhat\u00f3 atl\u00e9tikai stadion \u00fcnnep\u00e9lyes megnyit\u00f3j\u00e1n \u00e9s felszentel\u00e9s\u00e9n is.<\/strong><\/p>\n<p>- Atl\u00e9tikai stadion <strong>Trzcinica<\/strong> j\u00f3 p\u00e9lda a korm\u00e1ny \u00e9s a helyi \u00f6nkorm\u00e1nyzatok k\u00f6z\u00f6tti egy\u00fcttm\u0171k\u00f6d\u00e9sre. A l\u00e9tes\u00edtm\u00e9ny t\u00f6bbek k\u00f6z\u00f6tt a Sport- \u00e9s Idegenforgalmi Miniszt\u00e9rium finansz\u00edroz\u00e1s\u00e1nak k\u00f6sz\u00f6nhet\u0151en \u00e9p\u00fclt meg. A lengyel korm\u00e1ny nemcsak a nagyv\u00e1rosok, hanem a kisv\u00e1rosok fejleszt\u00e9s\u00e9t is t\u00e1mogatja. \u00dagy cseleksz\u00fcnk, hogy t\u00f6bbek k\u00f6z\u00f6tt az ilyen befektet\u00e9sekkel hozz\u00e1j\u00e1rulhatunk a lengyel \u00e1llam \u00fajj\u00e1\u00e9p\u00edt\u00e9s\u00e9hez. Sok sikert \u00e9s gy\u0151zelmet k\u00edv\u00e1nok mindazoknak, akik haszn\u00e1lni fogj\u00e1k ezt a stadiont.<\/p>\n<p><a href=\"https:\/\/marekkuchcinski.pl\/wp-content\/uploads\/2018\/11\/12.10-Trzcinica-1.jpg\"><img loading=\"lazy\" decoding=\"async\" class=\"alignnone size-full wp-image-10827\" src=\"https:\/\/marekkuchcinski.pl\/wp-content\/uploads\/2018\/11\/12.10-Trzcinica-1.jpg\" alt=\"12.10 Trzcinica 1\" width=\"2000\" height=\"1500\" srcset=\"https:\/\/marekkuchcinski.pl\/wp-content\/uploads\/2018\/11\/12.10-Trzcinica-1.jpg 2000w, https:\/\/marekkuchcinski.pl\/wp-content\/uploads\/2018\/11\/12.10-Trzcinica-1-300x225.jpg 300w, https:\/\/marekkuchcinski.pl\/wp-content\/uploads\/2018\/11\/12.10-Trzcinica-1-768x576.jpg 768w, https:\/\/marekkuchcinski.pl\/wp-content\/uploads\/2018\/11\/12.10-Trzcinica-1-1024x768.jpg 1024w\" sizes=\"(max-width: 2000px) 100vw, 2000px\" \/><\/a> <a href=\"https:\/\/marekkuchcinski.pl\/wp-content\/uploads\/2018\/11\/12.10-Trzcinica-4.jpg\"><img loading=\"lazy\" decoding=\"async\" class=\"alignnone size-full wp-image-10828\" src=\"https:\/\/marekkuchcinski.pl\/wp-content\/uploads\/2018\/11\/12.10-Trzcinica-4.jpg\" alt=\"12.10 Trzcinica 4\" width=\"2000\" height=\"1500\" srcset=\"https:\/\/marekkuchcinski.pl\/wp-content\/uploads\/2018\/11\/12.10-Trzcinica-4.jpg 2000w, https:\/\/marekkuchcinski.pl\/wp-content\/uploads\/2018\/11\/12.10-Trzcinica-4-300x225.jpg 300w, https:\/\/marekkuchcinski.pl\/wp-content\/uploads\/2018\/11\/12.10-Trzcinica-4-768x576.jpg 768w, https:\/\/marekkuchcinski.pl\/wp-content\/uploads\/2018\/11\/12.10-Trzcinica-4-1024x768.jpg 1024w\" sizes=\"(max-width: 2000px) 100vw, 2000px\" \/><\/a><a href=\"https:\/\/marekkuchcinski.pl\/wp-content\/uploads\/2018\/11\/12.10-Trzcinica-7.jpg\"><img loading=\"lazy\" decoding=\"async\" class=\"alignnone size-full wp-image-10830\" src=\"https:\/\/marekkuchcinski.pl\/wp-content\/uploads\/2018\/11\/12.10-Trzcinica-7.jpg\" alt=\"12.10 Trzcinica 7\" width=\"1998\" height=\"1400\" srcset=\"https:\/\/marekkuchcinski.pl\/wp-content\/uploads\/2018\/11\/12.10-Trzcinica-7.jpg 1998w, https:\/\/marekkuchcinski.pl\/wp-content\/uploads\/2018\/11\/12.10-Trzcinica-7-300x210.jpg 300w, https:\/\/marekkuchcinski.pl\/wp-content\/uploads\/2018\/11\/12.10-Trzcinica-7-768x538.jpg 768w, https:\/\/marekkuchcinski.pl\/wp-content\/uploads\/2018\/11\/12.10-Trzcinica-7-1024x718.jpg 1024w\" sizes=\"(max-width: 1998px) 100vw, 1998px\" \/><\/a><\/p>\n<p><strong>A rend\u0151rb\u00edr\u00f3 megl\u00e1togatta<\/strong> <strong>Krosn\u00f3i j\u00e1r\u00e1s (Korczyna, Iwonicz-Zdr\u00f3j, Zr\u0119cin, Dukla)<\/strong>. - J\u00f3 partnerekre van sz\u00fcks\u00e9g\u00fcnk az \u00f6nkorm\u00e1nyzatokban. Arra biztatom \u00d6n\u00f6ket, hogy vegyenek r\u00e9szt a v\u00e1laszt\u00e1sokon, \u00e9s szavazzanak jel\u00f6ltjeinkre. El\u00e9gedettek akarunk lenni kis haz\u00e1nkkal. A j\u00f3 v\u00e1ltoz\u00e1snak mindenhov\u00e1 el kell jutnia, bele\u00e9rtve a helyi \u00f6nkorm\u00e1nyzatokat is.<\/p>\n<p><a href=\"https:\/\/marekkuchcinski.pl\/wp-content\/uploads\/2018\/11\/12.10-pow.-kro\u015bnie\u0144ski-12.jpg\"><img loading=\"lazy\" decoding=\"async\" class=\"alignnone size-full wp-image-10832\" src=\"https:\/\/marekkuchcinski.pl\/wp-content\/uploads\/2018\/11\/12.10-pow.-kro\u015bnie\u0144ski-12.jpg\" alt=\"12.10 pow. kro\u015bnie\u0144ski 12\" width=\"2000\" height=\"1500\" srcset=\"https:\/\/marekkuchcinski.pl\/wp-content\/uploads\/2018\/11\/12.10-pow.-kro\u015bnie\u0144ski-12.jpg 2000w, https:\/\/marekkuchcinski.pl\/wp-content\/uploads\/2018\/11\/12.10-pow.-kro\u015bnie\u0144ski-12-300x225.jpg 300w, https:\/\/marekkuchcinski.pl\/wp-content\/uploads\/2018\/11\/12.10-pow.-kro\u015bnie\u0144ski-12-768x576.jpg 768w, https:\/\/marekkuchcinski.pl\/wp-content\/uploads\/2018\/11\/12.10-pow.-kro\u015bnie\u0144ski-12-1024x768.jpg 1024w\" sizes=\"(max-width: 2000px) 100vw, 2000px\" \/><\/a> <a href=\"https:\/\/marekkuchcinski.pl\/wp-content\/uploads\/2018\/11\/12.10-pow.-kro\u015bnie\u0144ski-11.jpg\"><img loading=\"lazy\" decoding=\"async\" class=\"alignnone size-full wp-image-10833\" src=\"https:\/\/marekkuchcinski.pl\/wp-content\/uploads\/2018\/11\/12.10-pow.-kro\u015bnie\u0144ski-11.jpg\" alt=\"12.10 pow. kro\u015bnie\u0144ski 11\" width=\"2000\" height=\"1500\" srcset=\"https:\/\/marekkuchcinski.pl\/wp-content\/uploads\/2018\/11\/12.10-pow.-kro\u015bnie\u0144ski-11.jpg 2000w, https:\/\/marekkuchcinski.pl\/wp-content\/uploads\/2018\/11\/12.10-pow.-kro\u015bnie\u0144ski-11-300x225.jpg 300w, https:\/\/marekkuchcinski.pl\/wp-content\/uploads\/2018\/11\/12.10-pow.-kro\u015bnie\u0144ski-11-768x576.jpg 768w, https:\/\/marekkuchcinski.pl\/wp-content\/uploads\/2018\/11\/12.10-pow.-kro\u015bnie\u0144ski-11-1024x768.jpg 1024w\" sizes=\"(max-width: 2000px) 100vw, 2000px\" \/><\/a> <a href=\"https:\/\/marekkuchcinski.pl\/wp-content\/uploads\/2018\/11\/12.10-pow.-kro\u015bnie\u0144ski-10.jpg\"><img loading=\"lazy\" decoding=\"async\" class=\"alignnone size-full wp-image-10834\" src=\"https:\/\/marekkuchcinski.pl\/wp-content\/uploads\/2018\/11\/12.10-pow.-kro\u015bnie\u0144ski-10.jpg\" alt=\"12.10 pow. kro\u015bnie\u0144ski 10\" width=\"2000\" height=\"1500\" srcset=\"https:\/\/marekkuchcinski.pl\/wp-content\/uploads\/2018\/11\/12.10-pow.-kro\u015bnie\u0144ski-10.jpg 2000w, https:\/\/marekkuchcinski.pl\/wp-content\/uploads\/2018\/11\/12.10-pow.-kro\u015bnie\u0144ski-10-300x225.jpg 300w, https:\/\/marekkuchcinski.pl\/wp-content\/uploads\/2018\/11\/12.10-pow.-kro\u015bnie\u0144ski-10-768x576.jpg 768w, https:\/\/marekkuchcinski.pl\/wp-content\/uploads\/2018\/11\/12.10-pow.-kro\u015bnie\u0144ski-10-1024x768.jpg 1024w\" sizes=\"(max-width: 2000px) 100vw, 2000px\" \/><\/a> <a href=\"https:\/\/marekkuchcinski.pl\/wp-content\/uploads\/2018\/11\/12.10-pow.-kro\u015bnie\u0144ski-9.jpg\"><img loading=\"lazy\" decoding=\"async\" class=\"alignnone size-full wp-image-10835\" src=\"https:\/\/marekkuchcinski.pl\/wp-content\/uploads\/2018\/11\/12.10-pow.-kro\u015bnie\u0144ski-9.jpg\" alt=\"12.10 pow. kro\u015bnie\u0144ski 9\" width=\"2000\" height=\"1500\" srcset=\"https:\/\/marekkuchcinski.pl\/wp-content\/uploads\/2018\/11\/12.10-pow.-kro\u015bnie\u0144ski-9.jpg 2000w, https:\/\/marekkuchcinski.pl\/wp-content\/uploads\/2018\/11\/12.10-pow.-kro\u015bnie\u0144ski-9-300x225.jpg 300w, https:\/\/marekkuchcinski.pl\/wp-content\/uploads\/2018\/11\/12.10-pow.-kro\u015bnie\u0144ski-9-768x576.jpg 768w, https:\/\/marekkuchcinski.pl\/wp-content\/uploads\/2018\/11\/12.10-pow.-kro\u015bnie\u0144ski-9-1024x768.jpg 1024w\" sizes=\"(max-width: 2000px) 100vw, 2000px\" \/><\/a> <a href=\"https:\/\/marekkuchcinski.pl\/wp-content\/uploads\/2018\/11\/12.10-pow.-kro\u015bnie\u0144ski-6.jpg\"><img loading=\"lazy\" decoding=\"async\" class=\"alignnone size-full wp-image-10838\" src=\"https:\/\/marekkuchcinski.pl\/wp-content\/uploads\/2018\/11\/12.10-pow.-kro\u015bnie\u0144ski-6.jpg\" alt=\"12.10 pow. kro\u015bnie\u0144ski 6\" width=\"1773\" height=\"1062\" srcset=\"https:\/\/marekkuchcinski.pl\/wp-content\/uploads\/2018\/11\/12.10-pow.-kro\u015bnie\u0144ski-6.jpg 1773w, https:\/\/marekkuchcinski.pl\/wp-content\/uploads\/2018\/11\/12.10-pow.-kro\u015bnie\u0144ski-6-300x180.jpg 300w, https:\/\/marekkuchcinski.pl\/wp-content\/uploads\/2018\/11\/12.10-pow.-kro\u015bnie\u0144ski-6-768x460.jpg 768w, https:\/\/marekkuchcinski.pl\/wp-content\/uploads\/2018\/11\/12.10-pow.-kro\u015bnie\u0144ski-6-1024x613.jpg 1024w\" sizes=\"(max-width: 1773px) 100vw, 1773px\" \/><\/a> <a href=\"https:\/\/marekkuchcinski.pl\/wp-content\/uploads\/2018\/11\/12.10-pow.-kro\u015bnie\u0144ski-2.jpg\"><img loading=\"lazy\" decoding=\"async\" class=\"alignnone size-full wp-image-10842\" src=\"https:\/\/marekkuchcinski.pl\/wp-content\/uploads\/2018\/11\/12.10-pow.-kro\u015bnie\u0144ski-2.jpg\" alt=\"12.10 pow. kro\u015bnie\u0144ski 2\" width=\"2000\" height=\"1500\" srcset=\"https:\/\/marekkuchcinski.pl\/wp-content\/uploads\/2018\/11\/12.10-pow.-kro\u015bnie\u0144ski-2.jpg 2000w, https:\/\/marekkuchcinski.pl\/wp-content\/uploads\/2018\/11\/12.10-pow.-kro\u015bnie\u0144ski-2-300x225.jpg 300w, https:\/\/marekkuchcinski.pl\/wp-content\/uploads\/2018\/11\/12.10-pow.-kro\u015bnie\u0144ski-2-768x576.jpg 768w, https:\/\/marekkuchcinski.pl\/wp-content\/uploads\/2018\/11\/12.10-pow.-kro\u015bnie\u0144ski-2-1024x768.jpg 1024w\" sizes=\"(max-width: 2000px) 100vw, 2000px\" \/><\/a><\/p>\n<p><strong>okt\u00f3ber 13. <\/strong><\/p>\n<p><strong>A marsall r\u00e9szt vett a lubacz\u00f3wi Powiat-kongresszuson \u00e9s egy nowe brusn\u00f3i tal\u00e1lkoz\u00f3n.<\/strong><\/p>\n<p>Bemutatta a korm\u00e1ny \u00e1ltal bevezetett programokat, amelyek a v\u00e1rosok, telep\u00fcl\u00e9sek \u00e9s megy\u00e9k jav\u00e1t szolg\u00e1lhatj\u00e1k.<\/p>\n<p><a href=\"https:\/\/marekkuchcinski.pl\/wp-content\/uploads\/2018\/11\/13.10-Nowe-Brusno-2.jpg\"><img loading=\"lazy\" decoding=\"async\" class=\"alignnone size-full wp-image-10848\" src=\"https:\/\/marekkuchcinski.pl\/wp-content\/uploads\/2018\/11\/13.10-Nowe-Brusno-2.jpg\" alt=\"13.10 Nowe Brusno 2\" width=\"2000\" height=\"1500\" srcset=\"https:\/\/marekkuchcinski.pl\/wp-content\/uploads\/2018\/11\/13.10-Nowe-Brusno-2.jpg 2000w, https:\/\/marekkuchcinski.pl\/wp-content\/uploads\/2018\/11\/13.10-Nowe-Brusno-2-300x225.jpg 300w, https:\/\/marekkuchcinski.pl\/wp-content\/uploads\/2018\/11\/13.10-Nowe-Brusno-2-768x576.jpg 768w, https:\/\/marekkuchcinski.pl\/wp-content\/uploads\/2018\/11\/13.10-Nowe-Brusno-2-1024x768.jpg 1024w\" sizes=\"(max-width: 2000px) 100vw, 2000px\" \/><\/a> <a href=\"https:\/\/marekkuchcinski.pl\/wp-content\/uploads\/2018\/11\/13.10-Nowe-Brusno-1.jpg\"><img loading=\"lazy\" decoding=\"async\" class=\"alignnone size-full wp-image-10849\" src=\"https:\/\/marekkuchcinski.pl\/wp-content\/uploads\/2018\/11\/13.10-Nowe-Brusno-1.jpg\" alt=\"13.10 Nowe Brusno 1\" width=\"2000\" height=\"1500\" srcset=\"https:\/\/marekkuchcinski.pl\/wp-content\/uploads\/2018\/11\/13.10-Nowe-Brusno-1.jpg 2000w, https:\/\/marekkuchcinski.pl\/wp-content\/uploads\/2018\/11\/13.10-Nowe-Brusno-1-300x225.jpg 300w, https:\/\/marekkuchcinski.pl\/wp-content\/uploads\/2018\/11\/13.10-Nowe-Brusno-1-768x576.jpg 768w, https:\/\/marekkuchcinski.pl\/wp-content\/uploads\/2018\/11\/13.10-Nowe-Brusno-1-1024x768.jpg 1024w\" sizes=\"(max-width: 2000px) 100vw, 2000px\" \/><\/a> <a href=\"https:\/\/marekkuchcinski.pl\/wp-content\/uploads\/2018\/11\/13.10-Lubacz\u00f3w-6.jpg\"><img loading=\"lazy\" decoding=\"async\" class=\"alignnone size-full wp-image-10850\" src=\"https:\/\/marekkuchcinski.pl\/wp-content\/uploads\/2018\/11\/13.10-Lubacz\u00f3w-6.jpg\" alt=\"13.10 Lubacz\u00f3w 6\" width=\"2000\" height=\"1500\" srcset=\"https:\/\/marekkuchcinski.pl\/wp-content\/uploads\/2018\/11\/13.10-Lubacz\u00f3w-6.jpg 2000w, https:\/\/marekkuchcinski.pl\/wp-content\/uploads\/2018\/11\/13.10-Lubacz\u00f3w-6-300x225.jpg 300w, https:\/\/marekkuchcinski.pl\/wp-content\/uploads\/2018\/11\/13.10-Lubacz\u00f3w-6-768x576.jpg 768w, https:\/\/marekkuchcinski.pl\/wp-content\/uploads\/2018\/11\/13.10-Lubacz\u00f3w-6-1024x768.jpg 1024w\" sizes=\"(max-width: 2000px) 100vw, 2000px\" \/><\/a> <a href=\"https:\/\/marekkuchcinski.pl\/wp-content\/uploads\/2018\/11\/13.10-Lubacz\u00f3w-4.jpg\"><img loading=\"lazy\" decoding=\"async\" class=\"alignnone size-full wp-image-10851\" src=\"https:\/\/marekkuchcinski.pl\/wp-content\/uploads\/2018\/11\/13.10-Lubacz\u00f3w-4.jpg\" alt=\"13.10 Lubacz\u00f3w 4\" width=\"2000\" height=\"1500\" srcset=\"https:\/\/marekkuchcinski.pl\/wp-content\/uploads\/2018\/11\/13.10-Lubacz\u00f3w-4.jpg 2000w, https:\/\/marekkuchcinski.pl\/wp-content\/uploads\/2018\/11\/13.10-Lubacz\u00f3w-4-300x225.jpg 300w, https:\/\/marekkuchcinski.pl\/wp-content\/uploads\/2018\/11\/13.10-Lubacz\u00f3w-4-768x576.jpg 768w, https:\/\/marekkuchcinski.pl\/wp-content\/uploads\/2018\/11\/13.10-Lubacz\u00f3w-4-1024x768.jpg 1024w\" sizes=\"(max-width: 2000px) 100vw, 2000px\" \/><\/a> <a href=\"https:\/\/marekkuchcinski.pl\/wp-content\/uploads\/2018\/11\/13.10-Lubacz\u00f3w-3.jpg\"><img loading=\"lazy\" decoding=\"async\" class=\"alignnone size-full wp-image-10852\" src=\"https:\/\/marekkuchcinski.pl\/wp-content\/uploads\/2018\/11\/13.10-Lubacz\u00f3w-3.jpg\" alt=\"13.10 Lubacz\u00f3w 3\" width=\"2000\" height=\"1500\" srcset=\"https:\/\/marekkuchcinski.pl\/wp-content\/uploads\/2018\/11\/13.10-Lubacz\u00f3w-3.jpg 2000w, https:\/\/marekkuchcinski.pl\/wp-content\/uploads\/2018\/11\/13.10-Lubacz\u00f3w-3-300x225.jpg 300w, https:\/\/marekkuchcinski.pl\/wp-content\/uploads\/2018\/11\/13.10-Lubacz\u00f3w-3-768x576.jpg 768w, https:\/\/marekkuchcinski.pl\/wp-content\/uploads\/2018\/11\/13.10-Lubacz\u00f3w-3-1024x768.jpg 1024w\" sizes=\"(max-width: 2000px) 100vw, 2000px\" \/><\/a> <a href=\"https:\/\/marekkuchcinski.pl\/wp-content\/uploads\/2018\/11\/13.10-Lubacz\u00f3w-2.jpg\"><img loading=\"lazy\" decoding=\"async\" class=\"alignnone size-full wp-image-10853\" src=\"https:\/\/marekkuchcinski.pl\/wp-content\/uploads\/2018\/11\/13.10-Lubacz\u00f3w-2.jpg\" alt=\"13.10 Lubacz\u00f3w 2\" width=\"2000\" height=\"1500\" srcset=\"https:\/\/marekkuchcinski.pl\/wp-content\/uploads\/2018\/11\/13.10-Lubacz\u00f3w-2.jpg 2000w, https:\/\/marekkuchcinski.pl\/wp-content\/uploads\/2018\/11\/13.10-Lubacz\u00f3w-2-300x225.jpg 300w, https:\/\/marekkuchcinski.pl\/wp-content\/uploads\/2018\/11\/13.10-Lubacz\u00f3w-2-768x576.jpg 768w, https:\/\/marekkuchcinski.pl\/wp-content\/uploads\/2018\/11\/13.10-Lubacz\u00f3w-2-1024x768.jpg 1024w\" sizes=\"(max-width: 2000px) 100vw, 2000px\" \/><\/a> <a href=\"https:\/\/marekkuchcinski.pl\/wp-content\/uploads\/2018\/11\/13.10-Lubacz\u00f3w-1.jpg\"><img loading=\"lazy\" decoding=\"async\" class=\"alignnone size-full wp-image-10854\" src=\"https:\/\/marekkuchcinski.pl\/wp-content\/uploads\/2018\/11\/13.10-Lubacz\u00f3w-1.jpg\" alt=\"13.10 Lubacz\u00f3w 1\" width=\"2000\" height=\"1500\" srcset=\"https:\/\/marekkuchcinski.pl\/wp-content\/uploads\/2018\/11\/13.10-Lubacz\u00f3w-1.jpg 2000w, https:\/\/marekkuchcinski.pl\/wp-content\/uploads\/2018\/11\/13.10-Lubacz\u00f3w-1-300x225.jpg 300w, https:\/\/marekkuchcinski.pl\/wp-content\/uploads\/2018\/11\/13.10-Lubacz\u00f3w-1-768x576.jpg 768w, https:\/\/marekkuchcinski.pl\/wp-content\/uploads\/2018\/11\/13.10-Lubacz\u00f3w-1-1024x768.jpg 1024w\" sizes=\"(max-width: 2000px) 100vw, 2000px\" \/><\/a><\/p>\n<p><strong>okt\u00f3ber 14.<\/strong><\/p>\n<p><strong>A marsall Babic\u00e9ben, \u017burawic\u00e1ban, Tyrawa Wo\u0142osk\u00e1ban, valamint Ustrzyki Dolne \u00e9s Lesko megyei gy\u0171l\u00e9seken vett r\u00e9szt.<\/strong><\/p>\n<p><a href=\"https:\/\/marekkuchcinski.pl\/wp-content\/uploads\/2018\/11\/13.10-Nowe-Brusno-2-1.jpg\"><img loading=\"lazy\" decoding=\"async\" class=\"alignnone size-full wp-image-10878\" src=\"https:\/\/marekkuchcinski.pl\/wp-content\/uploads\/2018\/11\/13.10-Nowe-Brusno-2-1.jpg\" alt=\"13.10 Nowe Brusno 2\" width=\"2000\" height=\"1500\" srcset=\"https:\/\/marekkuchcinski.pl\/wp-content\/uploads\/2018\/11\/13.10-Nowe-Brusno-2-1.jpg 2000w, https:\/\/marekkuchcinski.pl\/wp-content\/uploads\/2018\/11\/13.10-Nowe-Brusno-2-1-300x225.jpg 300w, https:\/\/marekkuchcinski.pl\/wp-content\/uploads\/2018\/11\/13.10-Nowe-Brusno-2-1-768x576.jpg 768w, https:\/\/marekkuchcinski.pl\/wp-content\/uploads\/2018\/11\/13.10-Nowe-Brusno-2-1-1024x768.jpg 1024w\" sizes=\"(max-width: 2000px) 100vw, 2000px\" \/><\/a> <a href=\"https:\/\/marekkuchcinski.pl\/wp-content\/uploads\/2018\/11\/13.10-Nowe-Brusno-1-1.jpg\"><img loading=\"lazy\" decoding=\"async\" class=\"alignnone size-full wp-image-10879\" src=\"https:\/\/marekkuchcinski.pl\/wp-content\/uploads\/2018\/11\/13.10-Nowe-Brusno-1-1.jpg\" alt=\"13.10 Nowe Brusno 1\" width=\"2000\" height=\"1500\" srcset=\"https:\/\/marekkuchcinski.pl\/wp-content\/uploads\/2018\/11\/13.10-Nowe-Brusno-1-1.jpg 2000w, https:\/\/marekkuchcinski.pl\/wp-content\/uploads\/2018\/11\/13.10-Nowe-Brusno-1-1-300x225.jpg 300w, https:\/\/marekkuchcinski.pl\/wp-content\/uploads\/2018\/11\/13.10-Nowe-Brusno-1-1-768x576.jpg 768w, https:\/\/marekkuchcinski.pl\/wp-content\/uploads\/2018\/11\/13.10-Nowe-Brusno-1-1-1024x768.jpg 1024w\" sizes=\"(max-width: 2000px) 100vw, 2000px\" \/><\/a> <a href=\"https:\/\/marekkuchcinski.pl\/wp-content\/uploads\/2018\/11\/14.10-Lesko-5.jpg\"><img loading=\"lazy\" decoding=\"async\" class=\"alignnone size-full wp-image-10885\" src=\"https:\/\/marekkuchcinski.pl\/wp-content\/uploads\/2018\/11\/14.10-Lesko-5.jpg\" alt=\"14.10 Lesko 5\" width=\"4000\" height=\"3000\" srcset=\"https:\/\/marekkuchcinski.pl\/wp-content\/uploads\/2018\/11\/14.10-Lesko-5.jpg 2048w, https:\/\/marekkuchcinski.pl\/wp-content\/uploads\/2018\/11\/14.10-Lesko-5-300x225.jpg 300w, https:\/\/marekkuchcinski.pl\/wp-content\/uploads\/2018\/11\/14.10-Lesko-5-768x576.jpg 768w, https:\/\/marekkuchcinski.pl\/wp-content\/uploads\/2018\/11\/14.10-Lesko-5-1024x768.jpg 1024w\" sizes=\"(max-width: 4000px) 100vw, 4000px\" \/><\/a> <a href=\"https:\/\/marekkuchcinski.pl\/wp-content\/uploads\/2018\/11\/14.10-Lesko-4.jpg\"><img loading=\"lazy\" decoding=\"async\" class=\"alignnone size-full wp-image-10886\" src=\"https:\/\/marekkuchcinski.pl\/wp-content\/uploads\/2018\/11\/14.10-Lesko-4.jpg\" alt=\"14.10 Lesko 4\" width=\"4000\" height=\"3000\" srcset=\"https:\/\/marekkuchcinski.pl\/wp-content\/uploads\/2018\/11\/14.10-Lesko-4.jpg 2048w, https:\/\/marekkuchcinski.pl\/wp-content\/uploads\/2018\/11\/14.10-Lesko-4-300x225.jpg 300w, https:\/\/marekkuchcinski.pl\/wp-content\/uploads\/2018\/11\/14.10-Lesko-4-768x576.jpg 768w, https:\/\/marekkuchcinski.pl\/wp-content\/uploads\/2018\/11\/14.10-Lesko-4-1024x768.jpg 1024w\" sizes=\"(max-width: 4000px) 100vw, 4000px\" \/><\/a> <a href=\"https:\/\/marekkuchcinski.pl\/wp-content\/uploads\/2018\/11\/14.10-Lesko-3.jpg\"><img loading=\"lazy\" decoding=\"async\" class=\"alignnone size-full wp-image-10887\" src=\"https:\/\/marekkuchcinski.pl\/wp-content\/uploads\/2018\/11\/14.10-Lesko-3.jpg\" alt=\"14.10 Lesko 3\" width=\"2000\" height=\"1500\" srcset=\"https:\/\/marekkuchcinski.pl\/wp-content\/uploads\/2018\/11\/14.10-Lesko-3.jpg 2000w, https:\/\/marekkuchcinski.pl\/wp-content\/uploads\/2018\/11\/14.10-Lesko-3-300x225.jpg 300w, https:\/\/marekkuchcinski.pl\/wp-content\/uploads\/2018\/11\/14.10-Lesko-3-768x576.jpg 768w, https:\/\/marekkuchcinski.pl\/wp-content\/uploads\/2018\/11\/14.10-Lesko-3-1024x768.jpg 1024w\" sizes=\"(max-width: 2000px) 100vw, 2000px\" \/><\/a> <a href=\"https:\/\/marekkuchcinski.pl\/wp-content\/uploads\/2018\/11\/14.10-Lesko-2.jpg\"><img loading=\"lazy\" decoding=\"async\" class=\"alignnone size-full wp-image-10888\" src=\"https:\/\/marekkuchcinski.pl\/wp-content\/uploads\/2018\/11\/14.10-Lesko-2.jpg\" alt=\"14.10 Lesko 2\" width=\"2000\" height=\"1500\" srcset=\"https:\/\/marekkuchcinski.pl\/wp-content\/uploads\/2018\/11\/14.10-Lesko-2.jpg 2000w, https:\/\/marekkuchcinski.pl\/wp-content\/uploads\/2018\/11\/14.10-Lesko-2-300x225.jpg 300w, https:\/\/marekkuchcinski.pl\/wp-content\/uploads\/2018\/11\/14.10-Lesko-2-768x576.jpg 768w, https:\/\/marekkuchcinski.pl\/wp-content\/uploads\/2018\/11\/14.10-Lesko-2-1024x768.jpg 1024w\" sizes=\"(max-width: 2000px) 100vw, 2000px\" \/><\/a> <a href=\"https:\/\/marekkuchcinski.pl\/wp-content\/uploads\/2018\/11\/14.10-Lesko-1.jpg\"><img loading=\"lazy\" decoding=\"async\" class=\"alignnone size-full wp-image-10889\" src=\"https:\/\/marekkuchcinski.pl\/wp-content\/uploads\/2018\/11\/14.10-Lesko-1.jpg\" alt=\"14.10 Lesko 1\" width=\"2000\" height=\"1500\" srcset=\"https:\/\/marekkuchcinski.pl\/wp-content\/uploads\/2018\/11\/14.10-Lesko-1.jpg 2000w, https:\/\/marekkuchcinski.pl\/wp-content\/uploads\/2018\/11\/14.10-Lesko-1-300x225.jpg 300w, https:\/\/marekkuchcinski.pl\/wp-content\/uploads\/2018\/11\/14.10-Lesko-1-768x576.jpg 768w, https:\/\/marekkuchcinski.pl\/wp-content\/uploads\/2018\/11\/14.10-Lesko-1-1024x768.jpg 1024w\" sizes=\"(max-width: 2000px) 100vw, 2000px\" \/><\/a> <a href=\"https:\/\/marekkuchcinski.pl\/wp-content\/uploads\/2018\/11\/14.10-Ustrzyki-Dolne-3.jpg\"><img loading=\"lazy\" decoding=\"async\" class=\"alignnone size-full wp-image-10890\" src=\"https:\/\/marekkuchcinski.pl\/wp-content\/uploads\/2018\/11\/14.10-Ustrzyki-Dolne-3.jpg\" alt=\"14.10 Ustrzyki Dolne 3\" width=\"1589\" height=\"1835\" srcset=\"https:\/\/marekkuchcinski.pl\/wp-content\/uploads\/2018\/11\/14.10-Ustrzyki-Dolne-3.jpg 1589w, https:\/\/marekkuchcinski.pl\/wp-content\/uploads\/2018\/11\/14.10-Ustrzyki-Dolne-3-260x300.jpg 260w, https:\/\/marekkuchcinski.pl\/wp-content\/uploads\/2018\/11\/14.10-Ustrzyki-Dolne-3-768x887.jpg 768w, https:\/\/marekkuchcinski.pl\/wp-content\/uploads\/2018\/11\/14.10-Ustrzyki-Dolne-3-887x1024.jpg 887w\" sizes=\"(max-width: 1589px) 100vw, 1589px\" \/><\/a> <a href=\"https:\/\/marekkuchcinski.pl\/wp-content\/uploads\/2018\/11\/14.10-Ustrzyki-Dolne-2.jpg\"><img loading=\"lazy\" decoding=\"async\" class=\"alignnone size-full wp-image-10891\" src=\"https:\/\/marekkuchcinski.pl\/wp-content\/uploads\/2018\/11\/14.10-Ustrzyki-Dolne-2.jpg\" alt=\"14.10 Ustrzyki Dolne 2\" width=\"2000\" height=\"1500\" srcset=\"https:\/\/marekkuchcinski.pl\/wp-content\/uploads\/2018\/11\/14.10-Ustrzyki-Dolne-2.jpg 2000w, https:\/\/marekkuchcinski.pl\/wp-content\/uploads\/2018\/11\/14.10-Ustrzyki-Dolne-2-300x225.jpg 300w, https:\/\/marekkuchcinski.pl\/wp-content\/uploads\/2018\/11\/14.10-Ustrzyki-Dolne-2-768x576.jpg 768w, https:\/\/marekkuchcinski.pl\/wp-content\/uploads\/2018\/11\/14.10-Ustrzyki-Dolne-2-1024x768.jpg 1024w\" sizes=\"(max-width: 2000px) 100vw, 2000px\" \/><\/a> <a href=\"https:\/\/marekkuchcinski.pl\/wp-content\/uploads\/2018\/11\/14.10-Ustrzyki-Dolne-1.jpg\"><img loading=\"lazy\" decoding=\"async\" class=\"alignnone size-full wp-image-10892\" src=\"https:\/\/marekkuchcinski.pl\/wp-content\/uploads\/2018\/11\/14.10-Ustrzyki-Dolne-1.jpg\" alt=\"14.10 Ustrzyki Dolne 1\" width=\"2000\" height=\"1500\" srcset=\"https:\/\/marekkuchcinski.pl\/wp-content\/uploads\/2018\/11\/14.10-Ustrzyki-Dolne-1.jpg 2000w, https:\/\/marekkuchcinski.pl\/wp-content\/uploads\/2018\/11\/14.10-Ustrzyki-Dolne-1-300x225.jpg 300w, https:\/\/marekkuchcinski.pl\/wp-content\/uploads\/2018\/11\/14.10-Ustrzyki-Dolne-1-768x576.jpg 768w, https:\/\/marekkuchcinski.pl\/wp-content\/uploads\/2018\/11\/14.10-Ustrzyki-Dolne-1-1024x768.jpg 1024w\" sizes=\"(max-width: 2000px) 100vw, 2000px\" \/><\/a> <a href=\"https:\/\/marekkuchcinski.pl\/wp-content\/uploads\/2018\/11\/14.10-Tyrawa-Wo\u0142oska-4.jpg\"><img loading=\"lazy\" decoding=\"async\" class=\"alignnone size-full wp-image-10893\" src=\"https:\/\/marekkuchcinski.pl\/wp-content\/uploads\/2018\/11\/14.10-Tyrawa-Wo\u0142oska-4.jpg\" alt=\"14.10 Tyrawa Wo\u0142oska 4\" width=\"2000\" height=\"1500\" srcset=\"https:\/\/marekkuchcinski.pl\/wp-content\/uploads\/2018\/11\/14.10-Tyrawa-Wo\u0142oska-4.jpg 2000w, https:\/\/marekkuchcinski.pl\/wp-content\/uploads\/2018\/11\/14.10-Tyrawa-Wo\u0142oska-4-300x225.jpg 300w, https:\/\/marekkuchcinski.pl\/wp-content\/uploads\/2018\/11\/14.10-Tyrawa-Wo\u0142oska-4-768x576.jpg 768w, https:\/\/marekkuchcinski.pl\/wp-content\/uploads\/2018\/11\/14.10-Tyrawa-Wo\u0142oska-4-1024x768.jpg 1024w\" sizes=\"(max-width: 2000px) 100vw, 2000px\" \/><\/a> <a href=\"https:\/\/marekkuchcinski.pl\/wp-content\/uploads\/2018\/11\/14.10-Babice-2.jpg\"><img loading=\"lazy\" decoding=\"async\" class=\"alignnone size-full wp-image-10898\" src=\"https:\/\/marekkuchcinski.pl\/wp-content\/uploads\/2018\/11\/14.10-Babice-2.jpg\" alt=\"14.10 Babice 2\" width=\"2000\" height=\"1500\" srcset=\"https:\/\/marekkuchcinski.pl\/wp-content\/uploads\/2018\/11\/14.10-Babice-2.jpg 2000w, https:\/\/marekkuchcinski.pl\/wp-content\/uploads\/2018\/11\/14.10-Babice-2-300x225.jpg 300w, https:\/\/marekkuchcinski.pl\/wp-content\/uploads\/2018\/11\/14.10-Babice-2-768x576.jpg 768w, https:\/\/marekkuchcinski.pl\/wp-content\/uploads\/2018\/11\/14.10-Babice-2-1024x768.jpg 1024w\" sizes=\"(max-width: 2000px) 100vw, 2000px\" \/><\/a> <a href=\"https:\/\/marekkuchcinski.pl\/wp-content\/uploads\/2018\/11\/14.10-Babice-1.jpg\"><img loading=\"lazy\" decoding=\"async\" class=\"alignnone size-full wp-image-10899\" src=\"https:\/\/marekkuchcinski.pl\/wp-content\/uploads\/2018\/11\/14.10-Babice-1.jpg\" alt=\"14.10 Babice 1\" width=\"2000\" height=\"1500\" srcset=\"https:\/\/marekkuchcinski.pl\/wp-content\/uploads\/2018\/11\/14.10-Babice-1.jpg 2000w, https:\/\/marekkuchcinski.pl\/wp-content\/uploads\/2018\/11\/14.10-Babice-1-300x225.jpg 300w, https:\/\/marekkuchcinski.pl\/wp-content\/uploads\/2018\/11\/14.10-Babice-1-768x576.jpg 768w, https:\/\/marekkuchcinski.pl\/wp-content\/uploads\/2018\/11\/14.10-Babice-1-1024x768.jpg 1024w\" sizes=\"(max-width: 2000px) 100vw, 2000px\" \/><\/a><\/p>\n<p><strong>okt\u00f3ber 16.<\/strong><\/p>\n<p><strong>Marek Kuchci\u0144ski r\u00e9szt vett a valavai \u00e9s przemy\u015bli tal\u00e1lkoz\u00f3kon.<\/strong><\/p>\n<p>- Sok ter\u00fcleten sikeresek vagyunk. Tev\u00e9kenys\u00e9geink j\u00f3 eredm\u00e9nyeket hoznak, ez\u00e9rt m\u00e9g nagyobb t\u00e1mogat\u00e1sr\u00f3l d\u00f6nthet\u00fcnk, t\u00f6bbek k\u00f6z\u00f6tt a helyi hat\u00f3s\u00e1gok r\u00e9sz\u00e9r\u0151l is.<br \/>\nNagy hangs\u00falyt fektet\u00fcnk a fels\u0151oktat\u00e1s fejleszt\u00e9s\u00e9re. T\u00e1mogatni k\u00edv\u00e1njuk a helyi hat\u00f3s\u00e1gokat, t\u00f6bbek k\u00f6z\u00f6tt az \u00fatalapon kereszt\u00fcl, amely egy nagyszab\u00e1s\u00fa program. Javasoljuk, hogy k\u00f6nny\u00edts\u00fck meg ennek a p\u00e9nznek a felhaszn\u00e1l\u00e1s\u00e1t. Egy m\u00e1sik t\u00e1mogat\u00e1s a termomoderniz\u00e1ci\u00f3s program - \u00e9rvelt Marek Kuchci\u0144ski.<\/p>\n<p><a href=\"https:\/\/marekkuchcinski.pl\/wp-content\/uploads\/2018\/11\/16.10-Przemy\u015bl-3.jpg\"><img loading=\"lazy\" decoding=\"async\" class=\"alignnone size-full wp-image-10902\" src=\"https:\/\/marekkuchcinski.pl\/wp-content\/uploads\/2018\/11\/16.10-Przemy\u015bl-3.jpg\" alt=\"16.10 Przemy\u015bl 3\" width=\"2000\" height=\"1500\" srcset=\"https:\/\/marekkuchcinski.pl\/wp-content\/uploads\/2018\/11\/16.10-Przemy\u015bl-3.jpg 2000w, https:\/\/marekkuchcinski.pl\/wp-content\/uploads\/2018\/11\/16.10-Przemy\u015bl-3-300x225.jpg 300w, https:\/\/marekkuchcinski.pl\/wp-content\/uploads\/2018\/11\/16.10-Przemy\u015bl-3-768x576.jpg 768w, https:\/\/marekkuchcinski.pl\/wp-content\/uploads\/2018\/11\/16.10-Przemy\u015bl-3-1024x768.jpg 1024w\" sizes=\"(max-width: 2000px) 100vw, 2000px\" \/><\/a> <a href=\"https:\/\/marekkuchcinski.pl\/wp-content\/uploads\/2018\/11\/16.10-Przemy\u015bl-1.jpg\"><img loading=\"lazy\" decoding=\"async\" class=\"alignnone size-full wp-image-10904\" src=\"https:\/\/marekkuchcinski.pl\/wp-content\/uploads\/2018\/11\/16.10-Przemy\u015bl-1.jpg\" alt=\"16.10 Przemy\u015bl 1\" width=\"2762\" height=\"2971\" srcset=\"https:\/\/marekkuchcinski.pl\/wp-content\/uploads\/2018\/11\/16.10-Przemy\u015bl-1.jpg 1904w, https:\/\/marekkuchcinski.pl\/wp-content\/uploads\/2018\/11\/16.10-Przemy\u015bl-1-279x300.jpg 279w, https:\/\/marekkuchcinski.pl\/wp-content\/uploads\/2018\/11\/16.10-Przemy\u015bl-1-768x826.jpg 768w, https:\/\/marekkuchcinski.pl\/wp-content\/uploads\/2018\/11\/16.10-Przemy\u015bl-1-952x1024.jpg 952w\" sizes=\"(max-width: 2762px) 100vw, 2762px\" \/><\/a> <a href=\"https:\/\/marekkuchcinski.pl\/wp-content\/uploads\/2018\/11\/16.10-Walawa-3.jpg\"><img loading=\"lazy\" decoding=\"async\" class=\"alignnone size-full wp-image-10906\" src=\"https:\/\/marekkuchcinski.pl\/wp-content\/uploads\/2018\/11\/16.10-Walawa-3.jpg\" alt=\"16.10 Walawa 3\" width=\"2000\" height=\"1500\" srcset=\"https:\/\/marekkuchcinski.pl\/wp-content\/uploads\/2018\/11\/16.10-Walawa-3.jpg 2000w, https:\/\/marekkuchcinski.pl\/wp-content\/uploads\/2018\/11\/16.10-Walawa-3-300x225.jpg 300w, https:\/\/marekkuchcinski.pl\/wp-content\/uploads\/2018\/11\/16.10-Walawa-3-768x576.jpg 768w, https:\/\/marekkuchcinski.pl\/wp-content\/uploads\/2018\/11\/16.10-Walawa-3-1024x768.jpg 1024w\" sizes=\"(max-width: 2000px) 100vw, 2000px\" \/><\/a><\/p>\n<p><strong>okt\u00f3ber 17.<\/strong><\/p>\n<p><strong>Sajt\u00f3t\u00e1j\u00e9koztat\u00f3t tartottak a kolbuszowai ker\u00fcleti Starost-irod\u00e1ban<\/strong> a Kolbuszowa ker\u00fcletben megval\u00f3sul\u00f3 beruh\u00e1z\u00e1sokr\u00f3l, amelyen a Szejm eln\u00f6ke is r\u00e9szt vett. Tal\u00e1lkozott Radomy\u015bl nad Sanem \u00e9s Zaleszany lakosaival is, ahol vir\u00e1got helyezett el a Keleten meggyilkoltak \u00e9s a szmolenszki katasztr\u00f3fa \u00e1ldozatainak eml\u00e9km\u0171v\u00e9n\u00e9l, valamint a stat\u00e1rium alatt meg\u00f6lt b\u00e1ny\u00e1szok eml\u00e9km\u0171v\u00e9n\u00e9l. A marsall r\u00e9szt vett a Bojan\u00f3wban \u00e9s Ulan\u00f3wban tartott tal\u00e1lkoz\u00f3kon is.<\/p>\n<p><a href=\"https:\/\/marekkuchcinski.pl\/wp-content\/uploads\/2018\/11\/17.10-Ulan\u00f3w-2.jpg\"><img loading=\"lazy\" decoding=\"async\" class=\"alignnone size-full wp-image-10911\" src=\"https:\/\/marekkuchcinski.pl\/wp-content\/uploads\/2018\/11\/17.10-Ulan\u00f3w-2.jpg\" alt=\"17.10 Ulan\u00f3w 2\" width=\"2000\" height=\"1500\" srcset=\"https:\/\/marekkuchcinski.pl\/wp-content\/uploads\/2018\/11\/17.10-Ulan\u00f3w-2.jpg 2000w, https:\/\/marekkuchcinski.pl\/wp-content\/uploads\/2018\/11\/17.10-Ulan\u00f3w-2-300x225.jpg 300w, https:\/\/marekkuchcinski.pl\/wp-content\/uploads\/2018\/11\/17.10-Ulan\u00f3w-2-768x576.jpg 768w, https:\/\/marekkuchcinski.pl\/wp-content\/uploads\/2018\/11\/17.10-Ulan\u00f3w-2-1024x768.jpg 1024w\" sizes=\"(max-width: 2000px) 100vw, 2000px\" \/><\/a> <a href=\"https:\/\/marekkuchcinski.pl\/wp-content\/uploads\/2018\/11\/17.10-Ulan\u00f3w-1.jpg\"><img loading=\"lazy\" decoding=\"async\" class=\"alignnone size-full wp-image-10912\" src=\"https:\/\/marekkuchcinski.pl\/wp-content\/uploads\/2018\/11\/17.10-Ulan\u00f3w-1.jpg\" alt=\"17.10 Ulan\u00f3w 1\" width=\"2000\" height=\"1500\" srcset=\"https:\/\/marekkuchcinski.pl\/wp-content\/uploads\/2018\/11\/17.10-Ulan\u00f3w-1.jpg 2000w, https:\/\/marekkuchcinski.pl\/wp-content\/uploads\/2018\/11\/17.10-Ulan\u00f3w-1-300x225.jpg 300w, https:\/\/marekkuchcinski.pl\/wp-content\/uploads\/2018\/11\/17.10-Ulan\u00f3w-1-768x576.jpg 768w, https:\/\/marekkuchcinski.pl\/wp-content\/uploads\/2018\/11\/17.10-Ulan\u00f3w-1-1024x768.jpg 1024w\" sizes=\"(max-width: 2000px) 100vw, 2000px\" \/><\/a> <a href=\"https:\/\/marekkuchcinski.pl\/wp-content\/uploads\/2018\/11\/17.10-Bojan\u00f3w-4.jpg\"><img loading=\"lazy\" decoding=\"async\" class=\"alignnone size-full wp-image-10913\" src=\"https:\/\/marekkuchcinski.pl\/wp-content\/uploads\/2018\/11\/17.10-Bojan\u00f3w-4.jpg\" alt=\"17.10 Bojan\u00f3w 4\" width=\"1500\" height=\"2000\" srcset=\"https:\/\/marekkuchcinski.pl\/wp-content\/uploads\/2018\/11\/17.10-Bojan\u00f3w-4.jpg 1500w, https:\/\/marekkuchcinski.pl\/wp-content\/uploads\/2018\/11\/17.10-Bojan\u00f3w-4-225x300.jpg 225w, https:\/\/marekkuchcinski.pl\/wp-content\/uploads\/2018\/11\/17.10-Bojan\u00f3w-4-768x1024.jpg 768w\" sizes=\"(max-width: 1500px) 100vw, 1500px\" \/><\/a> <a href=\"https:\/\/marekkuchcinski.pl\/wp-content\/uploads\/2018\/11\/17.10-Bojan\u00f3w-1.jpg\"><img loading=\"lazy\" decoding=\"async\" class=\"alignnone size-full wp-image-10916\" src=\"https:\/\/marekkuchcinski.pl\/wp-content\/uploads\/2018\/11\/17.10-Bojan\u00f3w-1.jpg\" alt=\"17.10 Bojan\u00f3w 1\" width=\"2000\" height=\"1500\" srcset=\"https:\/\/marekkuchcinski.pl\/wp-content\/uploads\/2018\/11\/17.10-Bojan\u00f3w-1.jpg 2000w, https:\/\/marekkuchcinski.pl\/wp-content\/uploads\/2018\/11\/17.10-Bojan\u00f3w-1-300x225.jpg 300w, https:\/\/marekkuchcinski.pl\/wp-content\/uploads\/2018\/11\/17.10-Bojan\u00f3w-1-768x576.jpg 768w, https:\/\/marekkuchcinski.pl\/wp-content\/uploads\/2018\/11\/17.10-Bojan\u00f3w-1-1024x768.jpg 1024w\" sizes=\"(max-width: 2000px) 100vw, 2000px\" \/><\/a> <a href=\"https:\/\/marekkuchcinski.pl\/wp-content\/uploads\/2018\/11\/17.10-Zaleszany-5.jpg\"><img loading=\"lazy\" decoding=\"async\" class=\"alignnone size-full wp-image-10917\" src=\"https:\/\/marekkuchcinski.pl\/wp-content\/uploads\/2018\/11\/17.10-Zaleszany-5.jpg\" alt=\"17.10 Zaleszany 5\" width=\"2000\" height=\"1500\" srcset=\"https:\/\/marekkuchcinski.pl\/wp-content\/uploads\/2018\/11\/17.10-Zaleszany-5.jpg 2000w, https:\/\/marekkuchcinski.pl\/wp-content\/uploads\/2018\/11\/17.10-Zaleszany-5-300x225.jpg 300w, https:\/\/marekkuchcinski.pl\/wp-content\/uploads\/2018\/11\/17.10-Zaleszany-5-768x576.jpg 768w, https:\/\/marekkuchcinski.pl\/wp-content\/uploads\/2018\/11\/17.10-Zaleszany-5-1024x768.jpg 1024w\" sizes=\"(max-width: 2000px) 100vw, 2000px\" \/><\/a> <a href=\"https:\/\/marekkuchcinski.pl\/wp-content\/uploads\/2018\/11\/17.10-Zaleszany-3.jpg\"><img loading=\"lazy\" decoding=\"async\" class=\"alignnone size-full wp-image-10919\" src=\"https:\/\/marekkuchcinski.pl\/wp-content\/uploads\/2018\/11\/17.10-Zaleszany-3.jpg\" alt=\"17.10 Zaleszany 3\" width=\"960\" height=\"540\" srcset=\"https:\/\/marekkuchcinski.pl\/wp-content\/uploads\/2018\/11\/17.10-Zaleszany-3.jpg 960w, https:\/\/marekkuchcinski.pl\/wp-content\/uploads\/2018\/11\/17.10-Zaleszany-3-300x169.jpg 300w, https:\/\/marekkuchcinski.pl\/wp-content\/uploads\/2018\/11\/17.10-Zaleszany-3-768x432.jpg 768w\" sizes=\"(max-width: 960px) 100vw, 960px\" \/><\/a> <a href=\"https:\/\/marekkuchcinski.pl\/wp-content\/uploads\/2018\/11\/17.10-Zaleszany-1.jpg\"><img loading=\"lazy\" decoding=\"async\" class=\"alignnone size-full wp-image-10921\" src=\"https:\/\/marekkuchcinski.pl\/wp-content\/uploads\/2018\/11\/17.10-Zaleszany-1.jpg\" alt=\"17.10 Zaleszany 1\" width=\"3612\" height=\"2032\" srcset=\"https:\/\/marekkuchcinski.pl\/wp-content\/uploads\/2018\/11\/17.10-Zaleszany-1.jpg 2048w, https:\/\/marekkuchcinski.pl\/wp-content\/uploads\/2018\/11\/17.10-Zaleszany-1-300x169.jpg 300w, https:\/\/marekkuchcinski.pl\/wp-content\/uploads\/2018\/11\/17.10-Zaleszany-1-768x432.jpg 768w, https:\/\/marekkuchcinski.pl\/wp-content\/uploads\/2018\/11\/17.10-Zaleszany-1-1024x576.jpg 1024w\" sizes=\"(max-width: 3612px) 100vw, 3612px\" \/><\/a> <a href=\"https:\/\/marekkuchcinski.pl\/wp-content\/uploads\/2018\/11\/17.10-Radomy\u015bl-nad-Sanem-1.jpg\"><img loading=\"lazy\" decoding=\"async\" class=\"alignnone size-full wp-image-10923\" src=\"https:\/\/marekkuchcinski.pl\/wp-content\/uploads\/2018\/11\/17.10-Radomy\u015bl-nad-Sanem-1.jpg\" alt=\"17.10 Radomy\u015bl nad Sanem 1\" width=\"1325\" height=\"1863\" srcset=\"https:\/\/marekkuchcinski.pl\/wp-content\/uploads\/2018\/11\/17.10-Radomy\u015bl-nad-Sanem-1.jpg 1325w, https:\/\/marekkuchcinski.pl\/wp-content\/uploads\/2018\/11\/17.10-Radomy\u015bl-nad-Sanem-1-213x300.jpg 213w, https:\/\/marekkuchcinski.pl\/wp-content\/uploads\/2018\/11\/17.10-Radomy\u015bl-nad-Sanem-1-768x1080.jpg 768w, https:\/\/marekkuchcinski.pl\/wp-content\/uploads\/2018\/11\/17.10-Radomy\u015bl-nad-Sanem-1-728x1024.jpg 728w\" sizes=\"(max-width: 1325px) 100vw, 1325px\" \/><\/a><\/p>\n<p><strong>okt\u00f3ber 18. <\/strong><\/p>\n<p><strong>A szejm eln\u00f6ke Medyk\u00e1ban tal\u00e1lkozott t\u00f6bbek k\u00f6z\u00f6tt a vid\u00e9ki h\u00e1ziasszonyok egyes\u00fcleteivel \u00e9s a TSO t\u0171zolt\u00f3ival, r\u00e9szt vett Wojciech Buczak v\u00e1laszt\u00e1si kongresszus\u00e1n.<\/strong> - Rzesz\u00f3w v\u00e1ros eln\u00f6kjel\u00f6ltje, \u00e9s tal\u00e1lkozott Domaradz \u00e9s Przeworsk lakosaival.<\/p>\n<p><a href=\"https:\/\/marekkuchcinski.pl\/wp-content\/uploads\/2018\/11\/18.10-Przeworsk-5-1.jpg\"><img loading=\"lazy\" decoding=\"async\" class=\"alignnone size-full wp-image-11017\" src=\"https:\/\/marekkuchcinski.pl\/wp-content\/uploads\/2018\/11\/18.10-Przeworsk-5-1.jpg\" alt=\"18.10 Przeworsk 5\" width=\"1488\" height=\"2000\" srcset=\"https:\/\/marekkuchcinski.pl\/wp-content\/uploads\/2018\/11\/18.10-Przeworsk-5-1.jpg 1488w, https:\/\/marekkuchcinski.pl\/wp-content\/uploads\/2018\/11\/18.10-Przeworsk-5-1-223x300.jpg 223w, https:\/\/marekkuchcinski.pl\/wp-content\/uploads\/2018\/11\/18.10-Przeworsk-5-1-768x1032.jpg 768w, https:\/\/marekkuchcinski.pl\/wp-content\/uploads\/2018\/11\/18.10-Przeworsk-5-1-762x1024.jpg 762w\" sizes=\"(max-width: 1488px) 100vw, 1488px\" \/><\/a> <a href=\"https:\/\/marekkuchcinski.pl\/wp-content\/uploads\/2018\/11\/18.10-Przeworsk-4-1.jpg\"><img loading=\"lazy\" decoding=\"async\" class=\"alignnone size-full wp-image-11018\" src=\"https:\/\/marekkuchcinski.pl\/wp-content\/uploads\/2018\/11\/18.10-Przeworsk-4-1.jpg\" alt=\"18.10 Przeworsk 4\" width=\"2000\" height=\"1500\" srcset=\"https:\/\/marekkuchcinski.pl\/wp-content\/uploads\/2018\/11\/18.10-Przeworsk-4-1.jpg 2000w, https:\/\/marekkuchcinski.pl\/wp-content\/uploads\/2018\/11\/18.10-Przeworsk-4-1-300x225.jpg 300w, https:\/\/marekkuchcinski.pl\/wp-content\/uploads\/2018\/11\/18.10-Przeworsk-4-1-768x576.jpg 768w, https:\/\/marekkuchcinski.pl\/wp-content\/uploads\/2018\/11\/18.10-Przeworsk-4-1-1024x768.jpg 1024w\" sizes=\"(max-width: 2000px) 100vw, 2000px\" \/><\/a> <a href=\"https:\/\/marekkuchcinski.pl\/wp-content\/uploads\/2018\/11\/18.10-Przeworsk-3-1.jpg\"><img loading=\"lazy\" decoding=\"async\" class=\"alignnone size-full wp-image-11019\" src=\"https:\/\/marekkuchcinski.pl\/wp-content\/uploads\/2018\/11\/18.10-Przeworsk-3-1.jpg\" alt=\"18.10 Przeworsk 3\" width=\"2000\" height=\"1500\" srcset=\"https:\/\/marekkuchcinski.pl\/wp-content\/uploads\/2018\/11\/18.10-Przeworsk-3-1.jpg 2000w, https:\/\/marekkuchcinski.pl\/wp-content\/uploads\/2018\/11\/18.10-Przeworsk-3-1-300x225.jpg 300w, https:\/\/marekkuchcinski.pl\/wp-content\/uploads\/2018\/11\/18.10-Przeworsk-3-1-768x576.jpg 768w, https:\/\/marekkuchcinski.pl\/wp-content\/uploads\/2018\/11\/18.10-Przeworsk-3-1-1024x768.jpg 1024w\" sizes=\"(max-width: 2000px) 100vw, 2000px\" \/><\/a> <a href=\"https:\/\/marekkuchcinski.pl\/wp-content\/uploads\/2018\/11\/18.10-Przeworsk-2-1.jpg\"><img loading=\"lazy\" decoding=\"async\" class=\"alignnone size-full wp-image-11020\" src=\"https:\/\/marekkuchcinski.pl\/wp-content\/uploads\/2018\/11\/18.10-Przeworsk-2-1.jpg\" alt=\"18.10 Przeworsk 2\" width=\"2000\" height=\"1500\" srcset=\"https:\/\/marekkuchcinski.pl\/wp-content\/uploads\/2018\/11\/18.10-Przeworsk-2-1.jpg 2000w, https:\/\/marekkuchcinski.pl\/wp-content\/uploads\/2018\/11\/18.10-Przeworsk-2-1-300x225.jpg 300w, https:\/\/marekkuchcinski.pl\/wp-content\/uploads\/2018\/11\/18.10-Przeworsk-2-1-768x576.jpg 768w, https:\/\/marekkuchcinski.pl\/wp-content\/uploads\/2018\/11\/18.10-Przeworsk-2-1-1024x768.jpg 1024w\" sizes=\"(max-width: 2000px) 100vw, 2000px\" \/><\/a> <a href=\"https:\/\/marekkuchcinski.pl\/wp-content\/uploads\/2018\/11\/18.10-Domaradz-3-1.jpg\"><img loading=\"lazy\" decoding=\"async\" class=\"alignnone size-full wp-image-11021\" src=\"https:\/\/marekkuchcinski.pl\/wp-content\/uploads\/2018\/11\/18.10-Domaradz-3-1.jpg\" alt=\"18.10 Domaradz 3\" width=\"2000\" height=\"1500\" srcset=\"https:\/\/marekkuchcinski.pl\/wp-content\/uploads\/2018\/11\/18.10-Domaradz-3-1.jpg 2000w, https:\/\/marekkuchcinski.pl\/wp-content\/uploads\/2018\/11\/18.10-Domaradz-3-1-300x225.jpg 300w, https:\/\/marekkuchcinski.pl\/wp-content\/uploads\/2018\/11\/18.10-Domaradz-3-1-768x576.jpg 768w, https:\/\/marekkuchcinski.pl\/wp-content\/uploads\/2018\/11\/18.10-Domaradz-3-1-1024x768.jpg 1024w\" sizes=\"(max-width: 2000px) 100vw, 2000px\" \/><\/a> <a href=\"https:\/\/marekkuchcinski.pl\/wp-content\/uploads\/2018\/11\/18.10-Domaradz-1-1.jpg\"><img loading=\"lazy\" decoding=\"async\" class=\"alignnone size-full wp-image-11023\" src=\"https:\/\/marekkuchcinski.pl\/wp-content\/uploads\/2018\/11\/18.10-Domaradz-1-1.jpg\" alt=\"18.10 Domaradz 1\" width=\"2000\" height=\"1500\" srcset=\"https:\/\/marekkuchcinski.pl\/wp-content\/uploads\/2018\/11\/18.10-Domaradz-1-1.jpg 2000w, https:\/\/marekkuchcinski.pl\/wp-content\/uploads\/2018\/11\/18.10-Domaradz-1-1-300x225.jpg 300w, https:\/\/marekkuchcinski.pl\/wp-content\/uploads\/2018\/11\/18.10-Domaradz-1-1-768x576.jpg 768w, https:\/\/marekkuchcinski.pl\/wp-content\/uploads\/2018\/11\/18.10-Domaradz-1-1-1024x768.jpg 1024w\" sizes=\"(max-width: 2000px) 100vw, 2000px\" \/><\/a> <a href=\"https:\/\/marekkuchcinski.pl\/wp-content\/uploads\/2018\/11\/18.10-Rzesz\u00f3w-4-1.jpg\"><img loading=\"lazy\" decoding=\"async\" class=\"alignnone size-full wp-image-11024\" src=\"https:\/\/marekkuchcinski.pl\/wp-content\/uploads\/2018\/11\/18.10-Rzesz\u00f3w-4-1.jpg\" alt=\"18.10 Rzesz\u00f3w 4\" width=\"2000\" height=\"1500\" srcset=\"https:\/\/marekkuchcinski.pl\/wp-content\/uploads\/2018\/11\/18.10-Rzesz\u00f3w-4-1.jpg 2000w, https:\/\/marekkuchcinski.pl\/wp-content\/uploads\/2018\/11\/18.10-Rzesz\u00f3w-4-1-300x225.jpg 300w, https:\/\/marekkuchcinski.pl\/wp-content\/uploads\/2018\/11\/18.10-Rzesz\u00f3w-4-1-768x576.jpg 768w, https:\/\/marekkuchcinski.pl\/wp-content\/uploads\/2018\/11\/18.10-Rzesz\u00f3w-4-1-1024x768.jpg 1024w\" sizes=\"(max-width: 2000px) 100vw, 2000px\" \/><\/a> <a href=\"https:\/\/marekkuchcinski.pl\/wp-content\/uploads\/2018\/11\/18.10-Rzesz\u00f3w-3-1.jpg\"><img loading=\"lazy\" decoding=\"async\" class=\"alignnone size-full wp-image-11025\" src=\"https:\/\/marekkuchcinski.pl\/wp-content\/uploads\/2018\/11\/18.10-Rzesz\u00f3w-3-1.jpg\" alt=\"18.10 Rzesz\u00f3w 3\" width=\"2000\" height=\"1500\" srcset=\"https:\/\/marekkuchcinski.pl\/wp-content\/uploads\/2018\/11\/18.10-Rzesz\u00f3w-3-1.jpg 2000w, https:\/\/marekkuchcinski.pl\/wp-content\/uploads\/2018\/11\/18.10-Rzesz\u00f3w-3-1-300x225.jpg 300w, https:\/\/marekkuchcinski.pl\/wp-content\/uploads\/2018\/11\/18.10-Rzesz\u00f3w-3-1-768x576.jpg 768w, https:\/\/marekkuchcinski.pl\/wp-content\/uploads\/2018\/11\/18.10-Rzesz\u00f3w-3-1-1024x768.jpg 1024w\" sizes=\"(max-width: 2000px) 100vw, 2000px\" \/><\/a> <a href=\"https:\/\/marekkuchcinski.pl\/wp-content\/uploads\/2018\/11\/18.10-Rzesz\u00f3w-1-1.jpg\"><img loading=\"lazy\" decoding=\"async\" class=\"alignnone size-full wp-image-11027\" src=\"https:\/\/marekkuchcinski.pl\/wp-content\/uploads\/2018\/11\/18.10-Rzesz\u00f3w-1-1.jpg\" alt=\"18.10 Rzesz\u00f3w 1\" width=\"2000\" height=\"1500\" srcset=\"https:\/\/marekkuchcinski.pl\/wp-content\/uploads\/2018\/11\/18.10-Rzesz\u00f3w-1-1.jpg 2000w, https:\/\/marekkuchcinski.pl\/wp-content\/uploads\/2018\/11\/18.10-Rzesz\u00f3w-1-1-300x225.jpg 300w, https:\/\/marekkuchcinski.pl\/wp-content\/uploads\/2018\/11\/18.10-Rzesz\u00f3w-1-1-768x576.jpg 768w, https:\/\/marekkuchcinski.pl\/wp-content\/uploads\/2018\/11\/18.10-Rzesz\u00f3w-1-1-1024x768.jpg 1024w\" sizes=\"(max-width: 2000px) 100vw, 2000px\" \/><\/a> <a href=\"https:\/\/marekkuchcinski.pl\/wp-content\/uploads\/2018\/11\/18.10-Medyka-7-1.jpg\"><img loading=\"lazy\" decoding=\"async\" class=\"alignnone size-full wp-image-11028\" src=\"https:\/\/marekkuchcinski.pl\/wp-content\/uploads\/2018\/11\/18.10-Medyka-7-1.jpg\" alt=\"18.10 Medyka 7\" width=\"2000\" height=\"1500\" srcset=\"https:\/\/marekkuchcinski.pl\/wp-content\/uploads\/2018\/11\/18.10-Medyka-7-1.jpg 2000w, https:\/\/marekkuchcinski.pl\/wp-content\/uploads\/2018\/11\/18.10-Medyka-7-1-300x225.jpg 300w, https:\/\/marekkuchcinski.pl\/wp-content\/uploads\/2018\/11\/18.10-Medyka-7-1-768x576.jpg 768w, https:\/\/marekkuchcinski.pl\/wp-content\/uploads\/2018\/11\/18.10-Medyka-7-1-1024x768.jpg 1024w\" sizes=\"(max-width: 2000px) 100vw, 2000px\" \/><\/a> <a href=\"https:\/\/marekkuchcinski.pl\/wp-content\/uploads\/2018\/11\/18.10-Medyka-4-1.jpg\"><img loading=\"lazy\" decoding=\"async\" class=\"alignnone size-full wp-image-11030\" src=\"https:\/\/marekkuchcinski.pl\/wp-content\/uploads\/2018\/11\/18.10-Medyka-4-1.jpg\" alt=\"18.10 Medyka 4\" width=\"1905\" height=\"1850\" srcset=\"https:\/\/marekkuchcinski.pl\/wp-content\/uploads\/2018\/11\/18.10-Medyka-4-1.jpg 1905w, https:\/\/marekkuchcinski.pl\/wp-content\/uploads\/2018\/11\/18.10-Medyka-4-1-300x291.jpg 300w, https:\/\/marekkuchcinski.pl\/wp-content\/uploads\/2018\/11\/18.10-Medyka-4-1-768x746.jpg 768w, https:\/\/marekkuchcinski.pl\/wp-content\/uploads\/2018\/11\/18.10-Medyka-4-1-1024x994.jpg 1024w\" sizes=\"(max-width: 1905px) 100vw, 1905px\" \/><\/a> <a href=\"https:\/\/marekkuchcinski.pl\/wp-content\/uploads\/2018\/11\/18.10-Medyka-6-1.jpg\"><img loading=\"lazy\" decoding=\"async\" class=\"alignnone size-full wp-image-11031\" src=\"https:\/\/marekkuchcinski.pl\/wp-content\/uploads\/2018\/11\/18.10-Medyka-6-1.jpg\" alt=\"18.10 Medyka 6\" width=\"1918\" height=\"1225\" srcset=\"https:\/\/marekkuchcinski.pl\/wp-content\/uploads\/2018\/11\/18.10-Medyka-6-1.jpg 1918w, https:\/\/marekkuchcinski.pl\/wp-content\/uploads\/2018\/11\/18.10-Medyka-6-1-300x192.jpg 300w, https:\/\/marekkuchcinski.pl\/wp-content\/uploads\/2018\/11\/18.10-Medyka-6-1-768x491.jpg 768w, https:\/\/marekkuchcinski.pl\/wp-content\/uploads\/2018\/11\/18.10-Medyka-6-1-1024x654.jpg 1024w\" sizes=\"(max-width: 1918px) 100vw, 1918px\" \/><\/a> <a href=\"https:\/\/marekkuchcinski.pl\/wp-content\/uploads\/2018\/11\/18.10-Medyka-3-1.jpg\"><img loading=\"lazy\" decoding=\"async\" class=\"alignnone size-full wp-image-11032\" src=\"https:\/\/marekkuchcinski.pl\/wp-content\/uploads\/2018\/11\/18.10-Medyka-3-1.jpg\" alt=\"18.10 Medyka 3\" width=\"2000\" height=\"1500\" srcset=\"https:\/\/marekkuchcinski.pl\/wp-content\/uploads\/2018\/11\/18.10-Medyka-3-1.jpg 2000w, https:\/\/marekkuchcinski.pl\/wp-content\/uploads\/2018\/11\/18.10-Medyka-3-1-300x225.jpg 300w, https:\/\/marekkuchcinski.pl\/wp-content\/uploads\/2018\/11\/18.10-Medyka-3-1-768x576.jpg 768w, https:\/\/marekkuchcinski.pl\/wp-content\/uploads\/2018\/11\/18.10-Medyka-3-1-1024x768.jpg 1024w\" sizes=\"(max-width: 2000px) 100vw, 2000px\" \/><\/a> <a href=\"https:\/\/marekkuchcinski.pl\/wp-content\/uploads\/2018\/11\/18.10-Medyka-2-1.jpg\"><img loading=\"lazy\" decoding=\"async\" class=\"alignnone size-full wp-image-11033\" src=\"https:\/\/marekkuchcinski.pl\/wp-content\/uploads\/2018\/11\/18.10-Medyka-2-1.jpg\" alt=\"18.10 Medyka 2\" width=\"1948\" height=\"1500\" srcset=\"https:\/\/marekkuchcinski.pl\/wp-content\/uploads\/2018\/11\/18.10-Medyka-2-1.jpg 1948w, https:\/\/marekkuchcinski.pl\/wp-content\/uploads\/2018\/11\/18.10-Medyka-2-1-300x231.jpg 300w, https:\/\/marekkuchcinski.pl\/wp-content\/uploads\/2018\/11\/18.10-Medyka-2-1-768x591.jpg 768w, https:\/\/marekkuchcinski.pl\/wp-content\/uploads\/2018\/11\/18.10-Medyka-2-1-1024x789.jpg 1024w\" sizes=\"(max-width: 1948px) 100vw, 1948px\" \/><\/a><\/p>\n<p><strong>okt\u00f3ber 19. <\/strong><\/p>\n<p><strong>A marsall Piotr Gli\u0144ski minisztereln\u00f6k-helyettessel egy\u00fctt Kalwaria Pac\u0142awsk\u00e1ba ment. Ezt k\u00f6vette egy tal\u00e1lkoz\u00f3 Przemy\u015blben,<\/strong> amelynek sor\u00e1n a miniszter bejelentette, hogy a M\u0171eml\u00e9kv\u00e9delmi Tan\u00e1cs hat\u00e1rozatot fogadott el, amelyben k\u00e9tszeresen is elismerte Przemy\u015blt, \u00e9s k\u00e9t tov\u00e1bbi t\u00f6rt\u00e9nelmi m\u0171eml\u00e9ket hozott l\u00e9tre: a przemy\u015bli er\u0151d\u00f6t \u00e9s Przemy\u015bl v\u00e1ros \u00f3v\u00e1ros\u00e1nak v\u00e1rosegy\u00fcttes\u00e9t. A k\u00f6vetkez\u0151 napirendi pont egy szimp\u00f3zium volt, amely a przemy\u015bli \u00e9rseki bazilik\u00e1ban tal\u00e1lhat\u00f3 t\u00f6rt\u00e9nelmi Szent Mikl\u00f3s-rotunda hozz\u00e1f\u00e9rhet\u0151bb\u00e9 t\u00e9tel\u00e9t c\u00e9lz\u00f3 munk\u00e1latokkal kapcsolatos.<\/p>\n<p><a href=\"https:\/\/marekkuchcinski.pl\/wp-content\/uploads\/2018\/11\/19.10-Przemy\u015bl-11.jpg\"><img loading=\"lazy\" decoding=\"async\" class=\"alignnone size-full wp-image-11037\" src=\"https:\/\/marekkuchcinski.pl\/wp-content\/uploads\/2018\/11\/19.10-Przemy\u015bl-11.jpg\" alt=\"19.10 Przemy\u015bl 11\" width=\"2000\" height=\"1500\" srcset=\"https:\/\/marekkuchcinski.pl\/wp-content\/uploads\/2018\/11\/19.10-Przemy\u015bl-11.jpg 2000w, https:\/\/marekkuchcinski.pl\/wp-content\/uploads\/2018\/11\/19.10-Przemy\u015bl-11-300x225.jpg 300w, https:\/\/marekkuchcinski.pl\/wp-content\/uploads\/2018\/11\/19.10-Przemy\u015bl-11-768x576.jpg 768w, https:\/\/marekkuchcinski.pl\/wp-content\/uploads\/2018\/11\/19.10-Przemy\u015bl-11-1024x768.jpg 1024w\" sizes=\"(max-width: 2000px) 100vw, 2000px\" \/><\/a> <a href=\"https:\/\/marekkuchcinski.pl\/wp-content\/uploads\/2018\/11\/19.10-Przemy\u015bl-9.jpg\"><img loading=\"lazy\" decoding=\"async\" class=\"alignnone size-full wp-image-11038\" src=\"https:\/\/marekkuchcinski.pl\/wp-content\/uploads\/2018\/11\/19.10-Przemy\u015bl-9.jpg\" alt=\"19.10 Przemy\u015bl 9\" width=\"2000\" height=\"1500\" srcset=\"https:\/\/marekkuchcinski.pl\/wp-content\/uploads\/2018\/11\/19.10-Przemy\u015bl-9.jpg 2000w, https:\/\/marekkuchcinski.pl\/wp-content\/uploads\/2018\/11\/19.10-Przemy\u015bl-9-300x225.jpg 300w, https:\/\/marekkuchcinski.pl\/wp-content\/uploads\/2018\/11\/19.10-Przemy\u015bl-9-768x576.jpg 768w, https:\/\/marekkuchcinski.pl\/wp-content\/uploads\/2018\/11\/19.10-Przemy\u015bl-9-1024x768.jpg 1024w\" sizes=\"(max-width: 2000px) 100vw, 2000px\" \/><\/a> <a href=\"https:\/\/marekkuchcinski.pl\/wp-content\/uploads\/2018\/11\/19.10-Przemy\u015bl-8.jpg\"><img loading=\"lazy\" decoding=\"async\" class=\"alignnone size-full wp-image-11039\" src=\"https:\/\/marekkuchcinski.pl\/wp-content\/uploads\/2018\/11\/19.10-Przemy\u015bl-8.jpg\" alt=\"19.10 Przemy\u015bl 8\" width=\"2000\" height=\"1500\" srcset=\"https:\/\/marekkuchcinski.pl\/wp-content\/uploads\/2018\/11\/19.10-Przemy\u015bl-8.jpg 2000w, https:\/\/marekkuchcinski.pl\/wp-content\/uploads\/2018\/11\/19.10-Przemy\u015bl-8-300x225.jpg 300w, https:\/\/marekkuchcinski.pl\/wp-content\/uploads\/2018\/11\/19.10-Przemy\u015bl-8-768x576.jpg 768w, https:\/\/marekkuchcinski.pl\/wp-content\/uploads\/2018\/11\/19.10-Przemy\u015bl-8-1024x768.jpg 1024w\" sizes=\"(max-width: 2000px) 100vw, 2000px\" \/><\/a> <a href=\"https:\/\/marekkuchcinski.pl\/wp-content\/uploads\/2018\/11\/19.10-Przemy\u015bl-7.jpg\"><img loading=\"lazy\" decoding=\"async\" class=\"alignnone size-full wp-image-11040\" src=\"https:\/\/marekkuchcinski.pl\/wp-content\/uploads\/2018\/11\/19.10-Przemy\u015bl-7.jpg\" alt=\"19.10 Przemy\u015bl 7\" width=\"1747\" height=\"1131\" srcset=\"https:\/\/marekkuchcinski.pl\/wp-content\/uploads\/2018\/11\/19.10-Przemy\u015bl-7.jpg 1747w, https:\/\/marekkuchcinski.pl\/wp-content\/uploads\/2018\/11\/19.10-Przemy\u015bl-7-300x194.jpg 300w, https:\/\/marekkuchcinski.pl\/wp-content\/uploads\/2018\/11\/19.10-Przemy\u015bl-7-768x497.jpg 768w, https:\/\/marekkuchcinski.pl\/wp-content\/uploads\/2018\/11\/19.10-Przemy\u015bl-7-1024x663.jpg 1024w\" sizes=\"(max-width: 1747px) 100vw, 1747px\" \/><\/a> <a href=\"https:\/\/marekkuchcinski.pl\/wp-content\/uploads\/2018\/11\/19.10-Przemy\u015bl-6.jpg\"><img loading=\"lazy\" decoding=\"async\" class=\"alignnone size-full wp-image-11041\" src=\"https:\/\/marekkuchcinski.pl\/wp-content\/uploads\/2018\/11\/19.10-Przemy\u015bl-6.jpg\" alt=\"19.10 Przemy\u015bl 6\" width=\"1474\" height=\"1864\" srcset=\"https:\/\/marekkuchcinski.pl\/wp-content\/uploads\/2018\/11\/19.10-Przemy\u015bl-6.jpg 1474w, https:\/\/marekkuchcinski.pl\/wp-content\/uploads\/2018\/11\/19.10-Przemy\u015bl-6-237x300.jpg 237w, https:\/\/marekkuchcinski.pl\/wp-content\/uploads\/2018\/11\/19.10-Przemy\u015bl-6-768x971.jpg 768w, https:\/\/marekkuchcinski.pl\/wp-content\/uploads\/2018\/11\/19.10-Przemy\u015bl-6-810x1024.jpg 810w\" sizes=\"(max-width: 1474px) 100vw, 1474px\" \/><\/a> <a href=\"https:\/\/marekkuchcinski.pl\/wp-content\/uploads\/2018\/11\/19.10-Przemy\u015bl-5.jpg\"><img loading=\"lazy\" decoding=\"async\" class=\"alignnone size-full wp-image-11042\" src=\"https:\/\/marekkuchcinski.pl\/wp-content\/uploads\/2018\/11\/19.10-Przemy\u015bl-5.jpg\" alt=\"19.10 Przemy\u015bl 5\" width=\"1745\" height=\"1875\" srcset=\"https:\/\/marekkuchcinski.pl\/wp-content\/uploads\/2018\/11\/19.10-Przemy\u015bl-5.jpg 1745w, https:\/\/marekkuchcinski.pl\/wp-content\/uploads\/2018\/11\/19.10-Przemy\u015bl-5-279x300.jpg 279w, https:\/\/marekkuchcinski.pl\/wp-content\/uploads\/2018\/11\/19.10-Przemy\u015bl-5-768x825.jpg 768w, https:\/\/marekkuchcinski.pl\/wp-content\/uploads\/2018\/11\/19.10-Przemy\u015bl-5-953x1024.jpg 953w\" sizes=\"(max-width: 1745px) 100vw, 1745px\" \/><\/a> <a href=\"https:\/\/marekkuchcinski.pl\/wp-content\/uploads\/2018\/11\/19.10-Przemy\u015bl-4.jpg\"><img loading=\"lazy\" decoding=\"async\" class=\"alignnone size-full wp-image-11043\" src=\"https:\/\/marekkuchcinski.pl\/wp-content\/uploads\/2018\/11\/19.10-Przemy\u015bl-4.jpg\" alt=\"19.10 Przemy\u015bl 4\" width=\"563\" height=\"750\" srcset=\"https:\/\/marekkuchcinski.pl\/wp-content\/uploads\/2018\/11\/19.10-Przemy\u015bl-4.jpg 563w, https:\/\/marekkuchcinski.pl\/wp-content\/uploads\/2018\/11\/19.10-Przemy\u015bl-4-225x300.jpg 225w\" sizes=\"(max-width: 563px) 100vw, 563px\" \/><\/a> <a href=\"https:\/\/marekkuchcinski.pl\/wp-content\/uploads\/2018\/11\/19.10-Przemy\u015bl-3.jpg\"><img loading=\"lazy\" decoding=\"async\" class=\"alignnone size-full wp-image-11044\" src=\"https:\/\/marekkuchcinski.pl\/wp-content\/uploads\/2018\/11\/19.10-Przemy\u015bl-3.jpg\" alt=\"19.10 Przemy\u015bl 3\" width=\"2000\" height=\"1500\" srcset=\"https:\/\/marekkuchcinski.pl\/wp-content\/uploads\/2018\/11\/19.10-Przemy\u015bl-3.jpg 2000w, https:\/\/marekkuchcinski.pl\/wp-content\/uploads\/2018\/11\/19.10-Przemy\u015bl-3-300x225.jpg 300w, https:\/\/marekkuchcinski.pl\/wp-content\/uploads\/2018\/11\/19.10-Przemy\u015bl-3-768x576.jpg 768w, https:\/\/marekkuchcinski.pl\/wp-content\/uploads\/2018\/11\/19.10-Przemy\u015bl-3-1024x768.jpg 1024w\" sizes=\"(max-width: 2000px) 100vw, 2000px\" \/><\/a> <a href=\"https:\/\/marekkuchcinski.pl\/wp-content\/uploads\/2018\/11\/19.10-Przemy\u015bl-2.jpg\"><img loading=\"lazy\" decoding=\"async\" class=\"alignnone size-full wp-image-11045\" src=\"https:\/\/marekkuchcinski.pl\/wp-content\/uploads\/2018\/11\/19.10-Przemy\u015bl-2.jpg\" alt=\"19.10 Przemy\u015bl 2\" width=\"2000\" height=\"1500\" srcset=\"https:\/\/marekkuchcinski.pl\/wp-content\/uploads\/2018\/11\/19.10-Przemy\u015bl-2.jpg 2000w, https:\/\/marekkuchcinski.pl\/wp-content\/uploads\/2018\/11\/19.10-Przemy\u015bl-2-300x225.jpg 300w, https:\/\/marekkuchcinski.pl\/wp-content\/uploads\/2018\/11\/19.10-Przemy\u015bl-2-768x576.jpg 768w, https:\/\/marekkuchcinski.pl\/wp-content\/uploads\/2018\/11\/19.10-Przemy\u015bl-2-1024x768.jpg 1024w\" sizes=\"(max-width: 2000px) 100vw, 2000px\" \/><\/a> <a href=\"https:\/\/marekkuchcinski.pl\/wp-content\/uploads\/2018\/11\/19.10-Przemy\u015bl-1.jpg\"><img loading=\"lazy\" decoding=\"async\" class=\"alignnone size-full wp-image-11046\" src=\"https:\/\/marekkuchcinski.pl\/wp-content\/uploads\/2018\/11\/19.10-Przemy\u015bl-1.jpg\" alt=\"19.10 Przemy\u015bl 1\" width=\"2000\" height=\"1500\" srcset=\"https:\/\/marekkuchcinski.pl\/wp-content\/uploads\/2018\/11\/19.10-Przemy\u015bl-1.jpg 2000w, https:\/\/marekkuchcinski.pl\/wp-content\/uploads\/2018\/11\/19.10-Przemy\u015bl-1-300x225.jpg 300w, https:\/\/marekkuchcinski.pl\/wp-content\/uploads\/2018\/11\/19.10-Przemy\u015bl-1-768x576.jpg 768w, https:\/\/marekkuchcinski.pl\/wp-content\/uploads\/2018\/11\/19.10-Przemy\u015bl-1-1024x768.jpg 1024w\" sizes=\"(max-width: 2000px) 100vw, 2000px\" \/><\/a> <a href=\"https:\/\/marekkuchcinski.pl\/wp-content\/uploads\/2018\/11\/19.10-Kalwaria-Pac\u0142awska-11.jpg\"><img loading=\"lazy\" decoding=\"async\" class=\"alignnone size-full wp-image-11049\" src=\"https:\/\/marekkuchcinski.pl\/wp-content\/uploads\/2018\/11\/19.10-Kalwaria-Pac\u0142awska-11.jpg\" alt=\"19.10 Kalwaria Pac\u0142awska 11\" width=\"1500\" height=\"2000\" srcset=\"https:\/\/marekkuchcinski.pl\/wp-content\/uploads\/2018\/11\/19.10-Kalwaria-Pac\u0142awska-11.jpg 1500w, https:\/\/marekkuchcinski.pl\/wp-content\/uploads\/2018\/11\/19.10-Kalwaria-Pac\u0142awska-11-225x300.jpg 225w, https:\/\/marekkuchcinski.pl\/wp-content\/uploads\/2018\/11\/19.10-Kalwaria-Pac\u0142awska-11-768x1024.jpg 768w\" sizes=\"(max-width: 1500px) 100vw, 1500px\" \/><\/a> <a href=\"https:\/\/marekkuchcinski.pl\/wp-content\/uploads\/2018\/11\/19.10-Kalwaria-Pac\u0142awska-8.jpg\"><img loading=\"lazy\" decoding=\"async\" class=\"alignnone size-full wp-image-11052\" src=\"https:\/\/marekkuchcinski.pl\/wp-content\/uploads\/2018\/11\/19.10-Kalwaria-Pac\u0142awska-8.jpg\" alt=\"19.10 Kalwaria Pac\u0142awska 8\" width=\"2000\" height=\"1500\" srcset=\"https:\/\/marekkuchcinski.pl\/wp-content\/uploads\/2018\/11\/19.10-Kalwaria-Pac\u0142awska-8.jpg 2000w, https:\/\/marekkuchcinski.pl\/wp-content\/uploads\/2018\/11\/19.10-Kalwaria-Pac\u0142awska-8-300x225.jpg 300w, https:\/\/marekkuchcinski.pl\/wp-content\/uploads\/2018\/11\/19.10-Kalwaria-Pac\u0142awska-8-768x576.jpg 768w, https:\/\/marekkuchcinski.pl\/wp-content\/uploads\/2018\/11\/19.10-Kalwaria-Pac\u0142awska-8-1024x768.jpg 1024w\" sizes=\"(max-width: 2000px) 100vw, 2000px\" \/><\/a> <a href=\"https:\/\/marekkuchcinski.pl\/wp-content\/uploads\/2018\/11\/19.10-Kalwaria-Pac\u0142awska-7.jpg\"><img loading=\"lazy\" decoding=\"async\" class=\"alignnone size-full wp-image-11053\" src=\"https:\/\/marekkuchcinski.pl\/wp-content\/uploads\/2018\/11\/19.10-Kalwaria-Pac\u0142awska-7.jpg\" alt=\"19.10 Kalwaria Pac\u0142awska 7\" width=\"2000\" height=\"1500\" srcset=\"https:\/\/marekkuchcinski.pl\/wp-content\/uploads\/2018\/11\/19.10-Kalwaria-Pac\u0142awska-7.jpg 2000w, https:\/\/marekkuchcinski.pl\/wp-content\/uploads\/2018\/11\/19.10-Kalwaria-Pac\u0142awska-7-300x225.jpg 300w, https:\/\/marekkuchcinski.pl\/wp-content\/uploads\/2018\/11\/19.10-Kalwaria-Pac\u0142awska-7-768x576.jpg 768w, https:\/\/marekkuchcinski.pl\/wp-content\/uploads\/2018\/11\/19.10-Kalwaria-Pac\u0142awska-7-1024x768.jpg 1024w\" sizes=\"(max-width: 2000px) 100vw, 2000px\" \/><\/a> <a href=\"https:\/\/marekkuchcinski.pl\/wp-content\/uploads\/2018\/11\/19.10-Kalwaria-Pac\u0142awska-5.jpg\"><img loading=\"lazy\" decoding=\"async\" class=\"alignnone size-full wp-image-11055\" src=\"https:\/\/marekkuchcinski.pl\/wp-content\/uploads\/2018\/11\/19.10-Kalwaria-Pac\u0142awska-5.jpg\" alt=\"19.10 Kalwaria Pac\u0142awska 5\" width=\"1782\" height=\"1490\" srcset=\"https:\/\/marekkuchcinski.pl\/wp-content\/uploads\/2018\/11\/19.10-Kalwaria-Pac\u0142awska-5.jpg 1782w, https:\/\/marekkuchcinski.pl\/wp-content\/uploads\/2018\/11\/19.10-Kalwaria-Pac\u0142awska-5-300x251.jpg 300w, https:\/\/marekkuchcinski.pl\/wp-content\/uploads\/2018\/11\/19.10-Kalwaria-Pac\u0142awska-5-768x642.jpg 768w, https:\/\/marekkuchcinski.pl\/wp-content\/uploads\/2018\/11\/19.10-Kalwaria-Pac\u0142awska-5-1024x856.jpg 1024w\" sizes=\"(max-width: 1782px) 100vw, 1782px\" \/><\/a> <a href=\"https:\/\/marekkuchcinski.pl\/wp-content\/uploads\/2018\/11\/19.10-Kalwaria-Pac\u0142awska-2.jpg\"><img loading=\"lazy\" decoding=\"async\" class=\"alignnone size-full wp-image-11058\" src=\"https:\/\/marekkuchcinski.pl\/wp-content\/uploads\/2018\/11\/19.10-Kalwaria-Pac\u0142awska-2.jpg\" alt=\"19.10 Kalwaria Pac\u0142awska 2\" width=\"1500\" height=\"2000\" srcset=\"https:\/\/marekkuchcinski.pl\/wp-content\/uploads\/2018\/11\/19.10-Kalwaria-Pac\u0142awska-2.jpg 1500w, https:\/\/marekkuchcinski.pl\/wp-content\/uploads\/2018\/11\/19.10-Kalwaria-Pac\u0142awska-2-225x300.jpg 225w, https:\/\/marekkuchcinski.pl\/wp-content\/uploads\/2018\/11\/19.10-Kalwaria-Pac\u0142awska-2-768x1024.jpg 768w\" sizes=\"(max-width: 1500px) 100vw, 1500px\" \/><\/a> <a href=\"https:\/\/marekkuchcinski.pl\/wp-content\/uploads\/2018\/11\/19.10-Kalwaria-Pac\u0142awska-1.jpg\"><img loading=\"lazy\" decoding=\"async\" class=\"alignnone size-full wp-image-11059\" src=\"https:\/\/marekkuchcinski.pl\/wp-content\/uploads\/2018\/11\/19.10-Kalwaria-Pac\u0142awska-1.jpg\" alt=\"19.10 Kalwaria Pac\u0142awska 1\" width=\"1500\" height=\"2000\" srcset=\"https:\/\/marekkuchcinski.pl\/wp-content\/uploads\/2018\/11\/19.10-Kalwaria-Pac\u0142awska-1.jpg 1500w, https:\/\/marekkuchcinski.pl\/wp-content\/uploads\/2018\/11\/19.10-Kalwaria-Pac\u0142awska-1-225x300.jpg 225w, https:\/\/marekkuchcinski.pl\/wp-content\/uploads\/2018\/11\/19.10-Kalwaria-Pac\u0142awska-1-768x1024.jpg 768w\" sizes=\"(max-width: 1500px) 100vw, 1500px\" \/><\/a><\/p>\n<p><strong>okt\u00f3ber 20. <\/strong><\/p>\n<p><strong>Az el\u0151ad\u00f3 r\u00e9szt vett az \"Egy\u00e9ni \u00e1llhatatoss\u00e1g - k\u00f6z\u00f6ss\u00e9gi \u00e1lland\u00f3s\u00e1g\" c\u00edm\u0171 nemzetk\u00f6zi konferenci\u00e1n.<\/strong> a przemysli Nemzeti M\u00fazeumban Zdzis\u0142aw Krasnod\u0119bski professzor szervez\u00e9s\u00e9ben.<\/p>\n<blockquote class=\"wp-embedded-content\" data-secret=\"Xxz9PzyOVF\"><p><a href=\"https:\/\/marekkuchcinski.pl\/uk\/wydarzenia\/miedzynarodowa-konferencja-niezlomnosc-jednostki-trwalosc-wspolnoty\/\">Nemzetk\u00f6zi konferencia \"Egy\u00e9ni \u00e1llhatatoss\u00e1g - k\u00f6z\u00f6ss\u00e9gi \u00e1lland\u00f3s\u00e1g\"<\/a><\/p><\/blockquote>\n<p><iframe class=\"wp-embedded-content\" sandbox=\"allow-scripts\" security=\"restricted\" style=\"position: absolute; clip: rect(1px, 1px, 1px, 1px);\" title=\"&quot;Nemzetk\u00f6zi konferencia &quot;Egy\u00e9ni \u00e1llhatatoss\u00e1g - k\u00f6z\u00f6ss\u00e9gi \u00e1lland\u00f3s\u00e1g&quot;&quot; - Marek Kuchcinski\" src=\"https:\/\/marekkuchcinski.pl\/uk\/wydarzenia\/miedzynarodowa-konferencja-niezlomnosc-jednostki-trwalosc-wspolnoty\/embed\/#?secret=Xxz9PzyOVF\" data-secret=\"Xxz9PzyOVF\" width=\"600\" height=\"338\" frameborder=\"0\" marginwidth=\"0\" marginheight=\"0\" scrolling=\"no\"><\/iframe><\/p>\n<p><strong> okt\u00f3ber 21. <\/strong><\/p>\n<p><strong>A h\u00e1zeln\u00f6k leadta szavazat\u00e1t a przemy\u015bli helyhat\u00f3s\u00e1gi v\u00e1laszt\u00e1sokon.<\/strong><\/p>\n<p><a href=\"https:\/\/marekkuchcinski.pl\/wp-content\/uploads\/2018\/11\/21.10-Przemy\u015bl-5.jpg\"><img loading=\"lazy\" decoding=\"async\" class=\"alignnone size-full wp-image-11062\" src=\"https:\/\/marekkuchcinski.pl\/wp-content\/uploads\/2018\/11\/21.10-Przemy\u015bl-5.jpg\" alt=\"21.10 Przemy\u015bl 5\" width=\"805\" height=\"537\" srcset=\"https:\/\/marekkuchcinski.pl\/wp-content\/uploads\/2018\/11\/21.10-Przemy\u015bl-5.jpg 805w, https:\/\/marekkuchcinski.pl\/wp-content\/uploads\/2018\/11\/21.10-Przemy\u015bl-5-300x200.jpg 300w, https:\/\/marekkuchcinski.pl\/wp-content\/uploads\/2018\/11\/21.10-Przemy\u015bl-5-768x512.jpg 768w\" sizes=\"(max-width: 805px) 100vw, 805px\" \/><\/a> <a href=\"https:\/\/marekkuchcinski.pl\/wp-content\/uploads\/2018\/11\/21.10-Przemy\u015bl-4.jpg\"><img loading=\"lazy\" decoding=\"async\" class=\"alignnone size-full wp-image-11063\" src=\"https:\/\/marekkuchcinski.pl\/wp-content\/uploads\/2018\/11\/21.10-Przemy\u015bl-4.jpg\" alt=\"21.10 Przemy\u015bl 4\" width=\"357\" height=\"537\" srcset=\"https:\/\/marekkuchcinski.pl\/wp-content\/uploads\/2018\/11\/21.10-Przemy\u015bl-4.jpg 357w, https:\/\/marekkuchcinski.pl\/wp-content\/uploads\/2018\/11\/21.10-Przemy\u015bl-4-199x300.jpg 199w\" sizes=\"(max-width: 357px) 100vw, 357px\" \/><\/a><\/p>\n<p><strong>okt\u00f3ber 25. <\/strong><\/p>\n<p><strong>A przemy\u015bli kast\u00e9lyban tartott\u00e1k Robert Choma polg\u00e1rmester b\u00facs\u00faj\u00e1t.<\/strong><\/p>\n<p><strong>okt\u00f3ber 26.<\/strong><\/p>\n<p><strong>A nemzeti eml\u00e9km\u0171vet a jaros\u0142awi Krisztus Kir\u00e1ly pl\u00e9b\u00e1ni\u00e1n avatt\u00e1k fel. Az eml\u00e9km\u0171vet Adam Szal ABP, Przemysl metropolit\u00e1ja szentelte fel.<\/strong><\/p>\n<p>- Lengyelorsz\u00e1g f\u00fcggetlens\u00e9g\u00e9nek visszaszerz\u00e9s\u00e9nek sz\u00e1zadik \u00e9vfordul\u00f3ja alkalm\u00e1b\u00f3l Podkarpacie-ban eml\u00e9km\u0171vet avattak, amely t\u00f6rt\u00e9nelmi lecke, amely arra eml\u00e9keztet, hogy Lengyelorsz\u00e1g t\u00f6rt\u00e9nelme \u00f6sszef\u00fcgg a kereszt\u00e9nys\u00e9g t\u00f6rt\u00e9net\u00e9vel\" - mondta Marek Kuchci\u0144ski.<\/p>\n<p><a href=\"https:\/\/marekkuchcinski.pl\/wp-content\/uploads\/2018\/11\/pomnik-w-parafii-Chrystusa-Kr\u00f3la-w-Jaros\u0142awiu-8.jpg\"><img loading=\"lazy\" decoding=\"async\" class=\"alignnone size-full wp-image-10960\" src=\"https:\/\/marekkuchcinski.pl\/wp-content\/uploads\/2018\/11\/pomnik-w-parafii-Chrystusa-Kr\u00f3la-w-Jaros\u0142awiu-8.jpg\" alt=\"pomnik w parafii Chrystusa Kr\u00f3la w Jaros\u0142awiu 8\" width=\"720\" height=\"960\" srcset=\"https:\/\/marekkuchcinski.pl\/wp-content\/uploads\/2018\/11\/pomnik-w-parafii-Chrystusa-Kr\u00f3la-w-Jaros\u0142awiu-8.jpg 720w, https:\/\/marekkuchcinski.pl\/wp-content\/uploads\/2018\/11\/pomnik-w-parafii-Chrystusa-Kr\u00f3la-w-Jaros\u0142awiu-8-225x300.jpg 225w\" sizes=\"(max-width: 720px) 100vw, 720px\" \/><\/a> <a href=\"https:\/\/marekkuchcinski.pl\/wp-content\/uploads\/2018\/11\/pomnik-w-parafii-Chrystusa-Kr\u00f3la-w-Jaros\u0142awiu-7.jpg\"><img loading=\"lazy\" decoding=\"async\" class=\"alignnone size-full wp-image-10961\" src=\"https:\/\/marekkuchcinski.pl\/wp-content\/uploads\/2018\/11\/pomnik-w-parafii-Chrystusa-Kr\u00f3la-w-Jaros\u0142awiu-7.jpg\" alt=\"pomnik w parafii Chrystusa Kr\u00f3la w Jaros\u0142awiu 7\" width=\"720\" height=\"960\" srcset=\"https:\/\/marekkuchcinski.pl\/wp-content\/uploads\/2018\/11\/pomnik-w-parafii-Chrystusa-Kr\u00f3la-w-Jaros\u0142awiu-7.jpg 720w, https:\/\/marekkuchcinski.pl\/wp-content\/uploads\/2018\/11\/pomnik-w-parafii-Chrystusa-Kr\u00f3la-w-Jaros\u0142awiu-7-225x300.jpg 225w\" sizes=\"(max-width: 720px) 100vw, 720px\" \/><\/a> <a href=\"https:\/\/marekkuchcinski.pl\/wp-content\/uploads\/2018\/11\/pomnik-w-parafii-Chrystusa-Kr\u00f3la-w-Jaros\u0142awiu-6.jpg\"><img loading=\"lazy\" decoding=\"async\" class=\"alignnone size-full wp-image-10962\" src=\"https:\/\/marekkuchcinski.pl\/wp-content\/uploads\/2018\/11\/pomnik-w-parafii-Chrystusa-Kr\u00f3la-w-Jaros\u0142awiu-6.jpg\" alt=\"pomnik w parafii Chrystusa Kr\u00f3la w Jaros\u0142awiu 6\" width=\"720\" height=\"960\" srcset=\"https:\/\/marekkuchcinski.pl\/wp-content\/uploads\/2018\/11\/pomnik-w-parafii-Chrystusa-Kr\u00f3la-w-Jaros\u0142awiu-6.jpg 720w, https:\/\/marekkuchcinski.pl\/wp-content\/uploads\/2018\/11\/pomnik-w-parafii-Chrystusa-Kr\u00f3la-w-Jaros\u0142awiu-6-225x300.jpg 225w\" sizes=\"(max-width: 720px) 100vw, 720px\" \/><\/a> <a href=\"https:\/\/marekkuchcinski.pl\/wp-content\/uploads\/2018\/11\/pomnik-w-parafii-Chrystusa-Kr\u00f3la-w-Jaros\u0142awiu-5.jpg\"><img loading=\"lazy\" decoding=\"async\" class=\"alignnone size-full wp-image-10963\" src=\"https:\/\/marekkuchcinski.pl\/wp-content\/uploads\/2018\/11\/pomnik-w-parafii-Chrystusa-Kr\u00f3la-w-Jaros\u0142awiu-5.jpg\" alt=\"pomnik w parafii Chrystusa Kr\u00f3la w Jaros\u0142awiu 5\" width=\"720\" height=\"960\" srcset=\"https:\/\/marekkuchcinski.pl\/wp-content\/uploads\/2018\/11\/pomnik-w-parafii-Chrystusa-Kr\u00f3la-w-Jaros\u0142awiu-5.jpg 720w, https:\/\/marekkuchcinski.pl\/wp-content\/uploads\/2018\/11\/pomnik-w-parafii-Chrystusa-Kr\u00f3la-w-Jaros\u0142awiu-5-225x300.jpg 225w\" sizes=\"(max-width: 720px) 100vw, 720px\" \/><\/a> <a href=\"https:\/\/marekkuchcinski.pl\/wp-content\/uploads\/2018\/11\/pomnik-w-parafii-Chrystusa-Kr\u00f3la-w-Jaros\u0142awiu-4.jpg\"><img loading=\"lazy\" decoding=\"async\" class=\"alignnone size-full wp-image-10964\" src=\"https:\/\/marekkuchcinski.pl\/wp-content\/uploads\/2018\/11\/pomnik-w-parafii-Chrystusa-Kr\u00f3la-w-Jaros\u0142awiu-4.jpg\" alt=\"pomnik w parafii Chrystusa Kr\u00f3la w Jaros\u0142awiu 4\" width=\"960\" height=\"720\" srcset=\"https:\/\/marekkuchcinski.pl\/wp-content\/uploads\/2018\/11\/pomnik-w-parafii-Chrystusa-Kr\u00f3la-w-Jaros\u0142awiu-4.jpg 960w, https:\/\/marekkuchcinski.pl\/wp-content\/uploads\/2018\/11\/pomnik-w-parafii-Chrystusa-Kr\u00f3la-w-Jaros\u0142awiu-4-300x225.jpg 300w, https:\/\/marekkuchcinski.pl\/wp-content\/uploads\/2018\/11\/pomnik-w-parafii-Chrystusa-Kr\u00f3la-w-Jaros\u0142awiu-4-768x576.jpg 768w\" sizes=\"(max-width: 960px) 100vw, 960px\" \/><\/a> <a href=\"https:\/\/marekkuchcinski.pl\/wp-content\/uploads\/2018\/11\/pomnik-w-parafii-Chrystusa-Kr\u00f3la-w-Jaros\u0142awiu-1.jpg\"><img loading=\"lazy\" decoding=\"async\" class=\"alignnone size-full wp-image-10967\" src=\"https:\/\/marekkuchcinski.pl\/wp-content\/uploads\/2018\/11\/pomnik-w-parafii-Chrystusa-Kr\u00f3la-w-Jaros\u0142awiu-1.jpg\" alt=\"pomnik w parafii Chrystusa Kr\u00f3la w Jaros\u0142awiu 1\" width=\"720\" height=\"960\" srcset=\"https:\/\/marekkuchcinski.pl\/wp-content\/uploads\/2018\/11\/pomnik-w-parafii-Chrystusa-Kr\u00f3la-w-Jaros\u0142awiu-1.jpg 720w, https:\/\/marekkuchcinski.pl\/wp-content\/uploads\/2018\/11\/pomnik-w-parafii-Chrystusa-Kr\u00f3la-w-Jaros\u0142awiu-1-225x300.jpg 225w\" sizes=\"(max-width: 720px) 100vw, 720px\" \/><\/a><\/p>\n<p><strong>Tal\u00e1lkoz\u00f3 \u0141a\u0144cut lak\u00f3ival.<\/strong><\/p>\n<p><strong>A \u0141a\u0144cut-i V\u00e1rm\u00fazeumban Marek Kuchci\u0144ski hivatalosan megnyitotta a Lengyelorsz\u00e1g f\u00fcggetlens\u00e9g\u00e9nek visszanyer\u00e9se 100. \u00e9vfordul\u00f3ja alkalm\u00e1b\u00f3l rendezett ki\u00e1ll\u00edt\u00e1st.<\/strong><\/p>\n<p>- Ezzel a ki\u00e1ll\u00edt\u00e1ssal megszem\u00e9lyes\u00edtj\u00fck t\u00f6rt\u00e9nelm\u00fcnket, \u00e9s nem a t\u00e9nyekre \u00e9s a d\u00e1tumokra, hanem az emberekre helyezz\u00fck a hangs\u00falyt. K\u00f6z\u00e9leti tev\u00e9kenys\u00e9g\u00fcnk szempontj\u00e1b\u00f3l az ember a legfontosabb. Tiszt\u00e1ban vagyunk azzal, hogy mennyire fontos \u0151seink \u00f6r\u00f6ks\u00e9g\u00e9t \u00e1polni. M\u00e9g a legapr\u00f3bb ki\u00e1ll\u00edt\u00e1si t\u00e1rgyak, az adom\u00e1nyoz\u00f3kt\u00f3l kapott eml\u00e9kt\u00e1rgyak is, gyakran az egyetlenek, amelyek megmaradtak, \u00e9s ann\u00e1l \u00e9rt\u00e9kesebbek\" - mondta a marsall.<\/p>\n<p><a href=\"https:\/\/marekkuchcinski.pl\/wp-content\/uploads\/2018\/11\/\u0141a\u0144cut-7.jpg\"><img loading=\"lazy\" decoding=\"async\" class=\"alignnone size-full wp-image-10927\" src=\"https:\/\/marekkuchcinski.pl\/wp-content\/uploads\/2018\/11\/\u0141a\u0144cut-7.jpg\" alt=\"\u0141a\u0144cut 7\" width=\"960\" height=\"720\" srcset=\"https:\/\/marekkuchcinski.pl\/wp-content\/uploads\/2018\/11\/\u0141a\u0144cut-7.jpg 960w, https:\/\/marekkuchcinski.pl\/wp-content\/uploads\/2018\/11\/\u0141a\u0144cut-7-300x225.jpg 300w, https:\/\/marekkuchcinski.pl\/wp-content\/uploads\/2018\/11\/\u0141a\u0144cut-7-768x576.jpg 768w\" sizes=\"(max-width: 960px) 100vw, 960px\" \/><\/a> <a href=\"https:\/\/marekkuchcinski.pl\/wp-content\/uploads\/2018\/11\/\u0141a\u0144cut-6.jpg\"><img loading=\"lazy\" decoding=\"async\" class=\"alignnone size-full wp-image-10928\" src=\"https:\/\/marekkuchcinski.pl\/wp-content\/uploads\/2018\/11\/\u0141a\u0144cut-6.jpg\" alt=\"\u0141a\u0144cut 6\" width=\"960\" height=\"720\" srcset=\"https:\/\/marekkuchcinski.pl\/wp-content\/uploads\/2018\/11\/\u0141a\u0144cut-6.jpg 960w, https:\/\/marekkuchcinski.pl\/wp-content\/uploads\/2018\/11\/\u0141a\u0144cut-6-300x225.jpg 300w, https:\/\/marekkuchcinski.pl\/wp-content\/uploads\/2018\/11\/\u0141a\u0144cut-6-768x576.jpg 768w\" sizes=\"(max-width: 960px) 100vw, 960px\" \/><\/a> <a href=\"https:\/\/marekkuchcinski.pl\/wp-content\/uploads\/2018\/11\/\u0141a\u0144cut-5.jpg\"><img loading=\"lazy\" decoding=\"async\" class=\"alignnone size-full wp-image-10929\" src=\"https:\/\/marekkuchcinski.pl\/wp-content\/uploads\/2018\/11\/\u0141a\u0144cut-5.jpg\" alt=\"\u0141a\u0144cut 5\" width=\"720\" height=\"960\" srcset=\"https:\/\/marekkuchcinski.pl\/wp-content\/uploads\/2018\/11\/\u0141a\u0144cut-5.jpg 720w, https:\/\/marekkuchcinski.pl\/wp-content\/uploads\/2018\/11\/\u0141a\u0144cut-5-225x300.jpg 225w\" sizes=\"(max-width: 720px) 100vw, 720px\" \/><\/a> <a href=\"https:\/\/marekkuchcinski.pl\/wp-content\/uploads\/2018\/11\/\u0141a\u0144cut-4.jpg\"><img loading=\"lazy\" decoding=\"async\" class=\"alignnone size-full wp-image-10930\" src=\"https:\/\/marekkuchcinski.pl\/wp-content\/uploads\/2018\/11\/\u0141a\u0144cut-4.jpg\" alt=\"\u0141a\u0144cut 4\" width=\"960\" height=\"720\" srcset=\"https:\/\/marekkuchcinski.pl\/wp-content\/uploads\/2018\/11\/\u0141a\u0144cut-4.jpg 960w, https:\/\/marekkuchcinski.pl\/wp-content\/uploads\/2018\/11\/\u0141a\u0144cut-4-300x225.jpg 300w, https:\/\/marekkuchcinski.pl\/wp-content\/uploads\/2018\/11\/\u0141a\u0144cut-4-768x576.jpg 768w\" sizes=\"(max-width: 960px) 100vw, 960px\" \/><\/a> <a href=\"https:\/\/marekkuchcinski.pl\/wp-content\/uploads\/2018\/11\/\u0141a\u0144cut-3.jpg\"><img loading=\"lazy\" decoding=\"async\" class=\"alignnone size-full wp-image-10931\" src=\"https:\/\/marekkuchcinski.pl\/wp-content\/uploads\/2018\/11\/\u0141a\u0144cut-3.jpg\" alt=\"\u0141a\u0144cut 3\" width=\"960\" height=\"720\" srcset=\"https:\/\/marekkuchcinski.pl\/wp-content\/uploads\/2018\/11\/\u0141a\u0144cut-3.jpg 960w, https:\/\/marekkuchcinski.pl\/wp-content\/uploads\/2018\/11\/\u0141a\u0144cut-3-300x225.jpg 300w, https:\/\/marekkuchcinski.pl\/wp-content\/uploads\/2018\/11\/\u0141a\u0144cut-3-768x576.jpg 768w\" sizes=\"(max-width: 960px) 100vw, 960px\" \/><\/a> <a href=\"https:\/\/marekkuchcinski.pl\/wp-content\/uploads\/2018\/11\/\u0141a\u0144cut-2.jpg\"><img loading=\"lazy\" decoding=\"async\" class=\"alignnone size-full wp-image-10932\" src=\"https:\/\/marekkuchcinski.pl\/wp-content\/uploads\/2018\/11\/\u0141a\u0144cut-2.jpg\" alt=\"\u0141a\u0144cut 2\" width=\"960\" height=\"720\" srcset=\"https:\/\/marekkuchcinski.pl\/wp-content\/uploads\/2018\/11\/\u0141a\u0144cut-2.jpg 960w, https:\/\/marekkuchcinski.pl\/wp-content\/uploads\/2018\/11\/\u0141a\u0144cut-2-300x225.jpg 300w, https:\/\/marekkuchcinski.pl\/wp-content\/uploads\/2018\/11\/\u0141a\u0144cut-2-768x576.jpg 768w\" sizes=\"(max-width: 960px) 100vw, 960px\" \/><\/a> <a href=\"https:\/\/marekkuchcinski.pl\/wp-content\/uploads\/2018\/11\/\u0141a\u0144cut-1.jpg\"><img loading=\"lazy\" decoding=\"async\" class=\"alignnone size-full wp-image-10933\" src=\"https:\/\/marekkuchcinski.pl\/wp-content\/uploads\/2018\/11\/\u0141a\u0144cut-1.jpg\" alt=\"\u0141a\u0144cut 1\" width=\"720\" height=\"960\" srcset=\"https:\/\/marekkuchcinski.pl\/wp-content\/uploads\/2018\/11\/\u0141a\u0144cut-1.jpg 720w, https:\/\/marekkuchcinski.pl\/wp-content\/uploads\/2018\/11\/\u0141a\u0144cut-1-225x300.jpg 225w\" sizes=\"(max-width: 720px) 100vw, 720px\" \/><\/a><\/p>\n<p>A \u0141a\u0144cut lakosaival val\u00f3 tal\u00e1lkoz\u00f3 ut\u00e1n a \u0141a\u0144cut-i V\u00e1rm\u00fazeum igazgat\u00f3ja, Wit K. W\u00f3jtowicz megh\u00edv\u00e1s\u00e1ra Marek Kuchci\u0144ski r\u00e9szt vett a F\u00fcggetlens\u00e9gi Akad\u00e9mia \u00fcl\u00e9s\u00e9n, ahol \u00e1tvette az IPN \"A f\u00fcggetlens\u00e9g aty\u00e1i\" c\u00edm\u0171 ki\u00e1ll\u00edt\u00e1s\u00e1nak album\u00e1t. A kiadv\u00e1ny hivatkozik a szejm hat\u00e1rozat\u00e1ra, amely hat fontos szem\u00e9lyis\u00e9get - a F\u00fcggetlens\u00e9g aty\u00e1it - nevezi meg.<\/p>\n<p><a href=\"https:\/\/marekkuchcinski.pl\/wp-content\/uploads\/2018\/11\/Akademia-Niepodleg\u0142o\u015bci-2.jpg\"><img loading=\"lazy\" decoding=\"async\" class=\"alignnone size-full wp-image-10934\" src=\"https:\/\/marekkuchcinski.pl\/wp-content\/uploads\/2018\/11\/Akademia-Niepodleg\u0142o\u015bci-2.jpg\" alt=\"Akademia Niepodleg\u0142o\u015bci 2\" width=\"960\" height=\"720\" srcset=\"https:\/\/marekkuchcinski.pl\/wp-content\/uploads\/2018\/11\/Akademia-Niepodleg\u0142o\u015bci-2.jpg 960w, https:\/\/marekkuchcinski.pl\/wp-content\/uploads\/2018\/11\/Akademia-Niepodleg\u0142o\u015bci-2-300x225.jpg 300w, https:\/\/marekkuchcinski.pl\/wp-content\/uploads\/2018\/11\/Akademia-Niepodleg\u0142o\u015bci-2-768x576.jpg 768w\" sizes=\"(max-width: 960px) 100vw, 960px\" \/><\/a> <a href=\"https:\/\/marekkuchcinski.pl\/wp-content\/uploads\/2018\/11\/Akademia-Niepodleg\u0142o\u015bci-1.jpg\"><img loading=\"lazy\" decoding=\"async\" class=\"alignnone size-full wp-image-10935\" src=\"https:\/\/marekkuchcinski.pl\/wp-content\/uploads\/2018\/11\/Akademia-Niepodleg\u0142o\u015bci-1.jpg\" alt=\"Akademia Niepodleg\u0142o\u015bci 1\" width=\"960\" height=\"720\" srcset=\"https:\/\/marekkuchcinski.pl\/wp-content\/uploads\/2018\/11\/Akademia-Niepodleg\u0142o\u015bci-1.jpg 960w, https:\/\/marekkuchcinski.pl\/wp-content\/uploads\/2018\/11\/Akademia-Niepodleg\u0142o\u015bci-1-300x225.jpg 300w, https:\/\/marekkuchcinski.pl\/wp-content\/uploads\/2018\/11\/Akademia-Niepodleg\u0142o\u015bci-1-768x576.jpg 768w\" sizes=\"(max-width: 960px) 100vw, 960px\" \/><\/a><\/p>\n<p><strong>Tal\u00e1lkoz\u00f3 Nisko lakosaival<\/strong><\/p>\n<p>- K\u00e9rj\u00fck, hogy vegyenek r\u00e9szt a v\u00e1laszt\u00e1sok m\u00e1sodik fordul\u00f3j\u00e1ban. Ez k\u00fcl\u00f6n\u00f6sen fontos sz\u00e1munkra, mert az elm\u00falt h\u00e1rom \u00e9vben egy olyan programot hajtottunk v\u00e9gre, amely sz\u00e1mos olyan kih\u00edv\u00e1st tartalmaz, amelyek egy hivatali id\u0151szakn\u00e1l hosszabb id\u0151t ig\u00e9nyelnek, p\u00e9ld\u00e1ul a szolg\u00e1ltat\u00e1sok \u00e9s az eg\u00e9szs\u00e9g\u00fcgy, a reprivatiz\u00e1ci\u00f3, az oktat\u00e1si reform k\u00e9rd\u00e9sei.<\/p>\n<p><a href=\"https:\/\/marekkuchcinski.pl\/wp-content\/uploads\/2018\/11\/Nisko-5.jpg\"><img loading=\"lazy\" decoding=\"async\" class=\"alignnone size-full wp-image-10938\" src=\"https:\/\/marekkuchcinski.pl\/wp-content\/uploads\/2018\/11\/Nisko-5.jpg\" alt=\"Nisko 5\" width=\"960\" height=\"720\" srcset=\"https:\/\/marekkuchcinski.pl\/wp-content\/uploads\/2018\/11\/Nisko-5.jpg 960w, https:\/\/marekkuchcinski.pl\/wp-content\/uploads\/2018\/11\/Nisko-5-300x225.jpg 300w, https:\/\/marekkuchcinski.pl\/wp-content\/uploads\/2018\/11\/Nisko-5-768x576.jpg 768w\" sizes=\"(max-width: 960px) 100vw, 960px\" \/><\/a> <a href=\"https:\/\/marekkuchcinski.pl\/wp-content\/uploads\/2018\/11\/Nisko-4.jpg\"><img loading=\"lazy\" decoding=\"async\" class=\"alignnone size-full wp-image-10939\" src=\"https:\/\/marekkuchcinski.pl\/wp-content\/uploads\/2018\/11\/Nisko-4.jpg\" alt=\"Nisko 4\" width=\"960\" height=\"720\" srcset=\"https:\/\/marekkuchcinski.pl\/wp-content\/uploads\/2018\/11\/Nisko-4.jpg 960w, https:\/\/marekkuchcinski.pl\/wp-content\/uploads\/2018\/11\/Nisko-4-300x225.jpg 300w, https:\/\/marekkuchcinski.pl\/wp-content\/uploads\/2018\/11\/Nisko-4-768x576.jpg 768w\" sizes=\"(max-width: 960px) 100vw, 960px\" \/><\/a> <a href=\"https:\/\/marekkuchcinski.pl\/wp-content\/uploads\/2018\/11\/Nisko-3.jpg\"><img loading=\"lazy\" decoding=\"async\" class=\"alignnone size-full wp-image-10940\" src=\"https:\/\/marekkuchcinski.pl\/wp-content\/uploads\/2018\/11\/Nisko-3.jpg\" alt=\"Nisko 3\" width=\"960\" height=\"720\" srcset=\"https:\/\/marekkuchcinski.pl\/wp-content\/uploads\/2018\/11\/Nisko-3.jpg 960w, https:\/\/marekkuchcinski.pl\/wp-content\/uploads\/2018\/11\/Nisko-3-300x225.jpg 300w, https:\/\/marekkuchcinski.pl\/wp-content\/uploads\/2018\/11\/Nisko-3-768x576.jpg 768w\" sizes=\"(max-width: 960px) 100vw, 960px\" \/><\/a><\/p>\n<p><strong>okt\u00f3ber 27.<\/strong><\/p>\n<p><strong>PiS v\u00e1laszt\u00e1si kongresszus Sanokban<\/strong><\/p>\n<p><a href=\"https:\/\/marekkuchcinski.pl\/wp-content\/uploads\/2018\/11\/Sanok-1.jpg\"><img loading=\"lazy\" decoding=\"async\" class=\"alignnone size-full wp-image-10944\" src=\"https:\/\/marekkuchcinski.pl\/wp-content\/uploads\/2018\/11\/Sanok-1.jpg\" alt=\"Sanok 1\" width=\"960\" height=\"720\" srcset=\"https:\/\/marekkuchcinski.pl\/wp-content\/uploads\/2018\/11\/Sanok-1.jpg 960w, https:\/\/marekkuchcinski.pl\/wp-content\/uploads\/2018\/11\/Sanok-1-300x225.jpg 300w, https:\/\/marekkuchcinski.pl\/wp-content\/uploads\/2018\/11\/Sanok-1-768x576.jpg 768w\" sizes=\"(max-width: 960px) 100vw, 960px\" \/><\/a><\/p>\n<p><strong>A PiS v\u00e1laszt\u00e1si gy\u0171l\u00e9se Przemy\u015blben<\/strong><\/p>\n<p><a href=\"https:\/\/marekkuchcinski.pl\/wp-content\/uploads\/2018\/11\/Przemy\u015bl-1.jpg\"><img loading=\"lazy\" decoding=\"async\" class=\"alignnone size-full wp-image-10952\" src=\"https:\/\/marekkuchcinski.pl\/wp-content\/uploads\/2018\/11\/Przemy\u015bl-1.jpg\" alt=\"Przemy\u015bl 1\" width=\"960\" height=\"720\" srcset=\"https:\/\/marekkuchcinski.pl\/wp-content\/uploads\/2018\/11\/Przemy\u015bl-1.jpg 960w, https:\/\/marekkuchcinski.pl\/wp-content\/uploads\/2018\/11\/Przemy\u015bl-1-300x225.jpg 300w, https:\/\/marekkuchcinski.pl\/wp-content\/uploads\/2018\/11\/Przemy\u015bl-1-768x576.jpg 768w\" sizes=\"(max-width: 960px) 100vw, 960px\" \/><\/a> <a href=\"https:\/\/marekkuchcinski.pl\/wp-content\/uploads\/2018\/11\/Przemy\u015bl-3.jpg\"><img loading=\"lazy\" decoding=\"async\" class=\"alignnone size-full wp-image-10954\" src=\"https:\/\/marekkuchcinski.pl\/wp-content\/uploads\/2018\/11\/Przemy\u015bl-3.jpg\" alt=\"Przemy\u015bl 3\" width=\"960\" height=\"720\" srcset=\"https:\/\/marekkuchcinski.pl\/wp-content\/uploads\/2018\/11\/Przemy\u015bl-3.jpg 960w, https:\/\/marekkuchcinski.pl\/wp-content\/uploads\/2018\/11\/Przemy\u015bl-3-300x225.jpg 300w, https:\/\/marekkuchcinski.pl\/wp-content\/uploads\/2018\/11\/Przemy\u015bl-3-768x576.jpg 768w\" sizes=\"(max-width: 960px) 100vw, 960px\" \/><\/a> <a href=\"https:\/\/marekkuchcinski.pl\/wp-content\/uploads\/2018\/11\/Przemy\u015bl-6.jpg\"><img loading=\"lazy\" decoding=\"async\" class=\"alignnone size-full wp-image-10957\" src=\"https:\/\/marekkuchcinski.pl\/wp-content\/uploads\/2018\/11\/Przemy\u015bl-6.jpg\" alt=\"Przemy\u015bl 6\" width=\"960\" height=\"720\" srcset=\"https:\/\/marekkuchcinski.pl\/wp-content\/uploads\/2018\/11\/Przemy\u015bl-6.jpg 960w, https:\/\/marekkuchcinski.pl\/wp-content\/uploads\/2018\/11\/Przemy\u015bl-6-300x225.jpg 300w, https:\/\/marekkuchcinski.pl\/wp-content\/uploads\/2018\/11\/Przemy\u015bl-6-768x576.jpg 768w\" sizes=\"(max-width: 960px) 100vw, 960px\" \/><\/a><\/p>\n<p><strong>okt\u00f3ber 28.<\/strong><\/p>\n<p><strong>Tal\u00e1lkoz\u00f3 Baligrod lak\u00f3ival<\/strong><\/p>\n<p>- Az eg\u00e9sz orsz\u00e1g sz\u00e1m\u00e1ra a fenntarthat\u00f3 fejl\u0151d\u00e9s politik\u00e1j\u00e1t k\u00edv\u00e1njuk k\u00f6vetni. A fejleszt\u00e9s mozdonyainak politik\u00e1ja csak n\u00f6veli a k\u00fcl\u00f6nbs\u00e9geket a j\u00e1r\u00e1sok, k\u00f6zs\u00e9gek, k\u00f6zt\u00fck Bieszczady \u00e9s Przemysl k\u00f6z\u00f6tt - mondta a szejm eln\u00f6ke.<\/p>\n<p><a href=\"https:\/\/marekkuchcinski.pl\/wp-content\/uploads\/2018\/11\/Baligr\u00f3d-2.jpg\"><img loading=\"lazy\" decoding=\"async\" class=\"alignnone size-full wp-image-10975\" src=\"https:\/\/marekkuchcinski.pl\/wp-content\/uploads\/2018\/11\/Baligr\u00f3d-2.jpg\" alt=\"Baligr\u00f3d 2\" width=\"960\" height=\"720\" srcset=\"https:\/\/marekkuchcinski.pl\/wp-content\/uploads\/2018\/11\/Baligr\u00f3d-2.jpg 960w, https:\/\/marekkuchcinski.pl\/wp-content\/uploads\/2018\/11\/Baligr\u00f3d-2-300x225.jpg 300w, https:\/\/marekkuchcinski.pl\/wp-content\/uploads\/2018\/11\/Baligr\u00f3d-2-768x576.jpg 768w\" sizes=\"(max-width: 960px) 100vw, 960px\" \/><\/a> <a href=\"https:\/\/marekkuchcinski.pl\/wp-content\/uploads\/2018\/11\/Baligr\u00f3d-3.jpg\"><img loading=\"lazy\" decoding=\"async\" class=\"alignnone size-full wp-image-10976\" src=\"https:\/\/marekkuchcinski.pl\/wp-content\/uploads\/2018\/11\/Baligr\u00f3d-3.jpg\" alt=\"Baligr\u00f3d 3\" width=\"960\" height=\"720\" srcset=\"https:\/\/marekkuchcinski.pl\/wp-content\/uploads\/2018\/11\/Baligr\u00f3d-3.jpg 960w, https:\/\/marekkuchcinski.pl\/wp-content\/uploads\/2018\/11\/Baligr\u00f3d-3-300x225.jpg 300w, https:\/\/marekkuchcinski.pl\/wp-content\/uploads\/2018\/11\/Baligr\u00f3d-3-768x576.jpg 768w\" sizes=\"(max-width: 960px) 100vw, 960px\" \/><\/a><\/p>\n<p><strong>Tal\u00e1lkoz\u00f3 Pola\u0144czyk lakosaival<\/strong><\/p>\n<p>- A hivatali id\u0151 5 \u00e9vre t\u00f6rt\u00e9n\u0151 meghosszabb\u00edt\u00e1sa k\u00fcl\u00f6n\u00f6sen fontoss\u00e1 teszi a v\u00e1laszt\u00e1sokon val\u00f3 r\u00e9szv\u00e9tel\u00fcnket. V\u00e1lasszunk olyan jel\u00f6lteket, akik lehet\u0151v\u00e9 teszik a korm\u00e1ny \u00e9s az \u00f6nkorm\u00e1nyzatok egy\u00fcttm\u0171k\u00f6d\u00e9s\u00e9t a k\u00fcl\u00f6nb\u00f6z\u0151 szinteken - mondta Marek Kuchci\u0144ski.<\/p>\n<p><a href=\"https:\/\/marekkuchcinski.pl\/wp-content\/uploads\/2018\/11\/Pola\u0144czyk-1.jpg\"><img loading=\"lazy\" decoding=\"async\" class=\"alignnone size-full wp-image-10978\" src=\"https:\/\/marekkuchcinski.pl\/wp-content\/uploads\/2018\/11\/Pola\u0144czyk-1.jpg\" alt=\"Pola\u0144czyk 1\" width=\"960\" height=\"720\" srcset=\"https:\/\/marekkuchcinski.pl\/wp-content\/uploads\/2018\/11\/Pola\u0144czyk-1.jpg 960w, https:\/\/marekkuchcinski.pl\/wp-content\/uploads\/2018\/11\/Pola\u0144czyk-1-300x225.jpg 300w, https:\/\/marekkuchcinski.pl\/wp-content\/uploads\/2018\/11\/Pola\u0144czyk-1-768x576.jpg 768w\" sizes=\"(max-width: 960px) 100vw, 960px\" \/><\/a> <a href=\"https:\/\/marekkuchcinski.pl\/wp-content\/uploads\/2018\/11\/Pola\u0144czyk-3.jpg\"><img loading=\"lazy\" decoding=\"async\" class=\"alignnone size-full wp-image-10980\" src=\"https:\/\/marekkuchcinski.pl\/wp-content\/uploads\/2018\/11\/Pola\u0144czyk-3.jpg\" alt=\"Pola\u0144czyk 3\" width=\"960\" height=\"720\" srcset=\"https:\/\/marekkuchcinski.pl\/wp-content\/uploads\/2018\/11\/Pola\u0144czyk-3.jpg 960w, https:\/\/marekkuchcinski.pl\/wp-content\/uploads\/2018\/11\/Pola\u0144czyk-3-300x225.jpg 300w, https:\/\/marekkuchcinski.pl\/wp-content\/uploads\/2018\/11\/Pola\u0144czyk-3-768x576.jpg 768w\" sizes=\"(max-width: 960px) 100vw, 960px\" \/><\/a><\/p>\n<p><strong>Tal\u00e1lkoz\u00f3 Nowosielec lak\u00f3ival<\/strong><\/p>\n<p>- A PiS-be vetett bizalom \u00e1tker\u00fcl a helyi \u00f6nkorm\u00e1nyzatokhoz, ahol \u00e1tvessz\u00fck a hatalmat programunk megval\u00f3s\u00edt\u00e1sa \u00e9rdek\u00e9ben. H\u00e1rom \u00e9vvel ezel\u0151tt nagyszab\u00e1s\u00fa \u00e1llamfel\u00faj\u00edt\u00e1si programot ind\u00edtottunk. Ahhoz, hogy folytatni tudjuk a v\u00e9grehajt\u00e1st, j\u00f3 partnerekre van sz\u00fcks\u00e9g\u00fcnk az \u00f6nkorm\u00e1nyzatokban\" - mondta a szejm eln\u00f6ke.<\/p>\n<p><a href=\"https:\/\/marekkuchcinski.pl\/wp-content\/uploads\/2018\/11\/Nowosielce-1.jpg\"><img loading=\"lazy\" decoding=\"async\" class=\"alignnone size-full wp-image-10982\" src=\"https:\/\/marekkuchcinski.pl\/wp-content\/uploads\/2018\/11\/Nowosielce-1.jpg\" alt=\"Nowosielce 1\" width=\"960\" height=\"720\" srcset=\"https:\/\/marekkuchcinski.pl\/wp-content\/uploads\/2018\/11\/Nowosielce-1.jpg 960w, https:\/\/marekkuchcinski.pl\/wp-content\/uploads\/2018\/11\/Nowosielce-1-300x225.jpg 300w, https:\/\/marekkuchcinski.pl\/wp-content\/uploads\/2018\/11\/Nowosielce-1-768x576.jpg 768w\" sizes=\"(max-width: 960px) 100vw, 960px\" \/><\/a> <a href=\"https:\/\/marekkuchcinski.pl\/wp-content\/uploads\/2018\/11\/Nowosielce-2.jpg\"><img loading=\"lazy\" decoding=\"async\" class=\"alignnone size-full wp-image-10983\" src=\"https:\/\/marekkuchcinski.pl\/wp-content\/uploads\/2018\/11\/Nowosielce-2.jpg\" alt=\"Nowosielce 2\" width=\"960\" height=\"720\" srcset=\"https:\/\/marekkuchcinski.pl\/wp-content\/uploads\/2018\/11\/Nowosielce-2.jpg 960w, https:\/\/marekkuchcinski.pl\/wp-content\/uploads\/2018\/11\/Nowosielce-2-300x225.jpg 300w, https:\/\/marekkuchcinski.pl\/wp-content\/uploads\/2018\/11\/Nowosielce-2-768x576.jpg 768w\" sizes=\"(max-width: 960px) 100vw, 960px\" \/><\/a><\/p>\n<p><strong>Maria \u00e9s Lech Kaczy\u0144ski eml\u00e9kt\u00e1bl\u00e1j\u00e1nak felszentel\u00e9se \u00e9s leleplez\u00e9se a krzywei K\u00f6z\u00f6ss\u00e9gi \u00d6nseg\u00edt\u0151 K\u00f6zpontban<\/strong><\/p>\n<p>A marsall Jerzy Adamski, Dydnia k\u00f6zs\u00e9g polg\u00e1rmester\u00e9nek megh\u00edv\u00e1s\u00e1ra utazott Krzywe-be. Jan D\u0105bal tiszteletes, Dydnia pl\u00e9b\u00e1nosa felszentelte \u00e9s leleplezte a Maria \u00e9s Lech Kaczy\u0144ski eml\u00e9kt\u00e1bl\u00e1t. A k\u00f6z\u00f6ss\u00e9gi \u00f6nseg\u00edt\u0151 k\u00f6zpont az eln\u00f6ki p\u00e1r nev\u00e9t viseli majd. Ezt k\u00f6vet\u0151en a pl\u00e9b\u00e1nos felszentelt egy aut\u00f3t, amelyet a Krzywe-i K\u00f6z\u00f6ss\u00e9gi \u00d6nseg\u00edt\u0151 K\u00f6zpont r\u00e9sztvev\u0151inek sz\u00e1ll\u00edt\u00e1s\u00e1ra haszn\u00e1lnak majd, \u00e9s amelyet az \u00f6nkorm\u00e1nyzat adom\u00e1nyozott.<\/p>\n<p>Marek Kuchci\u0144ski r\u00e1mutatott, hogy a k\u00f6z\u00e9letben a k\u00f6zj\u00f3 vez\u00e9rel benn\u00fcnket. Tudat\u00e1ban vagyunk annak, hogy a nyilv\u00e1noss\u00e1gban m\u00e1sok\u00e9rt cseleksz\u00fcnk. Lech Kaczy\u0144ski eln\u00f6k volt az, aki a polg\u00e1rok szemsz\u00f6g\u00e9b\u0151l n\u00e9zte a k\u00f6z\u00fcgyeket. Sz\u00e1m\u00e1ra a szolidarit\u00e1s azt jelentette, hogy hatalm\u00e1t \u00e9s vagyon\u00e1t megosztja a r\u00e1szorul\u00f3kkal.<\/p>\n<p><a href=\"https:\/\/marekkuchcinski.pl\/wp-content\/uploads\/2018\/11\/Krzywe-2.jpg\"><img loading=\"lazy\" decoding=\"async\" class=\"alignnone size-full wp-image-10986\" src=\"https:\/\/marekkuchcinski.pl\/wp-content\/uploads\/2018\/11\/Krzywe-2.jpg\" alt=\"Krzywe 2\" width=\"960\" height=\"720\" srcset=\"https:\/\/marekkuchcinski.pl\/wp-content\/uploads\/2018\/11\/Krzywe-2.jpg 960w, https:\/\/marekkuchcinski.pl\/wp-content\/uploads\/2018\/11\/Krzywe-2-300x225.jpg 300w, https:\/\/marekkuchcinski.pl\/wp-content\/uploads\/2018\/11\/Krzywe-2-768x576.jpg 768w\" sizes=\"(max-width: 960px) 100vw, 960px\" \/><\/a> <a href=\"https:\/\/marekkuchcinski.pl\/wp-content\/uploads\/2018\/11\/Krzywe-6.jpg\"><img loading=\"lazy\" decoding=\"async\" class=\"alignnone size-full wp-image-10990\" src=\"https:\/\/marekkuchcinski.pl\/wp-content\/uploads\/2018\/11\/Krzywe-6.jpg\" alt=\"Krzywe 6\" width=\"960\" height=\"720\" srcset=\"https:\/\/marekkuchcinski.pl\/wp-content\/uploads\/2018\/11\/Krzywe-6.jpg 960w, https:\/\/marekkuchcinski.pl\/wp-content\/uploads\/2018\/11\/Krzywe-6-300x225.jpg 300w, https:\/\/marekkuchcinski.pl\/wp-content\/uploads\/2018\/11\/Krzywe-6-768x576.jpg 768w\" sizes=\"(max-width: 960px) 100vw, 960px\" \/><\/a> <a href=\"https:\/\/marekkuchcinski.pl\/wp-content\/uploads\/2018\/11\/Krzywe-9.jpg\"><img loading=\"lazy\" decoding=\"async\" class=\"alignnone size-full wp-image-10993\" src=\"https:\/\/marekkuchcinski.pl\/wp-content\/uploads\/2018\/11\/Krzywe-9.jpg\" alt=\"Krzywe 9\" width=\"960\" height=\"720\" srcset=\"https:\/\/marekkuchcinski.pl\/wp-content\/uploads\/2018\/11\/Krzywe-9.jpg 960w, https:\/\/marekkuchcinski.pl\/wp-content\/uploads\/2018\/11\/Krzywe-9-300x225.jpg 300w, https:\/\/marekkuchcinski.pl\/wp-content\/uploads\/2018\/11\/Krzywe-9-768x576.jpg 768w\" sizes=\"(max-width: 960px) 100vw, 960px\" \/><\/a><\/p>\n<p><strong>okt\u00f3ber 30.<\/strong><\/p>\n<p><strong>Tal\u00e1lkoz\u00f3 a helyi KRUS iroda alkalmazottaival Przemy\u015blben<\/strong><\/p>\n<p><a href=\"https:\/\/marekkuchcinski.pl\/wp-content\/uploads\/2018\/11\/KRUS-Przemy\u015bl-3.jpg\"><img loading=\"lazy\" decoding=\"async\" class=\"alignnone size-full wp-image-11066\" src=\"https:\/\/marekkuchcinski.pl\/wp-content\/uploads\/2018\/11\/KRUS-Przemy\u015bl-3.jpg\" alt=\"KRUS Przemy\u015bl 3\" width=\"960\" height=\"720\" srcset=\"https:\/\/marekkuchcinski.pl\/wp-content\/uploads\/2018\/11\/KRUS-Przemy\u015bl-3.jpg 960w, https:\/\/marekkuchcinski.pl\/wp-content\/uploads\/2018\/11\/KRUS-Przemy\u015bl-3-300x225.jpg 300w, https:\/\/marekkuchcinski.pl\/wp-content\/uploads\/2018\/11\/KRUS-Przemy\u015bl-3-768x576.jpg 768w\" sizes=\"(max-width: 960px) 100vw, 960px\" \/><\/a> <a href=\"https:\/\/marekkuchcinski.pl\/wp-content\/uploads\/2018\/11\/KRUS-Przemy\u015bl-1.jpg\"><img loading=\"lazy\" decoding=\"async\" class=\"alignnone size-full wp-image-11068\" src=\"https:\/\/marekkuchcinski.pl\/wp-content\/uploads\/2018\/11\/KRUS-Przemy\u015bl-1.jpg\" alt=\"KRUS Przemy\u015bl 1\" width=\"960\" height=\"720\" srcset=\"https:\/\/marekkuchcinski.pl\/wp-content\/uploads\/2018\/11\/KRUS-Przemy\u015bl-1.jpg 960w, https:\/\/marekkuchcinski.pl\/wp-content\/uploads\/2018\/11\/KRUS-Przemy\u015bl-1-300x225.jpg 300w, https:\/\/marekkuchcinski.pl\/wp-content\/uploads\/2018\/11\/KRUS-Przemy\u015bl-1-768x576.jpg 768w\" sizes=\"(max-width: 960px) 100vw, 960px\" \/><\/a><\/p>\n<p><strong>Tal\u00e1lkoz\u00f3 az ARMA przemy\u015bli ker\u00fcleti irod\u00e1j\u00e1nak alkalmazottaival<\/strong><\/p>\n<p><a href=\"https:\/\/marekkuchcinski.pl\/wp-content\/uploads\/2018\/11\/ARiMR-Przemy\u015bl-2.jpg\"><img loading=\"lazy\" decoding=\"async\" class=\"alignnone size-full wp-image-11069\" src=\"https:\/\/marekkuchcinski.pl\/wp-content\/uploads\/2018\/11\/ARiMR-Przemy\u015bl-2.jpg\" alt=\"ARiMR Przemy\u015bl 2\" width=\"960\" height=\"720\" srcset=\"https:\/\/marekkuchcinski.pl\/wp-content\/uploads\/2018\/11\/ARiMR-Przemy\u015bl-2.jpg 960w, https:\/\/marekkuchcinski.pl\/wp-content\/uploads\/2018\/11\/ARiMR-Przemy\u015bl-2-300x225.jpg 300w, https:\/\/marekkuchcinski.pl\/wp-content\/uploads\/2018\/11\/ARiMR-Przemy\u015bl-2-768x576.jpg 768w\" sizes=\"(max-width: 960px) 100vw, 960px\" \/><\/a> <a href=\"https:\/\/marekkuchcinski.pl\/wp-content\/uploads\/2018\/11\/ARiMR-Przemy\u015bl-1.jpg\"><img loading=\"lazy\" decoding=\"async\" class=\"alignnone size-full wp-image-11070\" src=\"https:\/\/marekkuchcinski.pl\/wp-content\/uploads\/2018\/11\/ARiMR-Przemy\u015bl-1.jpg\" alt=\"ARiMR Przemy\u015bl 1\" width=\"960\" height=\"720\" srcset=\"https:\/\/marekkuchcinski.pl\/wp-content\/uploads\/2018\/11\/ARiMR-Przemy\u015bl-1.jpg 960w, https:\/\/marekkuchcinski.pl\/wp-content\/uploads\/2018\/11\/ARiMR-Przemy\u015bl-1-300x225.jpg 300w, https:\/\/marekkuchcinski.pl\/wp-content\/uploads\/2018\/11\/ARiMR-Przemy\u015bl-1-768x576.jpg 768w\" sizes=\"(max-width: 960px) 100vw, 960px\" \/><\/a><\/p>\n<p><strong>Tal\u00e1lkoz\u00f3 az \u00fajonnan l\u00e9trehozott przemy\u015bli region\u00e1lis ment\u0151\u00e1llom\u00e1s alkalmazottaival<\/strong><\/p>\n<p><a href=\"https:\/\/marekkuchcinski.pl\/wp-content\/uploads\/2018\/11\/46469253_393786811161511_3321508822308093952_n.jpg\"><img loading=\"lazy\" decoding=\"async\" class=\"alignnone size-full wp-image-11077\" src=\"https:\/\/marekkuchcinski.pl\/wp-content\/uploads\/2018\/11\/46469253_393786811161511_3321508822308093952_n.jpg\" alt=\"46469253_393786811161511_3321508822308093952_n\" width=\"1560\" height=\"1170\" srcset=\"https:\/\/marekkuchcinski.pl\/wp-content\/uploads\/2018\/11\/46469253_393786811161511_3321508822308093952_n.jpg 1560w, https:\/\/marekkuchcinski.pl\/wp-content\/uploads\/2018\/11\/46469253_393786811161511_3321508822308093952_n-300x225.jpg 300w, https:\/\/marekkuchcinski.pl\/wp-content\/uploads\/2018\/11\/46469253_393786811161511_3321508822308093952_n-768x576.jpg 768w, https:\/\/marekkuchcinski.pl\/wp-content\/uploads\/2018\/11\/46469253_393786811161511_3321508822308093952_n-1024x768.jpg 1024w\" sizes=\"(max-width: 1560px) 100vw, 1560px\" \/><\/a><\/p>\n<p><strong>Tal\u00e1lkoz\u00f3 a przemy\u015bli iskol\u00e1k igazgat\u00f3ival (k\u00f6sz\u00f6net a lek\u00f6sz\u00f6n\u0151 przemy\u015bli polg\u00e1rmester, Robert Choma egy\u00fcttm\u0171k\u00f6d\u00e9s\u00e9\u00e9rt).<\/strong><\/p>\n<p><a href=\"https:\/\/marekkuchcinski.pl\/wp-content\/uploads\/2018\/11\/nauczyciele-Przemy\u015bl-4.jpg\"><img loading=\"lazy\" decoding=\"async\" class=\"alignnone size-full wp-image-11072\" src=\"https:\/\/marekkuchcinski.pl\/wp-content\/uploads\/2018\/11\/nauczyciele-Przemy\u015bl-4.jpg\" alt=\"nauczyciele Przemy\u015bl 4\" width=\"960\" height=\"720\" srcset=\"https:\/\/marekkuchcinski.pl\/wp-content\/uploads\/2018\/11\/nauczyciele-Przemy\u015bl-4.jpg 960w, https:\/\/marekkuchcinski.pl\/wp-content\/uploads\/2018\/11\/nauczyciele-Przemy\u015bl-4-300x225.jpg 300w, https:\/\/marekkuchcinski.pl\/wp-content\/uploads\/2018\/11\/nauczyciele-Przemy\u015bl-4-768x576.jpg 768w\" sizes=\"(max-width: 960px) 100vw, 960px\" \/><\/a> <a href=\"https:\/\/marekkuchcinski.pl\/wp-content\/uploads\/2018\/11\/nauczyciele-Przemy\u015bl-3.jpg\"><img loading=\"lazy\" decoding=\"async\" class=\"alignnone size-full wp-image-11073\" src=\"https:\/\/marekkuchcinski.pl\/wp-content\/uploads\/2018\/11\/nauczyciele-Przemy\u015bl-3.jpg\" alt=\"nauczyciele Przemy\u015bl 3\" width=\"960\" height=\"720\" srcset=\"https:\/\/marekkuchcinski.pl\/wp-content\/uploads\/2018\/11\/nauczyciele-Przemy\u015bl-3.jpg 960w, https:\/\/marekkuchcinski.pl\/wp-content\/uploads\/2018\/11\/nauczyciele-Przemy\u015bl-3-300x225.jpg 300w, https:\/\/marekkuchcinski.pl\/wp-content\/uploads\/2018\/11\/nauczyciele-Przemy\u015bl-3-768x576.jpg 768w\" sizes=\"(max-width: 960px) 100vw, 960px\" \/><\/a> <a href=\"https:\/\/marekkuchcinski.pl\/wp-content\/uploads\/2018\/11\/nauczyciele-Przemy\u015bl-2.jpg\"><img loading=\"lazy\" decoding=\"async\" class=\"alignnone size-full wp-image-11074\" src=\"https:\/\/marekkuchcinski.pl\/wp-content\/uploads\/2018\/11\/nauczyciele-Przemy\u015bl-2.jpg\" alt=\"nauczyciele Przemy\u015bl 2\" width=\"960\" height=\"720\" srcset=\"https:\/\/marekkuchcinski.pl\/wp-content\/uploads\/2018\/11\/nauczyciele-Przemy\u015bl-2.jpg 960w, https:\/\/marekkuchcinski.pl\/wp-content\/uploads\/2018\/11\/nauczyciele-Przemy\u015bl-2-300x225.jpg 300w, https:\/\/marekkuchcinski.pl\/wp-content\/uploads\/2018\/11\/nauczyciele-Przemy\u015bl-2-768x576.jpg 768w\" sizes=\"(max-width: 960px) 100vw, 960px\" \/><\/a> <a href=\"https:\/\/marekkuchcinski.pl\/wp-content\/uploads\/2018\/11\/nauczyciele-Przemy\u015bl-1.jpg\"><img loading=\"lazy\" decoding=\"async\" class=\"alignnone size-full wp-image-11075\" src=\"https:\/\/marekkuchcinski.pl\/wp-content\/uploads\/2018\/11\/nauczyciele-Przemy\u015bl-1.jpg\" alt=\"nauczyciele Przemy\u015bl 1\" width=\"960\" height=\"720\" srcset=\"https:\/\/marekkuchcinski.pl\/wp-content\/uploads\/2018\/11\/nauczyciele-Przemy\u015bl-1.jpg 960w, https:\/\/marekkuchcinski.pl\/wp-content\/uploads\/2018\/11\/nauczyciele-Przemy\u015bl-1-300x225.jpg 300w, https:\/\/marekkuchcinski.pl\/wp-content\/uploads\/2018\/11\/nauczyciele-Przemy\u015bl-1-768x576.jpg 768w\" sizes=\"(max-width: 960px) 100vw, 960px\" \/><\/a><\/p>\n<p><strong>Tal\u00e1lkoz\u00f3 a zurawitzi v\u00e9lem\u00e9nyform\u00e1l\u00f3kkal<\/strong><\/p>\n<p><a href=\"https:\/\/marekkuchcinski.pl\/wp-content\/uploads\/2018\/11\/\u017burawica-4.jpg\"><img loading=\"lazy\" decoding=\"async\" class=\"alignnone size-full wp-image-11080\" src=\"https:\/\/marekkuchcinski.pl\/wp-content\/uploads\/2018\/11\/\u017burawica-4.jpg\" alt=\"\u017burawica 4\" width=\"720\" height=\"960\" srcset=\"https:\/\/marekkuchcinski.pl\/wp-content\/uploads\/2018\/11\/\u017burawica-4.jpg 720w, https:\/\/marekkuchcinski.pl\/wp-content\/uploads\/2018\/11\/\u017burawica-4-225x300.jpg 225w\" sizes=\"(max-width: 720px) 100vw, 720px\" \/><\/a> <a href=\"https:\/\/marekkuchcinski.pl\/wp-content\/uploads\/2018\/11\/\u017burawica-3.jpg\"><img loading=\"lazy\" decoding=\"async\" class=\"alignnone size-full wp-image-11081\" src=\"https:\/\/marekkuchcinski.pl\/wp-content\/uploads\/2018\/11\/\u017burawica-3.jpg\" alt=\"\u017burawica 3\" width=\"960\" height=\"720\" srcset=\"https:\/\/marekkuchcinski.pl\/wp-content\/uploads\/2018\/11\/\u017burawica-3.jpg 960w, https:\/\/marekkuchcinski.pl\/wp-content\/uploads\/2018\/11\/\u017burawica-3-300x225.jpg 300w, https:\/\/marekkuchcinski.pl\/wp-content\/uploads\/2018\/11\/\u017burawica-3-768x576.jpg 768w\" sizes=\"(max-width: 960px) 100vw, 960px\" \/><\/a> <a href=\"https:\/\/marekkuchcinski.pl\/wp-content\/uploads\/2018\/11\/\u017burawica-2.jpg\"><img loading=\"lazy\" decoding=\"async\" class=\"alignnone size-full wp-image-11082\" src=\"https:\/\/marekkuchcinski.pl\/wp-content\/uploads\/2018\/11\/\u017burawica-2.jpg\" alt=\"\u017burawica 2\" width=\"960\" height=\"720\" srcset=\"https:\/\/marekkuchcinski.pl\/wp-content\/uploads\/2018\/11\/\u017burawica-2.jpg 960w, https:\/\/marekkuchcinski.pl\/wp-content\/uploads\/2018\/11\/\u017burawica-2-300x225.jpg 300w, https:\/\/marekkuchcinski.pl\/wp-content\/uploads\/2018\/11\/\u017burawica-2-768x576.jpg 768w\" sizes=\"(max-width: 960px) 100vw, 960px\" \/><\/a><\/p>\n<p><strong>okt\u00f3ber 31.<\/strong><\/p>\n<p><strong>Tal\u00e1lkoz\u00f3 a przemy\u015bli v\u00e1rosi t\u0171zolt\u00f3s\u00e1g alkalmazottaival \u00e9s tisztjeivel<\/strong><\/p>\n<p><a href=\"https:\/\/marekkuchcinski.pl\/wp-content\/uploads\/2018\/11\/Stra\u017cacy-Przemy\u015bl-9.jpg\"><img loading=\"lazy\" decoding=\"async\" class=\"alignnone size-full wp-image-11085\" src=\"https:\/\/marekkuchcinski.pl\/wp-content\/uploads\/2018\/11\/Stra\u017cacy-Przemy\u015bl-9.jpg\" alt=\"Stra\u017cacy Przemy\u015bl 9\" width=\"720\" height=\"960\" srcset=\"https:\/\/marekkuchcinski.pl\/wp-content\/uploads\/2018\/11\/Stra\u017cacy-Przemy\u015bl-9.jpg 720w, https:\/\/marekkuchcinski.pl\/wp-content\/uploads\/2018\/11\/Stra\u017cacy-Przemy\u015bl-9-225x300.jpg 225w\" sizes=\"(max-width: 720px) 100vw, 720px\" \/><\/a> <a href=\"https:\/\/marekkuchcinski.pl\/wp-content\/uploads\/2018\/11\/Stra\u017cacy-Przemy\u015bl-8.jpg\"><img loading=\"lazy\" decoding=\"async\" class=\"alignnone size-full wp-image-11086\" src=\"https:\/\/marekkuchcinski.pl\/wp-content\/uploads\/2018\/11\/Stra\u017cacy-Przemy\u015bl-8.jpg\" alt=\"Stra\u017cacy Przemy\u015bl 8\" width=\"960\" height=\"720\" srcset=\"https:\/\/marekkuchcinski.pl\/wp-content\/uploads\/2018\/11\/Stra\u017cacy-Przemy\u015bl-8.jpg 960w, https:\/\/marekkuchcinski.pl\/wp-content\/uploads\/2018\/11\/Stra\u017cacy-Przemy\u015bl-8-300x225.jpg 300w, https:\/\/marekkuchcinski.pl\/wp-content\/uploads\/2018\/11\/Stra\u017cacy-Przemy\u015bl-8-768x576.jpg 768w\" sizes=\"(max-width: 960px) 100vw, 960px\" \/><\/a> <a href=\"https:\/\/marekkuchcinski.pl\/wp-content\/uploads\/2018\/11\/Stra\u017cacy-Przemy\u015bl-7.jpg\"><img loading=\"lazy\" decoding=\"async\" class=\"alignnone size-full wp-image-11087\" src=\"https:\/\/marekkuchcinski.pl\/wp-content\/uploads\/2018\/11\/Stra\u017cacy-Przemy\u015bl-7.jpg\" alt=\"Stra\u017cacy Przemy\u015bl 7\" width=\"720\" height=\"960\" srcset=\"https:\/\/marekkuchcinski.pl\/wp-content\/uploads\/2018\/11\/Stra\u017cacy-Przemy\u015bl-7.jpg 720w, https:\/\/marekkuchcinski.pl\/wp-content\/uploads\/2018\/11\/Stra\u017cacy-Przemy\u015bl-7-225x300.jpg 225w\" sizes=\"(max-width: 720px) 100vw, 720px\" \/><\/a> <a href=\"https:\/\/marekkuchcinski.pl\/wp-content\/uploads\/2018\/11\/Stra\u017cacy-Przemy\u015bl-6.jpg\"><img loading=\"lazy\" decoding=\"async\" class=\"alignnone size-full wp-image-11088\" src=\"https:\/\/marekkuchcinski.pl\/wp-content\/uploads\/2018\/11\/Stra\u017cacy-Przemy\u015bl-6.jpg\" alt=\"Stra\u017cacy Przemy\u015bl 6\" width=\"720\" height=\"960\" srcset=\"https:\/\/marekkuchcinski.pl\/wp-content\/uploads\/2018\/11\/Stra\u017cacy-Przemy\u015bl-6.jpg 720w, https:\/\/marekkuchcinski.pl\/wp-content\/uploads\/2018\/11\/Stra\u017cacy-Przemy\u015bl-6-225x300.jpg 225w\" sizes=\"(max-width: 720px) 100vw, 720px\" \/><\/a> <a href=\"https:\/\/marekkuchcinski.pl\/wp-content\/uploads\/2018\/11\/Stra\u017cacy-Przemy\u015bl-5.jpg\"><img loading=\"lazy\" decoding=\"async\" class=\"alignnone size-full wp-image-11089\" src=\"https:\/\/marekkuchcinski.pl\/wp-content\/uploads\/2018\/11\/Stra\u017cacy-Przemy\u015bl-5.jpg\" alt=\"Stra\u017cacy Przemy\u015bl 5\" width=\"720\" height=\"960\" srcset=\"https:\/\/marekkuchcinski.pl\/wp-content\/uploads\/2018\/11\/Stra\u017cacy-Przemy\u015bl-5.jpg 720w, https:\/\/marekkuchcinski.pl\/wp-content\/uploads\/2018\/11\/Stra\u017cacy-Przemy\u015bl-5-225x300.jpg 225w\" sizes=\"(max-width: 720px) 100vw, 720px\" \/><\/a> <a href=\"https:\/\/marekkuchcinski.pl\/wp-content\/uploads\/2018\/11\/Stra\u017cacy-Przemy\u015bl-3.jpg\"><img loading=\"lazy\" decoding=\"async\" class=\"alignnone size-full wp-image-11091\" src=\"https:\/\/marekkuchcinski.pl\/wp-content\/uploads\/2018\/11\/Stra\u017cacy-Przemy\u015bl-3.jpg\" alt=\"Stra\u017cacy Przemy\u015bl 3\" width=\"960\" height=\"720\" srcset=\"https:\/\/marekkuchcinski.pl\/wp-content\/uploads\/2018\/11\/Stra\u017cacy-Przemy\u015bl-3.jpg 960w, https:\/\/marekkuchcinski.pl\/wp-content\/uploads\/2018\/11\/Stra\u017cacy-Przemy\u015bl-3-300x225.jpg 300w, https:\/\/marekkuchcinski.pl\/wp-content\/uploads\/2018\/11\/Stra\u017cacy-Przemy\u015bl-3-768x576.jpg 768w\" sizes=\"(max-width: 960px) 100vw, 960px\" \/><\/a> <a href=\"https:\/\/marekkuchcinski.pl\/wp-content\/uploads\/2018\/11\/Stra\u017cacy-Przemy\u015bl-2.jpg\"><img loading=\"lazy\" decoding=\"async\" class=\"alignnone size-full wp-image-11092\" src=\"https:\/\/marekkuchcinski.pl\/wp-content\/uploads\/2018\/11\/Stra\u017cacy-Przemy\u015bl-2.jpg\" alt=\"Stra\u017cacy Przemy\u015bl 2\" width=\"960\" height=\"720\" srcset=\"https:\/\/marekkuchcinski.pl\/wp-content\/uploads\/2018\/11\/Stra\u017cacy-Przemy\u015bl-2.jpg 960w, https:\/\/marekkuchcinski.pl\/wp-content\/uploads\/2018\/11\/Stra\u017cacy-Przemy\u015bl-2-300x225.jpg 300w, https:\/\/marekkuchcinski.pl\/wp-content\/uploads\/2018\/11\/Stra\u017cacy-Przemy\u015bl-2-768x576.jpg 768w\" sizes=\"(max-width: 960px) 100vw, 960px\" \/><\/a> <a href=\"https:\/\/marekkuchcinski.pl\/wp-content\/uploads\/2018\/11\/Stra\u017cacy-Przemy\u015bl-1.jpg\"><img loading=\"lazy\" decoding=\"async\" class=\"alignnone size-full wp-image-11093\" src=\"https:\/\/marekkuchcinski.pl\/wp-content\/uploads\/2018\/11\/Stra\u017cacy-Przemy\u015bl-1.jpg\" alt=\"Stra\u017cacy Przemy\u015bl 1\" width=\"720\" height=\"960\" srcset=\"https:\/\/marekkuchcinski.pl\/wp-content\/uploads\/2018\/11\/Stra\u017cacy-Przemy\u015bl-1.jpg 720w, https:\/\/marekkuchcinski.pl\/wp-content\/uploads\/2018\/11\/Stra\u017cacy-Przemy\u015bl-1-225x300.jpg 225w\" sizes=\"(max-width: 720px) 100vw, 720px\" \/><\/a><\/p>","protected":false},"excerpt":{"rendered":"<p>1 pa\u017adziernika W\u00a0Pola\u0144czyku Marsza\u0142ek Sejmu\u00a0otworzy\u0142 konferencj\u0119 &#8222;Program dla Bieszczad&#8221; Ministerstwa Infrastruktury i Rozwoju. Marek Kuchci\u0144ski powiedzia\u0142, \u017ce konferencj\u0119 otwiera z du\u017cymi nadziejami,\u00a0poniewa\u017c dzi\u0119ki \u201eProgramowi dla Bieszczad\u201d buduje si\u0119 mark\u0119 maj\u0105c\u0105 charakteryzowa\u0107 nasz\u0105 cz\u0119\u015b\u0107 Karpat. \u201eProgram dla Bieszczad\u201d to kolejny etap w polityce rozwoju ca\u0142ych Karpat, a dzi\u015b w Pola\u0144czyku realizuj\u0105 si\u0119 wcze\u015bniejsze ministerialne zapowiedzi. Minister [&hellip;]<\/p>","protected":false},"author":6,"featured_media":10804,"comment_status":"open","ping_status":"open","sticky":false,"template":"","format":"standard","meta":{"ngg_post_thumbnail":0,"footnotes":""},"categories":[49,127,82],"tags":[],"class_list":["post-10784","post","type-post","status-publish","format-standard","has-post-thumbnail","hentry","category-podkarpacie","category-podsumowaniemiesiaca","category-prawo-i-sprawiedliwosc"],"yoast_head":"<!-- This site is optimized with the Yoast SEO plugin v24.7 - https:\/\/yoast.com\/wordpress\/plugins\/seo\/ -->\n<title>Spotkania z mieszka\u0144cami Podkarpacia: 1-31 pa\u017adziernika &#8211; Marek Kuchci\u0144ski<\/title>\n<meta name=\"robots\" content=\"index, follow, max-snippet:-1, max-image-preview:large, max-video-preview:-1\" \/>\n<link rel=\"canonical\" href=\"https:\/\/marekkuchcinski.pl\/hu\/prawo-i-sprawiedliwosc\/spotkania-mieszkancami-podkarpacia-wybory-samorzadowe-2018\/\" \/>\n<meta property=\"og:locale\" content=\"hu_HU\" \/>\n<meta property=\"og:type\" content=\"article\" \/>\n<meta property=\"og:title\" content=\"Spotkania z mieszka\u0144cami Podkarpacia: 1-31 pa\u017adziernika &#8211; Marek Kuchci\u0144ski\" \/>\n<meta property=\"og:description\" content=\"1 pa\u017adziernika W\u00a0Pola\u0144czyku Marsza\u0142ek Sejmu\u00a0otworzy\u0142 konferencj\u0119 &#8222;Program dla Bieszczad&#8221; Ministerstwa Infrastruktury i Rozwoju. Marek Kuchci\u0144ski powiedzia\u0142, \u017ce konferencj\u0119 otwiera z du\u017cymi nadziejami,\u00a0poniewa\u017c dzi\u0119ki \u201eProgramowi dla Bieszczad\u201d buduje si\u0119 mark\u0119 maj\u0105c\u0105 charakteryzowa\u0107 nasz\u0105 cz\u0119\u015b\u0107 Karpat. \u201eProgram dla Bieszczad\u201d to kolejny etap w polityce rozwoju ca\u0142ych Karpat, a dzi\u015b w Pola\u0144czyku realizuj\u0105 si\u0119 wcze\u015bniejsze ministerialne zapowiedzi. Minister [&hellip;]\" \/>\n<meta property=\"og:url\" content=\"https:\/\/marekkuchcinski.pl\/hu\/prawo-i-sprawiedliwosc\/spotkania-mieszkancami-podkarpacia-wybory-samorzadowe-2018\/\" \/>\n<meta property=\"og:site_name\" content=\"Marek Kuchci\u0144ski\" \/>\n<meta property=\"article:published_time\" content=\"2018-11-21T12:00:43+00:00\" \/>\n<meta property=\"article:modified_time\" content=\"2018-11-27T09:48:46+00:00\" \/>\n<meta property=\"og:image\" content=\"https:\/\/marekkuchcinski.pl\/wp-content\/uploads\/2018\/11\/Jasionka-7.jpg\" \/>\n\t<meta property=\"og:image:width\" content=\"960\" \/>\n\t<meta property=\"og:image:height\" content=\"720\" \/>\n\t<meta property=\"og:image:type\" content=\"image\/jpeg\" \/>\n<meta name=\"author\" content=\"admin\" \/>\n<meta name=\"twitter:card\" content=\"summary_large_image\" \/>\n<meta name=\"twitter:label1\" content=\"Szerz\u0151:\" \/>\n\t<meta name=\"twitter:data1\" content=\"admin\" \/>\n\t<meta name=\"twitter:label2\" content=\"Becs\u00fclt olvas\u00e1si id\u0151\" \/>\n\t<meta name=\"twitter:data2\" content=\"13 perc\" \/>\n<script type=\"application\/ld+json\" class=\"yoast-schema-graph\">{\"@context\":\"https:\/\/schema.org\",\"@graph\":[{\"@type\":\"Article\",\"@id\":\"https:\/\/marekkuchcinski.pl\/en\/prawo-i-sprawiedliwosc\/spotkania-mieszkancami-podkarpacia-wybory-samorzadowe-2018\/#article\",\"isPartOf\":{\"@id\":\"https:\/\/marekkuchcinski.pl\/en\/prawo-i-sprawiedliwosc\/spotkania-mieszkancami-podkarpacia-wybory-samorzadowe-2018\/\"},\"author\":{\"name\":\"admin\",\"@id\":\"https:\/\/marekkuchcinski.pl\/#\/schema\/person\/6f62700996b4d950b6ea2d1183b6c6be\"},\"headline\":\"Spotkania z mieszka\u0144cami Podkarpacia: 1-31 pa\u017adziernika\",\"datePublished\":\"2018-11-21T12:00:43+00:00\",\"dateModified\":\"2018-11-27T09:48:46+00:00\",\"mainEntityOfPage\":{\"@id\":\"https:\/\/marekkuchcinski.pl\/en\/prawo-i-sprawiedliwosc\/spotkania-mieszkancami-podkarpacia-wybory-samorzadowe-2018\/\"},\"wordCount\":2611,\"commentCount\":0,\"publisher\":{\"@id\":\"https:\/\/marekkuchcinski.pl\/#organization\"},\"image\":{\"@id\":\"https:\/\/marekkuchcinski.pl\/en\/prawo-i-sprawiedliwosc\/spotkania-mieszkancami-podkarpacia-wybory-samorzadowe-2018\/#primaryimage\"},\"thumbnailUrl\":\"https:\/\/marekkuchcinski.pl\/wp-content\/uploads\/2018\/11\/Jasionka-7.jpg\",\"articleSection\":[\"Podkarpacie\",\"Podsumowanie miesi\u0105ca\",\"Prawo i Sprawiedliwo\u015b\u0107\"],\"inLanguage\":\"hu\",\"potentialAction\":[{\"@type\":\"CommentAction\",\"name\":\"Comment\",\"target\":[\"https:\/\/marekkuchcinski.pl\/en\/prawo-i-sprawiedliwosc\/spotkania-mieszkancami-podkarpacia-wybory-samorzadowe-2018\/#respond\"]}]},{\"@type\":\"WebPage\",\"@id\":\"https:\/\/marekkuchcinski.pl\/en\/prawo-i-sprawiedliwosc\/spotkania-mieszkancami-podkarpacia-wybory-samorzadowe-2018\/\",\"url\":\"https:\/\/marekkuchcinski.pl\/en\/prawo-i-sprawiedliwosc\/spotkania-mieszkancami-podkarpacia-wybory-samorzadowe-2018\/\",\"name\":\"Spotkania z mieszka\u0144cami Podkarpacia: 1-31 pa\u017adziernika &#8211; Marek Kuchci\u0144ski\",\"isPartOf\":{\"@id\":\"https:\/\/marekkuchcinski.pl\/#website\"},\"primaryImageOfPage\":{\"@id\":\"https:\/\/marekkuchcinski.pl\/en\/prawo-i-sprawiedliwosc\/spotkania-mieszkancami-podkarpacia-wybory-samorzadowe-2018\/#primaryimage\"},\"image\":{\"@id\":\"https:\/\/marekkuchcinski.pl\/en\/prawo-i-sprawiedliwosc\/spotkania-mieszkancami-podkarpacia-wybory-samorzadowe-2018\/#primaryimage\"},\"thumbnailUrl\":\"https:\/\/marekkuchcinski.pl\/wp-content\/uploads\/2018\/11\/Jasionka-7.jpg\",\"datePublished\":\"2018-11-21T12:00:43+00:00\",\"dateModified\":\"2018-11-27T09:48:46+00:00\",\"breadcrumb\":{\"@id\":\"https:\/\/marekkuchcinski.pl\/en\/prawo-i-sprawiedliwosc\/spotkania-mieszkancami-podkarpacia-wybory-samorzadowe-2018\/#breadcrumb\"},\"inLanguage\":\"hu\",\"potentialAction\":[{\"@type\":\"ReadAction\",\"target\":[\"https:\/\/marekkuchcinski.pl\/en\/prawo-i-sprawiedliwosc\/spotkania-mieszkancami-podkarpacia-wybory-samorzadowe-2018\/\"]}]},{\"@type\":\"ImageObject\",\"inLanguage\":\"hu\",\"@id\":\"https:\/\/marekkuchcinski.pl\/en\/prawo-i-sprawiedliwosc\/spotkania-mieszkancami-podkarpacia-wybory-samorzadowe-2018\/#primaryimage\",\"url\":\"https:\/\/marekkuchcinski.pl\/wp-content\/uploads\/2018\/11\/Jasionka-7.jpg\",\"contentUrl\":\"https:\/\/marekkuchcinski.pl\/wp-content\/uploads\/2018\/11\/Jasionka-7.jpg\",\"width\":960,\"height\":720},{\"@type\":\"BreadcrumbList\",\"@id\":\"https:\/\/marekkuchcinski.pl\/en\/prawo-i-sprawiedliwosc\/spotkania-mieszkancami-podkarpacia-wybory-samorzadowe-2018\/#breadcrumb\",\"itemListElement\":[{\"@type\":\"ListItem\",\"position\":1,\"name\":\"Strona g\u0142\u00f3wna\",\"item\":\"https:\/\/marekkuchcinski.pl\/\"},{\"@type\":\"ListItem\",\"position\":2,\"name\":\"Spotkania z mieszka\u0144cami Podkarpacia: 1-31 pa\u017adziernika\"}]},{\"@type\":\"WebSite\",\"@id\":\"https:\/\/marekkuchcinski.pl\/#website\",\"url\":\"https:\/\/marekkuchcinski.pl\/\",\"name\":\"Marek Kuchci\u0144ski\",\"description\":\"Pose\u0142 na sejm RP &ndash; okr\u0119g nr 22\",\"publisher\":{\"@id\":\"https:\/\/marekkuchcinski.pl\/#organization\"},\"potentialAction\":[{\"@type\":\"SearchAction\",\"target\":{\"@type\":\"EntryPoint\",\"urlTemplate\":\"https:\/\/marekkuchcinski.pl\/?s={search_term_string}\"},\"query-input\":{\"@type\":\"PropertyValueSpecification\",\"valueRequired\":true,\"valueName\":\"search_term_string\"}}],\"inLanguage\":\"hu\"},{\"@type\":\"Organization\",\"@id\":\"https:\/\/marekkuchcinski.pl\/#organization\",\"name\":\"Marek Kuchci\u0144ski\",\"url\":\"https:\/\/marekkuchcinski.pl\/\",\"logo\":{\"@type\":\"ImageObject\",\"inLanguage\":\"hu\",\"@id\":\"https:\/\/marekkuchcinski.pl\/#\/schema\/logo\/image\/\",\"url\":\"https:\/\/marekkuchcinski.pl\/wp-content\/uploads\/2022\/09\/Marek.jpg\",\"contentUrl\":\"https:\/\/marekkuchcinski.pl\/wp-content\/uploads\/2022\/09\/Marek.jpg\",\"width\":1600,\"height\":971,\"caption\":\"Marek Kuchci\u0144ski\"},\"image\":{\"@id\":\"https:\/\/marekkuchcinski.pl\/#\/schema\/logo\/image\/\"}},{\"@type\":\"Person\",\"@id\":\"https:\/\/marekkuchcinski.pl\/#\/schema\/person\/6f62700996b4d950b6ea2d1183b6c6be\",\"name\":\"admin\",\"image\":{\"@type\":\"ImageObject\",\"inLanguage\":\"hu\",\"@id\":\"https:\/\/marekkuchcinski.pl\/#\/schema\/person\/image\/\",\"url\":\"https:\/\/secure.gravatar.com\/avatar\/4bab693b9d55c3d6b52c0296a8765085?s=96&d=mm&r=g\",\"contentUrl\":\"https:\/\/secure.gravatar.com\/avatar\/4bab693b9d55c3d6b52c0296a8765085?s=96&d=mm&r=g\",\"caption\":\"admin\"},\"url\":\"https:\/\/marekkuchcinski.pl\/hu\/author\/marta-olejnik\/\"}]}<\/script>\n<!-- \/ Yoast SEO plugin. -->","yoast_head_json":{"title":"Spotkania z mieszka\u0144cami Podkarpacia: 1-31 pa\u017adziernika &#8211; Marek Kuchci\u0144ski","robots":{"index":"index","follow":"follow","max-snippet":"max-snippet:-1","max-image-preview":"max-image-preview:large","max-video-preview":"max-video-preview:-1"},"canonical":"https:\/\/marekkuchcinski.pl\/hu\/prawo-i-sprawiedliwosc\/spotkania-mieszkancami-podkarpacia-wybory-samorzadowe-2018\/","og_locale":"hu_HU","og_type":"article","og_title":"Spotkania z mieszka\u0144cami Podkarpacia: 1-31 pa\u017adziernika &#8211; Marek Kuchci\u0144ski","og_description":"1 pa\u017adziernika W\u00a0Pola\u0144czyku Marsza\u0142ek Sejmu\u00a0otworzy\u0142 konferencj\u0119 &#8222;Program dla Bieszczad&#8221; Ministerstwa Infrastruktury i Rozwoju. Marek Kuchci\u0144ski powiedzia\u0142, \u017ce konferencj\u0119 otwiera z du\u017cymi nadziejami,\u00a0poniewa\u017c dzi\u0119ki \u201eProgramowi dla Bieszczad\u201d buduje si\u0119 mark\u0119 maj\u0105c\u0105 charakteryzowa\u0107 nasz\u0105 cz\u0119\u015b\u0107 Karpat. \u201eProgram dla Bieszczad\u201d to kolejny etap w polityce rozwoju ca\u0142ych Karpat, a dzi\u015b w Pola\u0144czyku realizuj\u0105 si\u0119 wcze\u015bniejsze ministerialne zapowiedzi. Minister [&hellip;]","og_url":"https:\/\/marekkuchcinski.pl\/hu\/prawo-i-sprawiedliwosc\/spotkania-mieszkancami-podkarpacia-wybory-samorzadowe-2018\/","og_site_name":"Marek Kuchci\u0144ski","article_published_time":"2018-11-21T12:00:43+00:00","article_modified_time":"2018-11-27T09:48:46+00:00","og_image":[{"width":960,"height":720,"url":"https:\/\/marekkuchcinski.pl\/wp-content\/uploads\/2018\/11\/Jasionka-7.jpg","type":"image\/jpeg"}],"author":"admin","twitter_card":"summary_large_image","twitter_misc":{"Szerz\u0151:":"admin","Becs\u00fclt olvas\u00e1si id\u0151":"13 perc"},"schema":{"@context":"https:\/\/schema.org","@graph":[{"@type":"Article","@id":"https:\/\/marekkuchcinski.pl\/en\/prawo-i-sprawiedliwosc\/spotkania-mieszkancami-podkarpacia-wybory-samorzadowe-2018\/#article","isPartOf":{"@id":"https:\/\/marekkuchcinski.pl\/en\/prawo-i-sprawiedliwosc\/spotkania-mieszkancami-podkarpacia-wybory-samorzadowe-2018\/"},"author":{"name":"admin","@id":"https:\/\/marekkuchcinski.pl\/#\/schema\/person\/6f62700996b4d950b6ea2d1183b6c6be"},"headline":"Spotkania z mieszka\u0144cami Podkarpacia: 1-31 pa\u017adziernika","datePublished":"2018-11-21T12:00:43+00:00","dateModified":"2018-11-27T09:48:46+00:00","mainEntityOfPage":{"@id":"https:\/\/marekkuchcinski.pl\/en\/prawo-i-sprawiedliwosc\/spotkania-mieszkancami-podkarpacia-wybory-samorzadowe-2018\/"},"wordCount":2611,"commentCount":0,"publisher":{"@id":"https:\/\/marekkuchcinski.pl\/#organization"},"image":{"@id":"https:\/\/marekkuchcinski.pl\/en\/prawo-i-sprawiedliwosc\/spotkania-mieszkancami-podkarpacia-wybory-samorzadowe-2018\/#primaryimage"},"thumbnailUrl":"https:\/\/marekkuchcinski.pl\/wp-content\/uploads\/2018\/11\/Jasionka-7.jpg","articleSection":["Podkarpacie","Podsumowanie miesi\u0105ca","Prawo i Sprawiedliwo\u015b\u0107"],"inLanguage":"hu","potentialAction":[{"@type":"CommentAction","name":"Comment","target":["https:\/\/marekkuchcinski.pl\/en\/prawo-i-sprawiedliwosc\/spotkania-mieszkancami-podkarpacia-wybory-samorzadowe-2018\/#respond"]}]},{"@type":"WebPage","@id":"https:\/\/marekkuchcinski.pl\/en\/prawo-i-sprawiedliwosc\/spotkania-mieszkancami-podkarpacia-wybory-samorzadowe-2018\/","url":"https:\/\/marekkuchcinski.pl\/en\/prawo-i-sprawiedliwosc\/spotkania-mieszkancami-podkarpacia-wybory-samorzadowe-2018\/","name":"Spotkania z mieszka\u0144cami Podkarpacia: 1-31 pa\u017adziernika &#8211; Marek Kuchci\u0144ski","isPartOf":{"@id":"https:\/\/marekkuchcinski.pl\/#website"},"primaryImageOfPage":{"@id":"https:\/\/marekkuchcinski.pl\/en\/prawo-i-sprawiedliwosc\/spotkania-mieszkancami-podkarpacia-wybory-samorzadowe-2018\/#primaryimage"},"image":{"@id":"https:\/\/marekkuchcinski.pl\/en\/prawo-i-sprawiedliwosc\/spotkania-mieszkancami-podkarpacia-wybory-samorzadowe-2018\/#primaryimage"},"thumbnailUrl":"https:\/\/marekkuchcinski.pl\/wp-content\/uploads\/2018\/11\/Jasionka-7.jpg","datePublished":"2018-11-21T12:00:43+00:00","dateModified":"2018-11-27T09:48:46+00:00","breadcrumb":{"@id":"https:\/\/marekkuchcinski.pl\/en\/prawo-i-sprawiedliwosc\/spotkania-mieszkancami-podkarpacia-wybory-samorzadowe-2018\/#breadcrumb"},"inLanguage":"hu","potentialAction":[{"@type":"ReadAction","target":["https:\/\/marekkuchcinski.pl\/en\/prawo-i-sprawiedliwosc\/spotkania-mieszkancami-podkarpacia-wybory-samorzadowe-2018\/"]}]},{"@type":"ImageObject","inLanguage":"hu","@id":"https:\/\/marekkuchcinski.pl\/en\/prawo-i-sprawiedliwosc\/spotkania-mieszkancami-podkarpacia-wybory-samorzadowe-2018\/#primaryimage","url":"https:\/\/marekkuchcinski.pl\/wp-content\/uploads\/2018\/11\/Jasionka-7.jpg","contentUrl":"https:\/\/marekkuchcinski.pl\/wp-content\/uploads\/2018\/11\/Jasionka-7.jpg","width":960,"height":720},{"@type":"BreadcrumbList","@id":"https:\/\/marekkuchcinski.pl\/en\/prawo-i-sprawiedliwosc\/spotkania-mieszkancami-podkarpacia-wybory-samorzadowe-2018\/#breadcrumb","itemListElement":[{"@type":"ListItem","position":1,"name":"Strona g\u0142\u00f3wna","item":"https:\/\/marekkuchcinski.pl\/"},{"@type":"ListItem","position":2,"name":"Spotkania z mieszka\u0144cami Podkarpacia: 1-31 pa\u017adziernika"}]},{"@type":"WebSite","@id":"https:\/\/marekkuchcinski.pl\/#website","url":"https:\/\/marekkuchcinski.pl\/","name":"Marek Kuchci\u0144ski","description":"Pose\u0142 na sejm RP &ndash; okr\u0119g nr 22","publisher":{"@id":"https:\/\/marekkuchcinski.pl\/#organization"},"potentialAction":[{"@type":"SearchAction","target":{"@type":"EntryPoint","urlTemplate":"https:\/\/marekkuchcinski.pl\/?s={search_term_string}"},"query-input":{"@type":"PropertyValueSpecification","valueRequired":true,"valueName":"search_term_string"}}],"inLanguage":"hu"},{"@type":"Organization","@id":"https:\/\/marekkuchcinski.pl\/#organization","name":"Marek Kuchci\u0144ski","url":"https:\/\/marekkuchcinski.pl\/","logo":{"@type":"ImageObject","inLanguage":"hu","@id":"https:\/\/marekkuchcinski.pl\/#\/schema\/logo\/image\/","url":"https:\/\/marekkuchcinski.pl\/wp-content\/uploads\/2022\/09\/Marek.jpg","contentUrl":"https:\/\/marekkuchcinski.pl\/wp-content\/uploads\/2022\/09\/Marek.jpg","width":1600,"height":971,"caption":"Marek Kuchci\u0144ski"},"image":{"@id":"https:\/\/marekkuchcinski.pl\/#\/schema\/logo\/image\/"}},{"@type":"Person","@id":"https:\/\/marekkuchcinski.pl\/#\/schema\/person\/6f62700996b4d950b6ea2d1183b6c6be","name":"admin","image":{"@type":"ImageObject","inLanguage":"hu","@id":"https:\/\/marekkuchcinski.pl\/#\/schema\/person\/image\/","url":"https:\/\/secure.gravatar.com\/avatar\/4bab693b9d55c3d6b52c0296a8765085?s=96&d=mm&r=g","contentUrl":"https:\/\/secure.gravatar.com\/avatar\/4bab693b9d55c3d6b52c0296a8765085?s=96&d=mm&r=g","caption":"admin"},"url":"https:\/\/marekkuchcinski.pl\/hu\/author\/marta-olejnik\/"}]}},"_links":{"self":[{"href":"https:\/\/marekkuchcinski.pl\/hu\/wp-json\/wp\/v2\/posts\/10784","targetHints":{"allow":["GET"]}}],"collection":[{"href":"https:\/\/marekkuchcinski.pl\/hu\/wp-json\/wp\/v2\/posts"}],"about":[{"href":"https:\/\/marekkuchcinski.pl\/hu\/wp-json\/wp\/v2\/types\/post"}],"author":[{"embeddable":true,"href":"https:\/\/marekkuchcinski.pl\/hu\/wp-json\/wp\/v2\/users\/6"}],"replies":[{"embeddable":true,"href":"https:\/\/marekkuchcinski.pl\/hu\/wp-json\/wp\/v2\/comments?post=10784"}],"version-history":[{"count":88,"href":"https:\/\/marekkuchcinski.pl\/hu\/wp-json\/wp\/v2\/posts\/10784\/revisions"}],"predecessor-version":[{"id":11318,"href":"https:\/\/marekkuchcinski.pl\/hu\/wp-json\/wp\/v2\/posts\/10784\/revisions\/11318"}],"wp:featuredmedia":[{"embeddable":true,"href":"https:\/\/marekkuchcinski.pl\/hu\/wp-json\/wp\/v2\/media\/10804"}],"wp:attachment":[{"href":"https:\/\/marekkuchcinski.pl\/hu\/wp-json\/wp\/v2\/media?parent=10784"}],"wp:term":[{"taxonomy":"category","embeddable":true,"href":"https:\/\/marekkuchcinski.pl\/hu\/wp-json\/wp\/v2\/categories?post=10784"},{"taxonomy":"post_tag","embeddable":true,"href":"https:\/\/marekkuchcinski.pl\/hu\/wp-json\/wp\/v2\/tags?post=10784"}],"curies":[{"name":"wp","href":"https:\/\/api.w.org\/{rel}","templated":true}]}}