{"id":10774,"date":"2018-11-16T13:58:15","date_gmt":"2018-11-16T12:58:15","guid":{"rendered":"https:\/\/marekkuchcinski.pl\/?p=10774"},"modified":"2018-11-16T14:29:43","modified_gmt":"2018-11-16T13:29:43","slug":"pazdziernikowe-darmowe-porady-prawne-biurze-poselskim-marka-kuchcinskiego","status":"publish","type":"post","link":"https:\/\/marekkuchcinski.pl\/hu\/wydarzenia\/pazdziernikowe-darmowe-porady-prawne-biurze-poselskim-marka-kuchcinskiego\/","title":{"rendered":"Ingyenes jogi tan\u00e1csad\u00e1s okt\u00f3berben Marek Kuchci\u0144ski parlamenti irod\u00e1j\u00e1ban"},"content":{"rendered":"<p><strong>A PiS Jogi Intervenci\u00f3s \u00e9s Tan\u00e1csad\u00f3 Irod\u00e1ja Przemy\u015blben Marek Kuchci\u0144ski eur\u00f3pai parlamenti k\u00e9pvisel\u0151 parlamenti munkater\u00fclete. R\u00e9szt vesz a Podkarpatszkaja vajdas\u00e1g \u00e9s a region\u00e1lis politika probl\u00e9m\u00e1inak megold\u00e1s\u00e1ban.<\/strong><\/p>\n<p><strong>A hivatal seg\u00edts\u00e9get ny\u00fajt mindazoknak, akiket a hat\u00f3s\u00e1gok \u00e9s int\u00e9zm\u00e9nyek igazs\u00e1gtalans\u00e1ga, hozz\u00e1 nem \u00e9rt\u00e9se vagy arroganci\u00e1ja \u00e9rint, \u00e9s akiknek \u00fatmutat\u00e1sra van sz\u00fcks\u00e9g\u00fck jogaik gyakorl\u00e1s\u00e1hoz. Nemzetis\u00e9gt\u0151l, politikai n\u00e9zett\u0151l vagy t\u00e1rsadalmi st\u00e1tuszt\u00f3l f\u00fcggetlen\u00fcl.<\/strong><\/p>\n<p><strong>Ez a seg\u00edts\u00e9gny\u00fajt\u00e1s ingyenes jogi tan\u00e1csad\u00e1sb\u00f3l, beadv\u00e1nyok \u00e9s adminisztrat\u00edv dokumentumok elk\u00e9sz\u00edt\u00e9s\u00e9b\u0151l, valamint - amennyiben sz\u00fcks\u00e9ges - sz\u00fcks\u00e9g eset\u00e9n beavatkoz\u00e1sb\u00f3l \u00e1ll.<\/strong><\/p>\n<p>Okt\u00f3berben 41 \u00fcl\u00e9st tartottak. Sz\u00e1mos \u00fcgy fogyaszt\u00f3i cs\u0151delj\u00e1r\u00e1sra vonatkozott. Egyre t\u00f6bben k\u00e9rnek seg\u00edts\u00e9get ad\u00f3ss\u00e1gaik elenged\u00e9s\u00e9hez an\u00e9lk\u00fcl, hogy tiszt\u00e1ban lenn\u00e9nek azzal, hogy a fogyaszt\u00f3i cs\u0151d val\u00f3j\u00e1ban mivel j\u00e1r. A b\u00edr\u00f3s\u00e1ghoz cs\u0151dbejelent\u00e9si k\u00e9relmet kell beny\u00fajtani, \u00e9s ad\u00f3ss\u00e1gelenged\u00e9s vagy r\u00e9szletfizet\u00e9s csak nem \u00f6nk\u00e9ntes fizet\u00e9sk\u00e9ptelens\u00e9g eset\u00e9n lehets\u00e9ges, pl. \u00f6r\u00f6k\u00f6lt ad\u00f3ss\u00e1g, hirtelen betegs\u00e9g vagy munkahely elveszt\u00e9se eset\u00e9n. Sok ilyen tal\u00e1lkoz\u00f3 ez\u00e9rt t\u00e1j\u00e9koztat\u00f3 jelleg\u0171, mivel nem minden szem\u00e9ly felel meg a cs\u0151d bejelent\u00e9s\u00e9nek felt\u00e9teleinek. A megvitatott k\u00e9rd\u00e9sek nagyr\u00e9szt csal\u00e1di \u00fcgyekre, azaz a v\u00e1l\u00e1sra vagy a kiskor\u00fa gyermekek tart\u00e1sd\u00edj\u00e1ra vonatkoztak.<\/p>\n<p><strong>\u00a0<\/strong>A PIS Przemy\u015blben, Marek Kuchci\u0144ski, a szejm eln\u00f6k\u00e9nek parlamenti irod\u00e1j\u00e1ban Przemy\u015blben m\u0171k\u00f6d\u0151 PIS Intervenci\u00f3s \u00e9s Tan\u00e1csad\u00f3 Iroda a 2018.10.01. \u00e9s 2018.10.31. k\u00f6z\u00f6tti id\u0151szakban jogi tan\u00e1csad\u00e1st ny\u00fajtott az al\u00e1bbi t\u00e9m\u00e1kkal kapcsolatos \u00fcgyekben is:<\/p>\n<ol>\n<li>b\u00fcntet\u0151- \u00e9s szab\u00e1lys\u00e9rt\u00e9si jog;<\/li>\n<li>a polg\u00e1ri jog \u00e1ltal\u00e1nos hat\u00e1lya;<\/li>\n<li>csal\u00e1djog;<\/li>\n<li>k\u00f6zigazgat\u00e1si jog;<\/li>\n<li>munka\u00fcgyi \u00e9s t\u00e1rsadalombiztos\u00edt\u00e1si jog;<\/li>\n<\/ol>\n<p>&nbsp;<\/p>\n<p>A fenti pontokat szem el\u0151tt tartva az \u00e9rintett tan\u00e1csok:<\/p>\n<p>&nbsp;<\/p>\n<p><strong>T\u00e1rgy 1. A b\u00fcntet\u0151- \u00e9s szab\u00e1lys\u00e9rt\u00e9si jog ter\u00fclet\u00e9r\u0151l:<\/strong><\/p>\n<ul>\n<li>panaszok a rend\u0151rs\u00e9g ellen;<\/li>\n<li>a b\u00fcntet\u0151elj\u00e1r\u00e1s folytat\u00e1sa;<\/li>\n<li>a k\u00e9nyszer\u00edt\u0151 b\u00edrs\u00e1g elenged\u00e9se;<\/li>\n<li>gy\u00fajtogat\u00e1s;<\/li>\n<\/ul>\n<p><strong>A 2. t\u00e1rgyhoz Az \u00e1ltal\u00e1nos polg\u00e1ri jogr\u00f3l:<\/strong><\/p>\n<ul>\n<li>ut\u00f3dl\u00e1si \u00fcgyek;<\/li>\n<li>fogyaszt\u00f3i cs\u0151d;<\/li>\n<li>panaszok a b\u00edr\u00f3 cselekedetei ellen;<\/li>\n<li>az adom\u00e1nyoz\u00e1s t\u00f6rl\u00e9se<\/li>\n<li>a tulajdon v\u00e9delme;<\/li>\n<li>kilakoltat\u00e1sok;<\/li>\n<li>a h\u00e1tral\u00e9k kifizet\u00e9se;<\/li>\n<li>az okozott k\u00e1r megt\u00e9r\u00edt\u00e9se;<\/li>\n<li>a tartoz\u00e1s el\u00e9v\u00fcl\u00e9se;<\/li>\n<\/ul>\n<p><strong>Ad 3. A csal\u00e1djogr\u00f3l:<\/strong><\/p>\n<ul>\n<li>a tart\u00e1sd\u00edj emel\u00e9se;<\/li>\n<li>v\u00e1l\u00e1s;<\/li>\n<li>sz\u00e9tv\u00e1laszt\u00e1s;<\/li>\n<li>a tart\u00e1si k\u00f6vetel\u00e9s biztos\u00edt\u00e9ka a t\u00e1rgyal\u00e1s id\u0151tartam\u00e1ra<\/li>\n<\/ul>\n<p><strong>Ad 4. A k\u00f6zigazgat\u00e1si jog ter\u00fclet\u00e9n:<\/strong><\/p>\n<ul>\n<li>az 500+ oda\u00edt\u00e9l\u00e9se;<\/li>\n<li>kisaj\u00e1t\u00edt\u00e1s;<\/li>\n<li>az egy\u00fcttm\u0171k\u00f6d\u0151 dokumentumokhoz val\u00f3 hozz\u00e1f\u00e9r\u00e9s;<\/li>\n<li>a volt Szovjetuni\u00f3 tulajdon\u00e1t;<\/li>\n<li>helytelen parkol\u00e1s;<\/li>\n<li>\u00e1llampolg\u00e1rs\u00e1g megad\u00e1sa;<\/li>\n<\/ul>\n<p><strong>Ad. 5 A munkajogr\u00f3l \u00e9s a szoci\u00e1lis biztons\u00e1gr\u00f3l: <\/strong><\/p>\n<ul>\n<li>a munkaszerz\u0151d\u00e9s felmond\u00e1sa;<\/li>\n<li>kiv\u00e9telesen nyugd\u00edjak;<\/li>\n<li>a fogyat\u00e9koss\u00e1g m\u00e9rt\u00e9ke<\/li>\n<\/ul>\n<p>Okt\u00f3berben mer\u00fclt fel el\u0151sz\u00f6r a lengyel \u00e1llampolg\u00e1rs\u00e1g megad\u00e1s\u00e1nak k\u00e9rd\u00e9se. A k\u00e9rd\u00e9ses k\u00e9rd\u00e9st a lengyel \u00e1llampolg\u00e1rs\u00e1gr\u00f3l sz\u00f3l\u00f3 2009. \u00e1prilis 2-i t\u00f6rv\u00e9ny szab\u00e1lyozza.<\/p>\n<p>Az \u00e1llampolg\u00e1rs\u00e1got \u00e1ltal\u00e1ban v\u00e9rszerz\u0151d\u00e9ssel szerzik meg, azaz a gyermek a t\u00f6rv\u00e9ny erej\u00e9n\u00e9l fogva szerzi meg a lengyel \u00e1llampolg\u00e1rs\u00e1got olyan sz\u00fcl\u0151t\u0151l val\u00f3 sz\u00fclet\u00e9ssel, akik k\u00f6z\u00fcl legal\u00e1bb az egyik lengyel \u00e1llampolg\u00e1r, f\u00fcggetlen\u00fcl att\u00f3l, hogy a gyermek hol sz\u00fcletett Lengyelorsz\u00e1gban vagy k\u00fclf\u00f6ld\u00f6n. A ter\u00fclet elve akkor is alkalmazhat\u00f3, ha a gyermek a Lengyel K\u00f6zt\u00e1rsas\u00e1g ter\u00fclet\u00e9n sz\u00fcletik vagy tal\u00e1lhat\u00f3, \u00e9s mindk\u00e9t sz\u00fcl\u0151je ismeretlen, vagy \u00e1llampolg\u00e1rs\u00e1ga meghat\u00e1rozatlan, vagy nem rendelkeznek \u00e1llampolg\u00e1rs\u00e1ggal. Az \u00e1llampolg\u00e1rs\u00e1g megszerz\u00e9s\u00e9t a gyermek 16. \u00e9let\u00e9v\u00e9nek bet\u00f6lt\u00e9se el\u0151tti teljes \u00f6r\u00f6kbefogad\u00e1s is garant\u00e1lja.<\/p>\n<p>Azok a szem\u00e9lyek, akik nem felelnek meg a fenti felt\u00e9teleknek, a Lengyel K\u00f6zt\u00e1rsas\u00e1g eln\u00f6k\u00e9hez fordulhatnak \u00e1llampolg\u00e1rs\u00e1g\u00e9rt. A lengyel \u00e1llampolg\u00e1rs\u00e1g ir\u00e1nti k\u00e9relmet a tartom\u00e1nyi korm\u00e1nyz\u00f3 vagy konzul \u00fatj\u00e1n, szem\u00e9lyesen vagy postai \u00faton, hivatalosan hiteles\u00edtett al\u00e1\u00edr\u00e1ssal kell beny\u00fajtani. A Lengyel K\u00f6zt\u00e1rsas\u00e1g eln\u00f6ke hat\u00e1rozat form\u00e1j\u00e1ban adja meg a lengyel \u00e1llampolg\u00e1rs\u00e1got, vagy tagadja meg annak megad\u00e1s\u00e1t. A k\u00fclf\u00f6ldi azon a napon szerzi meg a lengyel \u00e1llampolg\u00e1rs\u00e1got, amikor a Lengyel K\u00f6zt\u00e1rsas\u00e1g eln\u00f6ke hat\u00e1rozatot hoz a lengyel \u00e1llampolg\u00e1rs\u00e1g megad\u00e1s\u00e1r\u00f3l.<\/p>\n<p><a href=\"https:\/\/marekkuchcinski.pl\/wp-content\/uploads\/2018\/11\/li\u015b\u01073.jpg\"><img fetchpriority=\"high\" decoding=\"async\" class=\"alignnone size-full wp-image-10780\" src=\"https:\/\/marekkuchcinski.pl\/wp-content\/uploads\/2018\/11\/li\u015b\u01073.jpg\" alt=\"li\u015b\u01073\" width=\"2693\" height=\"1733\" srcset=\"https:\/\/marekkuchcinski.pl\/wp-content\/uploads\/2018\/11\/li\u015b\u01073.jpg 2048w, https:\/\/marekkuchcinski.pl\/wp-content\/uploads\/2018\/11\/li\u015b\u01073-300x193.jpg 300w, https:\/\/marekkuchcinski.pl\/wp-content\/uploads\/2018\/11\/li\u015b\u01073-768x494.jpg 768w, https:\/\/marekkuchcinski.pl\/wp-content\/uploads\/2018\/11\/li\u015b\u01073-1024x659.jpg 1024w\" sizes=\"(max-width: 2693px) 100vw, 2693px\" \/><\/a><\/p>\n<p><a href=\"https:\/\/marekkuchcinski.pl\/wp-content\/uploads\/2018\/11\/Li\u015b\u0107-2.jpg\"><img decoding=\"async\" class=\"alignnone size-full wp-image-10779\" src=\"https:\/\/marekkuchcinski.pl\/wp-content\/uploads\/2018\/11\/Li\u015b\u0107-2.jpg\" alt=\"Li\u015b\u0107 2\" width=\"2319\" height=\"1527\" srcset=\"https:\/\/marekkuchcinski.pl\/wp-content\/uploads\/2018\/11\/Li\u015b\u0107-2.jpg 2048w, https:\/\/marekkuchcinski.pl\/wp-content\/uploads\/2018\/11\/Li\u015b\u0107-2-300x198.jpg 300w, https:\/\/marekkuchcinski.pl\/wp-content\/uploads\/2018\/11\/Li\u015b\u0107-2-768x506.jpg 768w, https:\/\/marekkuchcinski.pl\/wp-content\/uploads\/2018\/11\/Li\u015b\u0107-2-1024x674.jpg 1024w\" sizes=\"(max-width: 2319px) 100vw, 2319px\" \/><\/a><\/p>","protected":false},"excerpt":{"rendered":"<p>Biuro Interwencji i Porad Prawnych PiS w Przemy\u015blu jest stref\u0105 parlamentarnej pracy pos\u0142a Marka Kuchci\u0144skiego. Anga\u017cuje si\u0119 ono w rozwi\u0105zywanie problem\u00f3w wojew\u00f3dztwa podkarpackiego i polityki regionalnej. Biuro s\u0142u\u017cy pomoc\u0105 ka\u017cdemu, kogo dotkn\u0119\u0142a niesprawiedliwo\u015b\u0107, niekompetencja lub arogancja urz\u0119d\u00f3w i instytucji, kto potrzebuje wskaz\u00f3wki w korzystaniu z przys\u0142uguj\u0105cych mu praw. Bez wzgl\u0119du na narodowo\u015b\u0107, pogl\u0105dy polityczne czy [&hellip;]<\/p>","protected":false},"author":6,"featured_media":10782,"comment_status":"open","ping_status":"open","sticky":false,"template":"","format":"standard","meta":{"ngg_post_thumbnail":0,"footnotes":""},"categories":[79,49,82,3],"tags":[],"class_list":["post-10774","post","type-post","status-publish","format-standard","has-post-thumbnail","hentry","category-biuro-interwencji-i-porad-pis","category-podkarpacie","category-prawo-i-sprawiedliwosc","category-wydarzenia"],"yoast_head":"<!-- This site is optimized with the Yoast SEO plugin v24.7 - https:\/\/yoast.com\/wordpress\/plugins\/seo\/ -->\n<title>Pa\u017adziernikowe darmowe porady prawne w biurze poselskim Marka Kuchci\u0144skiego &#8211; Marek Kuchci\u0144ski<\/title>\n<meta name=\"robots\" content=\"index, follow, max-snippet:-1, max-image-preview:large, max-video-preview:-1\" \/>\n<link rel=\"canonical\" href=\"https:\/\/marekkuchcinski.pl\/hu\/wydarzenia\/pazdziernikowe-darmowe-porady-prawne-biurze-poselskim-marka-kuchcinskiego\/\" \/>\n<meta property=\"og:locale\" content=\"hu_HU\" \/>\n<meta property=\"og:type\" content=\"article\" \/>\n<meta property=\"og:title\" content=\"Pa\u017adziernikowe darmowe porady prawne w biurze poselskim Marka Kuchci\u0144skiego &#8211; Marek Kuchci\u0144ski\" \/>\n<meta property=\"og:description\" content=\"Biuro Interwencji i Porad Prawnych PiS w Przemy\u015blu jest stref\u0105 parlamentarnej pracy pos\u0142a Marka Kuchci\u0144skiego. Anga\u017cuje si\u0119 ono w rozwi\u0105zywanie problem\u00f3w wojew\u00f3dztwa podkarpackiego i polityki regionalnej. Biuro s\u0142u\u017cy pomoc\u0105 ka\u017cdemu, kogo dotkn\u0119\u0142a niesprawiedliwo\u015b\u0107, niekompetencja lub arogancja urz\u0119d\u00f3w i instytucji, kto potrzebuje wskaz\u00f3wki w korzystaniu z przys\u0142uguj\u0105cych mu praw. Bez wzgl\u0119du na narodowo\u015b\u0107, pogl\u0105dy polityczne czy [&hellip;]\" \/>\n<meta property=\"og:url\" content=\"https:\/\/marekkuchcinski.pl\/hu\/wydarzenia\/pazdziernikowe-darmowe-porady-prawne-biurze-poselskim-marka-kuchcinskiego\/\" \/>\n<meta property=\"og:site_name\" content=\"Marek Kuchci\u0144ski\" \/>\n<meta property=\"article:published_time\" content=\"2018-11-16T12:58:15+00:00\" \/>\n<meta property=\"article:modified_time\" content=\"2018-11-16T13:29:43+00:00\" \/>\n<meta property=\"og:image\" content=\"https:\/\/marekkuchcinski.pl\/wp-content\/uploads\/2018\/11\/Li\u015b\u0107-2-1.jpg\" \/>\n\t<meta property=\"og:image:width\" content=\"2048\" \/>\n\t<meta property=\"og:image:height\" content=\"1349\" \/>\n\t<meta property=\"og:image:type\" content=\"image\/jpeg\" \/>\n<meta name=\"author\" content=\"admin\" \/>\n<meta name=\"twitter:card\" content=\"summary_large_image\" \/>\n<meta name=\"twitter:label1\" content=\"Szerz\u0151:\" \/>\n\t<meta name=\"twitter:data1\" content=\"admin\" \/>\n\t<meta name=\"twitter:label2\" content=\"Becs\u00fclt olvas\u00e1si id\u0151\" \/>\n\t<meta name=\"twitter:data2\" content=\"3 perc\" \/>\n<script type=\"application\/ld+json\" class=\"yoast-schema-graph\">{\"@context\":\"https:\/\/schema.org\",\"@graph\":[{\"@type\":\"Article\",\"@id\":\"https:\/\/marekkuchcinski.pl\/sk\/wydarzenia\/pazdziernikowe-darmowe-porady-prawne-biurze-poselskim-marka-kuchcinskiego\/#article\",\"isPartOf\":{\"@id\":\"https:\/\/marekkuchcinski.pl\/sk\/wydarzenia\/pazdziernikowe-darmowe-porady-prawne-biurze-poselskim-marka-kuchcinskiego\/\"},\"author\":{\"name\":\"admin\",\"@id\":\"https:\/\/marekkuchcinski.pl\/#\/schema\/person\/6f62700996b4d950b6ea2d1183b6c6be\"},\"headline\":\"Pa\u017adziernikowe darmowe porady prawne w biurze poselskim Marka Kuchci\u0144skiego\",\"datePublished\":\"2018-11-16T12:58:15+00:00\",\"dateModified\":\"2018-11-16T13:29:43+00:00\",\"mainEntityOfPage\":{\"@id\":\"https:\/\/marekkuchcinski.pl\/sk\/wydarzenia\/pazdziernikowe-darmowe-porady-prawne-biurze-poselskim-marka-kuchcinskiego\/\"},\"wordCount\":647,\"commentCount\":0,\"publisher\":{\"@id\":\"https:\/\/marekkuchcinski.pl\/#organization\"},\"image\":{\"@id\":\"https:\/\/marekkuchcinski.pl\/sk\/wydarzenia\/pazdziernikowe-darmowe-porady-prawne-biurze-poselskim-marka-kuchcinskiego\/#primaryimage\"},\"thumbnailUrl\":\"https:\/\/marekkuchcinski.pl\/wp-content\/uploads\/2018\/11\/Li\u015b\u0107-2-1.jpg\",\"articleSection\":[\"Biuro Interwencji i Porad Prawnych\",\"Podkarpacie\",\"Prawo i Sprawiedliwo\u015b\u0107\",\"Wydarzenia\"],\"inLanguage\":\"hu\",\"potentialAction\":[{\"@type\":\"CommentAction\",\"name\":\"Comment\",\"target\":[\"https:\/\/marekkuchcinski.pl\/sk\/wydarzenia\/pazdziernikowe-darmowe-porady-prawne-biurze-poselskim-marka-kuchcinskiego\/#respond\"]}]},{\"@type\":\"WebPage\",\"@id\":\"https:\/\/marekkuchcinski.pl\/sk\/wydarzenia\/pazdziernikowe-darmowe-porady-prawne-biurze-poselskim-marka-kuchcinskiego\/\",\"url\":\"https:\/\/marekkuchcinski.pl\/sk\/wydarzenia\/pazdziernikowe-darmowe-porady-prawne-biurze-poselskim-marka-kuchcinskiego\/\",\"name\":\"Pa\u017adziernikowe darmowe porady prawne w biurze poselskim Marka Kuchci\u0144skiego &#8211; Marek Kuchci\u0144ski\",\"isPartOf\":{\"@id\":\"https:\/\/marekkuchcinski.pl\/#website\"},\"primaryImageOfPage\":{\"@id\":\"https:\/\/marekkuchcinski.pl\/sk\/wydarzenia\/pazdziernikowe-darmowe-porady-prawne-biurze-poselskim-marka-kuchcinskiego\/#primaryimage\"},\"image\":{\"@id\":\"https:\/\/marekkuchcinski.pl\/sk\/wydarzenia\/pazdziernikowe-darmowe-porady-prawne-biurze-poselskim-marka-kuchcinskiego\/#primaryimage\"},\"thumbnailUrl\":\"https:\/\/marekkuchcinski.pl\/wp-content\/uploads\/2018\/11\/Li\u015b\u0107-2-1.jpg\",\"datePublished\":\"2018-11-16T12:58:15+00:00\",\"dateModified\":\"2018-11-16T13:29:43+00:00\",\"breadcrumb\":{\"@id\":\"https:\/\/marekkuchcinski.pl\/sk\/wydarzenia\/pazdziernikowe-darmowe-porady-prawne-biurze-poselskim-marka-kuchcinskiego\/#breadcrumb\"},\"inLanguage\":\"hu\",\"potentialAction\":[{\"@type\":\"ReadAction\",\"target\":[\"https:\/\/marekkuchcinski.pl\/sk\/wydarzenia\/pazdziernikowe-darmowe-porady-prawne-biurze-poselskim-marka-kuchcinskiego\/\"]}]},{\"@type\":\"ImageObject\",\"inLanguage\":\"hu\",\"@id\":\"https:\/\/marekkuchcinski.pl\/sk\/wydarzenia\/pazdziernikowe-darmowe-porady-prawne-biurze-poselskim-marka-kuchcinskiego\/#primaryimage\",\"url\":\"https:\/\/marekkuchcinski.pl\/wp-content\/uploads\/2018\/11\/Li\u015b\u0107-2-1.jpg\",\"contentUrl\":\"https:\/\/marekkuchcinski.pl\/wp-content\/uploads\/2018\/11\/Li\u015b\u0107-2-1.jpg\",\"width\":2048,\"height\":1349},{\"@type\":\"BreadcrumbList\",\"@id\":\"https:\/\/marekkuchcinski.pl\/sk\/wydarzenia\/pazdziernikowe-darmowe-porady-prawne-biurze-poselskim-marka-kuchcinskiego\/#breadcrumb\",\"itemListElement\":[{\"@type\":\"ListItem\",\"position\":1,\"name\":\"Strona g\u0142\u00f3wna\",\"item\":\"https:\/\/marekkuchcinski.pl\/\"},{\"@type\":\"ListItem\",\"position\":2,\"name\":\"Pa\u017adziernikowe darmowe porady prawne w biurze poselskim Marka Kuchci\u0144skiego\"}]},{\"@type\":\"WebSite\",\"@id\":\"https:\/\/marekkuchcinski.pl\/#website\",\"url\":\"https:\/\/marekkuchcinski.pl\/\",\"name\":\"Marek Kuchci\u0144ski\",\"description\":\"Pose\u0142 na sejm RP &ndash; okr\u0119g nr 22\",\"publisher\":{\"@id\":\"https:\/\/marekkuchcinski.pl\/#organization\"},\"potentialAction\":[{\"@type\":\"SearchAction\",\"target\":{\"@type\":\"EntryPoint\",\"urlTemplate\":\"https:\/\/marekkuchcinski.pl\/?s={search_term_string}\"},\"query-input\":{\"@type\":\"PropertyValueSpecification\",\"valueRequired\":true,\"valueName\":\"search_term_string\"}}],\"inLanguage\":\"hu\"},{\"@type\":\"Organization\",\"@id\":\"https:\/\/marekkuchcinski.pl\/#organization\",\"name\":\"Marek Kuchci\u0144ski\",\"url\":\"https:\/\/marekkuchcinski.pl\/\",\"logo\":{\"@type\":\"ImageObject\",\"inLanguage\":\"hu\",\"@id\":\"https:\/\/marekkuchcinski.pl\/#\/schema\/logo\/image\/\",\"url\":\"https:\/\/marekkuchcinski.pl\/wp-content\/uploads\/2022\/09\/Marek.jpg\",\"contentUrl\":\"https:\/\/marekkuchcinski.pl\/wp-content\/uploads\/2022\/09\/Marek.jpg\",\"width\":1600,\"height\":971,\"caption\":\"Marek Kuchci\u0144ski\"},\"image\":{\"@id\":\"https:\/\/marekkuchcinski.pl\/#\/schema\/logo\/image\/\"}},{\"@type\":\"Person\",\"@id\":\"https:\/\/marekkuchcinski.pl\/#\/schema\/person\/6f62700996b4d950b6ea2d1183b6c6be\",\"name\":\"admin\",\"image\":{\"@type\":\"ImageObject\",\"inLanguage\":\"hu\",\"@id\":\"https:\/\/marekkuchcinski.pl\/#\/schema\/person\/image\/\",\"url\":\"https:\/\/secure.gravatar.com\/avatar\/4bab693b9d55c3d6b52c0296a8765085?s=96&d=mm&r=g\",\"contentUrl\":\"https:\/\/secure.gravatar.com\/avatar\/4bab693b9d55c3d6b52c0296a8765085?s=96&d=mm&r=g\",\"caption\":\"admin\"},\"url\":\"https:\/\/marekkuchcinski.pl\/hu\/author\/marta-olejnik\/\"}]}<\/script>\n<!-- \/ Yoast SEO plugin. -->","yoast_head_json":{"title":"Pa\u017adziernikowe darmowe porady prawne w biurze poselskim Marka Kuchci\u0144skiego &#8211; Marek Kuchci\u0144ski","robots":{"index":"index","follow":"follow","max-snippet":"max-snippet:-1","max-image-preview":"max-image-preview:large","max-video-preview":"max-video-preview:-1"},"canonical":"https:\/\/marekkuchcinski.pl\/hu\/wydarzenia\/pazdziernikowe-darmowe-porady-prawne-biurze-poselskim-marka-kuchcinskiego\/","og_locale":"hu_HU","og_type":"article","og_title":"Pa\u017adziernikowe darmowe porady prawne w biurze poselskim Marka Kuchci\u0144skiego &#8211; Marek Kuchci\u0144ski","og_description":"Biuro Interwencji i Porad Prawnych PiS w Przemy\u015blu jest stref\u0105 parlamentarnej pracy pos\u0142a Marka Kuchci\u0144skiego. Anga\u017cuje si\u0119 ono w rozwi\u0105zywanie problem\u00f3w wojew\u00f3dztwa podkarpackiego i polityki regionalnej. Biuro s\u0142u\u017cy pomoc\u0105 ka\u017cdemu, kogo dotkn\u0119\u0142a niesprawiedliwo\u015b\u0107, niekompetencja lub arogancja urz\u0119d\u00f3w i instytucji, kto potrzebuje wskaz\u00f3wki w korzystaniu z przys\u0142uguj\u0105cych mu praw. Bez wzgl\u0119du na narodowo\u015b\u0107, pogl\u0105dy polityczne czy [&hellip;]","og_url":"https:\/\/marekkuchcinski.pl\/hu\/wydarzenia\/pazdziernikowe-darmowe-porady-prawne-biurze-poselskim-marka-kuchcinskiego\/","og_site_name":"Marek Kuchci\u0144ski","article_published_time":"2018-11-16T12:58:15+00:00","article_modified_time":"2018-11-16T13:29:43+00:00","og_image":[{"width":2048,"height":1349,"url":"https:\/\/marekkuchcinski.pl\/wp-content\/uploads\/2018\/11\/Li\u015b\u0107-2-1.jpg","type":"image\/jpeg"}],"author":"admin","twitter_card":"summary_large_image","twitter_misc":{"Szerz\u0151:":"admin","Becs\u00fclt olvas\u00e1si id\u0151":"3 perc"},"schema":{"@context":"https:\/\/schema.org","@graph":[{"@type":"Article","@id":"https:\/\/marekkuchcinski.pl\/sk\/wydarzenia\/pazdziernikowe-darmowe-porady-prawne-biurze-poselskim-marka-kuchcinskiego\/#article","isPartOf":{"@id":"https:\/\/marekkuchcinski.pl\/sk\/wydarzenia\/pazdziernikowe-darmowe-porady-prawne-biurze-poselskim-marka-kuchcinskiego\/"},"author":{"name":"admin","@id":"https:\/\/marekkuchcinski.pl\/#\/schema\/person\/6f62700996b4d950b6ea2d1183b6c6be"},"headline":"Pa\u017adziernikowe darmowe porady prawne w biurze poselskim Marka Kuchci\u0144skiego","datePublished":"2018-11-16T12:58:15+00:00","dateModified":"2018-11-16T13:29:43+00:00","mainEntityOfPage":{"@id":"https:\/\/marekkuchcinski.pl\/sk\/wydarzenia\/pazdziernikowe-darmowe-porady-prawne-biurze-poselskim-marka-kuchcinskiego\/"},"wordCount":647,"commentCount":0,"publisher":{"@id":"https:\/\/marekkuchcinski.pl\/#organization"},"image":{"@id":"https:\/\/marekkuchcinski.pl\/sk\/wydarzenia\/pazdziernikowe-darmowe-porady-prawne-biurze-poselskim-marka-kuchcinskiego\/#primaryimage"},"thumbnailUrl":"https:\/\/marekkuchcinski.pl\/wp-content\/uploads\/2018\/11\/Li\u015b\u0107-2-1.jpg","articleSection":["Biuro Interwencji i Porad Prawnych","Podkarpacie","Prawo i Sprawiedliwo\u015b\u0107","Wydarzenia"],"inLanguage":"hu","potentialAction":[{"@type":"CommentAction","name":"Comment","target":["https:\/\/marekkuchcinski.pl\/sk\/wydarzenia\/pazdziernikowe-darmowe-porady-prawne-biurze-poselskim-marka-kuchcinskiego\/#respond"]}]},{"@type":"WebPage","@id":"https:\/\/marekkuchcinski.pl\/sk\/wydarzenia\/pazdziernikowe-darmowe-porady-prawne-biurze-poselskim-marka-kuchcinskiego\/","url":"https:\/\/marekkuchcinski.pl\/sk\/wydarzenia\/pazdziernikowe-darmowe-porady-prawne-biurze-poselskim-marka-kuchcinskiego\/","name":"Pa\u017adziernikowe darmowe porady prawne w biurze poselskim Marka Kuchci\u0144skiego &#8211; Marek Kuchci\u0144ski","isPartOf":{"@id":"https:\/\/marekkuchcinski.pl\/#website"},"primaryImageOfPage":{"@id":"https:\/\/marekkuchcinski.pl\/sk\/wydarzenia\/pazdziernikowe-darmowe-porady-prawne-biurze-poselskim-marka-kuchcinskiego\/#primaryimage"},"image":{"@id":"https:\/\/marekkuchcinski.pl\/sk\/wydarzenia\/pazdziernikowe-darmowe-porady-prawne-biurze-poselskim-marka-kuchcinskiego\/#primaryimage"},"thumbnailUrl":"https:\/\/marekkuchcinski.pl\/wp-content\/uploads\/2018\/11\/Li\u015b\u0107-2-1.jpg","datePublished":"2018-11-16T12:58:15+00:00","dateModified":"2018-11-16T13:29:43+00:00","breadcrumb":{"@id":"https:\/\/marekkuchcinski.pl\/sk\/wydarzenia\/pazdziernikowe-darmowe-porady-prawne-biurze-poselskim-marka-kuchcinskiego\/#breadcrumb"},"inLanguage":"hu","potentialAction":[{"@type":"ReadAction","target":["https:\/\/marekkuchcinski.pl\/sk\/wydarzenia\/pazdziernikowe-darmowe-porady-prawne-biurze-poselskim-marka-kuchcinskiego\/"]}]},{"@type":"ImageObject","inLanguage":"hu","@id":"https:\/\/marekkuchcinski.pl\/sk\/wydarzenia\/pazdziernikowe-darmowe-porady-prawne-biurze-poselskim-marka-kuchcinskiego\/#primaryimage","url":"https:\/\/marekkuchcinski.pl\/wp-content\/uploads\/2018\/11\/Li\u015b\u0107-2-1.jpg","contentUrl":"https:\/\/marekkuchcinski.pl\/wp-content\/uploads\/2018\/11\/Li\u015b\u0107-2-1.jpg","width":2048,"height":1349},{"@type":"BreadcrumbList","@id":"https:\/\/marekkuchcinski.pl\/sk\/wydarzenia\/pazdziernikowe-darmowe-porady-prawne-biurze-poselskim-marka-kuchcinskiego\/#breadcrumb","itemListElement":[{"@type":"ListItem","position":1,"name":"Strona g\u0142\u00f3wna","item":"https:\/\/marekkuchcinski.pl\/"},{"@type":"ListItem","position":2,"name":"Pa\u017adziernikowe darmowe porady prawne w biurze poselskim Marka Kuchci\u0144skiego"}]},{"@type":"WebSite","@id":"https:\/\/marekkuchcinski.pl\/#website","url":"https:\/\/marekkuchcinski.pl\/","name":"Marek Kuchci\u0144ski","description":"Pose\u0142 na sejm RP &ndash; okr\u0119g nr 22","publisher":{"@id":"https:\/\/marekkuchcinski.pl\/#organization"},"potentialAction":[{"@type":"SearchAction","target":{"@type":"EntryPoint","urlTemplate":"https:\/\/marekkuchcinski.pl\/?s={search_term_string}"},"query-input":{"@type":"PropertyValueSpecification","valueRequired":true,"valueName":"search_term_string"}}],"inLanguage":"hu"},{"@type":"Organization","@id":"https:\/\/marekkuchcinski.pl\/#organization","name":"Marek Kuchci\u0144ski","url":"https:\/\/marekkuchcinski.pl\/","logo":{"@type":"ImageObject","inLanguage":"hu","@id":"https:\/\/marekkuchcinski.pl\/#\/schema\/logo\/image\/","url":"https:\/\/marekkuchcinski.pl\/wp-content\/uploads\/2022\/09\/Marek.jpg","contentUrl":"https:\/\/marekkuchcinski.pl\/wp-content\/uploads\/2022\/09\/Marek.jpg","width":1600,"height":971,"caption":"Marek Kuchci\u0144ski"},"image":{"@id":"https:\/\/marekkuchcinski.pl\/#\/schema\/logo\/image\/"}},{"@type":"Person","@id":"https:\/\/marekkuchcinski.pl\/#\/schema\/person\/6f62700996b4d950b6ea2d1183b6c6be","name":"admin","image":{"@type":"ImageObject","inLanguage":"hu","@id":"https:\/\/marekkuchcinski.pl\/#\/schema\/person\/image\/","url":"https:\/\/secure.gravatar.com\/avatar\/4bab693b9d55c3d6b52c0296a8765085?s=96&d=mm&r=g","contentUrl":"https:\/\/secure.gravatar.com\/avatar\/4bab693b9d55c3d6b52c0296a8765085?s=96&d=mm&r=g","caption":"admin"},"url":"https:\/\/marekkuchcinski.pl\/hu\/author\/marta-olejnik\/"}]}},"_links":{"self":[{"href":"https:\/\/marekkuchcinski.pl\/hu\/wp-json\/wp\/v2\/posts\/10774","targetHints":{"allow":["GET"]}}],"collection":[{"href":"https:\/\/marekkuchcinski.pl\/hu\/wp-json\/wp\/v2\/posts"}],"about":[{"href":"https:\/\/marekkuchcinski.pl\/hu\/wp-json\/wp\/v2\/types\/post"}],"author":[{"embeddable":true,"href":"https:\/\/marekkuchcinski.pl\/hu\/wp-json\/wp\/v2\/users\/6"}],"replies":[{"embeddable":true,"href":"https:\/\/marekkuchcinski.pl\/hu\/wp-json\/wp\/v2\/comments?post=10774"}],"version-history":[{"count":4,"href":"https:\/\/marekkuchcinski.pl\/hu\/wp-json\/wp\/v2\/posts\/10774\/revisions"}],"predecessor-version":[{"id":10783,"href":"https:\/\/marekkuchcinski.pl\/hu\/wp-json\/wp\/v2\/posts\/10774\/revisions\/10783"}],"wp:featuredmedia":[{"embeddable":true,"href":"https:\/\/marekkuchcinski.pl\/hu\/wp-json\/wp\/v2\/media\/10782"}],"wp:attachment":[{"href":"https:\/\/marekkuchcinski.pl\/hu\/wp-json\/wp\/v2\/media?parent=10774"}],"wp:term":[{"taxonomy":"category","embeddable":true,"href":"https:\/\/marekkuchcinski.pl\/hu\/wp-json\/wp\/v2\/categories?post=10774"},{"taxonomy":"post_tag","embeddable":true,"href":"https:\/\/marekkuchcinski.pl\/hu\/wp-json\/wp\/v2\/tags?post=10774"}],"curies":[{"name":"wp","href":"https:\/\/api.w.org\/{rel}","templated":true}]}}