{"id":10752,"date":"2018-11-16T10:33:12","date_gmt":"2018-11-16T09:33:12","guid":{"rendered":"https:\/\/marekkuchcinski.pl\/?p=10752"},"modified":"2018-11-16T10:34:39","modified_gmt":"2018-11-16T09:34:39","slug":"uwolnic-gospodarczy-potencjal-podkarpacia","status":"publish","type":"post","link":"https:\/\/marekkuchcinski.pl\/hu\/wydarzenia\/uwolnic-gospodarczy-potencjal-podkarpacia\/","title":{"rendered":"Hogyan szabad\u00edtsuk fel Podkarpacie gazdas\u00e1gi potenci\u00e1lj\u00e1t. Az orsz\u00e1g fenntarthat\u00f3 fejl\u0151d\u00e9se a korm\u00e1ny egyik priorit\u00e1sa"},"content":{"rendered":"<p>Az \u00e9v legnagyobb gazdas\u00e1gi esem\u00e9ny\u00e9t - az 590 Kongresszust - a Rzesz\u00f3w melletti Jasionk\u00e1ban tartott\u00e1k. Az esem\u00e9nyen 4,5 ezer ember vett r\u00e9szt, k\u00f6zt\u00fck az eln\u00f6k, a minisztereln\u00f6k \u00e9s a miniszterek. Feladata a hazai m\u00e1rk\u00e1k t\u00e1mogat\u00e1sa, a helyi term\u00e9kek v\u00e1s\u00e1rl\u00e1s\u00e1nak \u00f6szt\u00f6nz\u00e9se \u00e9s a v\u00e1s\u00e1rl\u00e1si patriotizmus fejleszt\u00e9se. Az 590 Kongresszus idei, harmadik kiad\u00e1sa k\u00fcl\u00f6nleges, mivel Lengyelorsz\u00e1g f\u00fcggetlens\u00e9g\u00e9nek visszanyer\u00e9s\u00e9nek sz\u00e1zadik \u00e9vfordul\u00f3j\u00e1n ker\u00fcl r\u00e1 sor. A felsz\u00f3lal\u00f3k a lengyel gazdas\u00e1gra, annak er\u0151ss\u00e9geire \u00e9s gyenges\u00e9geire \u00f6sszpontos\u00edtottak. 94 panelbesz\u00e9lget\u00e9s sor\u00e1n megvitatt\u00e1k, hogyan lehet felszabad\u00edtani Lengyelorsz\u00e1g gazdas\u00e1gi potenci\u00e1lj\u00e1t. Az el\u0151ad\u00f3k t\u00f6bbek k\u00f6z\u00f6tt a technol\u00f3gi\u00e1ra, a beruh\u00e1z\u00e1sokra, az energi\u00e1ra, a k\u00f6rnyezetv\u00e9delmi politik\u00e1ra, a kereskedelemre \u00e9s az exportra \u00f6sszpontos\u00edtottak. Nem v\u00e9letlen, hogy a kongresszust Podkarpacie-ban rendezik meg, amely a v\u00e1llalkoz\u00f3i szellem \u00e9s az innov\u00e1ci\u00f3 f\u0151v\u00e1ros\u00e1v\u00e1 v\u00e1lik. A r\u00e9gi\u00f3 az uni\u00f3s forr\u00e1sok felhaszn\u00e1l\u00e1s\u00e1ban is \u00e9len j\u00e1r - 2017 v\u00e9g\u00e9ig a tartom\u00e1nyi korm\u00e1nyzat \u00f6sszesen 994 milli\u00f3 zloty \u00e9rt\u00e9kben k\u00f6t\u00f6tt szerz\u0151d\u00e9st a 2014-2020 k\u00f6z\u00f6tti id\u0151szakra.<\/p>\n<ul>\n<li><strong>A fenntarthat\u00f3 nemzeti fejl\u0151d\u00e9s a korm\u00e1ny egyik priorit\u00e1sa.<\/strong> Eddig siker\u00fclt jelent\u0151sen cs\u00f6kkenteni a munkan\u00e9lk\u00fclis\u00e9get, amely Podkarpackie-ban a 2015. \u00e9vi XI. \u00e9vi 12,9%-r\u0151l 2018 VI. h\u00f3napj\u00e1ra 8,7%-re cs\u00f6kkent.<\/li>\n<li>Az orsz\u00e1g keleti r\u00e9sz\u00e9n az egyenl\u0151tlen b\u00e9rez\u00e9s probl\u00e9m\u00e1ja k\u00fcl\u00f6n\u00f6sen jelent\u0151s. A munkav\u00e1llal\u00f3k mostant\u00f3l garant\u00e1lt b\u00e9rminimummal \u00e9s garant\u00e1lt \u00e9ves b\u00e9rkiigaz\u00edt\u00e1ssal rendelkeznek.<\/li>\n<li>A V\u00e1llalkoz\u00e1si \u00e9s Technol\u00f3giai Miniszt\u00e9rium t\u00f6bb mint 100 v\u00e1ltoztat\u00e1sb\u00f3l \u00e1ll\u00f3 csomagot vezet be a v\u00e1llalkoz\u00f3k sz\u00e1m\u00e1ra, amely megk\u00f6nny\u00edti a v\u00e1llalkoz\u00e1sok alap\u00edt\u00e1s\u00e1t, m\u0171k\u00f6dtet\u00e9s\u00e9t \u00e9s elsz\u00e1mol\u00e1s\u00e1t. Ez a tartom\u00e1nyban t\u00f6bb mint 173 000 megl\u00e9v\u0151 v\u00e1llalkoz\u00e1s jav\u00e1t fogja szolg\u00e1lni. A v\u00e1llalkoz\u00e1sok m\u0171k\u00f6d\u00e9s\u00e9t megnehez\u00edt\u0151, legterhesebb szab\u00e1lyoz\u00e1sok m\u00f3dos\u00edt\u00e1sa 2016-ban kezd\u0151d\u00f6tt. Eddig m\u00e1r t\u00f6bb mint 100 v\u00e1ltoz\u00e1s l\u00e9pett hat\u00e1lyba, bele\u00e9rtve a v\u00e1llalkoz\u00f3i v\u00e9delem kiterjeszt\u00e9s\u00e9t az\u00e1ltal, hogy minden k\u00e9t\u00e9rtelm\u0171s\u00e9get a v\u00e1llalkoz\u00f3 jav\u00e1ra \u00e9rtelmeznek, vagy a kis- \u00e9s k\u00f6z\u00e9pv\u00e1llalkoz\u00e1sok ombudsmanj\u00e1nak kinevez\u00e9s\u00e9t.<\/li>\n<\/ul>\n<p>A Jog \u00e9s Igazs\u00e1goss\u00e1g p\u00e1rt \u00e1ltal l\u00e9trehozott vajdas\u00e1gi hat\u00f3s\u00e1gok, felismerve a v\u00e1llalkoz\u00f3i szellem fejleszt\u00e9s\u00e9nek \u00e9s a region\u00e1lis gazdas\u00e1g meger\u0151s\u00edt\u00e9s\u00e9nek sz\u00fcks\u00e9gess\u00e9g\u00e9t, sz\u00e1mos sikeres tev\u00e9kenys\u00e9get folytattak, t\u00f6bbek k\u00f6z\u00f6tt:<\/p>\n<ul>\n<li>Megalakult a Podkarpacki Fundusz Rozwoju Sp. z o.o. - a r\u00e9gi\u00f3 kkv-inak t\u00e1mogat\u00e1s\u00e1ra, fokozatosan t\u00e1pl\u00e1lva az el\u0151z\u0151 perspekt\u00edva visszafizetend\u0151 eszk\u00f6zeib\u0151l sz\u00e1rmaz\u00f3 p\u00e9nzzel, t\u0151k\u00e9t biztos\u00edt a v\u00e1llalkoz\u00f3i tev\u00e9kenys\u00e9ghez.<\/li>\n<li>Megalakult a Podkarpackie Innovation Centre sp. z o.o.. - K\u00fcldet\u00e9se a tudom\u00e1ny \u00e9s a v\u00e1llalkoz\u00f3i szellem \u00f6sszekapcsol\u00e1sa, a kutat\u00e1s \u00e9s a megrendelt tanulm\u00e1nyok kereskedelmi hasznos\u00edt\u00e1sa, a fiatalok v\u00e1llalkoz\u00f3i kreativit\u00e1s\u00e1nak fel\u00e9breszt\u00e9se (ahelyett, hogy elmenjenek, helyben fognak v\u00e1llalkoz\u00e1st l\u00e9trehozni).<\/li>\n<li>A Befektet\u0151i \u00e9s Export\u0151r T\u00e1mogat\u00f3 K\u00f6zpont tev\u00e9kenys\u00e9ge - befektet\u0151k vonz\u00e1sa, t\u00e1mogat\u00e1s a befektet\u00e9sek vonz\u00e1s\u00e1hoz, export\u0151r\u00f6k t\u00e1mogat\u00e1sa, tan\u00e1csad\u00e1s \u00e9s k\u00e9pz\u00e9s a region\u00e1lis v\u00e1llalatok sz\u00e1m\u00e1ra, \u00fczleti partnerek keres\u00e9se a v\u00e1llalatok sz\u00e1m\u00e1ra.<\/li>\n<li>A helyi hat\u00f3s\u00e1gok k\u00f6vetkezetesen t\u00e1mogatj\u00e1k a v\u00e1llalkoz\u00f3i tev\u00e9kenys\u00e9get az \u00fczleti k\u00f6rnyezetet biztos\u00edt\u00f3 int\u00e9zm\u00e9nyek tev\u00e9kenys\u00e9gein kereszt\u00fcl. RARR S.A. - a v\u00e1llalkoz\u00f3i tev\u00e9kenys\u00e9g tan\u00e1csad\u00f3i t\u00e1mogat\u00e1sa, fejlett technol\u00f3gi\u00e1k \u00e1tad\u00e1sa, a Podkarpackie Tudom\u00e1nyos \u00e9s Technol\u00f3giai Park ir\u00e1ny\u00edt\u00e1sa, \u00faj v\u00e1llalkoz\u00e1sok inkub\u00e1l\u00e1sa, egy\u00fcttm\u0171k\u00f6d\u00e9s az egyetemekkel, projektek v\u00e9grehajt\u00e1sa indul\u00f3 v\u00e1llalkoz\u00e1sok sz\u00e1m\u00e1ra. A BEI-k \u00e1ltal ny\u00fajtott szolg\u00e1ltat\u00e1sok piaci elv\u00e1r\u00e1soknak megfelel\u0151 professzionaliz\u00e1l\u00e1s\u00e1nak fokoz\u00e1s\u00e1ra lehet\u0151s\u00e9get ny\u00fajt a Podkarpacka Platforma Wsparcia Biznesu projekt megval\u00f3s\u00edt\u00e1sa.<\/li>\n<li>A r\u00e9gi\u00f3 gazdas\u00e1g\u00e1nak fejl\u0151d\u00e9s\u00e9hez kulcsfontoss\u00e1g\u00fa az innovat\u00edv, versenyk\u00e9pes v\u00e1llalatok meger\u0151s\u00edt\u00e9se, amelyek k\u00e9pesek az eur\u00f3pai \u00e9s glob\u00e1lis piacokon val\u00f3 versenyre. A r\u00e9gi\u00f3 intelligens szakosod\u00e1sak\u00e9nt a piS olyan kulcsfontoss\u00e1g\u00fa ipar\u00e1gakat jel\u00f6l meg, mint a rep\u00fcl\u0151g\u00e9pipar, az \u00e9letmin\u0151s\u00e9g, az informatika \u00e9s t\u00e1vk\u00f6zl\u00e9s (IKT) \u00e9s az aut\u00f3ipar.<\/li>\n<li>Jelenleg az RPO WP 2014-2020 keret\u00e9ben saj\u00e1t projektet hajtunk v\u00e9gre, amely az intelligens szakosod\u00e1snak van szentelve, \u00e9s t\u00e1mogatjuk az ezekben az \u00e1gazatokban m\u0171k\u00f6d\u0151 v\u00e1llalatokat. Emellett v\u00e1llalkoz\u00f3i felfedez\u00e9si folyamatot is v\u00e9gz\u00fcnk az \u00faj lehet\u0151s\u00e9gek azonos\u00edt\u00e1sa \u00e9rdek\u00e9ben, amelyek tov\u00e1bbi szakosod\u00e1si ter\u00fcletekk\u00e9 v\u00e1lhatnak.<\/li>\n<li>A region\u00e1lis gazdas\u00e1g fejl\u0151d\u00e9s\u00e9nek fontos t\u00e9nyez\u0151je a tal\u00e1lkoz\u00e1si lehet\u0151s\u00e9g, a lehet\u0151s\u00e9gek bemutat\u00e1sa \u00e9s az \u00fczleti kapcsolatok ki\u00e9p\u00edt\u00e9se. A Podkarpatszka Vajdas\u00e1g Ki\u00e1ll\u00edt\u00e1si \u00e9s Kongresszusi K\u00f6zpontja nemzetk\u00f6zi gazdas\u00e1gi kongresszusok, ki\u00e1ll\u00edt\u00e1si esem\u00e9nyek \u00e9s v\u00e1s\u00e1rok helysz\u00edn\u00e9\u00fcl szolg\u00e1l.<\/li>\n<li>Csomag a k\u00f6zepes m\u00e9ret\u0171 v\u00e1rosok sz\u00e1m\u00e1ra: a SOR egyik strat\u00e9giai projektjek\u00e9nt int\u00e9zked\u00e9scsomagot dolgoztak ki a t\u00e1rsadalmi-gazdas\u00e1gi funkci\u00f3kat veszt\u0151 k\u00f6zepes m\u00e9ret\u0171 v\u00e1rosok sz\u00e1m\u00e1ra. A k\u00f6zepes m\u00e9ret\u0171 v\u00e1rosokra vonatkoz\u00f3 csomag a Podkarpatszkaja vajdas\u00e1g 13 k\u00f6zpontj\u00e1ra terjed ki: D\u0119bica, Jaros\u0142aw, Jas\u0142o, Krosno, \u0141a\u0144cut, Mielec, Nisko, Przemy\u015bl, Przeworsk, Ropczyce, Sanok, Stalowa Wola, Tarnobrzeg.<\/li>\n<\/ul>\n<p><strong>\u00a0MIT TESZ A JOG \u00c9S AZ IGAZS\u00c1GSZOLG\u00c1LTAT\u00c1S A PODKARPATAKI V\u00c1LLALKOZ\u00d3K \u00c9S A GAZDAS\u00c1G SZ\u00c1M\u00c1RA<\/strong><\/p>\n<ul>\n<li>Gondoskodik a Podkarpackie Innov\u00e1ci\u00f3s K\u00f6zpont fejleszt\u00e9s\u00e9r\u0151l, valamint a podkarpackie-i v\u00e1llalkoz\u00e1sok \u00e9s befektet\u00e9si ter\u00fcletek n\u00e9pszer\u0171s\u00edt\u00e9s\u00e9r\u0151l. A mag\u00e1nfejleszt\u00e9si beruh\u00e1z\u00e1sokat a PFR-csoporton bel\u00fcl m\u0171k\u00f6d\u0151 \u00e1llami \u00fcgyn\u00f6ks\u00e9gek \u00e1ltal k\u00edn\u00e1lt eszk\u00f6z\u00f6k, p\u00e9ld\u00e1ul az ARP seg\u00edts\u00e9g\u00e9vel \u00f6szt\u00f6nzi.<\/li>\n<li>T\u00e1mogatja a kis- \u00e9s k\u00f6z\u00e9pv\u00e1llalkoz\u00e1sokat a beruh\u00e1z\u00e1si projektek hossz\u00fa t\u00e1v\u00fa finansz\u00edroz\u00e1s\u00e1nak megszerz\u00e9s\u00e9ben.<\/li>\n<li>A Podkarpatszkaja vajdas\u00e1gban kiv\u00e1lasztott \"intelligens szakosod\u00e1si ter\u00fcletek\" fejleszt\u00e9se, valamint \u00faj, innovat\u00edv \u00e9s fejl\u0151d\u0151 gazdas\u00e1gi \u00e1gazatok azonos\u00edt\u00e1sa.<\/li>\n<li>T\u00e1mogat\u00e1st ny\u00fajt a podkarpatikai v\u00e1llalkoz\u00f3knak az \u00e1llami \u00fcgyn\u00f6ks\u00e9gekt\u0151l sz\u00e1rmaz\u00f3 finansz\u00edroz\u00e1s megszerz\u00e9s\u00e9ben.<\/li>\n<li>\u00c1tfog\u00f3 tan\u00e1csad\u00f3i t\u00e1mogat\u00e1st ny\u00fajtunk az \u00fajonnan l\u00e9trehozott orsz\u00e1gos k\u00fcl\u00f6nleges gazdas\u00e1gi \u00f6vezeten bel\u00fcl a kedvezm\u00e9nyekre val\u00f3 jogosults\u00e1got k\u00e9relmez\u0151 v\u00e1llalkoz\u00f3knak.<\/li>\n<li>Egy\u00fctt fog m\u0171k\u00f6dni a PFR-rel az Open Innovations program v\u00e9grehajt\u00e1sa \u00e9rdek\u00e9ben, amelynek c\u00e9lja a lengyel technol\u00f3giai innov\u00e1ci\u00f3 \u00f6szt\u00f6nz\u00e9se a k\u00f6z- \u00e9s a mag\u00e1nszf\u00e9ra finansz\u00edroz\u00e1sa r\u00e9v\u00e9n. A v\u00e9gs\u0151 kedvezm\u00e9nyezettek (innovat\u00edv technol\u00f3giai v\u00e1llalatok K+F komponenssel) egy\u00fcttesen 5 milli\u00f3 PLN \u00e9s k\u00f6r\u00fclbel\u00fcl 20-30 milli\u00f3 PLN (legfeljebb 60 milli\u00f3 PLN) k\u00f6z\u00f6tti \u00f6sszeg\u0171 felt\u0151k\u00e9s\u00edt\u00e9sre sz\u00e1m\u00edthatnak 2017 \u00e9s 2023 k\u00f6z\u00f6tt.<\/li>\n<li>A BGK r\u00e9szv\u00e9tel\u00e9vel ipari csarnokokat fogunk \u00e9p\u00edteni b\u00e9rbead\u00e1sra olyan innovat\u00edv v\u00e1llalkoz\u00e1sok, kezd\u0151 gy\u00e1rt\u00f3 c\u00e9gek sz\u00e1m\u00e1ra, amelyek nem rendelkeznek a termel\u00e9si folyamat beind\u00edt\u00e1s\u00e1hoz sz\u00fcks\u00e9ges kapacit\u00e1ssal.<\/li>\n<li>V\u00e9grehajtja az Id\u0151bank projektet. Az id\u0151bankok lehet\u0151v\u00e9 teszik a k\u00f6z\u00f6ss\u00e9gen bel\u00fcli szolg\u00e1ltat\u00e1scser\u00e9t. A valuta szerep\u00e9t itt az adott tev\u00e9kenys\u00e9gre ford\u00edtott id\u0151 j\u00e1tssza, \u00e9s az eg\u00e9szet speci\u00e1lis weboldalak fel\u00fcgyelik. Az id\u0151bankok n\u00e9pszer\u0171s\u00edt\u00e9se n\u00f6velni fogja a t\u00e1rsadalmi aktivit\u00e1st, \u00e9s a v\u00e1llalkoz\u00e1sfejleszt\u00e9s term\u00e9szetes forr\u00e1s\u00e1v\u00e1 v\u00e1lik.<\/li>\n<li>A Podkarpackie Fejleszt\u00e9si Alapon kereszt\u00fcl t\u00e1mogatja a kis- \u00e9s k\u00f6z\u00e9pv\u00e1llalkoz\u00e1soknak ny\u00fajtott p\u00e9nz\u00fcgyi szolg\u00e1ltat\u00e1sok fejleszt\u00e9s\u00e9t.<\/li>\n<li>K\u00e9k San strat\u00e9giai program - a San foly\u00f3 ment\u00e9n fekv\u0151 telep\u00fcl\u00e9sek lakosainak \u00e9letsz\u00ednvonal\u00e1nak emel\u00e9se a k\u00fcl\u00f6nb\u00f6z\u0151 endog\u00e9n er\u0151forr\u00e1sok hat\u00e9kony felhaszn\u00e1l\u00e1s\u00e1val.<\/li>\n<li>A Bieszczady-hegys\u00e9g strat\u00e9giai fejleszt\u00e9si programja - a lakoss\u00e1g \u00e9letsz\u00ednvonal\u00e1nak \u00e9s \u00e9letk\u00f6r\u00fclm\u00e9nyeinek n\u00f6vel\u00e9se az endog\u00e9n er\u0151forr\u00e1sok hat\u00e9kony felhaszn\u00e1l\u00e1s\u00e1val.<\/li>\n<\/ul>\n<p>Egy\u00fcttm\u0171k\u00f6d\u00e9s a korm\u00e1nnyal a Bieszczady-hegys\u00e9gre vonatkoz\u00f3 program v\u00e9grehajt\u00e1s\u00e1ban: A program c\u00e9lja a fejleszt\u00e9si lehet\u0151s\u00e9gek jav\u00edt\u00e1sa \u00e9s a t\u00e9rs\u00e9g fejl\u0151d\u00e9s\u00e9nek felgyors\u00edt\u00e1sa az orsz\u00e1gos szinten v\u00e1llalt k\u00f6telezetts\u00e9gek \u00e9s kezdem\u00e9nyez\u00e9sek r\u00e9v\u00e9n, amelyek kieg\u00e9sz\u00edtik a region\u00e1lis \u00e9s helyi szinten v\u00e9grehajtott tev\u00e9kenys\u00e9geket. A program c\u00e9lja, hogy hat\u00e9kony egy\u00fcttm\u0171k\u00f6d\u00e9si \u00e9s tapasztalatcsere-f\u00f3rumot hozzon l\u00e9tre e szerepl\u0151k \u00e9s a korm\u00e1ny k\u00f6z\u00f6tt a r\u00e9gi\u00f3 fejleszt\u00e9se \u00e9rdek\u00e9ben.<\/p>\n<p>A program a Bieszczady (Czarna, Lutowiska \u00e9s Ustrzyki Dolne), Lesko (Baligr\u00f3d, Cisna, Lesko, Olszanica, Solina), Sanok (Koma\u0144cza Zag\u00f3rz, Tyrawa Wo\u0142oska) \u00e9s Przemyskie (Bircza) j\u00e1r\u00e1sok telep\u00fcl\u00e9seit \u00e9rinti, de a program pozit\u00edv hat\u00e1sai a szomsz\u00e9dos telep\u00fcl\u00e9seken is \u00e9rezhet\u0151k lesznek.<\/p>\n<p>&nbsp;<\/p>\n<p>&nbsp;<\/p>","protected":false},"excerpt":{"rendered":"<p>Najwi\u0119ksze wydarzenie gospodarcze roku &#8211; Kongres 590 &#8211; odby\u0142o si\u0119 w Jasionce k. Rzeszowa. W wydarzeniu wzi\u0119\u0142o udzia\u0142 4,5 tys. os\u00f3b, w tym prezydent, premier i ministrowie. Jego zadaniem jest wsparcie\u00a0rodzimych marek, zach\u0119cenie do zakup\u00f3w lokalnych produkt\u00f3w, oraz rozwijanie zakupowego patriotyzmu.\u00a0Tegoroczna, trzecia, edycja Kongresu 590 jest szczeg\u00f3lna, odbywa si\u0119 bowiem w stulecie odzyskania przez Polsk\u0119 [&hellip;]<\/p>","protected":false},"author":6,"featured_media":10767,"comment_status":"open","ping_status":"open","sticky":false,"template":"","format":"standard","meta":{"ngg_post_thumbnail":0,"footnotes":""},"categories":[49,82,3],"tags":[],"class_list":["post-10752","post","type-post","status-publish","format-standard","has-post-thumbnail","hentry","category-podkarpacie","category-prawo-i-sprawiedliwosc","category-wydarzenia"],"yoast_head":"<!-- This site is optimized with the Yoast SEO plugin v24.7 - https:\/\/yoast.com\/wordpress\/plugins\/seo\/ -->\n<title>Jak uwolni\u0107 gospodarczy potencja\u0142 Podkarpacia. Zr\u00f3wnowa\u017cony rozw\u00f3j kraju jednym z priorytet\u00f3w rz\u0105du &#8211; Marek Kuchci\u0144ski<\/title>\n<meta name=\"robots\" content=\"index, follow, max-snippet:-1, max-image-preview:large, max-video-preview:-1\" \/>\n<link rel=\"canonical\" href=\"https:\/\/marekkuchcinski.pl\/hu\/wydarzenia\/uwolnic-gospodarczy-potencjal-podkarpacia\/\" \/>\n<meta property=\"og:locale\" content=\"hu_HU\" \/>\n<meta property=\"og:type\" content=\"article\" \/>\n<meta property=\"og:title\" content=\"Jak uwolni\u0107 gospodarczy potencja\u0142 Podkarpacia. Zr\u00f3wnowa\u017cony rozw\u00f3j kraju jednym z priorytet\u00f3w rz\u0105du &#8211; Marek Kuchci\u0144ski\" \/>\n<meta property=\"og:description\" content=\"Najwi\u0119ksze wydarzenie gospodarcze roku &#8211; Kongres 590 &#8211; odby\u0142o si\u0119 w Jasionce k. Rzeszowa. W wydarzeniu wzi\u0119\u0142o udzia\u0142 4,5 tys. os\u00f3b, w tym prezydent, premier i ministrowie. Jego zadaniem jest wsparcie\u00a0rodzimych marek, zach\u0119cenie do zakup\u00f3w lokalnych produkt\u00f3w, oraz rozwijanie zakupowego patriotyzmu.\u00a0Tegoroczna, trzecia, edycja Kongresu 590 jest szczeg\u00f3lna, odbywa si\u0119 bowiem w stulecie odzyskania przez Polsk\u0119 [&hellip;]\" \/>\n<meta property=\"og:url\" content=\"https:\/\/marekkuchcinski.pl\/hu\/wydarzenia\/uwolnic-gospodarczy-potencjal-podkarpacia\/\" \/>\n<meta property=\"og:site_name\" content=\"Marek Kuchci\u0144ski\" \/>\n<meta property=\"article:published_time\" content=\"2018-11-16T09:33:12+00:00\" \/>\n<meta property=\"article:modified_time\" content=\"2018-11-16T09:34:39+00:00\" \/>\n<meta property=\"og:image\" content=\"https:\/\/marekkuchcinski.pl\/wp-content\/uploads\/2018\/11\/kongres_590-1.jpg\" \/>\n\t<meta property=\"og:image:width\" content=\"494\" \/>\n\t<meta property=\"og:image:height\" content=\"337\" \/>\n\t<meta property=\"og:image:type\" content=\"image\/jpeg\" \/>\n<meta name=\"author\" content=\"admin\" \/>\n<meta name=\"twitter:card\" content=\"summary_large_image\" \/>\n<meta name=\"twitter:label1\" content=\"Szerz\u0151:\" \/>\n\t<meta name=\"twitter:data1\" content=\"admin\" \/>\n\t<meta name=\"twitter:label2\" content=\"Becs\u00fclt olvas\u00e1si id\u0151\" \/>\n\t<meta name=\"twitter:data2\" content=\"6 perc\" \/>\n<script type=\"application\/ld+json\" class=\"yoast-schema-graph\">{\"@context\":\"https:\/\/schema.org\",\"@graph\":[{\"@type\":\"Article\",\"@id\":\"https:\/\/marekkuchcinski.pl\/en\/wydarzenia\/uwolnic-gospodarczy-potencjal-podkarpacia\/#article\",\"isPartOf\":{\"@id\":\"https:\/\/marekkuchcinski.pl\/en\/wydarzenia\/uwolnic-gospodarczy-potencjal-podkarpacia\/\"},\"author\":{\"name\":\"admin\",\"@id\":\"https:\/\/marekkuchcinski.pl\/#\/schema\/person\/6f62700996b4d950b6ea2d1183b6c6be\"},\"headline\":\"Jak uwolni\u0107 gospodarczy potencja\u0142 Podkarpacia. Zr\u00f3wnowa\u017cony rozw\u00f3j kraju jednym z priorytet\u00f3w rz\u0105du\",\"datePublished\":\"2018-11-16T09:33:12+00:00\",\"dateModified\":\"2018-11-16T09:34:39+00:00\",\"mainEntityOfPage\":{\"@id\":\"https:\/\/marekkuchcinski.pl\/en\/wydarzenia\/uwolnic-gospodarczy-potencjal-podkarpacia\/\"},\"wordCount\":1140,\"commentCount\":0,\"publisher\":{\"@id\":\"https:\/\/marekkuchcinski.pl\/#organization\"},\"image\":{\"@id\":\"https:\/\/marekkuchcinski.pl\/en\/wydarzenia\/uwolnic-gospodarczy-potencjal-podkarpacia\/#primaryimage\"},\"thumbnailUrl\":\"https:\/\/marekkuchcinski.pl\/wp-content\/uploads\/2018\/11\/kongres_590-1.jpg\",\"articleSection\":[\"Podkarpacie\",\"Prawo i Sprawiedliwo\u015b\u0107\",\"Wydarzenia\"],\"inLanguage\":\"hu\",\"potentialAction\":[{\"@type\":\"CommentAction\",\"name\":\"Comment\",\"target\":[\"https:\/\/marekkuchcinski.pl\/en\/wydarzenia\/uwolnic-gospodarczy-potencjal-podkarpacia\/#respond\"]}]},{\"@type\":\"WebPage\",\"@id\":\"https:\/\/marekkuchcinski.pl\/en\/wydarzenia\/uwolnic-gospodarczy-potencjal-podkarpacia\/\",\"url\":\"https:\/\/marekkuchcinski.pl\/en\/wydarzenia\/uwolnic-gospodarczy-potencjal-podkarpacia\/\",\"name\":\"Jak uwolni\u0107 gospodarczy potencja\u0142 Podkarpacia. Zr\u00f3wnowa\u017cony rozw\u00f3j kraju jednym z priorytet\u00f3w rz\u0105du &#8211; Marek Kuchci\u0144ski\",\"isPartOf\":{\"@id\":\"https:\/\/marekkuchcinski.pl\/#website\"},\"primaryImageOfPage\":{\"@id\":\"https:\/\/marekkuchcinski.pl\/en\/wydarzenia\/uwolnic-gospodarczy-potencjal-podkarpacia\/#primaryimage\"},\"image\":{\"@id\":\"https:\/\/marekkuchcinski.pl\/en\/wydarzenia\/uwolnic-gospodarczy-potencjal-podkarpacia\/#primaryimage\"},\"thumbnailUrl\":\"https:\/\/marekkuchcinski.pl\/wp-content\/uploads\/2018\/11\/kongres_590-1.jpg\",\"datePublished\":\"2018-11-16T09:33:12+00:00\",\"dateModified\":\"2018-11-16T09:34:39+00:00\",\"breadcrumb\":{\"@id\":\"https:\/\/marekkuchcinski.pl\/en\/wydarzenia\/uwolnic-gospodarczy-potencjal-podkarpacia\/#breadcrumb\"},\"inLanguage\":\"hu\",\"potentialAction\":[{\"@type\":\"ReadAction\",\"target\":[\"https:\/\/marekkuchcinski.pl\/en\/wydarzenia\/uwolnic-gospodarczy-potencjal-podkarpacia\/\"]}]},{\"@type\":\"ImageObject\",\"inLanguage\":\"hu\",\"@id\":\"https:\/\/marekkuchcinski.pl\/en\/wydarzenia\/uwolnic-gospodarczy-potencjal-podkarpacia\/#primaryimage\",\"url\":\"https:\/\/marekkuchcinski.pl\/wp-content\/uploads\/2018\/11\/kongres_590-1.jpg\",\"contentUrl\":\"https:\/\/marekkuchcinski.pl\/wp-content\/uploads\/2018\/11\/kongres_590-1.jpg\",\"width\":494,\"height\":337},{\"@type\":\"BreadcrumbList\",\"@id\":\"https:\/\/marekkuchcinski.pl\/en\/wydarzenia\/uwolnic-gospodarczy-potencjal-podkarpacia\/#breadcrumb\",\"itemListElement\":[{\"@type\":\"ListItem\",\"position\":1,\"name\":\"Strona g\u0142\u00f3wna\",\"item\":\"https:\/\/marekkuchcinski.pl\/\"},{\"@type\":\"ListItem\",\"position\":2,\"name\":\"Jak uwolni\u0107 gospodarczy potencja\u0142 Podkarpacia. Zr\u00f3wnowa\u017cony rozw\u00f3j kraju jednym z priorytet\u00f3w rz\u0105du\"}]},{\"@type\":\"WebSite\",\"@id\":\"https:\/\/marekkuchcinski.pl\/#website\",\"url\":\"https:\/\/marekkuchcinski.pl\/\",\"name\":\"Marek Kuchci\u0144ski\",\"description\":\"Pose\u0142 na sejm RP &ndash; okr\u0119g nr 22\",\"publisher\":{\"@id\":\"https:\/\/marekkuchcinski.pl\/#organization\"},\"potentialAction\":[{\"@type\":\"SearchAction\",\"target\":{\"@type\":\"EntryPoint\",\"urlTemplate\":\"https:\/\/marekkuchcinski.pl\/?s={search_term_string}\"},\"query-input\":{\"@type\":\"PropertyValueSpecification\",\"valueRequired\":true,\"valueName\":\"search_term_string\"}}],\"inLanguage\":\"hu\"},{\"@type\":\"Organization\",\"@id\":\"https:\/\/marekkuchcinski.pl\/#organization\",\"name\":\"Marek Kuchci\u0144ski\",\"url\":\"https:\/\/marekkuchcinski.pl\/\",\"logo\":{\"@type\":\"ImageObject\",\"inLanguage\":\"hu\",\"@id\":\"https:\/\/marekkuchcinski.pl\/#\/schema\/logo\/image\/\",\"url\":\"https:\/\/marekkuchcinski.pl\/wp-content\/uploads\/2022\/09\/Marek.jpg\",\"contentUrl\":\"https:\/\/marekkuchcinski.pl\/wp-content\/uploads\/2022\/09\/Marek.jpg\",\"width\":1600,\"height\":971,\"caption\":\"Marek Kuchci\u0144ski\"},\"image\":{\"@id\":\"https:\/\/marekkuchcinski.pl\/#\/schema\/logo\/image\/\"}},{\"@type\":\"Person\",\"@id\":\"https:\/\/marekkuchcinski.pl\/#\/schema\/person\/6f62700996b4d950b6ea2d1183b6c6be\",\"name\":\"admin\",\"image\":{\"@type\":\"ImageObject\",\"inLanguage\":\"hu\",\"@id\":\"https:\/\/marekkuchcinski.pl\/#\/schema\/person\/image\/\",\"url\":\"https:\/\/secure.gravatar.com\/avatar\/4bab693b9d55c3d6b52c0296a8765085?s=96&d=mm&r=g\",\"contentUrl\":\"https:\/\/secure.gravatar.com\/avatar\/4bab693b9d55c3d6b52c0296a8765085?s=96&d=mm&r=g\",\"caption\":\"admin\"},\"url\":\"https:\/\/marekkuchcinski.pl\/hu\/author\/marta-olejnik\/\"}]}<\/script>\n<!-- \/ Yoast SEO plugin. -->","yoast_head_json":{"title":"Jak uwolni\u0107 gospodarczy potencja\u0142 Podkarpacia. Zr\u00f3wnowa\u017cony rozw\u00f3j kraju jednym z priorytet\u00f3w rz\u0105du &#8211; Marek Kuchci\u0144ski","robots":{"index":"index","follow":"follow","max-snippet":"max-snippet:-1","max-image-preview":"max-image-preview:large","max-video-preview":"max-video-preview:-1"},"canonical":"https:\/\/marekkuchcinski.pl\/hu\/wydarzenia\/uwolnic-gospodarczy-potencjal-podkarpacia\/","og_locale":"hu_HU","og_type":"article","og_title":"Jak uwolni\u0107 gospodarczy potencja\u0142 Podkarpacia. Zr\u00f3wnowa\u017cony rozw\u00f3j kraju jednym z priorytet\u00f3w rz\u0105du &#8211; Marek Kuchci\u0144ski","og_description":"Najwi\u0119ksze wydarzenie gospodarcze roku &#8211; Kongres 590 &#8211; odby\u0142o si\u0119 w Jasionce k. Rzeszowa. W wydarzeniu wzi\u0119\u0142o udzia\u0142 4,5 tys. os\u00f3b, w tym prezydent, premier i ministrowie. Jego zadaniem jest wsparcie\u00a0rodzimych marek, zach\u0119cenie do zakup\u00f3w lokalnych produkt\u00f3w, oraz rozwijanie zakupowego patriotyzmu.\u00a0Tegoroczna, trzecia, edycja Kongresu 590 jest szczeg\u00f3lna, odbywa si\u0119 bowiem w stulecie odzyskania przez Polsk\u0119 [&hellip;]","og_url":"https:\/\/marekkuchcinski.pl\/hu\/wydarzenia\/uwolnic-gospodarczy-potencjal-podkarpacia\/","og_site_name":"Marek Kuchci\u0144ski","article_published_time":"2018-11-16T09:33:12+00:00","article_modified_time":"2018-11-16T09:34:39+00:00","og_image":[{"width":494,"height":337,"url":"https:\/\/marekkuchcinski.pl\/wp-content\/uploads\/2018\/11\/kongres_590-1.jpg","type":"image\/jpeg"}],"author":"admin","twitter_card":"summary_large_image","twitter_misc":{"Szerz\u0151:":"admin","Becs\u00fclt olvas\u00e1si id\u0151":"6 perc"},"schema":{"@context":"https:\/\/schema.org","@graph":[{"@type":"Article","@id":"https:\/\/marekkuchcinski.pl\/en\/wydarzenia\/uwolnic-gospodarczy-potencjal-podkarpacia\/#article","isPartOf":{"@id":"https:\/\/marekkuchcinski.pl\/en\/wydarzenia\/uwolnic-gospodarczy-potencjal-podkarpacia\/"},"author":{"name":"admin","@id":"https:\/\/marekkuchcinski.pl\/#\/schema\/person\/6f62700996b4d950b6ea2d1183b6c6be"},"headline":"Jak uwolni\u0107 gospodarczy potencja\u0142 Podkarpacia. Zr\u00f3wnowa\u017cony rozw\u00f3j kraju jednym z priorytet\u00f3w rz\u0105du","datePublished":"2018-11-16T09:33:12+00:00","dateModified":"2018-11-16T09:34:39+00:00","mainEntityOfPage":{"@id":"https:\/\/marekkuchcinski.pl\/en\/wydarzenia\/uwolnic-gospodarczy-potencjal-podkarpacia\/"},"wordCount":1140,"commentCount":0,"publisher":{"@id":"https:\/\/marekkuchcinski.pl\/#organization"},"image":{"@id":"https:\/\/marekkuchcinski.pl\/en\/wydarzenia\/uwolnic-gospodarczy-potencjal-podkarpacia\/#primaryimage"},"thumbnailUrl":"https:\/\/marekkuchcinski.pl\/wp-content\/uploads\/2018\/11\/kongres_590-1.jpg","articleSection":["Podkarpacie","Prawo i Sprawiedliwo\u015b\u0107","Wydarzenia"],"inLanguage":"hu","potentialAction":[{"@type":"CommentAction","name":"Comment","target":["https:\/\/marekkuchcinski.pl\/en\/wydarzenia\/uwolnic-gospodarczy-potencjal-podkarpacia\/#respond"]}]},{"@type":"WebPage","@id":"https:\/\/marekkuchcinski.pl\/en\/wydarzenia\/uwolnic-gospodarczy-potencjal-podkarpacia\/","url":"https:\/\/marekkuchcinski.pl\/en\/wydarzenia\/uwolnic-gospodarczy-potencjal-podkarpacia\/","name":"Jak uwolni\u0107 gospodarczy potencja\u0142 Podkarpacia. Zr\u00f3wnowa\u017cony rozw\u00f3j kraju jednym z priorytet\u00f3w rz\u0105du &#8211; Marek Kuchci\u0144ski","isPartOf":{"@id":"https:\/\/marekkuchcinski.pl\/#website"},"primaryImageOfPage":{"@id":"https:\/\/marekkuchcinski.pl\/en\/wydarzenia\/uwolnic-gospodarczy-potencjal-podkarpacia\/#primaryimage"},"image":{"@id":"https:\/\/marekkuchcinski.pl\/en\/wydarzenia\/uwolnic-gospodarczy-potencjal-podkarpacia\/#primaryimage"},"thumbnailUrl":"https:\/\/marekkuchcinski.pl\/wp-content\/uploads\/2018\/11\/kongres_590-1.jpg","datePublished":"2018-11-16T09:33:12+00:00","dateModified":"2018-11-16T09:34:39+00:00","breadcrumb":{"@id":"https:\/\/marekkuchcinski.pl\/en\/wydarzenia\/uwolnic-gospodarczy-potencjal-podkarpacia\/#breadcrumb"},"inLanguage":"hu","potentialAction":[{"@type":"ReadAction","target":["https:\/\/marekkuchcinski.pl\/en\/wydarzenia\/uwolnic-gospodarczy-potencjal-podkarpacia\/"]}]},{"@type":"ImageObject","inLanguage":"hu","@id":"https:\/\/marekkuchcinski.pl\/en\/wydarzenia\/uwolnic-gospodarczy-potencjal-podkarpacia\/#primaryimage","url":"https:\/\/marekkuchcinski.pl\/wp-content\/uploads\/2018\/11\/kongres_590-1.jpg","contentUrl":"https:\/\/marekkuchcinski.pl\/wp-content\/uploads\/2018\/11\/kongres_590-1.jpg","width":494,"height":337},{"@type":"BreadcrumbList","@id":"https:\/\/marekkuchcinski.pl\/en\/wydarzenia\/uwolnic-gospodarczy-potencjal-podkarpacia\/#breadcrumb","itemListElement":[{"@type":"ListItem","position":1,"name":"Strona g\u0142\u00f3wna","item":"https:\/\/marekkuchcinski.pl\/"},{"@type":"ListItem","position":2,"name":"Jak uwolni\u0107 gospodarczy potencja\u0142 Podkarpacia. Zr\u00f3wnowa\u017cony rozw\u00f3j kraju jednym z priorytet\u00f3w rz\u0105du"}]},{"@type":"WebSite","@id":"https:\/\/marekkuchcinski.pl\/#website","url":"https:\/\/marekkuchcinski.pl\/","name":"Marek Kuchci\u0144ski","description":"Pose\u0142 na sejm RP &ndash; okr\u0119g nr 22","publisher":{"@id":"https:\/\/marekkuchcinski.pl\/#organization"},"potentialAction":[{"@type":"SearchAction","target":{"@type":"EntryPoint","urlTemplate":"https:\/\/marekkuchcinski.pl\/?s={search_term_string}"},"query-input":{"@type":"PropertyValueSpecification","valueRequired":true,"valueName":"search_term_string"}}],"inLanguage":"hu"},{"@type":"Organization","@id":"https:\/\/marekkuchcinski.pl\/#organization","name":"Marek Kuchci\u0144ski","url":"https:\/\/marekkuchcinski.pl\/","logo":{"@type":"ImageObject","inLanguage":"hu","@id":"https:\/\/marekkuchcinski.pl\/#\/schema\/logo\/image\/","url":"https:\/\/marekkuchcinski.pl\/wp-content\/uploads\/2022\/09\/Marek.jpg","contentUrl":"https:\/\/marekkuchcinski.pl\/wp-content\/uploads\/2022\/09\/Marek.jpg","width":1600,"height":971,"caption":"Marek Kuchci\u0144ski"},"image":{"@id":"https:\/\/marekkuchcinski.pl\/#\/schema\/logo\/image\/"}},{"@type":"Person","@id":"https:\/\/marekkuchcinski.pl\/#\/schema\/person\/6f62700996b4d950b6ea2d1183b6c6be","name":"admin","image":{"@type":"ImageObject","inLanguage":"hu","@id":"https:\/\/marekkuchcinski.pl\/#\/schema\/person\/image\/","url":"https:\/\/secure.gravatar.com\/avatar\/4bab693b9d55c3d6b52c0296a8765085?s=96&d=mm&r=g","contentUrl":"https:\/\/secure.gravatar.com\/avatar\/4bab693b9d55c3d6b52c0296a8765085?s=96&d=mm&r=g","caption":"admin"},"url":"https:\/\/marekkuchcinski.pl\/hu\/author\/marta-olejnik\/"}]}},"_links":{"self":[{"href":"https:\/\/marekkuchcinski.pl\/hu\/wp-json\/wp\/v2\/posts\/10752","targetHints":{"allow":["GET"]}}],"collection":[{"href":"https:\/\/marekkuchcinski.pl\/hu\/wp-json\/wp\/v2\/posts"}],"about":[{"href":"https:\/\/marekkuchcinski.pl\/hu\/wp-json\/wp\/v2\/types\/post"}],"author":[{"embeddable":true,"href":"https:\/\/marekkuchcinski.pl\/hu\/wp-json\/wp\/v2\/users\/6"}],"replies":[{"embeddable":true,"href":"https:\/\/marekkuchcinski.pl\/hu\/wp-json\/wp\/v2\/comments?post=10752"}],"version-history":[{"count":9,"href":"https:\/\/marekkuchcinski.pl\/hu\/wp-json\/wp\/v2\/posts\/10752\/revisions"}],"predecessor-version":[{"id":10769,"href":"https:\/\/marekkuchcinski.pl\/hu\/wp-json\/wp\/v2\/posts\/10752\/revisions\/10769"}],"wp:featuredmedia":[{"embeddable":true,"href":"https:\/\/marekkuchcinski.pl\/hu\/wp-json\/wp\/v2\/media\/10767"}],"wp:attachment":[{"href":"https:\/\/marekkuchcinski.pl\/hu\/wp-json\/wp\/v2\/media?parent=10752"}],"wp:term":[{"taxonomy":"category","embeddable":true,"href":"https:\/\/marekkuchcinski.pl\/hu\/wp-json\/wp\/v2\/categories?post=10752"},{"taxonomy":"post_tag","embeddable":true,"href":"https:\/\/marekkuchcinski.pl\/hu\/wp-json\/wp\/v2\/tags?post=10752"}],"curies":[{"name":"wp","href":"https:\/\/api.w.org\/{rel}","templated":true}]}}