{"id":10745,"date":"2018-11-16T09:46:03","date_gmt":"2018-11-16T08:46:03","guid":{"rendered":"https:\/\/marekkuchcinski.pl\/?p=10745"},"modified":"2018-11-16T09:46:03","modified_gmt":"2018-11-16T08:46:03","slug":"bratyslawa-spotkanie-przewodniczacych-parlamentow-panstw-grupy-wyszehradzkiej-niemiec-francji","status":"publish","type":"post","link":"https:\/\/marekkuchcinski.pl\/hu\/wydarzenia\/bratyslawa-spotkanie-przewodniczacych-parlamentow-panstw-grupy-wyszehradzkiej-niemiec-francji\/","title":{"rendered":"Pozsony: A visegr\u00e1di, a n\u00e9met \u00e9s a francia parlament eln\u00f6keinek tal\u00e1lkoz\u00f3ja"},"content":{"rendered":"<p dir=\"ltr\">A tal\u00e1lkoz\u00f3t a visegr\u00e1di csoport szlov\u00e1k eln\u00f6ks\u00e9ge keret\u00e9ben rendezt\u00e9k meg. Lengyel r\u00e9szr\u0151l az esem\u00e9nyen r\u00e9szt vett Marek Kuchci\u0144ski, a szejm marsallja, Micha\u0142 Sewery\u0144ski, a szen\u00e1tus marsallhelyettese \u00e9s Agnieszka Kaczmarska, a szejm kancell\u00e1ri\u00e1j\u00e1nak vezet\u0151je.<\/p>\n<p dir=\"ltr\">A szlov\u00e1k f\u0151v\u00e1rosban folytatott megbesz\u00e9l\u00e9sek k\u00f6z\u00e9ppontj\u00e1ban az Eur\u00f3pai Uni\u00f3 j\u00f6v\u0151je, a politikai \u00e9s int\u00e9zm\u00e9nyi \u00e9rt\u00e9kek, valamint a j\u00f6v\u0151 \u00e9vi eur\u00f3pai parlamenti v\u00e1laszt\u00e1sok \u00e1lltak. Megvitatt\u00e1k, hogy milyen receptet kell tal\u00e1lni az EU meger\u0151s\u00edt\u00e9s\u00e9re. - A visegr\u00e1di csoporton bel\u00fcli egy\u00fcttm\u0171k\u00f6d\u00e9s j\u00f3 p\u00e9lda arra, hogy az eg\u00e9sz Uni\u00f3ban j\u00f3 inspir\u00e1l\u00f3 v\u00e1ltoz\u00e1sok t\u00f6rt\u00e9nnek. Ha eur\u00f3pai \u00e9rt\u00e9kekr\u0151l besz\u00e9l\u00fcnk, \u00e9rdemes megfontolni, hogy ne csak a politikai \u00e9rt\u00e9kekre szor\u00edtkozzunk, mivel ezeket a szerz\u0151d\u00e9sek r\u00f6gz\u00edtik. \u00c9rdemes vit\u00e1t kezdeni arr\u00f3l, hogy visszat\u00e9rj\u00fcnk az Eur\u00f3pai Uni\u00f3t l\u00e9trehoz\u00f3 axiol\u00f3giai alapokhoz, nevezetesen azokhoz a kereszt\u00e9ny \u00e9rt\u00e9kekhez, amelyekre az eur\u00f3pai civiliz\u00e1ci\u00f3 mindig is \u00e9p\u00fclt\" - mondta a szejm eln\u00f6ke a tal\u00e1lkoz\u00f3n.<\/p>\n<p dir=\"ltr\">A cs\u00fct\u00f6rt\u00f6ki megbesz\u00e9l\u00e9sek sor\u00e1n hangs\u00falyozt\u00e1k, hogy a visegr\u00e1di csoport akt\u00edv \u00e9s konstrukt\u00edv partner k\u00edv\u00e1n lenni az eur\u00f3pai integr\u00e1ci\u00f3 folyamat\u00e1ban, \u00e9s hogy az Eur\u00f3pai Uni\u00f3 egy egyed\u00fcl\u00e1ll\u00f3 projekt, amelynek minden tagj\u00e1t t\u00e1mogatnia kell. Ez\u00e9rt fontos, hogy k\u00f6z\u00f6s \u00e1ll\u00e1spontot keress\u00fcnk az EU-r\u00f3l. Sz\u00f3ba ker\u00fcltek a j\u00f6v\u0151 \u00e9vi eur\u00f3pai parlamenti v\u00e1laszt\u00e1sok k\u00e9rd\u00e9sei is, felh\u00edvva a figyelmet t\u00f6bbek k\u00f6z\u00f6tt az alacsony v\u00e1laszt\u00e1si r\u00e9szv\u00e9tel probl\u00e9m\u00e1j\u00e1ra.<\/p>\n<p dir=\"ltr\">A pozsonyi parlamenti eln\u00f6k\u00f6k tal\u00e1lkoz\u00f3j\u00e1nak h\u00e1zigazd\u00e1ja Andrej Danko, a Szlov\u00e1k K\u00f6zt\u00e1rsas\u00e1g Nemzeti Tan\u00e1cs\u00e1nak eln\u00f6ke volt. Az esem\u00e9nyen a lengyel \u00e9s a szlov\u00e1k deleg\u00e1ci\u00f3n k\u00edv\u00fcl r\u00e9szt vett K\u00f6v\u00e9r L\u00e1szl\u00f3, a Magyar Orsz\u00e1ggy\u0171l\u00e9s eln\u00f6ke, Radek Vondr\u00e1\u010dek, a cseh parlament k\u00e9pvisel\u0151h\u00e1z\u00e1nak eln\u00f6ke, valamint Wolfgang Sch\u00e4uble, a n\u00e9met Bundestag eln\u00f6ke \u00e9s Richard Ferrand, a francia nemzetgy\u0171l\u00e9s eln\u00f6ke.<\/p>\n<p dir=\"ltr\"><em>Fot\u00f3: Marta Marchlewska<\/em><\/p>\n<p><a href=\"https:\/\/marekkuchcinski.pl\/wp-content\/uploads\/2018\/11\/MMA_3895.view_.jpg\"><img fetchpriority=\"high\" decoding=\"async\" class=\"alignnone size-full wp-image-10746\" src=\"https:\/\/marekkuchcinski.pl\/wp-content\/uploads\/2018\/11\/MMA_3895.view_.jpg\" alt=\"MMA_3895.view\" width=\"785\" height=\"600\" srcset=\"https:\/\/marekkuchcinski.pl\/wp-content\/uploads\/2018\/11\/MMA_3895.view_.jpg 785w, https:\/\/marekkuchcinski.pl\/wp-content\/uploads\/2018\/11\/MMA_3895.view_-300x229.jpg 300w, https:\/\/marekkuchcinski.pl\/wp-content\/uploads\/2018\/11\/MMA_3895.view_-768x587.jpg 768w\" sizes=\"(max-width: 785px) 100vw, 785px\" \/><\/a> <a href=\"https:\/\/marekkuchcinski.pl\/wp-content\/uploads\/2018\/11\/MMA_4031.jpg\"><img decoding=\"async\" class=\"alignnone size-full wp-image-10747\" src=\"https:\/\/marekkuchcinski.pl\/wp-content\/uploads\/2018\/11\/MMA_4031.jpg\" alt=\"MMA_4031\" width=\"7360\" height=\"4912\" srcset=\"https:\/\/marekkuchcinski.pl\/wp-content\/uploads\/2018\/11\/MMA_4031.jpg 2048w, https:\/\/marekkuchcinski.pl\/wp-content\/uploads\/2018\/11\/MMA_4031-300x200.jpg 300w, https:\/\/marekkuchcinski.pl\/wp-content\/uploads\/2018\/11\/MMA_4031-768x513.jpg 768w, https:\/\/marekkuchcinski.pl\/wp-content\/uploads\/2018\/11\/MMA_4031-1024x683.jpg 1024w\" sizes=\"(max-width: 7360px) 100vw, 7360px\" \/><\/a> <a href=\"https:\/\/marekkuchcinski.pl\/wp-content\/uploads\/2018\/11\/MMA_4091.jpg\"><img decoding=\"async\" class=\"alignnone size-full wp-image-10749\" src=\"https:\/\/marekkuchcinski.pl\/wp-content\/uploads\/2018\/11\/MMA_4091.jpg\" alt=\"MMA_4091\" width=\"5811\" height=\"3874\" srcset=\"https:\/\/marekkuchcinski.pl\/wp-content\/uploads\/2018\/11\/MMA_4091.jpg 2048w, https:\/\/marekkuchcinski.pl\/wp-content\/uploads\/2018\/11\/MMA_4091-300x200.jpg 300w, https:\/\/marekkuchcinski.pl\/wp-content\/uploads\/2018\/11\/MMA_4091-768x512.jpg 768w, https:\/\/marekkuchcinski.pl\/wp-content\/uploads\/2018\/11\/MMA_4091-1024x683.jpg 1024w\" sizes=\"(max-width: 5811px) 100vw, 5811px\" \/><\/a><\/p>\n<p><a href=\"https:\/\/marekkuchcinski.pl\/wp-content\/uploads\/2018\/11\/ok-1.jpg\"><img loading=\"lazy\" decoding=\"async\" class=\"alignnone size-full wp-image-10761\" src=\"https:\/\/marekkuchcinski.pl\/wp-content\/uploads\/2018\/11\/ok-1.jpg\" alt=\"ok (1)\" width=\"4715\" height=\"3144\" srcset=\"https:\/\/marekkuchcinski.pl\/wp-content\/uploads\/2018\/11\/ok-1.jpg 2048w, https:\/\/marekkuchcinski.pl\/wp-content\/uploads\/2018\/11\/ok-1-300x200.jpg 300w, https:\/\/marekkuchcinski.pl\/wp-content\/uploads\/2018\/11\/ok-1-768x512.jpg 768w, https:\/\/marekkuchcinski.pl\/wp-content\/uploads\/2018\/11\/ok-1-1024x683.jpg 1024w\" sizes=\"(max-width: 4715px) 100vw, 4715px\" \/><\/a><\/p>","protected":false},"excerpt":{"rendered":"<p>Spotkanie zosta\u0142o zorganizowane w ramach s\u0142owackiej prezydencji w Grupie Wyszehradzkiej. Ze strony polskiej w wydarzeniu uczestniczyli marsza\u0142ek Sejmu Marek Kuchci\u0144ski, wicemarsza\u0142ek Senatu Micha\u0142 Sewery\u0144ski oraz szef Kancelarii Sejmu Agnieszka Kaczmarska. Rozmowy w stolicy S\u0142owacji dotyczy\u0142y przysz\u0142o\u015bci Unii Europejskiej, warto\u015bci politycznych i instytucjonalnych oraz przysz\u0142orocznych wybor\u00f3w do Parlamentu Europejskiego. Dyskutowano nad poszukiwaniem recepty na wzmocnienie UE. [&hellip;]<\/p>","protected":false},"author":6,"featured_media":10761,"comment_status":"open","ping_status":"open","sticky":false,"template":"","format":"standard","meta":{"ngg_post_thumbnail":0,"footnotes":""},"categories":[50,3],"tags":[],"class_list":["post-10745","post","type-post","status-publish","format-standard","has-post-thumbnail","hentry","category-wspolpraca-miedzynarodowa","category-wydarzenia"],"yoast_head":"<!-- This site is optimized with the Yoast SEO plugin v24.7 - https:\/\/yoast.com\/wordpress\/plugins\/seo\/ -->\n<title>Bratys\u0142awa: Spotkanie przewodnicz\u0105cych parlament\u00f3w pa\u0144stw Grupy Wyszehradzkiej, Niemiec i Francji &#8211; Marek Kuchci\u0144ski<\/title>\n<meta name=\"robots\" content=\"index, follow, max-snippet:-1, max-image-preview:large, max-video-preview:-1\" \/>\n<link rel=\"canonical\" href=\"https:\/\/marekkuchcinski.pl\/hu\/wydarzenia\/bratyslawa-spotkanie-przewodniczacych-parlamentow-panstw-grupy-wyszehradzkiej-niemiec-francji\/\" \/>\n<meta property=\"og:locale\" content=\"hu_HU\" \/>\n<meta property=\"og:type\" content=\"article\" \/>\n<meta property=\"og:title\" content=\"Bratys\u0142awa: Spotkanie przewodnicz\u0105cych parlament\u00f3w pa\u0144stw Grupy Wyszehradzkiej, Niemiec i Francji &#8211; Marek Kuchci\u0144ski\" \/>\n<meta property=\"og:description\" content=\"Spotkanie zosta\u0142o zorganizowane w ramach s\u0142owackiej prezydencji w Grupie Wyszehradzkiej. Ze strony polskiej w wydarzeniu uczestniczyli marsza\u0142ek Sejmu Marek Kuchci\u0144ski, wicemarsza\u0142ek Senatu Micha\u0142 Sewery\u0144ski oraz szef Kancelarii Sejmu Agnieszka Kaczmarska. Rozmowy w stolicy S\u0142owacji dotyczy\u0142y przysz\u0142o\u015bci Unii Europejskiej, warto\u015bci politycznych i instytucjonalnych oraz przysz\u0142orocznych wybor\u00f3w do Parlamentu Europejskiego. Dyskutowano nad poszukiwaniem recepty na wzmocnienie UE. [&hellip;]\" \/>\n<meta property=\"og:url\" content=\"https:\/\/marekkuchcinski.pl\/hu\/wydarzenia\/bratyslawa-spotkanie-przewodniczacych-parlamentow-panstw-grupy-wyszehradzkiej-niemiec-francji\/\" \/>\n<meta property=\"og:site_name\" content=\"Marek Kuchci\u0144ski\" \/>\n<meta property=\"article:published_time\" content=\"2018-11-16T08:46:03+00:00\" \/>\n<meta property=\"og:image\" content=\"https:\/\/marekkuchcinski.pl\/wp-content\/uploads\/2018\/11\/ok-1.jpg\" \/>\n\t<meta property=\"og:image:width\" content=\"2048\" \/>\n\t<meta property=\"og:image:height\" content=\"1366\" \/>\n\t<meta property=\"og:image:type\" content=\"image\/jpeg\" \/>\n<meta name=\"author\" content=\"admin\" \/>\n<meta name=\"twitter:card\" content=\"summary_large_image\" \/>\n<meta name=\"twitter:label1\" content=\"Szerz\u0151:\" \/>\n\t<meta name=\"twitter:data1\" content=\"admin\" \/>\n\t<meta name=\"twitter:label2\" content=\"Becs\u00fclt olvas\u00e1si id\u0151\" \/>\n\t<meta name=\"twitter:data2\" content=\"1 perc\" \/>\n<script type=\"application\/ld+json\" class=\"yoast-schema-graph\">{\"@context\":\"https:\/\/schema.org\",\"@graph\":[{\"@type\":\"Article\",\"@id\":\"https:\/\/marekkuchcinski.pl\/sk\/wydarzenia\/bratyslawa-spotkanie-przewodniczacych-parlamentow-panstw-grupy-wyszehradzkiej-niemiec-francji\/#article\",\"isPartOf\":{\"@id\":\"https:\/\/marekkuchcinski.pl\/sk\/wydarzenia\/bratyslawa-spotkanie-przewodniczacych-parlamentow-panstw-grupy-wyszehradzkiej-niemiec-francji\/\"},\"author\":{\"name\":\"admin\",\"@id\":\"https:\/\/marekkuchcinski.pl\/#\/schema\/person\/6f62700996b4d950b6ea2d1183b6c6be\"},\"headline\":\"Bratys\u0142awa: Spotkanie przewodnicz\u0105cych parlament\u00f3w pa\u0144stw Grupy Wyszehradzkiej, Niemiec i Francji\",\"datePublished\":\"2018-11-16T08:46:03+00:00\",\"mainEntityOfPage\":{\"@id\":\"https:\/\/marekkuchcinski.pl\/sk\/wydarzenia\/bratyslawa-spotkanie-przewodniczacych-parlamentow-panstw-grupy-wyszehradzkiej-niemiec-francji\/\"},\"wordCount\":300,\"commentCount\":0,\"publisher\":{\"@id\":\"https:\/\/marekkuchcinski.pl\/#organization\"},\"image\":{\"@id\":\"https:\/\/marekkuchcinski.pl\/sk\/wydarzenia\/bratyslawa-spotkanie-przewodniczacych-parlamentow-panstw-grupy-wyszehradzkiej-niemiec-francji\/#primaryimage\"},\"thumbnailUrl\":\"https:\/\/marekkuchcinski.pl\/wp-content\/uploads\/2018\/11\/ok-1.jpg\",\"articleSection\":[\"Wsp\u00f3\u0142praca mi\u0119dzynarodowa\",\"Wydarzenia\"],\"inLanguage\":\"hu\",\"potentialAction\":[{\"@type\":\"CommentAction\",\"name\":\"Comment\",\"target\":[\"https:\/\/marekkuchcinski.pl\/sk\/wydarzenia\/bratyslawa-spotkanie-przewodniczacych-parlamentow-panstw-grupy-wyszehradzkiej-niemiec-francji\/#respond\"]}]},{\"@type\":\"WebPage\",\"@id\":\"https:\/\/marekkuchcinski.pl\/sk\/wydarzenia\/bratyslawa-spotkanie-przewodniczacych-parlamentow-panstw-grupy-wyszehradzkiej-niemiec-francji\/\",\"url\":\"https:\/\/marekkuchcinski.pl\/sk\/wydarzenia\/bratyslawa-spotkanie-przewodniczacych-parlamentow-panstw-grupy-wyszehradzkiej-niemiec-francji\/\",\"name\":\"Bratys\u0142awa: Spotkanie przewodnicz\u0105cych parlament\u00f3w pa\u0144stw Grupy Wyszehradzkiej, Niemiec i Francji &#8211; Marek Kuchci\u0144ski\",\"isPartOf\":{\"@id\":\"https:\/\/marekkuchcinski.pl\/#website\"},\"primaryImageOfPage\":{\"@id\":\"https:\/\/marekkuchcinski.pl\/sk\/wydarzenia\/bratyslawa-spotkanie-przewodniczacych-parlamentow-panstw-grupy-wyszehradzkiej-niemiec-francji\/#primaryimage\"},\"image\":{\"@id\":\"https:\/\/marekkuchcinski.pl\/sk\/wydarzenia\/bratyslawa-spotkanie-przewodniczacych-parlamentow-panstw-grupy-wyszehradzkiej-niemiec-francji\/#primaryimage\"},\"thumbnailUrl\":\"https:\/\/marekkuchcinski.pl\/wp-content\/uploads\/2018\/11\/ok-1.jpg\",\"datePublished\":\"2018-11-16T08:46:03+00:00\",\"breadcrumb\":{\"@id\":\"https:\/\/marekkuchcinski.pl\/sk\/wydarzenia\/bratyslawa-spotkanie-przewodniczacych-parlamentow-panstw-grupy-wyszehradzkiej-niemiec-francji\/#breadcrumb\"},\"inLanguage\":\"hu\",\"potentialAction\":[{\"@type\":\"ReadAction\",\"target\":[\"https:\/\/marekkuchcinski.pl\/sk\/wydarzenia\/bratyslawa-spotkanie-przewodniczacych-parlamentow-panstw-grupy-wyszehradzkiej-niemiec-francji\/\"]}]},{\"@type\":\"ImageObject\",\"inLanguage\":\"hu\",\"@id\":\"https:\/\/marekkuchcinski.pl\/sk\/wydarzenia\/bratyslawa-spotkanie-przewodniczacych-parlamentow-panstw-grupy-wyszehradzkiej-niemiec-francji\/#primaryimage\",\"url\":\"https:\/\/marekkuchcinski.pl\/wp-content\/uploads\/2018\/11\/ok-1.jpg\",\"contentUrl\":\"https:\/\/marekkuchcinski.pl\/wp-content\/uploads\/2018\/11\/ok-1.jpg\",\"width\":2048,\"height\":1366},{\"@type\":\"BreadcrumbList\",\"@id\":\"https:\/\/marekkuchcinski.pl\/sk\/wydarzenia\/bratyslawa-spotkanie-przewodniczacych-parlamentow-panstw-grupy-wyszehradzkiej-niemiec-francji\/#breadcrumb\",\"itemListElement\":[{\"@type\":\"ListItem\",\"position\":1,\"name\":\"Strona g\u0142\u00f3wna\",\"item\":\"https:\/\/marekkuchcinski.pl\/\"},{\"@type\":\"ListItem\",\"position\":2,\"name\":\"Bratys\u0142awa: Spotkanie przewodnicz\u0105cych parlament\u00f3w pa\u0144stw Grupy Wyszehradzkiej, Niemiec i Francji\"}]},{\"@type\":\"WebSite\",\"@id\":\"https:\/\/marekkuchcinski.pl\/#website\",\"url\":\"https:\/\/marekkuchcinski.pl\/\",\"name\":\"Marek Kuchci\u0144ski\",\"description\":\"Pose\u0142 na sejm RP &ndash; okr\u0119g nr 22\",\"publisher\":{\"@id\":\"https:\/\/marekkuchcinski.pl\/#organization\"},\"potentialAction\":[{\"@type\":\"SearchAction\",\"target\":{\"@type\":\"EntryPoint\",\"urlTemplate\":\"https:\/\/marekkuchcinski.pl\/?s={search_term_string}\"},\"query-input\":{\"@type\":\"PropertyValueSpecification\",\"valueRequired\":true,\"valueName\":\"search_term_string\"}}],\"inLanguage\":\"hu\"},{\"@type\":\"Organization\",\"@id\":\"https:\/\/marekkuchcinski.pl\/#organization\",\"name\":\"Marek Kuchci\u0144ski\",\"url\":\"https:\/\/marekkuchcinski.pl\/\",\"logo\":{\"@type\":\"ImageObject\",\"inLanguage\":\"hu\",\"@id\":\"https:\/\/marekkuchcinski.pl\/#\/schema\/logo\/image\/\",\"url\":\"https:\/\/marekkuchcinski.pl\/wp-content\/uploads\/2022\/09\/Marek.jpg\",\"contentUrl\":\"https:\/\/marekkuchcinski.pl\/wp-content\/uploads\/2022\/09\/Marek.jpg\",\"width\":1600,\"height\":971,\"caption\":\"Marek Kuchci\u0144ski\"},\"image\":{\"@id\":\"https:\/\/marekkuchcinski.pl\/#\/schema\/logo\/image\/\"}},{\"@type\":\"Person\",\"@id\":\"https:\/\/marekkuchcinski.pl\/#\/schema\/person\/6f62700996b4d950b6ea2d1183b6c6be\",\"name\":\"admin\",\"image\":{\"@type\":\"ImageObject\",\"inLanguage\":\"hu\",\"@id\":\"https:\/\/marekkuchcinski.pl\/#\/schema\/person\/image\/\",\"url\":\"https:\/\/secure.gravatar.com\/avatar\/4bab693b9d55c3d6b52c0296a8765085?s=96&d=mm&r=g\",\"contentUrl\":\"https:\/\/secure.gravatar.com\/avatar\/4bab693b9d55c3d6b52c0296a8765085?s=96&d=mm&r=g\",\"caption\":\"admin\"},\"url\":\"https:\/\/marekkuchcinski.pl\/hu\/author\/marta-olejnik\/\"}]}<\/script>\n<!-- \/ Yoast SEO plugin. -->","yoast_head_json":{"title":"Bratys\u0142awa: Spotkanie przewodnicz\u0105cych parlament\u00f3w pa\u0144stw Grupy Wyszehradzkiej, Niemiec i Francji &#8211; Marek Kuchci\u0144ski","robots":{"index":"index","follow":"follow","max-snippet":"max-snippet:-1","max-image-preview":"max-image-preview:large","max-video-preview":"max-video-preview:-1"},"canonical":"https:\/\/marekkuchcinski.pl\/hu\/wydarzenia\/bratyslawa-spotkanie-przewodniczacych-parlamentow-panstw-grupy-wyszehradzkiej-niemiec-francji\/","og_locale":"hu_HU","og_type":"article","og_title":"Bratys\u0142awa: Spotkanie przewodnicz\u0105cych parlament\u00f3w pa\u0144stw Grupy Wyszehradzkiej, Niemiec i Francji &#8211; Marek Kuchci\u0144ski","og_description":"Spotkanie zosta\u0142o zorganizowane w ramach s\u0142owackiej prezydencji w Grupie Wyszehradzkiej. Ze strony polskiej w wydarzeniu uczestniczyli marsza\u0142ek Sejmu Marek Kuchci\u0144ski, wicemarsza\u0142ek Senatu Micha\u0142 Sewery\u0144ski oraz szef Kancelarii Sejmu Agnieszka Kaczmarska. Rozmowy w stolicy S\u0142owacji dotyczy\u0142y przysz\u0142o\u015bci Unii Europejskiej, warto\u015bci politycznych i instytucjonalnych oraz przysz\u0142orocznych wybor\u00f3w do Parlamentu Europejskiego. Dyskutowano nad poszukiwaniem recepty na wzmocnienie UE. [&hellip;]","og_url":"https:\/\/marekkuchcinski.pl\/hu\/wydarzenia\/bratyslawa-spotkanie-przewodniczacych-parlamentow-panstw-grupy-wyszehradzkiej-niemiec-francji\/","og_site_name":"Marek Kuchci\u0144ski","article_published_time":"2018-11-16T08:46:03+00:00","og_image":[{"width":2048,"height":1366,"url":"https:\/\/marekkuchcinski.pl\/wp-content\/uploads\/2018\/11\/ok-1.jpg","type":"image\/jpeg"}],"author":"admin","twitter_card":"summary_large_image","twitter_misc":{"Szerz\u0151:":"admin","Becs\u00fclt olvas\u00e1si id\u0151":"1 perc"},"schema":{"@context":"https:\/\/schema.org","@graph":[{"@type":"Article","@id":"https:\/\/marekkuchcinski.pl\/sk\/wydarzenia\/bratyslawa-spotkanie-przewodniczacych-parlamentow-panstw-grupy-wyszehradzkiej-niemiec-francji\/#article","isPartOf":{"@id":"https:\/\/marekkuchcinski.pl\/sk\/wydarzenia\/bratyslawa-spotkanie-przewodniczacych-parlamentow-panstw-grupy-wyszehradzkiej-niemiec-francji\/"},"author":{"name":"admin","@id":"https:\/\/marekkuchcinski.pl\/#\/schema\/person\/6f62700996b4d950b6ea2d1183b6c6be"},"headline":"Bratys\u0142awa: Spotkanie przewodnicz\u0105cych parlament\u00f3w pa\u0144stw Grupy Wyszehradzkiej, Niemiec i Francji","datePublished":"2018-11-16T08:46:03+00:00","mainEntityOfPage":{"@id":"https:\/\/marekkuchcinski.pl\/sk\/wydarzenia\/bratyslawa-spotkanie-przewodniczacych-parlamentow-panstw-grupy-wyszehradzkiej-niemiec-francji\/"},"wordCount":300,"commentCount":0,"publisher":{"@id":"https:\/\/marekkuchcinski.pl\/#organization"},"image":{"@id":"https:\/\/marekkuchcinski.pl\/sk\/wydarzenia\/bratyslawa-spotkanie-przewodniczacych-parlamentow-panstw-grupy-wyszehradzkiej-niemiec-francji\/#primaryimage"},"thumbnailUrl":"https:\/\/marekkuchcinski.pl\/wp-content\/uploads\/2018\/11\/ok-1.jpg","articleSection":["Wsp\u00f3\u0142praca mi\u0119dzynarodowa","Wydarzenia"],"inLanguage":"hu","potentialAction":[{"@type":"CommentAction","name":"Comment","target":["https:\/\/marekkuchcinski.pl\/sk\/wydarzenia\/bratyslawa-spotkanie-przewodniczacych-parlamentow-panstw-grupy-wyszehradzkiej-niemiec-francji\/#respond"]}]},{"@type":"WebPage","@id":"https:\/\/marekkuchcinski.pl\/sk\/wydarzenia\/bratyslawa-spotkanie-przewodniczacych-parlamentow-panstw-grupy-wyszehradzkiej-niemiec-francji\/","url":"https:\/\/marekkuchcinski.pl\/sk\/wydarzenia\/bratyslawa-spotkanie-przewodniczacych-parlamentow-panstw-grupy-wyszehradzkiej-niemiec-francji\/","name":"Bratys\u0142awa: Spotkanie przewodnicz\u0105cych parlament\u00f3w pa\u0144stw Grupy Wyszehradzkiej, Niemiec i Francji &#8211; Marek Kuchci\u0144ski","isPartOf":{"@id":"https:\/\/marekkuchcinski.pl\/#website"},"primaryImageOfPage":{"@id":"https:\/\/marekkuchcinski.pl\/sk\/wydarzenia\/bratyslawa-spotkanie-przewodniczacych-parlamentow-panstw-grupy-wyszehradzkiej-niemiec-francji\/#primaryimage"},"image":{"@id":"https:\/\/marekkuchcinski.pl\/sk\/wydarzenia\/bratyslawa-spotkanie-przewodniczacych-parlamentow-panstw-grupy-wyszehradzkiej-niemiec-francji\/#primaryimage"},"thumbnailUrl":"https:\/\/marekkuchcinski.pl\/wp-content\/uploads\/2018\/11\/ok-1.jpg","datePublished":"2018-11-16T08:46:03+00:00","breadcrumb":{"@id":"https:\/\/marekkuchcinski.pl\/sk\/wydarzenia\/bratyslawa-spotkanie-przewodniczacych-parlamentow-panstw-grupy-wyszehradzkiej-niemiec-francji\/#breadcrumb"},"inLanguage":"hu","potentialAction":[{"@type":"ReadAction","target":["https:\/\/marekkuchcinski.pl\/sk\/wydarzenia\/bratyslawa-spotkanie-przewodniczacych-parlamentow-panstw-grupy-wyszehradzkiej-niemiec-francji\/"]}]},{"@type":"ImageObject","inLanguage":"hu","@id":"https:\/\/marekkuchcinski.pl\/sk\/wydarzenia\/bratyslawa-spotkanie-przewodniczacych-parlamentow-panstw-grupy-wyszehradzkiej-niemiec-francji\/#primaryimage","url":"https:\/\/marekkuchcinski.pl\/wp-content\/uploads\/2018\/11\/ok-1.jpg","contentUrl":"https:\/\/marekkuchcinski.pl\/wp-content\/uploads\/2018\/11\/ok-1.jpg","width":2048,"height":1366},{"@type":"BreadcrumbList","@id":"https:\/\/marekkuchcinski.pl\/sk\/wydarzenia\/bratyslawa-spotkanie-przewodniczacych-parlamentow-panstw-grupy-wyszehradzkiej-niemiec-francji\/#breadcrumb","itemListElement":[{"@type":"ListItem","position":1,"name":"Strona g\u0142\u00f3wna","item":"https:\/\/marekkuchcinski.pl\/"},{"@type":"ListItem","position":2,"name":"Bratys\u0142awa: Spotkanie przewodnicz\u0105cych parlament\u00f3w pa\u0144stw Grupy Wyszehradzkiej, Niemiec i Francji"}]},{"@type":"WebSite","@id":"https:\/\/marekkuchcinski.pl\/#website","url":"https:\/\/marekkuchcinski.pl\/","name":"Marek Kuchci\u0144ski","description":"Pose\u0142 na sejm RP &ndash; okr\u0119g nr 22","publisher":{"@id":"https:\/\/marekkuchcinski.pl\/#organization"},"potentialAction":[{"@type":"SearchAction","target":{"@type":"EntryPoint","urlTemplate":"https:\/\/marekkuchcinski.pl\/?s={search_term_string}"},"query-input":{"@type":"PropertyValueSpecification","valueRequired":true,"valueName":"search_term_string"}}],"inLanguage":"hu"},{"@type":"Organization","@id":"https:\/\/marekkuchcinski.pl\/#organization","name":"Marek Kuchci\u0144ski","url":"https:\/\/marekkuchcinski.pl\/","logo":{"@type":"ImageObject","inLanguage":"hu","@id":"https:\/\/marekkuchcinski.pl\/#\/schema\/logo\/image\/","url":"https:\/\/marekkuchcinski.pl\/wp-content\/uploads\/2022\/09\/Marek.jpg","contentUrl":"https:\/\/marekkuchcinski.pl\/wp-content\/uploads\/2022\/09\/Marek.jpg","width":1600,"height":971,"caption":"Marek Kuchci\u0144ski"},"image":{"@id":"https:\/\/marekkuchcinski.pl\/#\/schema\/logo\/image\/"}},{"@type":"Person","@id":"https:\/\/marekkuchcinski.pl\/#\/schema\/person\/6f62700996b4d950b6ea2d1183b6c6be","name":"admin","image":{"@type":"ImageObject","inLanguage":"hu","@id":"https:\/\/marekkuchcinski.pl\/#\/schema\/person\/image\/","url":"https:\/\/secure.gravatar.com\/avatar\/4bab693b9d55c3d6b52c0296a8765085?s=96&d=mm&r=g","contentUrl":"https:\/\/secure.gravatar.com\/avatar\/4bab693b9d55c3d6b52c0296a8765085?s=96&d=mm&r=g","caption":"admin"},"url":"https:\/\/marekkuchcinski.pl\/hu\/author\/marta-olejnik\/"}]}},"_links":{"self":[{"href":"https:\/\/marekkuchcinski.pl\/hu\/wp-json\/wp\/v2\/posts\/10745","targetHints":{"allow":["GET"]}}],"collection":[{"href":"https:\/\/marekkuchcinski.pl\/hu\/wp-json\/wp\/v2\/posts"}],"about":[{"href":"https:\/\/marekkuchcinski.pl\/hu\/wp-json\/wp\/v2\/types\/post"}],"author":[{"embeddable":true,"href":"https:\/\/marekkuchcinski.pl\/hu\/wp-json\/wp\/v2\/users\/6"}],"replies":[{"embeddable":true,"href":"https:\/\/marekkuchcinski.pl\/hu\/wp-json\/wp\/v2\/comments?post=10745"}],"version-history":[{"count":5,"href":"https:\/\/marekkuchcinski.pl\/hu\/wp-json\/wp\/v2\/posts\/10745\/revisions"}],"predecessor-version":[{"id":10762,"href":"https:\/\/marekkuchcinski.pl\/hu\/wp-json\/wp\/v2\/posts\/10745\/revisions\/10762"}],"wp:featuredmedia":[{"embeddable":true,"href":"https:\/\/marekkuchcinski.pl\/hu\/wp-json\/wp\/v2\/media\/10761"}],"wp:attachment":[{"href":"https:\/\/marekkuchcinski.pl\/hu\/wp-json\/wp\/v2\/media?parent=10745"}],"wp:term":[{"taxonomy":"category","embeddable":true,"href":"https:\/\/marekkuchcinski.pl\/hu\/wp-json\/wp\/v2\/categories?post=10745"},{"taxonomy":"post_tag","embeddable":true,"href":"https:\/\/marekkuchcinski.pl\/hu\/wp-json\/wp\/v2\/tags?post=10745"}],"curies":[{"name":"wp","href":"https:\/\/api.w.org\/{rel}","templated":true}]}}