{"id":10395,"date":"2018-09-19T12:55:07","date_gmt":"2018-09-19T10:55:07","guid":{"rendered":"https:\/\/marekkuchcinski.pl\/?p=10395"},"modified":"2018-09-19T13:01:48","modified_gmt":"2018-09-19T11:01:48","slug":"konwencja-wyborcza-prawa-sprawiedliwosci-przemyslu","status":"publish","type":"post","link":"https:\/\/marekkuchcinski.pl\/hu\/wydarzenia\/konwencja-wyborcza-prawa-sprawiedliwosci-przemyslu\/","title":{"rendered":"A Jog \u00e9s Igazs\u00e1goss\u00e1g P\u00e1rt v\u00e1laszt\u00e1si kongresszusa Przemy\u015blben"},"content":{"rendered":"<p>A Jog \u00e9s Igazs\u00e1goss\u00e1g p\u00e1rt Przemy\u015blben tartott v\u00e1laszt\u00e1si kongresszus\u00e1n Marek Kuchci\u0144ski, a szejm eln\u00f6ke hangs\u00falyozta, hogy a Jog \u00e9s Igazs\u00e1goss\u00e1g p\u00e1rt c\u00e9lja a lengyelek \u00e9letsz\u00ednvonal\u00e1nak emel\u00e9se. Az er\u0151s \u00e9s hat\u00e9kony szoci\u00e1lpolitika mellett (500+ program, layette+, a minim\u00e1lb\u00e9r emel\u00e9se, az id\u0151sek \u00e9s nyugd\u00edjasok t\u00e1mogat\u00e1sa). A Jog \u00e9s Igazs\u00e1goss\u00e1g a hazai gazdas\u00e1g fejleszt\u00e9s\u00e9re \u00e9s v\u00e1llalkoz\u00f3ink seg\u00edt\u00e9s\u00e9re helyezi a hangs\u00falyt. Az olyan int\u00e9zked\u00e9sek, mint a CIT vagy a ZUS cs\u00f6kkent\u00e9se, els\u0151sorban a kis- \u00e9s k\u00f6z\u00e9pv\u00e1llalkoz\u00f3k t\u00e1mogat\u00e1s\u00e1ra szolg\u00e1lnak, nem pedig a nagyv\u00e1llalatok\u00e9ra.<\/p>\n<p>A marsall v\u00e9lem\u00e9nye szerint a r\u00e9gi\u00f3kat gazdas\u00e1gilag h\u00faz\u00f3 mozdonyv\u00e1rosok koncepci\u00f3ja nem v\u00e1lt be. - V\u00e9lem\u00e9nyem szerint az \u00e1llami p\u00e9nzek \u00e9s eszk\u00f6z\u00f6k eloszt\u00e1s\u00e1nak mindenekel\u0151tt a r\u00e1szorul\u00f3kra - v\u00e1rosokra, falvakra \u00e9s t\u00e1rsadalmi csoportokra - kell vonatkoznia. Fejl\u0151d\u00e9s igen, de kiegyens\u00falyozott fejl\u0151d\u00e9s. A gazdagok boldogulni fognak a szabad piac vil\u00e1g\u00e1ban - mondta.<\/p>\n<p>A h\u00e1zeln\u00f6k eml\u00e9keztetett arra, hogy volt id\u0151, amikor a lengyel gazdas\u00e1g sok mindent\u0151l f\u00fcgg\u00f6tt, p\u00e9ld\u00e1ul nemzetk\u00f6zi t\u00e9nyez\u0151kt\u0151l. A Nemzeti Befektet\u00e9si Alapok felsz\u00e1mol\u00e1sai t\u00f6bb mint 500 munkahelyet \u00e9rintettek. Emberek t\u00edzezrei v\u00e1ltak munkan\u00e9lk\u00fcliv\u00e9. A PiS \u00fajj\u00e1 akarja \u00e9p\u00edteni \u00e9s meg akarja er\u0151s\u00edteni a gazdas\u00e1got, \u00e9s sz\u00e1mos l\u00e9p\u00e9st tesz ennek \u00e9rdek\u00e9ben. Az egyik legnagyobb beruh\u00e1z\u00e1s egy 5 milli\u00e1rdos projekt, amely a telep\u00fcl\u00e9si \u00e9s ker\u00fcleti \u00f6nkorm\u00e1nyzatokat c\u00e9lozza - az utak jav\u00edt\u00e1s\u00e1t \u00e9s a lakosok k\u00f6nnyebb el\u00e9rhet\u0151s\u00e9g\u00e9t.<\/p>\n<p><strong>Morawiecki \u00f6t, Kuchci\u0144ski \u00e1ltal eml\u00edtett Podkarpacie-\u00e9rt felel\u0151s k\u00e9pvisel\u0151je a k\u00f6vetkez\u0151. <\/strong><\/p>\n<ol>\n<li>K\u00f6z\u00fati infrastrukt\u00fara fejleszt\u00e9se: Via Carpathia gyorsforgalmi \u00fat Nisko - Rzesz\u00f3w - Krosno - Barwinek, gyorsforgalmi \u00fat Rzesz\u00f3w - Tarnobrzeg - Radom \u00e9s h\u00edd a San foly\u00f3 felett Jaros\u0142awban,<\/li>\n<li>Vas\u00fatvonalak korszer\u0171s\u00edt\u00e9se: Rzesz\u00f3w - Vars\u00f3 \u00f6sszek\u00f6ttet\u00e9s, Jas\u0142o - Krosno - Sanok - Zag\u00f3rz - Ustrzyki - Kro\u015bcienko -Malhowice - Przemy\u015bl, Kolbuszowa, Debica, Strzy\u017c\u00f3w, Przeworsk agglomer\u00e1ci\u00f3s vas\u00fatvonalak, valamint a vas\u00fat\u00e1llom\u00e1sok korszer\u0171s\u00edt\u00e9se,<\/li>\n<li>A Mieszkanie+ program v\u00e9grehajt\u00e1sa: Boguchwa\u0142a, D\u0119bica, Krosno, Jaros\u0142aw, Jas\u0142o, Mielec, Nowa D\u0119ba, Przemy\u015bl, Sanok, Stalowa Wola \u00e9s Tarnobrzeg,<\/li>\n<\/ol>\n<ol start=\"3\">\n<li>\u00c1rv\u00edzv\u00e9delem a k\u00f6vetkez\u0151 foly\u00f3k v\u00edzgy\u0171jt\u0151 ter\u00fcletein a Podkarpacie r\u00e9gi\u00f3ban: Visztula, Wis\u0142ok, San \u00e9s Wis\u0142oka, valamint a K\u0105ty - Myscowa v\u00edzt\u00e1roz\u00f3 \u00e9p\u00edt\u00e9se,<\/li>\n<li>A Bieszczady-hegys\u00e9g program \u00e9s a Blue San program bevezet\u00e9se, valamint a K\u00f6zponti Sportk\u00f6zpont meg\u00e9p\u00edt\u00e9se, amelyek nagy jelent\u0151s\u00e9ggel b\u00edrnak a r\u00e9gi\u00f3 foglalkoztat\u00e1s\u00e1nak \u00e9s turizmus\u00e1nak fejleszt\u00e9se szempontj\u00e1b\u00f3l.\u00a0<a href=\"https:\/\/marekkuchcinski.pl\/hu\/wydarzenia\/sportowa-ofensywa-podkarpaciu\/\">https:\/\/marekkuchcinski.pl\/wydarzenia\/sportowa-ofensywa-podkarpaciu\/<\/a><\/li>\n<\/ol>\n<p>A h\u00e1zeln\u00f6k azt is elmondta, hogy 2018-ban a f\u00fcggetlens\u00e9g \u00e9vfordul\u00f3inak id\u0151szak\u00e1ba l\u00e9pt\u00fcnk. - Meg kell \u00fcnnepeln\u00fcnk ezt a nagyszer\u0171 er\u0151fesz\u00edt\u00e9st, amelyet \u0151seink tettek - mondta. Eml\u00e9keztetett arra, hogy a Szejm eln\u00f6ks\u00e9ge hat\u00e1rozatot fogadott el a parlamenti k\u00e9pvisel\u0151k s\u00edrjainak gondoz\u00e1s\u00e1r\u00f3l - a t\u00f6rv\u00e9nyhoz\u00f3 Szejmt\u0151l az 1938-as v\u00e1lasztott Szejmig. - Meg akarunk r\u00f3luk eml\u00e9kezni, mert \u0151k k\u00e9pviselt\u00e9k a nemzetet\" - mutatott r\u00e1 a h\u00e1zeln\u00f6k.<\/p>\n<p>A gy\u0171l\u00e9sen bemutatt\u00e1k a podkarpatszkaji r\u00e9gi\u00f3 v\u00e1rosainak polg\u00e1rmesterjel\u00f6ltjeit \u00e9s a tartom\u00e1nyi k\u00e9pvisel\u0151h\u00e1zi v\u00e1laszt\u00e1sok list\u00e1inak els\u0151 n\u00e9vsor\u00e1t. Rzesz\u00f3w ter\u00fclet\u00e9n Jerzy Cypry\u015b, Stalowa Wola ter\u00fclet\u00e9n Ewa Draus, Mielec ter\u00fclet\u00e9n W\u0142adys\u0142aw Ortyl, Przemy\u015bl ter\u00fclet\u00e9n Piotr Pilch, Krosno ter\u00fclet\u00e9n Jerzy Borcz nyitja meg a list\u00e1t.<\/p>\n<p>A kongresszust a <strong>Nemzeti M\u00fazeum Przemysl Land\u00a0<\/strong>amely nemr\u00e9giben r\u00e9szben \u00e1llami tulajdon\u00fa int\u00e9zm\u00e9ny lett, ami, mint Marek Kuchci\u0144ski r\u00e1mutatott, nemcsak preszt\u00edzsk\u00e9rd\u00e9s, hanem kult\u00farpolitikai k\u00e9rd\u00e9s is a mi Eur\u00f3p\u00e1nkban.<strong>\u00a0<a href=\"https:\/\/marekkuchcinski.pl\/hu\/podkarpacie\/muzeum-narodowe-ziemi-przemyskiej-wspolprowadzone-mzp\/\">https:\/\/marekkuchcinski.pl\/podkarpacie\/muzeum-narodowe-ziemi-przemyskiej-wspolprowadzone-mzp\/\u00a0<\/a><\/strong><\/p>\n<p><a href=\"https:\/\/marekkuchcinski.pl\/wp-content\/uploads\/2018\/09\/M-konwerncja-Przemy\u015bl.jpg\"><img fetchpriority=\"high\" decoding=\"async\" class=\"size-full wp-image-10397\" src=\"https:\/\/marekkuchcinski.pl\/wp-content\/uploads\/2018\/09\/M-konwerncja-Przemy\u015bl.jpg\" alt=\"Przemy\u009cl, 18.09.2018. Marsza\u00b3ek Sejmu Marek Kuchci\u00f1ski podczas Wojew\u00f3dzkiej Konwencji Wyborczej Prawa i Sprawiedliwo\u009cci w Muzeum Narodowym Ziemi Przemyskiej w Przemy\u009clu, 18 bm. (dd\/nlat) PAP\/Darek Delmanowicz\" width=\"5005\" height=\"3337\" srcset=\"https:\/\/marekkuchcinski.pl\/wp-content\/uploads\/2018\/09\/M-konwerncja-Przemy\u015bl.jpg 2048w, https:\/\/marekkuchcinski.pl\/wp-content\/uploads\/2018\/09\/M-konwerncja-Przemy\u015bl-300x200.jpg 300w, https:\/\/marekkuchcinski.pl\/wp-content\/uploads\/2018\/09\/M-konwerncja-Przemy\u015bl-768x512.jpg 768w, https:\/\/marekkuchcinski.pl\/wp-content\/uploads\/2018\/09\/M-konwerncja-Przemy\u015bl-1024x683.jpg 1024w\" sizes=\"(max-width: 5005px) 100vw, 5005px\" \/><\/a><\/p>\n<p>Fot\u00f3: PAP\/ Darek Delmanowicz<\/p>","protected":false},"excerpt":{"rendered":"<p>Podczas Konwencji wyborczej PiS w Przemy\u015blu marsza\u0142ek Sejmu Marek Kuchci\u0144ski podkre\u015bli\u0142, \u017ce celem PiS jest podniesienie poziomu \u017cycia Polak\u00f3w. Poza siln\u0105 i skuteczn\u0105 polityk\u0105 socjaln\u0105 (program 500+, wyprawka+, podniesienie najni\u017cszej pensji, wsparcie senior\u00f3w, rencist\u00f3w). Prawo i Sprawiedliwo\u015b\u0107 stawia na rozw\u00f3j rodzimej gospodarki i pomoc naszym przedsi\u0119biorcom. Dzia\u0142ania takie jak obni\u017cka CIT czy ZUS maj\u0105 wesprze\u0107 [&hellip;]<\/p>","protected":false},"author":6,"featured_media":10397,"comment_status":"open","ping_status":"open","sticky":false,"template":"","format":"standard","meta":{"ngg_post_thumbnail":0,"footnotes":""},"categories":[49,82,3],"tags":[],"class_list":["post-10395","post","type-post","status-publish","format-standard","has-post-thumbnail","hentry","category-podkarpacie","category-prawo-i-sprawiedliwosc","category-wydarzenia"],"yoast_head":"<!-- This site is optimized with the Yoast SEO plugin v24.7 - https:\/\/yoast.com\/wordpress\/plugins\/seo\/ -->\n<title>Konwencja wyborcza Prawa i Sprawiedliwo\u015bci w Przemy\u015blu &#8211; Marek Kuchci\u0144ski<\/title>\n<meta name=\"robots\" content=\"index, follow, max-snippet:-1, max-image-preview:large, max-video-preview:-1\" \/>\n<link rel=\"canonical\" href=\"https:\/\/marekkuchcinski.pl\/hu\/wydarzenia\/konwencja-wyborcza-prawa-sprawiedliwosci-przemyslu\/\" \/>\n<meta property=\"og:locale\" content=\"hu_HU\" \/>\n<meta property=\"og:type\" content=\"article\" \/>\n<meta property=\"og:title\" content=\"Konwencja wyborcza Prawa i Sprawiedliwo\u015bci w Przemy\u015blu &#8211; Marek Kuchci\u0144ski\" \/>\n<meta property=\"og:description\" content=\"Podczas Konwencji wyborczej PiS w Przemy\u015blu marsza\u0142ek Sejmu Marek Kuchci\u0144ski podkre\u015bli\u0142, \u017ce celem PiS jest podniesienie poziomu \u017cycia Polak\u00f3w. Poza siln\u0105 i skuteczn\u0105 polityk\u0105 socjaln\u0105 (program 500+, wyprawka+, podniesienie najni\u017cszej pensji, wsparcie senior\u00f3w, rencist\u00f3w). Prawo i Sprawiedliwo\u015b\u0107 stawia na rozw\u00f3j rodzimej gospodarki i pomoc naszym przedsi\u0119biorcom. Dzia\u0142ania takie jak obni\u017cka CIT czy ZUS maj\u0105 wesprze\u0107 [&hellip;]\" \/>\n<meta property=\"og:url\" content=\"https:\/\/marekkuchcinski.pl\/hu\/wydarzenia\/konwencja-wyborcza-prawa-sprawiedliwosci-przemyslu\/\" \/>\n<meta property=\"og:site_name\" content=\"Marek Kuchci\u0144ski\" \/>\n<meta property=\"article:published_time\" content=\"2018-09-19T10:55:07+00:00\" \/>\n<meta property=\"article:modified_time\" content=\"2018-09-19T11:01:48+00:00\" \/>\n<meta property=\"og:image\" content=\"https:\/\/marekkuchcinski.pl\/wp-content\/uploads\/2018\/09\/M-konwerncja-Przemy\u015bl.jpg\" \/>\n\t<meta property=\"og:image:width\" content=\"2048\" \/>\n\t<meta property=\"og:image:height\" content=\"1365\" \/>\n\t<meta property=\"og:image:type\" content=\"image\/jpeg\" \/>\n<meta name=\"author\" content=\"admin\" \/>\n<meta name=\"twitter:card\" content=\"summary_large_image\" \/>\n<meta name=\"twitter:label1\" content=\"Szerz\u0151:\" \/>\n\t<meta name=\"twitter:data1\" content=\"admin\" \/>\n\t<meta name=\"twitter:label2\" content=\"Becs\u00fclt olvas\u00e1si id\u0151\" \/>\n\t<meta name=\"twitter:data2\" content=\"3 perc\" \/>\n<script type=\"application\/ld+json\" class=\"yoast-schema-graph\">{\"@context\":\"https:\/\/schema.org\",\"@graph\":[{\"@type\":\"Article\",\"@id\":\"https:\/\/marekkuchcinski.pl\/en\/wydarzenia\/konwencja-wyborcza-prawa-sprawiedliwosci-przemyslu\/#article\",\"isPartOf\":{\"@id\":\"https:\/\/marekkuchcinski.pl\/en\/wydarzenia\/konwencja-wyborcza-prawa-sprawiedliwosci-przemyslu\/\"},\"author\":{\"name\":\"admin\",\"@id\":\"https:\/\/marekkuchcinski.pl\/#\/schema\/person\/6f62700996b4d950b6ea2d1183b6c6be\"},\"headline\":\"Konwencja wyborcza Prawa i Sprawiedliwo\u015bci w Przemy\u015blu\",\"datePublished\":\"2018-09-19T10:55:07+00:00\",\"dateModified\":\"2018-09-19T11:01:48+00:00\",\"mainEntityOfPage\":{\"@id\":\"https:\/\/marekkuchcinski.pl\/en\/wydarzenia\/konwencja-wyborcza-prawa-sprawiedliwosci-przemyslu\/\"},\"wordCount\":537,\"commentCount\":0,\"publisher\":{\"@id\":\"https:\/\/marekkuchcinski.pl\/#organization\"},\"image\":{\"@id\":\"https:\/\/marekkuchcinski.pl\/en\/wydarzenia\/konwencja-wyborcza-prawa-sprawiedliwosci-przemyslu\/#primaryimage\"},\"thumbnailUrl\":\"https:\/\/marekkuchcinski.pl\/wp-content\/uploads\/2018\/09\/M-konwerncja-Przemy\u015bl.jpg\",\"articleSection\":[\"Podkarpacie\",\"Prawo i Sprawiedliwo\u015b\u0107\",\"Wydarzenia\"],\"inLanguage\":\"hu\",\"potentialAction\":[{\"@type\":\"CommentAction\",\"name\":\"Comment\",\"target\":[\"https:\/\/marekkuchcinski.pl\/en\/wydarzenia\/konwencja-wyborcza-prawa-sprawiedliwosci-przemyslu\/#respond\"]}]},{\"@type\":\"WebPage\",\"@id\":\"https:\/\/marekkuchcinski.pl\/en\/wydarzenia\/konwencja-wyborcza-prawa-sprawiedliwosci-przemyslu\/\",\"url\":\"https:\/\/marekkuchcinski.pl\/en\/wydarzenia\/konwencja-wyborcza-prawa-sprawiedliwosci-przemyslu\/\",\"name\":\"Konwencja wyborcza Prawa i Sprawiedliwo\u015bci w Przemy\u015blu &#8211; Marek Kuchci\u0144ski\",\"isPartOf\":{\"@id\":\"https:\/\/marekkuchcinski.pl\/#website\"},\"primaryImageOfPage\":{\"@id\":\"https:\/\/marekkuchcinski.pl\/en\/wydarzenia\/konwencja-wyborcza-prawa-sprawiedliwosci-przemyslu\/#primaryimage\"},\"image\":{\"@id\":\"https:\/\/marekkuchcinski.pl\/en\/wydarzenia\/konwencja-wyborcza-prawa-sprawiedliwosci-przemyslu\/#primaryimage\"},\"thumbnailUrl\":\"https:\/\/marekkuchcinski.pl\/wp-content\/uploads\/2018\/09\/M-konwerncja-Przemy\u015bl.jpg\",\"datePublished\":\"2018-09-19T10:55:07+00:00\",\"dateModified\":\"2018-09-19T11:01:48+00:00\",\"breadcrumb\":{\"@id\":\"https:\/\/marekkuchcinski.pl\/en\/wydarzenia\/konwencja-wyborcza-prawa-sprawiedliwosci-przemyslu\/#breadcrumb\"},\"inLanguage\":\"hu\",\"potentialAction\":[{\"@type\":\"ReadAction\",\"target\":[\"https:\/\/marekkuchcinski.pl\/en\/wydarzenia\/konwencja-wyborcza-prawa-sprawiedliwosci-przemyslu\/\"]}]},{\"@type\":\"ImageObject\",\"inLanguage\":\"hu\",\"@id\":\"https:\/\/marekkuchcinski.pl\/en\/wydarzenia\/konwencja-wyborcza-prawa-sprawiedliwosci-przemyslu\/#primaryimage\",\"url\":\"https:\/\/marekkuchcinski.pl\/wp-content\/uploads\/2018\/09\/M-konwerncja-Przemy\u015bl.jpg\",\"contentUrl\":\"https:\/\/marekkuchcinski.pl\/wp-content\/uploads\/2018\/09\/M-konwerncja-Przemy\u015bl.jpg\",\"width\":2048,\"height\":1365,\"caption\":\"Przemy\u009cl, 18.09.2018. Marsza\u00b3ek Sejmu Marek Kuchci\u00f1ski podczas Wojew\u00f3dzkiej Konwencji Wyborczej Prawa i Sprawiedliwo\u009cci w Muzeum Narodowym Ziemi Przemyskiej w Przemy\u009clu, 18 bm. (dd\/nlat) PAP\/Darek Delmanowicz\"},{\"@type\":\"BreadcrumbList\",\"@id\":\"https:\/\/marekkuchcinski.pl\/en\/wydarzenia\/konwencja-wyborcza-prawa-sprawiedliwosci-przemyslu\/#breadcrumb\",\"itemListElement\":[{\"@type\":\"ListItem\",\"position\":1,\"name\":\"Strona g\u0142\u00f3wna\",\"item\":\"https:\/\/marekkuchcinski.pl\/\"},{\"@type\":\"ListItem\",\"position\":2,\"name\":\"Konwencja wyborcza Prawa i Sprawiedliwo\u015bci w Przemy\u015blu\"}]},{\"@type\":\"WebSite\",\"@id\":\"https:\/\/marekkuchcinski.pl\/#website\",\"url\":\"https:\/\/marekkuchcinski.pl\/\",\"name\":\"Marek Kuchci\u0144ski\",\"description\":\"Pose\u0142 na sejm RP &ndash; okr\u0119g nr 22\",\"publisher\":{\"@id\":\"https:\/\/marekkuchcinski.pl\/#organization\"},\"potentialAction\":[{\"@type\":\"SearchAction\",\"target\":{\"@type\":\"EntryPoint\",\"urlTemplate\":\"https:\/\/marekkuchcinski.pl\/?s={search_term_string}\"},\"query-input\":{\"@type\":\"PropertyValueSpecification\",\"valueRequired\":true,\"valueName\":\"search_term_string\"}}],\"inLanguage\":\"hu\"},{\"@type\":\"Organization\",\"@id\":\"https:\/\/marekkuchcinski.pl\/#organization\",\"name\":\"Marek Kuchci\u0144ski\",\"url\":\"https:\/\/marekkuchcinski.pl\/\",\"logo\":{\"@type\":\"ImageObject\",\"inLanguage\":\"hu\",\"@id\":\"https:\/\/marekkuchcinski.pl\/#\/schema\/logo\/image\/\",\"url\":\"https:\/\/marekkuchcinski.pl\/wp-content\/uploads\/2022\/09\/Marek.jpg\",\"contentUrl\":\"https:\/\/marekkuchcinski.pl\/wp-content\/uploads\/2022\/09\/Marek.jpg\",\"width\":1600,\"height\":971,\"caption\":\"Marek Kuchci\u0144ski\"},\"image\":{\"@id\":\"https:\/\/marekkuchcinski.pl\/#\/schema\/logo\/image\/\"}},{\"@type\":\"Person\",\"@id\":\"https:\/\/marekkuchcinski.pl\/#\/schema\/person\/6f62700996b4d950b6ea2d1183b6c6be\",\"name\":\"admin\",\"image\":{\"@type\":\"ImageObject\",\"inLanguage\":\"hu\",\"@id\":\"https:\/\/marekkuchcinski.pl\/#\/schema\/person\/image\/\",\"url\":\"https:\/\/secure.gravatar.com\/avatar\/4bab693b9d55c3d6b52c0296a8765085?s=96&d=mm&r=g\",\"contentUrl\":\"https:\/\/secure.gravatar.com\/avatar\/4bab693b9d55c3d6b52c0296a8765085?s=96&d=mm&r=g\",\"caption\":\"admin\"},\"url\":\"https:\/\/marekkuchcinski.pl\/hu\/author\/marta-olejnik\/\"}]}<\/script>\n<!-- \/ Yoast SEO plugin. -->","yoast_head_json":{"title":"Konwencja wyborcza Prawa i Sprawiedliwo\u015bci w Przemy\u015blu &#8211; Marek Kuchci\u0144ski","robots":{"index":"index","follow":"follow","max-snippet":"max-snippet:-1","max-image-preview":"max-image-preview:large","max-video-preview":"max-video-preview:-1"},"canonical":"https:\/\/marekkuchcinski.pl\/hu\/wydarzenia\/konwencja-wyborcza-prawa-sprawiedliwosci-przemyslu\/","og_locale":"hu_HU","og_type":"article","og_title":"Konwencja wyborcza Prawa i Sprawiedliwo\u015bci w Przemy\u015blu &#8211; Marek Kuchci\u0144ski","og_description":"Podczas Konwencji wyborczej PiS w Przemy\u015blu marsza\u0142ek Sejmu Marek Kuchci\u0144ski podkre\u015bli\u0142, \u017ce celem PiS jest podniesienie poziomu \u017cycia Polak\u00f3w. Poza siln\u0105 i skuteczn\u0105 polityk\u0105 socjaln\u0105 (program 500+, wyprawka+, podniesienie najni\u017cszej pensji, wsparcie senior\u00f3w, rencist\u00f3w). Prawo i Sprawiedliwo\u015b\u0107 stawia na rozw\u00f3j rodzimej gospodarki i pomoc naszym przedsi\u0119biorcom. Dzia\u0142ania takie jak obni\u017cka CIT czy ZUS maj\u0105 wesprze\u0107 [&hellip;]","og_url":"https:\/\/marekkuchcinski.pl\/hu\/wydarzenia\/konwencja-wyborcza-prawa-sprawiedliwosci-przemyslu\/","og_site_name":"Marek Kuchci\u0144ski","article_published_time":"2018-09-19T10:55:07+00:00","article_modified_time":"2018-09-19T11:01:48+00:00","og_image":[{"width":2048,"height":1365,"url":"https:\/\/marekkuchcinski.pl\/wp-content\/uploads\/2018\/09\/M-konwerncja-Przemy\u015bl.jpg","type":"image\/jpeg"}],"author":"admin","twitter_card":"summary_large_image","twitter_misc":{"Szerz\u0151:":"admin","Becs\u00fclt olvas\u00e1si id\u0151":"3 perc"},"schema":{"@context":"https:\/\/schema.org","@graph":[{"@type":"Article","@id":"https:\/\/marekkuchcinski.pl\/en\/wydarzenia\/konwencja-wyborcza-prawa-sprawiedliwosci-przemyslu\/#article","isPartOf":{"@id":"https:\/\/marekkuchcinski.pl\/en\/wydarzenia\/konwencja-wyborcza-prawa-sprawiedliwosci-przemyslu\/"},"author":{"name":"admin","@id":"https:\/\/marekkuchcinski.pl\/#\/schema\/person\/6f62700996b4d950b6ea2d1183b6c6be"},"headline":"Konwencja wyborcza Prawa i Sprawiedliwo\u015bci w Przemy\u015blu","datePublished":"2018-09-19T10:55:07+00:00","dateModified":"2018-09-19T11:01:48+00:00","mainEntityOfPage":{"@id":"https:\/\/marekkuchcinski.pl\/en\/wydarzenia\/konwencja-wyborcza-prawa-sprawiedliwosci-przemyslu\/"},"wordCount":537,"commentCount":0,"publisher":{"@id":"https:\/\/marekkuchcinski.pl\/#organization"},"image":{"@id":"https:\/\/marekkuchcinski.pl\/en\/wydarzenia\/konwencja-wyborcza-prawa-sprawiedliwosci-przemyslu\/#primaryimage"},"thumbnailUrl":"https:\/\/marekkuchcinski.pl\/wp-content\/uploads\/2018\/09\/M-konwerncja-Przemy\u015bl.jpg","articleSection":["Podkarpacie","Prawo i Sprawiedliwo\u015b\u0107","Wydarzenia"],"inLanguage":"hu","potentialAction":[{"@type":"CommentAction","name":"Comment","target":["https:\/\/marekkuchcinski.pl\/en\/wydarzenia\/konwencja-wyborcza-prawa-sprawiedliwosci-przemyslu\/#respond"]}]},{"@type":"WebPage","@id":"https:\/\/marekkuchcinski.pl\/en\/wydarzenia\/konwencja-wyborcza-prawa-sprawiedliwosci-przemyslu\/","url":"https:\/\/marekkuchcinski.pl\/en\/wydarzenia\/konwencja-wyborcza-prawa-sprawiedliwosci-przemyslu\/","name":"Konwencja wyborcza Prawa i Sprawiedliwo\u015bci w Przemy\u015blu &#8211; Marek Kuchci\u0144ski","isPartOf":{"@id":"https:\/\/marekkuchcinski.pl\/#website"},"primaryImageOfPage":{"@id":"https:\/\/marekkuchcinski.pl\/en\/wydarzenia\/konwencja-wyborcza-prawa-sprawiedliwosci-przemyslu\/#primaryimage"},"image":{"@id":"https:\/\/marekkuchcinski.pl\/en\/wydarzenia\/konwencja-wyborcza-prawa-sprawiedliwosci-przemyslu\/#primaryimage"},"thumbnailUrl":"https:\/\/marekkuchcinski.pl\/wp-content\/uploads\/2018\/09\/M-konwerncja-Przemy\u015bl.jpg","datePublished":"2018-09-19T10:55:07+00:00","dateModified":"2018-09-19T11:01:48+00:00","breadcrumb":{"@id":"https:\/\/marekkuchcinski.pl\/en\/wydarzenia\/konwencja-wyborcza-prawa-sprawiedliwosci-przemyslu\/#breadcrumb"},"inLanguage":"hu","potentialAction":[{"@type":"ReadAction","target":["https:\/\/marekkuchcinski.pl\/en\/wydarzenia\/konwencja-wyborcza-prawa-sprawiedliwosci-przemyslu\/"]}]},{"@type":"ImageObject","inLanguage":"hu","@id":"https:\/\/marekkuchcinski.pl\/en\/wydarzenia\/konwencja-wyborcza-prawa-sprawiedliwosci-przemyslu\/#primaryimage","url":"https:\/\/marekkuchcinski.pl\/wp-content\/uploads\/2018\/09\/M-konwerncja-Przemy\u015bl.jpg","contentUrl":"https:\/\/marekkuchcinski.pl\/wp-content\/uploads\/2018\/09\/M-konwerncja-Przemy\u015bl.jpg","width":2048,"height":1365,"caption":"Przemy\u009cl, 18.09.2018. Marsza\u00b3ek Sejmu Marek Kuchci\u00f1ski podczas Wojew\u00f3dzkiej Konwencji Wyborczej Prawa i Sprawiedliwo\u009cci w Muzeum Narodowym Ziemi Przemyskiej w Przemy\u009clu, 18 bm. (dd\/nlat) PAP\/Darek Delmanowicz"},{"@type":"BreadcrumbList","@id":"https:\/\/marekkuchcinski.pl\/en\/wydarzenia\/konwencja-wyborcza-prawa-sprawiedliwosci-przemyslu\/#breadcrumb","itemListElement":[{"@type":"ListItem","position":1,"name":"Strona g\u0142\u00f3wna","item":"https:\/\/marekkuchcinski.pl\/"},{"@type":"ListItem","position":2,"name":"Konwencja wyborcza Prawa i Sprawiedliwo\u015bci w Przemy\u015blu"}]},{"@type":"WebSite","@id":"https:\/\/marekkuchcinski.pl\/#website","url":"https:\/\/marekkuchcinski.pl\/","name":"Marek Kuchci\u0144ski","description":"Pose\u0142 na sejm RP &ndash; okr\u0119g nr 22","publisher":{"@id":"https:\/\/marekkuchcinski.pl\/#organization"},"potentialAction":[{"@type":"SearchAction","target":{"@type":"EntryPoint","urlTemplate":"https:\/\/marekkuchcinski.pl\/?s={search_term_string}"},"query-input":{"@type":"PropertyValueSpecification","valueRequired":true,"valueName":"search_term_string"}}],"inLanguage":"hu"},{"@type":"Organization","@id":"https:\/\/marekkuchcinski.pl\/#organization","name":"Marek Kuchci\u0144ski","url":"https:\/\/marekkuchcinski.pl\/","logo":{"@type":"ImageObject","inLanguage":"hu","@id":"https:\/\/marekkuchcinski.pl\/#\/schema\/logo\/image\/","url":"https:\/\/marekkuchcinski.pl\/wp-content\/uploads\/2022\/09\/Marek.jpg","contentUrl":"https:\/\/marekkuchcinski.pl\/wp-content\/uploads\/2022\/09\/Marek.jpg","width":1600,"height":971,"caption":"Marek Kuchci\u0144ski"},"image":{"@id":"https:\/\/marekkuchcinski.pl\/#\/schema\/logo\/image\/"}},{"@type":"Person","@id":"https:\/\/marekkuchcinski.pl\/#\/schema\/person\/6f62700996b4d950b6ea2d1183b6c6be","name":"admin","image":{"@type":"ImageObject","inLanguage":"hu","@id":"https:\/\/marekkuchcinski.pl\/#\/schema\/person\/image\/","url":"https:\/\/secure.gravatar.com\/avatar\/4bab693b9d55c3d6b52c0296a8765085?s=96&d=mm&r=g","contentUrl":"https:\/\/secure.gravatar.com\/avatar\/4bab693b9d55c3d6b52c0296a8765085?s=96&d=mm&r=g","caption":"admin"},"url":"https:\/\/marekkuchcinski.pl\/hu\/author\/marta-olejnik\/"}]}},"_links":{"self":[{"href":"https:\/\/marekkuchcinski.pl\/hu\/wp-json\/wp\/v2\/posts\/10395","targetHints":{"allow":["GET"]}}],"collection":[{"href":"https:\/\/marekkuchcinski.pl\/hu\/wp-json\/wp\/v2\/posts"}],"about":[{"href":"https:\/\/marekkuchcinski.pl\/hu\/wp-json\/wp\/v2\/types\/post"}],"author":[{"embeddable":true,"href":"https:\/\/marekkuchcinski.pl\/hu\/wp-json\/wp\/v2\/users\/6"}],"replies":[{"embeddable":true,"href":"https:\/\/marekkuchcinski.pl\/hu\/wp-json\/wp\/v2\/comments?post=10395"}],"version-history":[{"count":6,"href":"https:\/\/marekkuchcinski.pl\/hu\/wp-json\/wp\/v2\/posts\/10395\/revisions"}],"predecessor-version":[{"id":10402,"href":"https:\/\/marekkuchcinski.pl\/hu\/wp-json\/wp\/v2\/posts\/10395\/revisions\/10402"}],"wp:featuredmedia":[{"embeddable":true,"href":"https:\/\/marekkuchcinski.pl\/hu\/wp-json\/wp\/v2\/media\/10397"}],"wp:attachment":[{"href":"https:\/\/marekkuchcinski.pl\/hu\/wp-json\/wp\/v2\/media?parent=10395"}],"wp:term":[{"taxonomy":"category","embeddable":true,"href":"https:\/\/marekkuchcinski.pl\/hu\/wp-json\/wp\/v2\/categories?post=10395"},{"taxonomy":"post_tag","embeddable":true,"href":"https:\/\/marekkuchcinski.pl\/hu\/wp-json\/wp\/v2\/tags?post=10395"}],"curies":[{"name":"wp","href":"https:\/\/api.w.org\/{rel}","templated":true}]}}