{"id":10387,"date":"2018-09-17T10:33:47","date_gmt":"2018-09-17T08:33:47","guid":{"rendered":"https:\/\/marekkuchcinski.pl\/?p=10387"},"modified":"2018-09-17T10:35:03","modified_gmt":"2018-09-17T08:35:03","slug":"marszalek-sejmu-wzial-udzial-odslonieciu-pomnika-poswieconego-niepodleglosci-rzeczypospolitej","status":"publish","type":"post","link":"https:\/\/marekkuchcinski.pl\/hu\/wydarzenia\/marszalek-sejmu-wzial-udzial-odslonieciu-pomnika-poswieconego-niepodleglosci-rzeczypospolitej\/","title":{"rendered":"A szejm eln\u00f6ke r\u00e9szt vett a Lengyel K\u00f6zt\u00e1rsas\u00e1g f\u00fcggetlens\u00e9g\u00e9nek eml\u00e9km\u0171v\u00e9nek leleplez\u00e9s\u00e9n"},"content":{"rendered":"<p><strong>Marek Kuchci\u0144ski, a szejm eln\u00f6ke r\u00e9szt vett a Lengyelorsz\u00e1g f\u00fcggetlens\u00e9g\u00e9nek visszanyer\u00e9se 100. \u00e9vfordul\u00f3ja alkalm\u00e1b\u00f3l \u00e1ll\u00edtott eml\u00e9km\u0171 leleplez\u00e9s\u00e9n. Az eml\u00e9km\u0171 urn\u00e1kat tartalmaz, amelyekben csatat\u00e9rr\u0151l sz\u00e1rmaz\u00f3 f\u00f6ldet, t\u00f6bbek k\u00f6z\u00f6tt az els\u0151 vil\u00e1gh\u00e1bor\u00fab\u00f3l sz\u00e1rmaz\u00f3 f\u00f6ldet helyeztek el.<\/strong><\/p>\n<p>Szeptember 16-a Bobola Szent Andr\u00e1s v\u00e9rtan\u00fas\u00e1g\u00e1nak \u00e9vfordul\u00f3ja. A Strachocin\u00e1ban sz\u00fcletett pap 2002 \u00f3ta Lengyelorsz\u00e1g v\u00e9d\u0151szentje. - Ma Strachocin\u00e1ba, Sanok f\u00f6ldj\u00e9re \u00e9rkezt\u00fcnk, egy olyan helyre, amelyet f\u00fcggetlens\u00e9g\u00fcnk m\u00e1rt\u00edrj\u00e1hoz \u00e9s v\u00e9d\u0151szentj\u00e9hez, Bobola Szent Andr\u00e1shoz k\u00f6tnek. Az\u00e9rt j\u00f6tt\u00fcnk, hogy megeml\u00e9kezz\u00fcnk Lengyelorsz\u00e1g \u00fajj\u00e1sz\u00fclet\u00e9s\u00e9nek 100. \u00e9vfordul\u00f3j\u00e1r\u00f3l - mondta a szejm eln\u00f6ke. - Ma ezen a helyen avattuk fel a k\u00f6zt\u00e1rsas\u00e1g f\u00fcggetlens\u00e9g\u00e9nek szentelt eml\u00e9km\u0171vet. Ezt az eml\u00e9km\u0171vet meger\u0151s\u00edtik \u00e9s megszentelik a honfit\u00e1rsaink eml\u00e9k\u00e9nek, Lengyelorsz\u00e1g \u00e9s a lengyelek eml\u00e9k\u00e9nek sz\u00e1mos hely\u00e9r\u0151l sz\u00e1rmaz\u00f3 hamvakkal - tette hozz\u00e1.<\/p>\n<p>Az \u00fcnneps\u00e9gen r\u00e9szt vett Beata Szyd\u0142o minisztereln\u00f6k-helyettes, Ryszard Terlecki, a Szejm aleln\u00f6ke \u00e9s Zbigniew Ziobro igazs\u00e1g\u00fcgyi miniszter is.<\/p>\n<p><a href=\"https:\/\/marekkuchcinski.pl\/wp-content\/uploads\/2018\/09\/41781955_2173798306169720_796982450797412352_n.jpg\"><img fetchpriority=\"high\" decoding=\"async\" class=\"alignnone size-full wp-image-10388\" src=\"https:\/\/marekkuchcinski.pl\/wp-content\/uploads\/2018\/09\/41781955_2173798306169720_796982450797412352_n.jpg\" alt=\"41781955_2173798306169720_796982450797412352_n\" width=\"960\" height=\"759\" srcset=\"https:\/\/marekkuchcinski.pl\/wp-content\/uploads\/2018\/09\/41781955_2173798306169720_796982450797412352_n.jpg 960w, https:\/\/marekkuchcinski.pl\/wp-content\/uploads\/2018\/09\/41781955_2173798306169720_796982450797412352_n-300x237.jpg 300w, https:\/\/marekkuchcinski.pl\/wp-content\/uploads\/2018\/09\/41781955_2173798306169720_796982450797412352_n-768x607.jpg 768w\" sizes=\"(max-width: 960px) 100vw, 960px\" \/><\/a> <a href=\"https:\/\/marekkuchcinski.pl\/wp-content\/uploads\/2018\/09\/41791719_2173798766169674_3960380663512694784_n.jpg\"><img decoding=\"async\" class=\"alignnone size-full wp-image-10389\" src=\"https:\/\/marekkuchcinski.pl\/wp-content\/uploads\/2018\/09\/41791719_2173798766169674_3960380663512694784_n.jpg\" alt=\"41791719_2173798766169674_3960380663512694784_n\" width=\"960\" height=\"647\" srcset=\"https:\/\/marekkuchcinski.pl\/wp-content\/uploads\/2018\/09\/41791719_2173798766169674_3960380663512694784_n.jpg 960w, https:\/\/marekkuchcinski.pl\/wp-content\/uploads\/2018\/09\/41791719_2173798766169674_3960380663512694784_n-300x202.jpg 300w, https:\/\/marekkuchcinski.pl\/wp-content\/uploads\/2018\/09\/41791719_2173798766169674_3960380663512694784_n-768x518.jpg 768w\" sizes=\"(max-width: 960px) 100vw, 960px\" \/><\/a> <a href=\"https:\/\/marekkuchcinski.pl\/wp-content\/uploads\/2018\/09\/41843218_2173798539503030_543656397686964224_n.jpg\"><img decoding=\"async\" class=\"alignnone size-full wp-image-10390\" src=\"https:\/\/marekkuchcinski.pl\/wp-content\/uploads\/2018\/09\/41843218_2173798539503030_543656397686964224_n.jpg\" alt=\"41843218_2173798539503030_543656397686964224_n\" width=\"960\" height=\"541\" srcset=\"https:\/\/marekkuchcinski.pl\/wp-content\/uploads\/2018\/09\/41843218_2173798539503030_543656397686964224_n.jpg 960w, https:\/\/marekkuchcinski.pl\/wp-content\/uploads\/2018\/09\/41843218_2173798539503030_543656397686964224_n-300x169.jpg 300w, https:\/\/marekkuchcinski.pl\/wp-content\/uploads\/2018\/09\/41843218_2173798539503030_543656397686964224_n-768x433.jpg 768w\" sizes=\"(max-width: 960px) 100vw, 960px\" \/><\/a> <a href=\"https:\/\/marekkuchcinski.pl\/wp-content\/uploads\/2018\/09\/41900310_2173798269503057_6702633899513610240_n.jpg\"><img loading=\"lazy\" decoding=\"async\" class=\"alignnone size-full wp-image-10391\" src=\"https:\/\/marekkuchcinski.pl\/wp-content\/uploads\/2018\/09\/41900310_2173798269503057_6702633899513610240_n.jpg\" alt=\"41900310_2173798269503057_6702633899513610240_n\" width=\"960\" height=\"761\" srcset=\"https:\/\/marekkuchcinski.pl\/wp-content\/uploads\/2018\/09\/41900310_2173798269503057_6702633899513610240_n.jpg 960w, https:\/\/marekkuchcinski.pl\/wp-content\/uploads\/2018\/09\/41900310_2173798269503057_6702633899513610240_n-300x238.jpg 300w, https:\/\/marekkuchcinski.pl\/wp-content\/uploads\/2018\/09\/41900310_2173798269503057_6702633899513610240_n-768x609.jpg 768w\" sizes=\"(max-width: 960px) 100vw, 960px\" \/><\/a><\/p>","protected":false},"excerpt":{"rendered":"<p>Marsza\u0142ek Sejmu Marek Kuchci\u0144ski wzi\u0105\u0142 udzia\u0142 w ods\u0142oni\u0119ciu pomnika z okazji 100. rocznicy odzyskania przez Polsk\u0119 niepodleg\u0142o\u015bci. Monument zawiera urny z ziemi\u0105 z p\u00f3l bitewnych, m.in. z czas\u00f3w I wojny \u015bwiatowej. 16 wrze\u015bnia przypada rocznica m\u0119cze\u0144skiej \u015bmierci \u015bw. Andrzeja Boboli. Kap\u0142an urodzi\u0142 w Strachocinie, od 2002 r. jest patronem Polski. \u2013 Przybyli\u015bmy dzi\u015b do Strachociny, [&hellip;]<\/p>\n","protected":false},"author":6,"featured_media":10391,"comment_status":"open","ping_status":"open","sticky":false,"template":"","format":"standard","meta":{"ngg_post_thumbnail":0,"footnotes":""},"categories":[49,3],"tags":[],"class_list":["post-10387","post","type-post","status-publish","format-standard","has-post-thumbnail","hentry","category-podkarpacie","category-wydarzenia"],"_links":{"self":[{"href":"https:\/\/marekkuchcinski.pl\/hu\/wp-json\/wp\/v2\/posts\/10387","targetHints":{"allow":["GET"]}}],"collection":[{"href":"https:\/\/marekkuchcinski.pl\/hu\/wp-json\/wp\/v2\/posts"}],"about":[{"href":"https:\/\/marekkuchcinski.pl\/hu\/wp-json\/wp\/v2\/types\/post"}],"author":[{"embeddable":true,"href":"https:\/\/marekkuchcinski.pl\/hu\/wp-json\/wp\/v2\/users\/6"}],"replies":[{"embeddable":true,"href":"https:\/\/marekkuchcinski.pl\/hu\/wp-json\/wp\/v2\/comments?post=10387"}],"version-history":[{"count":3,"href":"https:\/\/marekkuchcinski.pl\/hu\/wp-json\/wp\/v2\/posts\/10387\/revisions"}],"predecessor-version":[{"id":10394,"href":"https:\/\/marekkuchcinski.pl\/hu\/wp-json\/wp\/v2\/posts\/10387\/revisions\/10394"}],"wp:featuredmedia":[{"embeddable":true,"href":"https:\/\/marekkuchcinski.pl\/hu\/wp-json\/wp\/v2\/media\/10391"}],"wp:attachment":[{"href":"https:\/\/marekkuchcinski.pl\/hu\/wp-json\/wp\/v2\/media?parent=10387"}],"wp:term":[{"taxonomy":"category","embeddable":true,"href":"https:\/\/marekkuchcinski.pl\/hu\/wp-json\/wp\/v2\/categories?post=10387"},{"taxonomy":"post_tag","embeddable":true,"href":"https:\/\/marekkuchcinski.pl\/hu\/wp-json\/wp\/v2\/tags?post=10387"}],"curies":[{"name":"wp","href":"https:\/\/api.w.org\/{rel}","templated":true}]}}