{"id":10384,"date":"2018-09-13T15:59:10","date_gmt":"2018-09-13T13:59:10","guid":{"rendered":"https:\/\/marekkuchcinski.pl\/?p=10384"},"modified":"2018-09-13T15:59:10","modified_gmt":"2018-09-13T13:59:10","slug":"strategia-karpacka-coraz-blizej","status":"publish","type":"post","link":"https:\/\/marekkuchcinski.pl\/hu\/wydarzenia\/strategia-karpacka-coraz-blizej\/","title":{"rendered":"A K\u00e1rp\u00e1tok Strat\u00e9gia egyre k\u00f6zelebb ker\u00fcl"},"content":{"rendered":"<p>A Krynic\u00e1ban tartott gazdas\u00e1gi f\u00f3rumon Lengyelorsz\u00e1g, Ukrajna, Magyarorsz\u00e1g \u00e9s Szlov\u00e1kia korm\u00e1ny\u00e1nak k\u00e9pvisel\u0151i al\u00e1\u00edrt\u00e1k a K\u00e1rp\u00e1ti Nyilatkozatot, amely meg\u00e1llapod\u00e1s alapj\u00e1n az Eur\u00f3pai Tan\u00e1cs megkezdheti a K\u00e1rp\u00e1t-medencei strat\u00e9gia kidolgoz\u00e1s\u00e1t.<\/p>\n<p>- Ha van egy j\u00f3l m\u0171k\u00f6d\u0151 alpesi vagy balti strat\u00e9gi\u00e1nk a fejleszt\u00e9si politik\u00e1nkban, makroregion\u00e1lis \u00e9rdek\u0171 \u00e1llamcsoportok strat\u00e9gi\u00e1ja, amelyek kieg\u00e9sz\u00edtik egym\u00e1st \u00e9s egyre t\u00f6bb \u00e9rt\u00e9ket teremtenek, mi\u00e9rt ne hozhatn\u00e1nk l\u00e9tre egy K\u00e1rp\u00e1t-strat\u00e9gi\u00e1t - mondta Marek Kuchci\u0144ski, a Szejm eln\u00f6ke az Europa Karpat konferenci\u00e1n.<\/p>\n<p>A beruh\u00e1z\u00e1si \u00e9s fejleszt\u00e9si miniszt\u00e9rium szerint az uni\u00f3s strat\u00e9gia ugr\u00e1sszer\u0171 fejl\u0151d\u00e9st jelentene a r\u00e9gi\u00f3ban. A j\u00f6v\u0151ben a Cseh K\u00f6zt\u00e1rsas\u00e1g, Rom\u00e1nia, Ausztria, Szerbia \u00e9s Mold\u00e1via is csatlakozhat a strat\u00e9gi\u00e1val kapcsolatos munk\u00e1latokhoz. Ez lenne az \u00f6t\u00f6dik strat\u00e9gia az EU-ban. Jelenleg az alpesi, az adriai-j\u00f3n, a balti \u00e9s a dunai strat\u00e9gia l\u00e9tezik.<\/p>\n<p>A K\u00e1rp\u00e1tok makroregion\u00e1lis kezdem\u00e9nyez\u00e9st a K\u00e1rp\u00e1tok parlamenti csoport is t\u00e1mogatja, amelynek eln\u00f6ke a Szejm eln\u00f6ke. Tagjai hangs\u00falyozz\u00e1k a r\u00e9gi\u00f3 rendk\u00edv\u00fcl fontos szerep\u00e9t - nemcsak term\u00e9szeti \u00e9s kultur\u00e1lis gazdags\u00e1ga miatt, hanem mint sz\u00e1mos politikai \u00e9rdekelts\u00e9ggel rendelkez\u0151 t\u00e9rs\u00e9g. Ehhez a k\u00f6zleked\u00e9sbe, az infrastrukt\u00far\u00e1ba \u00e9s a k\u00f6rnyezetbe t\u00f6rt\u00e9n\u0151 beruh\u00e1z\u00e1sokra, valamint a helyi v\u00e1llalkoz\u00f3i szellem t\u00e1mogat\u00e1s\u00e1ra van sz\u00fcks\u00e9g.<\/p>","protected":false},"excerpt":{"rendered":"<p>W czasie Forum Ekonomicznego w Krynicy przedstawiciele rz\u0105d\u00f3w Polski, Ukrainy, W\u0119gier i\u00a0S\u0142owacji podpisali Deklaracj\u0119 Karpack\u0105 \u2013 porozumienie, na mocy kt\u00f3rego Rada Europejska mo\u017ce rozpocz\u0105\u0107 prace nad nad Strategi\u0105 Karpack\u0105. \u2013 Skoro w polityce rozwoju mamy \u015bwietnie dzia\u0142aj\u0105c\u0105 Strategi\u0119 Alpejsk\u0105 czy Ba\u0142tyck\u0105, strategi\u0119 grup pa\u0144stw, maj\u0105cych makroregionalne interesy, kt\u00f3re si\u0119 wzajemnie uzupe\u0142niaj\u0105 i buduj\u0105 coraz wi\u0119ksz\u0105 [&hellip;]<\/p>\n","protected":false},"author":6,"featured_media":10385,"comment_status":"open","ping_status":"open","sticky":false,"template":"","format":"standard","meta":{"ngg_post_thumbnail":0,"footnotes":""},"categories":[78,49,3],"tags":[],"class_list":["post-10384","post","type-post","status-publish","format-standard","has-post-thumbnail","hentry","category-europa-karpat","category-podkarpacie","category-wydarzenia"],"_links":{"self":[{"href":"https:\/\/marekkuchcinski.pl\/hu\/wp-json\/wp\/v2\/posts\/10384","targetHints":{"allow":["GET"]}}],"collection":[{"href":"https:\/\/marekkuchcinski.pl\/hu\/wp-json\/wp\/v2\/posts"}],"about":[{"href":"https:\/\/marekkuchcinski.pl\/hu\/wp-json\/wp\/v2\/types\/post"}],"author":[{"embeddable":true,"href":"https:\/\/marekkuchcinski.pl\/hu\/wp-json\/wp\/v2\/users\/6"}],"replies":[{"embeddable":true,"href":"https:\/\/marekkuchcinski.pl\/hu\/wp-json\/wp\/v2\/comments?post=10384"}],"version-history":[{"count":1,"href":"https:\/\/marekkuchcinski.pl\/hu\/wp-json\/wp\/v2\/posts\/10384\/revisions"}],"predecessor-version":[{"id":10386,"href":"https:\/\/marekkuchcinski.pl\/hu\/wp-json\/wp\/v2\/posts\/10384\/revisions\/10386"}],"wp:featuredmedia":[{"embeddable":true,"href":"https:\/\/marekkuchcinski.pl\/hu\/wp-json\/wp\/v2\/media\/10385"}],"wp:attachment":[{"href":"https:\/\/marekkuchcinski.pl\/hu\/wp-json\/wp\/v2\/media?parent=10384"}],"wp:term":[{"taxonomy":"category","embeddable":true,"href":"https:\/\/marekkuchcinski.pl\/hu\/wp-json\/wp\/v2\/categories?post=10384"},{"taxonomy":"post_tag","embeddable":true,"href":"https:\/\/marekkuchcinski.pl\/hu\/wp-json\/wp\/v2\/tags?post=10384"}],"curies":[{"name":"wp","href":"https:\/\/api.w.org\/{rel}","templated":true}]}}