{"id":10348,"date":"2018-09-11T11:24:03","date_gmt":"2018-09-11T09:24:03","guid":{"rendered":"https:\/\/marekkuchcinski.pl\/?p=10348"},"modified":"2020-09-08T12:04:22","modified_gmt":"2020-09-08T10:04:22","slug":"zywe-pochodnie-marszalek-sejmu-otworzyl-wystawe-poswiecona-polsko-czechoslowackim-stosunkom","status":"publish","type":"post","link":"https:\/\/marekkuchcinski.pl\/hu\/wydarzenia\/zywe-pochodnie-marszalek-sejmu-otworzyl-wystawe-poswiecona-polsko-czechoslowackim-stosunkom\/","title":{"rendered":"\"\u00c9l\u0151 f\u00e1kly\u00e1k\" - a szejm eln\u00f6ke megnyitotta a lengyel-csehszlov\u00e1k kapcsolatokr\u00f3l sz\u00f3l\u00f3 ki\u00e1ll\u00edt\u00e1st"},"content":{"rendered":"<p><strong>A Vars\u00f3i Szerz\u0151d\u00e9s csapatainak 1968-as Csehszlov\u00e1kia elleni agresszi\u00f3ja elleni tiltakoz\u00e1sul \"\u00e9l\u0151 f\u00e1kly\u00e1kat\" gy\u00fajtottak nemcsak a Moldva foly\u00f3n, ahol Jan Palach \u00e9s Jan Zaj\u00edc elk\u00f6vette az \u00f6n\u00e9get\u00e9s dr\u00e1mai tett\u00e9t. M\u00e1sok saj\u00e1t \u00e9let\u00fcket is fel\u00e1ldozt\u00e1k, mint p\u00e9ld\u00e1ul Ryszard Siwiec, a lengyelek becs\u00fclet\u00e9nek mag\u00e1nyos v\u00e9delmez\u0151je, aki a lengyel-csehszlov\u00e1k szolidarit\u00e1s jelk\u00e9p\u00e9v\u00e9 v\u00e1lt. K\u00e9t magyar, a budapesti Bauer S\u00e1ndor \u00e9s Rom\u00e1ni\u00e1ban \u00e9l\u0151 honfit\u00e1rsa, Moyses M\u00e1rton pedig a magyar-cseh-szlov\u00e1k szolidarit\u00e1s eszm\u00e9j\u00e9t egyengette.<\/strong><\/p>\n<p>- A lengyelek, csehek \u00e9s magyarok k\u00f6z\u00f6tti k\u00f6tel\u00e9ket egy v\u00e9res, vagy ink\u00e1bb \u00e9g\u0151 \u00e1ldozat pecs\u00e9telte meg - a legnagyobb, amit egy ember a szabads\u00e1g v\u00e9delm\u00e9ben tehet\" - mondta Marek Kuchcinski, a szejm eln\u00f6ke az \"Egy\u00fctt: A lengyel-cseh kapcsolatok f\u00e9l \u00e9vsz\u00e1zada 1968-2018\u2033 c\u00edm\u0171 pr\u00e1gai ki\u00e1ll\u00edt\u00e1s megnyit\u00f3j\u00e1n.  A pr\u00e1gai tavasz \u00faj korszakot nyitott a lengyel-cseh kapcsolatokban. A h\u00e1zeln\u00f6k hangs\u00falyozta, hogy az elm\u00falt 50 \u00e9vben t\u00f6bb ilyen fontos esem\u00e9ny is t\u00f6rt\u00e9nt, mint p\u00e9ld\u00e1ul a munk\u00e1sfelkel\u00e9sek 1970-ben vagy 1976-ban Radomban; 1978-ban el\u0151sz\u00f6r tal\u00e1lkoztak lengyel \u00e9s csehszlov\u00e1k ellenz\u00e9kiek; 1981 december\u00e9ben pedig ugyanazok a t\u00e1bornokok, akik Csehszlov\u00e1kia megsz\u00e1ll\u00e1sa m\u00f6g\u00f6tt \u00e1lltak, adt\u00e1k ki a parancsot a hadi\u00e1llapot bevezet\u00e9s\u00e9re Lengyelorsz\u00e1gban.<\/p>\n<p>A Szejm eln\u00f6ke pr\u00e1gai l\u00e1togat\u00e1sa sor\u00e1n r\u00e9szt vett az \u00fcl\u00e9sen: \"\u00c9l\u0151 f\u00e1kly\u00e1k: Siwiec, Palach, Bauer\". - M\u00e9g 50 \u00e9v eltelt\u00e9vel is lehetetlen \u00fagy besz\u00e9lni a Vars\u00f3ban, Pr\u00e1g\u00e1ban \u00e9s Budapesten t\u00f6rt\u00e9ntekr\u0151l, hogy ne \u00e9rezz\u00fck, hogy valami felfoghatatlan, hihetetlen\u00fcl dr\u00e1mai dolog t\u00f6rt\u00e9nt, \u00e9s ugyanakkor valami, amit tudatosan tettek - tiltakoz\u00e1sk\u00e9nt a saj\u00e1t \u00e1llam \u00e9s nemzet leig\u00e1z\u00e1sa, Csehszlov\u00e1kia megsz\u00e1ll\u00e1sa ellen. Ugyanakkor hangs\u00falyozni kell, hogy ezek a kiv\u00e9teles alakok nem v\u00e1rt\u00e1k el az ut\u00e1nz\u00e1st, s\u0151t, \u00f3vtak t\u0151le, b\u00e1r - k\u00fcl\u00f6n\u00f6sen Csehszlov\u00e1ki\u00e1ban - sokan akart\u00e1k ezt az utat k\u00f6vetni\" - mondta Marek Kuchci\u0144ski. - Ez a h\u00e1rom szem\u00e9lyis\u00e9g - Ryszard Siwiec vars\u00f3i honv\u00e9d, filoz\u00f3fus \u00e9s k\u00e9s\u0151bbi k\u00f6ztisztvisel\u0151, Jan Palach pr\u00e1gai di\u00e1k \u00e9s Bauer S\u00e1ndor budapesti di\u00e1k - nagy szellem\u0171, becs\u00fcletes, eszm\u00e9kkel rendelkez\u0151, nemzet\u00fckh\u00f6z er\u0151sen k\u00f6t\u0151d\u0151 emberek, akik \u00e1tl\u00e9pt\u00e9k az \u00e1ldozathozatal \u00e9s a h\u0151siess\u00e9g hat\u00e1r\u00e1t, \u00e9s a sz\u00f6rny\u0171 k\u00ednok k\u00f6z\u00f6tt a hal\u00e1lt v\u00e1lasztott\u00e1k, mert hittek abban, hogy a szabads\u00e1g\u00e9rt folytatott k\u00fczdelemben nincs t\u00fal nagy \u00e1ldozat\" - \u00e9rvelt. - Ha szabadnak \u00e9rezz\u00fck magunkat, mindig eml\u00e9kezn\u00fcnk kell arra, hogy kinek k\u00f6sz\u00f6nhetj\u00fck szabads\u00e1gunkat, orsz\u00e1gaink szuverenit\u00e1s\u00e1t. K\u00f6sz\u00f6nj\u00fck, hogy megeml\u00e9keztek pr\u00e1gai h\u0151seinkr\u0151l. Tisztelegj\u00fcnk eml\u00e9k\u00fck el\u0151tt. Eml\u00e9k\u00fck \u00e9s dics\u0151s\u00e9g\u00fck legyen \u00f6r\u00f6kk\u00e9val\u00f3\" - mondta Marek Kuchci\u0144ski.<\/p>\n<p>A tal\u00e1lkoz\u00f3n r\u00e9szt vett t\u00f6bbek k\u00f6z\u00f6tt Petr Fiala, a Cseh K\u00f6zt\u00e1rsas\u00e1g \u00e9s Magyarorsz\u00e1g parlamenti aleln\u00f6ke, Latorcai J\u00e1nos \u00e9s Jan Draus professzor is. Egy\u00fctt besz\u00e9ltek orsz\u00e1gaink felel\u0151ss\u00e9g\u00e9r\u0151l, a Lengyelorsz\u00e1g, Csehorsz\u00e1g, Magyarorsz\u00e1g k\u00f6z\u00f6tti kapcsolatok meg\u00faj\u00edt\u00e1s\u00e1r\u00f3l \u00e9s a nagy \u00e1ldozatv\u00e1llal\u00e1sr\u00f3l, \u00e1ldozatv\u00e1llal\u00e1sr\u00f3l.\u00a0<span class=\"gmail_default\">a megrov\u00e1s \u00e9rdek\u00e9ben beny\u00fajtott<\/span>\u00a0az emberi szabads\u00e1g\u00e9rt \u00e9s m\u00e9lt\u00f3s\u00e1g\u00e9rt folytatott transznacion\u00e1lis k\u00fczdelem\u00e9rt.<\/p>\n<p><em>sz\u00f6veg\/pot. mo<\/em><\/p>\n<p><a href=\"https:\/\/marekkuchcinski.pl\/wp-content\/uploads\/2018\/09\/DSCF1062.jpg\"><img fetchpriority=\"high\" decoding=\"async\" class=\"alignnone size-full wp-image-10356\" src=\"https:\/\/marekkuchcinski.pl\/wp-content\/uploads\/2018\/09\/DSCF1062.jpg\" alt=\"DSCF1062\" width=\"4057\" height=\"2834\" srcset=\"https:\/\/marekkuchcinski.pl\/wp-content\/uploads\/2018\/09\/DSCF1062.jpg 2048w, https:\/\/marekkuchcinski.pl\/wp-content\/uploads\/2018\/09\/DSCF1062-300x210.jpg 300w, https:\/\/marekkuchcinski.pl\/wp-content\/uploads\/2018\/09\/DSCF1062-768x536.jpg 768w, https:\/\/marekkuchcinski.pl\/wp-content\/uploads\/2018\/09\/DSCF1062-1024x715.jpg 1024w\" sizes=\"(max-width: 4057px) 100vw, 4057px\" \/><\/a><a href=\"https:\/\/marekkuchcinski.pl\/wp-content\/uploads\/2018\/09\/DSCF1053.jpg\"><img decoding=\"async\" class=\"alignnone size-full wp-image-10378\" src=\"https:\/\/marekkuchcinski.pl\/wp-content\/uploads\/2018\/09\/DSCF1053.jpg\" alt=\"DSCF1053\" width=\"4134\" height=\"2673\" srcset=\"https:\/\/marekkuchcinski.pl\/wp-content\/uploads\/2018\/09\/DSCF1053.jpg 2048w, https:\/\/marekkuchcinski.pl\/wp-content\/uploads\/2018\/09\/DSCF1053-300x194.jpg 300w, https:\/\/marekkuchcinski.pl\/wp-content\/uploads\/2018\/09\/DSCF1053-768x497.jpg 768w, https:\/\/marekkuchcinski.pl\/wp-content\/uploads\/2018\/09\/DSCF1053-1024x662.jpg 1024w\" sizes=\"(max-width: 4134px) 100vw, 4134px\" \/><\/a><a href=\"https:\/\/marekkuchcinski.pl\/wp-content\/uploads\/2018\/09\/Praga-1.jpg\"><img decoding=\"async\" class=\"alignnone size-full wp-image-10374\" src=\"https:\/\/marekkuchcinski.pl\/wp-content\/uploads\/2018\/09\/Praga-1.jpg\" alt=\"Praga 1\" width=\"4522\" height=\"3019\" srcset=\"https:\/\/marekkuchcinski.pl\/wp-content\/uploads\/2018\/09\/Praga-1.jpg 2048w, https:\/\/marekkuchcinski.pl\/wp-content\/uploads\/2018\/09\/Praga-1-300x200.jpg 300w, https:\/\/marekkuchcinski.pl\/wp-content\/uploads\/2018\/09\/Praga-1-768x513.jpg 768w, https:\/\/marekkuchcinski.pl\/wp-content\/uploads\/2018\/09\/Praga-1-1024x684.jpg 1024w\" sizes=\"(max-width: 4522px) 100vw, 4522px\" \/><\/a><a href=\"https:\/\/marekkuchcinski.pl\/wp-content\/uploads\/2018\/09\/KKB_0737.jpg\"><img loading=\"lazy\" decoding=\"async\" class=\"alignnone size-full wp-image-10359\" src=\"https:\/\/marekkuchcinski.pl\/wp-content\/uploads\/2018\/09\/KKB_0737.jpg\" alt=\"KKB_0737\" width=\"2880\" height=\"1920\" srcset=\"https:\/\/marekkuchcinski.pl\/wp-content\/uploads\/2018\/09\/KKB_0737.jpg 2048w, https:\/\/marekkuchcinski.pl\/wp-content\/uploads\/2018\/09\/KKB_0737-300x200.jpg 300w, https:\/\/marekkuchcinski.pl\/wp-content\/uploads\/2018\/09\/KKB_0737-768x512.jpg 768w, https:\/\/marekkuchcinski.pl\/wp-content\/uploads\/2018\/09\/KKB_0737-1024x683.jpg 1024w\" sizes=\"(max-width: 2880px) 100vw, 2880px\" \/><\/a> <a href=\"https:\/\/marekkuchcinski.pl\/wp-content\/uploads\/2018\/09\/DSCF1084.jpg\"><img loading=\"lazy\" decoding=\"async\" class=\"alignnone size-full wp-image-10357\" src=\"https:\/\/marekkuchcinski.pl\/wp-content\/uploads\/2018\/09\/DSCF1084.jpg\" alt=\"DSCF1084\" width=\"4163\" height=\"2949\" srcset=\"https:\/\/marekkuchcinski.pl\/wp-content\/uploads\/2018\/09\/DSCF1084.jpg 2048w, https:\/\/marekkuchcinski.pl\/wp-content\/uploads\/2018\/09\/DSCF1084-300x213.jpg 300w, https:\/\/marekkuchcinski.pl\/wp-content\/uploads\/2018\/09\/DSCF1084-768x544.jpg 768w, https:\/\/marekkuchcinski.pl\/wp-content\/uploads\/2018\/09\/DSCF1084-1024x725.jpg 1024w\" sizes=\"(max-width: 4163px) 100vw, 4163px\" \/><\/a><a href=\"https:\/\/marekkuchcinski.pl\/wp-content\/uploads\/2018\/09\/KKB_0906.jpg\"><img loading=\"lazy\" decoding=\"async\" class=\"alignnone size-full wp-image-10360\" src=\"https:\/\/marekkuchcinski.pl\/wp-content\/uploads\/2018\/09\/KKB_0906.jpg\" alt=\"KKB_0906\" width=\"2110\" height=\"1496\" srcset=\"https:\/\/marekkuchcinski.pl\/wp-content\/uploads\/2018\/09\/KKB_0906.jpg 2048w, https:\/\/marekkuchcinski.pl\/wp-content\/uploads\/2018\/09\/KKB_0906-300x213.jpg 300w, https:\/\/marekkuchcinski.pl\/wp-content\/uploads\/2018\/09\/KKB_0906-768x545.jpg 768w, https:\/\/marekkuchcinski.pl\/wp-content\/uploads\/2018\/09\/KKB_0906-1024x726.jpg 1024w\" sizes=\"(max-width: 2110px) 100vw, 2110px\" \/><\/a> <a href=\"https:\/\/marekkuchcinski.pl\/wp-content\/uploads\/2018\/09\/KKB_1146.jpg\"><img loading=\"lazy\" decoding=\"async\" class=\"alignnone size-full wp-image-10361\" src=\"https:\/\/marekkuchcinski.pl\/wp-content\/uploads\/2018\/09\/KKB_1146.jpg\" alt=\"KKB_1146\" width=\"2306\" height=\"1410\" srcset=\"https:\/\/marekkuchcinski.pl\/wp-content\/uploads\/2018\/09\/KKB_1146.jpg 2048w, https:\/\/marekkuchcinski.pl\/wp-content\/uploads\/2018\/09\/KKB_1146-300x183.jpg 300w, https:\/\/marekkuchcinski.pl\/wp-content\/uploads\/2018\/09\/KKB_1146-768x470.jpg 768w, https:\/\/marekkuchcinski.pl\/wp-content\/uploads\/2018\/09\/KKB_1146-1024x626.jpg 1024w\" sizes=\"(max-width: 2306px) 100vw, 2306px\" \/><\/a><a href=\"https:\/\/marekkuchcinski.pl\/wp-content\/uploads\/2018\/09\/DSCF1085-1.jpg\"><img loading=\"lazy\" decoding=\"async\" class=\"alignnone size-full wp-image-10362\" src=\"https:\/\/marekkuchcinski.pl\/wp-content\/uploads\/2018\/09\/DSCF1085-1.jpg\" alt=\"DSCF1085\" width=\"3367\" height=\"2246\" srcset=\"https:\/\/marekkuchcinski.pl\/wp-content\/uploads\/2018\/09\/DSCF1085-1.jpg 2048w, https:\/\/marekkuchcinski.pl\/wp-content\/uploads\/2018\/09\/DSCF1085-1-300x200.jpg 300w, https:\/\/marekkuchcinski.pl\/wp-content\/uploads\/2018\/09\/DSCF1085-1-768x512.jpg 768w, https:\/\/marekkuchcinski.pl\/wp-content\/uploads\/2018\/09\/DSCF1085-1-1024x683.jpg 1024w\" sizes=\"(max-width: 3367px) 100vw, 3367px\" \/><\/a> <a href=\"https:\/\/marekkuchcinski.pl\/wp-content\/uploads\/2018\/09\/KKB_1328.jpg\"><img loading=\"lazy\" decoding=\"async\" class=\"alignnone size-full wp-image-10363\" src=\"https:\/\/marekkuchcinski.pl\/wp-content\/uploads\/2018\/09\/KKB_1328.jpg\" alt=\"KKB_1328\" width=\"1910\" height=\"1068\" srcset=\"https:\/\/marekkuchcinski.pl\/wp-content\/uploads\/2018\/09\/KKB_1328.jpg 1910w, https:\/\/marekkuchcinski.pl\/wp-content\/uploads\/2018\/09\/KKB_1328-300x168.jpg 300w, https:\/\/marekkuchcinski.pl\/wp-content\/uploads\/2018\/09\/KKB_1328-768x429.jpg 768w, https:\/\/marekkuchcinski.pl\/wp-content\/uploads\/2018\/09\/KKB_1328-1024x573.jpg 1024w\" sizes=\"(max-width: 1910px) 100vw, 1910px\" \/><\/a><a href=\"https:\/\/marekkuchcinski.pl\/wp-content\/uploads\/2018\/09\/KKB_1693.jpg\"><img loading=\"lazy\" decoding=\"async\" class=\"alignnone size-full wp-image-10380\" src=\"https:\/\/marekkuchcinski.pl\/wp-content\/uploads\/2018\/09\/KKB_1693.jpg\" alt=\"KKB_1693\" width=\"3410\" height=\"2341\" srcset=\"https:\/\/marekkuchcinski.pl\/wp-content\/uploads\/2018\/09\/KKB_1693.jpg 2048w, https:\/\/marekkuchcinski.pl\/wp-content\/uploads\/2018\/09\/KKB_1693-300x206.jpg 300w, https:\/\/marekkuchcinski.pl\/wp-content\/uploads\/2018\/09\/KKB_1693-768x527.jpg 768w, https:\/\/marekkuchcinski.pl\/wp-content\/uploads\/2018\/09\/KKB_1693-1024x703.jpg 1024w\" sizes=\"(max-width: 3410px) 100vw, 3410px\" \/><\/a>Ryszard Siwiecnek szentelt film vet\u00edt\u00e9se<\/p>","protected":false},"excerpt":{"rendered":"<p>W prote\u015bcie przeciwko agresji wojsk Uk\u0142adu Warszawskiego na Czechos\u0142owacj\u0119 w 1968 roku \u201e\u017cywe pochodnie\u201d zap\u0142on\u0119\u0142y nie tylko nad We\u0142taw\u0105, gdzie dramatycznego aktu samospalenia dokonali Jan Palach i Jan Zaj\u00edc. Ofiar\u0119 z w\u0142asnego \u017cycia z\u0142o\u017cyli tak\u017ce inni, jak Ryszard Siwiec, samotny obro\u0144ca honoru Polak\u00f3w, kt\u00f3ry sta\u0142 si\u0119\u00a0symbolem polsko-czechos\u0142owackiej solidarno\u015bci. Natomiast dwaj W\u0119grzy: S\u00e1ndor Bauer z Budapesztu [&hellip;]<\/p>\n","protected":false},"author":6,"featured_media":10373,"comment_status":"open","ping_status":"open","sticky":false,"template":"","format":"standard","meta":{"ngg_post_thumbnail":0,"footnotes":""},"categories":[77,50,3],"tags":[],"class_list":["post-10348","post","type-post","status-publish","format-standard","has-post-thumbnail","hentry","category-wazne-daty","category-wspolpraca-miedzynarodowa","category-wydarzenia"],"_links":{"self":[{"href":"https:\/\/marekkuchcinski.pl\/hu\/wp-json\/wp\/v2\/posts\/10348","targetHints":{"allow":["GET"]}}],"collection":[{"href":"https:\/\/marekkuchcinski.pl\/hu\/wp-json\/wp\/v2\/posts"}],"about":[{"href":"https:\/\/marekkuchcinski.pl\/hu\/wp-json\/wp\/v2\/types\/post"}],"author":[{"embeddable":true,"href":"https:\/\/marekkuchcinski.pl\/hu\/wp-json\/wp\/v2\/users\/6"}],"replies":[{"embeddable":true,"href":"https:\/\/marekkuchcinski.pl\/hu\/wp-json\/wp\/v2\/comments?post=10348"}],"version-history":[{"count":16,"href":"https:\/\/marekkuchcinski.pl\/hu\/wp-json\/wp\/v2\/posts\/10348\/revisions"}],"predecessor-version":[{"id":19702,"href":"https:\/\/marekkuchcinski.pl\/hu\/wp-json\/wp\/v2\/posts\/10348\/revisions\/19702"}],"wp:featuredmedia":[{"embeddable":true,"href":"https:\/\/marekkuchcinski.pl\/hu\/wp-json\/wp\/v2\/media\/10373"}],"wp:attachment":[{"href":"https:\/\/marekkuchcinski.pl\/hu\/wp-json\/wp\/v2\/media?parent=10348"}],"wp:term":[{"taxonomy":"category","embeddable":true,"href":"https:\/\/marekkuchcinski.pl\/hu\/wp-json\/wp\/v2\/categories?post=10348"},{"taxonomy":"post_tag","embeddable":true,"href":"https:\/\/marekkuchcinski.pl\/hu\/wp-json\/wp\/v2\/tags?post=10348"}],"curies":[{"name":"wp","href":"https:\/\/api.w.org\/{rel}","templated":true}]}}