{"id":10330,"date":"2018-09-09T22:38:22","date_gmt":"2018-09-09T20:38:22","guid":{"rendered":"https:\/\/marekkuchcinski.pl\/?p=10330"},"modified":"2018-09-09T22:47:01","modified_gmt":"2018-09-09T20:47:01","slug":"marszalek-sejmu-odslonil-krzyz-upamietniajacy-100-rocznice-odzyskania-niepodleglosci","status":"publish","type":"post","link":"https:\/\/marekkuchcinski.pl\/hu\/wydarzenia\/marszalek-sejmu-odslonil-krzyz-upamietniajacy-100-rocznice-odzyskania-niepodleglosci\/","title":{"rendered":"A szejm eln\u00f6ke leleplezte a f\u00fcggetlens\u00e9g 100. \u00e9vfordul\u00f3j\u00e1ra eml\u00e9kez\u0151 keresztet"},"content":{"rendered":"<p>A podkarpatszka r\u00e9gi\u00f3ban tal\u00e1lhat\u00f3 Tulig\u0142owyban egy 25 m\u00e9ter magas keresztet \u00e9s egy 32 m\u00e9ter magas \u00e1rbocot \u00e1ll\u00edtottak fel, amelyek - mint Marek Kuchci\u0144ski, a Szejm eln\u00f6ke hangs\u00falyozta - a Lengyel K\u00f6zt\u00e1rsas\u00e1g nagy m\u00faltj\u00e1ra \u00e9s a f\u00fcggetlens\u00e9g visszanyer\u00e9s\u00e9nek 100. \u00e9vfordul\u00f3j\u00e1ra k\u00edv\u00e1nnak eml\u00e9keztetni.<\/p>\n<p>- A lengyel t\u00f6rt\u00e9nelemben sok jel \u00e9s szimb\u00f3lum tal\u00e1lhat\u00f3. Ez a jel - egy kereszt, mellette egy \u00e1rboc - rem\u00e9lem, hogy sok kilom\u00e9terre keletre, sok kilom\u00e9terre nyugatra eml\u00e9keztet majd minket arra, hogy mi a mi \u00f6r\u00f6ks\u00e9g\u00fcnk. Mi az \u00fczenet\u00fcnk a j\u00f6v\u0151re n\u00e9zve?\" - mondta a marsall.<\/p>\n<p>Jaros\u0142aw Kaczy\u0144ski, a Jog \u00e9s Igazs\u00e1goss\u00e1g p\u00e1rt eln\u00f6ke az \u00fcnneps\u00e9g r\u00e9sztvev\u0151ihez int\u00e9zett level\u00e9ben r\u00e1mutatott, hogy a ter\u00fclet f\u00f6l\u00e9 magasod\u00f3 eml\u00e9km\u0171 m\u00e9rete az \u0151seink hit\u00e9nek erej\u00e9t szimboliz\u00e1lja. A rend\u00edthetetlen bizalom abban, hogy az, aki oly sok \u00e9vsz\u00e1zadon \u00e1t hatalm\u00e1nak \u00e9s dics\u0151s\u00e9g\u00e9nek ragyog\u00e1s\u00e1val vette k\u00f6r\u00fcl Lengyelorsz\u00e1got, m\u00e9lt\u00f3ztatik majd vissza\u00e1ll\u00edtani szabad haz\u00e1nkat.<\/p>\n<p>Az eml\u00e9km\u0171vet a Szejm eln\u00f6k\u00e9nek tiszteletbeli v\u00e9dn\u00f6ks\u00e9ge alatt \u00e9p\u00edtett\u00e9k. Az \u00e9p\u00edtkez\u00e9s kezdem\u00e9nyez\u0151je a tuliglowie-i pl\u00e9b\u00e1nos, Mariusz Marciniec atya volt. Az eml\u00e9km\u0171vet a t\u00f6bb mint 600 \u00e9ves M\u00e1ria-kegyhely \u00e1ll\u00edtotta. A felirat a k\u00f6vetkez\u0151: \"A kereszts\u00e9g a felt\u00e1mad\u00e1s erej\u00e9t adja. A f\u00fcggetlens\u00e9g 100. \u00e9vfordul\u00f3j\u00e1n h\u00e1la Istennek \u00e9s a nemzeti h\u0151s\u00f6knek\".<\/p>\n<p><a href=\"https:\/\/marekkuchcinski.pl\/wp-content\/uploads\/2018\/09\/41275727_270071870284929_3357834955617992704_n-1.jpg\"><img fetchpriority=\"high\" decoding=\"async\" class=\"alignnone size-full wp-image-10343\" src=\"https:\/\/marekkuchcinski.pl\/wp-content\/uploads\/2018\/09\/41275727_270071870284929_3357834955617992704_n-1.jpg\" alt=\"41275727_270071870284929_3357834955617992704_n (1)\" width=\"996\" height=\"1611\" srcset=\"https:\/\/marekkuchcinski.pl\/wp-content\/uploads\/2018\/09\/41275727_270071870284929_3357834955617992704_n-1.jpg 996w, https:\/\/marekkuchcinski.pl\/wp-content\/uploads\/2018\/09\/41275727_270071870284929_3357834955617992704_n-1-185x300.jpg 185w, https:\/\/marekkuchcinski.pl\/wp-content\/uploads\/2018\/09\/41275727_270071870284929_3357834955617992704_n-1-768x1242.jpg 768w, https:\/\/marekkuchcinski.pl\/wp-content\/uploads\/2018\/09\/41275727_270071870284929_3357834955617992704_n-1-633x1024.jpg 633w\" sizes=\"(max-width: 996px) 100vw, 996px\" \/><\/a><a href=\"https:\/\/marekkuchcinski.pl\/wp-content\/uploads\/2018\/09\/41262313_961915664017716_3530492709636669440_n.jpg\"><img decoding=\"async\" class=\"alignnone size-full wp-image-10342\" src=\"https:\/\/marekkuchcinski.pl\/wp-content\/uploads\/2018\/09\/41262313_961915664017716_3530492709636669440_n.jpg\" alt=\"41262313_961915664017716_3530492709636669440_n\" width=\"1057\" height=\"1057\" srcset=\"https:\/\/marekkuchcinski.pl\/wp-content\/uploads\/2018\/09\/41262313_961915664017716_3530492709636669440_n.jpg 1057w, https:\/\/marekkuchcinski.pl\/wp-content\/uploads\/2018\/09\/41262313_961915664017716_3530492709636669440_n-150x150.jpg 150w, https:\/\/marekkuchcinski.pl\/wp-content\/uploads\/2018\/09\/41262313_961915664017716_3530492709636669440_n-300x300.jpg 300w, https:\/\/marekkuchcinski.pl\/wp-content\/uploads\/2018\/09\/41262313_961915664017716_3530492709636669440_n-768x768.jpg 768w, https:\/\/marekkuchcinski.pl\/wp-content\/uploads\/2018\/09\/41262313_961915664017716_3530492709636669440_n-1024x1024.jpg 1024w\" sizes=\"(max-width: 1057px) 100vw, 1057px\" \/><\/a><a href=\"https:\/\/marekkuchcinski.pl\/wp-content\/uploads\/2018\/09\/2.jpg\"><img decoding=\"async\" class=\"alignnone size-full wp-image-10331\" src=\"https:\/\/marekkuchcinski.pl\/wp-content\/uploads\/2018\/09\/2.jpg\" alt=\"2\" width=\"5417\" height=\"3611\" srcset=\"https:\/\/marekkuchcinski.pl\/wp-content\/uploads\/2018\/09\/2.jpg 2048w, https:\/\/marekkuchcinski.pl\/wp-content\/uploads\/2018\/09\/2-300x200.jpg 300w, https:\/\/marekkuchcinski.pl\/wp-content\/uploads\/2018\/09\/2-768x512.jpg 768w, https:\/\/marekkuchcinski.pl\/wp-content\/uploads\/2018\/09\/2-1024x683.jpg 1024w\" sizes=\"(max-width: 5417px) 100vw, 5417px\" \/><\/a> <a href=\"https:\/\/marekkuchcinski.pl\/wp-content\/uploads\/2018\/09\/IMG_0033.jpg\"><img loading=\"lazy\" decoding=\"async\" class=\"alignnone size-full wp-image-10332\" src=\"https:\/\/marekkuchcinski.pl\/wp-content\/uploads\/2018\/09\/IMG_0033.jpg\" alt=\"IMG_0033\" width=\"4000\" height=\"6003\" srcset=\"https:\/\/marekkuchcinski.pl\/wp-content\/uploads\/2018\/09\/IMG_0033.jpg 1365w, https:\/\/marekkuchcinski.pl\/wp-content\/uploads\/2018\/09\/IMG_0033-200x300.jpg 200w, https:\/\/marekkuchcinski.pl\/wp-content\/uploads\/2018\/09\/IMG_0033-768x1153.jpg 768w, https:\/\/marekkuchcinski.pl\/wp-content\/uploads\/2018\/09\/IMG_0033-682x1024.jpg 682w\" sizes=\"(max-width: 4000px) 100vw, 4000px\" \/><\/a> <a href=\"https:\/\/marekkuchcinski.pl\/wp-content\/uploads\/2018\/09\/IMG_0056-2.jpg\"><img loading=\"lazy\" decoding=\"async\" class=\"alignnone size-full wp-image-10333\" src=\"https:\/\/marekkuchcinski.pl\/wp-content\/uploads\/2018\/09\/IMG_0056-2.jpg\" alt=\"IMG_0056 (2)\" width=\"5131\" height=\"3447\" srcset=\"https:\/\/marekkuchcinski.pl\/wp-content\/uploads\/2018\/09\/IMG_0056-2.jpg 2048w, https:\/\/marekkuchcinski.pl\/wp-content\/uploads\/2018\/09\/IMG_0056-2-300x202.jpg 300w, https:\/\/marekkuchcinski.pl\/wp-content\/uploads\/2018\/09\/IMG_0056-2-768x516.jpg 768w, https:\/\/marekkuchcinski.pl\/wp-content\/uploads\/2018\/09\/IMG_0056-2-1024x688.jpg 1024w\" sizes=\"(max-width: 5131px) 100vw, 5131px\" \/><\/a> <a href=\"https:\/\/marekkuchcinski.pl\/wp-content\/uploads\/2018\/09\/IMG_0121.jpg\"><img loading=\"lazy\" decoding=\"async\" class=\"alignnone size-full wp-image-10334\" src=\"https:\/\/marekkuchcinski.pl\/wp-content\/uploads\/2018\/09\/IMG_0121.jpg\" alt=\"IMG_0121\" width=\"6000\" height=\"4000\" srcset=\"https:\/\/marekkuchcinski.pl\/wp-content\/uploads\/2018\/09\/IMG_0121.jpg 2048w, https:\/\/marekkuchcinski.pl\/wp-content\/uploads\/2018\/09\/IMG_0121-300x200.jpg 300w, https:\/\/marekkuchcinski.pl\/wp-content\/uploads\/2018\/09\/IMG_0121-768x512.jpg 768w, https:\/\/marekkuchcinski.pl\/wp-content\/uploads\/2018\/09\/IMG_0121-1024x683.jpg 1024w\" sizes=\"(max-width: 6000px) 100vw, 6000px\" \/><\/a><a href=\"https:\/\/marekkuchcinski.pl\/wp-content\/uploads\/2018\/09\/IMG_0049.jpg\"><img loading=\"lazy\" decoding=\"async\" class=\"alignnone size-full wp-image-10335\" src=\"https:\/\/marekkuchcinski.pl\/wp-content\/uploads\/2018\/09\/IMG_0049.jpg\" alt=\"IMG_0049\" width=\"5225\" height=\"3483\" srcset=\"https:\/\/marekkuchcinski.pl\/wp-content\/uploads\/2018\/09\/IMG_0049.jpg 2048w, https:\/\/marekkuchcinski.pl\/wp-content\/uploads\/2018\/09\/IMG_0049-300x200.jpg 300w, https:\/\/marekkuchcinski.pl\/wp-content\/uploads\/2018\/09\/IMG_0049-768x512.jpg 768w, https:\/\/marekkuchcinski.pl\/wp-content\/uploads\/2018\/09\/IMG_0049-1024x683.jpg 1024w\" sizes=\"(max-width: 5225px) 100vw, 5225px\" \/><\/a><a href=\"https:\/\/marekkuchcinski.pl\/wp-content\/uploads\/2018\/09\/IMG_0040.jpg\"><img loading=\"lazy\" decoding=\"async\" class=\"alignnone size-full wp-image-10336\" src=\"https:\/\/marekkuchcinski.pl\/wp-content\/uploads\/2018\/09\/IMG_0040.jpg\" alt=\"IMG_0040\" width=\"6000\" height=\"4000\" srcset=\"https:\/\/marekkuchcinski.pl\/wp-content\/uploads\/2018\/09\/IMG_0040.jpg 2048w, https:\/\/marekkuchcinski.pl\/wp-content\/uploads\/2018\/09\/IMG_0040-300x200.jpg 300w, https:\/\/marekkuchcinski.pl\/wp-content\/uploads\/2018\/09\/IMG_0040-768x512.jpg 768w, https:\/\/marekkuchcinski.pl\/wp-content\/uploads\/2018\/09\/IMG_0040-1024x683.jpg 1024w\" sizes=\"(max-width: 6000px) 100vw, 6000px\" \/><\/a><a href=\"https:\/\/marekkuchcinski.pl\/wp-content\/uploads\/2018\/09\/IMG_0101.jpg\"><img loading=\"lazy\" decoding=\"async\" class=\"alignnone size-full wp-image-10337\" src=\"https:\/\/marekkuchcinski.pl\/wp-content\/uploads\/2018\/09\/IMG_0101.jpg\" alt=\"IMG_0101\" width=\"5240\" height=\"3462\" srcset=\"https:\/\/marekkuchcinski.pl\/wp-content\/uploads\/2018\/09\/IMG_0101.jpg 2048w, https:\/\/marekkuchcinski.pl\/wp-content\/uploads\/2018\/09\/IMG_0101-300x198.jpg 300w, https:\/\/marekkuchcinski.pl\/wp-content\/uploads\/2018\/09\/IMG_0101-768x507.jpg 768w, https:\/\/marekkuchcinski.pl\/wp-content\/uploads\/2018\/09\/IMG_0101-1024x677.jpg 1024w\" sizes=\"(max-width: 5240px) 100vw, 5240px\" \/><\/a><a href=\"https:\/\/marekkuchcinski.pl\/wp-content\/uploads\/2018\/09\/IMG_0011.jpg\"><img loading=\"lazy\" decoding=\"async\" class=\"alignnone size-full wp-image-10338\" src=\"https:\/\/marekkuchcinski.pl\/wp-content\/uploads\/2018\/09\/IMG_0011.jpg\" alt=\"IMG_0011\" width=\"6000\" height=\"4000\" srcset=\"https:\/\/marekkuchcinski.pl\/wp-content\/uploads\/2018\/09\/IMG_0011.jpg 2048w, https:\/\/marekkuchcinski.pl\/wp-content\/uploads\/2018\/09\/IMG_0011-300x200.jpg 300w, https:\/\/marekkuchcinski.pl\/wp-content\/uploads\/2018\/09\/IMG_0011-768x512.jpg 768w, https:\/\/marekkuchcinski.pl\/wp-content\/uploads\/2018\/09\/IMG_0011-1024x683.jpg 1024w\" sizes=\"(max-width: 6000px) 100vw, 6000px\" \/><\/a><\/p>\n<p><em>Fot\u00f3: Piotr Michalski<\/em><\/p>","protected":false},"excerpt":{"rendered":"<p>W Tulig\u0142owach na Podkarpaciu stan\u0105\u0142 25-metrowy krzy\u017c i 32-metrowy maszt, kt\u00f3re, jak podkre\u015bli\u0142 marsza\u0142ek Sejmu Marek Kuchci\u0144ski, maj\u0105 przypomina\u0107 wielkie dzieje Rzeczpospolitej i upami\u0119tnia\u0107 100. rocznic\u0119 odzyskania przez Polsk\u0119 niepodleg\u0142o\u015bci. &#8211; W dziejach Polski mamy liczne znaki i symbole. Ten znak &#8211; krzy\u017c, obok niego maszt &#8211; mam nadziej\u0119, \u017ce b\u0119dzie przypomina\u0142 nam na wiele [&hellip;]<\/p>\n","protected":false},"author":6,"featured_media":10333,"comment_status":"open","ping_status":"open","sticky":false,"template":"","format":"standard","meta":{"ngg_post_thumbnail":0,"footnotes":""},"categories":[49,3],"tags":[],"class_list":["post-10330","post","type-post","status-publish","format-standard","has-post-thumbnail","hentry","category-podkarpacie","category-wydarzenia"],"_links":{"self":[{"href":"https:\/\/marekkuchcinski.pl\/hu\/wp-json\/wp\/v2\/posts\/10330","targetHints":{"allow":["GET"]}}],"collection":[{"href":"https:\/\/marekkuchcinski.pl\/hu\/wp-json\/wp\/v2\/posts"}],"about":[{"href":"https:\/\/marekkuchcinski.pl\/hu\/wp-json\/wp\/v2\/types\/post"}],"author":[{"embeddable":true,"href":"https:\/\/marekkuchcinski.pl\/hu\/wp-json\/wp\/v2\/users\/6"}],"replies":[{"embeddable":true,"href":"https:\/\/marekkuchcinski.pl\/hu\/wp-json\/wp\/v2\/comments?post=10330"}],"version-history":[{"count":6,"href":"https:\/\/marekkuchcinski.pl\/hu\/wp-json\/wp\/v2\/posts\/10330\/revisions"}],"predecessor-version":[{"id":10346,"href":"https:\/\/marekkuchcinski.pl\/hu\/wp-json\/wp\/v2\/posts\/10330\/revisions\/10346"}],"wp:featuredmedia":[{"embeddable":true,"href":"https:\/\/marekkuchcinski.pl\/hu\/wp-json\/wp\/v2\/media\/10333"}],"wp:attachment":[{"href":"https:\/\/marekkuchcinski.pl\/hu\/wp-json\/wp\/v2\/media?parent=10330"}],"wp:term":[{"taxonomy":"category","embeddable":true,"href":"https:\/\/marekkuchcinski.pl\/hu\/wp-json\/wp\/v2\/categories?post=10330"},{"taxonomy":"post_tag","embeddable":true,"href":"https:\/\/marekkuchcinski.pl\/hu\/wp-json\/wp\/v2\/tags?post=10330"}],"curies":[{"name":"wp","href":"https:\/\/api.w.org\/{rel}","templated":true}]}}