{"id":10216,"date":"2018-09-03T22:57:41","date_gmt":"2018-09-03T20:57:41","guid":{"rendered":"https:\/\/marekkuchcinski.pl\/?p=10216"},"modified":"2018-09-03T22:57:41","modified_gmt":"2018-09-03T20:57:41","slug":"marszalek-sejmu-wizyta-slowaku","status":"publish","type":"post","link":"https:\/\/marekkuchcinski.pl\/hu\/wydarzenia\/marszalek-sejmu-wizyta-slowaku\/","title":{"rendered":"A Szejm eln\u00f6ke l\u00e1togat\u00e1st tesz S\u0142owakban"},"content":{"rendered":"<p>A tan\u00e9vkezd\u00e9s alkalm\u00e1b\u00f3l Marek Kuchci\u0144ski, a szejm eln\u00f6ke megl\u00e1togatta a przemy\u015bli S\u0142owacki Gimn\u00e1ziumot, ahol \u0151 maga is di\u00e1k volt. A \"Tollaslabda-fejleszt\u00e9si k\u00f6zpont Przemy\u015blben\" elnevez\u00e9s\u0171 beruh\u00e1z\u00e1si projekt r\u00e9szek\u00e9nt az 1. gimn\u00e1ziumban modern sportcsarnok \u00e9p\u00fcl. A marsall eml\u00e9keztetett arra, hogy a v\u00e1ros id\u00e9n nemzetk\u00f6zi h\u00edrn\u00e9vre tett szert a tollaslabd\u00e1ban rendezett Victor Polish Junior 2018-nak k\u00f6sz\u00f6nhet\u0151en, amelyre t\u00f6bb mint 30 orsz\u00e1gb\u00f3l \u00e9rkeztek j\u00e1t\u00e9kosok.<\/p>\n<p>A marsall felid\u00e9zte a Przemy\u015blhez kapcsol\u00f3d\u00f3 fontos \u00e9vfordul\u00f3kat: 1468 - a k\u00e9tkamar\u00e1s szejm kezdete, 1648 - amikor Andrzej Maksymilian Fredro-t v\u00e1lasztott\u00e1k a szejm eln\u00f6k\u00e9v\u00e9, 1848 - amikor a Nemzetek Tavasza idej\u00e9n t\u00f6bb sz\u00e1z przemy\u015bli \u00f6nk\u00e9ntes csatlakozott a magyarokhoz a f\u00fcggetlens\u00e9g\u00e9rt \u00e9s a szabads\u00e1g\u00e9rt folytatott harcban, \u00e9s 1918 - amikor az els\u0151 gy\u0151ztes csata, a przemy\u015bli csata zajlott. Ezut\u00e1n felid\u00e9zte 1968 m\u00e1rcius\u00e1t, fontos przemy\u015bli akcentussal - t\u00f6bb k\u00f6z\u00e9piskola di\u00e1kjai, k\u00f6zt\u00fck a S\u0142owacki, t\u00e1mogatt\u00e1k a nagy egyetemek di\u00e1kjait a felkel\u00e9s sor\u00e1n.<\/p>\n<p>Marek Kuchci\u0144ski k\u00f6sz\u00f6netet mondott a S\u0142owak-hat\u00f3s\u00e1goknak, hogy a m\u00faltr\u00f3l val\u00f3 gondolkod\u00e1s sor\u00e1n a m\u00faltba ny\u00faltak.<\/p>\n<p>- A z\u00e1szl\u00f3n, amely m\u00f6g\u00f6tt bolyongtunk, Juliusz S\u0142owacki egy vers\u00e9nek t\u00f6red\u00e9ke olvashat\u00f3: \"Tisztelet a gondolatoknak, amelyekb\u0151l \u00faj szellem \u00e9s \u00faj forma villan fel\". Ez a gondolat ma val\u00f3s\u00e1gg\u00e1 v\u00e1lik\" - mondta a marsall.<\/p>\n<p>A gimnazist\u00e1knak sok sikert \u00e9s minden j\u00f3t k\u00edv\u00e1nt. Arra biztatta \u0151ket, hogy az \u00e9letben legal\u00e1bb k\u00e9t elv vez\u00e9relje \u0151ket: a virtus \u00e9s az \u00f3vatoss\u00e1g, vagyis a b\u00e1tors\u00e1g \u00e9s a szil\u00e1rds\u00e1g a cselekv\u00e9sben, valamint a c\u00e9l el\u00e9r\u00e9s\u00e9nek k\u00f6vetkezetess\u00e9ge, amelyhez \u00f3vatoss\u00e1g t\u00e1rsul.<\/p>\n<p><em>Fot\u00f3: Piotr Michalski<\/em><\/p>\n<p><a href=\"https:\/\/marekkuchcinski.pl\/wp-content\/uploads\/2018\/09\/IMG_0065-1-1.jpg\"><img fetchpriority=\"high\" decoding=\"async\" class=\"alignnone size-full wp-image-10222\" src=\"https:\/\/marekkuchcinski.pl\/wp-content\/uploads\/2018\/09\/IMG_0065-1-1.jpg\" alt=\"IMG_0065 (1)\" width=\"3355\" height=\"2061\" srcset=\"https:\/\/marekkuchcinski.pl\/wp-content\/uploads\/2018\/09\/IMG_0065-1-1.jpg 2048w, https:\/\/marekkuchcinski.pl\/wp-content\/uploads\/2018\/09\/IMG_0065-1-1-300x184.jpg 300w, https:\/\/marekkuchcinski.pl\/wp-content\/uploads\/2018\/09\/IMG_0065-1-1-768x472.jpg 768w, https:\/\/marekkuchcinski.pl\/wp-content\/uploads\/2018\/09\/IMG_0065-1-1-1024x629.jpg 1024w\" sizes=\"(max-width: 3355px) 100vw, 3355px\" \/><\/a> <a href=\"https:\/\/marekkuchcinski.pl\/wp-content\/uploads\/2018\/09\/IMG_0072.jpg\"><img decoding=\"async\" class=\"alignnone size-full wp-image-10225\" src=\"https:\/\/marekkuchcinski.pl\/wp-content\/uploads\/2018\/09\/IMG_0072.jpg\" alt=\"IMG_0072\" width=\"6000\" height=\"4000\" srcset=\"https:\/\/marekkuchcinski.pl\/wp-content\/uploads\/2018\/09\/IMG_0072.jpg 2048w, https:\/\/marekkuchcinski.pl\/wp-content\/uploads\/2018\/09\/IMG_0072-300x200.jpg 300w, https:\/\/marekkuchcinski.pl\/wp-content\/uploads\/2018\/09\/IMG_0072-768x512.jpg 768w, https:\/\/marekkuchcinski.pl\/wp-content\/uploads\/2018\/09\/IMG_0072-1024x683.jpg 1024w\" sizes=\"(max-width: 6000px) 100vw, 6000px\" \/><\/a> <a href=\"https:\/\/marekkuchcinski.pl\/wp-content\/uploads\/2018\/09\/IMG_0119.jpg\"><img decoding=\"async\" class=\"alignnone size-full wp-image-10227\" src=\"https:\/\/marekkuchcinski.pl\/wp-content\/uploads\/2018\/09\/IMG_0119.jpg\" alt=\"IMG_0119\" width=\"6000\" height=\"4000\" srcset=\"https:\/\/marekkuchcinski.pl\/wp-content\/uploads\/2018\/09\/IMG_0119.jpg 2048w, https:\/\/marekkuchcinski.pl\/wp-content\/uploads\/2018\/09\/IMG_0119-300x200.jpg 300w, https:\/\/marekkuchcinski.pl\/wp-content\/uploads\/2018\/09\/IMG_0119-768x512.jpg 768w, https:\/\/marekkuchcinski.pl\/wp-content\/uploads\/2018\/09\/IMG_0119-1024x683.jpg 1024w\" sizes=\"(max-width: 6000px) 100vw, 6000px\" \/><\/a> <a href=\"https:\/\/marekkuchcinski.pl\/wp-content\/uploads\/2018\/09\/IMG_0132.jpg\"><img loading=\"lazy\" decoding=\"async\" class=\"alignnone size-full wp-image-10228\" src=\"https:\/\/marekkuchcinski.pl\/wp-content\/uploads\/2018\/09\/IMG_0132.jpg\" alt=\"IMG_0132\" width=\"6000\" height=\"4000\" srcset=\"https:\/\/marekkuchcinski.pl\/wp-content\/uploads\/2018\/09\/IMG_0132.jpg 2048w, https:\/\/marekkuchcinski.pl\/wp-content\/uploads\/2018\/09\/IMG_0132-300x200.jpg 300w, https:\/\/marekkuchcinski.pl\/wp-content\/uploads\/2018\/09\/IMG_0132-768x512.jpg 768w, https:\/\/marekkuchcinski.pl\/wp-content\/uploads\/2018\/09\/IMG_0132-1024x683.jpg 1024w\" sizes=\"(max-width: 6000px) 100vw, 6000px\" \/><\/a> <a href=\"https:\/\/marekkuchcinski.pl\/wp-content\/uploads\/2018\/09\/IMG_6942.jpg\"><img loading=\"lazy\" decoding=\"async\" class=\"alignnone size-full wp-image-10229\" src=\"https:\/\/marekkuchcinski.pl\/wp-content\/uploads\/2018\/09\/IMG_6942.jpg\" alt=\"IMG_6942\" width=\"5472\" height=\"3648\" srcset=\"https:\/\/marekkuchcinski.pl\/wp-content\/uploads\/2018\/09\/IMG_6942.jpg 2048w, https:\/\/marekkuchcinski.pl\/wp-content\/uploads\/2018\/09\/IMG_6942-300x200.jpg 300w, https:\/\/marekkuchcinski.pl\/wp-content\/uploads\/2018\/09\/IMG_6942-768x512.jpg 768w, https:\/\/marekkuchcinski.pl\/wp-content\/uploads\/2018\/09\/IMG_6942-1024x683.jpg 1024w\" sizes=\"(max-width: 5472px) 100vw, 5472px\" \/><\/a><a href=\"https:\/\/marekkuchcinski.pl\/wp-content\/uploads\/2018\/09\/IMG_0108-1.jpg\"><img loading=\"lazy\" decoding=\"async\" class=\"alignnone wp-image-10232 size-full\" src=\"https:\/\/marekkuchcinski.pl\/wp-content\/uploads\/2018\/09\/IMG_0108-1-e1536008177897.jpg\" alt=\"IMG_0108\" width=\"4000\" height=\"6000\" srcset=\"https:\/\/marekkuchcinski.pl\/wp-content\/uploads\/2018\/09\/IMG_0108-1-e1536008177897.jpg 1365w, https:\/\/marekkuchcinski.pl\/wp-content\/uploads\/2018\/09\/IMG_0108-1-e1536008177897-200x300.jpg 200w, https:\/\/marekkuchcinski.pl\/wp-content\/uploads\/2018\/09\/IMG_0108-1-e1536008177897-768x1152.jpg 768w, https:\/\/marekkuchcinski.pl\/wp-content\/uploads\/2018\/09\/IMG_0108-1-e1536008177897-683x1024.jpg 683w\" sizes=\"(max-width: 4000px) 100vw, 4000px\" \/><\/a><a href=\"https:\/\/marekkuchcinski.pl\/wp-content\/uploads\/2018\/09\/IMG_0112.jpg\"><img loading=\"lazy\" decoding=\"async\" class=\"alignnone wp-image-10231 size-full\" src=\"https:\/\/marekkuchcinski.pl\/wp-content\/uploads\/2018\/09\/IMG_0112-e1536008226251.jpg\" alt=\"IMG_0112\" width=\"4000\" height=\"6000\" srcset=\"https:\/\/marekkuchcinski.pl\/wp-content\/uploads\/2018\/09\/IMG_0112-e1536008226251.jpg 1365w, https:\/\/marekkuchcinski.pl\/wp-content\/uploads\/2018\/09\/IMG_0112-e1536008226251-200x300.jpg 200w, https:\/\/marekkuchcinski.pl\/wp-content\/uploads\/2018\/09\/IMG_0112-e1536008226251-768x1152.jpg 768w, https:\/\/marekkuchcinski.pl\/wp-content\/uploads\/2018\/09\/IMG_0112-e1536008226251-683x1024.jpg 683w\" sizes=\"(max-width: 4000px) 100vw, 4000px\" \/><\/a><a href=\"https:\/\/marekkuchcinski.pl\/wp-content\/uploads\/2018\/09\/IMG_0136.jpg\"><img loading=\"lazy\" decoding=\"async\" class=\"alignnone size-full wp-image-10234\" src=\"https:\/\/marekkuchcinski.pl\/wp-content\/uploads\/2018\/09\/IMG_0136.jpg\" alt=\"IMG_0136\" width=\"5519\" height=\"3858\" srcset=\"https:\/\/marekkuchcinski.pl\/wp-content\/uploads\/2018\/09\/IMG_0136.jpg 2048w, https:\/\/marekkuchcinski.pl\/wp-content\/uploads\/2018\/09\/IMG_0136-300x210.jpg 300w, https:\/\/marekkuchcinski.pl\/wp-content\/uploads\/2018\/09\/IMG_0136-768x537.jpg 768w, https:\/\/marekkuchcinski.pl\/wp-content\/uploads\/2018\/09\/IMG_0136-1024x716.jpg 1024w\" sizes=\"(max-width: 5519px) 100vw, 5519px\" \/><\/a><a href=\"https:\/\/marekkuchcinski.pl\/wp-content\/uploads\/2018\/09\/40756461_2168087933407424_2560415899920105472_o.jpg\"><img loading=\"lazy\" decoding=\"async\" class=\"alignnone size-full wp-image-10230\" src=\"https:\/\/marekkuchcinski.pl\/wp-content\/uploads\/2018\/09\/40756461_2168087933407424_2560415899920105472_o.jpg\" alt=\"40756461_2168087933407424_2560415899920105472_o\" width=\"1316\" height=\"1771\" srcset=\"https:\/\/marekkuchcinski.pl\/wp-content\/uploads\/2018\/09\/40756461_2168087933407424_2560415899920105472_o.jpg 1316w, https:\/\/marekkuchcinski.pl\/wp-content\/uploads\/2018\/09\/40756461_2168087933407424_2560415899920105472_o-223x300.jpg 223w, https:\/\/marekkuchcinski.pl\/wp-content\/uploads\/2018\/09\/40756461_2168087933407424_2560415899920105472_o-768x1034.jpg 768w, https:\/\/marekkuchcinski.pl\/wp-content\/uploads\/2018\/09\/40756461_2168087933407424_2560415899920105472_o-761x1024.jpg 761w\" sizes=\"(max-width: 1316px) 100vw, 1316px\" \/><\/a><\/p>\n<p>&nbsp;<\/p>","protected":false},"excerpt":{"rendered":"<p>Z okazji rozpoczynaj\u0105cego si\u0119 roku szkolnego marsza\u0142ek Sejmu Marek Kuchci\u0144ski odwiedzi\u0142 LO im. S\u0142owackiego w Przemy\u015blu, gdzie by\u0142 uczniem. Przy I Liceum Og\u00f3lnokszta\u0142c\u0105cym powstanie nowoczesna hala sportowa w ramach zadania inwestycyjnego \u201eCentrum Rozwoju Badmintona w Przemy\u015blu&#8221;. Marsza\u0142ek przypomnia\u0142, \u017ce w tym roku\u00a0miasto zyska\u0142o mi\u0119dzynarodow\u0105\u00a0 s\u0142aw\u0119 dzi\u0119ki Victor Polish Junior 2018\u00a0 w badmintonie, na kt\u00f3re przyjechali [&hellip;]<\/p>\n","protected":false},"author":6,"featured_media":10221,"comment_status":"open","ping_status":"open","sticky":false,"template":"","format":"standard","meta":{"ngg_post_thumbnail":0,"footnotes":""},"categories":[49,3],"tags":[],"class_list":["post-10216","post","type-post","status-publish","format-standard","has-post-thumbnail","hentry","category-podkarpacie","category-wydarzenia"],"_links":{"self":[{"href":"https:\/\/marekkuchcinski.pl\/hu\/wp-json\/wp\/v2\/posts\/10216","targetHints":{"allow":["GET"]}}],"collection":[{"href":"https:\/\/marekkuchcinski.pl\/hu\/wp-json\/wp\/v2\/posts"}],"about":[{"href":"https:\/\/marekkuchcinski.pl\/hu\/wp-json\/wp\/v2\/types\/post"}],"author":[{"embeddable":true,"href":"https:\/\/marekkuchcinski.pl\/hu\/wp-json\/wp\/v2\/users\/6"}],"replies":[{"embeddable":true,"href":"https:\/\/marekkuchcinski.pl\/hu\/wp-json\/wp\/v2\/comments?post=10216"}],"version-history":[{"count":5,"href":"https:\/\/marekkuchcinski.pl\/hu\/wp-json\/wp\/v2\/posts\/10216\/revisions"}],"predecessor-version":[{"id":10235,"href":"https:\/\/marekkuchcinski.pl\/hu\/wp-json\/wp\/v2\/posts\/10216\/revisions\/10235"}],"wp:featuredmedia":[{"embeddable":true,"href":"https:\/\/marekkuchcinski.pl\/hu\/wp-json\/wp\/v2\/media\/10221"}],"wp:attachment":[{"href":"https:\/\/marekkuchcinski.pl\/hu\/wp-json\/wp\/v2\/media?parent=10216"}],"wp:term":[{"taxonomy":"category","embeddable":true,"href":"https:\/\/marekkuchcinski.pl\/hu\/wp-json\/wp\/v2\/categories?post=10216"},{"taxonomy":"post_tag","embeddable":true,"href":"https:\/\/marekkuchcinski.pl\/hu\/wp-json\/wp\/v2\/tags?post=10216"}],"curies":[{"name":"wp","href":"https:\/\/api.w.org\/{rel}","templated":true}]}}