{"id":10169,"date":"2018-09-02T22:58:27","date_gmt":"2018-09-02T20:58:27","guid":{"rendered":"https:\/\/marekkuchcinski.pl\/?p=10169"},"modified":"2018-09-03T07:45:17","modified_gmt":"2018-09-03T05:45:17","slug":"konwencja-prawa-sprawiedliwosci-2","status":"publish","type":"post","link":"https:\/\/marekkuchcinski.pl\/hu\/wydarzenia\/konwencja-prawa-sprawiedliwosci-2\/","title":{"rendered":"Jog \u00e9s Igazs\u00e1gszolg\u00e1ltat\u00e1s Egyezm\u00e9ny"},"content":{"rendered":"<p><strong>A helyi \u00f6nkorm\u00e1nyzatokra vonatkoz\u00f3 \u00f6t javaslat a Jog \u00e9s Igazs\u00e1goss\u00e1g \u00fajabb aj\u00e1nlata Morawiecki \u00fagynevezett \u00d6tlete ut\u00e1n a lengyelek \u00e9let\u00e9nek jav\u00edt\u00e1s\u00e1ra. A minisztereln\u00f6k a Jog \u00e9s Igazs\u00e1goss\u00e1g kongresszuson bemutatott egy programot, amelynek c\u00e9lja, hogy\u00a0<\/strong><strong>C\u00e9lja tov\u00e1bb\u00e1 a k\u00f6zponti \u00e9s a helyi korm\u00e1nyzat k\u00f6z\u00f6tti lehet\u0151 legjobb egy\u00fcttm\u0171k\u00f6d\u00e9s:<\/strong><\/p>\n<p><strong>WARM HOUSE.<\/strong> Elk\u00f6telezetts\u00e9g az \u00e9p\u00fcletek h\u0151technikai korszer\u0171s\u00edt\u00e9se, valamint a hullad\u00e9kgazd\u00e1lkod\u00e1s ir\u00e1nt. Szeptemberben elindul a legnagyobb h\u0151moderniz\u00e1ci\u00f3s program, amely a polg\u00e1rok sz\u00e1m\u00e1ra val\u00f3di megtakar\u00edt\u00e1st jelent majd otthonaik f\u0171t\u00e9s\u00e9vel kapcsolatban. Hozz\u00e1j\u00e1rul a leveg\u0151min\u0151s\u00e9g javul\u00e1s\u00e1hoz, \u00e9s ez\u00e1ltal pozit\u00edv hat\u00e1ssal lesz a lengyelek eg\u00e9szs\u00e9g\u00e9re. A lak\u00e1stulajdonosok k\u00f6lcs\u00f6nt vagy t\u00e1mogat\u00e1st vehetnek ig\u00e9nybe, amely a beruh\u00e1z\u00e1si k\u00f6lts\u00e9gek 40-90 sz\u00e1zal\u00e9k\u00e1t teszi ki, a csal\u00e1dban az egy f\u0151re jut\u00f3 j\u00f6vedelemt\u0151l f\u00fcgg\u0151en. A projekt a hullad\u00e9kd\u00edjak cs\u00f6kkent\u00e9s\u00e9t ir\u00e1nyozza el\u0151, ha a telep\u00fcl\u00e9si hullad\u00e9kot szelekt\u00edven gy\u0171jtik. A lak\u00f3k\u00f6z\u00f6ss\u00e9gek, a sz\u00f6vetkezetek \u00e9s az egylak\u00e1sos h\u00e1zak sz\u00e1m\u00e1ra k\u00fcl\u00f6n programokat is l\u00e9tre kell hozni e tekintetben. A tervezet lehet\u0151s\u00e9get biztos\u00edt a hullad\u00e9kd\u00edj al\u00f3li r\u00e9szleges mentes\u00edt\u00e9sre, ha az ingatlantulajdonos h\u00e1zi komposzt\u00e1l\u00f3val rendelkezik.<\/p>\n<p><strong>J\u00d3 HELYZET.<\/strong> Az id\u0151sek otthonaiba t\u00f6rt\u00e9n\u0151 beruh\u00e1z\u00e1sok n\u00f6vel\u00e9se, valamint 500 milli\u00f3 PLN elk\u00fcl\u00f6n\u00edt\u00e9se t\u00f6bb \u00e9v alatt j\u00e1tsz\u00f3terek, sportk\u00f6zpontok \u00e9s szabadt\u00e9ri tornatermek \u00e9p\u00edt\u00e9s\u00e9re.<\/p>\n<p><strong>MODERN TELEP\u00dcL\u00c9S.<\/strong> A helyi hat\u00f3s\u00e1gok beruh\u00e1z\u00e1sainak \u00e1llami t\u00e1rsfinansz\u00edroz\u00e1sa. Ez j\u00e1rd\u00e1k \u00e9s vas\u00fat\u00e1llom\u00e1sok \u00e9p\u00edt\u00e9s\u00e9t jelenti. A javaslat szerint megdupl\u00e1zn\u00e1k a buszj\u00e1ratokat \u00fajj\u00e1\u00e9p\u00edteni k\u00edv\u00e1n\u00f3 telep\u00fcl\u00e9sek sz\u00e1m\u00e1ra biztos\u00edtott forr\u00e1sokat. A 2017-ben elfogadott, 1 milli\u00e1rd zloty k\u00f6lts\u00e9g\u0171 vas\u00fat\u00e1llom\u00e1s-beruh\u00e1z\u00e1si program keret\u00e9ben a k\u00f6vetkez\u0151 \u00e9vekben mintegy 200 \u00faj vas\u00fat\u00e1llom\u00e1s \u00e9p\u00edt\u00e9se \u00e9s a r\u00e9giek fel\u00faj\u00edt\u00e1sa val\u00f3sul meg.<\/p>\n<p><strong>INTERNET GYORSABB\u00c1. <\/strong>Megsz\u00fcntetj\u00fck az \u00fagynevezett feh\u00e9r foltokat az orsz\u00e1g internetes t\u00e9rk\u00e9p\u00e9n, \u00e9s az oktat\u00e1si int\u00e9zm\u00e9nyeket gyors sz\u00e9less\u00e1v\u00fa internethez kapcsoljuk. A korm\u00e1ny 3-4 \u00e9v alatt 4 milli\u00e1rd zlotyt k\u00edv\u00e1n k\u00f6lteni arra, hogy 20 000 iskol\u00e1t csatlakoztasson a gyors h\u00e1l\u00f3zathoz.<\/p>\n<p><strong>TE \u00c9LSZ, TE D\u00d6NTESZ.<\/strong> Egy olyan program, amely a telep\u00fcl\u00e9sek, k\u00fcl\u00f6n\u00f6sen a kisebb telep\u00fcl\u00e9sek aktiviz\u00e1l\u00e1s\u00e1t ir\u00e1nyozza el\u0151, hogy polg\u00e1ri, r\u00e9szv\u00e9teli k\u00f6lts\u00e9gvet\u00e9st hozzanak l\u00e9tre. A korm\u00e1ny 300 milli\u00f3 zlotyt k\u00edv\u00e1n erre a c\u00e9lra elk\u00fcl\u00f6n\u00edteni.<\/p>\n<p>Morawiecki minisztereln\u00f6k eml\u00e9keztetett arra, hogy a korm\u00e1ny betartja a Morawiecki \u00d6t\u00f6kben foglalt \u00edg\u00e9reteket. Bevezette a \"kis ZUS\"-t, a \"J\u00f3 kezd\u00e9s\" iskol\u00e1ztat\u00e1si t\u00e1mogat\u00e1si programot, a \"Hozz\u00e1f\u00e9rhet\u0151s\u00e9g plusz\" programot a fogyat\u00e9kkal \u00e9l\u0151k sz\u00e1m\u00e1ra, a kisv\u00e1llalkoz\u00e1soknak ny\u00fajtott alacsonyabb KAT-ot vagy az \u00fat\u00e9p\u00edt\u00e9si beruh\u00e1z\u00e1sokat.<\/p>\n<p>\"Egy\u00fctt haladunk a gy\u0151zelem fel\u00e9, egy jobb Lengyelorsz\u00e1g \u00e9s egy jobb Lengyelorsz\u00e1g fel\u00e9.<br \/>\nK\u00f6z\u00f6s er\u0151fesz\u00edt\u00e9ssel 15-20 \u00e9ven bel\u00fcl Lengyelorsz\u00e1gnak lesz<br \/>\nak\u00e1rcsak a hat\u00e1rainkt\u00f3l nyugatra\". - Jaros\u0142aw Kaczy\u0144ski, a Jog \u00e9s Igazs\u00e1goss\u00e1g p\u00e1rt (PiS) eln\u00f6ke azt mondta (...): \"Nem az\u00e9rt megy\u00fcnk ezekre a v\u00e1laszt\u00e1sokra, hogy szigor\u00faak \u00e9s elsz\u00e1moltathat\u00f3k legy\u00fcnk. Csak ott fogunk fell\u00e9pni, ahol drasztikus esem\u00e9nyek t\u00f6rt\u00e9ntek, ahol emberek megs\u00e9r\u00fcltek, ahol b\u0171ncselekm\u00e9nyek, s\u0151t b\u0171ntettek, ahol nagy vissza\u00e9l\u00e9sek t\u00f6rt\u00e9ntek, mint Vars\u00f3ban\" - mondta Kaczy\u0144ski. - Jaros\u0142aw Kaczy\u0144ski \u00e9rvelt.<\/p>\n<p>A kongresszuson bemutatkoztak a polg\u00e1rmesterjel\u00f6ltek is: Patryk Jaki (Vars\u00f3), Ma\u0142gorzata Wassermann (Krakk\u00f3), Miros\u0142awa Stachowiak-R\u00f3\u017cecka (Wroc\u0142aw), Kacper P\u0142a\u017cy\u0144ski (Gda\u0144sk), Lucjusz Nadbere\u017cny (Stalowa Wola).<\/p>\n<p>Emellett az Egyes\u00fclt Jobboldal vezet\u0151i: a PiS (Jaroslaw Kaczynski), a Solidarna Polska (Zbigniew Ziobro) \u00e9s a Porozumienie (Jaroslaw Gowin) meg\u00e1llapod\u00e1st \u00edrtak al\u00e1, amelyben v\u00e1llalt\u00e1k, hogy a k\u00f6zelg\u0151 \u00f6nkorm\u00e1nyzati, parlamenti \u00e9s eur\u00f3pai parlamenti v\u00e1laszt\u00e1sokon a Jog \u00e9s Igazs\u00e1goss\u00e1g list\u00e1j\u00e1r\u00f3l ind\u00edtanak jel\u00f6lteket, \u00e9s 2020-ban k\u00f6z\u00f6s eln\u00f6kjel\u00f6ltet t\u00e1mogatnak.<\/p>\n<p><em>Fot\u00f3: M. Olejnik<\/em> <a href=\"https:\/\/marekkuchcinski.pl\/wp-content\/uploads\/2018\/09\/DSCF0160-1.jpg\"><img fetchpriority=\"high\" decoding=\"async\" class=\"alignnone size-full wp-image-10187\" src=\"https:\/\/marekkuchcinski.pl\/wp-content\/uploads\/2018\/09\/DSCF0160-1.jpg\" alt=\"DSCF0160 (1)\" width=\"3971\" height=\"2709\" srcset=\"https:\/\/marekkuchcinski.pl\/wp-content\/uploads\/2018\/09\/DSCF0160-1.jpg 2048w, https:\/\/marekkuchcinski.pl\/wp-content\/uploads\/2018\/09\/DSCF0160-1-300x205.jpg 300w, https:\/\/marekkuchcinski.pl\/wp-content\/uploads\/2018\/09\/DSCF0160-1-768x524.jpg 768w, https:\/\/marekkuchcinski.pl\/wp-content\/uploads\/2018\/09\/DSCF0160-1-1024x699.jpg 1024w\" sizes=\"(max-width: 3971px) 100vw, 3971px\" \/><\/a> <a href=\"https:\/\/marekkuchcinski.pl\/wp-content\/uploads\/2018\/09\/DSCF0162-1.jpg\"><img decoding=\"async\" class=\"alignnone size-full wp-image-10188\" src=\"https:\/\/marekkuchcinski.pl\/wp-content\/uploads\/2018\/09\/DSCF0162-1.jpg\" alt=\"DSCF0162 (1)\" width=\"4896\" height=\"3264\" srcset=\"https:\/\/marekkuchcinski.pl\/wp-content\/uploads\/2018\/09\/DSCF0162-1.jpg 2048w, https:\/\/marekkuchcinski.pl\/wp-content\/uploads\/2018\/09\/DSCF0162-1-300x200.jpg 300w, https:\/\/marekkuchcinski.pl\/wp-content\/uploads\/2018\/09\/DSCF0162-1-768x512.jpg 768w, https:\/\/marekkuchcinski.pl\/wp-content\/uploads\/2018\/09\/DSCF0162-1-1024x683.jpg 1024w\" sizes=\"(max-width: 4896px) 100vw, 4896px\" \/><\/a> <a href=\"https:\/\/marekkuchcinski.pl\/wp-content\/uploads\/2018\/09\/DSCF0245-1.jpg\"><img decoding=\"async\" class=\"alignnone size-full wp-image-10190\" src=\"https:\/\/marekkuchcinski.pl\/wp-content\/uploads\/2018\/09\/DSCF0245-1.jpg\" alt=\"DSCF0245 (1)\" width=\"3931\" height=\"2416\" srcset=\"https:\/\/marekkuchcinski.pl\/wp-content\/uploads\/2018\/09\/DSCF0245-1.jpg 2048w, https:\/\/marekkuchcinski.pl\/wp-content\/uploads\/2018\/09\/DSCF0245-1-300x184.jpg 300w, https:\/\/marekkuchcinski.pl\/wp-content\/uploads\/2018\/09\/DSCF0245-1-768x472.jpg 768w, https:\/\/marekkuchcinski.pl\/wp-content\/uploads\/2018\/09\/DSCF0245-1-1024x629.jpg 1024w\" sizes=\"(max-width: 3931px) 100vw, 3931px\" \/><\/a> <a href=\"https:\/\/marekkuchcinski.pl\/wp-content\/uploads\/2018\/09\/DSCF0271-2.jpg\"><img loading=\"lazy\" decoding=\"async\" class=\"alignnone size-full wp-image-10192\" src=\"https:\/\/marekkuchcinski.pl\/wp-content\/uploads\/2018\/09\/DSCF0271-2.jpg\" alt=\"DSCF0271 (2)\" width=\"4408\" height=\"3098\" srcset=\"https:\/\/marekkuchcinski.pl\/wp-content\/uploads\/2018\/09\/DSCF0271-2.jpg 2048w, https:\/\/marekkuchcinski.pl\/wp-content\/uploads\/2018\/09\/DSCF0271-2-300x211.jpg 300w, https:\/\/marekkuchcinski.pl\/wp-content\/uploads\/2018\/09\/DSCF0271-2-768x540.jpg 768w, https:\/\/marekkuchcinski.pl\/wp-content\/uploads\/2018\/09\/DSCF0271-2-1024x720.jpg 1024w\" sizes=\"(max-width: 4408px) 100vw, 4408px\" \/><\/a><\/p>","protected":false},"excerpt":{"rendered":"<p>Pi\u0119\u0107 propozycji dla samorz\u0105d\u00f3w to kolejne\u00a0oferty\u00a0Prawa i Sprawiedliwo\u015bci\u00a0po tzw. Pi\u0105tce Morawieckiego na polepszenie \u017cycia Polak\u00f3w. Podczas Konwencji PiS premier przedstawi\u0142 program\u00a0maj\u0105cy na\u00a0celu tak\u017ce jak najlepsz\u0105 wsp\u00f3\u0142prac\u0119 mi\u0119dzy w\u0142adz\u0105 centraln\u0105 a samorz\u0105dami: CIEP\u0141Y DOM. Zaanga\u017cowanie w termomodernizacj\u0119 budynk\u00f3w, a tak\u017ce w gospodark\u0119 odpadow\u0105. We wrze\u015bniu ruszy najwi\u0119kszy program termomodernizacyjny, kt\u00f3ry przyniesie realne oszcz\u0119dno\u015bci dla obywateli w [&hellip;]<\/p>\n","protected":false},"author":6,"featured_media":10211,"comment_status":"open","ping_status":"open","sticky":false,"template":"","format":"standard","meta":{"ngg_post_thumbnail":0,"footnotes":""},"categories":[82,3],"tags":[],"class_list":["post-10169","post","type-post","status-publish","format-standard","has-post-thumbnail","hentry","category-prawo-i-sprawiedliwosc","category-wydarzenia"],"_links":{"self":[{"href":"https:\/\/marekkuchcinski.pl\/hu\/wp-json\/wp\/v2\/posts\/10169","targetHints":{"allow":["GET"]}}],"collection":[{"href":"https:\/\/marekkuchcinski.pl\/hu\/wp-json\/wp\/v2\/posts"}],"about":[{"href":"https:\/\/marekkuchcinski.pl\/hu\/wp-json\/wp\/v2\/types\/post"}],"author":[{"embeddable":true,"href":"https:\/\/marekkuchcinski.pl\/hu\/wp-json\/wp\/v2\/users\/6"}],"replies":[{"embeddable":true,"href":"https:\/\/marekkuchcinski.pl\/hu\/wp-json\/wp\/v2\/comments?post=10169"}],"version-history":[{"count":18,"href":"https:\/\/marekkuchcinski.pl\/hu\/wp-json\/wp\/v2\/posts\/10169\/revisions"}],"predecessor-version":[{"id":10215,"href":"https:\/\/marekkuchcinski.pl\/hu\/wp-json\/wp\/v2\/posts\/10169\/revisions\/10215"}],"wp:featuredmedia":[{"embeddable":true,"href":"https:\/\/marekkuchcinski.pl\/hu\/wp-json\/wp\/v2\/media\/10211"}],"wp:attachment":[{"href":"https:\/\/marekkuchcinski.pl\/hu\/wp-json\/wp\/v2\/media?parent=10169"}],"wp:term":[{"taxonomy":"category","embeddable":true,"href":"https:\/\/marekkuchcinski.pl\/hu\/wp-json\/wp\/v2\/categories?post=10169"},{"taxonomy":"post_tag","embeddable":true,"href":"https:\/\/marekkuchcinski.pl\/hu\/wp-json\/wp\/v2\/tags?post=10169"}],"curies":[{"name":"wp","href":"https:\/\/api.w.org\/{rel}","templated":true}]}}