{"id":10150,"date":"2018-09-01T20:51:07","date_gmt":"2018-09-01T18:51:07","guid":{"rendered":"https:\/\/marekkuchcinski.pl\/?p=10150"},"modified":"2018-09-01T20:53:59","modified_gmt":"2018-09-01T18:53:59","slug":"muzeum-narodowe-ziemi-przemyskiej-wspolprowadzone-mzp","status":"publish","type":"post","link":"https:\/\/marekkuchcinski.pl\/hu\/wydarzenia\/muzeum-narodowe-ziemi-przemyskiej-wspolprowadzone-mzp\/","title":{"rendered":"A Przemysl R\u00e9gi\u00f3 Nemzeti M\u00fazeuma a Kultur\u00e1lis Miniszt\u00e9rium t\u00e1rskezel\u0151je"},"content":{"rendered":"<p>A przemy\u015blani lakosok, a kult\u00far\u00e1k keresztez\u0151d\u00e9s\u00e9ben, a nemzetek hat\u00e1r\u00e1n \u00e9l\u0151 emberek sok gener\u00e1ci\u00f3j\u00e1nak kultur\u00e1lis, szellemi \u00e9s lelki \u00f6r\u00f6ks\u00e9ge olyan egyed\u00fcl\u00e1ll\u00f3, hogy gondoskodni kell r\u00f3la.<\/p>\n<p>A Przemysl r\u00e9gi\u00f3 Nemzeti M\u00fazeum\u00e1nak t\u00f6bb mint 100 \u00e9ves hagyom\u00e1nya van. Az MZP k\u00f6z\u00f6s igazgat\u00e1s\u00e1r\u00f3l sz\u00f3l\u00f3 meg\u00e1llapod\u00e1s al\u00e1\u00edr\u00e1sa a kultur\u00e1lis \u00e9s nemzeti \u00f6r\u00f6ks\u00e9g\u00e9rt felel\u0151s miniszter \u00e1ltal a m\u00fazeum munk\u00e1j\u00e1nak elismer\u00e9s\u00e9t fejezi ki, \u00e9s a r\u00e9gi\u00f3 kult\u00far\u00e1j\u00e1nak \u00e9s hagyom\u00e1nyainak jobb fejleszt\u00e9se \u00e9s n\u00e9pszer\u0171s\u00edt\u00e9se fel\u00e9 vezet\u0151 \u00fat.<\/p>\n<p>Lengyelorsz\u00e1g f\u00fcggetlens\u00e9g\u00e9nek visszanyer\u00e9s\u00e9nek 100. \u00e9vfordul\u00f3j\u00e1n ez az esem\u00e9ny k\u00fcl\u00f6nleges dimenzi\u00f3val b\u00edr. A v\u00e1ros t\u00f6rt\u00e9nelm\u00e9ben, b\u00fcszke \u00e9s mozgalmas m\u00faltj\u00e1ban sz\u00e1mos h\u0151sies felkel\u00e9st, fegyveres tiltakoz\u00e1st, politikai nyilatkozatot \u00e9s \u00f6nfel\u00e1ldoz\u00f3 tettet tal\u00e1lunk, amelyek a f\u00fcggetlens\u00e9g visszaszerz\u00e9s\u00e9hez \u00e9s meg\u0151rz\u00e9s\u00e9hez vezettek. K\u00e9ts\u00e9gtelen, hogy ezt a v\u00e1rost form\u00e1l\u00f3, attit\u0171d\u00f6kkel teli sz\u00e9p m\u00faltat meg kell \u00f3vni a feled\u00e9st\u0151l.<\/p>\n<p>- Ez egy nagyon fontos esem\u00e9ny Podkarpacie, Lengyelorsz\u00e1g, K\u00f6z\u00e9p- \u00e9s Kelet-Eur\u00f3pa sz\u00e1m\u00e1ra. A Lengyel K\u00f6zt\u00e1rsas\u00e1g korm\u00e1nya a parlament t\u00e1mogat\u00e1s\u00e1val er\u0151s\u00edti \u00e9s energiz\u00e1lja a kiv\u00e9teles helyeket. Hangs\u00falyozz\u00e1k a przemy\u015bli ter\u00fclet nagy \u00e9rdemeit haz\u00e1nk \u00e9s az eur\u00f3pai civiliz\u00e1ci\u00f3 \u00f6r\u00f6ks\u00e9ge szempontj\u00e1b\u00f3l\" - mondta Marek Kuchci\u0144ski, a szejm eln\u00f6ke, aki \u00e9vek \u00f3ta t\u00f6rekszik a m\u00fazeum t\u00e1mogat\u00e1s\u00e1ra.<\/p>\n<p>- Ma, Lengyelorsz\u00e1g f\u00fcggetlens\u00e9g\u00e9nek visszanyer\u00e9s\u00e9nek 100. \u00e9vfordul\u00f3j\u00e1n a m\u00fazeum, amelyet a lakoss\u00e1g hazafias buzgalm\u00e1nak \u00e9s nagylelk\u0171s\u00e9g\u00e9nek k\u00f6sz\u00f6nhet\u0151en hoztak l\u00e9tre, \u00e1llami v\u00e9dn\u00f6ks\u00e9get \u00e9lvez. Nagy szem\u00e9lyes el\u00e9gt\u00e9tel sz\u00e1momra, hogy e d\u00f6nt\u00e9s m\u00f6g\u00f6tt olyan emberek \u00e1llnak, akik az 1980-as \u00e9vekben a szabad kult\u00far\u00e1\u00e9rt, a sz\u00f3l\u00e1sszabads\u00e1g\u00e9rt \u00e9s Lengyelorsz\u00e1g val\u00f3di szabads\u00e1g\u00e1\u00e9rt k\u00fczd\u00f6ttek\" - mondta Jan Jarosz m\u00fazeumigazgat\u00f3.<\/p>\n<p>Az esem\u00e9nyen r\u00e9szt vett Piotr Gli\u0144ski kultur\u00e1lis \u00e9s nemzeti \u00f6r\u00f6ks\u00e9gi miniszter, W\u0142adys\u0142aw Ortyl, a Podkarpatszkaja r\u00e9gi\u00f3 marsallja \u00e9s Robert Choma, Przemy\u015bl polg\u00e1rmestere is.<\/p>\n<p><em>Fot\u00f3: Marek Mikrut<\/em><\/p>\n<p><a href=\"https:\/\/marekkuchcinski.pl\/wp-content\/uploads\/2018\/09\/SG204191.jpg\"><img fetchpriority=\"high\" decoding=\"async\" class=\"alignnone size-full wp-image-10160\" src=\"https:\/\/marekkuchcinski.pl\/wp-content\/uploads\/2018\/09\/SG204191.jpg\" alt=\"SG204191\" width=\"3370\" height=\"2301\" srcset=\"https:\/\/marekkuchcinski.pl\/wp-content\/uploads\/2018\/09\/SG204191.jpg 2048w, https:\/\/marekkuchcinski.pl\/wp-content\/uploads\/2018\/09\/SG204191-300x205.jpg 300w, https:\/\/marekkuchcinski.pl\/wp-content\/uploads\/2018\/09\/SG204191-768x524.jpg 768w, https:\/\/marekkuchcinski.pl\/wp-content\/uploads\/2018\/09\/SG204191-1024x699.jpg 1024w\" sizes=\"(max-width: 3370px) 100vw, 3370px\" \/><\/a> <a href=\"https:\/\/marekkuchcinski.pl\/wp-content\/uploads\/2018\/09\/SG204217.jpg\"><img decoding=\"async\" class=\"alignnone size-full wp-image-10162\" src=\"https:\/\/marekkuchcinski.pl\/wp-content\/uploads\/2018\/09\/SG204217.jpg\" alt=\"SG204217\" width=\"4672\" height=\"3104\" srcset=\"https:\/\/marekkuchcinski.pl\/wp-content\/uploads\/2018\/09\/SG204217.jpg 2048w, https:\/\/marekkuchcinski.pl\/wp-content\/uploads\/2018\/09\/SG204217-300x199.jpg 300w, https:\/\/marekkuchcinski.pl\/wp-content\/uploads\/2018\/09\/SG204217-768x510.jpg 768w, https:\/\/marekkuchcinski.pl\/wp-content\/uploads\/2018\/09\/SG204217-1024x680.jpg 1024w\" sizes=\"(max-width: 4672px) 100vw, 4672px\" \/><\/a> <a href=\"https:\/\/marekkuchcinski.pl\/wp-content\/uploads\/2018\/09\/SG204245.jpg\"><img decoding=\"async\" class=\"alignnone size-full wp-image-10163\" src=\"https:\/\/marekkuchcinski.pl\/wp-content\/uploads\/2018\/09\/SG204245.jpg\" alt=\"SG204245\" width=\"4672\" height=\"3104\" srcset=\"https:\/\/marekkuchcinski.pl\/wp-content\/uploads\/2018\/09\/SG204245.jpg 2048w, https:\/\/marekkuchcinski.pl\/wp-content\/uploads\/2018\/09\/SG204245-300x199.jpg 300w, https:\/\/marekkuchcinski.pl\/wp-content\/uploads\/2018\/09\/SG204245-768x510.jpg 768w, https:\/\/marekkuchcinski.pl\/wp-content\/uploads\/2018\/09\/SG204245-1024x680.jpg 1024w\" sizes=\"(max-width: 4672px) 100vw, 4672px\" \/><\/a> <a href=\"https:\/\/marekkuchcinski.pl\/wp-content\/uploads\/2018\/09\/SG204298.jpg\"><img loading=\"lazy\" decoding=\"async\" class=\"alignnone size-full wp-image-10165\" src=\"https:\/\/marekkuchcinski.pl\/wp-content\/uploads\/2018\/09\/SG204298.jpg\" alt=\"SG204298\" width=\"4672\" height=\"3104\" srcset=\"https:\/\/marekkuchcinski.pl\/wp-content\/uploads\/2018\/09\/SG204298.jpg 2048w, https:\/\/marekkuchcinski.pl\/wp-content\/uploads\/2018\/09\/SG204298-300x199.jpg 300w, https:\/\/marekkuchcinski.pl\/wp-content\/uploads\/2018\/09\/SG204298-768x510.jpg 768w, https:\/\/marekkuchcinski.pl\/wp-content\/uploads\/2018\/09\/SG204298-1024x680.jpg 1024w\" sizes=\"(max-width: 4672px) 100vw, 4672px\" \/><\/a> <a href=\"https:\/\/marekkuchcinski.pl\/wp-content\/uploads\/2018\/09\/SG204324.jpg\"><img loading=\"lazy\" decoding=\"async\" class=\"alignnone size-full wp-image-10166\" src=\"https:\/\/marekkuchcinski.pl\/wp-content\/uploads\/2018\/09\/SG204324.jpg\" alt=\"SG204324\" width=\"4672\" height=\"3104\" srcset=\"https:\/\/marekkuchcinski.pl\/wp-content\/uploads\/2018\/09\/SG204324.jpg 2048w, https:\/\/marekkuchcinski.pl\/wp-content\/uploads\/2018\/09\/SG204324-300x199.jpg 300w, https:\/\/marekkuchcinski.pl\/wp-content\/uploads\/2018\/09\/SG204324-768x510.jpg 768w, https:\/\/marekkuchcinski.pl\/wp-content\/uploads\/2018\/09\/SG204324-1024x680.jpg 1024w\" sizes=\"(max-width: 4672px) 100vw, 4672px\" \/><\/a><\/p>","protected":false},"excerpt":{"rendered":"<p>Dziedzictwo kulturowe, duchowe, intelektualne wielu pokole\u0144 przemy\u015blan, ludzi \u017cyj\u0105cych na styku kultur, pograniczu narod\u00f3w, jest czym\u015b tak wyj\u0105tkowym, \u017ce musi by\u0107 otoczone opiek\u0105. Muzeum Narodowe Ziemi Przemyskiej ma ponad 100-letni\u0105 tradycj\u0119. Podpisanie umowy o wsp\u00f3\u0142prowadzeniu MZP przez Ministra Kultury i Dziedzictwa Narodowego jest wyrazem docenienia pracy Muzeum oraz furtk\u0105 do lepszego rozwoju i popularyzacji kultury [&hellip;]<\/p>\n","protected":false},"author":6,"featured_media":10159,"comment_status":"open","ping_status":"open","sticky":false,"template":"","format":"standard","meta":{"ngg_post_thumbnail":0,"footnotes":""},"categories":[49,3],"tags":[],"class_list":["post-10150","post","type-post","status-publish","format-standard","has-post-thumbnail","hentry","category-podkarpacie","category-wydarzenia"],"_links":{"self":[{"href":"https:\/\/marekkuchcinski.pl\/hu\/wp-json\/wp\/v2\/posts\/10150","targetHints":{"allow":["GET"]}}],"collection":[{"href":"https:\/\/marekkuchcinski.pl\/hu\/wp-json\/wp\/v2\/posts"}],"about":[{"href":"https:\/\/marekkuchcinski.pl\/hu\/wp-json\/wp\/v2\/types\/post"}],"author":[{"embeddable":true,"href":"https:\/\/marekkuchcinski.pl\/hu\/wp-json\/wp\/v2\/users\/6"}],"replies":[{"embeddable":true,"href":"https:\/\/marekkuchcinski.pl\/hu\/wp-json\/wp\/v2\/comments?post=10150"}],"version-history":[{"count":8,"href":"https:\/\/marekkuchcinski.pl\/hu\/wp-json\/wp\/v2\/posts\/10150\/revisions"}],"predecessor-version":[{"id":10168,"href":"https:\/\/marekkuchcinski.pl\/hu\/wp-json\/wp\/v2\/posts\/10150\/revisions\/10168"}],"wp:featuredmedia":[{"embeddable":true,"href":"https:\/\/marekkuchcinski.pl\/hu\/wp-json\/wp\/v2\/media\/10159"}],"wp:attachment":[{"href":"https:\/\/marekkuchcinski.pl\/hu\/wp-json\/wp\/v2\/media?parent=10150"}],"wp:term":[{"taxonomy":"category","embeddable":true,"href":"https:\/\/marekkuchcinski.pl\/hu\/wp-json\/wp\/v2\/categories?post=10150"},{"taxonomy":"post_tag","embeddable":true,"href":"https:\/\/marekkuchcinski.pl\/hu\/wp-json\/wp\/v2\/tags?post=10150"}],"curies":[{"name":"wp","href":"https:\/\/api.w.org\/{rel}","templated":true}]}}