{"id":79,"count":22,"description":"<strong>A PiS Przemy\u015blben m\u0171k\u00f6d\u0151 Intervenci\u00f3s \u00e9s Jogi Tan\u00e1csad\u00f3 Irod\u00e1ja Marek Kuchci\u0144ski szejmeln\u00f6k parlamenti munkater\u00fclete. R\u00e9szt vesz a Podkarpatszkaja vajdas\u00e1g \u00e9s a region\u00e1lis politika probl\u00e9m\u00e1inak megold\u00e1s\u00e1ban.<\/strong>\r\n\r\n<strong>A hivatal seg\u00edts\u00e9get ny\u00fajt mindazoknak, akiket a hat\u00f3s\u00e1gok \u00e9s int\u00e9zm\u00e9nyek igazs\u00e1gtalans\u00e1ga, hozz\u00e1 nem \u00e9rt\u00e9se vagy arroganci\u00e1ja \u00e9rint, \u00e9s akiknek \u00fatmutat\u00e1sra van sz\u00fcks\u00e9g\u00fck jogaik gyakorl\u00e1s\u00e1hoz. Nemzetis\u00e9gt\u0151l, politikai n\u00e9zett\u0151l vagy t\u00e1rsadalmi st\u00e1tuszt\u00f3l f\u00fcggetlen\u00fcl.<\/strong>\r\n\r\n<strong>Ez a seg\u00edts\u00e9gny\u00fajt\u00e1s ingyenes jogi tan\u00e1csad\u00e1sb\u00f3l, beadv\u00e1nyok \u00e9s adminisztrat\u00edv dokumentumok elk\u00e9sz\u00edt\u00e9s\u00e9b\u0151l, valamint - amennyiben sz\u00fcks\u00e9ges - sz\u00fcks\u00e9g eset\u00e9n beavatkoz\u00e1sb\u00f3l \u00e1ll.<\/strong>\r\n<p class=\"rinfo\">Wybrze\u017ce J\u00f3zefa Pi\u0142sudskiego 1, 37-700 Przemy\u015bl<\/p>\r\n<p class=\"rinfo\">tel.\/fax 16 678 49 19<\/p>\r\n<p class=\"rinfo\">biuro@marekkuchcinski.pl<\/p>\r\n<a href=\"https:\/\/marekkuchcinski.pl\/wp-content\/uploads\/2017\/08\/raf.jpg\"><img class=\"alignleft wp-image-7054 size-medium\" src=\"https:\/\/marekkuchcinski.pl\/wp-content\/uploads\/2017\/08\/raf-300x200.jpg\" alt=\"raf\" width=\"300\" height=\"200\" \/><\/a>","link":"https:\/\/marekkuchcinski.pl\/hu\/category\/podkarpacie\/biuro-interwencji-i-porad-pis\/","name":"Beavatkoz\u00e1si \u00e9s Jogi Tan\u00e1csad\u00f3 Iroda","slug":"biuro-interwencji-i-porad-pis","taxonomy":"category","parent":49,"meta":[],"_links":{"self":[{"href":"https:\/\/marekkuchcinski.pl\/hu\/wp-json\/wp\/v2\/categories\/79","targetHints":{"allow":["GET"]}}],"collection":[{"href":"https:\/\/marekkuchcinski.pl\/hu\/wp-json\/wp\/v2\/categories"}],"about":[{"href":"https:\/\/marekkuchcinski.pl\/hu\/wp-json\/wp\/v2\/taxonomies\/category"}],"up":[{"embeddable":true,"href":"https:\/\/marekkuchcinski.pl\/hu\/wp-json\/wp\/v2\/categories\/49"}],"wp:post_type":[{"href":"https:\/\/marekkuchcinski.pl\/hu\/wp-json\/wp\/v2\/posts?categories=79"}],"curies":[{"name":"wp","href":"https:\/\/api.w.org\/{rel}","templated":true}]}}