{"id":9778,"date":"2018-07-01T08:14:07","date_gmt":"2018-07-01T06:14:07","guid":{"rendered":"https:\/\/marekkuchcinski.pl\/?p=9778"},"modified":"2018-07-05T11:22:59","modified_gmt":"2018-07-05T09:22:59","slug":"marszalek-sejmu-przybywamy-gietrzwaldu-by-odnowic-umocnic-wolnosc-wewnetrzna-zewnetrzna","status":"publish","type":"post","link":"https:\/\/marekkuchcinski.pl\/en\/wydarzenia\/marszalek-sejmu-przybywamy-gietrzwaldu-by-odnowic-umocnic-wolnosc-wewnetrzna-zewnetrzna\/","title":{"rendered":"Speaker of the Sejm: We come to Gietrzwald to renew and strengthen internal and external freedom"},"content":{"rendered":"<p class=\"p1\"><b>Under the motto \"From Inner Freedom to Outer Freedom\" in <\/b><strong>Gietrzwa\u0142d held a Day of Atonement. The celebration took place on the occasion of the 100th anniversary of Poland's regaining independence.<\/strong><\/p>\n<p class=\"p1\">During the mass at the spring, the Speaker of the Sejm Marek Kuchci\u0144ski said that he comes to the face of the Immaculate Mother of God on the important day for the Sejm and our whole homeland to thank her for her words about freedom, and also to renew and strengthen the<span class=\"Apple-converted-space\">\u00a0<\/span>internal and external freedom. The Marshal recalled that on July 1, under the terms of the Union of Lublin, the Polish-Lithuanian Commonwealth was established.<\/p>\n<p class=\"p1\">The initiator of the ceremony, Archbishop of Warmia Jozef G\u00f3rzy\u0144ski, emphasized the significant influence of the apparitions on the rebirth of Polish identity, not only in Warmia and Mazury, but in the whole country. - The apparitions of Gietrzwald were a call for us to be internally free and not to yield to one or another spiritual and moral enslavement that threatens our freedom,' he told KAI. - Gietrzwa\u0142d is a phenomenon on Poland's way to freedom. Mary called here for each of us to take care of himself first, the state of his conscience and not the occupant. We are concerned with a personal examination of conscience of every Pole in the context of freedom: how we understand it today and how much we respect it,' Archbishop G\u00f3rzy\u0144ski said.<\/p>\n<p class=\"p3\">The homily was delivered by the senior bishop of Lowicz diocese Jozef Zawitkowski. - Today in Gietrzwald I would like to see a piece of free Poland, where people look at each other with kindness through tears of joy, where they say good words to each other - he said. The Archbishop emphasized that the Gietrzwald Day of Atonement is lived as a reflection on the truth that there is no freedom of the nation without the freedom of conscience of each citizen. He recalled the words of Pius IX who said that the cause of slavery is sin. - God should be listened to, not people! Then the law on abortion and euthanasia will be superfluous. - It will be enough: \"thou shalt not kill! No one and never! The rest is from the devil. Judge not, and ye shall not be judged. Believers don't need a law, conscience is enough. It is necessary to account for the scandals, the thievery of the ungodly, but the commandment, \"Thou shalt not steal!\" would suffice. - he argued.<\/p>\n<p class=\"p3\">Marian apparitions in Gietrzwald (at the spring) took place 140 years ago. In total there were 160 of them. Mary appeared to two girls: Justyna Szafry\u0144ska and Barbara Samulowska, speaking to them in Polish. Our Lady's apparitions brought comfort to the Poles persecuted in the Prussian partition, as well as a revival of Polishness, religious life and moral attitudes.<\/p>\n<p><em>Photo MO<\/em><\/p>\n<p><a href=\"https:\/\/marekkuchcinski.pl\/wp-content\/uploads\/2018\/06\/IMG_9816.jpg\"><img fetchpriority=\"high\" decoding=\"async\" class=\"alignnone size-full wp-image-9781\" src=\"https:\/\/marekkuchcinski.pl\/wp-content\/uploads\/2018\/06\/IMG_9816.jpg\" alt=\"IMG_9816\" width=\"4752\" height=\"3168\" srcset=\"https:\/\/marekkuchcinski.pl\/wp-content\/uploads\/2018\/06\/IMG_9816.jpg 2048w, https:\/\/marekkuchcinski.pl\/wp-content\/uploads\/2018\/06\/IMG_9816-300x200.jpg 300w, https:\/\/marekkuchcinski.pl\/wp-content\/uploads\/2018\/06\/IMG_9816-768x512.jpg 768w, https:\/\/marekkuchcinski.pl\/wp-content\/uploads\/2018\/06\/IMG_9816-1024x683.jpg 1024w\" sizes=\"(max-width: 4752px) 100vw, 4752px\" \/><\/a> <a href=\"https:\/\/marekkuchcinski.pl\/wp-content\/uploads\/2018\/06\/IMG_9818.jpg\"><img decoding=\"async\" class=\"alignnone size-full wp-image-9783\" src=\"https:\/\/marekkuchcinski.pl\/wp-content\/uploads\/2018\/06\/IMG_9818.jpg\" alt=\"IMG_9818\" width=\"3990\" height=\"2628\" srcset=\"https:\/\/marekkuchcinski.pl\/wp-content\/uploads\/2018\/06\/IMG_9818.jpg 2048w, https:\/\/marekkuchcinski.pl\/wp-content\/uploads\/2018\/06\/IMG_9818-300x198.jpg 300w, https:\/\/marekkuchcinski.pl\/wp-content\/uploads\/2018\/06\/IMG_9818-768x506.jpg 768w, https:\/\/marekkuchcinski.pl\/wp-content\/uploads\/2018\/06\/IMG_9818-1024x674.jpg 1024w\" sizes=\"(max-width: 3990px) 100vw, 3990px\" \/><\/a> <a href=\"https:\/\/marekkuchcinski.pl\/wp-content\/uploads\/2018\/06\/IMG_9825.jpg\"><img decoding=\"async\" class=\"alignnone size-full wp-image-9784\" src=\"https:\/\/marekkuchcinski.pl\/wp-content\/uploads\/2018\/06\/IMG_9825.jpg\" alt=\"IMG_9825\" width=\"4752\" height=\"3168\" srcset=\"https:\/\/marekkuchcinski.pl\/wp-content\/uploads\/2018\/06\/IMG_9825.jpg 2048w, https:\/\/marekkuchcinski.pl\/wp-content\/uploads\/2018\/06\/IMG_9825-300x200.jpg 300w, https:\/\/marekkuchcinski.pl\/wp-content\/uploads\/2018\/06\/IMG_9825-768x512.jpg 768w, https:\/\/marekkuchcinski.pl\/wp-content\/uploads\/2018\/06\/IMG_9825-1024x683.jpg 1024w\" sizes=\"(max-width: 4752px) 100vw, 4752px\" \/><\/a> <a href=\"https:\/\/marekkuchcinski.pl\/wp-content\/uploads\/2018\/07\/marek.jpg\"><img loading=\"lazy\" decoding=\"async\" class=\"alignnone size-full wp-image-9861\" src=\"https:\/\/marekkuchcinski.pl\/wp-content\/uploads\/2018\/07\/marek.jpg\" alt=\"marek\" width=\"3666\" height=\"2567\" srcset=\"https:\/\/marekkuchcinski.pl\/wp-content\/uploads\/2018\/07\/marek.jpg 2048w, https:\/\/marekkuchcinski.pl\/wp-content\/uploads\/2018\/07\/marek-300x210.jpg 300w, https:\/\/marekkuchcinski.pl\/wp-content\/uploads\/2018\/07\/marek-768x538.jpg 768w, https:\/\/marekkuchcinski.pl\/wp-content\/uploads\/2018\/07\/marek-1024x717.jpg 1024w\" sizes=\"(max-width: 3666px) 100vw, 3666px\" \/><\/a> <a href=\"https:\/\/marekkuchcinski.pl\/wp-content\/uploads\/2018\/06\/IMG_9837.jpg\"><img loading=\"lazy\" decoding=\"async\" class=\"alignnone size-full wp-image-9787\" src=\"https:\/\/marekkuchcinski.pl\/wp-content\/uploads\/2018\/06\/IMG_9837.jpg\" alt=\"IMG_9837\" width=\"3973\" height=\"2634\" srcset=\"https:\/\/marekkuchcinski.pl\/wp-content\/uploads\/2018\/06\/IMG_9837.jpg 2048w, https:\/\/marekkuchcinski.pl\/wp-content\/uploads\/2018\/06\/IMG_9837-300x199.jpg 300w, https:\/\/marekkuchcinski.pl\/wp-content\/uploads\/2018\/06\/IMG_9837-768x509.jpg 768w, https:\/\/marekkuchcinski.pl\/wp-content\/uploads\/2018\/06\/IMG_9837-1024x679.jpg 1024w\" sizes=\"(max-width: 3973px) 100vw, 3973px\" \/><\/a><a href=\"https:\/\/marekkuchcinski.pl\/wp-content\/uploads\/2018\/07\/PSX_20180701_141504.jpg\"><img loading=\"lazy\" decoding=\"async\" class=\"alignnone size-full wp-image-9827\" src=\"https:\/\/marekkuchcinski.pl\/wp-content\/uploads\/2018\/07\/PSX_20180701_141504.jpg\" alt=\"PSX_20180701_141504\" width=\"2898\" height=\"1950\" srcset=\"https:\/\/marekkuchcinski.pl\/wp-content\/uploads\/2018\/07\/PSX_20180701_141504.jpg 2048w, https:\/\/marekkuchcinski.pl\/wp-content\/uploads\/2018\/07\/PSX_20180701_141504-300x202.jpg 300w, https:\/\/marekkuchcinski.pl\/wp-content\/uploads\/2018\/07\/PSX_20180701_141504-768x517.jpg 768w, https:\/\/marekkuchcinski.pl\/wp-content\/uploads\/2018\/07\/PSX_20180701_141504-1024x689.jpg 1024w\" sizes=\"(max-width: 2898px) 100vw, 2898px\" \/><\/a><a href=\"https:\/\/marekkuchcinski.pl\/wp-content\/uploads\/2018\/06\/IMG_9844.jpg\"><img loading=\"lazy\" decoding=\"async\" class=\"alignnone size-full wp-image-9788\" src=\"https:\/\/marekkuchcinski.pl\/wp-content\/uploads\/2018\/06\/IMG_9844.jpg\" alt=\"IMG_9844\" width=\"3190\" height=\"2397\" srcset=\"https:\/\/marekkuchcinski.pl\/wp-content\/uploads\/2018\/06\/IMG_9844.jpg 2048w, https:\/\/marekkuchcinski.pl\/wp-content\/uploads\/2018\/06\/IMG_9844-300x225.jpg 300w, https:\/\/marekkuchcinski.pl\/wp-content\/uploads\/2018\/06\/IMG_9844-768x577.jpg 768w, https:\/\/marekkuchcinski.pl\/wp-content\/uploads\/2018\/06\/IMG_9844-1024x769.jpg 1024w\" sizes=\"(max-width: 3190px) 100vw, 3190px\" \/><\/a> <a href=\"https:\/\/marekkuchcinski.pl\/wp-content\/uploads\/2018\/06\/IMG_9882.jpg\"><img loading=\"lazy\" decoding=\"async\" class=\"alignnone size-full wp-image-9793\" src=\"https:\/\/marekkuchcinski.pl\/wp-content\/uploads\/2018\/06\/IMG_9882.jpg\" alt=\"IMG_9882\" width=\"4752\" height=\"3168\" srcset=\"https:\/\/marekkuchcinski.pl\/wp-content\/uploads\/2018\/06\/IMG_9882.jpg 2048w, https:\/\/marekkuchcinski.pl\/wp-content\/uploads\/2018\/06\/IMG_9882-300x200.jpg 300w, https:\/\/marekkuchcinski.pl\/wp-content\/uploads\/2018\/06\/IMG_9882-768x512.jpg 768w, https:\/\/marekkuchcinski.pl\/wp-content\/uploads\/2018\/06\/IMG_9882-1024x683.jpg 1024w\" sizes=\"(max-width: 4752px) 100vw, 4752px\" \/><\/a> <a href=\"https:\/\/marekkuchcinski.pl\/wp-content\/uploads\/2018\/06\/IMG_9891.jpg\"><img loading=\"lazy\" decoding=\"async\" class=\"alignnone size-full wp-image-9794\" src=\"https:\/\/marekkuchcinski.pl\/wp-content\/uploads\/2018\/06\/IMG_9891.jpg\" alt=\"IMG_9891\" width=\"4752\" height=\"3168\" srcset=\"https:\/\/marekkuchcinski.pl\/wp-content\/uploads\/2018\/06\/IMG_9891.jpg 2048w, https:\/\/marekkuchcinski.pl\/wp-content\/uploads\/2018\/06\/IMG_9891-300x200.jpg 300w, https:\/\/marekkuchcinski.pl\/wp-content\/uploads\/2018\/06\/IMG_9891-768x512.jpg 768w, https:\/\/marekkuchcinski.pl\/wp-content\/uploads\/2018\/06\/IMG_9891-1024x683.jpg 1024w\" sizes=\"(max-width: 4752px) 100vw, 4752px\" \/><\/a> <a href=\"https:\/\/marekkuchcinski.pl\/wp-content\/uploads\/2018\/06\/IMG_9911.jpg\"><img loading=\"lazy\" decoding=\"async\" class=\"alignnone size-full wp-image-9797\" src=\"https:\/\/marekkuchcinski.pl\/wp-content\/uploads\/2018\/06\/IMG_9911.jpg\" alt=\"IMG_9911\" width=\"3915\" height=\"2486\" srcset=\"https:\/\/marekkuchcinski.pl\/wp-content\/uploads\/2018\/06\/IMG_9911.jpg 2048w, https:\/\/marekkuchcinski.pl\/wp-content\/uploads\/2018\/06\/IMG_9911-300x190.jpg 300w, https:\/\/marekkuchcinski.pl\/wp-content\/uploads\/2018\/06\/IMG_9911-768x488.jpg 768w, https:\/\/marekkuchcinski.pl\/wp-content\/uploads\/2018\/06\/IMG_9911-1024x650.jpg 1024w\" sizes=\"(max-width: 3915px) 100vw, 3915px\" \/><\/a> <a href=\"https:\/\/marekkuchcinski.pl\/wp-content\/uploads\/2018\/06\/IMG_9925.jpg\"><img loading=\"lazy\" decoding=\"async\" class=\"alignnone size-full wp-image-9799\" src=\"https:\/\/marekkuchcinski.pl\/wp-content\/uploads\/2018\/06\/IMG_9925.jpg\" alt=\"IMG_9925\" width=\"4021\" height=\"2678\" srcset=\"https:\/\/marekkuchcinski.pl\/wp-content\/uploads\/2018\/06\/IMG_9925.jpg 2048w, https:\/\/marekkuchcinski.pl\/wp-content\/uploads\/2018\/06\/IMG_9925-300x200.jpg 300w, https:\/\/marekkuchcinski.pl\/wp-content\/uploads\/2018\/06\/IMG_9925-768x511.jpg 768w, https:\/\/marekkuchcinski.pl\/wp-content\/uploads\/2018\/06\/IMG_9925-1024x682.jpg 1024w\" sizes=\"(max-width: 4021px) 100vw, 4021px\" \/><\/a> <a href=\"https:\/\/marekkuchcinski.pl\/wp-content\/uploads\/2018\/06\/IMG_9927.jpg\"><img loading=\"lazy\" decoding=\"async\" class=\"alignnone size-full wp-image-9801\" src=\"https:\/\/marekkuchcinski.pl\/wp-content\/uploads\/2018\/06\/IMG_9927.jpg\" alt=\"IMG_9927\" width=\"3956\" height=\"2640\" srcset=\"https:\/\/marekkuchcinski.pl\/wp-content\/uploads\/2018\/06\/IMG_9927.jpg 2048w, https:\/\/marekkuchcinski.pl\/wp-content\/uploads\/2018\/06\/IMG_9927-300x200.jpg 300w, https:\/\/marekkuchcinski.pl\/wp-content\/uploads\/2018\/06\/IMG_9927-768x513.jpg 768w, https:\/\/marekkuchcinski.pl\/wp-content\/uploads\/2018\/06\/IMG_9927-1024x683.jpg 1024w\" sizes=\"(max-width: 3956px) 100vw, 3956px\" \/><\/a> <a href=\"https:\/\/marekkuchcinski.pl\/wp-content\/uploads\/2018\/06\/20180630_144053.jpg\"><img loading=\"lazy\" decoding=\"async\" class=\"alignnone size-full wp-image-9804\" src=\"https:\/\/marekkuchcinski.pl\/wp-content\/uploads\/2018\/06\/20180630_144053.jpg\" alt=\"_20180630_144053\" width=\"5056\" height=\"3792\" srcset=\"https:\/\/marekkuchcinski.pl\/wp-content\/uploads\/2018\/06\/20180630_144053.jpg 2048w, https:\/\/marekkuchcinski.pl\/wp-content\/uploads\/2018\/06\/20180630_144053-300x225.jpg 300w, https:\/\/marekkuchcinski.pl\/wp-content\/uploads\/2018\/06\/20180630_144053-768x576.jpg 768w, https:\/\/marekkuchcinski.pl\/wp-content\/uploads\/2018\/06\/20180630_144053-1024x768.jpg 1024w\" sizes=\"(max-width: 5056px) 100vw, 5056px\" \/><\/a> <a href=\"https:\/\/marekkuchcinski.pl\/wp-content\/uploads\/2018\/06\/20180630_144116.jpg\"><img loading=\"lazy\" decoding=\"async\" class=\"alignnone size-full wp-image-9805\" src=\"https:\/\/marekkuchcinski.pl\/wp-content\/uploads\/2018\/06\/20180630_144116.jpg\" alt=\"_20180630_144116\" width=\"4345\" height=\"3184\" srcset=\"https:\/\/marekkuchcinski.pl\/wp-content\/uploads\/2018\/06\/20180630_144116.jpg 2048w, https:\/\/marekkuchcinski.pl\/wp-content\/uploads\/2018\/06\/20180630_144116-300x220.jpg 300w, https:\/\/marekkuchcinski.pl\/wp-content\/uploads\/2018\/06\/20180630_144116-768x563.jpg 768w, https:\/\/marekkuchcinski.pl\/wp-content\/uploads\/2018\/06\/20180630_144116-1024x750.jpg 1024w\" sizes=\"(max-width: 4345px) 100vw, 4345px\" \/><\/a><a href=\"https:\/\/marekkuchcinski.pl\/wp-content\/uploads\/2018\/06\/20180630_221412.jpg\"><img loading=\"lazy\" decoding=\"async\" class=\"alignnone size-full wp-image-9807\" src=\"https:\/\/marekkuchcinski.pl\/wp-content\/uploads\/2018\/06\/20180630_221412.jpg\" alt=\"_20180630_221412\" width=\"4474\" height=\"3235\" srcset=\"https:\/\/marekkuchcinski.pl\/wp-content\/uploads\/2018\/06\/20180630_221412.jpg 2048w, https:\/\/marekkuchcinski.pl\/wp-content\/uploads\/2018\/06\/20180630_221412-300x217.jpg 300w, https:\/\/marekkuchcinski.pl\/wp-content\/uploads\/2018\/06\/20180630_221412-768x555.jpg 768w, https:\/\/marekkuchcinski.pl\/wp-content\/uploads\/2018\/06\/20180630_221412-1024x740.jpg 1024w\" sizes=\"(max-width: 4474px) 100vw, 4474px\" \/><\/a><a href=\"https:\/\/marekkuchcinski.pl\/wp-content\/uploads\/2018\/06\/IMG_9812.jpg\"><img loading=\"lazy\" decoding=\"async\" class=\"alignnone size-full wp-image-9780\" src=\"https:\/\/marekkuchcinski.pl\/wp-content\/uploads\/2018\/06\/IMG_9812.jpg\" alt=\"IMG_9812\" width=\"3164\" height=\"2022\" srcset=\"https:\/\/marekkuchcinski.pl\/wp-content\/uploads\/2018\/06\/IMG_9812.jpg 2048w, https:\/\/marekkuchcinski.pl\/wp-content\/uploads\/2018\/06\/IMG_9812-300x192.jpg 300w, https:\/\/marekkuchcinski.pl\/wp-content\/uploads\/2018\/06\/IMG_9812-768x491.jpg 768w, https:\/\/marekkuchcinski.pl\/wp-content\/uploads\/2018\/06\/IMG_9812-1024x654.jpg 1024w\" sizes=\"(max-width: 3164px) 100vw, 3164px\" \/><\/a> <a href=\"https:\/\/marekkuchcinski.pl\/wp-content\/uploads\/2018\/07\/PSX_20180701_084506.jpg\"><img loading=\"lazy\" decoding=\"async\" class=\"alignnone size-full wp-image-9820\" src=\"https:\/\/marekkuchcinski.pl\/wp-content\/uploads\/2018\/07\/PSX_20180701_084506.jpg\" alt=\"PSX_20180701_084506\" width=\"5056\" height=\"3792\" srcset=\"https:\/\/marekkuchcinski.pl\/wp-content\/uploads\/2018\/07\/PSX_20180701_084506.jpg 2048w, https:\/\/marekkuchcinski.pl\/wp-content\/uploads\/2018\/07\/PSX_20180701_084506-300x225.jpg 300w, https:\/\/marekkuchcinski.pl\/wp-content\/uploads\/2018\/07\/PSX_20180701_084506-768x576.jpg 768w, https:\/\/marekkuchcinski.pl\/wp-content\/uploads\/2018\/07\/PSX_20180701_084506-1024x768.jpg 1024w\" sizes=\"(max-width: 5056px) 100vw, 5056px\" \/><\/a><a href=\"https:\/\/marekkuchcinski.pl\/wp-content\/uploads\/2018\/06\/IMG_9804.jpg\"><img loading=\"lazy\" decoding=\"async\" class=\"alignnone size-full wp-image-9779\" src=\"https:\/\/marekkuchcinski.pl\/wp-content\/uploads\/2018\/06\/IMG_9804.jpg\" alt=\"IMG_9804\" width=\"4752\" height=\"3168\" srcset=\"https:\/\/marekkuchcinski.pl\/wp-content\/uploads\/2018\/06\/IMG_9804.jpg 2048w, https:\/\/marekkuchcinski.pl\/wp-content\/uploads\/2018\/06\/IMG_9804-300x200.jpg 300w, https:\/\/marekkuchcinski.pl\/wp-content\/uploads\/2018\/06\/IMG_9804-768x512.jpg 768w, https:\/\/marekkuchcinski.pl\/wp-content\/uploads\/2018\/06\/IMG_9804-1024x683.jpg 1024w\" sizes=\"(max-width: 4752px) 100vw, 4752px\" \/><\/a><a href=\"https:\/\/marekkuchcinski.pl\/wp-content\/uploads\/2018\/07\/IMG_9954-1.jpg\"><img loading=\"lazy\" decoding=\"async\" class=\"alignnone size-full wp-image-9832\" src=\"https:\/\/marekkuchcinski.pl\/wp-content\/uploads\/2018\/07\/IMG_9954-1.jpg\" alt=\"IMG_9954\" width=\"3274\" height=\"2253\" srcset=\"https:\/\/marekkuchcinski.pl\/wp-content\/uploads\/2018\/07\/IMG_9954-1.jpg 2048w, https:\/\/marekkuchcinski.pl\/wp-content\/uploads\/2018\/07\/IMG_9954-1-300x206.jpg 300w, https:\/\/marekkuchcinski.pl\/wp-content\/uploads\/2018\/07\/IMG_9954-1-768x528.jpg 768w, https:\/\/marekkuchcinski.pl\/wp-content\/uploads\/2018\/07\/IMG_9954-1-1024x705.jpg 1024w\" sizes=\"(max-width: 3274px) 100vw, 3274px\" \/><\/a><a href=\"https:\/\/marekkuchcinski.pl\/wp-content\/uploads\/2018\/07\/PSX_20180701_141639.jpg\"><img loading=\"lazy\" decoding=\"async\" class=\"alignnone size-full wp-image-9829\" src=\"https:\/\/marekkuchcinski.pl\/wp-content\/uploads\/2018\/07\/PSX_20180701_141639.jpg\" alt=\"PSX_20180701_141639\" width=\"3782\" height=\"4552\" srcset=\"https:\/\/marekkuchcinski.pl\/wp-content\/uploads\/2018\/07\/PSX_20180701_141639.jpg 1702w, https:\/\/marekkuchcinski.pl\/wp-content\/uploads\/2018\/07\/PSX_20180701_141639-249x300.jpg 249w, https:\/\/marekkuchcinski.pl\/wp-content\/uploads\/2018\/07\/PSX_20180701_141639-768x924.jpg 768w, https:\/\/marekkuchcinski.pl\/wp-content\/uploads\/2018\/07\/PSX_20180701_141639-851x1024.jpg 851w\" sizes=\"(max-width: 3782px) 100vw, 3782px\" \/><\/a><\/p>","protected":false},"excerpt":{"rendered":"<p>Pod has\u0142em \u201eOd wolno\u015bci wewn\u0119trznej do wolno\u015bci zewn\u0119trznej\u201d w Gietrzwa\u0142dzie odby\u0142 si\u0119 Dzie\u0144 Pokutny. Uroczysto\u015bci mia\u0142y miejsce z okazji 100. rocznicy odzyskania przez Polsk\u0119 niepodleg\u0142o\u015bci. Podczas mszy \u015bwi\u0119tej przy \u017ar\u00f3de\u0142ku Marsza\u0142ek Sejmu Marek Kuchci\u0144ski powiedzia\u0142,\u00a0\u017ce przed oblicze Matki Bo\u017cej Niepokalanej przybywa w dniu wa\u017cnym dla Sejmu i ca\u0142ej naszej ojczyzny, by podzi\u0119kowa\u0107 jej za s\u0142owa [&hellip;]<\/p>","protected":false},"author":6,"featured_media":9861,"comment_status":"open","ping_status":"open","sticky":false,"template":"","format":"standard","meta":{"ngg_post_thumbnail":0,"footnotes":""},"categories":[77,3],"tags":[],"class_list":["post-9778","post","type-post","status-publish","format-standard","has-post-thumbnail","hentry","category-wazne-daty","category-wydarzenia"],"yoast_head":"<!-- This site is optimized with the Yoast SEO plugin v24.7 - https:\/\/yoast.com\/wordpress\/plugins\/seo\/ -->\n<title>Marsza\u0142ek Sejmu: Przybywamy do Gietrzwa\u0142du, by odnowi\u0107 i umocni\u0107 wolno\u015b\u0107 wewn\u0119trzn\u0105 i zewn\u0119trzn\u0105 &#8211; Marek Kuchci\u0144ski<\/title>\n<meta name=\"robots\" content=\"index, follow, max-snippet:-1, max-image-preview:large, max-video-preview:-1\" \/>\n<link rel=\"canonical\" href=\"https:\/\/marekkuchcinski.pl\/en\/wydarzenia\/marszalek-sejmu-przybywamy-gietrzwaldu-by-odnowic-umocnic-wolnosc-wewnetrzna-zewnetrzna\/\" \/>\n<meta property=\"og:locale\" content=\"en_GB\" \/>\n<meta property=\"og:type\" content=\"article\" \/>\n<meta property=\"og:title\" content=\"Marsza\u0142ek Sejmu: Przybywamy do Gietrzwa\u0142du, by odnowi\u0107 i umocni\u0107 wolno\u015b\u0107 wewn\u0119trzn\u0105 i zewn\u0119trzn\u0105 &#8211; Marek Kuchci\u0144ski\" \/>\n<meta property=\"og:description\" content=\"Pod has\u0142em \u201eOd wolno\u015bci wewn\u0119trznej do wolno\u015bci zewn\u0119trznej\u201d w Gietrzwa\u0142dzie odby\u0142 si\u0119 Dzie\u0144 Pokutny. Uroczysto\u015bci mia\u0142y miejsce z okazji 100. rocznicy odzyskania przez Polsk\u0119 niepodleg\u0142o\u015bci. Podczas mszy \u015bwi\u0119tej przy \u017ar\u00f3de\u0142ku Marsza\u0142ek Sejmu Marek Kuchci\u0144ski powiedzia\u0142,\u00a0\u017ce przed oblicze Matki Bo\u017cej Niepokalanej przybywa w dniu wa\u017cnym dla Sejmu i ca\u0142ej naszej ojczyzny, by podzi\u0119kowa\u0107 jej za s\u0142owa [&hellip;]\" \/>\n<meta property=\"og:url\" content=\"https:\/\/marekkuchcinski.pl\/en\/wydarzenia\/marszalek-sejmu-przybywamy-gietrzwaldu-by-odnowic-umocnic-wolnosc-wewnetrzna-zewnetrzna\/\" \/>\n<meta property=\"og:site_name\" content=\"Marek Kuchci\u0144ski\" \/>\n<meta property=\"article:published_time\" content=\"2018-07-01T06:14:07+00:00\" \/>\n<meta property=\"article:modified_time\" content=\"2018-07-05T09:22:59+00:00\" \/>\n<meta property=\"og:image\" content=\"https:\/\/marekkuchcinski.pl\/wp-content\/uploads\/2018\/07\/marek.jpg\" \/>\n\t<meta property=\"og:image:width\" content=\"2048\" \/>\n\t<meta property=\"og:image:height\" content=\"1434\" \/>\n\t<meta property=\"og:image:type\" content=\"image\/jpeg\" \/>\n<meta name=\"author\" content=\"admin\" \/>\n<meta name=\"twitter:card\" content=\"summary_large_image\" \/>\n<meta name=\"twitter:label1\" content=\"Written by\" \/>\n\t<meta name=\"twitter:data1\" content=\"admin\" \/>\n\t<meta name=\"twitter:label2\" content=\"Estimated reading time\" \/>\n\t<meta name=\"twitter:data2\" content=\"2 minutes\" \/>\n<script type=\"application\/ld+json\" class=\"yoast-schema-graph\">{\"@context\":\"https:\/\/schema.org\",\"@graph\":[{\"@type\":\"Article\",\"@id\":\"https:\/\/marekkuchcinski.pl\/wydarzenia\/marszalek-sejmu-przybywamy-gietrzwaldu-by-odnowic-umocnic-wolnosc-wewnetrzna-zewnetrzna\/#article\",\"isPartOf\":{\"@id\":\"https:\/\/marekkuchcinski.pl\/wydarzenia\/marszalek-sejmu-przybywamy-gietrzwaldu-by-odnowic-umocnic-wolnosc-wewnetrzna-zewnetrzna\/\"},\"author\":{\"name\":\"admin\",\"@id\":\"https:\/\/marekkuchcinski.pl\/#\/schema\/person\/6f62700996b4d950b6ea2d1183b6c6be\"},\"headline\":\"Marsza\u0142ek Sejmu: Przybywamy do Gietrzwa\u0142du, by odnowi\u0107 i umocni\u0107 wolno\u015b\u0107 wewn\u0119trzn\u0105 i zewn\u0119trzn\u0105\",\"datePublished\":\"2018-07-01T06:14:07+00:00\",\"dateModified\":\"2018-07-05T09:22:59+00:00\",\"mainEntityOfPage\":{\"@id\":\"https:\/\/marekkuchcinski.pl\/wydarzenia\/marszalek-sejmu-przybywamy-gietrzwaldu-by-odnowic-umocnic-wolnosc-wewnetrzna-zewnetrzna\/\"},\"wordCount\":474,\"commentCount\":0,\"publisher\":{\"@id\":\"https:\/\/marekkuchcinski.pl\/#organization\"},\"image\":{\"@id\":\"https:\/\/marekkuchcinski.pl\/wydarzenia\/marszalek-sejmu-przybywamy-gietrzwaldu-by-odnowic-umocnic-wolnosc-wewnetrzna-zewnetrzna\/#primaryimage\"},\"thumbnailUrl\":\"https:\/\/marekkuchcinski.pl\/wp-content\/uploads\/2018\/07\/marek.jpg\",\"articleSection\":[\"Wa\u017cne daty\",\"Wydarzenia\"],\"inLanguage\":\"en-GB\",\"potentialAction\":[{\"@type\":\"CommentAction\",\"name\":\"Comment\",\"target\":[\"https:\/\/marekkuchcinski.pl\/wydarzenia\/marszalek-sejmu-przybywamy-gietrzwaldu-by-odnowic-umocnic-wolnosc-wewnetrzna-zewnetrzna\/#respond\"]}]},{\"@type\":\"WebPage\",\"@id\":\"https:\/\/marekkuchcinski.pl\/wydarzenia\/marszalek-sejmu-przybywamy-gietrzwaldu-by-odnowic-umocnic-wolnosc-wewnetrzna-zewnetrzna\/\",\"url\":\"https:\/\/marekkuchcinski.pl\/wydarzenia\/marszalek-sejmu-przybywamy-gietrzwaldu-by-odnowic-umocnic-wolnosc-wewnetrzna-zewnetrzna\/\",\"name\":\"Marsza\u0142ek Sejmu: Przybywamy do Gietrzwa\u0142du, by odnowi\u0107 i umocni\u0107 wolno\u015b\u0107 wewn\u0119trzn\u0105 i zewn\u0119trzn\u0105 &#8211; Marek Kuchci\u0144ski\",\"isPartOf\":{\"@id\":\"https:\/\/marekkuchcinski.pl\/#website\"},\"primaryImageOfPage\":{\"@id\":\"https:\/\/marekkuchcinski.pl\/wydarzenia\/marszalek-sejmu-przybywamy-gietrzwaldu-by-odnowic-umocnic-wolnosc-wewnetrzna-zewnetrzna\/#primaryimage\"},\"image\":{\"@id\":\"https:\/\/marekkuchcinski.pl\/wydarzenia\/marszalek-sejmu-przybywamy-gietrzwaldu-by-odnowic-umocnic-wolnosc-wewnetrzna-zewnetrzna\/#primaryimage\"},\"thumbnailUrl\":\"https:\/\/marekkuchcinski.pl\/wp-content\/uploads\/2018\/07\/marek.jpg\",\"datePublished\":\"2018-07-01T06:14:07+00:00\",\"dateModified\":\"2018-07-05T09:22:59+00:00\",\"breadcrumb\":{\"@id\":\"https:\/\/marekkuchcinski.pl\/wydarzenia\/marszalek-sejmu-przybywamy-gietrzwaldu-by-odnowic-umocnic-wolnosc-wewnetrzna-zewnetrzna\/#breadcrumb\"},\"inLanguage\":\"en-GB\",\"potentialAction\":[{\"@type\":\"ReadAction\",\"target\":[\"https:\/\/marekkuchcinski.pl\/wydarzenia\/marszalek-sejmu-przybywamy-gietrzwaldu-by-odnowic-umocnic-wolnosc-wewnetrzna-zewnetrzna\/\"]}]},{\"@type\":\"ImageObject\",\"inLanguage\":\"en-GB\",\"@id\":\"https:\/\/marekkuchcinski.pl\/wydarzenia\/marszalek-sejmu-przybywamy-gietrzwaldu-by-odnowic-umocnic-wolnosc-wewnetrzna-zewnetrzna\/#primaryimage\",\"url\":\"https:\/\/marekkuchcinski.pl\/wp-content\/uploads\/2018\/07\/marek.jpg\",\"contentUrl\":\"https:\/\/marekkuchcinski.pl\/wp-content\/uploads\/2018\/07\/marek.jpg\",\"width\":2048,\"height\":1434},{\"@type\":\"BreadcrumbList\",\"@id\":\"https:\/\/marekkuchcinski.pl\/wydarzenia\/marszalek-sejmu-przybywamy-gietrzwaldu-by-odnowic-umocnic-wolnosc-wewnetrzna-zewnetrzna\/#breadcrumb\",\"itemListElement\":[{\"@type\":\"ListItem\",\"position\":1,\"name\":\"Strona g\u0142\u00f3wna\",\"item\":\"https:\/\/marekkuchcinski.pl\/\"},{\"@type\":\"ListItem\",\"position\":2,\"name\":\"Marsza\u0142ek Sejmu: Przybywamy do Gietrzwa\u0142du, by odnowi\u0107 i umocni\u0107 wolno\u015b\u0107 wewn\u0119trzn\u0105 i zewn\u0119trzn\u0105\"}]},{\"@type\":\"WebSite\",\"@id\":\"https:\/\/marekkuchcinski.pl\/#website\",\"url\":\"https:\/\/marekkuchcinski.pl\/\",\"name\":\"Marek Kuchci\u0144ski\",\"description\":\"Pose\u0142 na sejm RP &ndash; okr\u0119g nr 22\",\"publisher\":{\"@id\":\"https:\/\/marekkuchcinski.pl\/#organization\"},\"potentialAction\":[{\"@type\":\"SearchAction\",\"target\":{\"@type\":\"EntryPoint\",\"urlTemplate\":\"https:\/\/marekkuchcinski.pl\/?s={search_term_string}\"},\"query-input\":{\"@type\":\"PropertyValueSpecification\",\"valueRequired\":true,\"valueName\":\"search_term_string\"}}],\"inLanguage\":\"en-GB\"},{\"@type\":\"Organization\",\"@id\":\"https:\/\/marekkuchcinski.pl\/#organization\",\"name\":\"Marek Kuchci\u0144ski\",\"url\":\"https:\/\/marekkuchcinski.pl\/\",\"logo\":{\"@type\":\"ImageObject\",\"inLanguage\":\"en-GB\",\"@id\":\"https:\/\/marekkuchcinski.pl\/#\/schema\/logo\/image\/\",\"url\":\"https:\/\/marekkuchcinski.pl\/wp-content\/uploads\/2022\/09\/Marek.jpg\",\"contentUrl\":\"https:\/\/marekkuchcinski.pl\/wp-content\/uploads\/2022\/09\/Marek.jpg\",\"width\":1600,\"height\":971,\"caption\":\"Marek Kuchci\u0144ski\"},\"image\":{\"@id\":\"https:\/\/marekkuchcinski.pl\/#\/schema\/logo\/image\/\"}},{\"@type\":\"Person\",\"@id\":\"https:\/\/marekkuchcinski.pl\/#\/schema\/person\/6f62700996b4d950b6ea2d1183b6c6be\",\"name\":\"admin\",\"image\":{\"@type\":\"ImageObject\",\"inLanguage\":\"en-GB\",\"@id\":\"https:\/\/marekkuchcinski.pl\/#\/schema\/person\/image\/\",\"url\":\"https:\/\/secure.gravatar.com\/avatar\/4bab693b9d55c3d6b52c0296a8765085?s=96&d=mm&r=g\",\"contentUrl\":\"https:\/\/secure.gravatar.com\/avatar\/4bab693b9d55c3d6b52c0296a8765085?s=96&d=mm&r=g\",\"caption\":\"admin\"},\"url\":\"https:\/\/marekkuchcinski.pl\/en\/author\/marta-olejnik\/\"}]}<\/script>\n<!-- \/ Yoast SEO plugin. -->","yoast_head_json":{"title":"Marsza\u0142ek Sejmu: Przybywamy do Gietrzwa\u0142du, by odnowi\u0107 i umocni\u0107 wolno\u015b\u0107 wewn\u0119trzn\u0105 i zewn\u0119trzn\u0105 &#8211; Marek Kuchci\u0144ski","robots":{"index":"index","follow":"follow","max-snippet":"max-snippet:-1","max-image-preview":"max-image-preview:large","max-video-preview":"max-video-preview:-1"},"canonical":"https:\/\/marekkuchcinski.pl\/en\/wydarzenia\/marszalek-sejmu-przybywamy-gietrzwaldu-by-odnowic-umocnic-wolnosc-wewnetrzna-zewnetrzna\/","og_locale":"en_GB","og_type":"article","og_title":"Marsza\u0142ek Sejmu: Przybywamy do Gietrzwa\u0142du, by odnowi\u0107 i umocni\u0107 wolno\u015b\u0107 wewn\u0119trzn\u0105 i zewn\u0119trzn\u0105 &#8211; Marek Kuchci\u0144ski","og_description":"Pod has\u0142em \u201eOd wolno\u015bci wewn\u0119trznej do wolno\u015bci zewn\u0119trznej\u201d w Gietrzwa\u0142dzie odby\u0142 si\u0119 Dzie\u0144 Pokutny. Uroczysto\u015bci mia\u0142y miejsce z okazji 100. rocznicy odzyskania przez Polsk\u0119 niepodleg\u0142o\u015bci. Podczas mszy \u015bwi\u0119tej przy \u017ar\u00f3de\u0142ku Marsza\u0142ek Sejmu Marek Kuchci\u0144ski powiedzia\u0142,\u00a0\u017ce przed oblicze Matki Bo\u017cej Niepokalanej przybywa w dniu wa\u017cnym dla Sejmu i ca\u0142ej naszej ojczyzny, by podzi\u0119kowa\u0107 jej za s\u0142owa [&hellip;]","og_url":"https:\/\/marekkuchcinski.pl\/en\/wydarzenia\/marszalek-sejmu-przybywamy-gietrzwaldu-by-odnowic-umocnic-wolnosc-wewnetrzna-zewnetrzna\/","og_site_name":"Marek Kuchci\u0144ski","article_published_time":"2018-07-01T06:14:07+00:00","article_modified_time":"2018-07-05T09:22:59+00:00","og_image":[{"width":2048,"height":1434,"url":"https:\/\/marekkuchcinski.pl\/wp-content\/uploads\/2018\/07\/marek.jpg","type":"image\/jpeg"}],"author":"admin","twitter_card":"summary_large_image","twitter_misc":{"Written by":"admin","Estimated reading time":"2 minutes"},"schema":{"@context":"https:\/\/schema.org","@graph":[{"@type":"Article","@id":"https:\/\/marekkuchcinski.pl\/wydarzenia\/marszalek-sejmu-przybywamy-gietrzwaldu-by-odnowic-umocnic-wolnosc-wewnetrzna-zewnetrzna\/#article","isPartOf":{"@id":"https:\/\/marekkuchcinski.pl\/wydarzenia\/marszalek-sejmu-przybywamy-gietrzwaldu-by-odnowic-umocnic-wolnosc-wewnetrzna-zewnetrzna\/"},"author":{"name":"admin","@id":"https:\/\/marekkuchcinski.pl\/#\/schema\/person\/6f62700996b4d950b6ea2d1183b6c6be"},"headline":"Marsza\u0142ek Sejmu: Przybywamy do Gietrzwa\u0142du, by odnowi\u0107 i umocni\u0107 wolno\u015b\u0107 wewn\u0119trzn\u0105 i zewn\u0119trzn\u0105","datePublished":"2018-07-01T06:14:07+00:00","dateModified":"2018-07-05T09:22:59+00:00","mainEntityOfPage":{"@id":"https:\/\/marekkuchcinski.pl\/wydarzenia\/marszalek-sejmu-przybywamy-gietrzwaldu-by-odnowic-umocnic-wolnosc-wewnetrzna-zewnetrzna\/"},"wordCount":474,"commentCount":0,"publisher":{"@id":"https:\/\/marekkuchcinski.pl\/#organization"},"image":{"@id":"https:\/\/marekkuchcinski.pl\/wydarzenia\/marszalek-sejmu-przybywamy-gietrzwaldu-by-odnowic-umocnic-wolnosc-wewnetrzna-zewnetrzna\/#primaryimage"},"thumbnailUrl":"https:\/\/marekkuchcinski.pl\/wp-content\/uploads\/2018\/07\/marek.jpg","articleSection":["Wa\u017cne daty","Wydarzenia"],"inLanguage":"en-GB","potentialAction":[{"@type":"CommentAction","name":"Comment","target":["https:\/\/marekkuchcinski.pl\/wydarzenia\/marszalek-sejmu-przybywamy-gietrzwaldu-by-odnowic-umocnic-wolnosc-wewnetrzna-zewnetrzna\/#respond"]}]},{"@type":"WebPage","@id":"https:\/\/marekkuchcinski.pl\/wydarzenia\/marszalek-sejmu-przybywamy-gietrzwaldu-by-odnowic-umocnic-wolnosc-wewnetrzna-zewnetrzna\/","url":"https:\/\/marekkuchcinski.pl\/wydarzenia\/marszalek-sejmu-przybywamy-gietrzwaldu-by-odnowic-umocnic-wolnosc-wewnetrzna-zewnetrzna\/","name":"Marsza\u0142ek Sejmu: Przybywamy do Gietrzwa\u0142du, by odnowi\u0107 i umocni\u0107 wolno\u015b\u0107 wewn\u0119trzn\u0105 i zewn\u0119trzn\u0105 &#8211; Marek Kuchci\u0144ski","isPartOf":{"@id":"https:\/\/marekkuchcinski.pl\/#website"},"primaryImageOfPage":{"@id":"https:\/\/marekkuchcinski.pl\/wydarzenia\/marszalek-sejmu-przybywamy-gietrzwaldu-by-odnowic-umocnic-wolnosc-wewnetrzna-zewnetrzna\/#primaryimage"},"image":{"@id":"https:\/\/marekkuchcinski.pl\/wydarzenia\/marszalek-sejmu-przybywamy-gietrzwaldu-by-odnowic-umocnic-wolnosc-wewnetrzna-zewnetrzna\/#primaryimage"},"thumbnailUrl":"https:\/\/marekkuchcinski.pl\/wp-content\/uploads\/2018\/07\/marek.jpg","datePublished":"2018-07-01T06:14:07+00:00","dateModified":"2018-07-05T09:22:59+00:00","breadcrumb":{"@id":"https:\/\/marekkuchcinski.pl\/wydarzenia\/marszalek-sejmu-przybywamy-gietrzwaldu-by-odnowic-umocnic-wolnosc-wewnetrzna-zewnetrzna\/#breadcrumb"},"inLanguage":"en-GB","potentialAction":[{"@type":"ReadAction","target":["https:\/\/marekkuchcinski.pl\/wydarzenia\/marszalek-sejmu-przybywamy-gietrzwaldu-by-odnowic-umocnic-wolnosc-wewnetrzna-zewnetrzna\/"]}]},{"@type":"ImageObject","inLanguage":"en-GB","@id":"https:\/\/marekkuchcinski.pl\/wydarzenia\/marszalek-sejmu-przybywamy-gietrzwaldu-by-odnowic-umocnic-wolnosc-wewnetrzna-zewnetrzna\/#primaryimage","url":"https:\/\/marekkuchcinski.pl\/wp-content\/uploads\/2018\/07\/marek.jpg","contentUrl":"https:\/\/marekkuchcinski.pl\/wp-content\/uploads\/2018\/07\/marek.jpg","width":2048,"height":1434},{"@type":"BreadcrumbList","@id":"https:\/\/marekkuchcinski.pl\/wydarzenia\/marszalek-sejmu-przybywamy-gietrzwaldu-by-odnowic-umocnic-wolnosc-wewnetrzna-zewnetrzna\/#breadcrumb","itemListElement":[{"@type":"ListItem","position":1,"name":"Strona g\u0142\u00f3wna","item":"https:\/\/marekkuchcinski.pl\/"},{"@type":"ListItem","position":2,"name":"Marsza\u0142ek Sejmu: Przybywamy do Gietrzwa\u0142du, by odnowi\u0107 i umocni\u0107 wolno\u015b\u0107 wewn\u0119trzn\u0105 i zewn\u0119trzn\u0105"}]},{"@type":"WebSite","@id":"https:\/\/marekkuchcinski.pl\/#website","url":"https:\/\/marekkuchcinski.pl\/","name":"Marek Kuchci\u0144ski","description":"Pose\u0142 na sejm RP &ndash; okr\u0119g nr 22","publisher":{"@id":"https:\/\/marekkuchcinski.pl\/#organization"},"potentialAction":[{"@type":"SearchAction","target":{"@type":"EntryPoint","urlTemplate":"https:\/\/marekkuchcinski.pl\/?s={search_term_string}"},"query-input":{"@type":"PropertyValueSpecification","valueRequired":true,"valueName":"search_term_string"}}],"inLanguage":"en-GB"},{"@type":"Organization","@id":"https:\/\/marekkuchcinski.pl\/#organization","name":"Marek Kuchci\u0144ski","url":"https:\/\/marekkuchcinski.pl\/","logo":{"@type":"ImageObject","inLanguage":"en-GB","@id":"https:\/\/marekkuchcinski.pl\/#\/schema\/logo\/image\/","url":"https:\/\/marekkuchcinski.pl\/wp-content\/uploads\/2022\/09\/Marek.jpg","contentUrl":"https:\/\/marekkuchcinski.pl\/wp-content\/uploads\/2022\/09\/Marek.jpg","width":1600,"height":971,"caption":"Marek Kuchci\u0144ski"},"image":{"@id":"https:\/\/marekkuchcinski.pl\/#\/schema\/logo\/image\/"}},{"@type":"Person","@id":"https:\/\/marekkuchcinski.pl\/#\/schema\/person\/6f62700996b4d950b6ea2d1183b6c6be","name":"admin","image":{"@type":"ImageObject","inLanguage":"en-GB","@id":"https:\/\/marekkuchcinski.pl\/#\/schema\/person\/image\/","url":"https:\/\/secure.gravatar.com\/avatar\/4bab693b9d55c3d6b52c0296a8765085?s=96&d=mm&r=g","contentUrl":"https:\/\/secure.gravatar.com\/avatar\/4bab693b9d55c3d6b52c0296a8765085?s=96&d=mm&r=g","caption":"admin"},"url":"https:\/\/marekkuchcinski.pl\/en\/author\/marta-olejnik\/"}]}},"_links":{"self":[{"href":"https:\/\/marekkuchcinski.pl\/en\/wp-json\/wp\/v2\/posts\/9778","targetHints":{"allow":["GET"]}}],"collection":[{"href":"https:\/\/marekkuchcinski.pl\/en\/wp-json\/wp\/v2\/posts"}],"about":[{"href":"https:\/\/marekkuchcinski.pl\/en\/wp-json\/wp\/v2\/types\/post"}],"author":[{"embeddable":true,"href":"https:\/\/marekkuchcinski.pl\/en\/wp-json\/wp\/v2\/users\/6"}],"replies":[{"embeddable":true,"href":"https:\/\/marekkuchcinski.pl\/en\/wp-json\/wp\/v2\/comments?post=9778"}],"version-history":[{"count":17,"href":"https:\/\/marekkuchcinski.pl\/en\/wp-json\/wp\/v2\/posts\/9778\/revisions"}],"predecessor-version":[{"id":9862,"href":"https:\/\/marekkuchcinski.pl\/en\/wp-json\/wp\/v2\/posts\/9778\/revisions\/9862"}],"wp:featuredmedia":[{"embeddable":true,"href":"https:\/\/marekkuchcinski.pl\/en\/wp-json\/wp\/v2\/media\/9861"}],"wp:attachment":[{"href":"https:\/\/marekkuchcinski.pl\/en\/wp-json\/wp\/v2\/media?parent=9778"}],"wp:term":[{"taxonomy":"category","embeddable":true,"href":"https:\/\/marekkuchcinski.pl\/en\/wp-json\/wp\/v2\/categories?post=9778"},{"taxonomy":"post_tag","embeddable":true,"href":"https:\/\/marekkuchcinski.pl\/en\/wp-json\/wp\/v2\/tags?post=9778"}],"curies":[{"name":"wp","href":"https:\/\/api.w.org\/{rel}","templated":true}]}}