{"id":9747,"date":"2018-06-24T11:44:54","date_gmt":"2018-06-24T09:44:54","guid":{"rendered":"https:\/\/marekkuchcinski.pl\/?p=9747"},"modified":"2018-06-26T19:55:24","modified_gmt":"2018-06-26T17:55:24","slug":"centralne-obchody-1050-lecia-biskupstwa-poznaniu","status":"publish","type":"post","link":"https:\/\/marekkuchcinski.pl\/en\/wazne-daty\/centralne-obchody-1050-lecia-biskupstwa-poznaniu\/","title":{"rendered":"Central celebration of 1050 years of the bishopric in Pozna\u0144"},"content":{"rendered":"<p>On Friday, the jubilee celebrations of the first bishopric in Poland began in Poznan. Saturday's celebrations in the archdiocese under the slogan \"Pozna\u0144. Christ and us\" was attended by the Speaker of the Sejm Marek Kuchcinski.<\/p>\n<p>The Eucharist was celebrated with the participation of the Apostolic Nuncio in Poland Archbishop Salvatore Pennacchio and dozens of Polish archbishops and bishops, including the Primate of Poland Archbishop Wojciech Polak, Cardinal Kazimierz Nycz, Archbishop Stanis\u0142aw G\u0105decki, Archbishop Marek J\u0119draszewski, Archbishop Adam Szal and the Papal Legate, Cardinal Dominik Duka - the Primate of the Czech Republic and Archbishop of Prague.<\/p>\n<p>The Holy Father blessed those gathered. In a letter to the faithful, he said that Jordan, Poland's first bishop, had gone to great lengths, enjoying the extraordinary favor of Duke Mieszko I, to bring the people entrusted to his pastoral care from pagan rites to the Christian faith. - It is right, therefore, that he be remembered by the local Church,\" Pope Francis wrote.<\/p>\n<p>The papal legate spoke about the Christian roots of Europe. He argued that without a family there is no family, nation or life. - Therefore, our continent is faith and life. Here is clear evidence that contemporary ideologies that deny the unique understanding of man as a man and a woman are not the future but are in decline - he said.<\/p>\n<p><a href=\"https:\/\/marekkuchcinski.pl\/wp-content\/uploads\/2018\/06\/DSCF9685.jpg\"><img fetchpriority=\"high\" decoding=\"async\" class=\"alignnone size-full wp-image-9749\" src=\"https:\/\/marekkuchcinski.pl\/wp-content\/uploads\/2018\/06\/DSCF9685.jpg\" alt=\"DSCF9685\" width=\"3704\" height=\"2193\" srcset=\"https:\/\/marekkuchcinski.pl\/wp-content\/uploads\/2018\/06\/DSCF9685.jpg 2048w, https:\/\/marekkuchcinski.pl\/wp-content\/uploads\/2018\/06\/DSCF9685-300x178.jpg 300w, https:\/\/marekkuchcinski.pl\/wp-content\/uploads\/2018\/06\/DSCF9685-768x455.jpg 768w, https:\/\/marekkuchcinski.pl\/wp-content\/uploads\/2018\/06\/DSCF9685-1024x606.jpg 1024w\" sizes=\"(max-width: 3704px) 100vw, 3704px\" \/><\/a> <a href=\"https:\/\/marekkuchcinski.pl\/wp-content\/uploads\/2018\/06\/DSCF9688.jpg\"><img decoding=\"async\" class=\"alignnone size-full wp-image-9750\" src=\"https:\/\/marekkuchcinski.pl\/wp-content\/uploads\/2018\/06\/DSCF9688.jpg\" alt=\"DSCF9688\" width=\"3824\" height=\"2345\" srcset=\"https:\/\/marekkuchcinski.pl\/wp-content\/uploads\/2018\/06\/DSCF9688.jpg 2048w, https:\/\/marekkuchcinski.pl\/wp-content\/uploads\/2018\/06\/DSCF9688-300x184.jpg 300w, https:\/\/marekkuchcinski.pl\/wp-content\/uploads\/2018\/06\/DSCF9688-768x471.jpg 768w, https:\/\/marekkuchcinski.pl\/wp-content\/uploads\/2018\/06\/DSCF9688-1024x628.jpg 1024w\" sizes=\"(max-width: 3824px) 100vw, 3824px\" \/><\/a> <a href=\"https:\/\/marekkuchcinski.pl\/wp-content\/uploads\/2018\/06\/DSCF9694.jpg\"><img decoding=\"async\" class=\"alignnone size-full wp-image-9751\" src=\"https:\/\/marekkuchcinski.pl\/wp-content\/uploads\/2018\/06\/DSCF9694.jpg\" alt=\"DSCF9694\" width=\"4895\" height=\"2760\" srcset=\"https:\/\/marekkuchcinski.pl\/wp-content\/uploads\/2018\/06\/DSCF9694.jpg 2048w, https:\/\/marekkuchcinski.pl\/wp-content\/uploads\/2018\/06\/DSCF9694-300x169.jpg 300w, https:\/\/marekkuchcinski.pl\/wp-content\/uploads\/2018\/06\/DSCF9694-768x433.jpg 768w, https:\/\/marekkuchcinski.pl\/wp-content\/uploads\/2018\/06\/DSCF9694-1024x577.jpg 1024w\" sizes=\"(max-width: 4895px) 100vw, 4895px\" \/><\/a> <a href=\"https:\/\/marekkuchcinski.pl\/wp-content\/uploads\/2018\/06\/DSCF9700.jpg\"><img loading=\"lazy\" decoding=\"async\" class=\"alignnone size-full wp-image-9752\" src=\"https:\/\/marekkuchcinski.pl\/wp-content\/uploads\/2018\/06\/DSCF9700.jpg\" alt=\"DSCF9700\" width=\"4896\" height=\"2760\" srcset=\"https:\/\/marekkuchcinski.pl\/wp-content\/uploads\/2018\/06\/DSCF9700.jpg 2048w, https:\/\/marekkuchcinski.pl\/wp-content\/uploads\/2018\/06\/DSCF9700-300x169.jpg 300w, https:\/\/marekkuchcinski.pl\/wp-content\/uploads\/2018\/06\/DSCF9700-768x433.jpg 768w, https:\/\/marekkuchcinski.pl\/wp-content\/uploads\/2018\/06\/DSCF9700-1024x577.jpg 1024w\" sizes=\"(max-width: 4896px) 100vw, 4896px\" \/><\/a> <a href=\"https:\/\/marekkuchcinski.pl\/wp-content\/uploads\/2018\/06\/DSCF9701.jpg\"><img loading=\"lazy\" decoding=\"async\" class=\"alignnone size-full wp-image-9753\" src=\"https:\/\/marekkuchcinski.pl\/wp-content\/uploads\/2018\/06\/DSCF9701.jpg\" alt=\"DSCF9701\" width=\"3480\" height=\"2140\" srcset=\"https:\/\/marekkuchcinski.pl\/wp-content\/uploads\/2018\/06\/DSCF9701.jpg 2048w, https:\/\/marekkuchcinski.pl\/wp-content\/uploads\/2018\/06\/DSCF9701-300x184.jpg 300w, https:\/\/marekkuchcinski.pl\/wp-content\/uploads\/2018\/06\/DSCF9701-768x472.jpg 768w, https:\/\/marekkuchcinski.pl\/wp-content\/uploads\/2018\/06\/DSCF9701-1024x630.jpg 1024w\" sizes=\"(max-width: 3480px) 100vw, 3480px\" \/><\/a> <a href=\"https:\/\/marekkuchcinski.pl\/wp-content\/uploads\/2018\/06\/DSCF9708.jpg\"><img loading=\"lazy\" decoding=\"async\" class=\"alignnone size-full wp-image-9754\" src=\"https:\/\/marekkuchcinski.pl\/wp-content\/uploads\/2018\/06\/DSCF9708.jpg\" alt=\"DSCF9708\" width=\"4146\" height=\"2415\" srcset=\"https:\/\/marekkuchcinski.pl\/wp-content\/uploads\/2018\/06\/DSCF9708.jpg 2048w, https:\/\/marekkuchcinski.pl\/wp-content\/uploads\/2018\/06\/DSCF9708-300x175.jpg 300w, https:\/\/marekkuchcinski.pl\/wp-content\/uploads\/2018\/06\/DSCF9708-768x447.jpg 768w, https:\/\/marekkuchcinski.pl\/wp-content\/uploads\/2018\/06\/DSCF9708-1024x596.jpg 1024w\" sizes=\"(max-width: 4146px) 100vw, 4146px\" \/><\/a> <a href=\"https:\/\/marekkuchcinski.pl\/wp-content\/uploads\/2018\/06\/DSCF9722.jpg\"><img loading=\"lazy\" decoding=\"async\" class=\"alignnone size-full wp-image-9756\" src=\"https:\/\/marekkuchcinski.pl\/wp-content\/uploads\/2018\/06\/DSCF9722.jpg\" alt=\"DSCF9722\" width=\"4896\" height=\"2760\" srcset=\"https:\/\/marekkuchcinski.pl\/wp-content\/uploads\/2018\/06\/DSCF9722.jpg 2048w, https:\/\/marekkuchcinski.pl\/wp-content\/uploads\/2018\/06\/DSCF9722-300x169.jpg 300w, https:\/\/marekkuchcinski.pl\/wp-content\/uploads\/2018\/06\/DSCF9722-768x433.jpg 768w, https:\/\/marekkuchcinski.pl\/wp-content\/uploads\/2018\/06\/DSCF9722-1024x577.jpg 1024w\" sizes=\"(max-width: 4896px) 100vw, 4896px\" \/><\/a> <a href=\"https:\/\/marekkuchcinski.pl\/wp-content\/uploads\/2018\/06\/DSCF9724.jpg\"><img loading=\"lazy\" decoding=\"async\" class=\"alignnone size-full wp-image-9757\" src=\"https:\/\/marekkuchcinski.pl\/wp-content\/uploads\/2018\/06\/DSCF9724.jpg\" alt=\"DSCF9724\" width=\"3943\" height=\"2570\" srcset=\"https:\/\/marekkuchcinski.pl\/wp-content\/uploads\/2018\/06\/DSCF9724.jpg 2048w, https:\/\/marekkuchcinski.pl\/wp-content\/uploads\/2018\/06\/DSCF9724-300x196.jpg 300w, https:\/\/marekkuchcinski.pl\/wp-content\/uploads\/2018\/06\/DSCF9724-768x501.jpg 768w, https:\/\/marekkuchcinski.pl\/wp-content\/uploads\/2018\/06\/DSCF9724-1024x667.jpg 1024w\" sizes=\"(max-width: 3943px) 100vw, 3943px\" \/><\/a> <a href=\"https:\/\/marekkuchcinski.pl\/wp-content\/uploads\/2018\/06\/DSCF9747.jpg\"><img loading=\"lazy\" decoding=\"async\" class=\"alignnone size-full wp-image-9758\" src=\"https:\/\/marekkuchcinski.pl\/wp-content\/uploads\/2018\/06\/DSCF9747.jpg\" alt=\"DSCF9747\" width=\"4896\" height=\"2760\" srcset=\"https:\/\/marekkuchcinski.pl\/wp-content\/uploads\/2018\/06\/DSCF9747.jpg 2048w, https:\/\/marekkuchcinski.pl\/wp-content\/uploads\/2018\/06\/DSCF9747-300x169.jpg 300w, https:\/\/marekkuchcinski.pl\/wp-content\/uploads\/2018\/06\/DSCF9747-768x433.jpg 768w, https:\/\/marekkuchcinski.pl\/wp-content\/uploads\/2018\/06\/DSCF9747-1024x577.jpg 1024w\" sizes=\"(max-width: 4896px) 100vw, 4896px\" \/><\/a> <a href=\"https:\/\/marekkuchcinski.pl\/wp-content\/uploads\/2018\/06\/DSCF9751.jpg\"><img loading=\"lazy\" decoding=\"async\" class=\"alignnone size-full wp-image-9759\" src=\"https:\/\/marekkuchcinski.pl\/wp-content\/uploads\/2018\/06\/DSCF9751.jpg\" alt=\"DSCF9751\" width=\"4896\" height=\"2760\" srcset=\"https:\/\/marekkuchcinski.pl\/wp-content\/uploads\/2018\/06\/DSCF9751.jpg 2048w, https:\/\/marekkuchcinski.pl\/wp-content\/uploads\/2018\/06\/DSCF9751-300x169.jpg 300w, https:\/\/marekkuchcinski.pl\/wp-content\/uploads\/2018\/06\/DSCF9751-768x433.jpg 768w, https:\/\/marekkuchcinski.pl\/wp-content\/uploads\/2018\/06\/DSCF9751-1024x577.jpg 1024w\" sizes=\"(max-width: 4896px) 100vw, 4896px\" \/><\/a> <a href=\"https:\/\/marekkuchcinski.pl\/wp-content\/uploads\/2018\/06\/DSCF9762.jpg\"><img loading=\"lazy\" decoding=\"async\" class=\"alignnone size-full wp-image-9760\" src=\"https:\/\/marekkuchcinski.pl\/wp-content\/uploads\/2018\/06\/DSCF9762.jpg\" alt=\"DSCF9762\" width=\"4206\" height=\"2556\" srcset=\"https:\/\/marekkuchcinski.pl\/wp-content\/uploads\/2018\/06\/DSCF9762.jpg 2048w, https:\/\/marekkuchcinski.pl\/wp-content\/uploads\/2018\/06\/DSCF9762-300x182.jpg 300w, https:\/\/marekkuchcinski.pl\/wp-content\/uploads\/2018\/06\/DSCF9762-768x467.jpg 768w, https:\/\/marekkuchcinski.pl\/wp-content\/uploads\/2018\/06\/DSCF9762-1024x622.jpg 1024w\" sizes=\"(max-width: 4206px) 100vw, 4206px\" \/><\/a> <a href=\"https:\/\/marekkuchcinski.pl\/wp-content\/uploads\/2018\/06\/DSCF9766.jpg\"><img loading=\"lazy\" decoding=\"async\" class=\"alignnone size-full wp-image-9761\" src=\"https:\/\/marekkuchcinski.pl\/wp-content\/uploads\/2018\/06\/DSCF9766.jpg\" alt=\"DSCF9766\" width=\"2503\" height=\"1704\" srcset=\"https:\/\/marekkuchcinski.pl\/wp-content\/uploads\/2018\/06\/DSCF9766.jpg 2048w, https:\/\/marekkuchcinski.pl\/wp-content\/uploads\/2018\/06\/DSCF9766-300x204.jpg 300w, https:\/\/marekkuchcinski.pl\/wp-content\/uploads\/2018\/06\/DSCF9766-768x523.jpg 768w, https:\/\/marekkuchcinski.pl\/wp-content\/uploads\/2018\/06\/DSCF9766-1024x697.jpg 1024w\" sizes=\"(max-width: 2503px) 100vw, 2503px\" \/><\/a> <a href=\"https:\/\/marekkuchcinski.pl\/wp-content\/uploads\/2018\/06\/DSCF9771.jpg\"><img loading=\"lazy\" decoding=\"async\" class=\"alignnone size-full wp-image-9762\" src=\"https:\/\/marekkuchcinski.pl\/wp-content\/uploads\/2018\/06\/DSCF9771.jpg\" alt=\"DSCF9771\" width=\"4896\" height=\"2760\" srcset=\"https:\/\/marekkuchcinski.pl\/wp-content\/uploads\/2018\/06\/DSCF9771.jpg 2048w, https:\/\/marekkuchcinski.pl\/wp-content\/uploads\/2018\/06\/DSCF9771-300x169.jpg 300w, https:\/\/marekkuchcinski.pl\/wp-content\/uploads\/2018\/06\/DSCF9771-768x433.jpg 768w, https:\/\/marekkuchcinski.pl\/wp-content\/uploads\/2018\/06\/DSCF9771-1024x577.jpg 1024w\" sizes=\"(max-width: 4896px) 100vw, 4896px\" \/><\/a><a href=\"https:\/\/marekkuchcinski.pl\/wp-content\/uploads\/2018\/06\/35294493_1993963447326634_3331443541225242624_n.jpg\"><img loading=\"lazy\" decoding=\"async\" class=\"alignnone size-full wp-image-9763\" src=\"https:\/\/marekkuchcinski.pl\/wp-content\/uploads\/2018\/06\/35294493_1993963447326634_3331443541225242624_n.jpg\" alt=\"35294493_1993963447326634_3331443541225242624_n\" width=\"1896\" height=\"1422\" srcset=\"https:\/\/marekkuchcinski.pl\/wp-content\/uploads\/2018\/06\/35294493_1993963447326634_3331443541225242624_n.jpg 1896w, https:\/\/marekkuchcinski.pl\/wp-content\/uploads\/2018\/06\/35294493_1993963447326634_3331443541225242624_n-300x225.jpg 300w, https:\/\/marekkuchcinski.pl\/wp-content\/uploads\/2018\/06\/35294493_1993963447326634_3331443541225242624_n-768x576.jpg 768w, https:\/\/marekkuchcinski.pl\/wp-content\/uploads\/2018\/06\/35294493_1993963447326634_3331443541225242624_n-1024x768.jpg 1024w\" sizes=\"(max-width: 1896px) 100vw, 1896px\" \/><\/a> <a href=\"https:\/\/marekkuchcinski.pl\/wp-content\/uploads\/2018\/06\/36188187_1993965033993142_4754339242585358336_n.jpg\"><img loading=\"lazy\" decoding=\"async\" class=\"alignnone size-full wp-image-9764\" src=\"https:\/\/marekkuchcinski.pl\/wp-content\/uploads\/2018\/06\/36188187_1993965033993142_4754339242585358336_n.jpg\" alt=\"36188187_1993965033993142_4754339242585358336_n\" width=\"1812\" height=\"1177\" srcset=\"https:\/\/marekkuchcinski.pl\/wp-content\/uploads\/2018\/06\/36188187_1993965033993142_4754339242585358336_n.jpg 1812w, https:\/\/marekkuchcinski.pl\/wp-content\/uploads\/2018\/06\/36188187_1993965033993142_4754339242585358336_n-300x195.jpg 300w, https:\/\/marekkuchcinski.pl\/wp-content\/uploads\/2018\/06\/36188187_1993965033993142_4754339242585358336_n-768x499.jpg 768w, https:\/\/marekkuchcinski.pl\/wp-content\/uploads\/2018\/06\/36188187_1993965033993142_4754339242585358336_n-1024x665.jpg 1024w\" sizes=\"(max-width: 1812px) 100vw, 1812px\" \/><\/a> <a href=\"https:\/\/marekkuchcinski.pl\/wp-content\/uploads\/2018\/06\/36285886_1993963697326609_644892006669090816_n.jpg\"><img loading=\"lazy\" decoding=\"async\" class=\"alignnone size-full wp-image-9765\" src=\"https:\/\/marekkuchcinski.pl\/wp-content\/uploads\/2018\/06\/36285886_1993963697326609_644892006669090816_n.jpg\" alt=\"36285886_1993963697326609_644892006669090816_n\" width=\"1896\" height=\"1422\" srcset=\"https:\/\/marekkuchcinski.pl\/wp-content\/uploads\/2018\/06\/36285886_1993963697326609_644892006669090816_n.jpg 1896w, https:\/\/marekkuchcinski.pl\/wp-content\/uploads\/2018\/06\/36285886_1993963697326609_644892006669090816_n-300x225.jpg 300w, https:\/\/marekkuchcinski.pl\/wp-content\/uploads\/2018\/06\/36285886_1993963697326609_644892006669090816_n-768x576.jpg 768w, https:\/\/marekkuchcinski.pl\/wp-content\/uploads\/2018\/06\/36285886_1993963697326609_644892006669090816_n-1024x768.jpg 1024w\" sizes=\"(max-width: 1896px) 100vw, 1896px\" \/><\/a><\/p>","protected":false},"excerpt":{"rendered":"<p>W pi\u0105tek w Poznaniu rozpocz\u0119\u0142y si\u0119 obchody jubileuszu pierwszego biskupstwa w Polsce. W sobotnich uroczysto\u015bciach w archidiecezji pod has\u0142em \u201ePozna\u0144. Chrystus i my\u201d wzi\u0105\u0142 udzia\u0142 marsza\u0142ek Sejmu Marek Kuchci\u0144ski. Eucharysti\u0119 z udzia\u0142em nuncjusza apostolskiego w Polsce abp. Salvatore Pennacchio oraz kilkudziesi\u0119ciu arcybiskup\u00f3w i biskup\u00f3w polskich, m.in. prymasa Polski abp. Wojciecha Polaka, kard. Kazimierza Nycza, abp. [&hellip;]<\/p>","protected":false},"author":6,"featured_media":9769,"comment_status":"open","ping_status":"open","sticky":false,"template":"","format":"standard","meta":{"ngg_post_thumbnail":0,"footnotes":""},"categories":[77,3],"tags":[],"class_list":["post-9747","post","type-post","status-publish","format-standard","has-post-thumbnail","hentry","category-wazne-daty","category-wydarzenia"],"yoast_head":"<!-- This site is optimized with the Yoast SEO plugin v24.7 - https:\/\/yoast.com\/wordpress\/plugins\/seo\/ -->\n<title>Centralne obchody 1050-lecia biskupstwa w Poznaniu &#8211; Marek Kuchci\u0144ski<\/title>\n<meta name=\"robots\" content=\"index, follow, max-snippet:-1, max-image-preview:large, max-video-preview:-1\" \/>\n<link rel=\"canonical\" href=\"https:\/\/marekkuchcinski.pl\/en\/wazne-daty\/centralne-obchody-1050-lecia-biskupstwa-poznaniu\/\" \/>\n<meta property=\"og:locale\" content=\"en_GB\" \/>\n<meta property=\"og:type\" content=\"article\" \/>\n<meta property=\"og:title\" content=\"Centralne obchody 1050-lecia biskupstwa w Poznaniu &#8211; Marek Kuchci\u0144ski\" \/>\n<meta property=\"og:description\" content=\"W pi\u0105tek w Poznaniu rozpocz\u0119\u0142y si\u0119 obchody jubileuszu pierwszego biskupstwa w Polsce. W sobotnich uroczysto\u015bciach w archidiecezji pod has\u0142em \u201ePozna\u0144. Chrystus i my\u201d wzi\u0105\u0142 udzia\u0142 marsza\u0142ek Sejmu Marek Kuchci\u0144ski. Eucharysti\u0119 z udzia\u0142em nuncjusza apostolskiego w Polsce abp. Salvatore Pennacchio oraz kilkudziesi\u0119ciu arcybiskup\u00f3w i biskup\u00f3w polskich, m.in. prymasa Polski abp. Wojciecha Polaka, kard. Kazimierza Nycza, abp. [&hellip;]\" \/>\n<meta property=\"og:url\" content=\"https:\/\/marekkuchcinski.pl\/en\/wazne-daty\/centralne-obchody-1050-lecia-biskupstwa-poznaniu\/\" \/>\n<meta property=\"og:site_name\" content=\"Marek Kuchci\u0144ski\" \/>\n<meta property=\"article:published_time\" content=\"2018-06-24T09:44:54+00:00\" \/>\n<meta property=\"article:modified_time\" content=\"2018-06-26T17:55:24+00:00\" \/>\n<meta property=\"og:image\" content=\"https:\/\/marekkuchcinski.pl\/wp-content\/uploads\/2018\/06\/36285886_1993963697326609_644892006669090816_n-1.jpg\" \/>\n\t<meta property=\"og:image:width\" content=\"1865\" \/>\n\t<meta property=\"og:image:height\" content=\"1186\" \/>\n\t<meta property=\"og:image:type\" content=\"image\/jpeg\" \/>\n<meta name=\"author\" content=\"admin\" \/>\n<meta name=\"twitter:card\" content=\"summary_large_image\" \/>\n<meta name=\"twitter:label1\" content=\"Written by\" \/>\n\t<meta name=\"twitter:data1\" content=\"admin\" \/>\n\t<meta name=\"twitter:label2\" content=\"Estimated reading time\" \/>\n\t<meta name=\"twitter:data2\" content=\"1 minute\" \/>\n<script type=\"application\/ld+json\" class=\"yoast-schema-graph\">{\"@context\":\"https:\/\/schema.org\",\"@graph\":[{\"@type\":\"Article\",\"@id\":\"https:\/\/marekkuchcinski.pl\/en\/wazne-daty\/centralne-obchody-1050-lecia-biskupstwa-poznaniu\/#article\",\"isPartOf\":{\"@id\":\"https:\/\/marekkuchcinski.pl\/en\/wazne-daty\/centralne-obchody-1050-lecia-biskupstwa-poznaniu\/\"},\"author\":{\"name\":\"admin\",\"@id\":\"https:\/\/marekkuchcinski.pl\/#\/schema\/person\/6f62700996b4d950b6ea2d1183b6c6be\"},\"headline\":\"Centralne obchody 1050-lecia biskupstwa w Poznaniu\",\"datePublished\":\"2018-06-24T09:44:54+00:00\",\"dateModified\":\"2018-06-26T17:55:24+00:00\",\"mainEntityOfPage\":{\"@id\":\"https:\/\/marekkuchcinski.pl\/en\/wazne-daty\/centralne-obchody-1050-lecia-biskupstwa-poznaniu\/\"},\"wordCount\":230,\"commentCount\":0,\"publisher\":{\"@id\":\"https:\/\/marekkuchcinski.pl\/#organization\"},\"image\":{\"@id\":\"https:\/\/marekkuchcinski.pl\/en\/wazne-daty\/centralne-obchody-1050-lecia-biskupstwa-poznaniu\/#primaryimage\"},\"thumbnailUrl\":\"https:\/\/marekkuchcinski.pl\/wp-content\/uploads\/2018\/06\/36285886_1993963697326609_644892006669090816_n-1.jpg\",\"articleSection\":[\"Wa\u017cne daty\",\"Wydarzenia\"],\"inLanguage\":\"en-GB\",\"potentialAction\":[{\"@type\":\"CommentAction\",\"name\":\"Comment\",\"target\":[\"https:\/\/marekkuchcinski.pl\/en\/wazne-daty\/centralne-obchody-1050-lecia-biskupstwa-poznaniu\/#respond\"]}]},{\"@type\":\"WebPage\",\"@id\":\"https:\/\/marekkuchcinski.pl\/en\/wazne-daty\/centralne-obchody-1050-lecia-biskupstwa-poznaniu\/\",\"url\":\"https:\/\/marekkuchcinski.pl\/en\/wazne-daty\/centralne-obchody-1050-lecia-biskupstwa-poznaniu\/\",\"name\":\"Centralne obchody 1050-lecia biskupstwa w Poznaniu &#8211; Marek Kuchci\u0144ski\",\"isPartOf\":{\"@id\":\"https:\/\/marekkuchcinski.pl\/#website\"},\"primaryImageOfPage\":{\"@id\":\"https:\/\/marekkuchcinski.pl\/en\/wazne-daty\/centralne-obchody-1050-lecia-biskupstwa-poznaniu\/#primaryimage\"},\"image\":{\"@id\":\"https:\/\/marekkuchcinski.pl\/en\/wazne-daty\/centralne-obchody-1050-lecia-biskupstwa-poznaniu\/#primaryimage\"},\"thumbnailUrl\":\"https:\/\/marekkuchcinski.pl\/wp-content\/uploads\/2018\/06\/36285886_1993963697326609_644892006669090816_n-1.jpg\",\"datePublished\":\"2018-06-24T09:44:54+00:00\",\"dateModified\":\"2018-06-26T17:55:24+00:00\",\"breadcrumb\":{\"@id\":\"https:\/\/marekkuchcinski.pl\/en\/wazne-daty\/centralne-obchody-1050-lecia-biskupstwa-poznaniu\/#breadcrumb\"},\"inLanguage\":\"en-GB\",\"potentialAction\":[{\"@type\":\"ReadAction\",\"target\":[\"https:\/\/marekkuchcinski.pl\/en\/wazne-daty\/centralne-obchody-1050-lecia-biskupstwa-poznaniu\/\"]}]},{\"@type\":\"ImageObject\",\"inLanguage\":\"en-GB\",\"@id\":\"https:\/\/marekkuchcinski.pl\/en\/wazne-daty\/centralne-obchody-1050-lecia-biskupstwa-poznaniu\/#primaryimage\",\"url\":\"https:\/\/marekkuchcinski.pl\/wp-content\/uploads\/2018\/06\/36285886_1993963697326609_644892006669090816_n-1.jpg\",\"contentUrl\":\"https:\/\/marekkuchcinski.pl\/wp-content\/uploads\/2018\/06\/36285886_1993963697326609_644892006669090816_n-1.jpg\",\"width\":1865,\"height\":1186},{\"@type\":\"BreadcrumbList\",\"@id\":\"https:\/\/marekkuchcinski.pl\/en\/wazne-daty\/centralne-obchody-1050-lecia-biskupstwa-poznaniu\/#breadcrumb\",\"itemListElement\":[{\"@type\":\"ListItem\",\"position\":1,\"name\":\"Strona g\u0142\u00f3wna\",\"item\":\"https:\/\/marekkuchcinski.pl\/\"},{\"@type\":\"ListItem\",\"position\":2,\"name\":\"Centralne obchody 1050-lecia biskupstwa w Poznaniu\"}]},{\"@type\":\"WebSite\",\"@id\":\"https:\/\/marekkuchcinski.pl\/#website\",\"url\":\"https:\/\/marekkuchcinski.pl\/\",\"name\":\"Marek Kuchci\u0144ski\",\"description\":\"Pose\u0142 na sejm RP &ndash; okr\u0119g nr 22\",\"publisher\":{\"@id\":\"https:\/\/marekkuchcinski.pl\/#organization\"},\"potentialAction\":[{\"@type\":\"SearchAction\",\"target\":{\"@type\":\"EntryPoint\",\"urlTemplate\":\"https:\/\/marekkuchcinski.pl\/?s={search_term_string}\"},\"query-input\":{\"@type\":\"PropertyValueSpecification\",\"valueRequired\":true,\"valueName\":\"search_term_string\"}}],\"inLanguage\":\"en-GB\"},{\"@type\":\"Organization\",\"@id\":\"https:\/\/marekkuchcinski.pl\/#organization\",\"name\":\"Marek Kuchci\u0144ski\",\"url\":\"https:\/\/marekkuchcinski.pl\/\",\"logo\":{\"@type\":\"ImageObject\",\"inLanguage\":\"en-GB\",\"@id\":\"https:\/\/marekkuchcinski.pl\/#\/schema\/logo\/image\/\",\"url\":\"https:\/\/marekkuchcinski.pl\/wp-content\/uploads\/2022\/09\/Marek.jpg\",\"contentUrl\":\"https:\/\/marekkuchcinski.pl\/wp-content\/uploads\/2022\/09\/Marek.jpg\",\"width\":1600,\"height\":971,\"caption\":\"Marek Kuchci\u0144ski\"},\"image\":{\"@id\":\"https:\/\/marekkuchcinski.pl\/#\/schema\/logo\/image\/\"}},{\"@type\":\"Person\",\"@id\":\"https:\/\/marekkuchcinski.pl\/#\/schema\/person\/6f62700996b4d950b6ea2d1183b6c6be\",\"name\":\"admin\",\"image\":{\"@type\":\"ImageObject\",\"inLanguage\":\"en-GB\",\"@id\":\"https:\/\/marekkuchcinski.pl\/#\/schema\/person\/image\/\",\"url\":\"https:\/\/secure.gravatar.com\/avatar\/4bab693b9d55c3d6b52c0296a8765085?s=96&d=mm&r=g\",\"contentUrl\":\"https:\/\/secure.gravatar.com\/avatar\/4bab693b9d55c3d6b52c0296a8765085?s=96&d=mm&r=g\",\"caption\":\"admin\"},\"url\":\"https:\/\/marekkuchcinski.pl\/en\/author\/marta-olejnik\/\"}]}<\/script>\n<!-- \/ Yoast SEO plugin. -->","yoast_head_json":{"title":"Centralne obchody 1050-lecia biskupstwa w Poznaniu &#8211; Marek Kuchci\u0144ski","robots":{"index":"index","follow":"follow","max-snippet":"max-snippet:-1","max-image-preview":"max-image-preview:large","max-video-preview":"max-video-preview:-1"},"canonical":"https:\/\/marekkuchcinski.pl\/en\/wazne-daty\/centralne-obchody-1050-lecia-biskupstwa-poznaniu\/","og_locale":"en_GB","og_type":"article","og_title":"Centralne obchody 1050-lecia biskupstwa w Poznaniu &#8211; Marek Kuchci\u0144ski","og_description":"W pi\u0105tek w Poznaniu rozpocz\u0119\u0142y si\u0119 obchody jubileuszu pierwszego biskupstwa w Polsce. W sobotnich uroczysto\u015bciach w archidiecezji pod has\u0142em \u201ePozna\u0144. Chrystus i my\u201d wzi\u0105\u0142 udzia\u0142 marsza\u0142ek Sejmu Marek Kuchci\u0144ski. Eucharysti\u0119 z udzia\u0142em nuncjusza apostolskiego w Polsce abp. Salvatore Pennacchio oraz kilkudziesi\u0119ciu arcybiskup\u00f3w i biskup\u00f3w polskich, m.in. prymasa Polski abp. Wojciecha Polaka, kard. Kazimierza Nycza, abp. [&hellip;]","og_url":"https:\/\/marekkuchcinski.pl\/en\/wazne-daty\/centralne-obchody-1050-lecia-biskupstwa-poznaniu\/","og_site_name":"Marek Kuchci\u0144ski","article_published_time":"2018-06-24T09:44:54+00:00","article_modified_time":"2018-06-26T17:55:24+00:00","og_image":[{"width":1865,"height":1186,"url":"https:\/\/marekkuchcinski.pl\/wp-content\/uploads\/2018\/06\/36285886_1993963697326609_644892006669090816_n-1.jpg","type":"image\/jpeg"}],"author":"admin","twitter_card":"summary_large_image","twitter_misc":{"Written by":"admin","Estimated reading time":"1 minute"},"schema":{"@context":"https:\/\/schema.org","@graph":[{"@type":"Article","@id":"https:\/\/marekkuchcinski.pl\/en\/wazne-daty\/centralne-obchody-1050-lecia-biskupstwa-poznaniu\/#article","isPartOf":{"@id":"https:\/\/marekkuchcinski.pl\/en\/wazne-daty\/centralne-obchody-1050-lecia-biskupstwa-poznaniu\/"},"author":{"name":"admin","@id":"https:\/\/marekkuchcinski.pl\/#\/schema\/person\/6f62700996b4d950b6ea2d1183b6c6be"},"headline":"Centralne obchody 1050-lecia biskupstwa w Poznaniu","datePublished":"2018-06-24T09:44:54+00:00","dateModified":"2018-06-26T17:55:24+00:00","mainEntityOfPage":{"@id":"https:\/\/marekkuchcinski.pl\/en\/wazne-daty\/centralne-obchody-1050-lecia-biskupstwa-poznaniu\/"},"wordCount":230,"commentCount":0,"publisher":{"@id":"https:\/\/marekkuchcinski.pl\/#organization"},"image":{"@id":"https:\/\/marekkuchcinski.pl\/en\/wazne-daty\/centralne-obchody-1050-lecia-biskupstwa-poznaniu\/#primaryimage"},"thumbnailUrl":"https:\/\/marekkuchcinski.pl\/wp-content\/uploads\/2018\/06\/36285886_1993963697326609_644892006669090816_n-1.jpg","articleSection":["Wa\u017cne daty","Wydarzenia"],"inLanguage":"en-GB","potentialAction":[{"@type":"CommentAction","name":"Comment","target":["https:\/\/marekkuchcinski.pl\/en\/wazne-daty\/centralne-obchody-1050-lecia-biskupstwa-poznaniu\/#respond"]}]},{"@type":"WebPage","@id":"https:\/\/marekkuchcinski.pl\/en\/wazne-daty\/centralne-obchody-1050-lecia-biskupstwa-poznaniu\/","url":"https:\/\/marekkuchcinski.pl\/en\/wazne-daty\/centralne-obchody-1050-lecia-biskupstwa-poznaniu\/","name":"Centralne obchody 1050-lecia biskupstwa w Poznaniu &#8211; Marek Kuchci\u0144ski","isPartOf":{"@id":"https:\/\/marekkuchcinski.pl\/#website"},"primaryImageOfPage":{"@id":"https:\/\/marekkuchcinski.pl\/en\/wazne-daty\/centralne-obchody-1050-lecia-biskupstwa-poznaniu\/#primaryimage"},"image":{"@id":"https:\/\/marekkuchcinski.pl\/en\/wazne-daty\/centralne-obchody-1050-lecia-biskupstwa-poznaniu\/#primaryimage"},"thumbnailUrl":"https:\/\/marekkuchcinski.pl\/wp-content\/uploads\/2018\/06\/36285886_1993963697326609_644892006669090816_n-1.jpg","datePublished":"2018-06-24T09:44:54+00:00","dateModified":"2018-06-26T17:55:24+00:00","breadcrumb":{"@id":"https:\/\/marekkuchcinski.pl\/en\/wazne-daty\/centralne-obchody-1050-lecia-biskupstwa-poznaniu\/#breadcrumb"},"inLanguage":"en-GB","potentialAction":[{"@type":"ReadAction","target":["https:\/\/marekkuchcinski.pl\/en\/wazne-daty\/centralne-obchody-1050-lecia-biskupstwa-poznaniu\/"]}]},{"@type":"ImageObject","inLanguage":"en-GB","@id":"https:\/\/marekkuchcinski.pl\/en\/wazne-daty\/centralne-obchody-1050-lecia-biskupstwa-poznaniu\/#primaryimage","url":"https:\/\/marekkuchcinski.pl\/wp-content\/uploads\/2018\/06\/36285886_1993963697326609_644892006669090816_n-1.jpg","contentUrl":"https:\/\/marekkuchcinski.pl\/wp-content\/uploads\/2018\/06\/36285886_1993963697326609_644892006669090816_n-1.jpg","width":1865,"height":1186},{"@type":"BreadcrumbList","@id":"https:\/\/marekkuchcinski.pl\/en\/wazne-daty\/centralne-obchody-1050-lecia-biskupstwa-poznaniu\/#breadcrumb","itemListElement":[{"@type":"ListItem","position":1,"name":"Strona g\u0142\u00f3wna","item":"https:\/\/marekkuchcinski.pl\/"},{"@type":"ListItem","position":2,"name":"Centralne obchody 1050-lecia biskupstwa w Poznaniu"}]},{"@type":"WebSite","@id":"https:\/\/marekkuchcinski.pl\/#website","url":"https:\/\/marekkuchcinski.pl\/","name":"Marek Kuchci\u0144ski","description":"Pose\u0142 na sejm RP &ndash; okr\u0119g nr 22","publisher":{"@id":"https:\/\/marekkuchcinski.pl\/#organization"},"potentialAction":[{"@type":"SearchAction","target":{"@type":"EntryPoint","urlTemplate":"https:\/\/marekkuchcinski.pl\/?s={search_term_string}"},"query-input":{"@type":"PropertyValueSpecification","valueRequired":true,"valueName":"search_term_string"}}],"inLanguage":"en-GB"},{"@type":"Organization","@id":"https:\/\/marekkuchcinski.pl\/#organization","name":"Marek Kuchci\u0144ski","url":"https:\/\/marekkuchcinski.pl\/","logo":{"@type":"ImageObject","inLanguage":"en-GB","@id":"https:\/\/marekkuchcinski.pl\/#\/schema\/logo\/image\/","url":"https:\/\/marekkuchcinski.pl\/wp-content\/uploads\/2022\/09\/Marek.jpg","contentUrl":"https:\/\/marekkuchcinski.pl\/wp-content\/uploads\/2022\/09\/Marek.jpg","width":1600,"height":971,"caption":"Marek Kuchci\u0144ski"},"image":{"@id":"https:\/\/marekkuchcinski.pl\/#\/schema\/logo\/image\/"}},{"@type":"Person","@id":"https:\/\/marekkuchcinski.pl\/#\/schema\/person\/6f62700996b4d950b6ea2d1183b6c6be","name":"admin","image":{"@type":"ImageObject","inLanguage":"en-GB","@id":"https:\/\/marekkuchcinski.pl\/#\/schema\/person\/image\/","url":"https:\/\/secure.gravatar.com\/avatar\/4bab693b9d55c3d6b52c0296a8765085?s=96&d=mm&r=g","contentUrl":"https:\/\/secure.gravatar.com\/avatar\/4bab693b9d55c3d6b52c0296a8765085?s=96&d=mm&r=g","caption":"admin"},"url":"https:\/\/marekkuchcinski.pl\/en\/author\/marta-olejnik\/"}]}},"_links":{"self":[{"href":"https:\/\/marekkuchcinski.pl\/en\/wp-json\/wp\/v2\/posts\/9747","targetHints":{"allow":["GET"]}}],"collection":[{"href":"https:\/\/marekkuchcinski.pl\/en\/wp-json\/wp\/v2\/posts"}],"about":[{"href":"https:\/\/marekkuchcinski.pl\/en\/wp-json\/wp\/v2\/types\/post"}],"author":[{"embeddable":true,"href":"https:\/\/marekkuchcinski.pl\/en\/wp-json\/wp\/v2\/users\/6"}],"replies":[{"embeddable":true,"href":"https:\/\/marekkuchcinski.pl\/en\/wp-json\/wp\/v2\/comments?post=9747"}],"version-history":[{"count":7,"href":"https:\/\/marekkuchcinski.pl\/en\/wp-json\/wp\/v2\/posts\/9747\/revisions"}],"predecessor-version":[{"id":9774,"href":"https:\/\/marekkuchcinski.pl\/en\/wp-json\/wp\/v2\/posts\/9747\/revisions\/9774"}],"wp:featuredmedia":[{"embeddable":true,"href":"https:\/\/marekkuchcinski.pl\/en\/wp-json\/wp\/v2\/media\/9769"}],"wp:attachment":[{"href":"https:\/\/marekkuchcinski.pl\/en\/wp-json\/wp\/v2\/media?parent=9747"}],"wp:term":[{"taxonomy":"category","embeddable":true,"href":"https:\/\/marekkuchcinski.pl\/en\/wp-json\/wp\/v2\/categories?post=9747"},{"taxonomy":"post_tag","embeddable":true,"href":"https:\/\/marekkuchcinski.pl\/en\/wp-json\/wp\/v2\/tags?post=9747"}],"curies":[{"name":"wp","href":"https:\/\/api.w.org\/{rel}","templated":true}]}}