{"id":9737,"date":"2018-06-25T16:01:20","date_gmt":"2018-06-25T14:01:20","guid":{"rendered":"https:\/\/marekkuchcinski.pl\/?p=9737"},"modified":"2018-06-25T16:03:57","modified_gmt":"2018-06-25T14:03:57","slug":"marszalek-sejmu-opowiadam-sie-lepsza-wspolpraca-pomiedzy-pe-a-parlamentami-narodowymi","status":"publish","type":"post","link":"https:\/\/marekkuchcinski.pl\/en\/wydarzenia\/marszalek-sejmu-opowiadam-sie-lepsza-wspolpraca-pomiedzy-pe-a-parlamentami-narodowymi\/","title":{"rendered":"Speaker of the Sejm: I advocate better cooperation between EP and national parliaments"},"content":{"rendered":"<p>This is a good time for us to intensify cooperation between our parliaments. The issues of ordering and streamlining the work of national parliaments in the EU are here the fundamental recipe for increasing trust in the EU,\" said the Speaker of the Sejm after his meeting with the President of the Bundestag, Wolfgang Sch\u00e4uble. He also stressed that cooperation between national parliaments and the European Parliament should be developed, and that consideration should be given to the possibility of veto rights and legislative initiatives by groups of states within the framework of existing treaties.<\/p>\n<p>The interviewees agreed that current EU procedures require greater transparency. According to them, information policy should be strengthened, so that citizens understand EU decisions and what is happening in the EU debate. Improved trust in EU institutions could also have a positive impact on the turnout for the European elections, which is currently far too low. Marshal Kuchci\u0144ski reiterated his vision of a Europe of united, solidary states. He stressed the need to strengthen national parliaments in the decision-making process and in making EU laws.<\/p>\n<p><a href=\"https:\/\/marekkuchcinski.pl\/wp-content\/uploads\/2018\/06\/schfrb.jpg\"><img fetchpriority=\"high\" decoding=\"async\" class=\"alignnone size-full wp-image-9738\" src=\"https:\/\/marekkuchcinski.pl\/wp-content\/uploads\/2018\/06\/schfrb.jpg\" alt=\"schfrb\" width=\"2736\" height=\"1824\" srcset=\"https:\/\/marekkuchcinski.pl\/wp-content\/uploads\/2018\/06\/schfrb.jpg 2048w, https:\/\/marekkuchcinski.pl\/wp-content\/uploads\/2018\/06\/schfrb-300x200.jpg 300w, https:\/\/marekkuchcinski.pl\/wp-content\/uploads\/2018\/06\/schfrb-768x512.jpg 768w, https:\/\/marekkuchcinski.pl\/wp-content\/uploads\/2018\/06\/schfrb-1024x683.jpg 1024w\" sizes=\"(max-width: 2736px) 100vw, 2736px\" \/><\/a> <a href=\"https:\/\/marekkuchcinski.pl\/wp-content\/uploads\/2018\/06\/sch-fb.jpg\"><img decoding=\"async\" class=\"alignnone size-full wp-image-9739\" src=\"https:\/\/marekkuchcinski.pl\/wp-content\/uploads\/2018\/06\/sch-fb.jpg\" alt=\"sch fb\" width=\"2736\" height=\"1824\" srcset=\"https:\/\/marekkuchcinski.pl\/wp-content\/uploads\/2018\/06\/sch-fb.jpg 2048w, https:\/\/marekkuchcinski.pl\/wp-content\/uploads\/2018\/06\/sch-fb-300x200.jpg 300w, https:\/\/marekkuchcinski.pl\/wp-content\/uploads\/2018\/06\/sch-fb-768x512.jpg 768w, https:\/\/marekkuchcinski.pl\/wp-content\/uploads\/2018\/06\/sch-fb-1024x683.jpg 1024w\" sizes=\"(max-width: 2736px) 100vw, 2736px\" \/><\/a> <a href=\"https:\/\/marekkuchcinski.pl\/wp-content\/uploads\/2018\/06\/schtt.jpg\"><img decoding=\"async\" class=\"alignnone size-full wp-image-9740\" src=\"https:\/\/marekkuchcinski.pl\/wp-content\/uploads\/2018\/06\/schtt.jpg\" alt=\"schtt\" width=\"2154\" height=\"1370\" srcset=\"https:\/\/marekkuchcinski.pl\/wp-content\/uploads\/2018\/06\/schtt.jpg 2048w, https:\/\/marekkuchcinski.pl\/wp-content\/uploads\/2018\/06\/schtt-300x191.jpg 300w, https:\/\/marekkuchcinski.pl\/wp-content\/uploads\/2018\/06\/schtt-768x488.jpg 768w, https:\/\/marekkuchcinski.pl\/wp-content\/uploads\/2018\/06\/schtt-1024x651.jpg 1024w\" sizes=\"(max-width: 2154px) 100vw, 2154px\" \/><\/a><a href=\"https:\/\/marekkuchcinski.pl\/wp-content\/uploads\/2018\/06\/sch-www.jpg\"><img loading=\"lazy\" decoding=\"async\" class=\"alignnone size-full wp-image-9742\" src=\"https:\/\/marekkuchcinski.pl\/wp-content\/uploads\/2018\/06\/sch-www.jpg\" alt=\"sch www\" width=\"4210\" height=\"2670\" srcset=\"https:\/\/marekkuchcinski.pl\/wp-content\/uploads\/2018\/06\/sch-www.jpg 2048w, https:\/\/marekkuchcinski.pl\/wp-content\/uploads\/2018\/06\/sch-www-300x190.jpg 300w, https:\/\/marekkuchcinski.pl\/wp-content\/uploads\/2018\/06\/sch-www-768x487.jpg 768w, https:\/\/marekkuchcinski.pl\/wp-content\/uploads\/2018\/06\/sch-www-1024x649.jpg 1024w\" sizes=\"(max-width: 4210px) 100vw, 4210px\" \/><\/a><\/p>","protected":false},"excerpt":{"rendered":"<p>To dobry czas, by\u015bmy zintensyfikowali wsp\u00f3\u0142prac\u0119 pomi\u0119dzy naszymi parlamentami. Kwestie porz\u0105dkuj\u0105ce, usprawniaj\u0105ce prace parlament\u00f3w pa\u0144stw cz\u0142onkowskich w UE s\u0105 tutaj zasadnicz\u0105 recept\u0105 na zwi\u0119kszenia tak\u017ce zaufania wobec UE \u2013 powiedzia\u0142 marsza\u0142ek Sejmu po spotkaniu z przewodnicz\u0105cym Bundestagu Wolfgangiem Sch\u00e4uble. Podkre\u015bli\u0142 tak\u017ce, \u017ce nale\u017cy rozwin\u0105\u0107 wsp\u00f3\u0142prac\u0119 pomi\u0119dzy parlamentami narodowymi a Parlamentem Europejskim i zastanowi\u0107 si\u0119 nad [&hellip;]<\/p>","protected":false},"author":6,"featured_media":9746,"comment_status":"open","ping_status":"open","sticky":false,"template":"","format":"standard","meta":{"ngg_post_thumbnail":0,"footnotes":""},"categories":[50,3],"tags":[],"class_list":["post-9737","post","type-post","status-publish","format-standard","has-post-thumbnail","hentry","category-wspolpraca-miedzynarodowa","category-wydarzenia"],"yoast_head":"<!-- This site is optimized with the Yoast SEO plugin v24.7 - https:\/\/yoast.com\/wordpress\/plugins\/seo\/ -->\n<title>Marsza\u0142ek Sejmu: Opowiadam si\u0119 za lepsz\u0105 wsp\u00f3\u0142prac\u0105 pomi\u0119dzy PE a parlamentami narodowymi &#8211; Marek Kuchci\u0144ski<\/title>\n<meta name=\"robots\" content=\"index, follow, max-snippet:-1, max-image-preview:large, max-video-preview:-1\" \/>\n<link rel=\"canonical\" href=\"https:\/\/marekkuchcinski.pl\/en\/wydarzenia\/marszalek-sejmu-opowiadam-sie-lepsza-wspolpraca-pomiedzy-pe-a-parlamentami-narodowymi\/\" \/>\n<meta property=\"og:locale\" content=\"en_GB\" \/>\n<meta property=\"og:type\" content=\"article\" \/>\n<meta property=\"og:title\" content=\"Marsza\u0142ek Sejmu: Opowiadam si\u0119 za lepsz\u0105 wsp\u00f3\u0142prac\u0105 pomi\u0119dzy PE a parlamentami narodowymi &#8211; Marek Kuchci\u0144ski\" \/>\n<meta property=\"og:description\" content=\"To dobry czas, by\u015bmy zintensyfikowali wsp\u00f3\u0142prac\u0119 pomi\u0119dzy naszymi parlamentami. Kwestie porz\u0105dkuj\u0105ce, usprawniaj\u0105ce prace parlament\u00f3w pa\u0144stw cz\u0142onkowskich w UE s\u0105 tutaj zasadnicz\u0105 recept\u0105 na zwi\u0119kszenia tak\u017ce zaufania wobec UE \u2013 powiedzia\u0142 marsza\u0142ek Sejmu po spotkaniu z przewodnicz\u0105cym Bundestagu Wolfgangiem Sch\u00e4uble. Podkre\u015bli\u0142 tak\u017ce, \u017ce nale\u017cy rozwin\u0105\u0107 wsp\u00f3\u0142prac\u0119 pomi\u0119dzy parlamentami narodowymi a Parlamentem Europejskim i zastanowi\u0107 si\u0119 nad [&hellip;]\" \/>\n<meta property=\"og:url\" content=\"https:\/\/marekkuchcinski.pl\/en\/wydarzenia\/marszalek-sejmu-opowiadam-sie-lepsza-wspolpraca-pomiedzy-pe-a-parlamentami-narodowymi\/\" \/>\n<meta property=\"og:site_name\" content=\"Marek Kuchci\u0144ski\" \/>\n<meta property=\"article:published_time\" content=\"2018-06-25T14:01:20+00:00\" \/>\n<meta property=\"article:modified_time\" content=\"2018-06-25T14:03:57+00:00\" \/>\n<meta property=\"og:image\" content=\"https:\/\/marekkuchcinski.pl\/wp-content\/uploads\/2018\/06\/schtt-2.jpg\" \/>\n\t<meta property=\"og:image:width\" content=\"1901\" \/>\n\t<meta property=\"og:image:height\" content=\"1246\" \/>\n\t<meta property=\"og:image:type\" content=\"image\/jpeg\" \/>\n<meta name=\"author\" content=\"admin\" \/>\n<meta name=\"twitter:card\" content=\"summary_large_image\" \/>\n<meta name=\"twitter:label1\" content=\"Written by\" \/>\n\t<meta name=\"twitter:data1\" content=\"admin\" \/>\n\t<meta name=\"twitter:label2\" content=\"Estimated reading time\" \/>\n\t<meta name=\"twitter:data2\" content=\"1 minute\" \/>\n<script type=\"application\/ld+json\" class=\"yoast-schema-graph\">{\"@context\":\"https:\/\/schema.org\",\"@graph\":[{\"@type\":\"Article\",\"@id\":\"https:\/\/marekkuchcinski.pl\/en\/wydarzenia\/marszalek-sejmu-opowiadam-sie-lepsza-wspolpraca-pomiedzy-pe-a-parlamentami-narodowymi\/#article\",\"isPartOf\":{\"@id\":\"https:\/\/marekkuchcinski.pl\/en\/wydarzenia\/marszalek-sejmu-opowiadam-sie-lepsza-wspolpraca-pomiedzy-pe-a-parlamentami-narodowymi\/\"},\"author\":{\"name\":\"admin\",\"@id\":\"https:\/\/marekkuchcinski.pl\/#\/schema\/person\/6f62700996b4d950b6ea2d1183b6c6be\"},\"headline\":\"Marsza\u0142ek Sejmu: Opowiadam si\u0119 za lepsz\u0105 wsp\u00f3\u0142prac\u0105 pomi\u0119dzy PE a parlamentami narodowymi\",\"datePublished\":\"2018-06-25T14:01:20+00:00\",\"dateModified\":\"2018-06-25T14:03:57+00:00\",\"mainEntityOfPage\":{\"@id\":\"https:\/\/marekkuchcinski.pl\/en\/wydarzenia\/marszalek-sejmu-opowiadam-sie-lepsza-wspolpraca-pomiedzy-pe-a-parlamentami-narodowymi\/\"},\"wordCount\":191,\"commentCount\":0,\"publisher\":{\"@id\":\"https:\/\/marekkuchcinski.pl\/#organization\"},\"image\":{\"@id\":\"https:\/\/marekkuchcinski.pl\/en\/wydarzenia\/marszalek-sejmu-opowiadam-sie-lepsza-wspolpraca-pomiedzy-pe-a-parlamentami-narodowymi\/#primaryimage\"},\"thumbnailUrl\":\"https:\/\/marekkuchcinski.pl\/wp-content\/uploads\/2018\/06\/schtt-2.jpg\",\"articleSection\":[\"Wsp\u00f3\u0142praca mi\u0119dzynarodowa\",\"Wydarzenia\"],\"inLanguage\":\"en-GB\",\"potentialAction\":[{\"@type\":\"CommentAction\",\"name\":\"Comment\",\"target\":[\"https:\/\/marekkuchcinski.pl\/en\/wydarzenia\/marszalek-sejmu-opowiadam-sie-lepsza-wspolpraca-pomiedzy-pe-a-parlamentami-narodowymi\/#respond\"]}]},{\"@type\":\"WebPage\",\"@id\":\"https:\/\/marekkuchcinski.pl\/en\/wydarzenia\/marszalek-sejmu-opowiadam-sie-lepsza-wspolpraca-pomiedzy-pe-a-parlamentami-narodowymi\/\",\"url\":\"https:\/\/marekkuchcinski.pl\/en\/wydarzenia\/marszalek-sejmu-opowiadam-sie-lepsza-wspolpraca-pomiedzy-pe-a-parlamentami-narodowymi\/\",\"name\":\"Marsza\u0142ek Sejmu: Opowiadam si\u0119 za lepsz\u0105 wsp\u00f3\u0142prac\u0105 pomi\u0119dzy PE a parlamentami narodowymi &#8211; Marek Kuchci\u0144ski\",\"isPartOf\":{\"@id\":\"https:\/\/marekkuchcinski.pl\/#website\"},\"primaryImageOfPage\":{\"@id\":\"https:\/\/marekkuchcinski.pl\/en\/wydarzenia\/marszalek-sejmu-opowiadam-sie-lepsza-wspolpraca-pomiedzy-pe-a-parlamentami-narodowymi\/#primaryimage\"},\"image\":{\"@id\":\"https:\/\/marekkuchcinski.pl\/en\/wydarzenia\/marszalek-sejmu-opowiadam-sie-lepsza-wspolpraca-pomiedzy-pe-a-parlamentami-narodowymi\/#primaryimage\"},\"thumbnailUrl\":\"https:\/\/marekkuchcinski.pl\/wp-content\/uploads\/2018\/06\/schtt-2.jpg\",\"datePublished\":\"2018-06-25T14:01:20+00:00\",\"dateModified\":\"2018-06-25T14:03:57+00:00\",\"breadcrumb\":{\"@id\":\"https:\/\/marekkuchcinski.pl\/en\/wydarzenia\/marszalek-sejmu-opowiadam-sie-lepsza-wspolpraca-pomiedzy-pe-a-parlamentami-narodowymi\/#breadcrumb\"},\"inLanguage\":\"en-GB\",\"potentialAction\":[{\"@type\":\"ReadAction\",\"target\":[\"https:\/\/marekkuchcinski.pl\/en\/wydarzenia\/marszalek-sejmu-opowiadam-sie-lepsza-wspolpraca-pomiedzy-pe-a-parlamentami-narodowymi\/\"]}]},{\"@type\":\"ImageObject\",\"inLanguage\":\"en-GB\",\"@id\":\"https:\/\/marekkuchcinski.pl\/en\/wydarzenia\/marszalek-sejmu-opowiadam-sie-lepsza-wspolpraca-pomiedzy-pe-a-parlamentami-narodowymi\/#primaryimage\",\"url\":\"https:\/\/marekkuchcinski.pl\/wp-content\/uploads\/2018\/06\/schtt-2.jpg\",\"contentUrl\":\"https:\/\/marekkuchcinski.pl\/wp-content\/uploads\/2018\/06\/schtt-2.jpg\",\"width\":1901,\"height\":1246},{\"@type\":\"BreadcrumbList\",\"@id\":\"https:\/\/marekkuchcinski.pl\/en\/wydarzenia\/marszalek-sejmu-opowiadam-sie-lepsza-wspolpraca-pomiedzy-pe-a-parlamentami-narodowymi\/#breadcrumb\",\"itemListElement\":[{\"@type\":\"ListItem\",\"position\":1,\"name\":\"Strona g\u0142\u00f3wna\",\"item\":\"https:\/\/marekkuchcinski.pl\/\"},{\"@type\":\"ListItem\",\"position\":2,\"name\":\"Marsza\u0142ek Sejmu: Opowiadam si\u0119 za lepsz\u0105 wsp\u00f3\u0142prac\u0105 pomi\u0119dzy PE a parlamentami narodowymi\"}]},{\"@type\":\"WebSite\",\"@id\":\"https:\/\/marekkuchcinski.pl\/#website\",\"url\":\"https:\/\/marekkuchcinski.pl\/\",\"name\":\"Marek Kuchci\u0144ski\",\"description\":\"Pose\u0142 na sejm RP &ndash; okr\u0119g nr 22\",\"publisher\":{\"@id\":\"https:\/\/marekkuchcinski.pl\/#organization\"},\"potentialAction\":[{\"@type\":\"SearchAction\",\"target\":{\"@type\":\"EntryPoint\",\"urlTemplate\":\"https:\/\/marekkuchcinski.pl\/?s={search_term_string}\"},\"query-input\":{\"@type\":\"PropertyValueSpecification\",\"valueRequired\":true,\"valueName\":\"search_term_string\"}}],\"inLanguage\":\"en-GB\"},{\"@type\":\"Organization\",\"@id\":\"https:\/\/marekkuchcinski.pl\/#organization\",\"name\":\"Marek Kuchci\u0144ski\",\"url\":\"https:\/\/marekkuchcinski.pl\/\",\"logo\":{\"@type\":\"ImageObject\",\"inLanguage\":\"en-GB\",\"@id\":\"https:\/\/marekkuchcinski.pl\/#\/schema\/logo\/image\/\",\"url\":\"https:\/\/marekkuchcinski.pl\/wp-content\/uploads\/2022\/09\/Marek.jpg\",\"contentUrl\":\"https:\/\/marekkuchcinski.pl\/wp-content\/uploads\/2022\/09\/Marek.jpg\",\"width\":1600,\"height\":971,\"caption\":\"Marek Kuchci\u0144ski\"},\"image\":{\"@id\":\"https:\/\/marekkuchcinski.pl\/#\/schema\/logo\/image\/\"}},{\"@type\":\"Person\",\"@id\":\"https:\/\/marekkuchcinski.pl\/#\/schema\/person\/6f62700996b4d950b6ea2d1183b6c6be\",\"name\":\"admin\",\"image\":{\"@type\":\"ImageObject\",\"inLanguage\":\"en-GB\",\"@id\":\"https:\/\/marekkuchcinski.pl\/#\/schema\/person\/image\/\",\"url\":\"https:\/\/secure.gravatar.com\/avatar\/4bab693b9d55c3d6b52c0296a8765085?s=96&d=mm&r=g\",\"contentUrl\":\"https:\/\/secure.gravatar.com\/avatar\/4bab693b9d55c3d6b52c0296a8765085?s=96&d=mm&r=g\",\"caption\":\"admin\"},\"url\":\"https:\/\/marekkuchcinski.pl\/en\/author\/marta-olejnik\/\"}]}<\/script>\n<!-- \/ Yoast SEO plugin. -->","yoast_head_json":{"title":"Marsza\u0142ek Sejmu: Opowiadam si\u0119 za lepsz\u0105 wsp\u00f3\u0142prac\u0105 pomi\u0119dzy PE a parlamentami narodowymi &#8211; Marek Kuchci\u0144ski","robots":{"index":"index","follow":"follow","max-snippet":"max-snippet:-1","max-image-preview":"max-image-preview:large","max-video-preview":"max-video-preview:-1"},"canonical":"https:\/\/marekkuchcinski.pl\/en\/wydarzenia\/marszalek-sejmu-opowiadam-sie-lepsza-wspolpraca-pomiedzy-pe-a-parlamentami-narodowymi\/","og_locale":"en_GB","og_type":"article","og_title":"Marsza\u0142ek Sejmu: Opowiadam si\u0119 za lepsz\u0105 wsp\u00f3\u0142prac\u0105 pomi\u0119dzy PE a parlamentami narodowymi &#8211; Marek Kuchci\u0144ski","og_description":"To dobry czas, by\u015bmy zintensyfikowali wsp\u00f3\u0142prac\u0119 pomi\u0119dzy naszymi parlamentami. Kwestie porz\u0105dkuj\u0105ce, usprawniaj\u0105ce prace parlament\u00f3w pa\u0144stw cz\u0142onkowskich w UE s\u0105 tutaj zasadnicz\u0105 recept\u0105 na zwi\u0119kszenia tak\u017ce zaufania wobec UE \u2013 powiedzia\u0142 marsza\u0142ek Sejmu po spotkaniu z przewodnicz\u0105cym Bundestagu Wolfgangiem Sch\u00e4uble. Podkre\u015bli\u0142 tak\u017ce, \u017ce nale\u017cy rozwin\u0105\u0107 wsp\u00f3\u0142prac\u0119 pomi\u0119dzy parlamentami narodowymi a Parlamentem Europejskim i zastanowi\u0107 si\u0119 nad [&hellip;]","og_url":"https:\/\/marekkuchcinski.pl\/en\/wydarzenia\/marszalek-sejmu-opowiadam-sie-lepsza-wspolpraca-pomiedzy-pe-a-parlamentami-narodowymi\/","og_site_name":"Marek Kuchci\u0144ski","article_published_time":"2018-06-25T14:01:20+00:00","article_modified_time":"2018-06-25T14:03:57+00:00","og_image":[{"width":1901,"height":1246,"url":"https:\/\/marekkuchcinski.pl\/wp-content\/uploads\/2018\/06\/schtt-2.jpg","type":"image\/jpeg"}],"author":"admin","twitter_card":"summary_large_image","twitter_misc":{"Written by":"admin","Estimated reading time":"1 minute"},"schema":{"@context":"https:\/\/schema.org","@graph":[{"@type":"Article","@id":"https:\/\/marekkuchcinski.pl\/en\/wydarzenia\/marszalek-sejmu-opowiadam-sie-lepsza-wspolpraca-pomiedzy-pe-a-parlamentami-narodowymi\/#article","isPartOf":{"@id":"https:\/\/marekkuchcinski.pl\/en\/wydarzenia\/marszalek-sejmu-opowiadam-sie-lepsza-wspolpraca-pomiedzy-pe-a-parlamentami-narodowymi\/"},"author":{"name":"admin","@id":"https:\/\/marekkuchcinski.pl\/#\/schema\/person\/6f62700996b4d950b6ea2d1183b6c6be"},"headline":"Marsza\u0142ek Sejmu: Opowiadam si\u0119 za lepsz\u0105 wsp\u00f3\u0142prac\u0105 pomi\u0119dzy PE a parlamentami narodowymi","datePublished":"2018-06-25T14:01:20+00:00","dateModified":"2018-06-25T14:03:57+00:00","mainEntityOfPage":{"@id":"https:\/\/marekkuchcinski.pl\/en\/wydarzenia\/marszalek-sejmu-opowiadam-sie-lepsza-wspolpraca-pomiedzy-pe-a-parlamentami-narodowymi\/"},"wordCount":191,"commentCount":0,"publisher":{"@id":"https:\/\/marekkuchcinski.pl\/#organization"},"image":{"@id":"https:\/\/marekkuchcinski.pl\/en\/wydarzenia\/marszalek-sejmu-opowiadam-sie-lepsza-wspolpraca-pomiedzy-pe-a-parlamentami-narodowymi\/#primaryimage"},"thumbnailUrl":"https:\/\/marekkuchcinski.pl\/wp-content\/uploads\/2018\/06\/schtt-2.jpg","articleSection":["Wsp\u00f3\u0142praca mi\u0119dzynarodowa","Wydarzenia"],"inLanguage":"en-GB","potentialAction":[{"@type":"CommentAction","name":"Comment","target":["https:\/\/marekkuchcinski.pl\/en\/wydarzenia\/marszalek-sejmu-opowiadam-sie-lepsza-wspolpraca-pomiedzy-pe-a-parlamentami-narodowymi\/#respond"]}]},{"@type":"WebPage","@id":"https:\/\/marekkuchcinski.pl\/en\/wydarzenia\/marszalek-sejmu-opowiadam-sie-lepsza-wspolpraca-pomiedzy-pe-a-parlamentami-narodowymi\/","url":"https:\/\/marekkuchcinski.pl\/en\/wydarzenia\/marszalek-sejmu-opowiadam-sie-lepsza-wspolpraca-pomiedzy-pe-a-parlamentami-narodowymi\/","name":"Marsza\u0142ek Sejmu: Opowiadam si\u0119 za lepsz\u0105 wsp\u00f3\u0142prac\u0105 pomi\u0119dzy PE a parlamentami narodowymi &#8211; Marek Kuchci\u0144ski","isPartOf":{"@id":"https:\/\/marekkuchcinski.pl\/#website"},"primaryImageOfPage":{"@id":"https:\/\/marekkuchcinski.pl\/en\/wydarzenia\/marszalek-sejmu-opowiadam-sie-lepsza-wspolpraca-pomiedzy-pe-a-parlamentami-narodowymi\/#primaryimage"},"image":{"@id":"https:\/\/marekkuchcinski.pl\/en\/wydarzenia\/marszalek-sejmu-opowiadam-sie-lepsza-wspolpraca-pomiedzy-pe-a-parlamentami-narodowymi\/#primaryimage"},"thumbnailUrl":"https:\/\/marekkuchcinski.pl\/wp-content\/uploads\/2018\/06\/schtt-2.jpg","datePublished":"2018-06-25T14:01:20+00:00","dateModified":"2018-06-25T14:03:57+00:00","breadcrumb":{"@id":"https:\/\/marekkuchcinski.pl\/en\/wydarzenia\/marszalek-sejmu-opowiadam-sie-lepsza-wspolpraca-pomiedzy-pe-a-parlamentami-narodowymi\/#breadcrumb"},"inLanguage":"en-GB","potentialAction":[{"@type":"ReadAction","target":["https:\/\/marekkuchcinski.pl\/en\/wydarzenia\/marszalek-sejmu-opowiadam-sie-lepsza-wspolpraca-pomiedzy-pe-a-parlamentami-narodowymi\/"]}]},{"@type":"ImageObject","inLanguage":"en-GB","@id":"https:\/\/marekkuchcinski.pl\/en\/wydarzenia\/marszalek-sejmu-opowiadam-sie-lepsza-wspolpraca-pomiedzy-pe-a-parlamentami-narodowymi\/#primaryimage","url":"https:\/\/marekkuchcinski.pl\/wp-content\/uploads\/2018\/06\/schtt-2.jpg","contentUrl":"https:\/\/marekkuchcinski.pl\/wp-content\/uploads\/2018\/06\/schtt-2.jpg","width":1901,"height":1246},{"@type":"BreadcrumbList","@id":"https:\/\/marekkuchcinski.pl\/en\/wydarzenia\/marszalek-sejmu-opowiadam-sie-lepsza-wspolpraca-pomiedzy-pe-a-parlamentami-narodowymi\/#breadcrumb","itemListElement":[{"@type":"ListItem","position":1,"name":"Strona g\u0142\u00f3wna","item":"https:\/\/marekkuchcinski.pl\/"},{"@type":"ListItem","position":2,"name":"Marsza\u0142ek Sejmu: Opowiadam si\u0119 za lepsz\u0105 wsp\u00f3\u0142prac\u0105 pomi\u0119dzy PE a parlamentami narodowymi"}]},{"@type":"WebSite","@id":"https:\/\/marekkuchcinski.pl\/#website","url":"https:\/\/marekkuchcinski.pl\/","name":"Marek Kuchci\u0144ski","description":"Pose\u0142 na sejm RP &ndash; okr\u0119g nr 22","publisher":{"@id":"https:\/\/marekkuchcinski.pl\/#organization"},"potentialAction":[{"@type":"SearchAction","target":{"@type":"EntryPoint","urlTemplate":"https:\/\/marekkuchcinski.pl\/?s={search_term_string}"},"query-input":{"@type":"PropertyValueSpecification","valueRequired":true,"valueName":"search_term_string"}}],"inLanguage":"en-GB"},{"@type":"Organization","@id":"https:\/\/marekkuchcinski.pl\/#organization","name":"Marek Kuchci\u0144ski","url":"https:\/\/marekkuchcinski.pl\/","logo":{"@type":"ImageObject","inLanguage":"en-GB","@id":"https:\/\/marekkuchcinski.pl\/#\/schema\/logo\/image\/","url":"https:\/\/marekkuchcinski.pl\/wp-content\/uploads\/2022\/09\/Marek.jpg","contentUrl":"https:\/\/marekkuchcinski.pl\/wp-content\/uploads\/2022\/09\/Marek.jpg","width":1600,"height":971,"caption":"Marek Kuchci\u0144ski"},"image":{"@id":"https:\/\/marekkuchcinski.pl\/#\/schema\/logo\/image\/"}},{"@type":"Person","@id":"https:\/\/marekkuchcinski.pl\/#\/schema\/person\/6f62700996b4d950b6ea2d1183b6c6be","name":"admin","image":{"@type":"ImageObject","inLanguage":"en-GB","@id":"https:\/\/marekkuchcinski.pl\/#\/schema\/person\/image\/","url":"https:\/\/secure.gravatar.com\/avatar\/4bab693b9d55c3d6b52c0296a8765085?s=96&d=mm&r=g","contentUrl":"https:\/\/secure.gravatar.com\/avatar\/4bab693b9d55c3d6b52c0296a8765085?s=96&d=mm&r=g","caption":"admin"},"url":"https:\/\/marekkuchcinski.pl\/en\/author\/marta-olejnik\/"}]}},"_links":{"self":[{"href":"https:\/\/marekkuchcinski.pl\/en\/wp-json\/wp\/v2\/posts\/9737","targetHints":{"allow":["GET"]}}],"collection":[{"href":"https:\/\/marekkuchcinski.pl\/en\/wp-json\/wp\/v2\/posts"}],"about":[{"href":"https:\/\/marekkuchcinski.pl\/en\/wp-json\/wp\/v2\/types\/post"}],"author":[{"embeddable":true,"href":"https:\/\/marekkuchcinski.pl\/en\/wp-json\/wp\/v2\/users\/6"}],"replies":[{"embeddable":true,"href":"https:\/\/marekkuchcinski.pl\/en\/wp-json\/wp\/v2\/comments?post=9737"}],"version-history":[{"count":3,"href":"https:\/\/marekkuchcinski.pl\/en\/wp-json\/wp\/v2\/posts\/9737\/revisions"}],"predecessor-version":[{"id":9745,"href":"https:\/\/marekkuchcinski.pl\/en\/wp-json\/wp\/v2\/posts\/9737\/revisions\/9745"}],"wp:featuredmedia":[{"embeddable":true,"href":"https:\/\/marekkuchcinski.pl\/en\/wp-json\/wp\/v2\/media\/9746"}],"wp:attachment":[{"href":"https:\/\/marekkuchcinski.pl\/en\/wp-json\/wp\/v2\/media?parent=9737"}],"wp:term":[{"taxonomy":"category","embeddable":true,"href":"https:\/\/marekkuchcinski.pl\/en\/wp-json\/wp\/v2\/categories?post=9737"},{"taxonomy":"post_tag","embeddable":true,"href":"https:\/\/marekkuchcinski.pl\/en\/wp-json\/wp\/v2\/tags?post=9737"}],"curies":[{"name":"wp","href":"https:\/\/api.w.org\/{rel}","templated":true}]}}