{"id":9730,"date":"2018-06-18T16:25:00","date_gmt":"2018-06-18T14:25:00","guid":{"rendered":"https:\/\/marekkuchcinski.pl\/?p=9730"},"modified":"2018-06-18T16:27:21","modified_gmt":"2018-06-18T14:27:21","slug":"szczecinie-stanal-pomnik-upamietniajacy-prezydenta-lecha-kaczynskiego","status":"publish","type":"post","link":"https:\/\/marekkuchcinski.pl\/en\/wydarzenia\/szczecinie-stanal-pomnik-upamietniajacy-prezydenta-lecha-kaczynskiego\/","title":{"rendered":"A monument commemorating President Lech Kaczy\u0144ski was erected in Szczecin"},"content":{"rendered":"<p>Service to Poland was the essence of his life. He fought for Poland's independence and sovereignty as a member of the democratic opposition, the Workers' Defence Committee and the Solidarity Trade Union, of which he was vice chairman,\" said Marek Kuchci\u0144ski, Speaker of the Sejm, about Lech Kaczy\u0144ski. - He had his own vision of Poland - a just, safe country, rich with its citizens, well-managed, law-abiding and proud of its history and its status in the world. His most important message was persistent work for the common good, for the nation, in the interest of the Republic and its raison d'etre. He believed that politics is a service for and on behalf of all citizens. His mission, tragically interrupted, changed the course of history of our homeland. After 2010, the absence of our president became noticeable. The awareness of the unfinished work remained among us\", said the Marshal.<\/p>\n<p>Marek Kuchci\u0144ski thanked the citizens of Szczecin for remembering the life, thoughts and work of the late President Prof. Lech Kaczy\u0144ski and wished them to be faithful to his message. - I also wish prosperity to the people of this region, repeating after President Lech Kaczy\u0144ski: \"A strong Szczecin, a strong Western Pomerania is the Polish raison d'\u00e9tat\".<\/p>\n<p>The ceremony was also attended by Deputy Speaker of the Sejm Beata Mazurek, Prime Minister Mateusz Morawiecki, parliamentarians, ministers. A letter from PiS President Jaroslaw Kaczynski was read by ON Minister Mariusz Blaszczak.<\/p>\n<p><a href=\"https:\/\/marekkuchcinski.pl\/wp-content\/uploads\/2018\/06\/lk1.jpg\"><img fetchpriority=\"high\" decoding=\"async\" class=\"alignnone size-full wp-image-9731\" src=\"https:\/\/marekkuchcinski.pl\/wp-content\/uploads\/2018\/06\/lk1.jpg\" alt=\"lk1\" width=\"4032\" height=\"3024\" srcset=\"https:\/\/marekkuchcinski.pl\/wp-content\/uploads\/2018\/06\/lk1.jpg 2048w, https:\/\/marekkuchcinski.pl\/wp-content\/uploads\/2018\/06\/lk1-300x225.jpg 300w, https:\/\/marekkuchcinski.pl\/wp-content\/uploads\/2018\/06\/lk1-768x576.jpg 768w, https:\/\/marekkuchcinski.pl\/wp-content\/uploads\/2018\/06\/lk1-1024x768.jpg 1024w\" sizes=\"(max-width: 4032px) 100vw, 4032px\" \/><\/a> <a href=\"https:\/\/marekkuchcinski.pl\/wp-content\/uploads\/2018\/06\/lk2.jpg\"><img decoding=\"async\" class=\"alignnone size-full wp-image-9732\" src=\"https:\/\/marekkuchcinski.pl\/wp-content\/uploads\/2018\/06\/lk2.jpg\" alt=\"lk2\" width=\"3483\" height=\"2547\" srcset=\"https:\/\/marekkuchcinski.pl\/wp-content\/uploads\/2018\/06\/lk2.jpg 2048w, https:\/\/marekkuchcinski.pl\/wp-content\/uploads\/2018\/06\/lk2-300x219.jpg 300w, https:\/\/marekkuchcinski.pl\/wp-content\/uploads\/2018\/06\/lk2-768x562.jpg 768w, https:\/\/marekkuchcinski.pl\/wp-content\/uploads\/2018\/06\/lk2-1024x749.jpg 1024w\" sizes=\"(max-width: 3483px) 100vw, 3483px\" \/><\/a> <a href=\"https:\/\/marekkuchcinski.pl\/wp-content\/uploads\/2018\/06\/lk3.jpg\"><img decoding=\"async\" class=\"alignnone size-full wp-image-9733\" src=\"https:\/\/marekkuchcinski.pl\/wp-content\/uploads\/2018\/06\/lk3.jpg\" alt=\"lk3\" width=\"3926\" height=\"2784\" srcset=\"https:\/\/marekkuchcinski.pl\/wp-content\/uploads\/2018\/06\/lk3.jpg 2048w, https:\/\/marekkuchcinski.pl\/wp-content\/uploads\/2018\/06\/lk3-300x213.jpg 300w, https:\/\/marekkuchcinski.pl\/wp-content\/uploads\/2018\/06\/lk3-768x545.jpg 768w, https:\/\/marekkuchcinski.pl\/wp-content\/uploads\/2018\/06\/lk3-1024x726.jpg 1024w\" sizes=\"(max-width: 3926px) 100vw, 3926px\" \/><\/a><\/p>","protected":false},"excerpt":{"rendered":"<p>S\u0142u\u017cba Polsce by\u0142a tre\u015bci\u0105 jego \u017cycia. Walczy\u0142 o jej niepodleg\u0142o\u015b\u0107 i suwerenno\u015b\u0107, b\u0119d\u0105c cz\u0142onkiem opozycji demokratycznej \u2013 KOR i NSZZ \u201eSolidarno\u015b\u0107\u201d, kt\u00f3rej by\u0142 wiceprzewodnicz\u0105cym \u2013 powiedzia\u0142 o Lechu Kaczy\u0144skim marsza\u0142ek Sejmu Marek Kuchci\u0144ski.\u00a0\u2013 Mia\u0142 swoj\u0105 wizj\u0119 Polski \u2013 pa\u0144stwa sprawiedliwego, bezpiecznego, bogatego jej obywatelami, dobrze zarz\u0105dzanego, praworz\u0105dnego i dumnego z w\u0142asnej historii i swojego statusu [&hellip;]<\/p>\n","protected":false},"author":6,"featured_media":9732,"comment_status":"open","ping_status":"open","sticky":false,"template":"","format":"standard","meta":{"ngg_post_thumbnail":0,"footnotes":""},"categories":[3],"tags":[],"class_list":["post-9730","post","type-post","status-publish","format-standard","has-post-thumbnail","hentry","category-wydarzenia"],"_links":{"self":[{"href":"https:\/\/marekkuchcinski.pl\/en\/wp-json\/wp\/v2\/posts\/9730","targetHints":{"allow":["GET"]}}],"collection":[{"href":"https:\/\/marekkuchcinski.pl\/en\/wp-json\/wp\/v2\/posts"}],"about":[{"href":"https:\/\/marekkuchcinski.pl\/en\/wp-json\/wp\/v2\/types\/post"}],"author":[{"embeddable":true,"href":"https:\/\/marekkuchcinski.pl\/en\/wp-json\/wp\/v2\/users\/6"}],"replies":[{"embeddable":true,"href":"https:\/\/marekkuchcinski.pl\/en\/wp-json\/wp\/v2\/comments?post=9730"}],"version-history":[{"count":2,"href":"https:\/\/marekkuchcinski.pl\/en\/wp-json\/wp\/v2\/posts\/9730\/revisions"}],"predecessor-version":[{"id":9736,"href":"https:\/\/marekkuchcinski.pl\/en\/wp-json\/wp\/v2\/posts\/9730\/revisions\/9736"}],"wp:featuredmedia":[{"embeddable":true,"href":"https:\/\/marekkuchcinski.pl\/en\/wp-json\/wp\/v2\/media\/9732"}],"wp:attachment":[{"href":"https:\/\/marekkuchcinski.pl\/en\/wp-json\/wp\/v2\/media?parent=9730"}],"wp:term":[{"taxonomy":"category","embeddable":true,"href":"https:\/\/marekkuchcinski.pl\/en\/wp-json\/wp\/v2\/categories?post=9730"},{"taxonomy":"post_tag","embeddable":true,"href":"https:\/\/marekkuchcinski.pl\/en\/wp-json\/wp\/v2\/tags?post=9730"}],"curies":[{"name":"wp","href":"https:\/\/api.w.org\/{rel}","templated":true}]}}