{"id":9678,"date":"2018-06-14T11:14:58","date_gmt":"2018-06-14T09:14:58","guid":{"rendered":"https:\/\/marekkuchcinski.pl\/?p=9678"},"modified":"2018-06-14T12:23:11","modified_gmt":"2018-06-14T10:23:11","slug":"swieto-sluzby-ochrony-panstwa-udzialem-marszalka-sejmu","status":"publish","type":"post","link":"https:\/\/marekkuchcinski.pl\/en\/wydarzenia\/swieto-sluzby-ochrony-panstwa-udzialem-marszalka-sejmu\/","title":{"rendered":"Celebration of State Protection Service with the participation of the Speaker of the Sejm"},"content":{"rendered":"<p dir=\"ltr\">I wanted to thank you personally, because today I am among those who are protected by you every day. I know very well that this is difficult. It is difficult for you who serve in my direct protection, but it is also difficult for me, because it is not easy to be surrounded by people who have insight into your private life - said President Andrzej Duda during today's celebrations at the Belvedere. On Tuesday noon, in addition to the head of state, the SOP holiday was also attended by Sejm Speaker Marek Kuchci\u0144ski, Senate Speaker Stanis\u0142aw Karczewski, Minister of Internal Affairs and Administration Joachim Brudzi\u0144ski and Head of the National Security Bureau Pawe\u0142 Soloch. \"All the best to the officers of the State Protection Service. Special greetings to my entire team,\" - Marek Kuchci\u0144ski wrote on Twitter.<\/p>\n<p dir=\"ltr\">During the celebrations national decorations - Medals for Long Service - were awarded to distinguished officers, promotions to higher ranks. The oath of newly recruited officers was also held.<\/p>\n<p dir=\"ltr\">Joachim Brudzi\u0144ski, head of the Ministry of Internal Affairs and Administration, emphasized in his speech that \"this day will certainly go down in history, because for the first time the officers celebrate this holiday as the State Protection Service. - The place where we met is also no coincidence. The Belvedere was and is the seat of the most important person in the country. Today the first group of newly recruited officers took the oath on the new banner. Dear officers, from now on it will accompany you. It is very important that it bears the words referring to the service to Poland: God, Honour, Homeland - emphasized Minister Brudzi\u0144ski.<\/p>\n<p dir=\"ltr\">During the celebrations, a letter from Prime Minister Mateusz Morawiecki was read out. In it, the Prime Minister noted that the SOP holiday is a special event \"as we celebrate it aware of the changes that are taking place in your formation. I assure all those gathered of my respect and sincere remembrance\".<\/p>\n<p dir=\"ltr\">On February 1, a law came into force that established the State Protection Service in place of the Government Protection Bureau. The tasks of the SOP are not limited only to the protection of VIPs and the most important objects. The new service also has tasks involving the identification and prevention of crimes against, among others, Poland, life or health, public safety, safety in communications, public order, assaults and active assault, directed against the protected persons and the security of protected facilities.<\/p>\n<p dir=\"ltr\"><em>text: Seym\/CIS<\/em><\/p>\n<p dir=\"ltr\"><em>photo: P. Kula<\/em><\/p>\n<p><a href=\"https:\/\/marekkuchcinski.pl\/wp-content\/uploads\/2018\/06\/IMG_9648.jpg\"><img fetchpriority=\"high\" decoding=\"async\" class=\"alignnone size-full wp-image-9679\" src=\"https:\/\/marekkuchcinski.pl\/wp-content\/uploads\/2018\/06\/IMG_9648.jpg\" alt=\"IMG_9648\" width=\"4393\" height=\"2589\" srcset=\"https:\/\/marekkuchcinski.pl\/wp-content\/uploads\/2018\/06\/IMG_9648.jpg 2048w, https:\/\/marekkuchcinski.pl\/wp-content\/uploads\/2018\/06\/IMG_9648-300x177.jpg 300w, https:\/\/marekkuchcinski.pl\/wp-content\/uploads\/2018\/06\/IMG_9648-768x453.jpg 768w, https:\/\/marekkuchcinski.pl\/wp-content\/uploads\/2018\/06\/IMG_9648-1024x603.jpg 1024w\" sizes=\"(max-width: 4393px) 100vw, 4393px\" \/><\/a> <a href=\"https:\/\/marekkuchcinski.pl\/wp-content\/uploads\/2018\/06\/IMG_9651.jpg\"><img decoding=\"async\" class=\"alignnone size-full wp-image-9681\" src=\"https:\/\/marekkuchcinski.pl\/wp-content\/uploads\/2018\/06\/IMG_9651.jpg\" alt=\"IMG_9651\" width=\"4168\" height=\"3068\" srcset=\"https:\/\/marekkuchcinski.pl\/wp-content\/uploads\/2018\/06\/IMG_9651.jpg 2048w, https:\/\/marekkuchcinski.pl\/wp-content\/uploads\/2018\/06\/IMG_9651-300x221.jpg 300w, https:\/\/marekkuchcinski.pl\/wp-content\/uploads\/2018\/06\/IMG_9651-768x565.jpg 768w, https:\/\/marekkuchcinski.pl\/wp-content\/uploads\/2018\/06\/IMG_9651-1024x754.jpg 1024w\" sizes=\"(max-width: 4168px) 100vw, 4168px\" \/><\/a> <a href=\"https:\/\/marekkuchcinski.pl\/wp-content\/uploads\/2018\/06\/KU331837.jpg\"><img decoding=\"async\" class=\"alignnone size-full wp-image-9683\" src=\"https:\/\/marekkuchcinski.pl\/wp-content\/uploads\/2018\/06\/KU331837.jpg\" alt=\"KU331837\" width=\"2736\" height=\"1824\" srcset=\"https:\/\/marekkuchcinski.pl\/wp-content\/uploads\/2018\/06\/KU331837.jpg 2048w, https:\/\/marekkuchcinski.pl\/wp-content\/uploads\/2018\/06\/KU331837-300x200.jpg 300w, https:\/\/marekkuchcinski.pl\/wp-content\/uploads\/2018\/06\/KU331837-768x512.jpg 768w, https:\/\/marekkuchcinski.pl\/wp-content\/uploads\/2018\/06\/KU331837-1024x683.jpg 1024w\" sizes=\"(max-width: 2736px) 100vw, 2736px\" \/><\/a> <a href=\"https:\/\/marekkuchcinski.pl\/wp-content\/uploads\/2018\/06\/KU331847.jpg\"><img loading=\"lazy\" decoding=\"async\" class=\"alignnone size-full wp-image-9684\" src=\"https:\/\/marekkuchcinski.pl\/wp-content\/uploads\/2018\/06\/KU331847.jpg\" alt=\"KU331847\" width=\"2736\" height=\"1824\" srcset=\"https:\/\/marekkuchcinski.pl\/wp-content\/uploads\/2018\/06\/KU331847.jpg 2048w, https:\/\/marekkuchcinski.pl\/wp-content\/uploads\/2018\/06\/KU331847-300x200.jpg 300w, https:\/\/marekkuchcinski.pl\/wp-content\/uploads\/2018\/06\/KU331847-768x512.jpg 768w, https:\/\/marekkuchcinski.pl\/wp-content\/uploads\/2018\/06\/KU331847-1024x683.jpg 1024w\" sizes=\"(max-width: 2736px) 100vw, 2736px\" \/><\/a> <a href=\"https:\/\/marekkuchcinski.pl\/wp-content\/uploads\/2018\/06\/KU331921-1.jpg\"><img loading=\"lazy\" decoding=\"async\" class=\"alignnone size-full wp-image-9685\" src=\"https:\/\/marekkuchcinski.pl\/wp-content\/uploads\/2018\/06\/KU331921-1.jpg\" alt=\"KU331921 (1)\" width=\"2736\" height=\"1824\" srcset=\"https:\/\/marekkuchcinski.pl\/wp-content\/uploads\/2018\/06\/KU331921-1.jpg 2048w, https:\/\/marekkuchcinski.pl\/wp-content\/uploads\/2018\/06\/KU331921-1-300x200.jpg 300w, https:\/\/marekkuchcinski.pl\/wp-content\/uploads\/2018\/06\/KU331921-1-768x512.jpg 768w, https:\/\/marekkuchcinski.pl\/wp-content\/uploads\/2018\/06\/KU331921-1-1024x683.jpg 1024w\" sizes=\"(max-width: 2736px) 100vw, 2736px\" \/><\/a> <a href=\"https:\/\/marekkuchcinski.pl\/wp-content\/uploads\/2018\/06\/KU331962.jpg\"><img loading=\"lazy\" decoding=\"async\" class=\"alignnone size-full wp-image-9688\" src=\"https:\/\/marekkuchcinski.pl\/wp-content\/uploads\/2018\/06\/KU331962.jpg\" alt=\"KU331962\" width=\"2736\" height=\"1824\" srcset=\"https:\/\/marekkuchcinski.pl\/wp-content\/uploads\/2018\/06\/KU331962.jpg 2048w, https:\/\/marekkuchcinski.pl\/wp-content\/uploads\/2018\/06\/KU331962-300x200.jpg 300w, https:\/\/marekkuchcinski.pl\/wp-content\/uploads\/2018\/06\/KU331962-768x512.jpg 768w, https:\/\/marekkuchcinski.pl\/wp-content\/uploads\/2018\/06\/KU331962-1024x683.jpg 1024w\" sizes=\"(max-width: 2736px) 100vw, 2736px\" \/><\/a> <a href=\"https:\/\/marekkuchcinski.pl\/wp-content\/uploads\/2018\/06\/KU332034.jpg\"><img loading=\"lazy\" decoding=\"async\" class=\"alignnone size-full wp-image-9689\" src=\"https:\/\/marekkuchcinski.pl\/wp-content\/uploads\/2018\/06\/KU332034.jpg\" alt=\"KU332034\" width=\"2736\" height=\"1824\" srcset=\"https:\/\/marekkuchcinski.pl\/wp-content\/uploads\/2018\/06\/KU332034.jpg 2048w, https:\/\/marekkuchcinski.pl\/wp-content\/uploads\/2018\/06\/KU332034-300x200.jpg 300w, https:\/\/marekkuchcinski.pl\/wp-content\/uploads\/2018\/06\/KU332034-768x512.jpg 768w, https:\/\/marekkuchcinski.pl\/wp-content\/uploads\/2018\/06\/KU332034-1024x683.jpg 1024w\" sizes=\"(max-width: 2736px) 100vw, 2736px\" \/><\/a> <a href=\"https:\/\/marekkuchcinski.pl\/wp-content\/uploads\/2018\/06\/KU332182.jpg\"><img loading=\"lazy\" decoding=\"async\" class=\"alignnone size-full wp-image-9691\" src=\"https:\/\/marekkuchcinski.pl\/wp-content\/uploads\/2018\/06\/KU332182.jpg\" alt=\"KU332182\" width=\"2736\" height=\"1824\" srcset=\"https:\/\/marekkuchcinski.pl\/wp-content\/uploads\/2018\/06\/KU332182.jpg 2048w, https:\/\/marekkuchcinski.pl\/wp-content\/uploads\/2018\/06\/KU332182-300x200.jpg 300w, https:\/\/marekkuchcinski.pl\/wp-content\/uploads\/2018\/06\/KU332182-768x512.jpg 768w, https:\/\/marekkuchcinski.pl\/wp-content\/uploads\/2018\/06\/KU332182-1024x683.jpg 1024w\" sizes=\"(max-width: 2736px) 100vw, 2736px\" \/><\/a> <a href=\"https:\/\/marekkuchcinski.pl\/wp-content\/uploads\/2018\/06\/KU332339.jpg\"><img loading=\"lazy\" decoding=\"async\" class=\"alignnone size-full wp-image-9694\" src=\"https:\/\/marekkuchcinski.pl\/wp-content\/uploads\/2018\/06\/KU332339.jpg\" alt=\"KU332339\" width=\"2736\" height=\"1824\" srcset=\"https:\/\/marekkuchcinski.pl\/wp-content\/uploads\/2018\/06\/KU332339.jpg 2048w, https:\/\/marekkuchcinski.pl\/wp-content\/uploads\/2018\/06\/KU332339-300x200.jpg 300w, https:\/\/marekkuchcinski.pl\/wp-content\/uploads\/2018\/06\/KU332339-768x512.jpg 768w, https:\/\/marekkuchcinski.pl\/wp-content\/uploads\/2018\/06\/KU332339-1024x683.jpg 1024w\" sizes=\"(max-width: 2736px) 100vw, 2736px\" \/><\/a><\/p>","protected":false},"excerpt":{"rendered":"<p>Chcia\u0142em wam podzi\u0119kowa\u0107 osobi\u015bcie, bo dzisiaj nale\u017c\u0119 do tych, kt\u00f3rzy s\u0105 przez was na co dzie\u0144 ochraniani. Dobrze wiem, \u017ce to trudne. Trudne i dla was, kt\u00f3rzy w tej mojej bezpo\u015bredniej ochronie s\u0142u\u017c\u0105, ale trudne tak\u017ce i dla mnie, bo nie jest to \u0142atwe mie\u0107 ca\u0142y czas w swoim otoczeniu ludzi, kt\u00f3rzy maj\u0105 wgl\u0105d w [&hellip;]<\/p>","protected":false},"author":6,"featured_media":9704,"comment_status":"open","ping_status":"open","sticky":false,"template":"","format":"standard","meta":{"ngg_post_thumbnail":0,"footnotes":""},"categories":[77,3],"tags":[],"class_list":["post-9678","post","type-post","status-publish","format-standard","has-post-thumbnail","hentry","category-wazne-daty","category-wydarzenia"],"yoast_head":"<!-- This site is optimized with the Yoast SEO plugin v24.7 - https:\/\/yoast.com\/wordpress\/plugins\/seo\/ -->\n<title>\u015awi\u0119to S\u0142u\u017cby Ochrony Pa\u0144stwa z udzia\u0142em marsza\u0142ka Sejmu &#8211; Marek Kuchci\u0144ski<\/title>\n<meta name=\"robots\" content=\"index, follow, max-snippet:-1, max-image-preview:large, max-video-preview:-1\" \/>\n<link rel=\"canonical\" href=\"https:\/\/marekkuchcinski.pl\/en\/wydarzenia\/swieto-sluzby-ochrony-panstwa-udzialem-marszalka-sejmu\/\" \/>\n<meta property=\"og:locale\" content=\"en_GB\" \/>\n<meta property=\"og:type\" content=\"article\" \/>\n<meta property=\"og:title\" content=\"\u015awi\u0119to S\u0142u\u017cby Ochrony Pa\u0144stwa z udzia\u0142em marsza\u0142ka Sejmu &#8211; Marek Kuchci\u0144ski\" \/>\n<meta property=\"og:description\" content=\"Chcia\u0142em wam podzi\u0119kowa\u0107 osobi\u015bcie, bo dzisiaj nale\u017c\u0119 do tych, kt\u00f3rzy s\u0105 przez was na co dzie\u0144 ochraniani. Dobrze wiem, \u017ce to trudne. Trudne i dla was, kt\u00f3rzy w tej mojej bezpo\u015bredniej ochronie s\u0142u\u017c\u0105, ale trudne tak\u017ce i dla mnie, bo nie jest to \u0142atwe mie\u0107 ca\u0142y czas w swoim otoczeniu ludzi, kt\u00f3rzy maj\u0105 wgl\u0105d w [&hellip;]\" \/>\n<meta property=\"og:url\" content=\"https:\/\/marekkuchcinski.pl\/en\/wydarzenia\/swieto-sluzby-ochrony-panstwa-udzialem-marszalka-sejmu\/\" \/>\n<meta property=\"og:site_name\" content=\"Marek Kuchci\u0144ski\" \/>\n<meta property=\"article:published_time\" content=\"2018-06-14T09:14:58+00:00\" \/>\n<meta property=\"article:modified_time\" content=\"2018-06-14T10:23:11+00:00\" \/>\n<meta property=\"og:image\" content=\"https:\/\/marekkuchcinski.pl\/wp-content\/uploads\/2018\/06\/KU331847-1.jpg\" \/>\n\t<meta property=\"og:image:width\" content=\"1702\" \/>\n\t<meta property=\"og:image:height\" content=\"1076\" \/>\n\t<meta property=\"og:image:type\" content=\"image\/jpeg\" \/>\n<meta name=\"author\" content=\"admin\" \/>\n<meta name=\"twitter:card\" content=\"summary_large_image\" \/>\n<meta name=\"twitter:label1\" content=\"Written by\" \/>\n\t<meta name=\"twitter:data1\" content=\"admin\" \/>\n\t<meta name=\"twitter:label2\" content=\"Estimated reading time\" \/>\n\t<meta name=\"twitter:data2\" content=\"2 minutes\" \/>\n<script type=\"application\/ld+json\" class=\"yoast-schema-graph\">{\"@context\":\"https:\/\/schema.org\",\"@graph\":[{\"@type\":\"Article\",\"@id\":\"https:\/\/marekkuchcinski.pl\/sk\/wydarzenia\/swieto-sluzby-ochrony-panstwa-udzialem-marszalka-sejmu\/#article\",\"isPartOf\":{\"@id\":\"https:\/\/marekkuchcinski.pl\/sk\/wydarzenia\/swieto-sluzby-ochrony-panstwa-udzialem-marszalka-sejmu\/\"},\"author\":{\"name\":\"admin\",\"@id\":\"https:\/\/marekkuchcinski.pl\/#\/schema\/person\/6f62700996b4d950b6ea2d1183b6c6be\"},\"headline\":\"\u015awi\u0119to S\u0142u\u017cby Ochrony Pa\u0144stwa z udzia\u0142em marsza\u0142ka Sejmu\",\"datePublished\":\"2018-06-14T09:14:58+00:00\",\"dateModified\":\"2018-06-14T10:23:11+00:00\",\"mainEntityOfPage\":{\"@id\":\"https:\/\/marekkuchcinski.pl\/sk\/wydarzenia\/swieto-sluzby-ochrony-panstwa-udzialem-marszalka-sejmu\/\"},\"wordCount\":465,\"commentCount\":0,\"publisher\":{\"@id\":\"https:\/\/marekkuchcinski.pl\/#organization\"},\"image\":{\"@id\":\"https:\/\/marekkuchcinski.pl\/sk\/wydarzenia\/swieto-sluzby-ochrony-panstwa-udzialem-marszalka-sejmu\/#primaryimage\"},\"thumbnailUrl\":\"https:\/\/marekkuchcinski.pl\/wp-content\/uploads\/2018\/06\/KU331847-1.jpg\",\"articleSection\":[\"Wa\u017cne daty\",\"Wydarzenia\"],\"inLanguage\":\"en-GB\",\"potentialAction\":[{\"@type\":\"CommentAction\",\"name\":\"Comment\",\"target\":[\"https:\/\/marekkuchcinski.pl\/sk\/wydarzenia\/swieto-sluzby-ochrony-panstwa-udzialem-marszalka-sejmu\/#respond\"]}]},{\"@type\":\"WebPage\",\"@id\":\"https:\/\/marekkuchcinski.pl\/sk\/wydarzenia\/swieto-sluzby-ochrony-panstwa-udzialem-marszalka-sejmu\/\",\"url\":\"https:\/\/marekkuchcinski.pl\/sk\/wydarzenia\/swieto-sluzby-ochrony-panstwa-udzialem-marszalka-sejmu\/\",\"name\":\"\u015awi\u0119to S\u0142u\u017cby Ochrony Pa\u0144stwa z udzia\u0142em marsza\u0142ka Sejmu &#8211; Marek Kuchci\u0144ski\",\"isPartOf\":{\"@id\":\"https:\/\/marekkuchcinski.pl\/#website\"},\"primaryImageOfPage\":{\"@id\":\"https:\/\/marekkuchcinski.pl\/sk\/wydarzenia\/swieto-sluzby-ochrony-panstwa-udzialem-marszalka-sejmu\/#primaryimage\"},\"image\":{\"@id\":\"https:\/\/marekkuchcinski.pl\/sk\/wydarzenia\/swieto-sluzby-ochrony-panstwa-udzialem-marszalka-sejmu\/#primaryimage\"},\"thumbnailUrl\":\"https:\/\/marekkuchcinski.pl\/wp-content\/uploads\/2018\/06\/KU331847-1.jpg\",\"datePublished\":\"2018-06-14T09:14:58+00:00\",\"dateModified\":\"2018-06-14T10:23:11+00:00\",\"breadcrumb\":{\"@id\":\"https:\/\/marekkuchcinski.pl\/sk\/wydarzenia\/swieto-sluzby-ochrony-panstwa-udzialem-marszalka-sejmu\/#breadcrumb\"},\"inLanguage\":\"en-GB\",\"potentialAction\":[{\"@type\":\"ReadAction\",\"target\":[\"https:\/\/marekkuchcinski.pl\/sk\/wydarzenia\/swieto-sluzby-ochrony-panstwa-udzialem-marszalka-sejmu\/\"]}]},{\"@type\":\"ImageObject\",\"inLanguage\":\"en-GB\",\"@id\":\"https:\/\/marekkuchcinski.pl\/sk\/wydarzenia\/swieto-sluzby-ochrony-panstwa-udzialem-marszalka-sejmu\/#primaryimage\",\"url\":\"https:\/\/marekkuchcinski.pl\/wp-content\/uploads\/2018\/06\/KU331847-1.jpg\",\"contentUrl\":\"https:\/\/marekkuchcinski.pl\/wp-content\/uploads\/2018\/06\/KU331847-1.jpg\",\"width\":1702,\"height\":1076},{\"@type\":\"BreadcrumbList\",\"@id\":\"https:\/\/marekkuchcinski.pl\/sk\/wydarzenia\/swieto-sluzby-ochrony-panstwa-udzialem-marszalka-sejmu\/#breadcrumb\",\"itemListElement\":[{\"@type\":\"ListItem\",\"position\":1,\"name\":\"Strona g\u0142\u00f3wna\",\"item\":\"https:\/\/marekkuchcinski.pl\/\"},{\"@type\":\"ListItem\",\"position\":2,\"name\":\"\u015awi\u0119to S\u0142u\u017cby Ochrony Pa\u0144stwa z udzia\u0142em marsza\u0142ka Sejmu\"}]},{\"@type\":\"WebSite\",\"@id\":\"https:\/\/marekkuchcinski.pl\/#website\",\"url\":\"https:\/\/marekkuchcinski.pl\/\",\"name\":\"Marek Kuchci\u0144ski\",\"description\":\"Pose\u0142 na sejm RP &ndash; okr\u0119g nr 22\",\"publisher\":{\"@id\":\"https:\/\/marekkuchcinski.pl\/#organization\"},\"potentialAction\":[{\"@type\":\"SearchAction\",\"target\":{\"@type\":\"EntryPoint\",\"urlTemplate\":\"https:\/\/marekkuchcinski.pl\/?s={search_term_string}\"},\"query-input\":{\"@type\":\"PropertyValueSpecification\",\"valueRequired\":true,\"valueName\":\"search_term_string\"}}],\"inLanguage\":\"en-GB\"},{\"@type\":\"Organization\",\"@id\":\"https:\/\/marekkuchcinski.pl\/#organization\",\"name\":\"Marek Kuchci\u0144ski\",\"url\":\"https:\/\/marekkuchcinski.pl\/\",\"logo\":{\"@type\":\"ImageObject\",\"inLanguage\":\"en-GB\",\"@id\":\"https:\/\/marekkuchcinski.pl\/#\/schema\/logo\/image\/\",\"url\":\"https:\/\/marekkuchcinski.pl\/wp-content\/uploads\/2022\/09\/Marek.jpg\",\"contentUrl\":\"https:\/\/marekkuchcinski.pl\/wp-content\/uploads\/2022\/09\/Marek.jpg\",\"width\":1600,\"height\":971,\"caption\":\"Marek Kuchci\u0144ski\"},\"image\":{\"@id\":\"https:\/\/marekkuchcinski.pl\/#\/schema\/logo\/image\/\"}},{\"@type\":\"Person\",\"@id\":\"https:\/\/marekkuchcinski.pl\/#\/schema\/person\/6f62700996b4d950b6ea2d1183b6c6be\",\"name\":\"admin\",\"image\":{\"@type\":\"ImageObject\",\"inLanguage\":\"en-GB\",\"@id\":\"https:\/\/marekkuchcinski.pl\/#\/schema\/person\/image\/\",\"url\":\"https:\/\/secure.gravatar.com\/avatar\/4bab693b9d55c3d6b52c0296a8765085?s=96&d=mm&r=g\",\"contentUrl\":\"https:\/\/secure.gravatar.com\/avatar\/4bab693b9d55c3d6b52c0296a8765085?s=96&d=mm&r=g\",\"caption\":\"admin\"},\"url\":\"https:\/\/marekkuchcinski.pl\/en\/author\/marta-olejnik\/\"}]}<\/script>\n<!-- \/ Yoast SEO plugin. -->","yoast_head_json":{"title":"\u015awi\u0119to S\u0142u\u017cby Ochrony Pa\u0144stwa z udzia\u0142em marsza\u0142ka Sejmu &#8211; Marek Kuchci\u0144ski","robots":{"index":"index","follow":"follow","max-snippet":"max-snippet:-1","max-image-preview":"max-image-preview:large","max-video-preview":"max-video-preview:-1"},"canonical":"https:\/\/marekkuchcinski.pl\/en\/wydarzenia\/swieto-sluzby-ochrony-panstwa-udzialem-marszalka-sejmu\/","og_locale":"en_GB","og_type":"article","og_title":"\u015awi\u0119to S\u0142u\u017cby Ochrony Pa\u0144stwa z udzia\u0142em marsza\u0142ka Sejmu &#8211; Marek Kuchci\u0144ski","og_description":"Chcia\u0142em wam podzi\u0119kowa\u0107 osobi\u015bcie, bo dzisiaj nale\u017c\u0119 do tych, kt\u00f3rzy s\u0105 przez was na co dzie\u0144 ochraniani. Dobrze wiem, \u017ce to trudne. Trudne i dla was, kt\u00f3rzy w tej mojej bezpo\u015bredniej ochronie s\u0142u\u017c\u0105, ale trudne tak\u017ce i dla mnie, bo nie jest to \u0142atwe mie\u0107 ca\u0142y czas w swoim otoczeniu ludzi, kt\u00f3rzy maj\u0105 wgl\u0105d w [&hellip;]","og_url":"https:\/\/marekkuchcinski.pl\/en\/wydarzenia\/swieto-sluzby-ochrony-panstwa-udzialem-marszalka-sejmu\/","og_site_name":"Marek Kuchci\u0144ski","article_published_time":"2018-06-14T09:14:58+00:00","article_modified_time":"2018-06-14T10:23:11+00:00","og_image":[{"width":1702,"height":1076,"url":"https:\/\/marekkuchcinski.pl\/wp-content\/uploads\/2018\/06\/KU331847-1.jpg","type":"image\/jpeg"}],"author":"admin","twitter_card":"summary_large_image","twitter_misc":{"Written by":"admin","Estimated reading time":"2 minutes"},"schema":{"@context":"https:\/\/schema.org","@graph":[{"@type":"Article","@id":"https:\/\/marekkuchcinski.pl\/sk\/wydarzenia\/swieto-sluzby-ochrony-panstwa-udzialem-marszalka-sejmu\/#article","isPartOf":{"@id":"https:\/\/marekkuchcinski.pl\/sk\/wydarzenia\/swieto-sluzby-ochrony-panstwa-udzialem-marszalka-sejmu\/"},"author":{"name":"admin","@id":"https:\/\/marekkuchcinski.pl\/#\/schema\/person\/6f62700996b4d950b6ea2d1183b6c6be"},"headline":"\u015awi\u0119to S\u0142u\u017cby Ochrony Pa\u0144stwa z udzia\u0142em marsza\u0142ka Sejmu","datePublished":"2018-06-14T09:14:58+00:00","dateModified":"2018-06-14T10:23:11+00:00","mainEntityOfPage":{"@id":"https:\/\/marekkuchcinski.pl\/sk\/wydarzenia\/swieto-sluzby-ochrony-panstwa-udzialem-marszalka-sejmu\/"},"wordCount":465,"commentCount":0,"publisher":{"@id":"https:\/\/marekkuchcinski.pl\/#organization"},"image":{"@id":"https:\/\/marekkuchcinski.pl\/sk\/wydarzenia\/swieto-sluzby-ochrony-panstwa-udzialem-marszalka-sejmu\/#primaryimage"},"thumbnailUrl":"https:\/\/marekkuchcinski.pl\/wp-content\/uploads\/2018\/06\/KU331847-1.jpg","articleSection":["Wa\u017cne daty","Wydarzenia"],"inLanguage":"en-GB","potentialAction":[{"@type":"CommentAction","name":"Comment","target":["https:\/\/marekkuchcinski.pl\/sk\/wydarzenia\/swieto-sluzby-ochrony-panstwa-udzialem-marszalka-sejmu\/#respond"]}]},{"@type":"WebPage","@id":"https:\/\/marekkuchcinski.pl\/sk\/wydarzenia\/swieto-sluzby-ochrony-panstwa-udzialem-marszalka-sejmu\/","url":"https:\/\/marekkuchcinski.pl\/sk\/wydarzenia\/swieto-sluzby-ochrony-panstwa-udzialem-marszalka-sejmu\/","name":"\u015awi\u0119to S\u0142u\u017cby Ochrony Pa\u0144stwa z udzia\u0142em marsza\u0142ka Sejmu &#8211; Marek Kuchci\u0144ski","isPartOf":{"@id":"https:\/\/marekkuchcinski.pl\/#website"},"primaryImageOfPage":{"@id":"https:\/\/marekkuchcinski.pl\/sk\/wydarzenia\/swieto-sluzby-ochrony-panstwa-udzialem-marszalka-sejmu\/#primaryimage"},"image":{"@id":"https:\/\/marekkuchcinski.pl\/sk\/wydarzenia\/swieto-sluzby-ochrony-panstwa-udzialem-marszalka-sejmu\/#primaryimage"},"thumbnailUrl":"https:\/\/marekkuchcinski.pl\/wp-content\/uploads\/2018\/06\/KU331847-1.jpg","datePublished":"2018-06-14T09:14:58+00:00","dateModified":"2018-06-14T10:23:11+00:00","breadcrumb":{"@id":"https:\/\/marekkuchcinski.pl\/sk\/wydarzenia\/swieto-sluzby-ochrony-panstwa-udzialem-marszalka-sejmu\/#breadcrumb"},"inLanguage":"en-GB","potentialAction":[{"@type":"ReadAction","target":["https:\/\/marekkuchcinski.pl\/sk\/wydarzenia\/swieto-sluzby-ochrony-panstwa-udzialem-marszalka-sejmu\/"]}]},{"@type":"ImageObject","inLanguage":"en-GB","@id":"https:\/\/marekkuchcinski.pl\/sk\/wydarzenia\/swieto-sluzby-ochrony-panstwa-udzialem-marszalka-sejmu\/#primaryimage","url":"https:\/\/marekkuchcinski.pl\/wp-content\/uploads\/2018\/06\/KU331847-1.jpg","contentUrl":"https:\/\/marekkuchcinski.pl\/wp-content\/uploads\/2018\/06\/KU331847-1.jpg","width":1702,"height":1076},{"@type":"BreadcrumbList","@id":"https:\/\/marekkuchcinski.pl\/sk\/wydarzenia\/swieto-sluzby-ochrony-panstwa-udzialem-marszalka-sejmu\/#breadcrumb","itemListElement":[{"@type":"ListItem","position":1,"name":"Strona g\u0142\u00f3wna","item":"https:\/\/marekkuchcinski.pl\/"},{"@type":"ListItem","position":2,"name":"\u015awi\u0119to S\u0142u\u017cby Ochrony Pa\u0144stwa z udzia\u0142em marsza\u0142ka Sejmu"}]},{"@type":"WebSite","@id":"https:\/\/marekkuchcinski.pl\/#website","url":"https:\/\/marekkuchcinski.pl\/","name":"Marek Kuchci\u0144ski","description":"Pose\u0142 na sejm RP &ndash; okr\u0119g nr 22","publisher":{"@id":"https:\/\/marekkuchcinski.pl\/#organization"},"potentialAction":[{"@type":"SearchAction","target":{"@type":"EntryPoint","urlTemplate":"https:\/\/marekkuchcinski.pl\/?s={search_term_string}"},"query-input":{"@type":"PropertyValueSpecification","valueRequired":true,"valueName":"search_term_string"}}],"inLanguage":"en-GB"},{"@type":"Organization","@id":"https:\/\/marekkuchcinski.pl\/#organization","name":"Marek Kuchci\u0144ski","url":"https:\/\/marekkuchcinski.pl\/","logo":{"@type":"ImageObject","inLanguage":"en-GB","@id":"https:\/\/marekkuchcinski.pl\/#\/schema\/logo\/image\/","url":"https:\/\/marekkuchcinski.pl\/wp-content\/uploads\/2022\/09\/Marek.jpg","contentUrl":"https:\/\/marekkuchcinski.pl\/wp-content\/uploads\/2022\/09\/Marek.jpg","width":1600,"height":971,"caption":"Marek Kuchci\u0144ski"},"image":{"@id":"https:\/\/marekkuchcinski.pl\/#\/schema\/logo\/image\/"}},{"@type":"Person","@id":"https:\/\/marekkuchcinski.pl\/#\/schema\/person\/6f62700996b4d950b6ea2d1183b6c6be","name":"admin","image":{"@type":"ImageObject","inLanguage":"en-GB","@id":"https:\/\/marekkuchcinski.pl\/#\/schema\/person\/image\/","url":"https:\/\/secure.gravatar.com\/avatar\/4bab693b9d55c3d6b52c0296a8765085?s=96&d=mm&r=g","contentUrl":"https:\/\/secure.gravatar.com\/avatar\/4bab693b9d55c3d6b52c0296a8765085?s=96&d=mm&r=g","caption":"admin"},"url":"https:\/\/marekkuchcinski.pl\/en\/author\/marta-olejnik\/"}]}},"_links":{"self":[{"href":"https:\/\/marekkuchcinski.pl\/en\/wp-json\/wp\/v2\/posts\/9678","targetHints":{"allow":["GET"]}}],"collection":[{"href":"https:\/\/marekkuchcinski.pl\/en\/wp-json\/wp\/v2\/posts"}],"about":[{"href":"https:\/\/marekkuchcinski.pl\/en\/wp-json\/wp\/v2\/types\/post"}],"author":[{"embeddable":true,"href":"https:\/\/marekkuchcinski.pl\/en\/wp-json\/wp\/v2\/users\/6"}],"replies":[{"embeddable":true,"href":"https:\/\/marekkuchcinski.pl\/en\/wp-json\/wp\/v2\/comments?post=9678"}],"version-history":[{"count":2,"href":"https:\/\/marekkuchcinski.pl\/en\/wp-json\/wp\/v2\/posts\/9678\/revisions"}],"predecessor-version":[{"id":9698,"href":"https:\/\/marekkuchcinski.pl\/en\/wp-json\/wp\/v2\/posts\/9678\/revisions\/9698"}],"wp:featuredmedia":[{"embeddable":true,"href":"https:\/\/marekkuchcinski.pl\/en\/wp-json\/wp\/v2\/media\/9704"}],"wp:attachment":[{"href":"https:\/\/marekkuchcinski.pl\/en\/wp-json\/wp\/v2\/media?parent=9678"}],"wp:term":[{"taxonomy":"category","embeddable":true,"href":"https:\/\/marekkuchcinski.pl\/en\/wp-json\/wp\/v2\/categories?post=9678"},{"taxonomy":"post_tag","embeddable":true,"href":"https:\/\/marekkuchcinski.pl\/en\/wp-json\/wp\/v2\/tags?post=9678"}],"curies":[{"name":"wp","href":"https:\/\/api.w.org\/{rel}","templated":true}]}}