{"id":9560,"date":"2018-05-28T13:06:54","date_gmt":"2018-05-28T11:06:54","guid":{"rendered":"https:\/\/marekkuchcinski.pl\/?p=9560"},"modified":"2018-05-28T13:06:54","modified_gmt":"2018-05-28T11:06:54","slug":"nowy-sacz-sanok-spotkanie-marszalka-sejmu-mieszkancami-ramach-konwencji-polska-jedna","status":"publish","type":"post","link":"https:\/\/marekkuchcinski.pl\/en\/prawo-i-sprawiedliwosc\/nowy-sacz-sanok-spotkanie-marszalka-sejmu-mieszkancami-ramach-konwencji-polska-jedna\/","title":{"rendered":"Nowy S\u0105cz and Sanok: meeting of the Speaker of the Sejm with residents as part of the \"Poland is one\" convention"},"content":{"rendered":"<p>On Saturday the Speaker of the Sejm Marek Kuchci\u0144ski met with the residents of Nowy S\u0105cz and Sanok. During the meetings he emphasized that Law and Justice party attaches great importance to pro-family policy. Within 2.5 years the Law and Justice government introduced the Family 500+ program, free medicines for seniors, lowered retirement age, limited Sunday trade and increased the effectiveness of alimony collection. In addition, he carried out a reform of education, tax administration, began a fight against wild reprivatization. The Speaker reminded that a few months ago Prime Minister Mateusz Morawiecki at the national convention in Warsaw presented a program of actions changing Poland. Among the demands is a reduction in CIT for small businesses from 15 to 9 percent, which is the lowest level in the European Union, the introduction of a small ZUS calculated in proportion to income for companies with a monthly turnover of up to 2.5 minimum wages, a layette of 300 PLN at the beginning of the school year for each student starting primary and secondary school, a new fund for the construction of local roads worth at least PLN 5 billion, which means thousands of kilometers of renovated roads in villages, small towns, municipalities and counties, and the Accessibility+ program to eliminate barriers for the disabled (over PLN 20 billion over 8 years).<\/p>\n<p>Marek Kuchci\u0144ski stressed that Law and Justice will not lack determination in introducing changes. At the same time, he pointed out that he is aware that there are forces that are behind the fact that Poland is a hole state - to not pay taxes, to break laws and to undermine the position of our country.<\/p>\n<p>Referring to questions about the protest of the disabled in the Sejm, Speaker Kuchci\u0144ski, stressed that it is not true that they are not taken care of, and the assessment of whether the law was broken by the authorities belongs to the Constitutional Court. - This is a very difficult and sad matter - said the Speaker. - These people are used by politicians for pure political action - he assessed.  He also added that there are 4.7 million disabled people in Poland and the issue should be approached systematically. - So far, for dozens of years since the times of the People's Republic of Poland, but also during the governments of our predecessors, the disabled have not been dealt with in a systemic way, they have been hidden in a drawer somewhere, sent away, turned a blind eye - Kuchci\u0144ski stressed.<\/p>\n<p>The event was held in the Municipal Cultural Center in Nowy Sacz. Apart from the residents of Nowy Sacz and Nowy Sacz, it was also attended by: J\u00f3zef Le\u015bniak MP, Wies\u0142aw Janczyk MP, Jan Duda MP, Ryszard Nowak - President of Nowy S\u0105cz, Jerzy Gwi\u017cd\u017c and Wojciech Piech - Vice Presidents of Nowy S\u0105cz, Janusz Kwiatkowski - President of the Nowy S\u0105cz City Council, Krzysztof G\u0142uc - one of the proposed PiS candidates for President of Nowy S\u0105cz, and Patryk Wicher - head of the municipal structures of Law and Justice.<\/p>\n<p>In Sanok, at the Sport and Education Center, Marek Kuchcinski was accompanied by MP Piotr Babinetz, MP Piotr Uruski, Subcarpathian Voivodeship Marshal W\u0142adys\u0142aw Ortyl, Sanok mayor Tadeusz Pi\u00f3ro.<\/p>\n<p><span style=\"color: #33cccc;\"><em>http:\/\/rzeszow.tvp.pl\/37381922\/kolejna-odslona-kampanii-pis-na-podkarpaciu<\/em><\/span><\/p>\n<p><a href=\"https:\/\/marekkuchcinski.pl\/wp-content\/uploads\/2018\/05\/20180526_175535.jpg\"><img fetchpriority=\"high\" decoding=\"async\" class=\"alignnone size-full wp-image-9562\" src=\"https:\/\/marekkuchcinski.pl\/wp-content\/uploads\/2018\/05\/20180526_175535.jpg\" alt=\"20180526_175535\" width=\"1980\" height=\"1155\" srcset=\"https:\/\/marekkuchcinski.pl\/wp-content\/uploads\/2018\/05\/20180526_175535.jpg 1980w, https:\/\/marekkuchcinski.pl\/wp-content\/uploads\/2018\/05\/20180526_175535-300x175.jpg 300w, https:\/\/marekkuchcinski.pl\/wp-content\/uploads\/2018\/05\/20180526_175535-768x448.jpg 768w, https:\/\/marekkuchcinski.pl\/wp-content\/uploads\/2018\/05\/20180526_175535-1024x597.jpg 1024w\" sizes=\"(max-width: 1980px) 100vw, 1980px\" \/><\/a><\/p>\n<p>&nbsp;<\/p>\n<p>&nbsp;<\/p>\n<p>&nbsp;<\/p>\n<p>&nbsp;<\/p>\n<p>&nbsp;<\/p>\n<p>&nbsp;<\/p>\n<p>&nbsp;<\/p>\n<p>&nbsp;<\/p>","protected":false},"excerpt":{"rendered":"<p>W sobot\u0119 marsza\u0142ek Sejmu Marek Kuchci\u0144ski spotka\u0142 si\u0119 z mieszka\u0144cami Nowego S\u0105cza i Sanoka. W czasie spotka\u0144 podkre\u015bli\u0142, i\u017c Prawo i Sprawiedliwo\u015b\u0107 przywi\u0105zuje ogromn\u0105 wag\u0119 do polityki prorodzinnej. Rz\u0105d PiS w ci\u0105gu 2,5 roku wprowadzi\u0142 program Rodzina 500+, bezp\u0142atne leki dla senior\u00f3w, obni\u017cy\u0142 wiek emerytalny, ograniczy\u0142 handel w niedziel\u0119, zwi\u0119kszy\u0142 skuteczno\u015bci \u015bci\u0105gania aliment\u00f3w. Ponadto przeprowadzono [&hellip;]<\/p>","protected":false},"author":6,"featured_media":9562,"comment_status":"open","ping_status":"open","sticky":false,"template":"","format":"standard","meta":{"ngg_post_thumbnail":0,"footnotes":""},"categories":[49,82,3],"tags":[],"class_list":["post-9560","post","type-post","status-publish","format-standard","has-post-thumbnail","hentry","category-podkarpacie","category-prawo-i-sprawiedliwosc","category-wydarzenia"],"yoast_head":"<!-- This site is optimized with the Yoast SEO plugin v24.7 - https:\/\/yoast.com\/wordpress\/plugins\/seo\/ -->\n<title>Nowy S\u0105cz i Sanok: spotkanie marsza\u0142ka Sejmu z mieszka\u0144cami w ramach konwencji \u201ePolska jest jedna&quot; &#8211; Marek Kuchci\u0144ski<\/title>\n<meta name=\"robots\" content=\"index, follow, max-snippet:-1, max-image-preview:large, max-video-preview:-1\" \/>\n<link rel=\"canonical\" href=\"https:\/\/marekkuchcinski.pl\/en\/prawo-i-sprawiedliwosc\/nowy-sacz-sanok-spotkanie-marszalka-sejmu-mieszkancami-ramach-konwencji-polska-jedna\/\" \/>\n<meta property=\"og:locale\" content=\"en_GB\" \/>\n<meta property=\"og:type\" content=\"article\" \/>\n<meta property=\"og:title\" content=\"Nowy S\u0105cz i Sanok: spotkanie marsza\u0142ka Sejmu z mieszka\u0144cami w ramach konwencji \u201ePolska jest jedna&quot; &#8211; Marek Kuchci\u0144ski\" \/>\n<meta property=\"og:description\" content=\"W sobot\u0119 marsza\u0142ek Sejmu Marek Kuchci\u0144ski spotka\u0142 si\u0119 z mieszka\u0144cami Nowego S\u0105cza i Sanoka. W czasie spotka\u0144 podkre\u015bli\u0142, i\u017c Prawo i Sprawiedliwo\u015b\u0107 przywi\u0105zuje ogromn\u0105 wag\u0119 do polityki prorodzinnej. Rz\u0105d PiS w ci\u0105gu 2,5 roku wprowadzi\u0142 program Rodzina 500+, bezp\u0142atne leki dla senior\u00f3w, obni\u017cy\u0142 wiek emerytalny, ograniczy\u0142 handel w niedziel\u0119, zwi\u0119kszy\u0142 skuteczno\u015bci \u015bci\u0105gania aliment\u00f3w. Ponadto przeprowadzono [&hellip;]\" \/>\n<meta property=\"og:url\" content=\"https:\/\/marekkuchcinski.pl\/en\/prawo-i-sprawiedliwosc\/nowy-sacz-sanok-spotkanie-marszalka-sejmu-mieszkancami-ramach-konwencji-polska-jedna\/\" \/>\n<meta property=\"og:site_name\" content=\"Marek Kuchci\u0144ski\" \/>\n<meta property=\"article:published_time\" content=\"2018-05-28T11:06:54+00:00\" \/>\n<meta property=\"og:image\" content=\"https:\/\/marekkuchcinski.pl\/wp-content\/uploads\/2018\/05\/20180526_175535.jpg\" \/>\n\t<meta property=\"og:image:width\" content=\"1980\" \/>\n\t<meta property=\"og:image:height\" content=\"1155\" \/>\n\t<meta property=\"og:image:type\" content=\"image\/jpeg\" \/>\n<meta name=\"author\" content=\"admin\" \/>\n<meta name=\"twitter:card\" content=\"summary_large_image\" \/>\n<meta name=\"twitter:label1\" content=\"Written by\" \/>\n\t<meta name=\"twitter:data1\" content=\"admin\" \/>\n\t<meta name=\"twitter:label2\" content=\"Estimated reading time\" \/>\n\t<meta name=\"twitter:data2\" content=\"3 minutes\" \/>\n<script type=\"application\/ld+json\" class=\"yoast-schema-graph\">{\"@context\":\"https:\/\/schema.org\",\"@graph\":[{\"@type\":\"Article\",\"@id\":\"https:\/\/marekkuchcinski.pl\/prawo-i-sprawiedliwosc\/nowy-sacz-sanok-spotkanie-marszalka-sejmu-mieszkancami-ramach-konwencji-polska-jedna\/#article\",\"isPartOf\":{\"@id\":\"https:\/\/marekkuchcinski.pl\/prawo-i-sprawiedliwosc\/nowy-sacz-sanok-spotkanie-marszalka-sejmu-mieszkancami-ramach-konwencji-polska-jedna\/\"},\"author\":{\"name\":\"admin\",\"@id\":\"https:\/\/marekkuchcinski.pl\/#\/schema\/person\/6f62700996b4d950b6ea2d1183b6c6be\"},\"headline\":\"Nowy S\u0105cz i Sanok: spotkanie marsza\u0142ka Sejmu z mieszka\u0144cami w ramach konwencji \u201ePolska jest jedna&#8221;\",\"datePublished\":\"2018-05-28T11:06:54+00:00\",\"mainEntityOfPage\":{\"@id\":\"https:\/\/marekkuchcinski.pl\/prawo-i-sprawiedliwosc\/nowy-sacz-sanok-spotkanie-marszalka-sejmu-mieszkancami-ramach-konwencji-polska-jedna\/\"},\"wordCount\":551,\"commentCount\":0,\"publisher\":{\"@id\":\"https:\/\/marekkuchcinski.pl\/#organization\"},\"image\":{\"@id\":\"https:\/\/marekkuchcinski.pl\/prawo-i-sprawiedliwosc\/nowy-sacz-sanok-spotkanie-marszalka-sejmu-mieszkancami-ramach-konwencji-polska-jedna\/#primaryimage\"},\"thumbnailUrl\":\"https:\/\/marekkuchcinski.pl\/wp-content\/uploads\/2018\/05\/20180526_175535.jpg\",\"articleSection\":[\"Podkarpacie\",\"Prawo i Sprawiedliwo\u015b\u0107\",\"Wydarzenia\"],\"inLanguage\":\"en-GB\",\"potentialAction\":[{\"@type\":\"CommentAction\",\"name\":\"Comment\",\"target\":[\"https:\/\/marekkuchcinski.pl\/prawo-i-sprawiedliwosc\/nowy-sacz-sanok-spotkanie-marszalka-sejmu-mieszkancami-ramach-konwencji-polska-jedna\/#respond\"]}]},{\"@type\":\"WebPage\",\"@id\":\"https:\/\/marekkuchcinski.pl\/prawo-i-sprawiedliwosc\/nowy-sacz-sanok-spotkanie-marszalka-sejmu-mieszkancami-ramach-konwencji-polska-jedna\/\",\"url\":\"https:\/\/marekkuchcinski.pl\/prawo-i-sprawiedliwosc\/nowy-sacz-sanok-spotkanie-marszalka-sejmu-mieszkancami-ramach-konwencji-polska-jedna\/\",\"name\":\"Nowy S\u0105cz i Sanok: spotkanie marsza\u0142ka Sejmu z mieszka\u0144cami w ramach konwencji \u201ePolska jest jedna\\\" &#8211; Marek Kuchci\u0144ski\",\"isPartOf\":{\"@id\":\"https:\/\/marekkuchcinski.pl\/#website\"},\"primaryImageOfPage\":{\"@id\":\"https:\/\/marekkuchcinski.pl\/prawo-i-sprawiedliwosc\/nowy-sacz-sanok-spotkanie-marszalka-sejmu-mieszkancami-ramach-konwencji-polska-jedna\/#primaryimage\"},\"image\":{\"@id\":\"https:\/\/marekkuchcinski.pl\/prawo-i-sprawiedliwosc\/nowy-sacz-sanok-spotkanie-marszalka-sejmu-mieszkancami-ramach-konwencji-polska-jedna\/#primaryimage\"},\"thumbnailUrl\":\"https:\/\/marekkuchcinski.pl\/wp-content\/uploads\/2018\/05\/20180526_175535.jpg\",\"datePublished\":\"2018-05-28T11:06:54+00:00\",\"breadcrumb\":{\"@id\":\"https:\/\/marekkuchcinski.pl\/prawo-i-sprawiedliwosc\/nowy-sacz-sanok-spotkanie-marszalka-sejmu-mieszkancami-ramach-konwencji-polska-jedna\/#breadcrumb\"},\"inLanguage\":\"en-GB\",\"potentialAction\":[{\"@type\":\"ReadAction\",\"target\":[\"https:\/\/marekkuchcinski.pl\/prawo-i-sprawiedliwosc\/nowy-sacz-sanok-spotkanie-marszalka-sejmu-mieszkancami-ramach-konwencji-polska-jedna\/\"]}]},{\"@type\":\"ImageObject\",\"inLanguage\":\"en-GB\",\"@id\":\"https:\/\/marekkuchcinski.pl\/prawo-i-sprawiedliwosc\/nowy-sacz-sanok-spotkanie-marszalka-sejmu-mieszkancami-ramach-konwencji-polska-jedna\/#primaryimage\",\"url\":\"https:\/\/marekkuchcinski.pl\/wp-content\/uploads\/2018\/05\/20180526_175535.jpg\",\"contentUrl\":\"https:\/\/marekkuchcinski.pl\/wp-content\/uploads\/2018\/05\/20180526_175535.jpg\",\"width\":1980,\"height\":1155},{\"@type\":\"BreadcrumbList\",\"@id\":\"https:\/\/marekkuchcinski.pl\/prawo-i-sprawiedliwosc\/nowy-sacz-sanok-spotkanie-marszalka-sejmu-mieszkancami-ramach-konwencji-polska-jedna\/#breadcrumb\",\"itemListElement\":[{\"@type\":\"ListItem\",\"position\":1,\"name\":\"Strona g\u0142\u00f3wna\",\"item\":\"https:\/\/marekkuchcinski.pl\/\"},{\"@type\":\"ListItem\",\"position\":2,\"name\":\"Nowy S\u0105cz i Sanok: spotkanie marsza\u0142ka Sejmu z mieszka\u0144cami w ramach konwencji \u201ePolska jest jedna&#8221;\"}]},{\"@type\":\"WebSite\",\"@id\":\"https:\/\/marekkuchcinski.pl\/#website\",\"url\":\"https:\/\/marekkuchcinski.pl\/\",\"name\":\"Marek Kuchci\u0144ski\",\"description\":\"Pose\u0142 na sejm RP &ndash; okr\u0119g nr 22\",\"publisher\":{\"@id\":\"https:\/\/marekkuchcinski.pl\/#organization\"},\"potentialAction\":[{\"@type\":\"SearchAction\",\"target\":{\"@type\":\"EntryPoint\",\"urlTemplate\":\"https:\/\/marekkuchcinski.pl\/?s={search_term_string}\"},\"query-input\":{\"@type\":\"PropertyValueSpecification\",\"valueRequired\":true,\"valueName\":\"search_term_string\"}}],\"inLanguage\":\"en-GB\"},{\"@type\":\"Organization\",\"@id\":\"https:\/\/marekkuchcinski.pl\/#organization\",\"name\":\"Marek Kuchci\u0144ski\",\"url\":\"https:\/\/marekkuchcinski.pl\/\",\"logo\":{\"@type\":\"ImageObject\",\"inLanguage\":\"en-GB\",\"@id\":\"https:\/\/marekkuchcinski.pl\/#\/schema\/logo\/image\/\",\"url\":\"https:\/\/marekkuchcinski.pl\/wp-content\/uploads\/2022\/09\/Marek.jpg\",\"contentUrl\":\"https:\/\/marekkuchcinski.pl\/wp-content\/uploads\/2022\/09\/Marek.jpg\",\"width\":1600,\"height\":971,\"caption\":\"Marek Kuchci\u0144ski\"},\"image\":{\"@id\":\"https:\/\/marekkuchcinski.pl\/#\/schema\/logo\/image\/\"}},{\"@type\":\"Person\",\"@id\":\"https:\/\/marekkuchcinski.pl\/#\/schema\/person\/6f62700996b4d950b6ea2d1183b6c6be\",\"name\":\"admin\",\"image\":{\"@type\":\"ImageObject\",\"inLanguage\":\"en-GB\",\"@id\":\"https:\/\/marekkuchcinski.pl\/#\/schema\/person\/image\/\",\"url\":\"https:\/\/secure.gravatar.com\/avatar\/4bab693b9d55c3d6b52c0296a8765085?s=96&d=mm&r=g\",\"contentUrl\":\"https:\/\/secure.gravatar.com\/avatar\/4bab693b9d55c3d6b52c0296a8765085?s=96&d=mm&r=g\",\"caption\":\"admin\"},\"url\":\"https:\/\/marekkuchcinski.pl\/en\/author\/marta-olejnik\/\"}]}<\/script>\n<!-- \/ Yoast SEO plugin. -->","yoast_head_json":{"title":"Nowy S\u0105cz i Sanok: spotkanie marsza\u0142ka Sejmu z mieszka\u0144cami w ramach konwencji \u201ePolska jest jedna\" &#8211; Marek Kuchci\u0144ski","robots":{"index":"index","follow":"follow","max-snippet":"max-snippet:-1","max-image-preview":"max-image-preview:large","max-video-preview":"max-video-preview:-1"},"canonical":"https:\/\/marekkuchcinski.pl\/en\/prawo-i-sprawiedliwosc\/nowy-sacz-sanok-spotkanie-marszalka-sejmu-mieszkancami-ramach-konwencji-polska-jedna\/","og_locale":"en_GB","og_type":"article","og_title":"Nowy S\u0105cz i Sanok: spotkanie marsza\u0142ka Sejmu z mieszka\u0144cami w ramach konwencji \u201ePolska jest jedna\" &#8211; Marek Kuchci\u0144ski","og_description":"W sobot\u0119 marsza\u0142ek Sejmu Marek Kuchci\u0144ski spotka\u0142 si\u0119 z mieszka\u0144cami Nowego S\u0105cza i Sanoka. W czasie spotka\u0144 podkre\u015bli\u0142, i\u017c Prawo i Sprawiedliwo\u015b\u0107 przywi\u0105zuje ogromn\u0105 wag\u0119 do polityki prorodzinnej. Rz\u0105d PiS w ci\u0105gu 2,5 roku wprowadzi\u0142 program Rodzina 500+, bezp\u0142atne leki dla senior\u00f3w, obni\u017cy\u0142 wiek emerytalny, ograniczy\u0142 handel w niedziel\u0119, zwi\u0119kszy\u0142 skuteczno\u015bci \u015bci\u0105gania aliment\u00f3w. Ponadto przeprowadzono [&hellip;]","og_url":"https:\/\/marekkuchcinski.pl\/en\/prawo-i-sprawiedliwosc\/nowy-sacz-sanok-spotkanie-marszalka-sejmu-mieszkancami-ramach-konwencji-polska-jedna\/","og_site_name":"Marek Kuchci\u0144ski","article_published_time":"2018-05-28T11:06:54+00:00","og_image":[{"width":1980,"height":1155,"url":"https:\/\/marekkuchcinski.pl\/wp-content\/uploads\/2018\/05\/20180526_175535.jpg","type":"image\/jpeg"}],"author":"admin","twitter_card":"summary_large_image","twitter_misc":{"Written by":"admin","Estimated reading time":"3 minutes"},"schema":{"@context":"https:\/\/schema.org","@graph":[{"@type":"Article","@id":"https:\/\/marekkuchcinski.pl\/prawo-i-sprawiedliwosc\/nowy-sacz-sanok-spotkanie-marszalka-sejmu-mieszkancami-ramach-konwencji-polska-jedna\/#article","isPartOf":{"@id":"https:\/\/marekkuchcinski.pl\/prawo-i-sprawiedliwosc\/nowy-sacz-sanok-spotkanie-marszalka-sejmu-mieszkancami-ramach-konwencji-polska-jedna\/"},"author":{"name":"admin","@id":"https:\/\/marekkuchcinski.pl\/#\/schema\/person\/6f62700996b4d950b6ea2d1183b6c6be"},"headline":"Nowy S\u0105cz i Sanok: spotkanie marsza\u0142ka Sejmu z mieszka\u0144cami w ramach konwencji \u201ePolska jest jedna&#8221;","datePublished":"2018-05-28T11:06:54+00:00","mainEntityOfPage":{"@id":"https:\/\/marekkuchcinski.pl\/prawo-i-sprawiedliwosc\/nowy-sacz-sanok-spotkanie-marszalka-sejmu-mieszkancami-ramach-konwencji-polska-jedna\/"},"wordCount":551,"commentCount":0,"publisher":{"@id":"https:\/\/marekkuchcinski.pl\/#organization"},"image":{"@id":"https:\/\/marekkuchcinski.pl\/prawo-i-sprawiedliwosc\/nowy-sacz-sanok-spotkanie-marszalka-sejmu-mieszkancami-ramach-konwencji-polska-jedna\/#primaryimage"},"thumbnailUrl":"https:\/\/marekkuchcinski.pl\/wp-content\/uploads\/2018\/05\/20180526_175535.jpg","articleSection":["Podkarpacie","Prawo i Sprawiedliwo\u015b\u0107","Wydarzenia"],"inLanguage":"en-GB","potentialAction":[{"@type":"CommentAction","name":"Comment","target":["https:\/\/marekkuchcinski.pl\/prawo-i-sprawiedliwosc\/nowy-sacz-sanok-spotkanie-marszalka-sejmu-mieszkancami-ramach-konwencji-polska-jedna\/#respond"]}]},{"@type":"WebPage","@id":"https:\/\/marekkuchcinski.pl\/prawo-i-sprawiedliwosc\/nowy-sacz-sanok-spotkanie-marszalka-sejmu-mieszkancami-ramach-konwencji-polska-jedna\/","url":"https:\/\/marekkuchcinski.pl\/prawo-i-sprawiedliwosc\/nowy-sacz-sanok-spotkanie-marszalka-sejmu-mieszkancami-ramach-konwencji-polska-jedna\/","name":"Nowy S\u0105cz i Sanok: spotkanie marsza\u0142ka Sejmu z mieszka\u0144cami w ramach konwencji \u201ePolska jest jedna\" &#8211; Marek Kuchci\u0144ski","isPartOf":{"@id":"https:\/\/marekkuchcinski.pl\/#website"},"primaryImageOfPage":{"@id":"https:\/\/marekkuchcinski.pl\/prawo-i-sprawiedliwosc\/nowy-sacz-sanok-spotkanie-marszalka-sejmu-mieszkancami-ramach-konwencji-polska-jedna\/#primaryimage"},"image":{"@id":"https:\/\/marekkuchcinski.pl\/prawo-i-sprawiedliwosc\/nowy-sacz-sanok-spotkanie-marszalka-sejmu-mieszkancami-ramach-konwencji-polska-jedna\/#primaryimage"},"thumbnailUrl":"https:\/\/marekkuchcinski.pl\/wp-content\/uploads\/2018\/05\/20180526_175535.jpg","datePublished":"2018-05-28T11:06:54+00:00","breadcrumb":{"@id":"https:\/\/marekkuchcinski.pl\/prawo-i-sprawiedliwosc\/nowy-sacz-sanok-spotkanie-marszalka-sejmu-mieszkancami-ramach-konwencji-polska-jedna\/#breadcrumb"},"inLanguage":"en-GB","potentialAction":[{"@type":"ReadAction","target":["https:\/\/marekkuchcinski.pl\/prawo-i-sprawiedliwosc\/nowy-sacz-sanok-spotkanie-marszalka-sejmu-mieszkancami-ramach-konwencji-polska-jedna\/"]}]},{"@type":"ImageObject","inLanguage":"en-GB","@id":"https:\/\/marekkuchcinski.pl\/prawo-i-sprawiedliwosc\/nowy-sacz-sanok-spotkanie-marszalka-sejmu-mieszkancami-ramach-konwencji-polska-jedna\/#primaryimage","url":"https:\/\/marekkuchcinski.pl\/wp-content\/uploads\/2018\/05\/20180526_175535.jpg","contentUrl":"https:\/\/marekkuchcinski.pl\/wp-content\/uploads\/2018\/05\/20180526_175535.jpg","width":1980,"height":1155},{"@type":"BreadcrumbList","@id":"https:\/\/marekkuchcinski.pl\/prawo-i-sprawiedliwosc\/nowy-sacz-sanok-spotkanie-marszalka-sejmu-mieszkancami-ramach-konwencji-polska-jedna\/#breadcrumb","itemListElement":[{"@type":"ListItem","position":1,"name":"Strona g\u0142\u00f3wna","item":"https:\/\/marekkuchcinski.pl\/"},{"@type":"ListItem","position":2,"name":"Nowy S\u0105cz i Sanok: spotkanie marsza\u0142ka Sejmu z mieszka\u0144cami w ramach konwencji \u201ePolska jest jedna&#8221;"}]},{"@type":"WebSite","@id":"https:\/\/marekkuchcinski.pl\/#website","url":"https:\/\/marekkuchcinski.pl\/","name":"Marek Kuchci\u0144ski","description":"Pose\u0142 na sejm RP &ndash; okr\u0119g nr 22","publisher":{"@id":"https:\/\/marekkuchcinski.pl\/#organization"},"potentialAction":[{"@type":"SearchAction","target":{"@type":"EntryPoint","urlTemplate":"https:\/\/marekkuchcinski.pl\/?s={search_term_string}"},"query-input":{"@type":"PropertyValueSpecification","valueRequired":true,"valueName":"search_term_string"}}],"inLanguage":"en-GB"},{"@type":"Organization","@id":"https:\/\/marekkuchcinski.pl\/#organization","name":"Marek Kuchci\u0144ski","url":"https:\/\/marekkuchcinski.pl\/","logo":{"@type":"ImageObject","inLanguage":"en-GB","@id":"https:\/\/marekkuchcinski.pl\/#\/schema\/logo\/image\/","url":"https:\/\/marekkuchcinski.pl\/wp-content\/uploads\/2022\/09\/Marek.jpg","contentUrl":"https:\/\/marekkuchcinski.pl\/wp-content\/uploads\/2022\/09\/Marek.jpg","width":1600,"height":971,"caption":"Marek Kuchci\u0144ski"},"image":{"@id":"https:\/\/marekkuchcinski.pl\/#\/schema\/logo\/image\/"}},{"@type":"Person","@id":"https:\/\/marekkuchcinski.pl\/#\/schema\/person\/6f62700996b4d950b6ea2d1183b6c6be","name":"admin","image":{"@type":"ImageObject","inLanguage":"en-GB","@id":"https:\/\/marekkuchcinski.pl\/#\/schema\/person\/image\/","url":"https:\/\/secure.gravatar.com\/avatar\/4bab693b9d55c3d6b52c0296a8765085?s=96&d=mm&r=g","contentUrl":"https:\/\/secure.gravatar.com\/avatar\/4bab693b9d55c3d6b52c0296a8765085?s=96&d=mm&r=g","caption":"admin"},"url":"https:\/\/marekkuchcinski.pl\/en\/author\/marta-olejnik\/"}]}},"_links":{"self":[{"href":"https:\/\/marekkuchcinski.pl\/en\/wp-json\/wp\/v2\/posts\/9560","targetHints":{"allow":["GET"]}}],"collection":[{"href":"https:\/\/marekkuchcinski.pl\/en\/wp-json\/wp\/v2\/posts"}],"about":[{"href":"https:\/\/marekkuchcinski.pl\/en\/wp-json\/wp\/v2\/types\/post"}],"author":[{"embeddable":true,"href":"https:\/\/marekkuchcinski.pl\/en\/wp-json\/wp\/v2\/users\/6"}],"replies":[{"embeddable":true,"href":"https:\/\/marekkuchcinski.pl\/en\/wp-json\/wp\/v2\/comments?post=9560"}],"version-history":[{"count":2,"href":"https:\/\/marekkuchcinski.pl\/en\/wp-json\/wp\/v2\/posts\/9560\/revisions"}],"predecessor-version":[{"id":9564,"href":"https:\/\/marekkuchcinski.pl\/en\/wp-json\/wp\/v2\/posts\/9560\/revisions\/9564"}],"wp:featuredmedia":[{"embeddable":true,"href":"https:\/\/marekkuchcinski.pl\/en\/wp-json\/wp\/v2\/media\/9562"}],"wp:attachment":[{"href":"https:\/\/marekkuchcinski.pl\/en\/wp-json\/wp\/v2\/media?parent=9560"}],"wp:term":[{"taxonomy":"category","embeddable":true,"href":"https:\/\/marekkuchcinski.pl\/en\/wp-json\/wp\/v2\/categories?post=9560"},{"taxonomy":"post_tag","embeddable":true,"href":"https:\/\/marekkuchcinski.pl\/en\/wp-json\/wp\/v2\/tags?post=9560"}],"curies":[{"name":"wp","href":"https:\/\/api.w.org\/{rel}","templated":true}]}}