{"id":9522,"date":"2018-05-21T12:33:27","date_gmt":"2018-05-21T10:33:27","guid":{"rendered":"https:\/\/marekkuchcinski.pl\/?p=9522"},"modified":"2018-05-21T12:33:27","modified_gmt":"2018-05-21T10:33:27","slug":"marszalek-sejmu-otworzyl-57-festiwal-muzyczny-lancucie","status":"publish","type":"post","link":"https:\/\/marekkuchcinski.pl\/en\/wydarzenia\/marszalek-sejmu-otworzyl-57-festiwal-muzyczny-lancucie\/","title":{"rendered":"The Speaker of the Sejm opened the 57th Music Festival in \u0141a\u0144cut"},"content":{"rendered":"<p>- One can get the impression that music, as an art presented here, has ceased to be a form of chamber music, exclusively in terms of high culture, addressed to a narrow group of recipients, but has become a certain form of life and influencing the life of the entire society, the entire nation. This is openness that gives opportunities and possibilities to all citizens of the Republic of Poland, to the listeners,\" said Marek Kuchci\u0144ski during the 57th \u0141a\u0144cut Music Festival. According to the Marshal, the festival is an excellent example of the permeation of multiculturalism and European community in a very good sense.<\/p>\n<p>During the opening ceremony, the Marshal noted that if we looked back to the 1960s and the first \u0141a\u0144cut festivals, no one would have dreamed that the festival would achieve such fame and accomplishments. At the same time, it remains a festival in which music is an art that influences the life of the entire society. - It is the merit of the creators and organizers,\" he said. - I congratulate and thank the Director of the Philharmonic Marta Wierzbieniec for her achievements, especially the latest ones, such as the symphony of light, and the Marshal of the voivodship Wladyslaw Ortyl for his good and wise care of the festival and the philharmonic. I congratulate Wit W\u00f3jtowicz for maintaining and running the museum and castle, this symbolic place in the history of Poland, and Polish culture in particular,\" said the Marshal.<\/p>\n<p>The festival at \u0141a\u0144cut Castle, one of the most beautiful magnate residences in Europe, has been organized for 60 years. The musical traditions of this place date back to the 18th century. In 1961 it was revived thanks to the State Philharmonic in Rzesz\u00f3w. The festival attracts outstanding singers, instrumentalists, and stars of the stage, as well as concerts by renowned orchestras and chamber ensembles, and also scientific sessions and music workshops, while its reputation is enhanced by great names such as Rafa\u0142 Blechacz and Jos\u00e9 Carreras.<\/p>\n<p><em>Photo: Michal Mielniczuk<\/em><a href=\"https:\/\/marekkuchcinski.pl\/wp-content\/uploads\/2018\/05\/04DC29A9-45C0-4BC9-A225-5EC3AC51F5A9.jpeg\"><img fetchpriority=\"high\" decoding=\"async\" class=\"alignnone size-full wp-image-9523\" src=\"https:\/\/marekkuchcinski.pl\/wp-content\/uploads\/2018\/05\/04DC29A9-45C0-4BC9-A225-5EC3AC51F5A9.jpeg\" alt=\"04DC29A9-45C0-4BC9-A225-5EC3AC51F5A9\" width=\"1683\" height=\"1122\" srcset=\"https:\/\/marekkuchcinski.pl\/wp-content\/uploads\/2018\/05\/04DC29A9-45C0-4BC9-A225-5EC3AC51F5A9.jpeg 1683w, https:\/\/marekkuchcinski.pl\/wp-content\/uploads\/2018\/05\/04DC29A9-45C0-4BC9-A225-5EC3AC51F5A9-300x200.jpeg 300w, https:\/\/marekkuchcinski.pl\/wp-content\/uploads\/2018\/05\/04DC29A9-45C0-4BC9-A225-5EC3AC51F5A9-768x512.jpeg 768w, https:\/\/marekkuchcinski.pl\/wp-content\/uploads\/2018\/05\/04DC29A9-45C0-4BC9-A225-5EC3AC51F5A9-1024x683.jpeg 1024w\" sizes=\"(max-width: 1683px) 100vw, 1683px\" \/><\/a> <a href=\"https:\/\/marekkuchcinski.pl\/wp-content\/uploads\/2018\/05\/7C69C153-5AAB-43A2-BCC6-9124D84E1CC7.jpeg\"><img decoding=\"async\" class=\"alignnone size-full wp-image-9524\" src=\"https:\/\/marekkuchcinski.pl\/wp-content\/uploads\/2018\/05\/7C69C153-5AAB-43A2-BCC6-9124D84E1CC7.jpeg\" alt=\"7C69C153-5AAB-43A2-BCC6-9124D84E1CC7\" width=\"1920\" height=\"1280\" srcset=\"https:\/\/marekkuchcinski.pl\/wp-content\/uploads\/2018\/05\/7C69C153-5AAB-43A2-BCC6-9124D84E1CC7.jpeg 1920w, https:\/\/marekkuchcinski.pl\/wp-content\/uploads\/2018\/05\/7C69C153-5AAB-43A2-BCC6-9124D84E1CC7-300x200.jpeg 300w, https:\/\/marekkuchcinski.pl\/wp-content\/uploads\/2018\/05\/7C69C153-5AAB-43A2-BCC6-9124D84E1CC7-768x512.jpeg 768w, https:\/\/marekkuchcinski.pl\/wp-content\/uploads\/2018\/05\/7C69C153-5AAB-43A2-BCC6-9124D84E1CC7-1024x683.jpeg 1024w\" sizes=\"(max-width: 1920px) 100vw, 1920px\" \/><\/a> <a href=\"https:\/\/marekkuchcinski.pl\/wp-content\/uploads\/2018\/05\/60E0DF05-9FCA-452F-8F92-E79648706E23.jpeg\"><img decoding=\"async\" class=\"alignnone size-full wp-image-9525\" src=\"https:\/\/marekkuchcinski.pl\/wp-content\/uploads\/2018\/05\/60E0DF05-9FCA-452F-8F92-E79648706E23.jpeg\" alt=\"60E0DF05-9FCA-452F-8F92-E79648706E23\" width=\"1920\" height=\"1280\" srcset=\"https:\/\/marekkuchcinski.pl\/wp-content\/uploads\/2018\/05\/60E0DF05-9FCA-452F-8F92-E79648706E23.jpeg 1920w, https:\/\/marekkuchcinski.pl\/wp-content\/uploads\/2018\/05\/60E0DF05-9FCA-452F-8F92-E79648706E23-300x200.jpeg 300w, https:\/\/marekkuchcinski.pl\/wp-content\/uploads\/2018\/05\/60E0DF05-9FCA-452F-8F92-E79648706E23-768x512.jpeg 768w, https:\/\/marekkuchcinski.pl\/wp-content\/uploads\/2018\/05\/60E0DF05-9FCA-452F-8F92-E79648706E23-1024x683.jpeg 1024w\" sizes=\"(max-width: 1920px) 100vw, 1920px\" \/><\/a> <a href=\"https:\/\/marekkuchcinski.pl\/wp-content\/uploads\/2018\/05\/322AC0DC-7183-4274-8A96-44E071A2DF01.jpeg\"><img loading=\"lazy\" decoding=\"async\" class=\"alignnone size-full wp-image-9526\" src=\"https:\/\/marekkuchcinski.pl\/wp-content\/uploads\/2018\/05\/322AC0DC-7183-4274-8A96-44E071A2DF01.jpeg\" alt=\"322AC0DC-7183-4274-8A96-44E071A2DF01\" width=\"1695\" height=\"1130\" srcset=\"https:\/\/marekkuchcinski.pl\/wp-content\/uploads\/2018\/05\/322AC0DC-7183-4274-8A96-44E071A2DF01.jpeg 1695w, https:\/\/marekkuchcinski.pl\/wp-content\/uploads\/2018\/05\/322AC0DC-7183-4274-8A96-44E071A2DF01-300x200.jpeg 300w, https:\/\/marekkuchcinski.pl\/wp-content\/uploads\/2018\/05\/322AC0DC-7183-4274-8A96-44E071A2DF01-768x512.jpeg 768w, https:\/\/marekkuchcinski.pl\/wp-content\/uploads\/2018\/05\/322AC0DC-7183-4274-8A96-44E071A2DF01-1024x683.jpeg 1024w\" sizes=\"(max-width: 1695px) 100vw, 1695px\" \/><\/a> <a href=\"https:\/\/marekkuchcinski.pl\/wp-content\/uploads\/2018\/05\/4478480E-EC66-4B17-B583-AC187AFF3B74.jpeg\"><img loading=\"lazy\" decoding=\"async\" class=\"alignnone size-full wp-image-9527\" src=\"https:\/\/marekkuchcinski.pl\/wp-content\/uploads\/2018\/05\/4478480E-EC66-4B17-B583-AC187AFF3B74.jpeg\" alt=\"4478480E-EC66-4B17-B583-AC187AFF3B74\" width=\"1581\" height=\"1054\" srcset=\"https:\/\/marekkuchcinski.pl\/wp-content\/uploads\/2018\/05\/4478480E-EC66-4B17-B583-AC187AFF3B74.jpeg 1581w, https:\/\/marekkuchcinski.pl\/wp-content\/uploads\/2018\/05\/4478480E-EC66-4B17-B583-AC187AFF3B74-300x200.jpeg 300w, https:\/\/marekkuchcinski.pl\/wp-content\/uploads\/2018\/05\/4478480E-EC66-4B17-B583-AC187AFF3B74-768x512.jpeg 768w, https:\/\/marekkuchcinski.pl\/wp-content\/uploads\/2018\/05\/4478480E-EC66-4B17-B583-AC187AFF3B74-1024x683.jpeg 1024w\" sizes=\"(max-width: 1581px) 100vw, 1581px\" \/><\/a> <a href=\"https:\/\/marekkuchcinski.pl\/wp-content\/uploads\/2018\/05\/ABA93183-00DC-4A4C-A595-8D8D836B8F49.jpeg\"><img loading=\"lazy\" decoding=\"async\" class=\"alignnone size-full wp-image-9528\" src=\"https:\/\/marekkuchcinski.pl\/wp-content\/uploads\/2018\/05\/ABA93183-00DC-4A4C-A595-8D8D836B8F49.jpeg\" alt=\"ABA93183-00DC-4A4C-A595-8D8D836B8F49\" width=\"1500\" height=\"1000\" srcset=\"https:\/\/marekkuchcinski.pl\/wp-content\/uploads\/2018\/05\/ABA93183-00DC-4A4C-A595-8D8D836B8F49.jpeg 1500w, https:\/\/marekkuchcinski.pl\/wp-content\/uploads\/2018\/05\/ABA93183-00DC-4A4C-A595-8D8D836B8F49-300x200.jpeg 300w, https:\/\/marekkuchcinski.pl\/wp-content\/uploads\/2018\/05\/ABA93183-00DC-4A4C-A595-8D8D836B8F49-768x512.jpeg 768w, https:\/\/marekkuchcinski.pl\/wp-content\/uploads\/2018\/05\/ABA93183-00DC-4A4C-A595-8D8D836B8F49-1024x683.jpeg 1024w\" sizes=\"(max-width: 1500px) 100vw, 1500px\" \/><\/a> <a href=\"https:\/\/marekkuchcinski.pl\/wp-content\/uploads\/2018\/05\/ACFBA040-324E-46EB-ACF8-04F2178C8FCE.jpeg\"><img loading=\"lazy\" decoding=\"async\" class=\"alignnone size-full wp-image-9529\" src=\"https:\/\/marekkuchcinski.pl\/wp-content\/uploads\/2018\/05\/ACFBA040-324E-46EB-ACF8-04F2178C8FCE.jpeg\" alt=\"ACFBA040-324E-46EB-ACF8-04F2178C8FCE\" width=\"1920\" height=\"1280\" srcset=\"https:\/\/marekkuchcinski.pl\/wp-content\/uploads\/2018\/05\/ACFBA040-324E-46EB-ACF8-04F2178C8FCE.jpeg 1920w, https:\/\/marekkuchcinski.pl\/wp-content\/uploads\/2018\/05\/ACFBA040-324E-46EB-ACF8-04F2178C8FCE-300x200.jpeg 300w, https:\/\/marekkuchcinski.pl\/wp-content\/uploads\/2018\/05\/ACFBA040-324E-46EB-ACF8-04F2178C8FCE-768x512.jpeg 768w, https:\/\/marekkuchcinski.pl\/wp-content\/uploads\/2018\/05\/ACFBA040-324E-46EB-ACF8-04F2178C8FCE-1024x683.jpeg 1024w\" sizes=\"(max-width: 1920px) 100vw, 1920px\" \/><\/a><\/p>","protected":false},"excerpt":{"rendered":"<p>\u2013 Mo\u017cna odnie\u015b\u0107 wra\u017cenie, \u017ce muzyka, jako sztuka tutaj prezentowana, przesta\u0142a by\u0107 form\u0105 muzyki kameralnej, wy\u0142\u0105cznie w kategoriach wysokiej kultury, skierowanej do w\u0105skiej grupy odbiorc\u00f3w, ale sta\u0142a si\u0119 pewn\u0105 form\u0105 \u017cycia i wp\u0142ywaj\u0105c\u0105 na \u017cycie ca\u0142ego spo\u0142ecze\u0144stwa, ca\u0142ego narodu. To jest otwarto\u015b\u0107 daj\u0105ca szans\u0119 i mo\u017cliwo\u015bci wszystkim obywatelom Rzeczypospolitej, s\u0142uchaczom \u2013 m\u00f3wi\u0142 Marek Kuchci\u0144ski podczas [&hellip;]<\/p>","protected":false},"author":6,"featured_media":9525,"comment_status":"open","ping_status":"open","sticky":false,"template":"","format":"standard","meta":{"ngg_post_thumbnail":0,"footnotes":""},"categories":[49,50,3],"tags":[],"class_list":["post-9522","post","type-post","status-publish","format-standard","has-post-thumbnail","hentry","category-podkarpacie","category-wspolpraca-miedzynarodowa","category-wydarzenia"],"yoast_head":"<!-- This site is optimized with the Yoast SEO plugin v24.7 - https:\/\/yoast.com\/wordpress\/plugins\/seo\/ -->\n<title>Marsza\u0142ek Sejmu otworzy\u0142 57. Festiwal Muzyczny w \u0141a\u0144cucie &#8211; Marek Kuchci\u0144ski<\/title>\n<meta name=\"robots\" content=\"index, follow, max-snippet:-1, max-image-preview:large, max-video-preview:-1\" \/>\n<link rel=\"canonical\" href=\"https:\/\/marekkuchcinski.pl\/en\/wydarzenia\/marszalek-sejmu-otworzyl-57-festiwal-muzyczny-lancucie\/\" \/>\n<meta property=\"og:locale\" content=\"en_GB\" \/>\n<meta property=\"og:type\" content=\"article\" \/>\n<meta property=\"og:title\" content=\"Marsza\u0142ek Sejmu otworzy\u0142 57. Festiwal Muzyczny w \u0141a\u0144cucie &#8211; Marek Kuchci\u0144ski\" \/>\n<meta property=\"og:description\" content=\"\u2013 Mo\u017cna odnie\u015b\u0107 wra\u017cenie, \u017ce muzyka, jako sztuka tutaj prezentowana, przesta\u0142a by\u0107 form\u0105 muzyki kameralnej, wy\u0142\u0105cznie w kategoriach wysokiej kultury, skierowanej do w\u0105skiej grupy odbiorc\u00f3w, ale sta\u0142a si\u0119 pewn\u0105 form\u0105 \u017cycia i wp\u0142ywaj\u0105c\u0105 na \u017cycie ca\u0142ego spo\u0142ecze\u0144stwa, ca\u0142ego narodu. To jest otwarto\u015b\u0107 daj\u0105ca szans\u0119 i mo\u017cliwo\u015bci wszystkim obywatelom Rzeczypospolitej, s\u0142uchaczom \u2013 m\u00f3wi\u0142 Marek Kuchci\u0144ski podczas [&hellip;]\" \/>\n<meta property=\"og:url\" content=\"https:\/\/marekkuchcinski.pl\/en\/wydarzenia\/marszalek-sejmu-otworzyl-57-festiwal-muzyczny-lancucie\/\" \/>\n<meta property=\"og:site_name\" content=\"Marek Kuchci\u0144ski\" \/>\n<meta property=\"article:published_time\" content=\"2018-05-21T10:33:27+00:00\" \/>\n<meta property=\"og:image\" content=\"https:\/\/marekkuchcinski.pl\/wp-content\/uploads\/2018\/05\/60E0DF05-9FCA-452F-8F92-E79648706E23.jpeg\" \/>\n\t<meta property=\"og:image:width\" content=\"1920\" \/>\n\t<meta property=\"og:image:height\" content=\"1280\" \/>\n\t<meta property=\"og:image:type\" content=\"image\/jpeg\" \/>\n<meta name=\"author\" content=\"admin\" \/>\n<meta name=\"twitter:card\" content=\"summary_large_image\" \/>\n<meta name=\"twitter:label1\" content=\"Written by\" \/>\n\t<meta name=\"twitter:data1\" content=\"admin\" \/>\n\t<meta name=\"twitter:label2\" content=\"Estimated reading time\" \/>\n\t<meta name=\"twitter:data2\" content=\"2 minutes\" \/>\n<script type=\"application\/ld+json\" class=\"yoast-schema-graph\">{\"@context\":\"https:\/\/schema.org\",\"@graph\":[{\"@type\":\"Article\",\"@id\":\"https:\/\/marekkuchcinski.pl\/sk\/wydarzenia\/marszalek-sejmu-otworzyl-57-festiwal-muzyczny-lancucie\/#article\",\"isPartOf\":{\"@id\":\"https:\/\/marekkuchcinski.pl\/sk\/wydarzenia\/marszalek-sejmu-otworzyl-57-festiwal-muzyczny-lancucie\/\"},\"author\":{\"name\":\"admin\",\"@id\":\"https:\/\/marekkuchcinski.pl\/#\/schema\/person\/6f62700996b4d950b6ea2d1183b6c6be\"},\"headline\":\"Marsza\u0142ek Sejmu otworzy\u0142 57. Festiwal Muzyczny w \u0141a\u0144cucie\",\"datePublished\":\"2018-05-21T10:33:27+00:00\",\"mainEntityOfPage\":{\"@id\":\"https:\/\/marekkuchcinski.pl\/sk\/wydarzenia\/marszalek-sejmu-otworzyl-57-festiwal-muzyczny-lancucie\/\"},\"wordCount\":322,\"commentCount\":0,\"publisher\":{\"@id\":\"https:\/\/marekkuchcinski.pl\/#organization\"},\"image\":{\"@id\":\"https:\/\/marekkuchcinski.pl\/sk\/wydarzenia\/marszalek-sejmu-otworzyl-57-festiwal-muzyczny-lancucie\/#primaryimage\"},\"thumbnailUrl\":\"https:\/\/marekkuchcinski.pl\/wp-content\/uploads\/2018\/05\/60E0DF05-9FCA-452F-8F92-E79648706E23.jpeg\",\"articleSection\":[\"Podkarpacie\",\"Wsp\u00f3\u0142praca mi\u0119dzynarodowa\",\"Wydarzenia\"],\"inLanguage\":\"en-GB\",\"potentialAction\":[{\"@type\":\"CommentAction\",\"name\":\"Comment\",\"target\":[\"https:\/\/marekkuchcinski.pl\/sk\/wydarzenia\/marszalek-sejmu-otworzyl-57-festiwal-muzyczny-lancucie\/#respond\"]}]},{\"@type\":\"WebPage\",\"@id\":\"https:\/\/marekkuchcinski.pl\/sk\/wydarzenia\/marszalek-sejmu-otworzyl-57-festiwal-muzyczny-lancucie\/\",\"url\":\"https:\/\/marekkuchcinski.pl\/sk\/wydarzenia\/marszalek-sejmu-otworzyl-57-festiwal-muzyczny-lancucie\/\",\"name\":\"Marsza\u0142ek Sejmu otworzy\u0142 57. Festiwal Muzyczny w \u0141a\u0144cucie &#8211; Marek Kuchci\u0144ski\",\"isPartOf\":{\"@id\":\"https:\/\/marekkuchcinski.pl\/#website\"},\"primaryImageOfPage\":{\"@id\":\"https:\/\/marekkuchcinski.pl\/sk\/wydarzenia\/marszalek-sejmu-otworzyl-57-festiwal-muzyczny-lancucie\/#primaryimage\"},\"image\":{\"@id\":\"https:\/\/marekkuchcinski.pl\/sk\/wydarzenia\/marszalek-sejmu-otworzyl-57-festiwal-muzyczny-lancucie\/#primaryimage\"},\"thumbnailUrl\":\"https:\/\/marekkuchcinski.pl\/wp-content\/uploads\/2018\/05\/60E0DF05-9FCA-452F-8F92-E79648706E23.jpeg\",\"datePublished\":\"2018-05-21T10:33:27+00:00\",\"breadcrumb\":{\"@id\":\"https:\/\/marekkuchcinski.pl\/sk\/wydarzenia\/marszalek-sejmu-otworzyl-57-festiwal-muzyczny-lancucie\/#breadcrumb\"},\"inLanguage\":\"en-GB\",\"potentialAction\":[{\"@type\":\"ReadAction\",\"target\":[\"https:\/\/marekkuchcinski.pl\/sk\/wydarzenia\/marszalek-sejmu-otworzyl-57-festiwal-muzyczny-lancucie\/\"]}]},{\"@type\":\"ImageObject\",\"inLanguage\":\"en-GB\",\"@id\":\"https:\/\/marekkuchcinski.pl\/sk\/wydarzenia\/marszalek-sejmu-otworzyl-57-festiwal-muzyczny-lancucie\/#primaryimage\",\"url\":\"https:\/\/marekkuchcinski.pl\/wp-content\/uploads\/2018\/05\/60E0DF05-9FCA-452F-8F92-E79648706E23.jpeg\",\"contentUrl\":\"https:\/\/marekkuchcinski.pl\/wp-content\/uploads\/2018\/05\/60E0DF05-9FCA-452F-8F92-E79648706E23.jpeg\",\"width\":1920,\"height\":1280},{\"@type\":\"BreadcrumbList\",\"@id\":\"https:\/\/marekkuchcinski.pl\/sk\/wydarzenia\/marszalek-sejmu-otworzyl-57-festiwal-muzyczny-lancucie\/#breadcrumb\",\"itemListElement\":[{\"@type\":\"ListItem\",\"position\":1,\"name\":\"Strona g\u0142\u00f3wna\",\"item\":\"https:\/\/marekkuchcinski.pl\/\"},{\"@type\":\"ListItem\",\"position\":2,\"name\":\"Marsza\u0142ek Sejmu otworzy\u0142 57. Festiwal Muzyczny w \u0141a\u0144cucie\"}]},{\"@type\":\"WebSite\",\"@id\":\"https:\/\/marekkuchcinski.pl\/#website\",\"url\":\"https:\/\/marekkuchcinski.pl\/\",\"name\":\"Marek Kuchci\u0144ski\",\"description\":\"Pose\u0142 na sejm RP &ndash; okr\u0119g nr 22\",\"publisher\":{\"@id\":\"https:\/\/marekkuchcinski.pl\/#organization\"},\"potentialAction\":[{\"@type\":\"SearchAction\",\"target\":{\"@type\":\"EntryPoint\",\"urlTemplate\":\"https:\/\/marekkuchcinski.pl\/?s={search_term_string}\"},\"query-input\":{\"@type\":\"PropertyValueSpecification\",\"valueRequired\":true,\"valueName\":\"search_term_string\"}}],\"inLanguage\":\"en-GB\"},{\"@type\":\"Organization\",\"@id\":\"https:\/\/marekkuchcinski.pl\/#organization\",\"name\":\"Marek Kuchci\u0144ski\",\"url\":\"https:\/\/marekkuchcinski.pl\/\",\"logo\":{\"@type\":\"ImageObject\",\"inLanguage\":\"en-GB\",\"@id\":\"https:\/\/marekkuchcinski.pl\/#\/schema\/logo\/image\/\",\"url\":\"https:\/\/marekkuchcinski.pl\/wp-content\/uploads\/2022\/09\/Marek.jpg\",\"contentUrl\":\"https:\/\/marekkuchcinski.pl\/wp-content\/uploads\/2022\/09\/Marek.jpg\",\"width\":1600,\"height\":971,\"caption\":\"Marek Kuchci\u0144ski\"},\"image\":{\"@id\":\"https:\/\/marekkuchcinski.pl\/#\/schema\/logo\/image\/\"}},{\"@type\":\"Person\",\"@id\":\"https:\/\/marekkuchcinski.pl\/#\/schema\/person\/6f62700996b4d950b6ea2d1183b6c6be\",\"name\":\"admin\",\"image\":{\"@type\":\"ImageObject\",\"inLanguage\":\"en-GB\",\"@id\":\"https:\/\/marekkuchcinski.pl\/#\/schema\/person\/image\/\",\"url\":\"https:\/\/secure.gravatar.com\/avatar\/4bab693b9d55c3d6b52c0296a8765085?s=96&d=mm&r=g\",\"contentUrl\":\"https:\/\/secure.gravatar.com\/avatar\/4bab693b9d55c3d6b52c0296a8765085?s=96&d=mm&r=g\",\"caption\":\"admin\"},\"url\":\"https:\/\/marekkuchcinski.pl\/en\/author\/marta-olejnik\/\"}]}<\/script>\n<!-- \/ Yoast SEO plugin. -->","yoast_head_json":{"title":"Marsza\u0142ek Sejmu otworzy\u0142 57. Festiwal Muzyczny w \u0141a\u0144cucie &#8211; Marek Kuchci\u0144ski","robots":{"index":"index","follow":"follow","max-snippet":"max-snippet:-1","max-image-preview":"max-image-preview:large","max-video-preview":"max-video-preview:-1"},"canonical":"https:\/\/marekkuchcinski.pl\/en\/wydarzenia\/marszalek-sejmu-otworzyl-57-festiwal-muzyczny-lancucie\/","og_locale":"en_GB","og_type":"article","og_title":"Marsza\u0142ek Sejmu otworzy\u0142 57. Festiwal Muzyczny w \u0141a\u0144cucie &#8211; Marek Kuchci\u0144ski","og_description":"\u2013 Mo\u017cna odnie\u015b\u0107 wra\u017cenie, \u017ce muzyka, jako sztuka tutaj prezentowana, przesta\u0142a by\u0107 form\u0105 muzyki kameralnej, wy\u0142\u0105cznie w kategoriach wysokiej kultury, skierowanej do w\u0105skiej grupy odbiorc\u00f3w, ale sta\u0142a si\u0119 pewn\u0105 form\u0105 \u017cycia i wp\u0142ywaj\u0105c\u0105 na \u017cycie ca\u0142ego spo\u0142ecze\u0144stwa, ca\u0142ego narodu. To jest otwarto\u015b\u0107 daj\u0105ca szans\u0119 i mo\u017cliwo\u015bci wszystkim obywatelom Rzeczypospolitej, s\u0142uchaczom \u2013 m\u00f3wi\u0142 Marek Kuchci\u0144ski podczas [&hellip;]","og_url":"https:\/\/marekkuchcinski.pl\/en\/wydarzenia\/marszalek-sejmu-otworzyl-57-festiwal-muzyczny-lancucie\/","og_site_name":"Marek Kuchci\u0144ski","article_published_time":"2018-05-21T10:33:27+00:00","og_image":[{"width":1920,"height":1280,"url":"https:\/\/marekkuchcinski.pl\/wp-content\/uploads\/2018\/05\/60E0DF05-9FCA-452F-8F92-E79648706E23.jpeg","type":"image\/jpeg"}],"author":"admin","twitter_card":"summary_large_image","twitter_misc":{"Written by":"admin","Estimated reading time":"2 minutes"},"schema":{"@context":"https:\/\/schema.org","@graph":[{"@type":"Article","@id":"https:\/\/marekkuchcinski.pl\/sk\/wydarzenia\/marszalek-sejmu-otworzyl-57-festiwal-muzyczny-lancucie\/#article","isPartOf":{"@id":"https:\/\/marekkuchcinski.pl\/sk\/wydarzenia\/marszalek-sejmu-otworzyl-57-festiwal-muzyczny-lancucie\/"},"author":{"name":"admin","@id":"https:\/\/marekkuchcinski.pl\/#\/schema\/person\/6f62700996b4d950b6ea2d1183b6c6be"},"headline":"Marsza\u0142ek Sejmu otworzy\u0142 57. Festiwal Muzyczny w \u0141a\u0144cucie","datePublished":"2018-05-21T10:33:27+00:00","mainEntityOfPage":{"@id":"https:\/\/marekkuchcinski.pl\/sk\/wydarzenia\/marszalek-sejmu-otworzyl-57-festiwal-muzyczny-lancucie\/"},"wordCount":322,"commentCount":0,"publisher":{"@id":"https:\/\/marekkuchcinski.pl\/#organization"},"image":{"@id":"https:\/\/marekkuchcinski.pl\/sk\/wydarzenia\/marszalek-sejmu-otworzyl-57-festiwal-muzyczny-lancucie\/#primaryimage"},"thumbnailUrl":"https:\/\/marekkuchcinski.pl\/wp-content\/uploads\/2018\/05\/60E0DF05-9FCA-452F-8F92-E79648706E23.jpeg","articleSection":["Podkarpacie","Wsp\u00f3\u0142praca mi\u0119dzynarodowa","Wydarzenia"],"inLanguage":"en-GB","potentialAction":[{"@type":"CommentAction","name":"Comment","target":["https:\/\/marekkuchcinski.pl\/sk\/wydarzenia\/marszalek-sejmu-otworzyl-57-festiwal-muzyczny-lancucie\/#respond"]}]},{"@type":"WebPage","@id":"https:\/\/marekkuchcinski.pl\/sk\/wydarzenia\/marszalek-sejmu-otworzyl-57-festiwal-muzyczny-lancucie\/","url":"https:\/\/marekkuchcinski.pl\/sk\/wydarzenia\/marszalek-sejmu-otworzyl-57-festiwal-muzyczny-lancucie\/","name":"Marsza\u0142ek Sejmu otworzy\u0142 57. Festiwal Muzyczny w \u0141a\u0144cucie &#8211; Marek Kuchci\u0144ski","isPartOf":{"@id":"https:\/\/marekkuchcinski.pl\/#website"},"primaryImageOfPage":{"@id":"https:\/\/marekkuchcinski.pl\/sk\/wydarzenia\/marszalek-sejmu-otworzyl-57-festiwal-muzyczny-lancucie\/#primaryimage"},"image":{"@id":"https:\/\/marekkuchcinski.pl\/sk\/wydarzenia\/marszalek-sejmu-otworzyl-57-festiwal-muzyczny-lancucie\/#primaryimage"},"thumbnailUrl":"https:\/\/marekkuchcinski.pl\/wp-content\/uploads\/2018\/05\/60E0DF05-9FCA-452F-8F92-E79648706E23.jpeg","datePublished":"2018-05-21T10:33:27+00:00","breadcrumb":{"@id":"https:\/\/marekkuchcinski.pl\/sk\/wydarzenia\/marszalek-sejmu-otworzyl-57-festiwal-muzyczny-lancucie\/#breadcrumb"},"inLanguage":"en-GB","potentialAction":[{"@type":"ReadAction","target":["https:\/\/marekkuchcinski.pl\/sk\/wydarzenia\/marszalek-sejmu-otworzyl-57-festiwal-muzyczny-lancucie\/"]}]},{"@type":"ImageObject","inLanguage":"en-GB","@id":"https:\/\/marekkuchcinski.pl\/sk\/wydarzenia\/marszalek-sejmu-otworzyl-57-festiwal-muzyczny-lancucie\/#primaryimage","url":"https:\/\/marekkuchcinski.pl\/wp-content\/uploads\/2018\/05\/60E0DF05-9FCA-452F-8F92-E79648706E23.jpeg","contentUrl":"https:\/\/marekkuchcinski.pl\/wp-content\/uploads\/2018\/05\/60E0DF05-9FCA-452F-8F92-E79648706E23.jpeg","width":1920,"height":1280},{"@type":"BreadcrumbList","@id":"https:\/\/marekkuchcinski.pl\/sk\/wydarzenia\/marszalek-sejmu-otworzyl-57-festiwal-muzyczny-lancucie\/#breadcrumb","itemListElement":[{"@type":"ListItem","position":1,"name":"Strona g\u0142\u00f3wna","item":"https:\/\/marekkuchcinski.pl\/"},{"@type":"ListItem","position":2,"name":"Marsza\u0142ek Sejmu otworzy\u0142 57. Festiwal Muzyczny w \u0141a\u0144cucie"}]},{"@type":"WebSite","@id":"https:\/\/marekkuchcinski.pl\/#website","url":"https:\/\/marekkuchcinski.pl\/","name":"Marek Kuchci\u0144ski","description":"Pose\u0142 na sejm RP &ndash; okr\u0119g nr 22","publisher":{"@id":"https:\/\/marekkuchcinski.pl\/#organization"},"potentialAction":[{"@type":"SearchAction","target":{"@type":"EntryPoint","urlTemplate":"https:\/\/marekkuchcinski.pl\/?s={search_term_string}"},"query-input":{"@type":"PropertyValueSpecification","valueRequired":true,"valueName":"search_term_string"}}],"inLanguage":"en-GB"},{"@type":"Organization","@id":"https:\/\/marekkuchcinski.pl\/#organization","name":"Marek Kuchci\u0144ski","url":"https:\/\/marekkuchcinski.pl\/","logo":{"@type":"ImageObject","inLanguage":"en-GB","@id":"https:\/\/marekkuchcinski.pl\/#\/schema\/logo\/image\/","url":"https:\/\/marekkuchcinski.pl\/wp-content\/uploads\/2022\/09\/Marek.jpg","contentUrl":"https:\/\/marekkuchcinski.pl\/wp-content\/uploads\/2022\/09\/Marek.jpg","width":1600,"height":971,"caption":"Marek Kuchci\u0144ski"},"image":{"@id":"https:\/\/marekkuchcinski.pl\/#\/schema\/logo\/image\/"}},{"@type":"Person","@id":"https:\/\/marekkuchcinski.pl\/#\/schema\/person\/6f62700996b4d950b6ea2d1183b6c6be","name":"admin","image":{"@type":"ImageObject","inLanguage":"en-GB","@id":"https:\/\/marekkuchcinski.pl\/#\/schema\/person\/image\/","url":"https:\/\/secure.gravatar.com\/avatar\/4bab693b9d55c3d6b52c0296a8765085?s=96&d=mm&r=g","contentUrl":"https:\/\/secure.gravatar.com\/avatar\/4bab693b9d55c3d6b52c0296a8765085?s=96&d=mm&r=g","caption":"admin"},"url":"https:\/\/marekkuchcinski.pl\/en\/author\/marta-olejnik\/"}]}},"_links":{"self":[{"href":"https:\/\/marekkuchcinski.pl\/en\/wp-json\/wp\/v2\/posts\/9522","targetHints":{"allow":["GET"]}}],"collection":[{"href":"https:\/\/marekkuchcinski.pl\/en\/wp-json\/wp\/v2\/posts"}],"about":[{"href":"https:\/\/marekkuchcinski.pl\/en\/wp-json\/wp\/v2\/types\/post"}],"author":[{"embeddable":true,"href":"https:\/\/marekkuchcinski.pl\/en\/wp-json\/wp\/v2\/users\/6"}],"replies":[{"embeddable":true,"href":"https:\/\/marekkuchcinski.pl\/en\/wp-json\/wp\/v2\/comments?post=9522"}],"version-history":[{"count":2,"href":"https:\/\/marekkuchcinski.pl\/en\/wp-json\/wp\/v2\/posts\/9522\/revisions"}],"predecessor-version":[{"id":9531,"href":"https:\/\/marekkuchcinski.pl\/en\/wp-json\/wp\/v2\/posts\/9522\/revisions\/9531"}],"wp:featuredmedia":[{"embeddable":true,"href":"https:\/\/marekkuchcinski.pl\/en\/wp-json\/wp\/v2\/media\/9525"}],"wp:attachment":[{"href":"https:\/\/marekkuchcinski.pl\/en\/wp-json\/wp\/v2\/media?parent=9522"}],"wp:term":[{"taxonomy":"category","embeddable":true,"href":"https:\/\/marekkuchcinski.pl\/en\/wp-json\/wp\/v2\/categories?post=9522"},{"taxonomy":"post_tag","embeddable":true,"href":"https:\/\/marekkuchcinski.pl\/en\/wp-json\/wp\/v2\/tags?post=9522"}],"curies":[{"name":"wp","href":"https:\/\/api.w.org\/{rel}","templated":true}]}}