{"id":9505,"date":"2018-05-21T11:35:16","date_gmt":"2018-05-21T09:35:16","guid":{"rendered":"https:\/\/marekkuchcinski.pl\/?p=9505"},"modified":"2018-05-21T12:42:47","modified_gmt":"2018-05-21T10:42:47","slug":"koprzywnica-spotkanie-marszalka-sejmu-mieszkancami-ramach-kampanii-polska-jedna","status":"publish","type":"post","link":"https:\/\/marekkuchcinski.pl\/en\/wydarzenia\/koprzywnica-spotkanie-marszalka-sejmu-mieszkancami-ramach-kampanii-polska-jedna\/","title":{"rendered":"Koprzywnica: meeting of the Speaker of the Sejm with the inhabitants as part of the \"Poland is one\" campaign"},"content":{"rendered":"<p>As part of the \"Poland is one\" campaign, Marek Kuchcinski met with residents of Koprzywnica. He stressed that during the 2.5 years of Law and Justice rule, it has been possible to introduce the programs and reforms announced in the campaign. He also referred to Prime Minister Mateusz Morawiecki's recently announced program, first and foremost the proposals of the \"Accessibility Plus\" package, which envisages the allocation of PLN 23 billion in the coming years for solutions to make everyday life easier for disabled and elderly people or parents with young children. - These are proposals aimed at launching various measures in local architecture, infrastructure, Kuchcinski said.<\/p>\n<p>The Sandomierz region is one of the largest producers and exporters of apples in Poland. During a meeting with the Speaker of the Sejm, residents asked for support for the centuries-old tradition of fruit farming. They also talked about improving infrastructure, the government's road fund - 5 billion zlotys that will go to municipal and district governments - for road repair and reconstruction.  Residents were interested in the construction of a bridge over the Vistula, which would connect the Koprzywnica region with the Podkarpackie Voivodeship. The Speaker of the Sejm assured that if the need was proven, he would support it.<\/p>\n<p>Among the questions were those about war reparations. Referring, the Speaker said that Poland is<br \/>\nthe only country where reparations were received not directly from the Germans, but through the Soviet Union.  - This was not taken care of, it was somehow hidden from the public, and now we have to bring these issues out again and make an analysis and assessment of what costs Poland incurred,\" Kuchcinski said.<\/p>\n<p>Responding to questions about the protest of people with disabilities in the Diet, he noted that this is a group of people who should receive the main support from the state, just like senior citizens or families with many children. He added that the government is working on a comprehensive system of support for such people. He also stressed that this is a very difficult and sensitive issue, as it involves people who should not be used in any way for political struggle.<br \/>\n- The opposition, through various actions, has caused this group of people, who should have support and care from the state, to be, in my opinion, largely used for political struggle. - This problem of the disabled was hidden, diluted somewhere, sometimes pushed to local governments. The money followed it in insufficient amounts, as a result, the situation was quite dramatic, many local governments could not<br \/>\ncope with maintaining facilities dedicated to supporting people with disabilities,\" Kuchcinski stressed.<\/p>\n<p><em>Photo: Michal Jak\u00f3bczyk<\/em><\/p>\n<p><a href=\"https:\/\/marekkuchcinski.pl\/wp-content\/uploads\/2018\/05\/IMG_9207.jpg\"><img fetchpriority=\"high\" decoding=\"async\" class=\"alignnone size-full wp-image-9506\" src=\"https:\/\/marekkuchcinski.pl\/wp-content\/uploads\/2018\/05\/IMG_9207.jpg\" alt=\"IMG_9207\" width=\"1800\" height=\"1200\" srcset=\"https:\/\/marekkuchcinski.pl\/wp-content\/uploads\/2018\/05\/IMG_9207.jpg 1800w, https:\/\/marekkuchcinski.pl\/wp-content\/uploads\/2018\/05\/IMG_9207-300x200.jpg 300w, https:\/\/marekkuchcinski.pl\/wp-content\/uploads\/2018\/05\/IMG_9207-768x512.jpg 768w, https:\/\/marekkuchcinski.pl\/wp-content\/uploads\/2018\/05\/IMG_9207-1024x683.jpg 1024w\" sizes=\"(max-width: 1800px) 100vw, 1800px\" \/><\/a> <a href=\"https:\/\/marekkuchcinski.pl\/wp-content\/uploads\/2018\/05\/IMG_9333.jpg\"><img decoding=\"async\" class=\"alignnone size-full wp-image-9507\" src=\"https:\/\/marekkuchcinski.pl\/wp-content\/uploads\/2018\/05\/IMG_9333.jpg\" alt=\"IMG_9333\" width=\"1800\" height=\"1200\" srcset=\"https:\/\/marekkuchcinski.pl\/wp-content\/uploads\/2018\/05\/IMG_9333.jpg 1800w, https:\/\/marekkuchcinski.pl\/wp-content\/uploads\/2018\/05\/IMG_9333-300x200.jpg 300w, https:\/\/marekkuchcinski.pl\/wp-content\/uploads\/2018\/05\/IMG_9333-768x512.jpg 768w, https:\/\/marekkuchcinski.pl\/wp-content\/uploads\/2018\/05\/IMG_9333-1024x683.jpg 1024w\" sizes=\"(max-width: 1800px) 100vw, 1800px\" \/><\/a> <a href=\"https:\/\/marekkuchcinski.pl\/wp-content\/uploads\/2018\/05\/IMG_9400.jpg\"><img decoding=\"async\" class=\"alignnone size-full wp-image-9508\" src=\"https:\/\/marekkuchcinski.pl\/wp-content\/uploads\/2018\/05\/IMG_9400.jpg\" alt=\"IMG_9400\" width=\"1800\" height=\"1200\" srcset=\"https:\/\/marekkuchcinski.pl\/wp-content\/uploads\/2018\/05\/IMG_9400.jpg 1800w, https:\/\/marekkuchcinski.pl\/wp-content\/uploads\/2018\/05\/IMG_9400-300x200.jpg 300w, https:\/\/marekkuchcinski.pl\/wp-content\/uploads\/2018\/05\/IMG_9400-768x512.jpg 768w, https:\/\/marekkuchcinski.pl\/wp-content\/uploads\/2018\/05\/IMG_9400-1024x683.jpg 1024w\" sizes=\"(max-width: 1800px) 100vw, 1800px\" \/><\/a> <a href=\"https:\/\/marekkuchcinski.pl\/wp-content\/uploads\/2018\/05\/IMG_9456.jpg\"><img loading=\"lazy\" decoding=\"async\" class=\"alignnone size-full wp-image-9509\" src=\"https:\/\/marekkuchcinski.pl\/wp-content\/uploads\/2018\/05\/IMG_9456.jpg\" alt=\"IMG_9456\" width=\"1800\" height=\"1200\" srcset=\"https:\/\/marekkuchcinski.pl\/wp-content\/uploads\/2018\/05\/IMG_9456.jpg 1800w, https:\/\/marekkuchcinski.pl\/wp-content\/uploads\/2018\/05\/IMG_9456-300x200.jpg 300w, https:\/\/marekkuchcinski.pl\/wp-content\/uploads\/2018\/05\/IMG_9456-768x512.jpg 768w, https:\/\/marekkuchcinski.pl\/wp-content\/uploads\/2018\/05\/IMG_9456-1024x683.jpg 1024w\" sizes=\"(max-width: 1800px) 100vw, 1800px\" \/><\/a>\u00a0Marshal Kuchcinski laid flowers at the execution wall in Koprzywnica, where the Germans executed resistance members<a href=\"https:\/\/marekkuchcinski.pl\/wp-content\/uploads\/2018\/05\/IMG_9485.jpg\"><img loading=\"lazy\" decoding=\"async\" class=\"alignnone size-full wp-image-9510\" src=\"https:\/\/marekkuchcinski.pl\/wp-content\/uploads\/2018\/05\/IMG_9485.jpg\" alt=\"IMG_9485\" width=\"1800\" height=\"1200\" srcset=\"https:\/\/marekkuchcinski.pl\/wp-content\/uploads\/2018\/05\/IMG_9485.jpg 1800w, https:\/\/marekkuchcinski.pl\/wp-content\/uploads\/2018\/05\/IMG_9485-300x200.jpg 300w, https:\/\/marekkuchcinski.pl\/wp-content\/uploads\/2018\/05\/IMG_9485-768x512.jpg 768w, https:\/\/marekkuchcinski.pl\/wp-content\/uploads\/2018\/05\/IMG_9485-1024x683.jpg 1024w\" sizes=\"(max-width: 1800px) 100vw, 1800px\" \/><\/a> Marek Kuchci\u0144ski laid flowers in front of the plaque commemorating President Lech Kaczynski's visit to Koprzywnica<a href=\"https:\/\/marekkuchcinski.pl\/wp-content\/uploads\/2018\/05\/IMG_9548.jpg\"><img loading=\"lazy\" decoding=\"async\" class=\"alignnone size-full wp-image-9511\" src=\"https:\/\/marekkuchcinski.pl\/wp-content\/uploads\/2018\/05\/IMG_9548.jpg\" alt=\"IMG_9548\" width=\"1800\" height=\"1200\" srcset=\"https:\/\/marekkuchcinski.pl\/wp-content\/uploads\/2018\/05\/IMG_9548.jpg 1800w, https:\/\/marekkuchcinski.pl\/wp-content\/uploads\/2018\/05\/IMG_9548-300x200.jpg 300w, https:\/\/marekkuchcinski.pl\/wp-content\/uploads\/2018\/05\/IMG_9548-768x512.jpg 768w, https:\/\/marekkuchcinski.pl\/wp-content\/uploads\/2018\/05\/IMG_9548-1024x683.jpg 1024w\" sizes=\"(max-width: 1800px) 100vw, 1800px\" \/><\/a> <a href=\"https:\/\/marekkuchcinski.pl\/wp-content\/uploads\/2018\/05\/IMG_9598.jpg\"><img loading=\"lazy\" decoding=\"async\" class=\"alignnone size-full wp-image-9512\" src=\"https:\/\/marekkuchcinski.pl\/wp-content\/uploads\/2018\/05\/IMG_9598.jpg\" alt=\"IMG_9598\" width=\"1800\" height=\"1200\" srcset=\"https:\/\/marekkuchcinski.pl\/wp-content\/uploads\/2018\/05\/IMG_9598.jpg 1800w, https:\/\/marekkuchcinski.pl\/wp-content\/uploads\/2018\/05\/IMG_9598-300x200.jpg 300w, https:\/\/marekkuchcinski.pl\/wp-content\/uploads\/2018\/05\/IMG_9598-768x512.jpg 768w, https:\/\/marekkuchcinski.pl\/wp-content\/uploads\/2018\/05\/IMG_9598-1024x683.jpg 1024w\" sizes=\"(max-width: 1800px) 100vw, 1800px\" \/><\/a><\/p>\n<p>The Speaker of the Sejm opened the white and red J\u0119drusi Run organized to mark the 100th anniversary of independence.<\/p>\n<div style=\"width: 800px;\" class=\"wp-video\"><!--[if lt IE 9]><script>document.createElement('video');<\/script><![endif]-->\n<video class=\"wp-video-shortcode\" id=\"video-9505-1\" width=\"800\" height=\"450\" preload=\"metadata\" controls=\"controls\"><source type=\"video\/mp4\" src=\"https:\/\/marekkuchcinski.pl\/wp-content\/uploads\/2018\/05\/J\u0119drusie.mp4?_=1\" \/><a href=\"https:\/\/marekkuchcinski.pl\/wp-content\/uploads\/2018\/05\/J\u0119drusie.mp4\">https:\/\/marekkuchcinski.pl\/wp-content\/uploads\/2018\/05\/J\u0119drusie.mp4<\/a><\/video><\/div>","protected":false},"excerpt":{"rendered":"<p>W ramach\u00a0akcji \u201ePolska jest jedna&#8221; Marek Kuchci\u0144ski spotka\u0142 si\u0119 z mieszka\u0144cami Koprzywnicy. Podkre\u015bla\u0142, \u017ce w ci\u0105gu 2,5 lat rz\u0105d\u00f3w Prawa i Sprawiedliwo\u015bci uda\u0142o si\u0119 wprowadzi\u0107 zapowiadane w kampanii programy i reformy. Odni\u00f3s\u0142 si\u0119 tak\u017ce do og\u0142oszonego niedawno programu premiera Mateusza Morawieckiego, przede wszystkim propozycji pakietu \u201eDost\u0119pno\u015b\u0107 plus&#8221;, kt\u00f3ry przewiduje przeznaczenie w najbli\u017cszych latach 23 mld [&hellip;]<\/p>","protected":false},"author":6,"featured_media":9513,"comment_status":"open","ping_status":"open","sticky":false,"template":"","format":"standard","meta":{"ngg_post_thumbnail":0,"footnotes":""},"categories":[82,3],"tags":[],"class_list":["post-9505","post","type-post","status-publish","format-standard","has-post-thumbnail","hentry","category-prawo-i-sprawiedliwosc","category-wydarzenia"],"yoast_head":"<!-- This site is optimized with the Yoast SEO plugin v24.7 - https:\/\/yoast.com\/wordpress\/plugins\/seo\/ -->\n<title>Koprzywnica: spotkanie marsza\u0142ka Sejmu z mieszka\u0144cami w ramach kampanii \u201ePolska jest jedna&quot; &#8211; Marek Kuchci\u0144ski<\/title>\n<meta name=\"robots\" content=\"index, follow, max-snippet:-1, max-image-preview:large, max-video-preview:-1\" \/>\n<link rel=\"canonical\" href=\"https:\/\/marekkuchcinski.pl\/en\/wydarzenia\/koprzywnica-spotkanie-marszalka-sejmu-mieszkancami-ramach-kampanii-polska-jedna\/\" \/>\n<meta property=\"og:locale\" content=\"en_GB\" \/>\n<meta property=\"og:type\" content=\"article\" \/>\n<meta property=\"og:title\" content=\"Koprzywnica: spotkanie marsza\u0142ka Sejmu z mieszka\u0144cami w ramach kampanii \u201ePolska jest jedna&quot; &#8211; Marek Kuchci\u0144ski\" \/>\n<meta property=\"og:description\" content=\"W ramach\u00a0akcji \u201ePolska jest jedna&#8221; Marek Kuchci\u0144ski spotka\u0142 si\u0119 z mieszka\u0144cami Koprzywnicy. Podkre\u015bla\u0142, \u017ce w ci\u0105gu 2,5 lat rz\u0105d\u00f3w Prawa i Sprawiedliwo\u015bci uda\u0142o si\u0119 wprowadzi\u0107 zapowiadane w kampanii programy i reformy. Odni\u00f3s\u0142 si\u0119 tak\u017ce do og\u0142oszonego niedawno programu premiera Mateusza Morawieckiego, przede wszystkim propozycji pakietu \u201eDost\u0119pno\u015b\u0107 plus&#8221;, kt\u00f3ry przewiduje przeznaczenie w najbli\u017cszych latach 23 mld [&hellip;]\" \/>\n<meta property=\"og:url\" content=\"https:\/\/marekkuchcinski.pl\/en\/wydarzenia\/koprzywnica-spotkanie-marszalka-sejmu-mieszkancami-ramach-kampanii-polska-jedna\/\" \/>\n<meta property=\"og:site_name\" content=\"Marek Kuchci\u0144ski\" \/>\n<meta property=\"article:published_time\" content=\"2018-05-21T09:35:16+00:00\" \/>\n<meta property=\"article:modified_time\" content=\"2018-05-21T10:42:47+00:00\" \/>\n<meta property=\"og:image\" content=\"https:\/\/marekkuchcinski.pl\/wp-content\/uploads\/2018\/05\/IMG_9400-1.jpg\" \/>\n\t<meta property=\"og:image:width\" content=\"1476\" \/>\n\t<meta property=\"og:image:height\" content=\"944\" \/>\n\t<meta property=\"og:image:type\" content=\"image\/jpeg\" \/>\n<meta name=\"author\" content=\"admin\" \/>\n<meta name=\"twitter:card\" content=\"summary_large_image\" \/>\n<meta name=\"twitter:label1\" content=\"Written by\" \/>\n\t<meta name=\"twitter:data1\" content=\"admin\" \/>\n\t<meta name=\"twitter:label2\" content=\"Estimated reading time\" \/>\n\t<meta name=\"twitter:data2\" content=\"3 minutes\" \/>\n<script type=\"application\/ld+json\" class=\"yoast-schema-graph\">{\"@context\":\"https:\/\/schema.org\",\"@graph\":[{\"@type\":\"Article\",\"@id\":\"https:\/\/marekkuchcinski.pl\/hu\/wydarzenia\/koprzywnica-spotkanie-marszalka-sejmu-mieszkancami-ramach-kampanii-polska-jedna\/#article\",\"isPartOf\":{\"@id\":\"https:\/\/marekkuchcinski.pl\/hu\/wydarzenia\/koprzywnica-spotkanie-marszalka-sejmu-mieszkancami-ramach-kampanii-polska-jedna\/\"},\"author\":{\"name\":\"admin\",\"@id\":\"https:\/\/marekkuchcinski.pl\/#\/schema\/person\/6f62700996b4d950b6ea2d1183b6c6be\"},\"headline\":\"Koprzywnica: spotkanie marsza\u0142ka Sejmu z mieszka\u0144cami w ramach kampanii \u201ePolska jest jedna&#8221;\",\"datePublished\":\"2018-05-21T09:35:16+00:00\",\"dateModified\":\"2018-05-21T10:42:47+00:00\",\"mainEntityOfPage\":{\"@id\":\"https:\/\/marekkuchcinski.pl\/hu\/wydarzenia\/koprzywnica-spotkanie-marszalka-sejmu-mieszkancami-ramach-kampanii-polska-jedna\/\"},\"wordCount\":542,\"commentCount\":0,\"publisher\":{\"@id\":\"https:\/\/marekkuchcinski.pl\/#organization\"},\"image\":{\"@id\":\"https:\/\/marekkuchcinski.pl\/hu\/wydarzenia\/koprzywnica-spotkanie-marszalka-sejmu-mieszkancami-ramach-kampanii-polska-jedna\/#primaryimage\"},\"thumbnailUrl\":\"https:\/\/marekkuchcinski.pl\/wp-content\/uploads\/2018\/05\/IMG_9400-1.jpg\",\"articleSection\":[\"Prawo i Sprawiedliwo\u015b\u0107\",\"Wydarzenia\"],\"inLanguage\":\"en-GB\",\"potentialAction\":[{\"@type\":\"CommentAction\",\"name\":\"Comment\",\"target\":[\"https:\/\/marekkuchcinski.pl\/hu\/wydarzenia\/koprzywnica-spotkanie-marszalka-sejmu-mieszkancami-ramach-kampanii-polska-jedna\/#respond\"]}]},{\"@type\":\"WebPage\",\"@id\":\"https:\/\/marekkuchcinski.pl\/hu\/wydarzenia\/koprzywnica-spotkanie-marszalka-sejmu-mieszkancami-ramach-kampanii-polska-jedna\/\",\"url\":\"https:\/\/marekkuchcinski.pl\/hu\/wydarzenia\/koprzywnica-spotkanie-marszalka-sejmu-mieszkancami-ramach-kampanii-polska-jedna\/\",\"name\":\"Koprzywnica: spotkanie marsza\u0142ka Sejmu z mieszka\u0144cami w ramach kampanii \u201ePolska jest jedna\\\" &#8211; Marek Kuchci\u0144ski\",\"isPartOf\":{\"@id\":\"https:\/\/marekkuchcinski.pl\/#website\"},\"primaryImageOfPage\":{\"@id\":\"https:\/\/marekkuchcinski.pl\/hu\/wydarzenia\/koprzywnica-spotkanie-marszalka-sejmu-mieszkancami-ramach-kampanii-polska-jedna\/#primaryimage\"},\"image\":{\"@id\":\"https:\/\/marekkuchcinski.pl\/hu\/wydarzenia\/koprzywnica-spotkanie-marszalka-sejmu-mieszkancami-ramach-kampanii-polska-jedna\/#primaryimage\"},\"thumbnailUrl\":\"https:\/\/marekkuchcinski.pl\/wp-content\/uploads\/2018\/05\/IMG_9400-1.jpg\",\"datePublished\":\"2018-05-21T09:35:16+00:00\",\"dateModified\":\"2018-05-21T10:42:47+00:00\",\"breadcrumb\":{\"@id\":\"https:\/\/marekkuchcinski.pl\/hu\/wydarzenia\/koprzywnica-spotkanie-marszalka-sejmu-mieszkancami-ramach-kampanii-polska-jedna\/#breadcrumb\"},\"inLanguage\":\"en-GB\",\"potentialAction\":[{\"@type\":\"ReadAction\",\"target\":[\"https:\/\/marekkuchcinski.pl\/hu\/wydarzenia\/koprzywnica-spotkanie-marszalka-sejmu-mieszkancami-ramach-kampanii-polska-jedna\/\"]}]},{\"@type\":\"ImageObject\",\"inLanguage\":\"en-GB\",\"@id\":\"https:\/\/marekkuchcinski.pl\/hu\/wydarzenia\/koprzywnica-spotkanie-marszalka-sejmu-mieszkancami-ramach-kampanii-polska-jedna\/#primaryimage\",\"url\":\"https:\/\/marekkuchcinski.pl\/wp-content\/uploads\/2018\/05\/IMG_9400-1.jpg\",\"contentUrl\":\"https:\/\/marekkuchcinski.pl\/wp-content\/uploads\/2018\/05\/IMG_9400-1.jpg\",\"width\":1476,\"height\":944},{\"@type\":\"BreadcrumbList\",\"@id\":\"https:\/\/marekkuchcinski.pl\/hu\/wydarzenia\/koprzywnica-spotkanie-marszalka-sejmu-mieszkancami-ramach-kampanii-polska-jedna\/#breadcrumb\",\"itemListElement\":[{\"@type\":\"ListItem\",\"position\":1,\"name\":\"Strona g\u0142\u00f3wna\",\"item\":\"https:\/\/marekkuchcinski.pl\/\"},{\"@type\":\"ListItem\",\"position\":2,\"name\":\"Koprzywnica: spotkanie marsza\u0142ka Sejmu z mieszka\u0144cami w ramach kampanii \u201ePolska jest jedna&#8221;\"}]},{\"@type\":\"WebSite\",\"@id\":\"https:\/\/marekkuchcinski.pl\/#website\",\"url\":\"https:\/\/marekkuchcinski.pl\/\",\"name\":\"Marek Kuchci\u0144ski\",\"description\":\"Pose\u0142 na sejm RP &ndash; okr\u0119g nr 22\",\"publisher\":{\"@id\":\"https:\/\/marekkuchcinski.pl\/#organization\"},\"potentialAction\":[{\"@type\":\"SearchAction\",\"target\":{\"@type\":\"EntryPoint\",\"urlTemplate\":\"https:\/\/marekkuchcinski.pl\/?s={search_term_string}\"},\"query-input\":{\"@type\":\"PropertyValueSpecification\",\"valueRequired\":true,\"valueName\":\"search_term_string\"}}],\"inLanguage\":\"en-GB\"},{\"@type\":\"Organization\",\"@id\":\"https:\/\/marekkuchcinski.pl\/#organization\",\"name\":\"Marek Kuchci\u0144ski\",\"url\":\"https:\/\/marekkuchcinski.pl\/\",\"logo\":{\"@type\":\"ImageObject\",\"inLanguage\":\"en-GB\",\"@id\":\"https:\/\/marekkuchcinski.pl\/#\/schema\/logo\/image\/\",\"url\":\"https:\/\/marekkuchcinski.pl\/wp-content\/uploads\/2022\/09\/Marek.jpg\",\"contentUrl\":\"https:\/\/marekkuchcinski.pl\/wp-content\/uploads\/2022\/09\/Marek.jpg\",\"width\":1600,\"height\":971,\"caption\":\"Marek Kuchci\u0144ski\"},\"image\":{\"@id\":\"https:\/\/marekkuchcinski.pl\/#\/schema\/logo\/image\/\"}},{\"@type\":\"Person\",\"@id\":\"https:\/\/marekkuchcinski.pl\/#\/schema\/person\/6f62700996b4d950b6ea2d1183b6c6be\",\"name\":\"admin\",\"image\":{\"@type\":\"ImageObject\",\"inLanguage\":\"en-GB\",\"@id\":\"https:\/\/marekkuchcinski.pl\/#\/schema\/person\/image\/\",\"url\":\"https:\/\/secure.gravatar.com\/avatar\/4bab693b9d55c3d6b52c0296a8765085?s=96&d=mm&r=g\",\"contentUrl\":\"https:\/\/secure.gravatar.com\/avatar\/4bab693b9d55c3d6b52c0296a8765085?s=96&d=mm&r=g\",\"caption\":\"admin\"},\"url\":\"https:\/\/marekkuchcinski.pl\/en\/author\/marta-olejnik\/\"}]}<\/script>\n<!-- \/ Yoast SEO plugin. -->","yoast_head_json":{"title":"Koprzywnica: spotkanie marsza\u0142ka Sejmu z mieszka\u0144cami w ramach kampanii \u201ePolska jest jedna\" &#8211; Marek Kuchci\u0144ski","robots":{"index":"index","follow":"follow","max-snippet":"max-snippet:-1","max-image-preview":"max-image-preview:large","max-video-preview":"max-video-preview:-1"},"canonical":"https:\/\/marekkuchcinski.pl\/en\/wydarzenia\/koprzywnica-spotkanie-marszalka-sejmu-mieszkancami-ramach-kampanii-polska-jedna\/","og_locale":"en_GB","og_type":"article","og_title":"Koprzywnica: spotkanie marsza\u0142ka Sejmu z mieszka\u0144cami w ramach kampanii \u201ePolska jest jedna\" &#8211; Marek Kuchci\u0144ski","og_description":"W ramach\u00a0akcji \u201ePolska jest jedna&#8221; Marek Kuchci\u0144ski spotka\u0142 si\u0119 z mieszka\u0144cami Koprzywnicy. Podkre\u015bla\u0142, \u017ce w ci\u0105gu 2,5 lat rz\u0105d\u00f3w Prawa i Sprawiedliwo\u015bci uda\u0142o si\u0119 wprowadzi\u0107 zapowiadane w kampanii programy i reformy. Odni\u00f3s\u0142 si\u0119 tak\u017ce do og\u0142oszonego niedawno programu premiera Mateusza Morawieckiego, przede wszystkim propozycji pakietu \u201eDost\u0119pno\u015b\u0107 plus&#8221;, kt\u00f3ry przewiduje przeznaczenie w najbli\u017cszych latach 23 mld [&hellip;]","og_url":"https:\/\/marekkuchcinski.pl\/en\/wydarzenia\/koprzywnica-spotkanie-marszalka-sejmu-mieszkancami-ramach-kampanii-polska-jedna\/","og_site_name":"Marek Kuchci\u0144ski","article_published_time":"2018-05-21T09:35:16+00:00","article_modified_time":"2018-05-21T10:42:47+00:00","og_image":[{"width":1476,"height":944,"url":"https:\/\/marekkuchcinski.pl\/wp-content\/uploads\/2018\/05\/IMG_9400-1.jpg","type":"image\/jpeg"}],"author":"admin","twitter_card":"summary_large_image","twitter_misc":{"Written by":"admin","Estimated reading time":"3 minutes"},"schema":{"@context":"https:\/\/schema.org","@graph":[{"@type":"Article","@id":"https:\/\/marekkuchcinski.pl\/hu\/wydarzenia\/koprzywnica-spotkanie-marszalka-sejmu-mieszkancami-ramach-kampanii-polska-jedna\/#article","isPartOf":{"@id":"https:\/\/marekkuchcinski.pl\/hu\/wydarzenia\/koprzywnica-spotkanie-marszalka-sejmu-mieszkancami-ramach-kampanii-polska-jedna\/"},"author":{"name":"admin","@id":"https:\/\/marekkuchcinski.pl\/#\/schema\/person\/6f62700996b4d950b6ea2d1183b6c6be"},"headline":"Koprzywnica: spotkanie marsza\u0142ka Sejmu z mieszka\u0144cami w ramach kampanii \u201ePolska jest jedna&#8221;","datePublished":"2018-05-21T09:35:16+00:00","dateModified":"2018-05-21T10:42:47+00:00","mainEntityOfPage":{"@id":"https:\/\/marekkuchcinski.pl\/hu\/wydarzenia\/koprzywnica-spotkanie-marszalka-sejmu-mieszkancami-ramach-kampanii-polska-jedna\/"},"wordCount":542,"commentCount":0,"publisher":{"@id":"https:\/\/marekkuchcinski.pl\/#organization"},"image":{"@id":"https:\/\/marekkuchcinski.pl\/hu\/wydarzenia\/koprzywnica-spotkanie-marszalka-sejmu-mieszkancami-ramach-kampanii-polska-jedna\/#primaryimage"},"thumbnailUrl":"https:\/\/marekkuchcinski.pl\/wp-content\/uploads\/2018\/05\/IMG_9400-1.jpg","articleSection":["Prawo i Sprawiedliwo\u015b\u0107","Wydarzenia"],"inLanguage":"en-GB","potentialAction":[{"@type":"CommentAction","name":"Comment","target":["https:\/\/marekkuchcinski.pl\/hu\/wydarzenia\/koprzywnica-spotkanie-marszalka-sejmu-mieszkancami-ramach-kampanii-polska-jedna\/#respond"]}]},{"@type":"WebPage","@id":"https:\/\/marekkuchcinski.pl\/hu\/wydarzenia\/koprzywnica-spotkanie-marszalka-sejmu-mieszkancami-ramach-kampanii-polska-jedna\/","url":"https:\/\/marekkuchcinski.pl\/hu\/wydarzenia\/koprzywnica-spotkanie-marszalka-sejmu-mieszkancami-ramach-kampanii-polska-jedna\/","name":"Koprzywnica: spotkanie marsza\u0142ka Sejmu z mieszka\u0144cami w ramach kampanii \u201ePolska jest jedna\" &#8211; Marek Kuchci\u0144ski","isPartOf":{"@id":"https:\/\/marekkuchcinski.pl\/#website"},"primaryImageOfPage":{"@id":"https:\/\/marekkuchcinski.pl\/hu\/wydarzenia\/koprzywnica-spotkanie-marszalka-sejmu-mieszkancami-ramach-kampanii-polska-jedna\/#primaryimage"},"image":{"@id":"https:\/\/marekkuchcinski.pl\/hu\/wydarzenia\/koprzywnica-spotkanie-marszalka-sejmu-mieszkancami-ramach-kampanii-polska-jedna\/#primaryimage"},"thumbnailUrl":"https:\/\/marekkuchcinski.pl\/wp-content\/uploads\/2018\/05\/IMG_9400-1.jpg","datePublished":"2018-05-21T09:35:16+00:00","dateModified":"2018-05-21T10:42:47+00:00","breadcrumb":{"@id":"https:\/\/marekkuchcinski.pl\/hu\/wydarzenia\/koprzywnica-spotkanie-marszalka-sejmu-mieszkancami-ramach-kampanii-polska-jedna\/#breadcrumb"},"inLanguage":"en-GB","potentialAction":[{"@type":"ReadAction","target":["https:\/\/marekkuchcinski.pl\/hu\/wydarzenia\/koprzywnica-spotkanie-marszalka-sejmu-mieszkancami-ramach-kampanii-polska-jedna\/"]}]},{"@type":"ImageObject","inLanguage":"en-GB","@id":"https:\/\/marekkuchcinski.pl\/hu\/wydarzenia\/koprzywnica-spotkanie-marszalka-sejmu-mieszkancami-ramach-kampanii-polska-jedna\/#primaryimage","url":"https:\/\/marekkuchcinski.pl\/wp-content\/uploads\/2018\/05\/IMG_9400-1.jpg","contentUrl":"https:\/\/marekkuchcinski.pl\/wp-content\/uploads\/2018\/05\/IMG_9400-1.jpg","width":1476,"height":944},{"@type":"BreadcrumbList","@id":"https:\/\/marekkuchcinski.pl\/hu\/wydarzenia\/koprzywnica-spotkanie-marszalka-sejmu-mieszkancami-ramach-kampanii-polska-jedna\/#breadcrumb","itemListElement":[{"@type":"ListItem","position":1,"name":"Strona g\u0142\u00f3wna","item":"https:\/\/marekkuchcinski.pl\/"},{"@type":"ListItem","position":2,"name":"Koprzywnica: spotkanie marsza\u0142ka Sejmu z mieszka\u0144cami w ramach kampanii \u201ePolska jest jedna&#8221;"}]},{"@type":"WebSite","@id":"https:\/\/marekkuchcinski.pl\/#website","url":"https:\/\/marekkuchcinski.pl\/","name":"Marek Kuchci\u0144ski","description":"Pose\u0142 na sejm RP &ndash; okr\u0119g nr 22","publisher":{"@id":"https:\/\/marekkuchcinski.pl\/#organization"},"potentialAction":[{"@type":"SearchAction","target":{"@type":"EntryPoint","urlTemplate":"https:\/\/marekkuchcinski.pl\/?s={search_term_string}"},"query-input":{"@type":"PropertyValueSpecification","valueRequired":true,"valueName":"search_term_string"}}],"inLanguage":"en-GB"},{"@type":"Organization","@id":"https:\/\/marekkuchcinski.pl\/#organization","name":"Marek Kuchci\u0144ski","url":"https:\/\/marekkuchcinski.pl\/","logo":{"@type":"ImageObject","inLanguage":"en-GB","@id":"https:\/\/marekkuchcinski.pl\/#\/schema\/logo\/image\/","url":"https:\/\/marekkuchcinski.pl\/wp-content\/uploads\/2022\/09\/Marek.jpg","contentUrl":"https:\/\/marekkuchcinski.pl\/wp-content\/uploads\/2022\/09\/Marek.jpg","width":1600,"height":971,"caption":"Marek Kuchci\u0144ski"},"image":{"@id":"https:\/\/marekkuchcinski.pl\/#\/schema\/logo\/image\/"}},{"@type":"Person","@id":"https:\/\/marekkuchcinski.pl\/#\/schema\/person\/6f62700996b4d950b6ea2d1183b6c6be","name":"admin","image":{"@type":"ImageObject","inLanguage":"en-GB","@id":"https:\/\/marekkuchcinski.pl\/#\/schema\/person\/image\/","url":"https:\/\/secure.gravatar.com\/avatar\/4bab693b9d55c3d6b52c0296a8765085?s=96&d=mm&r=g","contentUrl":"https:\/\/secure.gravatar.com\/avatar\/4bab693b9d55c3d6b52c0296a8765085?s=96&d=mm&r=g","caption":"admin"},"url":"https:\/\/marekkuchcinski.pl\/en\/author\/marta-olejnik\/"}]}},"_links":{"self":[{"href":"https:\/\/marekkuchcinski.pl\/en\/wp-json\/wp\/v2\/posts\/9505","targetHints":{"allow":["GET"]}}],"collection":[{"href":"https:\/\/marekkuchcinski.pl\/en\/wp-json\/wp\/v2\/posts"}],"about":[{"href":"https:\/\/marekkuchcinski.pl\/en\/wp-json\/wp\/v2\/types\/post"}],"author":[{"embeddable":true,"href":"https:\/\/marekkuchcinski.pl\/en\/wp-json\/wp\/v2\/users\/6"}],"replies":[{"embeddable":true,"href":"https:\/\/marekkuchcinski.pl\/en\/wp-json\/wp\/v2\/comments?post=9505"}],"version-history":[{"count":8,"href":"https:\/\/marekkuchcinski.pl\/en\/wp-json\/wp\/v2\/posts\/9505\/revisions"}],"predecessor-version":[{"id":9533,"href":"https:\/\/marekkuchcinski.pl\/en\/wp-json\/wp\/v2\/posts\/9505\/revisions\/9533"}],"wp:featuredmedia":[{"embeddable":true,"href":"https:\/\/marekkuchcinski.pl\/en\/wp-json\/wp\/v2\/media\/9513"}],"wp:attachment":[{"href":"https:\/\/marekkuchcinski.pl\/en\/wp-json\/wp\/v2\/media?parent=9505"}],"wp:term":[{"taxonomy":"category","embeddable":true,"href":"https:\/\/marekkuchcinski.pl\/en\/wp-json\/wp\/v2\/categories?post=9505"},{"taxonomy":"post_tag","embeddable":true,"href":"https:\/\/marekkuchcinski.pl\/en\/wp-json\/wp\/v2\/tags?post=9505"}],"curies":[{"name":"wp","href":"https:\/\/api.w.org\/{rel}","templated":true}]}}