{"id":9242,"date":"2018-04-14T20:12:04","date_gmt":"2018-04-14T18:12:04","guid":{"rendered":"https:\/\/marekkuchcinski.pl\/?p=9242"},"modified":"2018-04-14T20:12:04","modified_gmt":"2018-04-14T18:12:04","slug":"konwencja-prawa-sprawiedliwosci","status":"publish","type":"post","link":"https:\/\/marekkuchcinski.pl\/en\/wydarzenia\/konwencja-prawa-sprawiedliwosci\/","title":{"rendered":"Law and Justice Convention"},"content":{"rendered":"<p>A Good Start program, i.e. 300 PLN as a yearly allowance for students under 18 years old, CIT reduction from 15 to 9 percent, a support program for seniors, lower Social Security for small businesses, the establishment of a local roads fund - these are the most important proposals that Prime Minister Mateusz Morawiecki presented during the Law and Justice convention in Warsaw.<\/p>\n<p>In addition, the Prime Minister outlined the plan that PiS will follow:<\/p>\n<ul>\n<li>We will go to Poland to know what they expect from us, we can only do it together - working together as a United Right<\/li>\n<li>Poland must be fairer, this is part of our program<\/li>\n<li>We start new programs and continue Via Carpathia, Via Baltica, Clean Air, Mieszkanie + (100 thousand apartments are to be built under this program)<\/li>\n<li>Today Poland is developing much better thanks to which we can afford new projects<\/li>\n<li>The Ministry of Health will present a detailed program<\/li>\n<li>For us, farmers are key, they are a key priority - we will gather their demands. We want to broaden the scope of the law on retail sales by farmers<\/li>\n<li>We are diversifying our oil and gas sources<\/li>\n<li>We care for defense security: we signed an agreement for the purchase of PATRIOT system<\/li>\n<li>We are building a Poland of equal opportunities for all, we want the law to be equal for all, Poland is to be a country of equal opportunities for all.<\/li>\n<li>We have a very good program but we need many more years to change Poland<\/li>\n<li>Poland plays more and more important role in Europe and EU. Our big success: there will be no two budgets in the EU, there will be no two-speed EU<\/li>\n<li>There will be taxation of big CH and big office buildings, this is our great triumph<\/li>\n<li>Poland is a sovereign state and changes expected of us will be made on our terms<\/li>\n<li>We have recovered the \"buried\" billions from which we fund our programs. There is money for that by sealing the tax system. We have our economic model<\/li>\n<li>We have a few important months ahead of us. We need to go to Poland because we are working for Poland and the Poles<\/li>\n<li>The plan for responsible development is a program for many years, we will introduce changes step by step so that people know that we are there for them<\/li>\n<\/ul>\n<p>Deputy Prime Minister Beata Szyd\u0142o argued that a decent life for Polish families is something that the white and red team has achieved together. Children and family are the foundation of Poland and our future, therefore:<\/p>\n<ul>\n<li>we want to introduce facilities for young mothers<\/li>\n<li>\u00a0free drugs program for pregnant women<\/li>\n<li>\u00a0pension for women who did not work and who raised at least 4 children<\/li>\n<\/ul>\n<p>The convention in Warsaw was attended by, among others, Speaker of the Sejm Marek Kuchci\u0144ski, Speaker of the Senate Stanis\u0142aw Karczewski, ministers, parliamentarians.<\/p>\n<p><a href=\"https:\/\/marekkuchcinski.pl\/wp-content\/uploads\/2018\/04\/DSCF9361-1.jpg\"><img fetchpriority=\"high\" decoding=\"async\" class=\"alignnone size-full wp-image-9261\" src=\"https:\/\/marekkuchcinski.pl\/wp-content\/uploads\/2018\/04\/DSCF9361-1.jpg\" alt=\"DSCF9361 (1)\" width=\"3682\" height=\"2444\" srcset=\"https:\/\/marekkuchcinski.pl\/wp-content\/uploads\/2018\/04\/DSCF9361-1.jpg 2048w, https:\/\/marekkuchcinski.pl\/wp-content\/uploads\/2018\/04\/DSCF9361-1-300x199.jpg 300w, https:\/\/marekkuchcinski.pl\/wp-content\/uploads\/2018\/04\/DSCF9361-1-768x510.jpg 768w, https:\/\/marekkuchcinski.pl\/wp-content\/uploads\/2018\/04\/DSCF9361-1-1024x680.jpg 1024w\" sizes=\"(max-width: 3682px) 100vw, 3682px\" \/><\/a>The President of the Law and Justice party (PiS) announced the path that PiS intends to follow in order to continue talking to the Poles. - You have to work constantly, because 'good change' requires constant action - said Jaroslaw Kaczynski.<a href=\"https:\/\/marekkuchcinski.pl\/wp-content\/uploads\/2018\/04\/DSCF9294-1.jpg\"><img decoding=\"async\" class=\"alignnone size-full wp-image-9245\" src=\"https:\/\/marekkuchcinski.pl\/wp-content\/uploads\/2018\/04\/DSCF9294-1.jpg\" alt=\"DSCF9294 (1)\" width=\"3574\" height=\"2317\" srcset=\"https:\/\/marekkuchcinski.pl\/wp-content\/uploads\/2018\/04\/DSCF9294-1.jpg 2048w, https:\/\/marekkuchcinski.pl\/wp-content\/uploads\/2018\/04\/DSCF9294-1-300x194.jpg 300w, https:\/\/marekkuchcinski.pl\/wp-content\/uploads\/2018\/04\/DSCF9294-1-768x498.jpg 768w, https:\/\/marekkuchcinski.pl\/wp-content\/uploads\/2018\/04\/DSCF9294-1-1024x664.jpg 1024w\" sizes=\"(max-width: 3574px) 100vw, 3574px\" \/><\/a><a href=\"https:\/\/marekkuchcinski.pl\/wp-content\/uploads\/2018\/04\/DSCF9305-2-1.jpg\"><img decoding=\"async\" class=\"alignnone size-full wp-image-9264\" src=\"https:\/\/marekkuchcinski.pl\/wp-content\/uploads\/2018\/04\/DSCF9305-2-1.jpg\" alt=\"DSCF9305 (2)\" width=\"4896\" height=\"2760\" srcset=\"https:\/\/marekkuchcinski.pl\/wp-content\/uploads\/2018\/04\/DSCF9305-2-1.jpg 2048w, https:\/\/marekkuchcinski.pl\/wp-content\/uploads\/2018\/04\/DSCF9305-2-1-300x169.jpg 300w, https:\/\/marekkuchcinski.pl\/wp-content\/uploads\/2018\/04\/DSCF9305-2-1-768x433.jpg 768w, https:\/\/marekkuchcinski.pl\/wp-content\/uploads\/2018\/04\/DSCF9305-2-1-1024x577.jpg 1024w\" sizes=\"(max-width: 4896px) 100vw, 4896px\" \/><\/a><a href=\"https:\/\/marekkuchcinski.pl\/wp-content\/uploads\/2018\/04\/DSCF9371-1.jpg\"><img loading=\"lazy\" decoding=\"async\" class=\"alignnone size-full wp-image-9244\" src=\"https:\/\/marekkuchcinski.pl\/wp-content\/uploads\/2018\/04\/DSCF9371-1.jpg\" alt=\"DSCF9371 (1)\" width=\"3761\" height=\"2498\" srcset=\"https:\/\/marekkuchcinski.pl\/wp-content\/uploads\/2018\/04\/DSCF9371-1.jpg 2048w, https:\/\/marekkuchcinski.pl\/wp-content\/uploads\/2018\/04\/DSCF9371-1-300x199.jpg 300w, https:\/\/marekkuchcinski.pl\/wp-content\/uploads\/2018\/04\/DSCF9371-1-768x510.jpg 768w, https:\/\/marekkuchcinski.pl\/wp-content\/uploads\/2018\/04\/DSCF9371-1-1024x680.jpg 1024w\" sizes=\"(max-width: 3761px) 100vw, 3761px\" \/><\/a><\/p>","protected":false},"excerpt":{"rendered":"<p>Program Dobry start, czyli 300 z\u0142 jako wyprawka co roku dla uczni\u00f3w do 18. roku \u017cycia, obni\u017cka CIT z 15 do 9 proc., program wsparcia dla senior\u00f3w, ni\u017cszy ZUS dla ma\u0142ych firm, powo\u0142anie funduszu dr\u00f3g lokalnych &#8211; to najwa\u017cniejsze propozycje, jakie podczas konwencji Prawa i Sprawiedliwo\u015bci w Warszawie przedstawi\u0142 premier Mateusz Morawiecki. Ponadto premier naszkicowa\u0142 [&hellip;]<\/p>\n","protected":false},"author":6,"featured_media":9244,"comment_status":"open","ping_status":"open","sticky":false,"template":"","format":"standard","meta":{"ngg_post_thumbnail":0,"footnotes":""},"categories":[82,3],"tags":[],"class_list":["post-9242","post","type-post","status-publish","format-standard","has-post-thumbnail","hentry","category-prawo-i-sprawiedliwosc","category-wydarzenia"],"_links":{"self":[{"href":"https:\/\/marekkuchcinski.pl\/en\/wp-json\/wp\/v2\/posts\/9242","targetHints":{"allow":["GET"]}}],"collection":[{"href":"https:\/\/marekkuchcinski.pl\/en\/wp-json\/wp\/v2\/posts"}],"about":[{"href":"https:\/\/marekkuchcinski.pl\/en\/wp-json\/wp\/v2\/types\/post"}],"author":[{"embeddable":true,"href":"https:\/\/marekkuchcinski.pl\/en\/wp-json\/wp\/v2\/users\/6"}],"replies":[{"embeddable":true,"href":"https:\/\/marekkuchcinski.pl\/en\/wp-json\/wp\/v2\/comments?post=9242"}],"version-history":[{"count":3,"href":"https:\/\/marekkuchcinski.pl\/en\/wp-json\/wp\/v2\/posts\/9242\/revisions"}],"predecessor-version":[{"id":9265,"href":"https:\/\/marekkuchcinski.pl\/en\/wp-json\/wp\/v2\/posts\/9242\/revisions\/9265"}],"wp:featuredmedia":[{"embeddable":true,"href":"https:\/\/marekkuchcinski.pl\/en\/wp-json\/wp\/v2\/media\/9244"}],"wp:attachment":[{"href":"https:\/\/marekkuchcinski.pl\/en\/wp-json\/wp\/v2\/media?parent=9242"}],"wp:term":[{"taxonomy":"category","embeddable":true,"href":"https:\/\/marekkuchcinski.pl\/en\/wp-json\/wp\/v2\/categories?post=9242"},{"taxonomy":"post_tag","embeddable":true,"href":"https:\/\/marekkuchcinski.pl\/en\/wp-json\/wp\/v2\/tags?post=9242"}],"curies":[{"name":"wp","href":"https:\/\/api.w.org\/{rel}","templated":true}]}}