{"id":9127,"date":"2018-04-10T13:35:38","date_gmt":"2018-04-10T11:35:38","guid":{"rendered":"https:\/\/marekkuchcinski.pl\/?p=9127"},"modified":"2018-04-11T09:18:39","modified_gmt":"2018-04-11T07:18:39","slug":"obchody-osmej-rocznicy-katastrofy-smolenskiej","status":"publish","type":"post","link":"https:\/\/marekkuchcinski.pl\/en\/wydarzenia\/obchody-osmej-rocznicy-katastrofy-smolenskiej\/","title":{"rendered":"Eighth Anniversary of the Smolensk Catastrophe"},"content":{"rendered":"<p>Eight years ago the representatives of the Republic of Poland led by President Lech Kaczynski and his wife died at Smolensk while fulfilling their duties towards the Homeland. On the day before the Feast of Divine Mercy Poland lost - as it was written in the Epitaph of Smolensk - \"the guardians of sources and memory burdened with the fate of the Homeland\". The day of 10 April became a caesura in the newest history of Poland, for all generations, a symbol of another national tragedy suffered in the East.<\/p>\n<p>The works and ideas of President Lech Kaczynski were left unfinished, and we were overwhelmed with a great collective sadness that they died in exile, flying to remind us of our past, to express the truth and remembrance.<\/p>\n<p>Today it is our duty to give expression to the truth and memory of their lives and their deaths. For the sake of our Homeland, for the next generations and in the name of God we must not forget.<\/p>\n<p>We hoped then, in 2010, that out of this widespread national mourning a political community would emerge, but these were dreams that did not come true. The great collective cry for community, for a sense of dignity protected by the state was replaced by a fight for truth against slanderers and the possibility of commemorating the late President, his wife and all the victims of this tragedy. From our collective experience emerging from the Smolensk tragedy emerged a strong conviction that our independent and sovereign state is important, without it we are alone, we are all responsible for it and our duty is to serve the Republic.<\/p>\n<p><em>Marek Kuchci\u0144ski<\/em><\/p>\n<p>The Speaker of the Sejm Marek Kuchcinski took part in state ceremonies paying tribute to the victims of the Smolensk disaster.<\/p>\n<p><a href=\"https:\/\/marekkuchcinski.pl\/wp-content\/uploads\/2018\/04\/RZ__3997a-1.jpg\"><img fetchpriority=\"high\" decoding=\"async\" class=\"alignnone size-full wp-image-9155\" src=\"https:\/\/marekkuchcinski.pl\/wp-content\/uploads\/2018\/04\/RZ__3997a-1.jpg\" alt=\"RZ__3997a\" width=\"2835\" height=\"1890\" srcset=\"https:\/\/marekkuchcinski.pl\/wp-content\/uploads\/2018\/04\/RZ__3997a-1.jpg 2048w, https:\/\/marekkuchcinski.pl\/wp-content\/uploads\/2018\/04\/RZ__3997a-1-300x200.jpg 300w, https:\/\/marekkuchcinski.pl\/wp-content\/uploads\/2018\/04\/RZ__3997a-1-768x512.jpg 768w, https:\/\/marekkuchcinski.pl\/wp-content\/uploads\/2018\/04\/RZ__3997a-1-1024x683.jpg 1024w\" sizes=\"(max-width: 2835px) 100vw, 2835px\" \/><\/a><a href=\"https:\/\/marekkuchcinski.pl\/wp-content\/uploads\/2018\/04\/RZ__4019.jpg\"><img decoding=\"async\" class=\"alignnone size-full wp-image-9141\" src=\"https:\/\/marekkuchcinski.pl\/wp-content\/uploads\/2018\/04\/RZ__4019.jpg\" alt=\"RZ__4019\" width=\"2594\" height=\"1754\" srcset=\"https:\/\/marekkuchcinski.pl\/wp-content\/uploads\/2018\/04\/RZ__4019.jpg 2048w, https:\/\/marekkuchcinski.pl\/wp-content\/uploads\/2018\/04\/RZ__4019-300x203.jpg 300w, https:\/\/marekkuchcinski.pl\/wp-content\/uploads\/2018\/04\/RZ__4019-768x519.jpg 768w, https:\/\/marekkuchcinski.pl\/wp-content\/uploads\/2018\/04\/RZ__4019-1024x692.jpg 1024w\" sizes=\"(max-width: 2594px) 100vw, 2594px\" \/><\/a>The Speakers of the Sejm and Senate laid flowers under the plaque dedicated to the Members of Parliament and Senators who tragically died 8 years ago on their way to Katyn<a href=\"https:\/\/marekkuchcinski.pl\/wp-content\/uploads\/2018\/04\/RZ__3991-1.jpg\"><img decoding=\"async\" class=\"alignnone size-full wp-image-9160\" src=\"https:\/\/marekkuchcinski.pl\/wp-content\/uploads\/2018\/04\/RZ__3991-1.jpg\" alt=\"RZ__3991\" width=\"3360\" height=\"2240\" srcset=\"https:\/\/marekkuchcinski.pl\/wp-content\/uploads\/2018\/04\/RZ__3991-1.jpg 2048w, https:\/\/marekkuchcinski.pl\/wp-content\/uploads\/2018\/04\/RZ__3991-1-300x200.jpg 300w, https:\/\/marekkuchcinski.pl\/wp-content\/uploads\/2018\/04\/RZ__3991-1-768x512.jpg 768w, https:\/\/marekkuchcinski.pl\/wp-content\/uploads\/2018\/04\/RZ__3991-1-1024x683.jpg 1024w\" sizes=\"(max-width: 3360px) 100vw, 3360px\" \/><\/a>A tribute to the Speaker of the 3rd Sejm Maciej P\u0142a\u017cy\u0144ski<a href=\"https:\/\/marekkuchcinski.pl\/wp-content\/uploads\/2018\/04\/RZ__3902.jpg\"><img loading=\"lazy\" decoding=\"async\" class=\"alignnone size-full wp-image-9137\" src=\"https:\/\/marekkuchcinski.pl\/wp-content\/uploads\/2018\/04\/RZ__3902.jpg\" alt=\"RZ__3902\" width=\"3360\" height=\"2240\" srcset=\"https:\/\/marekkuchcinski.pl\/wp-content\/uploads\/2018\/04\/RZ__3902.jpg 2048w, https:\/\/marekkuchcinski.pl\/wp-content\/uploads\/2018\/04\/RZ__3902-300x200.jpg 300w, https:\/\/marekkuchcinski.pl\/wp-content\/uploads\/2018\/04\/RZ__3902-768x512.jpg 768w, https:\/\/marekkuchcinski.pl\/wp-content\/uploads\/2018\/04\/RZ__3902-1024x683.jpg 1024w\" sizes=\"(max-width: 3360px) 100vw, 3360px\" \/><\/a>Marshals laid flowers at the plaque commemorating President Lech Kaczy\u0144ski<a href=\"https:\/\/marekkuchcinski.pl\/wp-content\/uploads\/2018\/04\/KU300213.jpg\"><img loading=\"lazy\" decoding=\"async\" class=\"alignnone size-full wp-image-9128\" src=\"https:\/\/marekkuchcinski.pl\/wp-content\/uploads\/2018\/04\/KU300213.jpg\" alt=\"KU300213\" width=\"2736\" height=\"1824\" srcset=\"https:\/\/marekkuchcinski.pl\/wp-content\/uploads\/2018\/04\/KU300213.jpg 2048w, https:\/\/marekkuchcinski.pl\/wp-content\/uploads\/2018\/04\/KU300213-300x200.jpg 300w, https:\/\/marekkuchcinski.pl\/wp-content\/uploads\/2018\/04\/KU300213-768x512.jpg 768w, https:\/\/marekkuchcinski.pl\/wp-content\/uploads\/2018\/04\/KU300213-1024x683.jpg 1024w\" sizes=\"(max-width: 2736px) 100vw, 2736px\" \/><\/a> <a href=\"https:\/\/marekkuchcinski.pl\/wp-content\/uploads\/2018\/04\/KU300332.jpg\"><img loading=\"lazy\" decoding=\"async\" class=\"alignnone size-full wp-image-9129\" src=\"https:\/\/marekkuchcinski.pl\/wp-content\/uploads\/2018\/04\/KU300332.jpg\" alt=\"KU300332\" width=\"1911\" height=\"1267\" srcset=\"https:\/\/marekkuchcinski.pl\/wp-content\/uploads\/2018\/04\/KU300332.jpg 1911w, https:\/\/marekkuchcinski.pl\/wp-content\/uploads\/2018\/04\/KU300332-300x199.jpg 300w, https:\/\/marekkuchcinski.pl\/wp-content\/uploads\/2018\/04\/KU300332-768x509.jpg 768w, https:\/\/marekkuchcinski.pl\/wp-content\/uploads\/2018\/04\/KU300332-1024x679.jpg 1024w\" sizes=\"(max-width: 1911px) 100vw, 1911px\" \/><\/a> Homage in the Pantheon of Great Poles in the Temple of Divine Providence to the last President of the Republic of Poland in exile Ryszard Kaczorowski<span style=\"text-decoration: underline;\"><img loading=\"lazy\" decoding=\"async\" class=\"alignnone size-full wp-image-9130\" src=\"https:\/\/marekkuchcinski.pl\/wp-content\/uploads\/2018\/04\/KU309770.jpg\" alt=\"KU309770\" width=\"2736\" height=\"1824\" srcset=\"https:\/\/marekkuchcinski.pl\/wp-content\/uploads\/2018\/04\/KU309770.jpg 2048w, https:\/\/marekkuchcinski.pl\/wp-content\/uploads\/2018\/04\/KU309770-300x200.jpg 300w, https:\/\/marekkuchcinski.pl\/wp-content\/uploads\/2018\/04\/KU309770-768x512.jpg 768w, https:\/\/marekkuchcinski.pl\/wp-content\/uploads\/2018\/04\/KU309770-1024x683.jpg 1024w\" sizes=\"(max-width: 2736px) 100vw, 2736px\" \/><\/span>\u00a0Mass for the intention of the victims of the Smolensk catastrophe in the Seminary Church at Krakowskie Przedmiescie: Let us pray for the Holy Church so that it becomes a clear sign of mercy and attracts people to God, so that they are able to preserve their Polish and Christian identity and the Cross is surrounded by the highest respect. We beseech Thee<a href=\"https:\/\/marekkuchcinski.pl\/wp-content\/uploads\/2018\/04\/KU309813.jpg\"><img loading=\"lazy\" decoding=\"async\" class=\"alignnone size-full wp-image-9132\" src=\"https:\/\/marekkuchcinski.pl\/wp-content\/uploads\/2018\/04\/KU309813.jpg\" alt=\"KU309813\" width=\"2736\" height=\"1824\" srcset=\"https:\/\/marekkuchcinski.pl\/wp-content\/uploads\/2018\/04\/KU309813.jpg 2048w, https:\/\/marekkuchcinski.pl\/wp-content\/uploads\/2018\/04\/KU309813-300x200.jpg 300w, https:\/\/marekkuchcinski.pl\/wp-content\/uploads\/2018\/04\/KU309813-768x512.jpg 768w, https:\/\/marekkuchcinski.pl\/wp-content\/uploads\/2018\/04\/KU309813-1024x683.jpg 1024w\" sizes=\"(max-width: 2736px) 100vw, 2736px\" \/><\/a> <a href=\"https:\/\/marekkuchcinski.pl\/wp-content\/uploads\/2018\/04\/KU309877.jpg\"><img loading=\"lazy\" decoding=\"async\" class=\"alignnone size-full wp-image-9134\" src=\"https:\/\/marekkuchcinski.pl\/wp-content\/uploads\/2018\/04\/KU309877.jpg\" alt=\"KU309877\" width=\"2736\" height=\"1824\" srcset=\"https:\/\/marekkuchcinski.pl\/wp-content\/uploads\/2018\/04\/KU309877.jpg 2048w, https:\/\/marekkuchcinski.pl\/wp-content\/uploads\/2018\/04\/KU309877-300x200.jpg 300w, https:\/\/marekkuchcinski.pl\/wp-content\/uploads\/2018\/04\/KU309877-768x512.jpg 768w, https:\/\/marekkuchcinski.pl\/wp-content\/uploads\/2018\/04\/KU309877-1024x683.jpg 1024w\" sizes=\"(max-width: 2736px) 100vw, 2736px\" \/><\/a> <a href=\"https:\/\/marekkuchcinski.pl\/wp-content\/uploads\/2018\/04\/KU309982.jpg\"><img loading=\"lazy\" decoding=\"async\" class=\"alignnone size-full wp-image-9136\" src=\"https:\/\/marekkuchcinski.pl\/wp-content\/uploads\/2018\/04\/KU309982.jpg\" alt=\"KU309982\" width=\"1996\" height=\"1116\" srcset=\"https:\/\/marekkuchcinski.pl\/wp-content\/uploads\/2018\/04\/KU309982.jpg 1996w, https:\/\/marekkuchcinski.pl\/wp-content\/uploads\/2018\/04\/KU309982-300x168.jpg 300w, https:\/\/marekkuchcinski.pl\/wp-content\/uploads\/2018\/04\/KU309982-768x429.jpg 768w, https:\/\/marekkuchcinski.pl\/wp-content\/uploads\/2018\/04\/KU309982-1024x573.jpg 1024w\" sizes=\"(max-width: 1996px) 100vw, 1996px\" \/><\/a> Presidential Palace<a href=\"https:\/\/marekkuchcinski.pl\/wp-content\/uploads\/2018\/04\/RZ__4081.jpg\"><img loading=\"lazy\" decoding=\"async\" class=\"alignnone size-full wp-image-9142\" src=\"https:\/\/marekkuchcinski.pl\/wp-content\/uploads\/2018\/04\/RZ__4081.jpg\" alt=\"RZ__4081\" width=\"3360\" height=\"2240\" srcset=\"https:\/\/marekkuchcinski.pl\/wp-content\/uploads\/2018\/04\/RZ__4081.jpg 2048w, https:\/\/marekkuchcinski.pl\/wp-content\/uploads\/2018\/04\/RZ__4081-300x200.jpg 300w, https:\/\/marekkuchcinski.pl\/wp-content\/uploads\/2018\/04\/RZ__4081-768x512.jpg 768w, https:\/\/marekkuchcinski.pl\/wp-content\/uploads\/2018\/04\/RZ__4081-1024x683.jpg 1024w\" sizes=\"(max-width: 3360px) 100vw, 3360px\" \/><\/a> <a href=\"https:\/\/marekkuchcinski.pl\/wp-content\/uploads\/2018\/04\/RZ__4199.jpg\"><img loading=\"lazy\" decoding=\"async\" class=\"alignnone size-full wp-image-9143\" src=\"https:\/\/marekkuchcinski.pl\/wp-content\/uploads\/2018\/04\/RZ__4199.jpg\" alt=\"RZ__4199\" width=\"3360\" height=\"2240\" srcset=\"https:\/\/marekkuchcinski.pl\/wp-content\/uploads\/2018\/04\/RZ__4199.jpg 2048w, https:\/\/marekkuchcinski.pl\/wp-content\/uploads\/2018\/04\/RZ__4199-300x200.jpg 300w, https:\/\/marekkuchcinski.pl\/wp-content\/uploads\/2018\/04\/RZ__4199-768x512.jpg 768w, https:\/\/marekkuchcinski.pl\/wp-content\/uploads\/2018\/04\/RZ__4199-1024x683.jpg 1024w\" sizes=\"(max-width: 3360px) 100vw, 3360px\" \/><\/a> <a href=\"https:\/\/marekkuchcinski.pl\/wp-content\/uploads\/2018\/04\/RZ__4212.jpg\"><img loading=\"lazy\" decoding=\"async\" class=\"alignnone size-full wp-image-9144\" src=\"https:\/\/marekkuchcinski.pl\/wp-content\/uploads\/2018\/04\/RZ__4212.jpg\" alt=\"RZ__4212\" width=\"3360\" height=\"2240\" srcset=\"https:\/\/marekkuchcinski.pl\/wp-content\/uploads\/2018\/04\/RZ__4212.jpg 2048w, https:\/\/marekkuchcinski.pl\/wp-content\/uploads\/2018\/04\/RZ__4212-300x200.jpg 300w, https:\/\/marekkuchcinski.pl\/wp-content\/uploads\/2018\/04\/RZ__4212-768x512.jpg 768w, https:\/\/marekkuchcinski.pl\/wp-content\/uploads\/2018\/04\/RZ__4212-1024x683.jpg 1024w\" sizes=\"(max-width: 3360px) 100vw, 3360px\" \/><\/a> <a href=\"https:\/\/marekkuchcinski.pl\/wp-content\/uploads\/2018\/04\/RZ__4388.jpg\"><img loading=\"lazy\" decoding=\"async\" class=\"alignnone size-full wp-image-9147\" src=\"https:\/\/marekkuchcinski.pl\/wp-content\/uploads\/2018\/04\/RZ__4388.jpg\" alt=\"RZ__4388\" width=\"3360\" height=\"2240\" srcset=\"https:\/\/marekkuchcinski.pl\/wp-content\/uploads\/2018\/04\/RZ__4388.jpg 2048w, https:\/\/marekkuchcinski.pl\/wp-content\/uploads\/2018\/04\/RZ__4388-300x200.jpg 300w, https:\/\/marekkuchcinski.pl\/wp-content\/uploads\/2018\/04\/RZ__4388-768x512.jpg 768w, https:\/\/marekkuchcinski.pl\/wp-content\/uploads\/2018\/04\/RZ__4388-1024x683.jpg 1024w\" sizes=\"(max-width: 3360px) 100vw, 3360px\" \/><\/a> <a href=\"https:\/\/marekkuchcinski.pl\/wp-content\/uploads\/2018\/04\/RZ__4398.jpg\"><img loading=\"lazy\" decoding=\"async\" class=\"alignnone size-full wp-image-9148\" src=\"https:\/\/marekkuchcinski.pl\/wp-content\/uploads\/2018\/04\/RZ__4398.jpg\" alt=\"RZ__4398\" width=\"3360\" height=\"2240\" srcset=\"https:\/\/marekkuchcinski.pl\/wp-content\/uploads\/2018\/04\/RZ__4398.jpg 2048w, https:\/\/marekkuchcinski.pl\/wp-content\/uploads\/2018\/04\/RZ__4398-300x200.jpg 300w, https:\/\/marekkuchcinski.pl\/wp-content\/uploads\/2018\/04\/RZ__4398-768x512.jpg 768w, https:\/\/marekkuchcinski.pl\/wp-content\/uploads\/2018\/04\/RZ__4398-1024x683.jpg 1024w\" sizes=\"(max-width: 3360px) 100vw, 3360px\" \/><\/a> <a href=\"https:\/\/marekkuchcinski.pl\/wp-content\/uploads\/2018\/04\/RZ__4758.jpg\"><img loading=\"lazy\" decoding=\"async\" class=\"alignnone size-full wp-image-9149\" src=\"https:\/\/marekkuchcinski.pl\/wp-content\/uploads\/2018\/04\/RZ__4758.jpg\" alt=\"RZ__4758\" width=\"3360\" height=\"2240\" srcset=\"https:\/\/marekkuchcinski.pl\/wp-content\/uploads\/2018\/04\/RZ__4758.jpg 2048w, https:\/\/marekkuchcinski.pl\/wp-content\/uploads\/2018\/04\/RZ__4758-300x200.jpg 300w, https:\/\/marekkuchcinski.pl\/wp-content\/uploads\/2018\/04\/RZ__4758-768x512.jpg 768w, https:\/\/marekkuchcinski.pl\/wp-content\/uploads\/2018\/04\/RZ__4758-1024x683.jpg 1024w\" sizes=\"(max-width: 3360px) 100vw, 3360px\" \/><\/a>Pow\u0105zki, Military Cemetery: tribute to the victims of the Smolensk catastrophe paid by Law and Justice<\/p>\n<div style=\"width: 800px;\" class=\"wp-video\"><!--[if lt IE 9]><script>document.createElement('video');<\/script><![endif]-->\n<video class=\"wp-video-shortcode\" id=\"video-9127-1\" width=\"800\" height=\"450\" preload=\"metadata\" controls=\"controls\"><source type=\"video\/mp4\" src=\"https:\/\/marekkuchcinski.pl\/wp-content\/uploads\/2018\/04\/film-smolensk.mp4?_=1\" \/><a href=\"https:\/\/marekkuchcinski.pl\/wp-content\/uploads\/2018\/04\/film-smolensk.mp4\">https:\/\/marekkuchcinski.pl\/wp-content\/uploads\/2018\/04\/film-smolensk.mp4<\/a><\/video><\/div>\n<p><a href=\"https:\/\/marekkuchcinski.pl\/wp-content\/uploads\/2018\/04\/pomnik.jpg\"><img loading=\"lazy\" decoding=\"async\" class=\"alignnone size-full wp-image-9169\" src=\"https:\/\/marekkuchcinski.pl\/wp-content\/uploads\/2018\/04\/pomnik.jpg\" alt=\"pomnik\" width=\"1942\" height=\"1212\" srcset=\"https:\/\/marekkuchcinski.pl\/wp-content\/uploads\/2018\/04\/pomnik.jpg 1942w, https:\/\/marekkuchcinski.pl\/wp-content\/uploads\/2018\/04\/pomnik-300x187.jpg 300w, https:\/\/marekkuchcinski.pl\/wp-content\/uploads\/2018\/04\/pomnik-768x479.jpg 768w, https:\/\/marekkuchcinski.pl\/wp-content\/uploads\/2018\/04\/pomnik-1024x639.jpg 1024w\" sizes=\"(max-width: 1942px) 100vw, 1942px\" \/><\/a><a href=\"https:\/\/marekkuchcinski.pl\/wp-content\/uploads\/2018\/04\/KKB_1432.jpg\"><img loading=\"lazy\" decoding=\"async\" class=\"alignnone size-full wp-image-9170\" src=\"https:\/\/marekkuchcinski.pl\/wp-content\/uploads\/2018\/04\/KKB_1432.jpg\" alt=\"KKB_1432\" width=\"2522\" height=\"1538\" srcset=\"https:\/\/marekkuchcinski.pl\/wp-content\/uploads\/2018\/04\/KKB_1432.jpg 2048w, https:\/\/marekkuchcinski.pl\/wp-content\/uploads\/2018\/04\/KKB_1432-300x183.jpg 300w, https:\/\/marekkuchcinski.pl\/wp-content\/uploads\/2018\/04\/KKB_1432-768x468.jpg 768w, https:\/\/marekkuchcinski.pl\/wp-content\/uploads\/2018\/04\/KKB_1432-1024x624.jpg 1024w\" sizes=\"(max-width: 2522px) 100vw, 2522px\" \/><\/a> <a href=\"https:\/\/marekkuchcinski.pl\/wp-content\/uploads\/2018\/04\/KKB_1800.jpg\"><img loading=\"lazy\" decoding=\"async\" class=\"alignnone size-full wp-image-9171\" src=\"https:\/\/marekkuchcinski.pl\/wp-content\/uploads\/2018\/04\/KKB_1800.jpg\" alt=\"KKB_1800\" width=\"2880\" height=\"1920\" srcset=\"https:\/\/marekkuchcinski.pl\/wp-content\/uploads\/2018\/04\/KKB_1800.jpg 2048w, https:\/\/marekkuchcinski.pl\/wp-content\/uploads\/2018\/04\/KKB_1800-300x200.jpg 300w, https:\/\/marekkuchcinski.pl\/wp-content\/uploads\/2018\/04\/KKB_1800-768x512.jpg 768w, https:\/\/marekkuchcinski.pl\/wp-content\/uploads\/2018\/04\/KKB_1800-1024x683.jpg 1024w\" sizes=\"(max-width: 2880px) 100vw, 2880px\" \/><\/a> <a href=\"https:\/\/marekkuchcinski.pl\/wp-content\/uploads\/2018\/04\/KKB_1905.jpg\"><img loading=\"lazy\" decoding=\"async\" class=\"alignnone size-full wp-image-9172\" src=\"https:\/\/marekkuchcinski.pl\/wp-content\/uploads\/2018\/04\/KKB_1905.jpg\" alt=\"KKB_1905\" width=\"2703\" height=\"1617\" srcset=\"https:\/\/marekkuchcinski.pl\/wp-content\/uploads\/2018\/04\/KKB_1905.jpg 2048w, https:\/\/marekkuchcinski.pl\/wp-content\/uploads\/2018\/04\/KKB_1905-300x179.jpg 300w, https:\/\/marekkuchcinski.pl\/wp-content\/uploads\/2018\/04\/KKB_1905-768x459.jpg 768w, https:\/\/marekkuchcinski.pl\/wp-content\/uploads\/2018\/04\/KKB_1905-1024x613.jpg 1024w\" sizes=\"(max-width: 2703px) 100vw, 2703px\" \/><\/a>Pilsudski Square: Unveiling of the Monument to the Victims of the Smolensk Catastrophe<a href=\"https:\/\/marekkuchcinski.pl\/wp-content\/uploads\/2018\/04\/KKB_2158.jpg\"><img loading=\"lazy\" decoding=\"async\" class=\"alignnone size-full wp-image-9175\" src=\"https:\/\/marekkuchcinski.pl\/wp-content\/uploads\/2018\/04\/KKB_2158.jpg\" alt=\"KKB_2158\" width=\"2880\" height=\"1920\" srcset=\"https:\/\/marekkuchcinski.pl\/wp-content\/uploads\/2018\/04\/KKB_2158.jpg 2048w, https:\/\/marekkuchcinski.pl\/wp-content\/uploads\/2018\/04\/KKB_2158-300x200.jpg 300w, https:\/\/marekkuchcinski.pl\/wp-content\/uploads\/2018\/04\/KKB_2158-768x512.jpg 768w, https:\/\/marekkuchcinski.pl\/wp-content\/uploads\/2018\/04\/KKB_2158-1024x683.jpg 1024w\" sizes=\"(max-width: 2880px) 100vw, 2880px\" \/><\/a> <a href=\"https:\/\/marekkuchcinski.pl\/wp-content\/uploads\/2018\/04\/KKB_2569.jpg\"><img loading=\"lazy\" decoding=\"async\" class=\"alignnone size-full wp-image-9176\" src=\"https:\/\/marekkuchcinski.pl\/wp-content\/uploads\/2018\/04\/KKB_2569.jpg\" alt=\"KKB_2569\" width=\"2880\" height=\"1920\" srcset=\"https:\/\/marekkuchcinski.pl\/wp-content\/uploads\/2018\/04\/KKB_2569.jpg 2048w, https:\/\/marekkuchcinski.pl\/wp-content\/uploads\/2018\/04\/KKB_2569-300x200.jpg 300w, https:\/\/marekkuchcinski.pl\/wp-content\/uploads\/2018\/04\/KKB_2569-768x512.jpg 768w, https:\/\/marekkuchcinski.pl\/wp-content\/uploads\/2018\/04\/KKB_2569-1024x683.jpg 1024w\" sizes=\"(max-width: 2880px) 100vw, 2880px\" \/><\/a> <a href=\"https:\/\/marekkuchcinski.pl\/wp-content\/uploads\/2018\/04\/KMB_0621.jpg\"><img loading=\"lazy\" decoding=\"async\" class=\"alignnone size-full wp-image-9178\" src=\"https:\/\/marekkuchcinski.pl\/wp-content\/uploads\/2018\/04\/KMB_0621.jpg\" alt=\"KMB_0621\" width=\"2448\" height=\"1632\" srcset=\"https:\/\/marekkuchcinski.pl\/wp-content\/uploads\/2018\/04\/KMB_0621.jpg 2048w, https:\/\/marekkuchcinski.pl\/wp-content\/uploads\/2018\/04\/KMB_0621-300x200.jpg 300w, https:\/\/marekkuchcinski.pl\/wp-content\/uploads\/2018\/04\/KMB_0621-768x512.jpg 768w, https:\/\/marekkuchcinski.pl\/wp-content\/uploads\/2018\/04\/KMB_0621-1024x683.jpg 1024w\" sizes=\"(max-width: 2448px) 100vw, 2448px\" \/><\/a> <a href=\"https:\/\/marekkuchcinski.pl\/wp-content\/uploads\/2018\/04\/KU300605.jpg\"><img loading=\"lazy\" decoding=\"async\" class=\"alignnone size-full wp-image-9182\" src=\"https:\/\/marekkuchcinski.pl\/wp-content\/uploads\/2018\/04\/KU300605.jpg\" alt=\"KU300605\" width=\"2736\" height=\"1824\" srcset=\"https:\/\/marekkuchcinski.pl\/wp-content\/uploads\/2018\/04\/KU300605.jpg 2048w, https:\/\/marekkuchcinski.pl\/wp-content\/uploads\/2018\/04\/KU300605-300x200.jpg 300w, https:\/\/marekkuchcinski.pl\/wp-content\/uploads\/2018\/04\/KU300605-768x512.jpg 768w, https:\/\/marekkuchcinski.pl\/wp-content\/uploads\/2018\/04\/KU300605-1024x683.jpg 1024w\" sizes=\"(max-width: 2736px) 100vw, 2736px\" \/><\/a> <a href=\"https:\/\/marekkuchcinski.pl\/wp-content\/uploads\/2018\/04\/KU300568.jpg\"><img loading=\"lazy\" decoding=\"async\" class=\"alignnone size-full wp-image-9183\" src=\"https:\/\/marekkuchcinski.pl\/wp-content\/uploads\/2018\/04\/KU300568.jpg\" alt=\"KU300568\" width=\"2736\" height=\"1824\" srcset=\"https:\/\/marekkuchcinski.pl\/wp-content\/uploads\/2018\/04\/KU300568.jpg 2048w, https:\/\/marekkuchcinski.pl\/wp-content\/uploads\/2018\/04\/KU300568-300x200.jpg 300w, https:\/\/marekkuchcinski.pl\/wp-content\/uploads\/2018\/04\/KU300568-768x512.jpg 768w, https:\/\/marekkuchcinski.pl\/wp-content\/uploads\/2018\/04\/KU300568-1024x683.jpg 1024w\" sizes=\"(max-width: 2736px) 100vw, 2736px\" \/><\/a> <a href=\"https:\/\/marekkuchcinski.pl\/wp-content\/uploads\/2018\/04\/KU300492.jpg\"><img loading=\"lazy\" decoding=\"async\" class=\"alignnone size-full wp-image-9184\" src=\"https:\/\/marekkuchcinski.pl\/wp-content\/uploads\/2018\/04\/KU300492.jpg\" alt=\"KU300492\" width=\"2736\" height=\"1824\" srcset=\"https:\/\/marekkuchcinski.pl\/wp-content\/uploads\/2018\/04\/KU300492.jpg 2048w, https:\/\/marekkuchcinski.pl\/wp-content\/uploads\/2018\/04\/KU300492-300x200.jpg 300w, https:\/\/marekkuchcinski.pl\/wp-content\/uploads\/2018\/04\/KU300492-768x512.jpg 768w, https:\/\/marekkuchcinski.pl\/wp-content\/uploads\/2018\/04\/KU300492-1024x683.jpg 1024w\" sizes=\"(max-width: 2736px) 100vw, 2736px\" \/><\/a> <a href=\"https:\/\/marekkuchcinski.pl\/wp-content\/uploads\/2018\/04\/KU300477.jpg\"><img loading=\"lazy\" decoding=\"async\" class=\"alignnone size-full wp-image-9185\" src=\"https:\/\/marekkuchcinski.pl\/wp-content\/uploads\/2018\/04\/KU300477.jpg\" alt=\"KU300477\" width=\"2736\" height=\"1824\" srcset=\"https:\/\/marekkuchcinski.pl\/wp-content\/uploads\/2018\/04\/KU300477.jpg 2048w, https:\/\/marekkuchcinski.pl\/wp-content\/uploads\/2018\/04\/KU300477-300x200.jpg 300w, https:\/\/marekkuchcinski.pl\/wp-content\/uploads\/2018\/04\/KU300477-768x512.jpg 768w, https:\/\/marekkuchcinski.pl\/wp-content\/uploads\/2018\/04\/KU300477-1024x683.jpg 1024w\" sizes=\"(max-width: 2736px) 100vw, 2736px\" \/><\/a><a href=\"https:\/\/marekkuchcinski.pl\/wp-content\/uploads\/2018\/04\/KU301118.jpg\"><img loading=\"lazy\" decoding=\"async\" class=\"alignnone size-full wp-image-9186\" src=\"https:\/\/marekkuchcinski.pl\/wp-content\/uploads\/2018\/04\/KU301118.jpg\" alt=\"KU301118\" width=\"2736\" height=\"1824\" srcset=\"https:\/\/marekkuchcinski.pl\/wp-content\/uploads\/2018\/04\/KU301118.jpg 2048w, https:\/\/marekkuchcinski.pl\/wp-content\/uploads\/2018\/04\/KU301118-300x200.jpg 300w, https:\/\/marekkuchcinski.pl\/wp-content\/uploads\/2018\/04\/KU301118-768x512.jpg 768w, https:\/\/marekkuchcinski.pl\/wp-content\/uploads\/2018\/04\/KU301118-1024x683.jpg 1024w\" sizes=\"(max-width: 2736px) 100vw, 2736px\" \/><\/a> <a href=\"https:\/\/marekkuchcinski.pl\/wp-content\/uploads\/2018\/04\/KU301029.jpg\"><img loading=\"lazy\" decoding=\"async\" class=\"alignnone size-full wp-image-9187\" src=\"https:\/\/marekkuchcinski.pl\/wp-content\/uploads\/2018\/04\/KU301029.jpg\" alt=\"KU301029\" width=\"2736\" height=\"1824\" srcset=\"https:\/\/marekkuchcinski.pl\/wp-content\/uploads\/2018\/04\/KU301029.jpg 2048w, https:\/\/marekkuchcinski.pl\/wp-content\/uploads\/2018\/04\/KU301029-300x200.jpg 300w, https:\/\/marekkuchcinski.pl\/wp-content\/uploads\/2018\/04\/KU301029-768x512.jpg 768w, https:\/\/marekkuchcinski.pl\/wp-content\/uploads\/2018\/04\/KU301029-1024x683.jpg 1024w\" sizes=\"(max-width: 2736px) 100vw, 2736px\" \/><\/a> <a href=\"https:\/\/marekkuchcinski.pl\/wp-content\/uploads\/2018\/04\/KU300917.jpg\"><img loading=\"lazy\" decoding=\"async\" class=\"alignnone size-full wp-image-9188\" src=\"https:\/\/marekkuchcinski.pl\/wp-content\/uploads\/2018\/04\/KU300917.jpg\" alt=\"KU300917\" width=\"2736\" height=\"1824\" srcset=\"https:\/\/marekkuchcinski.pl\/wp-content\/uploads\/2018\/04\/KU300917.jpg 2048w, https:\/\/marekkuchcinski.pl\/wp-content\/uploads\/2018\/04\/KU300917-300x200.jpg 300w, https:\/\/marekkuchcinski.pl\/wp-content\/uploads\/2018\/04\/KU300917-768x512.jpg 768w, https:\/\/marekkuchcinski.pl\/wp-content\/uploads\/2018\/04\/KU300917-1024x683.jpg 1024w\" sizes=\"(max-width: 2736px) 100vw, 2736px\" \/><\/a> <a href=\"https:\/\/marekkuchcinski.pl\/wp-content\/uploads\/2018\/04\/KU300911.jpg\"><img loading=\"lazy\" decoding=\"async\" class=\"alignnone size-full wp-image-9189\" src=\"https:\/\/marekkuchcinski.pl\/wp-content\/uploads\/2018\/04\/KU300911.jpg\" alt=\"KU300911\" width=\"2736\" height=\"1824\" srcset=\"https:\/\/marekkuchcinski.pl\/wp-content\/uploads\/2018\/04\/KU300911.jpg 2048w, https:\/\/marekkuchcinski.pl\/wp-content\/uploads\/2018\/04\/KU300911-300x200.jpg 300w, https:\/\/marekkuchcinski.pl\/wp-content\/uploads\/2018\/04\/KU300911-768x512.jpg 768w, https:\/\/marekkuchcinski.pl\/wp-content\/uploads\/2018\/04\/KU300911-1024x683.jpg 1024w\" sizes=\"(max-width: 2736px) 100vw, 2736px\" \/><\/a> <a href=\"https:\/\/marekkuchcinski.pl\/wp-content\/uploads\/2018\/04\/KU300869.jpg\"><img loading=\"lazy\" decoding=\"async\" class=\"alignnone size-full wp-image-9190\" src=\"https:\/\/marekkuchcinski.pl\/wp-content\/uploads\/2018\/04\/KU300869.jpg\" alt=\"KU300869\" width=\"2300\" height=\"1504\" srcset=\"https:\/\/marekkuchcinski.pl\/wp-content\/uploads\/2018\/04\/KU300869.jpg 2048w, https:\/\/marekkuchcinski.pl\/wp-content\/uploads\/2018\/04\/KU300869-300x196.jpg 300w, https:\/\/marekkuchcinski.pl\/wp-content\/uploads\/2018\/04\/KU300869-768x502.jpg 768w, https:\/\/marekkuchcinski.pl\/wp-content\/uploads\/2018\/04\/KU300869-1024x670.jpg 1024w\" sizes=\"(max-width: 2300px) 100vw, 2300px\" \/><\/a> <a href=\"https:\/\/marekkuchcinski.pl\/wp-content\/uploads\/2018\/04\/KU300807.jpg\"><img loading=\"lazy\" decoding=\"async\" class=\"alignnone size-full wp-image-9191\" src=\"https:\/\/marekkuchcinski.pl\/wp-content\/uploads\/2018\/04\/KU300807.jpg\" alt=\"KU300807\" width=\"2736\" height=\"1824\" srcset=\"https:\/\/marekkuchcinski.pl\/wp-content\/uploads\/2018\/04\/KU300807.jpg 2048w, https:\/\/marekkuchcinski.pl\/wp-content\/uploads\/2018\/04\/KU300807-300x200.jpg 300w, https:\/\/marekkuchcinski.pl\/wp-content\/uploads\/2018\/04\/KU300807-768x512.jpg 768w, https:\/\/marekkuchcinski.pl\/wp-content\/uploads\/2018\/04\/KU300807-1024x683.jpg 1024w\" sizes=\"(max-width: 2736px) 100vw, 2736px\" \/><\/a> <a href=\"https:\/\/marekkuchcinski.pl\/wp-content\/uploads\/2018\/04\/KU300778.jpg\"><img loading=\"lazy\" decoding=\"async\" class=\"alignnone size-full wp-image-9192\" src=\"https:\/\/marekkuchcinski.pl\/wp-content\/uploads\/2018\/04\/KU300778.jpg\" alt=\"KU300778\" width=\"2736\" height=\"1824\" srcset=\"https:\/\/marekkuchcinski.pl\/wp-content\/uploads\/2018\/04\/KU300778.jpg 2048w, https:\/\/marekkuchcinski.pl\/wp-content\/uploads\/2018\/04\/KU300778-300x200.jpg 300w, https:\/\/marekkuchcinski.pl\/wp-content\/uploads\/2018\/04\/KU300778-768x512.jpg 768w, https:\/\/marekkuchcinski.pl\/wp-content\/uploads\/2018\/04\/KU300778-1024x683.jpg 1024w\" sizes=\"(max-width: 2736px) 100vw, 2736px\" \/><\/a> <a href=\"https:\/\/marekkuchcinski.pl\/wp-content\/uploads\/2018\/04\/KU300738.jpg\"><img loading=\"lazy\" decoding=\"async\" class=\"alignnone size-full wp-image-9193\" src=\"https:\/\/marekkuchcinski.pl\/wp-content\/uploads\/2018\/04\/KU300738.jpg\" alt=\"KU300738\" width=\"2221\" height=\"1387\" srcset=\"https:\/\/marekkuchcinski.pl\/wp-content\/uploads\/2018\/04\/KU300738.jpg 2048w, https:\/\/marekkuchcinski.pl\/wp-content\/uploads\/2018\/04\/KU300738-300x187.jpg 300w, https:\/\/marekkuchcinski.pl\/wp-content\/uploads\/2018\/04\/KU300738-768x480.jpg 768w, https:\/\/marekkuchcinski.pl\/wp-content\/uploads\/2018\/04\/KU300738-1024x639.jpg 1024w\" sizes=\"(max-width: 2221px) 100vw, 2221px\" \/><\/a><\/p>\n<p><strong><em>photo: Krzysztof Bia\u0142osk\u00f3rski, Pawe\u0142 Kula, Rafa\u0142 Zambrzycki\/ Chancellery of the Sejm<\/em><\/strong><\/p>","protected":false},"excerpt":{"rendered":"<p>Osiem lat temu reprezentanci Rzeczypospolitej, na czele z Prezydentem Lechem Kaczy\u0144skim i Jego Ma\u0142\u017conk\u0105 zgin\u0119li pod Smole\u0144skiem, wype\u0142niaj\u0105c swoje obowi\u0105zki wobec Ojczyzny. Polska w dzie\u0144 przed \u015awi\u0119tem Bo\u017cego Mi\u0142osierdzia utraci\u0142a \u2013 jak napisano w Epitafium Smole\u0144skim \u2013 \u201elosem Ojczyzny obarczonych stra\u017cnik\u00f3w \u017ar\u00f3de\u0142 i pami\u0119ci\u201d. Dzie\u0144 10 kwietnia sta\u0142 si\u0119 cezur\u0105 w najnowszych dziejach Polski, dla [&hellip;]<\/p>","protected":false},"author":6,"featured_media":9193,"comment_status":"open","ping_status":"open","sticky":false,"template":"","format":"standard","meta":{"ngg_post_thumbnail":0,"footnotes":""},"categories":[77,3],"tags":[],"class_list":["post-9127","post","type-post","status-publish","format-standard","has-post-thumbnail","hentry","category-wazne-daty","category-wydarzenia"],"yoast_head":"<!-- This site is optimized with the Yoast SEO plugin v24.7 - https:\/\/yoast.com\/wordpress\/plugins\/seo\/ -->\n<title>\u00d3sma rocznica katastrofy smole\u0144skiej &#8211; Marek Kuchci\u0144ski<\/title>\n<meta name=\"robots\" content=\"index, follow, max-snippet:-1, max-image-preview:large, max-video-preview:-1\" \/>\n<link rel=\"canonical\" href=\"https:\/\/marekkuchcinski.pl\/en\/wydarzenia\/obchody-osmej-rocznicy-katastrofy-smolenskiej\/\" \/>\n<meta property=\"og:locale\" content=\"en_GB\" \/>\n<meta property=\"og:type\" content=\"article\" \/>\n<meta property=\"og:title\" content=\"\u00d3sma rocznica katastrofy smole\u0144skiej &#8211; Marek Kuchci\u0144ski\" \/>\n<meta property=\"og:description\" content=\"Osiem lat temu reprezentanci Rzeczypospolitej, na czele z Prezydentem Lechem Kaczy\u0144skim i Jego Ma\u0142\u017conk\u0105 zgin\u0119li pod Smole\u0144skiem, wype\u0142niaj\u0105c swoje obowi\u0105zki wobec Ojczyzny. Polska w dzie\u0144 przed \u015awi\u0119tem Bo\u017cego Mi\u0142osierdzia utraci\u0142a \u2013 jak napisano w Epitafium Smole\u0144skim \u2013 \u201elosem Ojczyzny obarczonych stra\u017cnik\u00f3w \u017ar\u00f3de\u0142 i pami\u0119ci\u201d. Dzie\u0144 10 kwietnia sta\u0142 si\u0119 cezur\u0105 w najnowszych dziejach Polski, dla [&hellip;]\" \/>\n<meta property=\"og:url\" content=\"https:\/\/marekkuchcinski.pl\/en\/wydarzenia\/obchody-osmej-rocznicy-katastrofy-smolenskiej\/\" \/>\n<meta property=\"og:site_name\" content=\"Marek Kuchci\u0144ski\" \/>\n<meta property=\"article:published_time\" content=\"2018-04-10T11:35:38+00:00\" \/>\n<meta property=\"article:modified_time\" content=\"2018-04-11T07:18:39+00:00\" \/>\n<meta property=\"og:image\" content=\"https:\/\/marekkuchcinski.pl\/wp-content\/uploads\/2018\/04\/KU300738.jpg\" \/>\n\t<meta property=\"og:image:width\" content=\"2048\" \/>\n\t<meta property=\"og:image:height\" content=\"1279\" \/>\n\t<meta property=\"og:image:type\" content=\"image\/jpeg\" \/>\n<meta name=\"author\" content=\"admin\" \/>\n<meta name=\"twitter:card\" content=\"summary_large_image\" \/>\n<meta name=\"twitter:label1\" content=\"Written by\" \/>\n\t<meta name=\"twitter:data1\" content=\"admin\" \/>\n\t<meta name=\"twitter:label2\" content=\"Estimated reading time\" \/>\n\t<meta name=\"twitter:data2\" content=\"2 minutes\" \/>\n<script type=\"application\/ld+json\" class=\"yoast-schema-graph\">{\"@context\":\"https:\/\/schema.org\",\"@graph\":[{\"@type\":\"Article\",\"@id\":\"https:\/\/marekkuchcinski.pl\/sk\/wydarzenia\/obchody-osmej-rocznicy-katastrofy-smolenskiej\/#article\",\"isPartOf\":{\"@id\":\"https:\/\/marekkuchcinski.pl\/sk\/wydarzenia\/obchody-osmej-rocznicy-katastrofy-smolenskiej\/\"},\"author\":{\"name\":\"admin\",\"@id\":\"https:\/\/marekkuchcinski.pl\/#\/schema\/person\/6f62700996b4d950b6ea2d1183b6c6be\"},\"headline\":\"\u00d3sma rocznica katastrofy smole\u0144skiej\",\"datePublished\":\"2018-04-10T11:35:38+00:00\",\"dateModified\":\"2018-04-11T07:18:39+00:00\",\"mainEntityOfPage\":{\"@id\":\"https:\/\/marekkuchcinski.pl\/sk\/wydarzenia\/obchody-osmej-rocznicy-katastrofy-smolenskiej\/\"},\"wordCount\":488,\"commentCount\":0,\"publisher\":{\"@id\":\"https:\/\/marekkuchcinski.pl\/#organization\"},\"image\":{\"@id\":\"https:\/\/marekkuchcinski.pl\/sk\/wydarzenia\/obchody-osmej-rocznicy-katastrofy-smolenskiej\/#primaryimage\"},\"thumbnailUrl\":\"https:\/\/marekkuchcinski.pl\/wp-content\/uploads\/2018\/04\/KU300738.jpg\",\"articleSection\":[\"Wa\u017cne daty\",\"Wydarzenia\"],\"inLanguage\":\"en-GB\",\"potentialAction\":[{\"@type\":\"CommentAction\",\"name\":\"Comment\",\"target\":[\"https:\/\/marekkuchcinski.pl\/sk\/wydarzenia\/obchody-osmej-rocznicy-katastrofy-smolenskiej\/#respond\"]}]},{\"@type\":\"WebPage\",\"@id\":\"https:\/\/marekkuchcinski.pl\/sk\/wydarzenia\/obchody-osmej-rocznicy-katastrofy-smolenskiej\/\",\"url\":\"https:\/\/marekkuchcinski.pl\/sk\/wydarzenia\/obchody-osmej-rocznicy-katastrofy-smolenskiej\/\",\"name\":\"\u00d3sma rocznica katastrofy smole\u0144skiej &#8211; Marek Kuchci\u0144ski\",\"isPartOf\":{\"@id\":\"https:\/\/marekkuchcinski.pl\/#website\"},\"primaryImageOfPage\":{\"@id\":\"https:\/\/marekkuchcinski.pl\/sk\/wydarzenia\/obchody-osmej-rocznicy-katastrofy-smolenskiej\/#primaryimage\"},\"image\":{\"@id\":\"https:\/\/marekkuchcinski.pl\/sk\/wydarzenia\/obchody-osmej-rocznicy-katastrofy-smolenskiej\/#primaryimage\"},\"thumbnailUrl\":\"https:\/\/marekkuchcinski.pl\/wp-content\/uploads\/2018\/04\/KU300738.jpg\",\"datePublished\":\"2018-04-10T11:35:38+00:00\",\"dateModified\":\"2018-04-11T07:18:39+00:00\",\"breadcrumb\":{\"@id\":\"https:\/\/marekkuchcinski.pl\/sk\/wydarzenia\/obchody-osmej-rocznicy-katastrofy-smolenskiej\/#breadcrumb\"},\"inLanguage\":\"en-GB\",\"potentialAction\":[{\"@type\":\"ReadAction\",\"target\":[\"https:\/\/marekkuchcinski.pl\/sk\/wydarzenia\/obchody-osmej-rocznicy-katastrofy-smolenskiej\/\"]}]},{\"@type\":\"ImageObject\",\"inLanguage\":\"en-GB\",\"@id\":\"https:\/\/marekkuchcinski.pl\/sk\/wydarzenia\/obchody-osmej-rocznicy-katastrofy-smolenskiej\/#primaryimage\",\"url\":\"https:\/\/marekkuchcinski.pl\/wp-content\/uploads\/2018\/04\/KU300738.jpg\",\"contentUrl\":\"https:\/\/marekkuchcinski.pl\/wp-content\/uploads\/2018\/04\/KU300738.jpg\",\"width\":2048,\"height\":1279},{\"@type\":\"BreadcrumbList\",\"@id\":\"https:\/\/marekkuchcinski.pl\/sk\/wydarzenia\/obchody-osmej-rocznicy-katastrofy-smolenskiej\/#breadcrumb\",\"itemListElement\":[{\"@type\":\"ListItem\",\"position\":1,\"name\":\"Strona g\u0142\u00f3wna\",\"item\":\"https:\/\/marekkuchcinski.pl\/\"},{\"@type\":\"ListItem\",\"position\":2,\"name\":\"\u00d3sma rocznica katastrofy smole\u0144skiej\"}]},{\"@type\":\"WebSite\",\"@id\":\"https:\/\/marekkuchcinski.pl\/#website\",\"url\":\"https:\/\/marekkuchcinski.pl\/\",\"name\":\"Marek Kuchci\u0144ski\",\"description\":\"Pose\u0142 na sejm RP &ndash; okr\u0119g nr 22\",\"publisher\":{\"@id\":\"https:\/\/marekkuchcinski.pl\/#organization\"},\"potentialAction\":[{\"@type\":\"SearchAction\",\"target\":{\"@type\":\"EntryPoint\",\"urlTemplate\":\"https:\/\/marekkuchcinski.pl\/?s={search_term_string}\"},\"query-input\":{\"@type\":\"PropertyValueSpecification\",\"valueRequired\":true,\"valueName\":\"search_term_string\"}}],\"inLanguage\":\"en-GB\"},{\"@type\":\"Organization\",\"@id\":\"https:\/\/marekkuchcinski.pl\/#organization\",\"name\":\"Marek Kuchci\u0144ski\",\"url\":\"https:\/\/marekkuchcinski.pl\/\",\"logo\":{\"@type\":\"ImageObject\",\"inLanguage\":\"en-GB\",\"@id\":\"https:\/\/marekkuchcinski.pl\/#\/schema\/logo\/image\/\",\"url\":\"https:\/\/marekkuchcinski.pl\/wp-content\/uploads\/2022\/09\/Marek.jpg\",\"contentUrl\":\"https:\/\/marekkuchcinski.pl\/wp-content\/uploads\/2022\/09\/Marek.jpg\",\"width\":1600,\"height\":971,\"caption\":\"Marek Kuchci\u0144ski\"},\"image\":{\"@id\":\"https:\/\/marekkuchcinski.pl\/#\/schema\/logo\/image\/\"}},{\"@type\":\"Person\",\"@id\":\"https:\/\/marekkuchcinski.pl\/#\/schema\/person\/6f62700996b4d950b6ea2d1183b6c6be\",\"name\":\"admin\",\"image\":{\"@type\":\"ImageObject\",\"inLanguage\":\"en-GB\",\"@id\":\"https:\/\/marekkuchcinski.pl\/#\/schema\/person\/image\/\",\"url\":\"https:\/\/secure.gravatar.com\/avatar\/4bab693b9d55c3d6b52c0296a8765085?s=96&d=mm&r=g\",\"contentUrl\":\"https:\/\/secure.gravatar.com\/avatar\/4bab693b9d55c3d6b52c0296a8765085?s=96&d=mm&r=g\",\"caption\":\"admin\"},\"url\":\"https:\/\/marekkuchcinski.pl\/en\/author\/marta-olejnik\/\"}]}<\/script>\n<!-- \/ Yoast SEO plugin. -->","yoast_head_json":{"title":"\u00d3sma rocznica katastrofy smole\u0144skiej &#8211; Marek Kuchci\u0144ski","robots":{"index":"index","follow":"follow","max-snippet":"max-snippet:-1","max-image-preview":"max-image-preview:large","max-video-preview":"max-video-preview:-1"},"canonical":"https:\/\/marekkuchcinski.pl\/en\/wydarzenia\/obchody-osmej-rocznicy-katastrofy-smolenskiej\/","og_locale":"en_GB","og_type":"article","og_title":"\u00d3sma rocznica katastrofy smole\u0144skiej &#8211; Marek Kuchci\u0144ski","og_description":"Osiem lat temu reprezentanci Rzeczypospolitej, na czele z Prezydentem Lechem Kaczy\u0144skim i Jego Ma\u0142\u017conk\u0105 zgin\u0119li pod Smole\u0144skiem, wype\u0142niaj\u0105c swoje obowi\u0105zki wobec Ojczyzny. Polska w dzie\u0144 przed \u015awi\u0119tem Bo\u017cego Mi\u0142osierdzia utraci\u0142a \u2013 jak napisano w Epitafium Smole\u0144skim \u2013 \u201elosem Ojczyzny obarczonych stra\u017cnik\u00f3w \u017ar\u00f3de\u0142 i pami\u0119ci\u201d. Dzie\u0144 10 kwietnia sta\u0142 si\u0119 cezur\u0105 w najnowszych dziejach Polski, dla [&hellip;]","og_url":"https:\/\/marekkuchcinski.pl\/en\/wydarzenia\/obchody-osmej-rocznicy-katastrofy-smolenskiej\/","og_site_name":"Marek Kuchci\u0144ski","article_published_time":"2018-04-10T11:35:38+00:00","article_modified_time":"2018-04-11T07:18:39+00:00","og_image":[{"width":2048,"height":1279,"url":"https:\/\/marekkuchcinski.pl\/wp-content\/uploads\/2018\/04\/KU300738.jpg","type":"image\/jpeg"}],"author":"admin","twitter_card":"summary_large_image","twitter_misc":{"Written by":"admin","Estimated reading time":"2 minutes"},"schema":{"@context":"https:\/\/schema.org","@graph":[{"@type":"Article","@id":"https:\/\/marekkuchcinski.pl\/sk\/wydarzenia\/obchody-osmej-rocznicy-katastrofy-smolenskiej\/#article","isPartOf":{"@id":"https:\/\/marekkuchcinski.pl\/sk\/wydarzenia\/obchody-osmej-rocznicy-katastrofy-smolenskiej\/"},"author":{"name":"admin","@id":"https:\/\/marekkuchcinski.pl\/#\/schema\/person\/6f62700996b4d950b6ea2d1183b6c6be"},"headline":"\u00d3sma rocznica katastrofy smole\u0144skiej","datePublished":"2018-04-10T11:35:38+00:00","dateModified":"2018-04-11T07:18:39+00:00","mainEntityOfPage":{"@id":"https:\/\/marekkuchcinski.pl\/sk\/wydarzenia\/obchody-osmej-rocznicy-katastrofy-smolenskiej\/"},"wordCount":488,"commentCount":0,"publisher":{"@id":"https:\/\/marekkuchcinski.pl\/#organization"},"image":{"@id":"https:\/\/marekkuchcinski.pl\/sk\/wydarzenia\/obchody-osmej-rocznicy-katastrofy-smolenskiej\/#primaryimage"},"thumbnailUrl":"https:\/\/marekkuchcinski.pl\/wp-content\/uploads\/2018\/04\/KU300738.jpg","articleSection":["Wa\u017cne daty","Wydarzenia"],"inLanguage":"en-GB","potentialAction":[{"@type":"CommentAction","name":"Comment","target":["https:\/\/marekkuchcinski.pl\/sk\/wydarzenia\/obchody-osmej-rocznicy-katastrofy-smolenskiej\/#respond"]}]},{"@type":"WebPage","@id":"https:\/\/marekkuchcinski.pl\/sk\/wydarzenia\/obchody-osmej-rocznicy-katastrofy-smolenskiej\/","url":"https:\/\/marekkuchcinski.pl\/sk\/wydarzenia\/obchody-osmej-rocznicy-katastrofy-smolenskiej\/","name":"\u00d3sma rocznica katastrofy smole\u0144skiej &#8211; Marek Kuchci\u0144ski","isPartOf":{"@id":"https:\/\/marekkuchcinski.pl\/#website"},"primaryImageOfPage":{"@id":"https:\/\/marekkuchcinski.pl\/sk\/wydarzenia\/obchody-osmej-rocznicy-katastrofy-smolenskiej\/#primaryimage"},"image":{"@id":"https:\/\/marekkuchcinski.pl\/sk\/wydarzenia\/obchody-osmej-rocznicy-katastrofy-smolenskiej\/#primaryimage"},"thumbnailUrl":"https:\/\/marekkuchcinski.pl\/wp-content\/uploads\/2018\/04\/KU300738.jpg","datePublished":"2018-04-10T11:35:38+00:00","dateModified":"2018-04-11T07:18:39+00:00","breadcrumb":{"@id":"https:\/\/marekkuchcinski.pl\/sk\/wydarzenia\/obchody-osmej-rocznicy-katastrofy-smolenskiej\/#breadcrumb"},"inLanguage":"en-GB","potentialAction":[{"@type":"ReadAction","target":["https:\/\/marekkuchcinski.pl\/sk\/wydarzenia\/obchody-osmej-rocznicy-katastrofy-smolenskiej\/"]}]},{"@type":"ImageObject","inLanguage":"en-GB","@id":"https:\/\/marekkuchcinski.pl\/sk\/wydarzenia\/obchody-osmej-rocznicy-katastrofy-smolenskiej\/#primaryimage","url":"https:\/\/marekkuchcinski.pl\/wp-content\/uploads\/2018\/04\/KU300738.jpg","contentUrl":"https:\/\/marekkuchcinski.pl\/wp-content\/uploads\/2018\/04\/KU300738.jpg","width":2048,"height":1279},{"@type":"BreadcrumbList","@id":"https:\/\/marekkuchcinski.pl\/sk\/wydarzenia\/obchody-osmej-rocznicy-katastrofy-smolenskiej\/#breadcrumb","itemListElement":[{"@type":"ListItem","position":1,"name":"Strona g\u0142\u00f3wna","item":"https:\/\/marekkuchcinski.pl\/"},{"@type":"ListItem","position":2,"name":"\u00d3sma rocznica katastrofy smole\u0144skiej"}]},{"@type":"WebSite","@id":"https:\/\/marekkuchcinski.pl\/#website","url":"https:\/\/marekkuchcinski.pl\/","name":"Marek Kuchci\u0144ski","description":"Pose\u0142 na sejm RP &ndash; okr\u0119g nr 22","publisher":{"@id":"https:\/\/marekkuchcinski.pl\/#organization"},"potentialAction":[{"@type":"SearchAction","target":{"@type":"EntryPoint","urlTemplate":"https:\/\/marekkuchcinski.pl\/?s={search_term_string}"},"query-input":{"@type":"PropertyValueSpecification","valueRequired":true,"valueName":"search_term_string"}}],"inLanguage":"en-GB"},{"@type":"Organization","@id":"https:\/\/marekkuchcinski.pl\/#organization","name":"Marek Kuchci\u0144ski","url":"https:\/\/marekkuchcinski.pl\/","logo":{"@type":"ImageObject","inLanguage":"en-GB","@id":"https:\/\/marekkuchcinski.pl\/#\/schema\/logo\/image\/","url":"https:\/\/marekkuchcinski.pl\/wp-content\/uploads\/2022\/09\/Marek.jpg","contentUrl":"https:\/\/marekkuchcinski.pl\/wp-content\/uploads\/2022\/09\/Marek.jpg","width":1600,"height":971,"caption":"Marek Kuchci\u0144ski"},"image":{"@id":"https:\/\/marekkuchcinski.pl\/#\/schema\/logo\/image\/"}},{"@type":"Person","@id":"https:\/\/marekkuchcinski.pl\/#\/schema\/person\/6f62700996b4d950b6ea2d1183b6c6be","name":"admin","image":{"@type":"ImageObject","inLanguage":"en-GB","@id":"https:\/\/marekkuchcinski.pl\/#\/schema\/person\/image\/","url":"https:\/\/secure.gravatar.com\/avatar\/4bab693b9d55c3d6b52c0296a8765085?s=96&d=mm&r=g","contentUrl":"https:\/\/secure.gravatar.com\/avatar\/4bab693b9d55c3d6b52c0296a8765085?s=96&d=mm&r=g","caption":"admin"},"url":"https:\/\/marekkuchcinski.pl\/en\/author\/marta-olejnik\/"}]}},"_links":{"self":[{"href":"https:\/\/marekkuchcinski.pl\/en\/wp-json\/wp\/v2\/posts\/9127","targetHints":{"allow":["GET"]}}],"collection":[{"href":"https:\/\/marekkuchcinski.pl\/en\/wp-json\/wp\/v2\/posts"}],"about":[{"href":"https:\/\/marekkuchcinski.pl\/en\/wp-json\/wp\/v2\/types\/post"}],"author":[{"embeddable":true,"href":"https:\/\/marekkuchcinski.pl\/en\/wp-json\/wp\/v2\/users\/6"}],"replies":[{"embeddable":true,"href":"https:\/\/marekkuchcinski.pl\/en\/wp-json\/wp\/v2\/comments?post=9127"}],"version-history":[{"count":14,"href":"https:\/\/marekkuchcinski.pl\/en\/wp-json\/wp\/v2\/posts\/9127\/revisions"}],"predecessor-version":[{"id":9194,"href":"https:\/\/marekkuchcinski.pl\/en\/wp-json\/wp\/v2\/posts\/9127\/revisions\/9194"}],"wp:featuredmedia":[{"embeddable":true,"href":"https:\/\/marekkuchcinski.pl\/en\/wp-json\/wp\/v2\/media\/9193"}],"wp:attachment":[{"href":"https:\/\/marekkuchcinski.pl\/en\/wp-json\/wp\/v2\/media?parent=9127"}],"wp:term":[{"taxonomy":"category","embeddable":true,"href":"https:\/\/marekkuchcinski.pl\/en\/wp-json\/wp\/v2\/categories?post=9127"},{"taxonomy":"post_tag","embeddable":true,"href":"https:\/\/marekkuchcinski.pl\/en\/wp-json\/wp\/v2\/tags?post=9127"}],"curies":[{"name":"wp","href":"https:\/\/api.w.org\/{rel}","templated":true}]}}