{"id":9019,"date":"2018-03-17T18:04:44","date_gmt":"2018-03-17T17:04:44","guid":{"rendered":"https:\/\/marekkuchcinski.pl\/?p=9019"},"modified":"2018-03-17T18:39:12","modified_gmt":"2018-03-17T17:39:12","slug":"24-lata-temu-zmarl-zbigniew-kuchcinski-prezes-towarzystwa-milosnikow-lwowa","status":"publish","type":"post","link":"https:\/\/marekkuchcinski.pl\/en\/wydarzenia\/24-lata-temu-zmarl-zbigniew-kuchcinski-prezes-towarzystwa-milosnikow-lwowa\/","title":{"rendered":"24 years ago Zbigniew Kuchcinski, president of the Lviv Lovers Society, died"},"content":{"rendered":"<p>Zbigniew Kuchcinski, founder and president of the Society of Lovers of Lviv and Southern Borderlands<wbr \/>He died on March 17, 1994.<\/p>\n<p>The Society has set as its main objectives:<\/p>\n<ul>\n<li>cultivate the historical, cultural, and scientific heritage of the Eastern Borderlands as an integral part of the tradition of the Republic of Poland,<\/li>\n<li>maintaining close ties with Compatriots in the East and Polish organizations,<\/li>\n<li>Providing broadly understood assistance to Poles living there, especially children, young people and the elderly and sick.<\/li>\n<li>The Przemy\u015bl branch was also involved in collecting money on the border for the restoration of historical monuments<\/li>\n<\/ul>\n<p><a href=\"https:\/\/marekkuchcinski.pl\/wp-content\/uploads\/2018\/03\/ZK-1.jpg\"><img fetchpriority=\"high\" decoding=\"async\" class=\"alignnone size-full wp-image-9020\" src=\"https:\/\/marekkuchcinski.pl\/wp-content\/uploads\/2018\/03\/ZK-1.jpg\" alt=\"ZK (1)\" width=\"3024\" height=\"4032\" srcset=\"https:\/\/marekkuchcinski.pl\/wp-content\/uploads\/2018\/03\/ZK-1.jpg 1536w, https:\/\/marekkuchcinski.pl\/wp-content\/uploads\/2018\/03\/ZK-1-225x300.jpg 225w, https:\/\/marekkuchcinski.pl\/wp-content\/uploads\/2018\/03\/ZK-1-768x1024.jpg 768w\" sizes=\"(max-width: 3024px) 100vw, 3024px\" \/><\/a><\/p>","protected":false},"excerpt":{"rendered":"<p>Zbigniew Kuchci\u0144ski, za\u0142o\u017cyciel i prezes\u00a0Towarzystwa Mi\u0142o\u015bnik\u00f3w Lwowa\u00a0i Kres\u00f3w Po\u0142udniowo-Wschodnich w Przemy\u015blu, zmar\u0142 17 marca 1994 r. Za g\u0142\u00f3wne cele Towarzystwo postawi\u0142o sobie: piel\u0119gnowanie dorobku historycznego, kulturowego, naukowego Kres\u00f3w Wschodnich jako integralnej cz\u0119\u015bci tradycji Rzeczypospolitej Polskiej, utrzymywanie bliskiej wi\u0119zi z Rodakami na Wschodzie i organizacjami polskimi, niesienie szeroko poj\u0119tej pomocy Polakom tam mieszkaj\u0105cym, zw\u0142aszcza dzieciom, m\u0142odzie\u017cy [&hellip;]<\/p>\n","protected":false},"author":6,"featured_media":9020,"comment_status":"open","ping_status":"open","sticky":false,"template":"","format":"standard","meta":{"ngg_post_thumbnail":0,"footnotes":""},"categories":[49,77,50,3],"tags":[],"class_list":["post-9019","post","type-post","status-publish","format-standard","has-post-thumbnail","hentry","category-podkarpacie","category-wazne-daty","category-wspolpraca-miedzynarodowa","category-wydarzenia"],"_links":{"self":[{"href":"https:\/\/marekkuchcinski.pl\/en\/wp-json\/wp\/v2\/posts\/9019","targetHints":{"allow":["GET"]}}],"collection":[{"href":"https:\/\/marekkuchcinski.pl\/en\/wp-json\/wp\/v2\/posts"}],"about":[{"href":"https:\/\/marekkuchcinski.pl\/en\/wp-json\/wp\/v2\/types\/post"}],"author":[{"embeddable":true,"href":"https:\/\/marekkuchcinski.pl\/en\/wp-json\/wp\/v2\/users\/6"}],"replies":[{"embeddable":true,"href":"https:\/\/marekkuchcinski.pl\/en\/wp-json\/wp\/v2\/comments?post=9019"}],"version-history":[{"count":6,"href":"https:\/\/marekkuchcinski.pl\/en\/wp-json\/wp\/v2\/posts\/9019\/revisions"}],"predecessor-version":[{"id":9026,"href":"https:\/\/marekkuchcinski.pl\/en\/wp-json\/wp\/v2\/posts\/9019\/revisions\/9026"}],"wp:featuredmedia":[{"embeddable":true,"href":"https:\/\/marekkuchcinski.pl\/en\/wp-json\/wp\/v2\/media\/9020"}],"wp:attachment":[{"href":"https:\/\/marekkuchcinski.pl\/en\/wp-json\/wp\/v2\/media?parent=9019"}],"wp:term":[{"taxonomy":"category","embeddable":true,"href":"https:\/\/marekkuchcinski.pl\/en\/wp-json\/wp\/v2\/categories?post=9019"},{"taxonomy":"post_tag","embeddable":true,"href":"https:\/\/marekkuchcinski.pl\/en\/wp-json\/wp\/v2\/tags?post=9019"}],"curies":[{"name":"wp","href":"https:\/\/api.w.org\/{rel}","templated":true}]}}