{"id":8587,"date":"2018-02-15T10:28:16","date_gmt":"2018-02-15T09:28:16","guid":{"rendered":"https:\/\/marekkuchcinski.pl\/?p=8587"},"modified":"2018-02-15T10:30:43","modified_gmt":"2018-02-15T09:30:43","slug":"spotkanie-ambasadorem-austrii-wernerem-almhoferem","status":"publish","type":"post","link":"https:\/\/marekkuchcinski.pl\/en\/wydarzenia\/spotkanie-ambasadorem-austrii-wernerem-almhoferem\/","title":{"rendered":"Meeting with the Ambassador of Austria H.E. Werner Almhofer"},"content":{"rendered":"<p>During the meeting, the topic of sustainable development of the European Union - diverse countries with equal rights - was discussed. The Marshal of the Sejm stressed the need for a reform of the judiciary in Poland, following the example of the Western European countries, and the need for a better flow of information, since it is mainly due to disinformation that the state of the rule of law in Poland is wrongly assessed.<\/p>\n<p>The Speaker also stressed the need to intensify contacts between parliaments, also by including Austria in the format of the Visegrad Group.<\/p>\n<p>The Austrian ambassador argued for strong support for Central and Eastern European countries and convergent perceptions with Poland on issues such as migration. He announced the establishment of a friendship group with Poland in the Austrian Parliament for March 2018.<\/p>\n<p><a href=\"https:\/\/marekkuchcinski.pl\/wp-content\/uploads\/2018\/02\/amb-austrii.jpg\"><img fetchpriority=\"high\" decoding=\"async\" class=\"alignnone size-full wp-image-8588\" src=\"https:\/\/marekkuchcinski.pl\/wp-content\/uploads\/2018\/02\/amb-austrii.jpg\" alt=\"amb austrii\" width=\"2991\" height=\"1994\" srcset=\"https:\/\/marekkuchcinski.pl\/wp-content\/uploads\/2018\/02\/amb-austrii.jpg 2048w, https:\/\/marekkuchcinski.pl\/wp-content\/uploads\/2018\/02\/amb-austrii-300x200.jpg 300w, https:\/\/marekkuchcinski.pl\/wp-content\/uploads\/2018\/02\/amb-austrii-768x512.jpg 768w, https:\/\/marekkuchcinski.pl\/wp-content\/uploads\/2018\/02\/amb-austrii-1024x683.jpg 1024w\" sizes=\"(max-width: 2991px) 100vw, 2991px\" \/><\/a><\/p>","protected":false},"excerpt":{"rendered":"<p>Podczas spotkania poruszono temat m.in. zr\u00f3wnowa\u017conego rozwoju Unii Europejskiej \u2013 pa\u0144stw r\u00f3\u017cnorodnych, lecz o r\u00f3wnych prawach. Marsza\u0142ek Sejmu zaakcentowa\u0142 potrzeb\u0119 reformy s\u0105downictwa w Polsce, przeprowadzanej na wz\u00f3r pa\u0144stw Europy Zachodniej oraz potrzeb\u0119 lepszego przep\u0142ywu informacji, poniewa\u017c to g\u0142\u00f3wnie z dezinformacji wynika b\u0142\u0119dna ocena stanu praworz\u0105dno\u015bci w Polsce. Marsza\u0142ek podkre\u015bli\u0142 tak\u017ce potrzeb\u0119 intensyfikacji kontakt\u00f3w mi\u0119dzy parlamentami, [&hellip;]<\/p>\n","protected":false},"author":6,"featured_media":8588,"comment_status":"open","ping_status":"open","sticky":false,"template":"","format":"standard","meta":{"ngg_post_thumbnail":0,"footnotes":""},"categories":[81,50,3],"tags":[],"class_list":["post-8587","post","type-post","status-publish","format-standard","has-post-thumbnail","hentry","category-wiesci-z-sejmu","category-wspolpraca-miedzynarodowa","category-wydarzenia"],"_links":{"self":[{"href":"https:\/\/marekkuchcinski.pl\/en\/wp-json\/wp\/v2\/posts\/8587","targetHints":{"allow":["GET"]}}],"collection":[{"href":"https:\/\/marekkuchcinski.pl\/en\/wp-json\/wp\/v2\/posts"}],"about":[{"href":"https:\/\/marekkuchcinski.pl\/en\/wp-json\/wp\/v2\/types\/post"}],"author":[{"embeddable":true,"href":"https:\/\/marekkuchcinski.pl\/en\/wp-json\/wp\/v2\/users\/6"}],"replies":[{"embeddable":true,"href":"https:\/\/marekkuchcinski.pl\/en\/wp-json\/wp\/v2\/comments?post=8587"}],"version-history":[{"count":2,"href":"https:\/\/marekkuchcinski.pl\/en\/wp-json\/wp\/v2\/posts\/8587\/revisions"}],"predecessor-version":[{"id":8590,"href":"https:\/\/marekkuchcinski.pl\/en\/wp-json\/wp\/v2\/posts\/8587\/revisions\/8590"}],"wp:featuredmedia":[{"embeddable":true,"href":"https:\/\/marekkuchcinski.pl\/en\/wp-json\/wp\/v2\/media\/8588"}],"wp:attachment":[{"href":"https:\/\/marekkuchcinski.pl\/en\/wp-json\/wp\/v2\/media?parent=8587"}],"wp:term":[{"taxonomy":"category","embeddable":true,"href":"https:\/\/marekkuchcinski.pl\/en\/wp-json\/wp\/v2\/categories?post=8587"},{"taxonomy":"post_tag","embeddable":true,"href":"https:\/\/marekkuchcinski.pl\/en\/wp-json\/wp\/v2\/tags?post=8587"}],"curies":[{"name":"wp","href":"https:\/\/api.w.org\/{rel}","templated":true}]}}