{"id":8439,"date":"2018-02-04T13:26:28","date_gmt":"2018-02-04T12:26:28","guid":{"rendered":"https:\/\/marekkuchcinski.pl\/?p=8439"},"modified":"2018-02-06T11:30:50","modified_gmt":"2018-02-06T10:30:50","slug":"narciarstwo-wysokogorskie-marszalkiem-sejmu","status":"publish","type":"post","link":"https:\/\/marekkuchcinski.pl\/en\/wydarzenia\/narciarstwo-wysokogorskie-marszalkiem-sejmu\/","title":{"rendered":"Alpine skiing with the Speaker of the Sejm"},"content":{"rendered":"<p dir=\"ltr\">For the second time in Wetlina and Ustrzyki G\u00f3rne the Olek Ostrowski Memorial in alpine skiing was organized.<\/p>\n<p dir=\"ltr\">The guest of honor was Marshal of the Sejm Marek Kuchcinski, who for years has been involved in supporting sports competitions, is a patron of the Podkarpackie ski league <a href=\"http:\/\/www.pozn.eu\/alpejskie\/154-podkarpacka-liga-dzieci-i-mlodziezy-w-narciarstwie-alpejskim-2017-2018\">http:\/\/www.pozn.eu\/alpejskie\/154-podkarpacka-liga-dzieci-i-mlodziezy-w-narciarstwie-alpejskim-2017-2018<\/a>\u00a0or Carpathian Cup competitions in alpine and cross-country skiing. He puts on skis himself whenever he gets the chance.<\/p>\n<p dir=\"ltr\"><a href=\"https:\/\/marekkuchcinski.pl\/wp-content\/uploads\/2018\/02\/List-marsza\u0142ka-Sejmu-do-uczestniko\u0301w-Memoria\u0142u-Olka-Ostrowskiego.pdf\">Letter from the Speaker of the Sejm to the participants in the Olek Ostrowski Memorial<\/a><\/p>\n<p dir=\"ltr\">Aleksander Ostrowski was a rescuer of Bieszczady GOPR, member of Mountaineering Club in Cracow and instructor of skiing PZN. He combined high-mountain climbing with ski touring, i.e. high-mountain skiing. As the first Pole, in 2014 he climbed and skied from the summit of Czo Oju in the Himalayas (8201 m) without using oxygen. He went missing on July 25, 2015 on the slope of Gasherbrum II (8035 m) when he and Piotr \u015anig\u00f3rski abandoned their attack on the summit and tried to ski back to base camp. On January 11 this year. Olek Ostrowski would have turned 30.<\/p>\n<p dir=\"ltr\"><a href=\"https:\/\/marekkuchcinski.pl\/wp-content\/uploads\/2018\/02\/mbieszcz.jpg\"><img fetchpriority=\"high\" decoding=\"async\" class=\"alignnone size-full wp-image-8448\" src=\"https:\/\/marekkuchcinski.pl\/wp-content\/uploads\/2018\/02\/mbieszcz.jpg\" alt=\"mbieszcz\" width=\"4032\" height=\"3024\" srcset=\"https:\/\/marekkuchcinski.pl\/wp-content\/uploads\/2018\/02\/mbieszcz.jpg 2048w, https:\/\/marekkuchcinski.pl\/wp-content\/uploads\/2018\/02\/mbieszcz-300x225.jpg 300w, https:\/\/marekkuchcinski.pl\/wp-content\/uploads\/2018\/02\/mbieszcz-768x576.jpg 768w, https:\/\/marekkuchcinski.pl\/wp-content\/uploads\/2018\/02\/mbieszcz-1024x768.jpg 1024w\" sizes=\"(max-width: 4032px) 100vw, 4032px\" \/><\/a><\/p>\n<p dir=\"ltr\"><em>Photo: Bieszczady: Under Szerokim Wierchem<\/em><\/p>\n<p dir=\"ltr\"><a href=\"https:\/\/marekkuchcinski.pl\/wp-content\/uploads\/2018\/02\/b1.jpg\"><img decoding=\"async\" class=\"alignnone size-full wp-image-8458\" src=\"https:\/\/marekkuchcinski.pl\/wp-content\/uploads\/2018\/02\/b1.jpg\" alt=\"b1\" width=\"1280\" height=\"666\" srcset=\"https:\/\/marekkuchcinski.pl\/wp-content\/uploads\/2018\/02\/b1.jpg 1280w, https:\/\/marekkuchcinski.pl\/wp-content\/uploads\/2018\/02\/b1-300x156.jpg 300w, https:\/\/marekkuchcinski.pl\/wp-content\/uploads\/2018\/02\/b1-768x400.jpg 768w, https:\/\/marekkuchcinski.pl\/wp-content\/uploads\/2018\/02\/b1-1024x533.jpg 1024w\" sizes=\"(max-width: 1280px) 100vw, 1280px\" \/><\/a> <a href=\"https:\/\/marekkuchcinski.pl\/wp-content\/uploads\/2018\/02\/b4.jpg\"><img decoding=\"async\" class=\"alignnone size-full wp-image-8461\" src=\"https:\/\/marekkuchcinski.pl\/wp-content\/uploads\/2018\/02\/b4.jpg\" alt=\"b4\" width=\"1280\" height=\"718\" srcset=\"https:\/\/marekkuchcinski.pl\/wp-content\/uploads\/2018\/02\/b4.jpg 1280w, https:\/\/marekkuchcinski.pl\/wp-content\/uploads\/2018\/02\/b4-300x168.jpg 300w, https:\/\/marekkuchcinski.pl\/wp-content\/uploads\/2018\/02\/b4-768x431.jpg 768w, https:\/\/marekkuchcinski.pl\/wp-content\/uploads\/2018\/02\/b4-1024x574.jpg 1024w\" sizes=\"(max-width: 1280px) 100vw, 1280px\" \/><\/a> <a href=\"https:\/\/marekkuchcinski.pl\/wp-content\/uploads\/2018\/02\/b5.jpg\"><img loading=\"lazy\" decoding=\"async\" class=\"alignnone size-full wp-image-8462\" src=\"https:\/\/marekkuchcinski.pl\/wp-content\/uploads\/2018\/02\/b5.jpg\" alt=\"b5\" width=\"1280\" height=\"718\" srcset=\"https:\/\/marekkuchcinski.pl\/wp-content\/uploads\/2018\/02\/b5.jpg 1280w, https:\/\/marekkuchcinski.pl\/wp-content\/uploads\/2018\/02\/b5-300x168.jpg 300w, https:\/\/marekkuchcinski.pl\/wp-content\/uploads\/2018\/02\/b5-768x431.jpg 768w, https:\/\/marekkuchcinski.pl\/wp-content\/uploads\/2018\/02\/b5-1024x574.jpg 1024w\" sizes=\"(max-width: 1280px) 100vw, 1280px\" \/><\/a><\/p>\n<p dir=\"ltr\"><em>\u00a0photo: archives of GOPR Bieszczady Group<\/em><\/p>","protected":false},"excerpt":{"rendered":"<p>Po raz drugi w Wetlinie i Ustrzykach G\u00f3rnych zorganizowano\u00a0Memoria\u0142 Olka Ostrowskiego w narciarstwie wysokog\u00f3rskim. Go\u015bciem honorowym by\u0142 marsza\u0142ek Sejmu Marek Kuchci\u0144ski, kt\u00f3ry od lat anga\u017cuje si\u0119 we wspieranie zawod\u00f3w sportowych, jest patronem podkarpackiej ligi narciarskiej http:\/\/www.pozn.eu\/alpejskie\/154-podkarpacka-liga-dzieci-i-mlodziezy-w-narciarstwie-alpejskim-2017-2018\u00a0czy zawod\u00f3w o Puchar Karpat w narciarstwie alpejskim i biegowym. Sam, kiedy tylko nadarzy si\u0119 okazja, wk\u0142ada narty. List marsza\u0142ka [&hellip;]<\/p>\n","protected":false},"author":6,"featured_media":8465,"comment_status":"open","ping_status":"open","sticky":false,"template":"","format":"standard","meta":{"ngg_post_thumbnail":0,"footnotes":""},"categories":[49,3],"tags":[],"class_list":["post-8439","post","type-post","status-publish","format-standard","has-post-thumbnail","hentry","category-podkarpacie","category-wydarzenia"],"_links":{"self":[{"href":"https:\/\/marekkuchcinski.pl\/en\/wp-json\/wp\/v2\/posts\/8439","targetHints":{"allow":["GET"]}}],"collection":[{"href":"https:\/\/marekkuchcinski.pl\/en\/wp-json\/wp\/v2\/posts"}],"about":[{"href":"https:\/\/marekkuchcinski.pl\/en\/wp-json\/wp\/v2\/types\/post"}],"author":[{"embeddable":true,"href":"https:\/\/marekkuchcinski.pl\/en\/wp-json\/wp\/v2\/users\/6"}],"replies":[{"embeddable":true,"href":"https:\/\/marekkuchcinski.pl\/en\/wp-json\/wp\/v2\/comments?post=8439"}],"version-history":[{"count":9,"href":"https:\/\/marekkuchcinski.pl\/en\/wp-json\/wp\/v2\/posts\/8439\/revisions"}],"predecessor-version":[{"id":8464,"href":"https:\/\/marekkuchcinski.pl\/en\/wp-json\/wp\/v2\/posts\/8439\/revisions\/8464"}],"wp:featuredmedia":[{"embeddable":true,"href":"https:\/\/marekkuchcinski.pl\/en\/wp-json\/wp\/v2\/media\/8465"}],"wp:attachment":[{"href":"https:\/\/marekkuchcinski.pl\/en\/wp-json\/wp\/v2\/media?parent=8439"}],"wp:term":[{"taxonomy":"category","embeddable":true,"href":"https:\/\/marekkuchcinski.pl\/en\/wp-json\/wp\/v2\/categories?post=8439"},{"taxonomy":"post_tag","embeddable":true,"href":"https:\/\/marekkuchcinski.pl\/en\/wp-json\/wp\/v2\/tags?post=8439"}],"curies":[{"name":"wp","href":"https:\/\/api.w.org\/{rel}","templated":true}]}}