{"id":821,"date":"2016-03-04T11:01:51","date_gmt":"2016-03-04T10:01:51","guid":{"rendered":"https:\/\/marekkuchcinski.pl\/via-carpatia-9-panstw-podpisalo-w-warszawie-deklaracje-dot-budowy-szlaku\/"},"modified":"2019-04-17T16:42:21","modified_gmt":"2019-04-17T14:42:21","slug":"via-carpatia-9-panstw-podpisalo-w-warszawie-deklaracje-dot-budowy-szlaku","status":"publish","type":"post","link":"https:\/\/marekkuchcinski.pl\/en\/wydarzenia\/via-carpatia-9-panstw-podpisalo-w-warszawie-deklaracje-dot-budowy-szlaku\/","title":{"rendered":"Via Carpatia - 8 countries signed a declaration in Warsaw on the construction of the route"},"content":{"rendered":"<p><img decoding=\"async\" class=\"alignleft size-full wp-image-816\" style=\"float: left;\" src=\"https:\/\/marekkuchcinski.pl\/wp-content\/uploads\/2016\/03\/przebiegviaCarpatia.jpg\" alt=\"przebiegviaCarpatia\" width=\"135\" height=\"120\" srcset=\"https:\/\/marekkuchcinski.pl\/wp-content\/uploads\/2016\/03\/przebiegviaCarpatia.jpg 624w, https:\/\/marekkuchcinski.pl\/wp-content\/uploads\/2016\/03\/przebiegviaCarpatia-300x266.jpg 300w\" sizes=\"(max-width: 135px) 100vw, 135px\" \/><\/p>\n<p>The Speaker of the Sejm Marek Kuchci\u0144ski took part in the international conference dedicated to the construction of the Via Carpatia route, where representatives of Greece, Hungary, Lithuania, Poland, Romania, Slovakia, Turkey and Ukraine signed a declaration on the construction of this road. The project is an important axis of transport development, but also cooperation at the level of science, business, agriculture and tourism development. Moreover, it has a chance to raise the standard of living in the poorest regions of Poland, especially revitalise its eastern voivodships and even out the differences between the old and the new Union.<\/p>\n<p><!--more--><\/p>\n<p>Ten years ago in Lancut, on the initiative of President Lech Kaczynski, Lithuania, Poland, Slovakia and Hungary signed an agreement to build Via Carpatia. However, work on the construction of this route was blocked by the previous government.<\/p>\n<p>- <span style=\"color: #000000;\"><strong>We are taking part in an unusual event, one could say generational and epoch-making. We are taking part in summing up the conference and signing a declaration of cooperation of 9 countries which undertake to build a great trans-European communication route Via Carpatia. Dreams are changing into actions - said the Speaker of the Sejm Marek Kuchci\u0144ski. - Let's implement Via Carpatia with its branches, so that the whole Europe along the Schengen borders would be enclosed by this great communication route. <\/strong><\/span>- <strong>he added.<\/strong><\/p>\n<p><em>text\/ photo M. Olejnik<\/em><\/p>\n\n\n<figure class=\"wp-block-image\"><img fetchpriority=\"high\" decoding=\"async\" width=\"738\" height=\"474\" src=\"https:\/\/marekkuchcinski.pl\/wp-content\/uploads\/2019\/04\/Mvia1-2.jpg\" alt=\"\" class=\"wp-image-14951\" srcset=\"https:\/\/marekkuchcinski.pl\/wp-content\/uploads\/2019\/04\/Mvia1-2.jpg 738w, https:\/\/marekkuchcinski.pl\/wp-content\/uploads\/2019\/04\/Mvia1-2-300x193.jpg 300w\" sizes=\"(max-width: 738px) 100vw, 738px\" \/><\/figure>\n\n\n\n<figure class=\"wp-block-image\"><img decoding=\"async\" width=\"798\" height=\"447\" src=\"https:\/\/marekkuchcinski.pl\/wp-content\/uploads\/2019\/04\/Mvia2-2.jpg\" alt=\"\" class=\"wp-image-14952\" srcset=\"https:\/\/marekkuchcinski.pl\/wp-content\/uploads\/2019\/04\/Mvia2-2.jpg 798w, https:\/\/marekkuchcinski.pl\/wp-content\/uploads\/2019\/04\/Mvia2-2-300x168.jpg 300w, https:\/\/marekkuchcinski.pl\/wp-content\/uploads\/2019\/04\/Mvia2-2-768x430.jpg 768w\" sizes=\"(max-width: 798px) 100vw, 798px\" \/><\/figure>","protected":false},"excerpt":{"rendered":"<p>Marsza\u0142ek Sejmu Marek Kuchci\u0144ski wzi\u0105\u0142 udzia\u0142 w mi\u0119dzynarodowej konferencji po\u015bwi\u0119conej budowie szlaku &nbsp;Via Carpatia, na kt\u00f3rej przedstawiciele Grecji, W\u0119gier, Litwy, Polski, Rumunii, S\u0142owacji, Turcji, Ukrainy podpisali deklaracj\u0119 o budowie tej drogi. Projekt jest wa\u017cn\u0105 osi\u0105 rozwoju komunikacyjnego, ale tak\u017ce wsp\u00f3\u0142pracy na poziomie naukowym, biznesowym, rozwoju rolnictwa czy turystyki. Ponadto ma szanse podnie\u015b\u0107 poziom \u017cycia w [&hellip;]<\/p>\n","protected":false},"author":6,"featured_media":14951,"comment_status":"open","ping_status":"open","sticky":false,"template":"","format":"standard","meta":{"ngg_post_thumbnail":0,"footnotes":""},"categories":[3],"tags":[],"class_list":["post-821","post","type-post","status-publish","format-standard","has-post-thumbnail","hentry","category-wydarzenia"],"_links":{"self":[{"href":"https:\/\/marekkuchcinski.pl\/en\/wp-json\/wp\/v2\/posts\/821","targetHints":{"allow":["GET"]}}],"collection":[{"href":"https:\/\/marekkuchcinski.pl\/en\/wp-json\/wp\/v2\/posts"}],"about":[{"href":"https:\/\/marekkuchcinski.pl\/en\/wp-json\/wp\/v2\/types\/post"}],"author":[{"embeddable":true,"href":"https:\/\/marekkuchcinski.pl\/en\/wp-json\/wp\/v2\/users\/6"}],"replies":[{"embeddable":true,"href":"https:\/\/marekkuchcinski.pl\/en\/wp-json\/wp\/v2\/comments?post=821"}],"version-history":[{"count":4,"href":"https:\/\/marekkuchcinski.pl\/en\/wp-json\/wp\/v2\/posts\/821\/revisions"}],"predecessor-version":[{"id":14955,"href":"https:\/\/marekkuchcinski.pl\/en\/wp-json\/wp\/v2\/posts\/821\/revisions\/14955"}],"wp:featuredmedia":[{"embeddable":true,"href":"https:\/\/marekkuchcinski.pl\/en\/wp-json\/wp\/v2\/media\/14951"}],"wp:attachment":[{"href":"https:\/\/marekkuchcinski.pl\/en\/wp-json\/wp\/v2\/media?parent=821"}],"wp:term":[{"taxonomy":"category","embeddable":true,"href":"https:\/\/marekkuchcinski.pl\/en\/wp-json\/wp\/v2\/categories?post=821"},{"taxonomy":"post_tag","embeddable":true,"href":"https:\/\/marekkuchcinski.pl\/en\/wp-json\/wp\/v2\/tags?post=821"}],"curies":[{"name":"wp","href":"https:\/\/api.w.org\/{rel}","templated":true}]}}